{"id":7308,"date":"2025-11-17T09:39:00","date_gmt":"2025-11-17T12:39:00","guid":{"rendered":"https:\/\/www.encontravitoria.com.br\/guia\/vitoria-inova-e-obras-da-nova-unidade-de-saude-e-cras-grande-vitoria-estao-70-concluidas\/"},"modified":"2025-11-17T09:39:00","modified_gmt":"2025-11-17T12:39:00","slug":"vitoria-inova-e-obras-da-nova-unidade-de-saude-e-cras-grande-vitoria-estao-70-concluidas","status":"publish","type":"post","link":"https:\/\/www.encontravitoria.com.br\/guia\/vitoria-inova-e-obras-da-nova-unidade-de-saude-e-cras-grande-vitoria-estao-70-concluidas\/","title":{"rendered":"Vit\u00f3ria inova e obras da nova Unidade de Sa\u00fade e Cras Grande Vit\u00f3ria est\u00e3o 70% conclu\u00eddas"},"content":{"rendered":"<h2>Obras que Transformam o Bairro<\/h2>\n<p>A nova Unidade de Sa\u00fade e o Centro de Refer\u00eancia da Assist\u00eancia Social (Cras) Grande Vit\u00f3ria est\u00e3o impactando diretamente a comunidade local, trazendo melhorias n\u00e3o apenas na sa\u00fade, mas tamb\u00e9m na qualidade de vida de seus moradores. O projeto, que est\u00e1 com 70% de conclus\u00e3o, simboliza um marco no desenvolvimento do bairro e reflete os esfor\u00e7os da Prefeitura de Vit\u00f3ria em integrar servi\u00e7os de sa\u00fade e assist\u00eancia social em uma \u00fanica estrutura. O local da constru\u00e7\u00e3o, na rodovia Serafim Derenzi, no bairro Estrelinha, foi escolhido estrategicamente para atender a uma demanda crescente da popula\u00e7\u00e3o.<\/p>\n<p>Com a nova estrutura, a Unidade de Sa\u00fade e o Cras se encontram pr\u00f3ximos um do outro, facilitando o acesso e promovendo uma abordagem mais hol\u00edstica no atendimento \u00e0 sa\u00fade e assist\u00eancia social. Este modelo \u00e9 inovador e visa oferecer um atendimento sincronizado, que atenda \u00e0s diferentes necessidades da popula\u00e7\u00e3o, em um \u00fanico espa\u00e7o. Essa integra\u00e7\u00e3o \u00e9 fundamental, pois permite que os cidad\u00e3os encontrem solu\u00e7\u00f5es para seus problemas de sa\u00fade e sociais sem a necessidade de longos deslocamentos, ampliando assim o acesso \u00e0 assist\u00eancia necess\u00e1ria.<\/p>\n<h2>Modelo Pioneiro no Esp\u00edrito Santo<\/h2>\n<p>O projeto da nova Unidade de Sa\u00fade de Grande Vit\u00f3ria \u00e9 considerado um modelo inovador no Esp\u00edrito Santo. Trata-se de uma abordagem in\u00e9dita, onde a integra\u00e7\u00e3o entre sa\u00fade e assist\u00eancia social \u00e9 realizada em um \u00fanico espa\u00e7o, permitindo que diversas necessidades da comunidade sejam atendidas simultaneamente. Este modelo foi desenvolvido a partir de um diagn\u00f3stico das demandas locais, enfatizando a participa\u00e7\u00e3o da popula\u00e7\u00e3o na elabora\u00e7\u00e3o das solu\u00e7\u00f5es para seus problemas.<\/p>\n<p><img decoding=\"async\" src=\"https:\/\/www.encontravitoria.com.br\/guia\/wp-content\/uploads\/2025\/11\/vitoria-inova-e-obras-da-nova-unidade-de-saude-e-cras-grande-vitoria-estao-70-concluidas.webp\" alt=\"Unidade de Sa\u00fade Grande Vit\u00f3ria\" loading=\"lazy\" \/><\/p>\n<p>O prefeito de Vit\u00f3ria, Lorenzo Pazolini, destacou em diversas ocasi\u00f5es a import\u00e2ncia desse modelo, que tem como objetivo facilitar a vida dos moradores. O munic\u00edpio se comprometeu em n\u00e3o apenas construir um pr\u00e9dio f\u00edsico, mas sim em criar um ambiente acolhedor que reflita a necessidade de uma gest\u00e3o integrada. Isso demonstra um avan\u00e7o significativo nas pol\u00edticas p\u00fablicas de sa\u00fade e assist\u00eancia social, promovendo um atendimento mais humano e eficiente.<\/p>\n<h2>Investimentos e Parcerias em Sa\u00fade<\/h2>\n<p>A nova unidade representa um investimento significativo de R$ 13,5 milh\u00f5es, valor viabilizado atrav\u00e9s de conv\u00eanios com o Banco Interamericano de Desenvolvimento (BID). Este tipo de investimento n\u00e3o s\u00f3 melhora a infraestrutura de sa\u00fade da cidade, como tamb\u00e9m atrai aten\u00e7\u00e3o e recursos de outras esferas de governo e institui\u00e7\u00f5es de financiamento internacional. A parceria com o BID \u00e9 um indicativo de confian\u00e7a na gest\u00e3o municipal e compromisso com a melhoria das condi\u00e7\u00f5es de sa\u00fade p\u00fablica em Vit\u00f3ria.<\/p>\n<p>Os recursos s\u00e3o destinados \u00e0 constru\u00e7\u00e3o de um espa\u00e7o que atender\u00e1 aproximadamente 13 mil moradores dos bairros vizinhos, como Estrelinha, Grande Vit\u00f3ria, Inhanguet\u00e1 e Universit\u00e1rio. Essa expans\u00e3o \u00e9 uma resposta direta ao aumento da demanda dos servi\u00e7os de sa\u00fade na regi\u00e3o, que passou de 7 mil para 13 mil usu\u00e1rios cadastrados, evidenciando a necessidade de infraestrutura adequada para atender a essa popula\u00e7\u00e3o crescente.<\/p>\n<h2>Caracter\u00edsticas da Nova Unidade de Sa\u00fade<\/h2>\n<p>A nova Unidade de Sa\u00fade Grande Vit\u00f3ria ter\u00e1 uma \u00e1rea total de 1.550 m\u00b2, com 14 consult\u00f3rios, quatro cadeiras odontol\u00f3gicas, uma sala para imuniza\u00e7\u00e3o, al\u00e9m de espa\u00e7os para curativos, medica\u00e7\u00e3o e nebuliza\u00e7\u00e3o. Essas caracter\u00edsticas s\u00e3o fundamentais para otimizar o atendimento e ampliar a gama de servi\u00e7os oferecidos. O espa\u00e7o se equipara aos padr\u00f5es modernos, oferecendo n\u00e3o apenas um local de atendimento, mas um ambiente que respira sa\u00fade e bem-estar para os cidad\u00e3os.<\/p>\n<p>Outra caracter\u00edstica importante \u00e9 a presen\u00e7a de um audit\u00f3rio com capacidade para 70 pessoas, que ser\u00e1 utilizado para a promo\u00e7\u00e3o de campanhas de sa\u00fade, encontros comunit\u00e1rios e treinamentos para profissionais. A inclus\u00e3o dessa estrutura destaca a inten\u00e7\u00e3o de promover n\u00e3o s\u00f3 tratamentos, mas tamb\u00e9m a educa\u00e7\u00e3o em sa\u00fade, permitindo que a comunidade participe ativamente das discuss\u00f5es sobre seu pr\u00f3prio bem-estar.<\/p>\n<h2>Integra\u00e7\u00e3o entre Sa\u00fade e Assist\u00eancia Social<\/h2>\n<p>A integra\u00e7\u00e3o dos servi\u00e7os de sa\u00fade e assist\u00eancia social na nova estrutura significa que os habitantes ter\u00e3o um ponto \u00fanico para resolver quest\u00f5es relacionadas tanto \u00e0 sa\u00fade f\u00edsica quanto \u00e0 assist\u00eancia social. Essa abordagem \u00e9 crucial, pois muitos problemas sociais est\u00e3o diretamente relacionados \u00e0 sa\u00fade, como a pobreza, a falta de informa\u00e7\u00e3o e os problemas de acesso a servi\u00e7os b\u00e1sicos.<\/p>\n<p>O Cras, que ocupar\u00e1 uma \u00e1rea de 560 m\u00b2, oferecer\u00e1 servi\u00e7os voltados para a prote\u00e7\u00e3o social b\u00e1sica, e integrar\u00e1 as a\u00e7\u00f5es de sa\u00fade com programas de assist\u00eancia social, dando assim suporte a fam\u00edlias em situa\u00e7\u00e3o de vulnerabilidade. Esse tipo de apoio \u00e9 fundamental para fortalecer os v\u00ednculos familiares e comunit\u00e1rios, promovendo a conviv\u00eancia e o desenvolvimento social.<\/p>\n<h2>Impacto na Comunidade Local<\/h2>\n<p>A nova unidade de sa\u00fade est\u00e1 prestes a transformar a din\u00e2mica do atendimento em sa\u00fade na regi\u00e3o. A expectativa \u00e9 que, com a entrega da obra, aproximadamente 13 mil pessoas sejam beneficiadas diretamente, reduzindo filas, melhorando o tempo de espera e aumentando a capacidade de atendimento nas especialidades. O impacto n\u00e3o s\u00f3 ser\u00e1 vis\u00edvel em n\u00fameros, mas tamb\u00e9m nas rela\u00e7\u00f5es entre a popula\u00e7\u00e3o e os servi\u00e7os p\u00fablicos. Com instala\u00e7\u00f5es adequadas, os cidad\u00e3os se sentir\u00e3o mais confort\u00e1veis e confiantes ao procurar atendimento m\u00e9dico e social.<\/p>\n<p>Al\u00e9m do impacto imediato na sa\u00fade, a nova estrutura tamb\u00e9m promover\u00e1 um efeito multiplicador. O fortalecimento da presta\u00e7\u00e3o de servi\u00e7os de sa\u00fade e assist\u00eancia social pode resultar em uma comunidade mais saud\u00e1vel, menos vulner\u00e1vel e, consequentemente, reduzir as desigualdades sociais. Espera-se que a nova unidade ajude a construir um ambiente em que a sa\u00fade e o bem-estar sejam prioridade para todos os moradores.<\/p>\n<h2>Promo\u00e7\u00e3o da Acessibilidade e Sustentabilidade<\/h2>\n<p>A nova Unidade de Sa\u00fade Grande Vit\u00f3ria foi planejada com foco na acessibilidade, com banheiros adaptados em todos os pavimentos, piso t\u00e1til e elevadores. Essas caracter\u00edsticas s\u00e3o fundamentais para garantir que a popula\u00e7\u00e3o, incluindo pessoas com defici\u00eancia e mobilidade reduzida, possa acessar os servi\u00e7os de forma digna e respeitosa. A inclus\u00e3o desses recursos tamb\u00e9m demonstra o compromisso da Prefeitura em atender a todas as esferas da sociedade, promovendo uma sa\u00fade p\u00fablica inclusiva.<\/p>\n<p>Em termos de sustentabilidade, as novas instala\u00e7\u00f5es seguir\u00e3o pr\u00e1ticas modernas com a utiliza\u00e7\u00e3o de ilumina\u00e7\u00e3o em LED, sistema de energia solar e capta\u00e7\u00e3o de \u00e1gua da chuva. Essas solu\u00e7\u00f5es sustent\u00e1veis n\u00e3o s\u00f3 geram economia, mas tamb\u00e9m ajudam a proteger o meio ambiente, mostrando que o munic\u00edpio se preocupa com a import\u00e2ncia de integrar sa\u00fade e cuidado ambiental.<\/p>\n<h2>Moderniza\u00e7\u00e3o dos Servi\u00e7os P\u00fablicos<\/h2>\n<p>A constru\u00e7\u00e3o da nova Unidade de Sa\u00fade e do Cras representa um avan\u00e7o not\u00e1vel na moderniza\u00e7\u00e3o dos servi\u00e7os p\u00fablicos na cidade. O projeto incorpora direitos e deveres da administra\u00e7\u00e3o p\u00fablica, refor\u00e7ando o alcance das pol\u00edticas p\u00fablicas que buscam atender \u00e0s demandas da popula\u00e7\u00e3o com qualidade. Essa moderniza\u00e7\u00e3o significa tamb\u00e9m a utiliza\u00e7\u00e3o de novas tecnologias e gest\u00e3o eficiente, capazes de facilitar o dia a dia dos profissionais de sa\u00fade e, por consequ\u00eancia, melhorar a experi\u00eancia dos usu\u00e1rios.<\/p>\n<p>Al\u00e9m de oferecer novos servi\u00e7os, a nova unidade ter\u00e1 um papel fundamental na moderniza\u00e7\u00e3o do fluxo de trabalho dos servi\u00e7os p\u00fablicos. Com a constru\u00e7\u00e3o de uma edifica\u00e7\u00e3o pensada para atender as demandas da popula\u00e7\u00e3o, espera-se que surjam novas oportunidades de capacita\u00e7\u00e3o e inova\u00e7\u00e3o nos servi\u00e7os oferecidos, possibilitando um patamar elevado na qualidade do atendimento.<\/p>\n<h2>Depoimentos da Comunidade<\/h2>\n<p>Os moradores da regi\u00e3o est\u00e3o otimistas e ansiosos pela conclus\u00e3o das obras. Robertina Nogueira, uma l\u00edder comunit\u00e1ria local, compartilhou a emo\u00e7\u00e3o da comunidade: &#8220;\u00c9 uma conquista de muitos anos. Antes, trabalh\u00e1vamos em um espa\u00e7o pequeno e sem adapta\u00e7\u00f5es. Agora, teremos um local digno e adequado para acolher e atender as fam\u00edlias. Essa conquista \u00e9 um reflexo do esfor\u00e7o conjunto de todos n\u00f3s&#8221;.<\/p>\n<p>Outra l\u00edder, Drica Monteiro, enfatizou as mudan\u00e7as que a nova unidade trar\u00e1: &#8220;Com essa nova estrutura, esperamos n\u00e3o apenas melhorar os atendimentos em sa\u00fade, mas tamb\u00e9m na assist\u00eancia social. \u00c9 uma luta antiga da comunidade e estamos muito felizes em ver esse sonho se tornando realidade&#8221;.<\/p>\n<h2>Compromisso com a Inova\u00e7\u00e3o e Qualidade na Sa\u00fade<\/h2>\n<p>Com a nova Unidade de Sa\u00fade Grande Vit\u00f3ria, a Prefeitura de Vit\u00f3ria reafirma seu compromisso em oferecer um servi\u00e7o de sa\u00fade de qualidade e humanizado para seus cidad\u00e3os. A jun\u00e7\u00e3o de servi\u00e7os em um \u00fanico local \u00e9 uma estrat\u00e9gia inovadora que visa facilitar a vida da popula\u00e7\u00e3o e fomentar a sa\u00fade integral, atendendo desde doen\u00e7as comuns at\u00e9 demandas sociais mais complexas.<\/p>\n<p>O prefeito Lorenzo Pazolini ressalta a import\u00e2ncia dessa obra, afirmando: &#8220;Esta \u00e9 uma resposta a 25 anos de demandas da comunidade. Um projeto que une sa\u00fade e assist\u00eancia social ao proporcionar um atendimento digno e qualificado. \u00c9 exemplo de como as expectativas da popula\u00e7\u00e3o est\u00e3o sendo devidamente atendidas e respeitadas&#8221;.<\/p>\n","protected":false},"excerpt":{"rendered":"<p>Entenda como a nova Unidade de Sa\u00fade e CRAS em Vit\u00f3ria melhorar\u00e1 os atendimentos.<\/p>\n","protected":false},"author":1,"featured_media":7307,"comment_status":"open","ping_status":"open","sticky":false,"template":"","format":"standard","meta":{"footnotes":""},"categories":[5],"tags":[],"class_list":["post-7308","post","type-post","status-publish","format-standard","has-post-thumbnail","hentry","category-noticias","has_thumb"],"yoast_head":"<!-- This site is optimized with the Yoast SEO plugin v27.9 - https:\/\/yoast.com\/product\/yoast-seo-wordpress\/ -->\n<title>Vit\u00f3ria inova e obras da nova Unidade de Sa\u00fade e Cras Grande Vit\u00f3ria est\u00e3o 70% conclu\u00eddas | Guia Comercial de Vit\u00f3ria ES<\/title>\n<meta name=\"robots\" content=\"index, follow, max-snippet:-1, max-image-preview:large, max-video-preview:-1\" \/>\n<link rel=\"canonical\" href=\"https:\/\/www.encontravitoria.com.br\/guia\/vitoria-inova-e-obras-da-nova-unidade-de-saude-e-cras-grande-vitoria-estao-70-concluidas\/\" \/>\n<meta property=\"og:locale\" content=\"pt_BR\" \/>\n<meta property=\"og:type\" content=\"article\" \/>\n<meta property=\"og:title\" content=\"Vit\u00f3ria inova e obras da nova Unidade de Sa\u00fade e Cras Grande Vit\u00f3ria est\u00e3o 70% conclu\u00eddas | Guia Comercial de Vit\u00f3ria ES\" \/>\n<meta property=\"og:description\" content=\"Entenda como a nova Unidade de Sa\u00fade e CRAS em Vit\u00f3ria melhorar\u00e1 os atendimentos.\" \/>\n<meta property=\"og:url\" content=\"https:\/\/www.encontravitoria.com.br\/guia\/vitoria-inova-e-obras-da-nova-unidade-de-saude-e-cras-grande-vitoria-estao-70-concluidas\/\" \/>\n<meta property=\"og:site_name\" content=\"Guia Comercial de Vit\u00f3ria ES\" \/>\n<meta property=\"article:published_time\" content=\"2025-11-17T12:39:00+00:00\" \/>\n<meta property=\"og:image\" content=\"https:\/\/www.encontravitoria.com.br\/guia\/wp-content\/uploads\/2025\/11\/vitoria-inova-e-obras-da-nova-unidade-de-saude-e-cras-grande-vitoria-estao-70-concluidas.webp\" \/>\n<meta name=\"author\" content=\"Encontra Vit\u00f3ria\" \/>\n<meta name=\"twitter:card\" content=\"summary_large_image\" \/>\n<meta name=\"twitter:label1\" content=\"Escrito por\" \/>\n\t<meta name=\"twitter:data1\" content=\"Encontra Vit\u00f3ria\" \/>\n\t<meta name=\"twitter:label2\" content=\"Est. tempo de leitura\" \/>\n\t<meta name=\"twitter:data2\" content=\"8 minutos\" \/>\n<script type=\"application\/ld+json\" class=\"yoast-schema-graph\">{\"@context\":\"https:\\\/\\\/schema.org\",\"@graph\":[{\"@type\":\"Article\",\"@id\":\"https:\\\/\\\/www.encontravitoria.com.br\\\/guia\\\/vitoria-inova-e-obras-da-nova-unidade-de-saude-e-cras-grande-vitoria-estao-70-concluidas\\\/#article\",\"isPartOf\":{\"@id\":\"https:\\\/\\\/www.encontravitoria.com.br\\\/guia\\\/vitoria-inova-e-obras-da-nova-unidade-de-saude-e-cras-grande-vitoria-estao-70-concluidas\\\/\"},\"author\":{\"name\":\"Encontra Vit\u00f3ria\",\"@id\":\"https:\\\/\\\/www.encontravitoria.com.br\\\/guia\\\/#\\\/schema\\\/person\\\/e5c86e2a8d5a2a0333f0c44792c74c65\"},\"headline\":\"Vit\u00f3ria inova e obras da nova Unidade de Sa\u00fade e Cras Grande Vit\u00f3ria est\u00e3o 70% conclu\u00eddas\",\"datePublished\":\"2025-11-17T12:39:00+00:00\",\"mainEntityOfPage\":{\"@id\":\"https:\\\/\\\/www.encontravitoria.com.br\\\/guia\\\/vitoria-inova-e-obras-da-nova-unidade-de-saude-e-cras-grande-vitoria-estao-70-concluidas\\\/\"},\"wordCount\":1638,\"commentCount\":0,\"image\":{\"@id\":\"https:\\\/\\\/www.encontravitoria.com.br\\\/guia\\\/vitoria-inova-e-obras-da-nova-unidade-de-saude-e-cras-grande-vitoria-estao-70-concluidas\\\/#primaryimage\"},\"thumbnailUrl\":\"https:\\\/\\\/www.encontravitoria.com.br\\\/guia\\\/wp-content\\\/uploads\\\/2025\\\/11\\\/vitoria-inova-e-obras-da-nova-unidade-de-saude-e-cras-grande-vitoria-estao-70-concluidas.webp\",\"articleSection\":[\"Not\u00edcias Vit\u00f3ria\"],\"inLanguage\":\"pt-BR\",\"potentialAction\":[{\"@type\":\"CommentAction\",\"name\":\"Comment\",\"target\":[\"https:\\\/\\\/www.encontravitoria.com.br\\\/guia\\\/vitoria-inova-e-obras-da-nova-unidade-de-saude-e-cras-grande-vitoria-estao-70-concluidas\\\/#respond\"]}]},{\"@type\":\"WebPage\",\"@id\":\"https:\\\/\\\/www.encontravitoria.com.br\\\/guia\\\/vitoria-inova-e-obras-da-nova-unidade-de-saude-e-cras-grande-vitoria-estao-70-concluidas\\\/\",\"url\":\"https:\\\/\\\/www.encontravitoria.com.br\\\/guia\\\/vitoria-inova-e-obras-da-nova-unidade-de-saude-e-cras-grande-vitoria-estao-70-concluidas\\\/\",\"name\":\"Vit\u00f3ria inova e obras da nova Unidade de Sa\u00fade e Cras Grande Vit\u00f3ria est\u00e3o 70% conclu\u00eddas | Guia Comercial de Vit\u00f3ria ES\",\"isPartOf\":{\"@id\":\"https:\\\/\\\/www.encontravitoria.com.br\\\/guia\\\/#website\"},\"primaryImageOfPage\":{\"@id\":\"https:\\\/\\\/www.encontravitoria.com.br\\\/guia\\\/vitoria-inova-e-obras-da-nova-unidade-de-saude-e-cras-grande-vitoria-estao-70-concluidas\\\/#primaryimage\"},\"image\":{\"@id\":\"https:\\\/\\\/www.encontravitoria.com.br\\\/guia\\\/vitoria-inova-e-obras-da-nova-unidade-de-saude-e-cras-grande-vitoria-estao-70-concluidas\\\/#primaryimage\"},\"thumbnailUrl\":\"https:\\\/\\\/www.encontravitoria.com.br\\\/guia\\\/wp-content\\\/uploads\\\/2025\\\/11\\\/vitoria-inova-e-obras-da-nova-unidade-de-saude-e-cras-grande-vitoria-estao-70-concluidas.webp\",\"datePublished\":\"2025-11-17T12:39:00+00:00\",\"author\":{\"@id\":\"https:\\\/\\\/www.encontravitoria.com.br\\\/guia\\\/#\\\/schema\\\/person\\\/e5c86e2a8d5a2a0333f0c44792c74c65\"},\"inLanguage\":\"pt-BR\",\"potentialAction\":[{\"@type\":\"ReadAction\",\"target\":[\"https:\\\/\\\/www.encontravitoria.com.br\\\/guia\\\/vitoria-inova-e-obras-da-nova-unidade-de-saude-e-cras-grande-vitoria-estao-70-concluidas\\\/\"]}]},{\"@type\":\"ImageObject\",\"inLanguage\":\"pt-BR\",\"@id\":\"https:\\\/\\\/www.encontravitoria.com.br\\\/guia\\\/vitoria-inova-e-obras-da-nova-unidade-de-saude-e-cras-grande-vitoria-estao-70-concluidas\\\/#primaryimage\",\"url\":\"https:\\\/\\\/www.encontravitoria.com.br\\\/guia\\\/wp-content\\\/uploads\\\/2025\\\/11\\\/vitoria-inova-e-obras-da-nova-unidade-de-saude-e-cras-grande-vitoria-estao-70-concluidas.webp\",\"contentUrl\":\"https:\\\/\\\/www.encontravitoria.com.br\\\/guia\\\/wp-content\\\/uploads\\\/2025\\\/11\\\/vitoria-inova-e-obras-da-nova-unidade-de-saude-e-cras-grande-vitoria-estao-70-concluidas.webp\",\"width\":320,\"height\":280,\"caption\":\"Unidade de Sa\u00fade Grande Vit\u00f3ria\"},{\"@type\":\"WebSite\",\"@id\":\"https:\\\/\\\/www.encontravitoria.com.br\\\/guia\\\/#website\",\"url\":\"https:\\\/\\\/www.encontravitoria.com.br\\\/guia\\\/\",\"name\":\"Guia Comercial de Vit\u00f3ria ES\",\"description\":\"ENCONTRA VIT\u00d3RIA - O guia comercial de neg\u00f3cios e empresas, cultura e divers\u00e3o na cidade de Vit\u00f3ria. Feito 100% para voc\u00ea morador!\",\"potentialAction\":[{\"@type\":\"SearchAction\",\"target\":{\"@type\":\"EntryPoint\",\"urlTemplate\":\"https:\\\/\\\/www.encontravitoria.com.br\\\/guia\\\/?s={search_term_string}\"},\"query-input\":{\"@type\":\"PropertyValueSpecification\",\"valueRequired\":true,\"valueName\":\"search_term_string\"}}],\"inLanguage\":\"pt-BR\"},{\"@type\":\"Person\",\"@id\":\"https:\\\/\\\/www.encontravitoria.com.br\\\/guia\\\/#\\\/schema\\\/person\\\/e5c86e2a8d5a2a0333f0c44792c74c65\",\"name\":\"Encontra Vit\u00f3ria\",\"image\":{\"@type\":\"ImageObject\",\"inLanguage\":\"pt-BR\",\"@id\":\"https:\\\/\\\/secure.gravatar.com\\\/avatar\\\/c50c17820bcf322f0a8fd6b110b8c0918141409dc69076470f6fca5fee70a5d4?s=96&d=mm&r=g\",\"url\":\"https:\\\/\\\/secure.gravatar.com\\\/avatar\\\/c50c17820bcf322f0a8fd6b110b8c0918141409dc69076470f6fca5fee70a5d4?s=96&d=mm&r=g\",\"contentUrl\":\"https:\\\/\\\/secure.gravatar.com\\\/avatar\\\/c50c17820bcf322f0a8fd6b110b8c0918141409dc69076470f6fca5fee70a5d4?s=96&d=mm&r=g\",\"caption\":\"Encontra Vit\u00f3ria\"},\"url\":\"https:\\\/\\\/www.encontravitoria.com.br\\\/guia\\\/author\\\/encontravitoria\\\/\"}]}<\/script>\n<!-- \/ Yoast SEO plugin. -->","yoast_head_json":{"title":"Vit\u00f3ria inova e obras da nova Unidade de Sa\u00fade e Cras Grande Vit\u00f3ria est\u00e3o 70% conclu\u00eddas | Guia Comercial de Vit\u00f3ria ES","robots":{"index":"index","follow":"follow","max-snippet":"max-snippet:-1","max-image-preview":"max-image-preview:large","max-video-preview":"max-video-preview:-1"},"canonical":"https:\/\/www.encontravitoria.com.br\/guia\/vitoria-inova-e-obras-da-nova-unidade-de-saude-e-cras-grande-vitoria-estao-70-concluidas\/","og_locale":"pt_BR","og_type":"article","og_title":"Vit\u00f3ria inova e obras da nova Unidade de Sa\u00fade e Cras Grande Vit\u00f3ria est\u00e3o 70% conclu\u00eddas | Guia Comercial de Vit\u00f3ria ES","og_description":"Entenda como a nova Unidade de Sa\u00fade e CRAS em Vit\u00f3ria melhorar\u00e1 os atendimentos.","og_url":"https:\/\/www.encontravitoria.com.br\/guia\/vitoria-inova-e-obras-da-nova-unidade-de-saude-e-cras-grande-vitoria-estao-70-concluidas\/","og_site_name":"Guia Comercial de Vit\u00f3ria ES","article_published_time":"2025-11-17T12:39:00+00:00","og_image":[{"url":"https:\/\/www.encontravitoria.com.br\/guia\/wp-content\/uploads\/2025\/11\/vitoria-inova-e-obras-da-nova-unidade-de-saude-e-cras-grande-vitoria-estao-70-concluidas.webp","type":"","width":"","height":""}],"author":"Encontra Vit\u00f3ria","twitter_card":"summary_large_image","twitter_misc":{"Escrito por":"Encontra Vit\u00f3ria","Est. tempo de leitura":"8 minutos"},"schema":{"@context":"https:\/\/schema.org","@graph":[{"@type":"Article","@id":"https:\/\/www.encontravitoria.com.br\/guia\/vitoria-inova-e-obras-da-nova-unidade-de-saude-e-cras-grande-vitoria-estao-70-concluidas\/#article","isPartOf":{"@id":"https:\/\/www.encontravitoria.com.br\/guia\/vitoria-inova-e-obras-da-nova-unidade-de-saude-e-cras-grande-vitoria-estao-70-concluidas\/"},"author":{"name":"Encontra Vit\u00f3ria","@id":"https:\/\/www.encontravitoria.com.br\/guia\/#\/schema\/person\/e5c86e2a8d5a2a0333f0c44792c74c65"},"headline":"Vit\u00f3ria inova e obras da nova Unidade de Sa\u00fade e Cras Grande Vit\u00f3ria est\u00e3o 70% conclu\u00eddas","datePublished":"2025-11-17T12:39:00+00:00","mainEntityOfPage":{"@id":"https:\/\/www.encontravitoria.com.br\/guia\/vitoria-inova-e-obras-da-nova-unidade-de-saude-e-cras-grande-vitoria-estao-70-concluidas\/"},"wordCount":1638,"commentCount":0,"image":{"@id":"https:\/\/www.encontravitoria.com.br\/guia\/vitoria-inova-e-obras-da-nova-unidade-de-saude-e-cras-grande-vitoria-estao-70-concluidas\/#primaryimage"},"thumbnailUrl":"https:\/\/www.encontravitoria.com.br\/guia\/wp-content\/uploads\/2025\/11\/vitoria-inova-e-obras-da-nova-unidade-de-saude-e-cras-grande-vitoria-estao-70-concluidas.webp","articleSection":["Not\u00edcias Vit\u00f3ria"],"inLanguage":"pt-BR","potentialAction":[{"@type":"CommentAction","name":"Comment","target":["https:\/\/www.encontravitoria.com.br\/guia\/vitoria-inova-e-obras-da-nova-unidade-de-saude-e-cras-grande-vitoria-estao-70-concluidas\/#respond"]}]},{"@type":"WebPage","@id":"https:\/\/www.encontravitoria.com.br\/guia\/vitoria-inova-e-obras-da-nova-unidade-de-saude-e-cras-grande-vitoria-estao-70-concluidas\/","url":"https:\/\/www.encontravitoria.com.br\/guia\/vitoria-inova-e-obras-da-nova-unidade-de-saude-e-cras-grande-vitoria-estao-70-concluidas\/","name":"Vit\u00f3ria inova e obras da nova Unidade de Sa\u00fade e Cras Grande Vit\u00f3ria est\u00e3o 70% conclu\u00eddas | Guia Comercial de Vit\u00f3ria ES","isPartOf":{"@id":"https:\/\/www.encontravitoria.com.br\/guia\/#website"},"primaryImageOfPage":{"@id":"https:\/\/www.encontravitoria.com.br\/guia\/vitoria-inova-e-obras-da-nova-unidade-de-saude-e-cras-grande-vitoria-estao-70-concluidas\/#primaryimage"},"image":{"@id":"https:\/\/www.encontravitoria.com.br\/guia\/vitoria-inova-e-obras-da-nova-unidade-de-saude-e-cras-grande-vitoria-estao-70-concluidas\/#primaryimage"},"thumbnailUrl":"https:\/\/www.encontravitoria.com.br\/guia\/wp-content\/uploads\/2025\/11\/vitoria-inova-e-obras-da-nova-unidade-de-saude-e-cras-grande-vitoria-estao-70-concluidas.webp","datePublished":"2025-11-17T12:39:00+00:00","author":{"@id":"https:\/\/www.encontravitoria.com.br\/guia\/#\/schema\/person\/e5c86e2a8d5a2a0333f0c44792c74c65"},"inLanguage":"pt-BR","potentialAction":[{"@type":"ReadAction","target":["https:\/\/www.encontravitoria.com.br\/guia\/vitoria-inova-e-obras-da-nova-unidade-de-saude-e-cras-grande-vitoria-estao-70-concluidas\/"]}]},{"@type":"ImageObject","inLanguage":"pt-BR","@id":"https:\/\/www.encontravitoria.com.br\/guia\/vitoria-inova-e-obras-da-nova-unidade-de-saude-e-cras-grande-vitoria-estao-70-concluidas\/#primaryimage","url":"https:\/\/www.encontravitoria.com.br\/guia\/wp-content\/uploads\/2025\/11\/vitoria-inova-e-obras-da-nova-unidade-de-saude-e-cras-grande-vitoria-estao-70-concluidas.webp","contentUrl":"https:\/\/www.encontravitoria.com.br\/guia\/wp-content\/uploads\/2025\/11\/vitoria-inova-e-obras-da-nova-unidade-de-saude-e-cras-grande-vitoria-estao-70-concluidas.webp","width":320,"height":280,"caption":"Unidade de Sa\u00fade Grande Vit\u00f3ria"},{"@type":"WebSite","@id":"https:\/\/www.encontravitoria.com.br\/guia\/#website","url":"https:\/\/www.encontravitoria.com.br\/guia\/","name":"Guia Comercial de Vit\u00f3ria ES","description":"ENCONTRA VIT\u00d3RIA - O guia comercial de neg\u00f3cios e empresas, cultura e divers\u00e3o na cidade de Vit\u00f3ria. Feito 100% para voc\u00ea morador!","potentialAction":[{"@type":"SearchAction","target":{"@type":"EntryPoint","urlTemplate":"https:\/\/www.encontravitoria.com.br\/guia\/?s={search_term_string}"},"query-input":{"@type":"PropertyValueSpecification","valueRequired":true,"valueName":"search_term_string"}}],"inLanguage":"pt-BR"},{"@type":"Person","@id":"https:\/\/www.encontravitoria.com.br\/guia\/#\/schema\/person\/e5c86e2a8d5a2a0333f0c44792c74c65","name":"Encontra Vit\u00f3ria","image":{"@type":"ImageObject","inLanguage":"pt-BR","@id":"https:\/\/secure.gravatar.com\/avatar\/c50c17820bcf322f0a8fd6b110b8c0918141409dc69076470f6fca5fee70a5d4?s=96&d=mm&r=g","url":"https:\/\/secure.gravatar.com\/avatar\/c50c17820bcf322f0a8fd6b110b8c0918141409dc69076470f6fca5fee70a5d4?s=96&d=mm&r=g","contentUrl":"https:\/\/secure.gravatar.com\/avatar\/c50c17820bcf322f0a8fd6b110b8c0918141409dc69076470f6fca5fee70a5d4?s=96&d=mm&r=g","caption":"Encontra Vit\u00f3ria"},"url":"https:\/\/www.encontravitoria.com.br\/guia\/author\/encontravitoria\/"}]}},"_links":{"self":[{"href":"https:\/\/www.encontravitoria.com.br\/guia\/wp-json\/wp\/v2\/posts\/7308","targetHints":{"allow":["GET"]}}],"collection":[{"href":"https:\/\/www.encontravitoria.com.br\/guia\/wp-json\/wp\/v2\/posts"}],"about":[{"href":"https:\/\/www.encontravitoria.com.br\/guia\/wp-json\/wp\/v2\/types\/post"}],"author":[{"embeddable":true,"href":"https:\/\/www.encontravitoria.com.br\/guia\/wp-json\/wp\/v2\/users\/1"}],"replies":[{"embeddable":true,"href":"https:\/\/www.encontravitoria.com.br\/guia\/wp-json\/wp\/v2\/comments?post=7308"}],"version-history":[{"count":0,"href":"https:\/\/www.encontravitoria.com.br\/guia\/wp-json\/wp\/v2\/posts\/7308\/revisions"}],"wp:featuredmedia":[{"embeddable":true,"href":"https:\/\/www.encontravitoria.com.br\/guia\/wp-json\/wp\/v2\/media\/7307"}],"wp:attachment":[{"href":"https:\/\/www.encontravitoria.com.br\/guia\/wp-json\/wp\/v2\/media?parent=7308"}],"wp:term":[{"taxonomy":"category","embeddable":true,"href":"https:\/\/www.encontravitoria.com.br\/guia\/wp-json\/wp\/v2\/categories?post=7308"},{"taxonomy":"post_tag","embeddable":true,"href":"https:\/\/www.encontravitoria.com.br\/guia\/wp-json\/wp\/v2\/tags?post=7308"}],"curies":[{"name":"wp","href":"https:\/\/api.w.org\/{rel}","templated":true}]}}