{"id":7409,"date":"2026-01-12T03:50:53","date_gmt":"2026-01-12T06:50:53","guid":{"rendered":"https:\/\/www.encontravitoria.com.br\/guia\/voce-conhece-a-historia-da-matriz-de-n-sa-da-vitoria-saiba-mais-sobre-esse-marco-da-cidade\/"},"modified":"2026-01-12T03:50:53","modified_gmt":"2026-01-12T06:50:53","slug":"voce-conhece-a-historia-da-matriz-de-n-sa-da-vitoria-saiba-mais-sobre-esse-marco-da-cidade","status":"publish","type":"post","link":"https:\/\/www.encontravitoria.com.br\/guia\/voce-conhece-a-historia-da-matriz-de-n-sa-da-vitoria-saiba-mais-sobre-esse-marco-da-cidade\/","title":{"rendered":"Voc\u00ea Conhece a hist\u00f3ria da Matriz de N. S\u00aa. da Vit\u00f3ria? Saiba mais sobre esse marco da cidade!"},"content":{"rendered":"<h2>A Constru\u00e7\u00e3o da Matriz e Seu Contexto Hist\u00f3rico<\/h2>\n<p>A constru\u00e7\u00e3o da Matriz de Nossa Senhora da Vit\u00f3ria, iniciada entre 1550 e 1552, se insere em um per\u00edodo de vital import\u00e2ncia para a hist\u00f3ria do Esp\u00edrito Santo. Este local tomou forma durante um momento em que a Vila de Vit\u00f3ria estava se estabelecendo firmemente na hist\u00f3ria colonial brasileira. O projeto arquitet\u00f4nico da igreja, simples, mas significativo, simbolizava a uni\u00e3o entre a religi\u00e3o e a pol\u00edtica, elementos essenciais na vida da comunidade local.<\/p>\n<p>A Matriz recebeu materiais t\u00edpicos da \u00e9poca, incluindo pedras e cal, provenientes das redondezas. Os m\u00e9todos de constru\u00e7\u00e3o eram rudimentares, refletindo a cultura local e a influ\u00eancia das t\u00e9cnicas trazidas pelos colonizadores portugueses. Nesse contexto, a constru\u00e7\u00e3o da Matriz n\u00e3o foi apenas uma necessidade religiosa, mas tamb\u00e9m uma afirma\u00e7\u00e3o da presen\u00e7a da Coroa Portuguesa e da Igreja Cat\u00f3lica na nova terra.<\/p>\n<p>Cabe destacar que a Igreja desempenhou um papel fundamental na ocupa\u00e7\u00e3o do territ\u00f3rio capixaba.Essa obra convergiu com a funda\u00e7\u00e3o da Vila, e a presen\u00e7a de padres seculares foi registrada logo nos primeiros anos. Os primeiros vig\u00e1rios n\u00e3o s\u00f3 garantiam a realiza\u00e7\u00e3o de cultos, mas tamb\u00e9m atuavam na forma\u00e7\u00e3o moral e social da popula\u00e7\u00e3o, estabelecendo normas comportamentais e sociais que eram respeitadas.<\/p>\n<p><img decoding=\"async\" src=\"https:\/\/www.encontravitoria.com.br\/guia\/wp-content\/uploads\/2026\/01\/voce-conhece-a-historia-da-matriz-de-n-s-da-vitoria-saiba-mais-sobre-esse-marco-da-cidade.webp\" alt=\"Matriz de N. S\u00aa. da Vit\u00f3ria\" loading=\"lazy\" \/><\/p>\n<p>A constru\u00e7\u00e3o da Matriz deve ser vista como parte de um planejamento mais amplo da administra\u00e7\u00e3o colonial portuguesa, que buscava consolidar o dom\u00ednio na regi\u00e3o e, ao mesmo tempo, assegurar a salva\u00e7\u00e3o das almas dos nativos e dos rec\u00e9m-chegados. Assim, a Matriz se transformou em um centro de f\u00e9, pol\u00edtica e atividade social, onde diversos eventos importantes da hist\u00f3ria local foram realizados, construindo um legado ainda presente na mem\u00f3ria coletiva capixaba.<\/p>\n<h2>Religiosidade na Ocupa\u00e7\u00e3o do Territ\u00f3rio Capixaba<\/h2>\n<p>A import\u00e2ncia religiosa da Matriz de Nossa Senhora da Vit\u00f3ria vai al\u00e9m de sua fun\u00e7\u00e3o como local de culto. Ela foi o primeiro templo do Esp\u00edrito Santo, e simbolizou a for\u00e7a da Igreja na coloniza\u00e7\u00e3o e ocupa\u00e7\u00e3o da regi\u00e3o. A rela\u00e7\u00e3o entre religi\u00e3o e sociedade na \u00e9poca era extremamente \u00edntima, dada a forte influ\u00eancia da Igreja Cat\u00f3lica nas esferas pol\u00edtica e social.<\/p>\n<p>No contexto capixaba, a religi\u00e3o n\u00e3o era apenas uma cren\u00e7a, mas tamb\u00e9m uma ferramenta de controle social. As missas e celebra\u00e7\u00f5es religiosas eram eventos que reuniam a elite local e a popula\u00e7\u00e3o em geral, criando um espa\u00e7o de intera\u00e7\u00f5es sociais e de fortalecimento das hierarquias existentes. Assim, a Matriz atuava como um centro de converg\u00eancia, onde se discutiam quest\u00f5es importantes da comunidade, e as autoridades locais se reuniam em sua presen\u00e7a.<\/p>\n<p>A celebra\u00e7\u00e3o de rituais, como batizados e casamentos, na Matriz era um aspecto fundamental da vida cotidiana. Era comum que apenas as classes sociais mais altas tivessem acesso a essas cerim\u00f4nias, refletindo as divis\u00f5es sociais da \u00e9poca. A exclusividade dos sacramentos lidos na Matriz, especialmente os sacramentos que permitiam a inser\u00e7\u00e3o na sociedade, fortalecia a ideia de pertencimento e identidade capixaba.<\/p>\n<p>Al\u00e9m disso, a presen\u00e7a da Matriz e seu calend\u00e1rio religioso tamb\u00e9m serviam para marcar o tempo e a passagem das esta\u00e7\u00f5es, assim como para organizar a vida da comunidade de forma geral. Nesse sentido, a religiosidade estava intimamente ligada \u00e0 forma como espa\u00e7o e tempo eram compreendidos pelos habitantes da Vila de Vit\u00f3ria.<\/p>\n<h2>A Posi\u00e7\u00e3o de Destaque da Igreja na Cidade<\/h2>\n<p>A arquitetura e a localiza\u00e7\u00e3o da Matriz de Nossa Senhora da Vit\u00f3ria refletiam sua import\u00e2ncia na vida da cidade. Situada em uma \u00e1rea elevada, a igreja n\u00e3o apenas dominava a paisagem urbana, mas tamb\u00e9m se tornava um ponto de refer\u00eancia para os moradores e visitantes. Sua constru\u00e7\u00e3o simples, mas significativa, abrigava uma popula\u00e7\u00e3o em crescimento, tornando-se um espa\u00e7o de acolhimento e sociabilidade.<\/p>\n<p>As celebra\u00e7\u00f5es e festividades realizadas na Matriz eram momentos marcantes no calend\u00e1rio social da cidade. Desde festas lit\u00fargicas a eventos c\u00edvicos, a Matriz servia como palco para as intera\u00e7\u00f5es entre a Igreja e o povo, fortalecendo v\u00ednculos entre os cidad\u00e3os e a administra\u00e7\u00e3o local.<\/p>\n<p>O Largo da Matriz, espa\u00e7o em frente \u00e0 igreja, tamb\u00e9m tinha um papel significativo como lugar de aglomera\u00e7\u00e3o. Nele, eram realizados feiras, eventos culturais e outros acontecimentos que contribu\u00edam para a organiza\u00e7\u00e3o social do lugar. Essa fun\u00e7\u00e3o dual de espa\u00e7o religioso e social destaca mais uma vez a centralidade da Matriz na vida da cidade. Era neste espa\u00e7o que a conviv\u00eancia cotidiana se entrela\u00e7ava com as pr\u00e1ticas religiosas, promovendo um sentimento de comunidade forte entre os capixabas.<\/p>\n<h2>Testemunha de Grandes Acontecimentos<\/h2>\n<p>Ao longo dos s\u00e9culos, a Matriz foi testemunha de numerosos eventos hist\u00f3ricos que marcaram a trajet\u00f3ria da Vila de Vit\u00f3ria. O juramento \u00e0 Constitui\u00e7\u00e3o Portuguesa em 1821 e \u00e0 Constitui\u00e7\u00e3o do Imp\u00e9rio em 1824 s\u00e3o alguns dos eventos significativos que ocorreram em seu interior. Esses atos marcam n\u00e3o apenas a hist\u00f3ria da igreja, mas tamb\u00e9m as mudan\u00e7as pol\u00edticas que moldaram o Brasil em sua transi\u00e7\u00e3o para a modernidade.<\/p>\n<p>As missas especiais e celebra\u00e7\u00f5es realizadas para membros da elite local, inclusive em ocasi\u00f5es de luto e cerim\u00f4nias de grande relev\u00e2ncia, refor\u00e7avam o status da Matriz como um local sagrado e respeitado. A presen\u00e7a constante das autoridades, civis e religiosas em sua estrutura, a solidificava como um espa\u00e7o de poder no contexto capixaba.<\/p>\n<p>Al\u00e9m disso, a Matriz era um marco para a popula\u00e7\u00e3o durante eventos c\u00edvicos importantes, incluindo recep\u00e7\u00f5es a autoridades, como a visita do imperador D. Pedro II. Embora a igreja estivesse em condi\u00e7\u00f5es prec\u00e1rias devido ao descaso, sua import\u00e2ncia hist\u00f3rica era reconhecida, o que levava \u00e0 participa\u00e7\u00e3o ativa da comunidade nas celebra\u00e7\u00f5es e homenagens.<\/p>\n<h2>A Transi\u00e7\u00e3o para a Catedral Metropolitana<\/h2>\n<p>A Matriz de Nossa Senhora da Vit\u00f3ria passou por significativas transforma\u00e7\u00f5es ao longo de sua exist\u00eancia, culminando na sua designa\u00e7\u00e3o como Catedral em 1895. Essa transi\u00e7\u00e3o marca um ponto de virada na hist\u00f3ria religiosa do Esp\u00edrito Santo, visto que, at\u00e9 ent\u00e3o, o templo provia servi\u00e7os religiosos apenas para a popula\u00e7\u00e3o local.<\/p>\n<p>Nessa fase, a igreja come\u00e7ou a sofrer interven\u00e7\u00f5es para atender \u00e0s demandas da nova fun\u00e7\u00e3o que passaria a desempenhar. O crescimento da cidade e a eleva\u00e7\u00e3o de sua situa\u00e7\u00e3o pol\u00edtica fizeram com que a Matriz precisasse de adapta\u00e7\u00f5es. Os reparos necess\u00e1rios para mant\u00ea-la em condi\u00e7\u00f5es de uso foram constantes, uma vez que o templo passou a receber um p\u00fablico cada vez mais amplo.<\/p>\n<p>A Catedral foi um s\u00edmbolo do crescimento da Diocese, fortalecendo ainda mais a igreja na vida social capixaba. Com a reforma, novas pr\u00e1ticas, incluindo celebra\u00e7\u00f5es mais elaboradas e eventos de grande repercuss\u00e3o, foram implementadas, promovendo ainda mais a integra\u00e7\u00e3o entre a popula\u00e7\u00e3o e sua matriz de f\u00e9. A partir dessa transi\u00e7\u00e3o, a antiga Matriz deixa de ser apenas um espa\u00e7o de culto, mas se transforma numa verdadeira Catedral, ponto de refer\u00eancia solene para todos os habitantes do Esp\u00edrito Santo.<\/p>\n<h2>As Mudan\u00e7as Sociais e Culturais em Vit\u00f3ria<\/h2>\n<p>As altera\u00e7\u00f5es discorridas em torno da Matriz de Nossa Senhora da Vit\u00f3ria, refletiram as profundos transforma\u00e7\u00f5es sociais e culturais que ocorria em Vit\u00f3ria durante os s\u00e9culos XIX e XX. O crescimento populacional, a chegada de novas elites e a urbaniza\u00e7\u00e3o da cidade trouxeram a necessidade de um espa\u00e7o mais capaz de atender \u00e0s demandas da popula\u00e7\u00e3o.<\/p>\n<p>Essas mudan\u00e7as n\u00e3o ocorreram apenas no espa\u00e7o f\u00edsico, mas tamb\u00e9m na din\u00e2mica social e nas rela\u00e7\u00f5es de poder.  Com a separa\u00e7\u00e3o entre a Igreja e o Estado, e a instabilidade financeira enfrentada pela antiga Matriz, a rela\u00e7\u00e3o entre os cidad\u00e3os e a Igreja passou a ser mais tensa e repleta de desafios. Em uma \u00e9poca em que novas correntes de pensamento estavam buscando espa\u00e7o, o fortalecimento da seculariza\u00e7\u00e3o impactou as pr\u00e1ticas e a fun\u00e7\u00e3o social da Matriz.<\/p>\n<p>Dessa maneira, a Matriz tornou-se um reflexo das tens\u00f5es sociais e culturais da \u00e9poca. As novas correntes do pensamento cr\u00edtico come\u00e7aram a questionar as doutrinas que at\u00e9 ent\u00e3o eram tidas como absolutas, e a busca por liberdade religiosa se intensificou. A mudan\u00e7a na configura\u00e7\u00e3o social da cidade trouxe novas demandas e questionamentos, transformando a Matriz em um espa\u00e7o de adapta\u00e7\u00e3o e resist\u00eancia \u00e0s novas realidades.<\/p>\n<h2>A Demoli\u00e7\u00e3o da Antiga Matriz<\/h2>\n<p>A demoli\u00e7\u00e3o da antiga Matriz, ocorrida em 1918, foi um marco doloroso, mas necess\u00e1rio para a constru\u00e7\u00e3o da nova Catedral Metropolitana de Vit\u00f3ria. A decis\u00e3o de demolir a Matriz foi n\u00e3o apenas uma quest\u00e3o arquitet\u00f4nica, mas uma medida que otimizar\u00e1 o espa\u00e7o para atender a uma popula\u00e7\u00e3o em expans\u00e3o e as demandas de um novo padr\u00e3o de vida social.<\/p>\n<p>Embora a demoli\u00e7\u00e3o tenha causado lamentos por parte de muitos que viam a Matriz como um s\u00edmbolo do passado glorioso de Vit\u00f3ria, a mudan\u00e7a era inevit\u00e1vel. A nova Catedral incorporou caracter\u00edsticas de um tempo moderno, refletindo a evolu\u00e7\u00e3o arquitet\u00f4nica ao longo dos anos e a necessidade de adapta\u00e7\u00f5es para garantir a funcionalidade do espa\u00e7o.<\/p>\n<p>Contudo, a demoli\u00e7\u00e3o da Matriz tamb\u00e9m despertou debates sobre a preserva\u00e7\u00e3o do patrim\u00f4nio hist\u00f3rico e cultural. Assim, a discuss\u00e3o sobre o que se deve lembrar e o que deve ser esquecido na narrativa de um lugar se intensificou, levando \u00e0 reflex\u00e3o sobre a import\u00e2ncia de construir espa\u00e7os que respeitem a mem\u00f3ria local e a experi\u00eancia da comunidade.<\/p>\n<h2>Import\u00e2ncia da Preserva\u00e7\u00e3o dos Registros Hist\u00f3ricos<\/h2>\n<p>A preserva\u00e7\u00e3o dos registros hist\u00f3ricos relacionados \u00e0 Matriz de Nossa Senhora da Vit\u00f3ria \u00e9 fundamental para que as futuras gera\u00e7\u00f5es compreendam a rica hist\u00f3ria da cidade. O trabalho do Arquivo P\u00fablico Municipal de Vit\u00f3ria tem sido essencial nesse aspecto, resguardando documenta\u00e7\u00e3o, fotografias e relatos que ajudam a tecer a narrativa da cidade.<\/p>\n<p>A mem\u00f3ria hist\u00f3rica traz \u00e0 tona discuss\u00f5es sobre identidade social, promovendo uma compreens\u00e3o mais clara sobre as experi\u00eancias que moldaram a cidade ao longo dos s\u00e9culos. Em um mundo onde as transforma\u00e7\u00f5es culturais e sociais ocorrem rapidamente, ter um olhar voltado para o passado \u00e9 crucial para a constru\u00e7\u00e3o de um futuro sustent\u00e1vel e respeitoso em rela\u00e7\u00e3o \u00e0s tradi\u00e7\u00f5es locais.<\/p>\n<p>Al\u00e9m disso, a preserva\u00e7\u00e3o dessas hist\u00f3rias e mem\u00f3rias serve como uma ferramenta de resist\u00eancia contra a perda de identidade cultural. As motiva\u00e7\u00f5es em torno da preserva\u00e7\u00e3o e valoriza\u00e7\u00e3o do patrim\u00f4nio cultural s\u00e3o essenciais no fortalecimento de la\u00e7os que ligam a popula\u00e7\u00e3o \u00e0 sua tradi\u00e7\u00e3o e hist\u00f3ria. Portanto, o cuidado com os registros hist\u00f3ricos promove n\u00e3o apenas a mem\u00f3ria, mas tamb\u00e9m o fortalecimento da identidade coletiva da cidade.<\/p>\n<h2>A Influ\u00eancia da Matriz na Arquitetura Local<\/h2>\n<p>A arquitetura da Matriz de Nossa Senhora da Vit\u00f3ria exerceu influ\u00eancia direta sobre a forma como os edif\u00edcios religiosos e civis foram projetados em Vit\u00f3ria ao longo dos s\u00e9culos. Seu estilo colonial, embora simples, tornou-se uma combina\u00e7\u00e3o de utilidade e religiosidade que fez do espa\u00e7o um importante marco na estrutura urbana.<\/p>\n<p>Caracter\u00edsticas de sua arquitetura foram incorporadas em outros templos e edifica\u00e7\u00f5es, as quais buscaram a simplicidade e a utilidade, que eram marcas registradas da Matriz. Esse legado permanece vivo nos espa\u00e7os urbanos contempor\u00e2neos, ao mesmo tempo em que evidencia a continuidade da hist\u00f3ria na paleta arquitet\u00f4nica de Vit\u00f3ria.<\/p>\n<p>Embora a designa\u00e7\u00e3o como Catedral tenha mudado muitas caracter\u00edsticas estruturais e funcionais, o legado da antiga matriz, assim como seus tra\u00e7os de simplicidade funcional, permanece vis\u00edvel na forma como os habitantes interagem com a arquitetura nos dias atuais. A influ\u00eancia da Matriz tamb\u00e9m se reflete na maneira como os novos edif\u00edcios religiosos e p\u00fablicos s\u00e3o projetados, enfatizando a necessidade de criar espa\u00e7os que se adequem n\u00e3o apenas \u00e0 est\u00e9tica, mas que tamb\u00e9m acolham o movimento social.<\/p>\n<h2>Desafios da Mem\u00f3ria Cultural em Tempos Modernos<\/h2>\n<p>Nos tempos modernos, os desafios em torno da mem\u00f3ria cultural e da preserva\u00e7\u00e3o do patrim\u00f4nio est\u00e3o em constante transforma\u00e7\u00e3o. A resist\u00eancia ao esquecimento da Matriz de Nossa Senhora da Vit\u00f3ria destaca a luta cont\u00ednua para manter viva a hist\u00f3ria da cidade, especialmente em uma era marcada pela r\u00e1pida moderniza\u00e7\u00e3o e globaliza\u00e7\u00e3o.<\/p>\n<p>As novas gera\u00e7\u00f5es muitas vezes enfrentam dificuldades para se conectar com as narrativas hist\u00f3ricas que precedem sua exist\u00eancia, o que acentua a import\u00e2ncia de iniciativas educacionais e culturais que abordem a hist\u00f3ria local. A valoriza\u00e7\u00e3o do patrim\u00f4nio cultural, em contraposi\u00e7\u00e3o ao avan\u00e7o desmedido do planejamento urbano, \u00e9 um desafio constante para os habitantes de Vit\u00f3ria.<\/p>\n<p>Promover a consci\u00eancia sobre a import\u00e2ncia da preserva\u00e7\u00e3o dos bens culturais e hist\u00f3ricos torna-se fundamental, estimulando a forma\u00e7\u00e3o de uma identidade coletiva. Nesse contexto, a Matriz, mesmo ap\u00f3s sua demoli\u00e7\u00e3o, convida \u00e0 reflex\u00e3o acerca de seu legado e de seu impacto duradouro na cultura capixaba, despertando o interesse e o respeito pela hist\u00f3ria entre aqueles que habitam a cidade hoje.<\/p>\n","protected":false},"excerpt":{"rendered":"<p>Saiba mais sobre a hist\u00f3ria da Matriz de N. S\u00aa. da Vit\u00f3ria e sua import\u00e2ncia.<\/p>\n","protected":false},"author":1,"featured_media":7408,"comment_status":"open","ping_status":"open","sticky":false,"template":"","format":"standard","meta":{"footnotes":""},"categories":[5],"tags":[],"class_list":["post-7409","post","type-post","status-publish","format-standard","has-post-thumbnail","hentry","category-noticias","has_thumb"],"yoast_head":"<!-- This site is optimized with the Yoast SEO plugin v27.9 - https:\/\/yoast.com\/product\/yoast-seo-wordpress\/ -->\n<title>Voc\u00ea Conhece a hist\u00f3ria da Matriz de N. S\u00aa. da Vit\u00f3ria? Saiba mais sobre esse marco da cidade! | Guia Comercial de Vit\u00f3ria ES<\/title>\n<meta name=\"robots\" content=\"index, follow, max-snippet:-1, max-image-preview:large, max-video-preview:-1\" \/>\n<link rel=\"canonical\" href=\"https:\/\/www.encontravitoria.com.br\/guia\/voce-conhece-a-historia-da-matriz-de-n-sa-da-vitoria-saiba-mais-sobre-esse-marco-da-cidade\/\" \/>\n<meta property=\"og:locale\" content=\"pt_BR\" \/>\n<meta property=\"og:type\" content=\"article\" \/>\n<meta property=\"og:title\" content=\"Voc\u00ea Conhece a hist\u00f3ria da Matriz de N. S\u00aa. da Vit\u00f3ria? Saiba mais sobre esse marco da cidade! | Guia Comercial de Vit\u00f3ria ES\" \/>\n<meta property=\"og:description\" content=\"Saiba mais sobre a hist\u00f3ria da Matriz de N. S\u00aa. da Vit\u00f3ria e sua import\u00e2ncia.\" \/>\n<meta property=\"og:url\" content=\"https:\/\/www.encontravitoria.com.br\/guia\/voce-conhece-a-historia-da-matriz-de-n-sa-da-vitoria-saiba-mais-sobre-esse-marco-da-cidade\/\" \/>\n<meta property=\"og:site_name\" content=\"Guia Comercial de Vit\u00f3ria ES\" \/>\n<meta property=\"article:published_time\" content=\"2026-01-12T06:50:53+00:00\" \/>\n<meta property=\"og:image\" content=\"https:\/\/www.encontravitoria.com.br\/guia\/wp-content\/uploads\/2026\/01\/voce-conhece-a-historia-da-matriz-de-n-s-da-vitoria-saiba-mais-sobre-esse-marco-da-cidade.webp\" \/>\n<meta name=\"author\" content=\"Encontra Vit\u00f3ria\" \/>\n<meta name=\"twitter:card\" content=\"summary_large_image\" \/>\n<meta name=\"twitter:label1\" content=\"Escrito por\" \/>\n\t<meta name=\"twitter:data1\" content=\"Encontra Vit\u00f3ria\" \/>\n\t<meta name=\"twitter:label2\" content=\"Est. tempo de leitura\" \/>\n\t<meta name=\"twitter:data2\" content=\"12 minutos\" \/>\n<script type=\"application\/ld+json\" class=\"yoast-schema-graph\">{\"@context\":\"https:\\\/\\\/schema.org\",\"@graph\":[{\"@type\":\"Article\",\"@id\":\"https:\\\/\\\/www.encontravitoria.com.br\\\/guia\\\/voce-conhece-a-historia-da-matriz-de-n-sa-da-vitoria-saiba-mais-sobre-esse-marco-da-cidade\\\/#article\",\"isPartOf\":{\"@id\":\"https:\\\/\\\/www.encontravitoria.com.br\\\/guia\\\/voce-conhece-a-historia-da-matriz-de-n-sa-da-vitoria-saiba-mais-sobre-esse-marco-da-cidade\\\/\"},\"author\":{\"name\":\"Encontra Vit\u00f3ria\",\"@id\":\"https:\\\/\\\/www.encontravitoria.com.br\\\/guia\\\/#\\\/schema\\\/person\\\/e5c86e2a8d5a2a0333f0c44792c74c65\"},\"headline\":\"Voc\u00ea Conhece a hist\u00f3ria da Matriz de N. S\u00aa. da Vit\u00f3ria? Saiba mais sobre esse marco da cidade!\",\"datePublished\":\"2026-01-12T06:50:53+00:00\",\"mainEntityOfPage\":{\"@id\":\"https:\\\/\\\/www.encontravitoria.com.br\\\/guia\\\/voce-conhece-a-historia-da-matriz-de-n-sa-da-vitoria-saiba-mais-sobre-esse-marco-da-cidade\\\/\"},\"wordCount\":2357,\"commentCount\":0,\"image\":{\"@id\":\"https:\\\/\\\/www.encontravitoria.com.br\\\/guia\\\/voce-conhece-a-historia-da-matriz-de-n-sa-da-vitoria-saiba-mais-sobre-esse-marco-da-cidade\\\/#primaryimage\"},\"thumbnailUrl\":\"https:\\\/\\\/www.encontravitoria.com.br\\\/guia\\\/wp-content\\\/uploads\\\/2026\\\/01\\\/voce-conhece-a-historia-da-matriz-de-n-s-da-vitoria-saiba-mais-sobre-esse-marco-da-cidade.webp\",\"articleSection\":[\"Not\u00edcias Vit\u00f3ria\"],\"inLanguage\":\"pt-BR\",\"potentialAction\":[{\"@type\":\"CommentAction\",\"name\":\"Comment\",\"target\":[\"https:\\\/\\\/www.encontravitoria.com.br\\\/guia\\\/voce-conhece-a-historia-da-matriz-de-n-sa-da-vitoria-saiba-mais-sobre-esse-marco-da-cidade\\\/#respond\"]}]},{\"@type\":\"WebPage\",\"@id\":\"https:\\\/\\\/www.encontravitoria.com.br\\\/guia\\\/voce-conhece-a-historia-da-matriz-de-n-sa-da-vitoria-saiba-mais-sobre-esse-marco-da-cidade\\\/\",\"url\":\"https:\\\/\\\/www.encontravitoria.com.br\\\/guia\\\/voce-conhece-a-historia-da-matriz-de-n-sa-da-vitoria-saiba-mais-sobre-esse-marco-da-cidade\\\/\",\"name\":\"Voc\u00ea Conhece a hist\u00f3ria da Matriz de N. S\u00aa. da Vit\u00f3ria? Saiba mais sobre esse marco da cidade! | Guia Comercial de Vit\u00f3ria ES\",\"isPartOf\":{\"@id\":\"https:\\\/\\\/www.encontravitoria.com.br\\\/guia\\\/#website\"},\"primaryImageOfPage\":{\"@id\":\"https:\\\/\\\/www.encontravitoria.com.br\\\/guia\\\/voce-conhece-a-historia-da-matriz-de-n-sa-da-vitoria-saiba-mais-sobre-esse-marco-da-cidade\\\/#primaryimage\"},\"image\":{\"@id\":\"https:\\\/\\\/www.encontravitoria.com.br\\\/guia\\\/voce-conhece-a-historia-da-matriz-de-n-sa-da-vitoria-saiba-mais-sobre-esse-marco-da-cidade\\\/#primaryimage\"},\"thumbnailUrl\":\"https:\\\/\\\/www.encontravitoria.com.br\\\/guia\\\/wp-content\\\/uploads\\\/2026\\\/01\\\/voce-conhece-a-historia-da-matriz-de-n-s-da-vitoria-saiba-mais-sobre-esse-marco-da-cidade.webp\",\"datePublished\":\"2026-01-12T06:50:53+00:00\",\"author\":{\"@id\":\"https:\\\/\\\/www.encontravitoria.com.br\\\/guia\\\/#\\\/schema\\\/person\\\/e5c86e2a8d5a2a0333f0c44792c74c65\"},\"inLanguage\":\"pt-BR\",\"potentialAction\":[{\"@type\":\"ReadAction\",\"target\":[\"https:\\\/\\\/www.encontravitoria.com.br\\\/guia\\\/voce-conhece-a-historia-da-matriz-de-n-sa-da-vitoria-saiba-mais-sobre-esse-marco-da-cidade\\\/\"]}]},{\"@type\":\"ImageObject\",\"inLanguage\":\"pt-BR\",\"@id\":\"https:\\\/\\\/www.encontravitoria.com.br\\\/guia\\\/voce-conhece-a-historia-da-matriz-de-n-sa-da-vitoria-saiba-mais-sobre-esse-marco-da-cidade\\\/#primaryimage\",\"url\":\"https:\\\/\\\/www.encontravitoria.com.br\\\/guia\\\/wp-content\\\/uploads\\\/2026\\\/01\\\/voce-conhece-a-historia-da-matriz-de-n-s-da-vitoria-saiba-mais-sobre-esse-marco-da-cidade.webp\",\"contentUrl\":\"https:\\\/\\\/www.encontravitoria.com.br\\\/guia\\\/wp-content\\\/uploads\\\/2026\\\/01\\\/voce-conhece-a-historia-da-matriz-de-n-s-da-vitoria-saiba-mais-sobre-esse-marco-da-cidade.webp\",\"width\":280,\"height\":280,\"caption\":\"Matriz de N. S\u00aa. da Vit\u00f3ria\"},{\"@type\":\"WebSite\",\"@id\":\"https:\\\/\\\/www.encontravitoria.com.br\\\/guia\\\/#website\",\"url\":\"https:\\\/\\\/www.encontravitoria.com.br\\\/guia\\\/\",\"name\":\"Guia Comercial de Vit\u00f3ria ES\",\"description\":\"ENCONTRA VIT\u00d3RIA - O guia comercial de neg\u00f3cios e empresas, cultura e divers\u00e3o na cidade de Vit\u00f3ria. Feito 100% para voc\u00ea morador!\",\"potentialAction\":[{\"@type\":\"SearchAction\",\"target\":{\"@type\":\"EntryPoint\",\"urlTemplate\":\"https:\\\/\\\/www.encontravitoria.com.br\\\/guia\\\/?s={search_term_string}\"},\"query-input\":{\"@type\":\"PropertyValueSpecification\",\"valueRequired\":true,\"valueName\":\"search_term_string\"}}],\"inLanguage\":\"pt-BR\"},{\"@type\":\"Person\",\"@id\":\"https:\\\/\\\/www.encontravitoria.com.br\\\/guia\\\/#\\\/schema\\\/person\\\/e5c86e2a8d5a2a0333f0c44792c74c65\",\"name\":\"Encontra Vit\u00f3ria\",\"image\":{\"@type\":\"ImageObject\",\"inLanguage\":\"pt-BR\",\"@id\":\"https:\\\/\\\/secure.gravatar.com\\\/avatar\\\/c50c17820bcf322f0a8fd6b110b8c0918141409dc69076470f6fca5fee70a5d4?s=96&d=mm&r=g\",\"url\":\"https:\\\/\\\/secure.gravatar.com\\\/avatar\\\/c50c17820bcf322f0a8fd6b110b8c0918141409dc69076470f6fca5fee70a5d4?s=96&d=mm&r=g\",\"contentUrl\":\"https:\\\/\\\/secure.gravatar.com\\\/avatar\\\/c50c17820bcf322f0a8fd6b110b8c0918141409dc69076470f6fca5fee70a5d4?s=96&d=mm&r=g\",\"caption\":\"Encontra Vit\u00f3ria\"},\"url\":\"https:\\\/\\\/www.encontravitoria.com.br\\\/guia\\\/author\\\/encontravitoria\\\/\"}]}<\/script>\n<!-- \/ Yoast SEO plugin. -->","yoast_head_json":{"title":"Voc\u00ea Conhece a hist\u00f3ria da Matriz de N. S\u00aa. da Vit\u00f3ria? Saiba mais sobre esse marco da cidade! | Guia Comercial de Vit\u00f3ria ES","robots":{"index":"index","follow":"follow","max-snippet":"max-snippet:-1","max-image-preview":"max-image-preview:large","max-video-preview":"max-video-preview:-1"},"canonical":"https:\/\/www.encontravitoria.com.br\/guia\/voce-conhece-a-historia-da-matriz-de-n-sa-da-vitoria-saiba-mais-sobre-esse-marco-da-cidade\/","og_locale":"pt_BR","og_type":"article","og_title":"Voc\u00ea Conhece a hist\u00f3ria da Matriz de N. S\u00aa. da Vit\u00f3ria? Saiba mais sobre esse marco da cidade! | Guia Comercial de Vit\u00f3ria ES","og_description":"Saiba mais sobre a hist\u00f3ria da Matriz de N. S\u00aa. da Vit\u00f3ria e sua import\u00e2ncia.","og_url":"https:\/\/www.encontravitoria.com.br\/guia\/voce-conhece-a-historia-da-matriz-de-n-sa-da-vitoria-saiba-mais-sobre-esse-marco-da-cidade\/","og_site_name":"Guia Comercial de Vit\u00f3ria ES","article_published_time":"2026-01-12T06:50:53+00:00","og_image":[{"url":"https:\/\/www.encontravitoria.com.br\/guia\/wp-content\/uploads\/2026\/01\/voce-conhece-a-historia-da-matriz-de-n-s-da-vitoria-saiba-mais-sobre-esse-marco-da-cidade.webp","type":"","width":"","height":""}],"author":"Encontra Vit\u00f3ria","twitter_card":"summary_large_image","twitter_misc":{"Escrito por":"Encontra Vit\u00f3ria","Est. tempo de leitura":"12 minutos"},"schema":{"@context":"https:\/\/schema.org","@graph":[{"@type":"Article","@id":"https:\/\/www.encontravitoria.com.br\/guia\/voce-conhece-a-historia-da-matriz-de-n-sa-da-vitoria-saiba-mais-sobre-esse-marco-da-cidade\/#article","isPartOf":{"@id":"https:\/\/www.encontravitoria.com.br\/guia\/voce-conhece-a-historia-da-matriz-de-n-sa-da-vitoria-saiba-mais-sobre-esse-marco-da-cidade\/"},"author":{"name":"Encontra Vit\u00f3ria","@id":"https:\/\/www.encontravitoria.com.br\/guia\/#\/schema\/person\/e5c86e2a8d5a2a0333f0c44792c74c65"},"headline":"Voc\u00ea Conhece a hist\u00f3ria da Matriz de N. S\u00aa. da Vit\u00f3ria? Saiba mais sobre esse marco da cidade!","datePublished":"2026-01-12T06:50:53+00:00","mainEntityOfPage":{"@id":"https:\/\/www.encontravitoria.com.br\/guia\/voce-conhece-a-historia-da-matriz-de-n-sa-da-vitoria-saiba-mais-sobre-esse-marco-da-cidade\/"},"wordCount":2357,"commentCount":0,"image":{"@id":"https:\/\/www.encontravitoria.com.br\/guia\/voce-conhece-a-historia-da-matriz-de-n-sa-da-vitoria-saiba-mais-sobre-esse-marco-da-cidade\/#primaryimage"},"thumbnailUrl":"https:\/\/www.encontravitoria.com.br\/guia\/wp-content\/uploads\/2026\/01\/voce-conhece-a-historia-da-matriz-de-n-s-da-vitoria-saiba-mais-sobre-esse-marco-da-cidade.webp","articleSection":["Not\u00edcias Vit\u00f3ria"],"inLanguage":"pt-BR","potentialAction":[{"@type":"CommentAction","name":"Comment","target":["https:\/\/www.encontravitoria.com.br\/guia\/voce-conhece-a-historia-da-matriz-de-n-sa-da-vitoria-saiba-mais-sobre-esse-marco-da-cidade\/#respond"]}]},{"@type":"WebPage","@id":"https:\/\/www.encontravitoria.com.br\/guia\/voce-conhece-a-historia-da-matriz-de-n-sa-da-vitoria-saiba-mais-sobre-esse-marco-da-cidade\/","url":"https:\/\/www.encontravitoria.com.br\/guia\/voce-conhece-a-historia-da-matriz-de-n-sa-da-vitoria-saiba-mais-sobre-esse-marco-da-cidade\/","name":"Voc\u00ea Conhece a hist\u00f3ria da Matriz de N. S\u00aa. da Vit\u00f3ria? Saiba mais sobre esse marco da cidade! | Guia Comercial de Vit\u00f3ria ES","isPartOf":{"@id":"https:\/\/www.encontravitoria.com.br\/guia\/#website"},"primaryImageOfPage":{"@id":"https:\/\/www.encontravitoria.com.br\/guia\/voce-conhece-a-historia-da-matriz-de-n-sa-da-vitoria-saiba-mais-sobre-esse-marco-da-cidade\/#primaryimage"},"image":{"@id":"https:\/\/www.encontravitoria.com.br\/guia\/voce-conhece-a-historia-da-matriz-de-n-sa-da-vitoria-saiba-mais-sobre-esse-marco-da-cidade\/#primaryimage"},"thumbnailUrl":"https:\/\/www.encontravitoria.com.br\/guia\/wp-content\/uploads\/2026\/01\/voce-conhece-a-historia-da-matriz-de-n-s-da-vitoria-saiba-mais-sobre-esse-marco-da-cidade.webp","datePublished":"2026-01-12T06:50:53+00:00","author":{"@id":"https:\/\/www.encontravitoria.com.br\/guia\/#\/schema\/person\/e5c86e2a8d5a2a0333f0c44792c74c65"},"inLanguage":"pt-BR","potentialAction":[{"@type":"ReadAction","target":["https:\/\/www.encontravitoria.com.br\/guia\/voce-conhece-a-historia-da-matriz-de-n-sa-da-vitoria-saiba-mais-sobre-esse-marco-da-cidade\/"]}]},{"@type":"ImageObject","inLanguage":"pt-BR","@id":"https:\/\/www.encontravitoria.com.br\/guia\/voce-conhece-a-historia-da-matriz-de-n-sa-da-vitoria-saiba-mais-sobre-esse-marco-da-cidade\/#primaryimage","url":"https:\/\/www.encontravitoria.com.br\/guia\/wp-content\/uploads\/2026\/01\/voce-conhece-a-historia-da-matriz-de-n-s-da-vitoria-saiba-mais-sobre-esse-marco-da-cidade.webp","contentUrl":"https:\/\/www.encontravitoria.com.br\/guia\/wp-content\/uploads\/2026\/01\/voce-conhece-a-historia-da-matriz-de-n-s-da-vitoria-saiba-mais-sobre-esse-marco-da-cidade.webp","width":280,"height":280,"caption":"Matriz de N. S\u00aa. da Vit\u00f3ria"},{"@type":"WebSite","@id":"https:\/\/www.encontravitoria.com.br\/guia\/#website","url":"https:\/\/www.encontravitoria.com.br\/guia\/","name":"Guia Comercial de Vit\u00f3ria ES","description":"ENCONTRA VIT\u00d3RIA - O guia comercial de neg\u00f3cios e empresas, cultura e divers\u00e3o na cidade de Vit\u00f3ria. Feito 100% para voc\u00ea morador!","potentialAction":[{"@type":"SearchAction","target":{"@type":"EntryPoint","urlTemplate":"https:\/\/www.encontravitoria.com.br\/guia\/?s={search_term_string}"},"query-input":{"@type":"PropertyValueSpecification","valueRequired":true,"valueName":"search_term_string"}}],"inLanguage":"pt-BR"},{"@type":"Person","@id":"https:\/\/www.encontravitoria.com.br\/guia\/#\/schema\/person\/e5c86e2a8d5a2a0333f0c44792c74c65","name":"Encontra Vit\u00f3ria","image":{"@type":"ImageObject","inLanguage":"pt-BR","@id":"https:\/\/secure.gravatar.com\/avatar\/c50c17820bcf322f0a8fd6b110b8c0918141409dc69076470f6fca5fee70a5d4?s=96&d=mm&r=g","url":"https:\/\/secure.gravatar.com\/avatar\/c50c17820bcf322f0a8fd6b110b8c0918141409dc69076470f6fca5fee70a5d4?s=96&d=mm&r=g","contentUrl":"https:\/\/secure.gravatar.com\/avatar\/c50c17820bcf322f0a8fd6b110b8c0918141409dc69076470f6fca5fee70a5d4?s=96&d=mm&r=g","caption":"Encontra Vit\u00f3ria"},"url":"https:\/\/www.encontravitoria.com.br\/guia\/author\/encontravitoria\/"}]}},"_links":{"self":[{"href":"https:\/\/www.encontravitoria.com.br\/guia\/wp-json\/wp\/v2\/posts\/7409","targetHints":{"allow":["GET"]}}],"collection":[{"href":"https:\/\/www.encontravitoria.com.br\/guia\/wp-json\/wp\/v2\/posts"}],"about":[{"href":"https:\/\/www.encontravitoria.com.br\/guia\/wp-json\/wp\/v2\/types\/post"}],"author":[{"embeddable":true,"href":"https:\/\/www.encontravitoria.com.br\/guia\/wp-json\/wp\/v2\/users\/1"}],"replies":[{"embeddable":true,"href":"https:\/\/www.encontravitoria.com.br\/guia\/wp-json\/wp\/v2\/comments?post=7409"}],"version-history":[{"count":0,"href":"https:\/\/www.encontravitoria.com.br\/guia\/wp-json\/wp\/v2\/posts\/7409\/revisions"}],"wp:featuredmedia":[{"embeddable":true,"href":"https:\/\/www.encontravitoria.com.br\/guia\/wp-json\/wp\/v2\/media\/7408"}],"wp:attachment":[{"href":"https:\/\/www.encontravitoria.com.br\/guia\/wp-json\/wp\/v2\/media?parent=7409"}],"wp:term":[{"taxonomy":"category","embeddable":true,"href":"https:\/\/www.encontravitoria.com.br\/guia\/wp-json\/wp\/v2\/categories?post=7409"},{"taxonomy":"post_tag","embeddable":true,"href":"https:\/\/www.encontravitoria.com.br\/guia\/wp-json\/wp\/v2\/tags?post=7409"}],"curies":[{"name":"wp","href":"https:\/\/api.w.org\/{rel}","templated":true}]}}