{"id":7419,"date":"2026-01-14T04:48:34","date_gmt":"2026-01-14T07:48:34","guid":{"rendered":"https:\/\/www.encontravitoria.com.br\/guia\/prefeitura-de-vitoria-nomeia-aprovados-em-concurso-publico\/"},"modified":"2026-01-14T04:48:34","modified_gmt":"2026-01-14T07:48:34","slug":"prefeitura-de-vitoria-nomeia-aprovados-em-concurso-publico","status":"publish","type":"post","link":"https:\/\/www.encontravitoria.com.br\/guia\/prefeitura-de-vitoria-nomeia-aprovados-em-concurso-publico\/","title":{"rendered":"Prefeitura de Vit\u00f3ria nomeia aprovados em concurso p\u00fablico"},"content":{"rendered":"<h2>Edital de Nomea\u00e7\u00e3o Publicado<\/h2>\n<p>No \u00faltimo dia 9 de janeiro de 2026, a Prefeitura de Vit\u00f3ria divulgou no Di\u00e1rio Oficial do Munic\u00edpio o Edital de Convoca\u00e7\u00e3o e Nomea\u00e7\u00e3o n\u00ba 001\/2026. Este documento \u00e9 um marco importante para os aprovados no Concurso P\u00fablico n\u00ba 003\/2024, abrindo as portas para a efetiva\u00e7\u00e3o de novos servidores no quadro estatut\u00e1rio do munic\u00edpio. O edital apresenta todas as informa\u00e7\u00f5es necess\u00e1rias para que os nomeados iniciem sua jornada de trabalho na administra\u00e7\u00e3o p\u00fablica municipal, incluindo detalhes sobre a documenta\u00e7\u00e3o necess\u00e1ria e os procedimentos a serem seguidos.<\/p>\n<p>O concurso p\u00fablico \u00e9 uma ferramenta essencial para garantir a efici\u00eancia e qualidade no servi\u00e7o p\u00fablico, uma vez que visa selecionar candidatos habilitados para preencher cargos que atendem \u00e0s diversas demandas da popula\u00e7\u00e3o vicentina. Assim, a publica\u00e7\u00e3o deste edital marca n\u00e3o apenas o in\u00edcio de uma nova fase na vida dos nomeados, mas tamb\u00e9m reflete o compromisso da administra\u00e7\u00e3o municipal em proporcionar um atendimento de qualidade \u00e0 sociedade.<\/p>\n<h2>Profissionais Devem Comparecer ao Atendimento<\/h2>\n<p>Os profissionais nomeados devem comparecer ao Atendimento de Recursos Humanos da Ger\u00eancia de Recrutamento, Sele\u00e7\u00e3o e Registros (Seges\/GRSR) na sede da Prefeitura Municipal de Vit\u00f3ria, localizada na Avenida Marechal Mascarenhas de Moraes, n\u00ba 1927, no bairro Bento Ferreira. O atendimento ser\u00e1 realizado nos dias 13 e 14 de janeiro de 2026, das 9h \u00e0s 17h, e \u00e9 um passo crucial para que os novos servidores possam formalizar sua entrada na administra\u00e7\u00e3o.<\/p>\n<p><img decoding=\"async\" src=\"https:\/\/www.encontravitoria.com.br\/guia\/wp-content\/uploads\/2026\/01\/prefeitura-de-vitoria-nomeia-aprovados-em-concurso-publico.webp\" alt=\"Prefeitura de Vit\u00f3ria nomeia aprovados em concurso p\u00fablico\" loading=\"lazy\" \/><\/p>\n<p>Este comparecimento \u00e9 imprescind\u00edvel para a apresenta\u00e7\u00e3o do laudo m\u00e9dico admissional, que ser\u00e1 realizado pela Medicina do Trabalho da Prefeitura, conforme estipulado no item 16.6 do edital do concurso. Al\u00e9m disso, essa etapa \u00e9 fundamental para assegurar que todos os profissionais estejam aptos para o desempenho de suas fun\u00e7\u00f5es, garantindo, assim, a efici\u00eancia dos servi\u00e7os prestados \u00e0 popula\u00e7\u00e3o.<\/p>\n<h2>Documenta\u00e7\u00e3o Necess\u00e1ria para Posse<\/h2>\n<p>Para que a posse dos novos servidores seja efetivada, \u00e9 necess\u00e1rio que apresentem a documenta\u00e7\u00e3o exigida descrita no Anexo II do Edital n\u00ba 003\/2024. Entre os documentos solicitados est\u00e3o: c\u00f3pia autenticada do CPF, RG, comprovante de escolaridade, al\u00e9m de outros documentos que podem ser definidos conforme o cargo a ser ocupado.<\/p>\n<p>Essa exig\u00eancia busca assegurar que todos os nomeados atendam \u00e0s qualifica\u00e7\u00f5es necess\u00e1rias e t\u00eam um hist\u00f3rico limpo, promovendo uma sele\u00e7\u00e3o de qualidade e transpar\u00eancia. Assim, \u00e9 importante que os candidatos se organizem e se antecipem quanto \u00e0 coleta de documenta\u00e7\u00e3o para evitar contratempos.<\/p>\n<h2>Laudo M\u00e9dico Admissional Exigido<\/h2>\n<p>Um dos requisitos fundamentais para a posse dos novos servidores \u00e9 a entrega do laudo m\u00e9dico admissional. O documento, que comprova a aptid\u00e3o f\u00edsica e mental do candidato, ser\u00e1 realizado pela Medicina do Trabalho da Prefeitura de Vit\u00f3ria. Este procedimento tem como objetivo garantir que os servidores estejam em condi\u00e7\u00f5es de sa\u00fade adequadas para desempenhar suas fun\u00e7\u00f5es.<\/p>\n<p>A import\u00e2ncia deste laudo \u00e9 not\u00e1vel, sendo uma pr\u00e1tica comum em diversas institui\u00e7\u00f5es p\u00fablicas e privadas. Atrav\u00e9s dele, a administra\u00e7\u00e3o p\u00fablica assegura que est\u00e1 contratando profissionais saud\u00e1veis e prontos para atender \u00e0s demandas do trabalho. Com isso, a sa\u00fade e bem-estar dos servidores s\u00e3o priorizados, refletindo em um servi\u00e7o p\u00fablico de qualidade para todos.<\/p>\n<h2>Data Limite para Comparecimento<\/h2>\n<p>A data limite para que os nomeados compare\u00e7am ao atendimento na Ger\u00eancia de Recrutamento, Sele\u00e7\u00e3o e Registros \u00e9 de extrema relev\u00e2ncia. O comparecimento nos dias 13 e 14 de janeiro de 2026 \u00e9 exigido para que todos os tr\u00e2mites burocr\u00e1ticos sejam cumpridos dentro do prazo estipulado pela administra\u00e7\u00e3o municipal. Aqueles que n\u00e3o comparecerem nesse per\u00edodo poder\u00e3o perder a sua vaga.<\/p>\n<p>A administra\u00e7\u00e3o p\u00fablica tem a responsabilidade de manter a ordem e a efici\u00eancia nos processos de contrata\u00e7\u00e3o. Por isso, o cumprimento rigoroso das datas e procedimentos estabelecidos no edital \u00e9 fundamental para garantir que todos os passos sejam seguidos corretamente, facilitando a nova integra\u00e7\u00e3o dos servidores ao quadro da Prefeitura de Vit\u00f3ria.<\/p>\n<h2>Agendamento Pr\u00e9vio \u00e9 Obrigat\u00f3rio<\/h2>\n<p>Um ponto importante destacado no edital \u00e9 a necessidade de agendamento pr\u00e9vio para o atendimento. Os nomeados devem realizar o agendamento por meio do site oficial da Prefeitura de Vit\u00f3ria, selecionando a categoria &#8220;Atendimento RH&#8221; e o servi\u00e7o &#8220;Encaminhamento\/Posse Efetivo&#8221;. Esse passo \u00e9 essencial para garantir que a administra\u00e7\u00e3o consiga atender a todos de forma organizada e eficiente.<\/p>\n<p>O agendamento \u00e9 um reflexo da moderniza\u00e7\u00e3o e melhoria cont\u00ednua dos servi\u00e7os p\u00fablicos, facilitando a vida dos cidad\u00e3os e evitando filas e demora no atendimento. Al\u00e9m disso, possibilita um controle melhor por parte da administra\u00e7\u00e3o, assegurando que todos os procedimentos sejam realizados com a devida aten\u00e7\u00e3o e cuidados, essencial para um ingresso tranquilo a partir da posse.<\/p>\n<h2>Detalhes do Concurso Municipal<\/h2>\n<p>O Concurso P\u00fablico n\u00ba 003\/2024 foi uma iniciativa da Prefeitura de Vit\u00f3ria para preencher diversas vagas no quadro funcional da administra\u00e7\u00e3o municipal. Com uma oferta significativa de cargos, o concurso foi um sucesso, atraindo um grande n\u00famero de candidatos ao longo de seu processo seletivo. O formato de provas e avalia\u00e7\u00f5es foi pensado para reconhecer as habilidades e compet\u00eancias dos participantes, garantindo que os mais qualificados estivessem entre os selecionados.<\/p>\n<p>Com esta nomea\u00e7\u00e3o, h\u00e1 uma renova\u00e7\u00e3o do quadro de servidores, que \u00e9 fundamental para a melhoria do atendimento ao p\u00fablico e para a efici\u00eancia da administra\u00e7\u00e3o. Profissionais preparados e motivados s\u00e3o essenciais para que a Prefeitura de Vit\u00f3ria continue a oferecer servi\u00e7os com qualidade e em conformidade com as expectativas da popula\u00e7\u00e3o.<\/p>\n<h2>Import\u00e2ncia da Nomea\u00e7\u00e3o para a Popula\u00e7\u00e3o<\/h2>\n<p>A nomea\u00e7\u00e3o de novos servidores p\u00fablicos \u00e9 um acontecimento de grande relev\u00e2ncia para a sociedade. Com a inclus\u00e3o de profissionais qualificados e motivados, h\u00e1 um potencial para a melhoria na presta\u00e7\u00e3o de servi\u00e7os essenciais como sa\u00fade, educa\u00e7\u00e3o, assist\u00eancia social e seguran\u00e7a. Estes setores impactam diretamente a qualidade de vida dos cidad\u00e3os e constituem a base para o desenvolvimento do munic\u00edpio.<\/p>\n<p>Al\u00e9m disso, a efetiva\u00e7\u00e3o desses profissionais traz um fortalecimento necess\u00e1rio para os servi\u00e7os p\u00fablicos, gerando mais confian\u00e7a da popula\u00e7\u00e3o em seus representantes e nas institui\u00e7\u00f5es. O fortalecimento do quadro funcional tamb\u00e9m contribui para a promo\u00e7\u00e3o de pol\u00edticas p\u00fablicas mais efetivas e para a melhoria da gest\u00e3o administrativa.<\/p>\n<h2>Expectativas para os Nomeados<\/h2>\n<p>Os nomeados para os cargos na Prefeitura de Vit\u00f3ria enfrentam grandes expectativas. Por um lado, existe a empolga\u00e7\u00e3o e a realiza\u00e7\u00e3o de um sonho profissional que \u00e9 destinado a servir \u00e0 comunidade. Por outro lado, h\u00e1 a responsabilidade de cumprir com as demandas e propostas que foram tra\u00e7adas pela administra\u00e7\u00e3o p\u00fablica.<\/p>\n<p>Os novos servidores s\u00e3o agora parte integrante de um sistema que visa garantir direitos e oferecer oportunidades para todos os cidad\u00e3os. As expectativas s\u00e3o altas quanto ao comprometimento e \u00e0 dedica\u00e7\u00e3o ao trabalho, sendo este um fator crucial para o sucesso das pol\u00edticas p\u00fablicas e do desenvolvimento social e econ\u00f4mico do munic\u00edpio.<\/p>\n<h2>Pr\u00f3ximos Passos ap\u00f3s a Nomea\u00e7\u00e3o<\/h2>\n<p>Ap\u00f3s a nomea\u00e7\u00e3o, os novos servidores devem estar atentos aos procedimentos que se seguir\u00e3o. Uma das primeiras etapas \u00e9 a realiza\u00e7\u00e3o do laudo m\u00e9dico e a entrega da documenta\u00e7\u00e3o solicitada. Uma vez que esses passos forem cumpridos, os nomeados ser\u00e3o informados sobre sua data oficial de posse e os detalhes de sua atua\u00e7\u00e3o nas respectivas secretarias.<\/p>\n<p>Esses procedimentos s\u00e3o fundamentais para assegurar que a integra\u00e7\u00e3o dos novos profissionais ocorra de maneira fluida e organizada. Al\u00e9m do mais, os novos servidores devem estar preparados para participar de treinamentos e capacita\u00e7\u00f5es que podem ser oferecidos pela administra\u00e7\u00e3o, visando uma adapta\u00e7\u00e3o adequada \u00e0s novas fun\u00e7\u00f5es e responsabilidades que vir\u00e3o.<\/p>\n","protected":false},"excerpt":{"rendered":"<p>A Prefeitura de Vit\u00f3ria nomeou os aprovados no concurso p\u00fablico deste ano.<\/p>\n","protected":false},"author":1,"featured_media":7418,"comment_status":"open","ping_status":"open","sticky":false,"template":"","format":"standard","meta":{"footnotes":""},"categories":[5],"tags":[],"class_list":["post-7419","post","type-post","status-publish","format-standard","has-post-thumbnail","hentry","category-noticias","has_thumb"],"yoast_head":"<!-- This site is optimized with the Yoast SEO plugin v27.9 - https:\/\/yoast.com\/product\/yoast-seo-wordpress\/ -->\n<title>Prefeitura de Vit\u00f3ria nomeia aprovados em concurso p\u00fablico | Guia Comercial de Vit\u00f3ria ES<\/title>\n<meta name=\"robots\" content=\"index, follow, max-snippet:-1, max-image-preview:large, max-video-preview:-1\" \/>\n<link rel=\"canonical\" href=\"https:\/\/www.encontravitoria.com.br\/guia\/prefeitura-de-vitoria-nomeia-aprovados-em-concurso-publico\/\" \/>\n<meta property=\"og:locale\" content=\"pt_BR\" \/>\n<meta property=\"og:type\" content=\"article\" \/>\n<meta property=\"og:title\" content=\"Prefeitura de Vit\u00f3ria nomeia aprovados em concurso p\u00fablico | Guia Comercial de Vit\u00f3ria ES\" \/>\n<meta property=\"og:description\" content=\"A Prefeitura de Vit\u00f3ria nomeou os aprovados no concurso p\u00fablico deste ano.\" \/>\n<meta property=\"og:url\" content=\"https:\/\/www.encontravitoria.com.br\/guia\/prefeitura-de-vitoria-nomeia-aprovados-em-concurso-publico\/\" \/>\n<meta property=\"og:site_name\" content=\"Guia Comercial de Vit\u00f3ria ES\" \/>\n<meta property=\"article:published_time\" content=\"2026-01-14T07:48:34+00:00\" \/>\n<meta property=\"og:image\" content=\"https:\/\/www.encontravitoria.com.br\/guia\/wp-content\/uploads\/2026\/01\/prefeitura-de-vitoria-nomeia-aprovados-em-concurso-publico.webp\" \/>\n<meta name=\"author\" content=\"Encontra Vit\u00f3ria\" \/>\n<meta name=\"twitter:card\" content=\"summary_large_image\" \/>\n<meta name=\"twitter:label1\" content=\"Escrito por\" \/>\n\t<meta name=\"twitter:data1\" content=\"Encontra Vit\u00f3ria\" \/>\n\t<meta name=\"twitter:label2\" content=\"Est. tempo de leitura\" \/>\n\t<meta name=\"twitter:data2\" content=\"7 minutos\" \/>\n<script type=\"application\/ld+json\" class=\"yoast-schema-graph\">{\"@context\":\"https:\\\/\\\/schema.org\",\"@graph\":[{\"@type\":\"Article\",\"@id\":\"https:\\\/\\\/www.encontravitoria.com.br\\\/guia\\\/prefeitura-de-vitoria-nomeia-aprovados-em-concurso-publico\\\/#article\",\"isPartOf\":{\"@id\":\"https:\\\/\\\/www.encontravitoria.com.br\\\/guia\\\/prefeitura-de-vitoria-nomeia-aprovados-em-concurso-publico\\\/\"},\"author\":{\"name\":\"Encontra Vit\u00f3ria\",\"@id\":\"https:\\\/\\\/www.encontravitoria.com.br\\\/guia\\\/#\\\/schema\\\/person\\\/e5c86e2a8d5a2a0333f0c44792c74c65\"},\"headline\":\"Prefeitura de Vit\u00f3ria nomeia aprovados em concurso p\u00fablico\",\"datePublished\":\"2026-01-14T07:48:34+00:00\",\"mainEntityOfPage\":{\"@id\":\"https:\\\/\\\/www.encontravitoria.com.br\\\/guia\\\/prefeitura-de-vitoria-nomeia-aprovados-em-concurso-publico\\\/\"},\"wordCount\":1350,\"commentCount\":0,\"image\":{\"@id\":\"https:\\\/\\\/www.encontravitoria.com.br\\\/guia\\\/prefeitura-de-vitoria-nomeia-aprovados-em-concurso-publico\\\/#primaryimage\"},\"thumbnailUrl\":\"https:\\\/\\\/www.encontravitoria.com.br\\\/guia\\\/wp-content\\\/uploads\\\/2026\\\/01\\\/prefeitura-de-vitoria-nomeia-aprovados-em-concurso-publico.webp\",\"articleSection\":[\"Not\u00edcias Vit\u00f3ria\"],\"inLanguage\":\"pt-BR\",\"potentialAction\":[{\"@type\":\"CommentAction\",\"name\":\"Comment\",\"target\":[\"https:\\\/\\\/www.encontravitoria.com.br\\\/guia\\\/prefeitura-de-vitoria-nomeia-aprovados-em-concurso-publico\\\/#respond\"]}]},{\"@type\":\"WebPage\",\"@id\":\"https:\\\/\\\/www.encontravitoria.com.br\\\/guia\\\/prefeitura-de-vitoria-nomeia-aprovados-em-concurso-publico\\\/\",\"url\":\"https:\\\/\\\/www.encontravitoria.com.br\\\/guia\\\/prefeitura-de-vitoria-nomeia-aprovados-em-concurso-publico\\\/\",\"name\":\"Prefeitura de Vit\u00f3ria nomeia aprovados em concurso p\u00fablico | Guia Comercial de Vit\u00f3ria ES\",\"isPartOf\":{\"@id\":\"https:\\\/\\\/www.encontravitoria.com.br\\\/guia\\\/#website\"},\"primaryImageOfPage\":{\"@id\":\"https:\\\/\\\/www.encontravitoria.com.br\\\/guia\\\/prefeitura-de-vitoria-nomeia-aprovados-em-concurso-publico\\\/#primaryimage\"},\"image\":{\"@id\":\"https:\\\/\\\/www.encontravitoria.com.br\\\/guia\\\/prefeitura-de-vitoria-nomeia-aprovados-em-concurso-publico\\\/#primaryimage\"},\"thumbnailUrl\":\"https:\\\/\\\/www.encontravitoria.com.br\\\/guia\\\/wp-content\\\/uploads\\\/2026\\\/01\\\/prefeitura-de-vitoria-nomeia-aprovados-em-concurso-publico.webp\",\"datePublished\":\"2026-01-14T07:48:34+00:00\",\"author\":{\"@id\":\"https:\\\/\\\/www.encontravitoria.com.br\\\/guia\\\/#\\\/schema\\\/person\\\/e5c86e2a8d5a2a0333f0c44792c74c65\"},\"inLanguage\":\"pt-BR\",\"potentialAction\":[{\"@type\":\"ReadAction\",\"target\":[\"https:\\\/\\\/www.encontravitoria.com.br\\\/guia\\\/prefeitura-de-vitoria-nomeia-aprovados-em-concurso-publico\\\/\"]}]},{\"@type\":\"ImageObject\",\"inLanguage\":\"pt-BR\",\"@id\":\"https:\\\/\\\/www.encontravitoria.com.br\\\/guia\\\/prefeitura-de-vitoria-nomeia-aprovados-em-concurso-publico\\\/#primaryimage\",\"url\":\"https:\\\/\\\/www.encontravitoria.com.br\\\/guia\\\/wp-content\\\/uploads\\\/2026\\\/01\\\/prefeitura-de-vitoria-nomeia-aprovados-em-concurso-publico.webp\",\"contentUrl\":\"https:\\\/\\\/www.encontravitoria.com.br\\\/guia\\\/wp-content\\\/uploads\\\/2026\\\/01\\\/prefeitura-de-vitoria-nomeia-aprovados-em-concurso-publico.webp\",\"width\":280,\"height\":280,\"caption\":\"Prefeitura de Vit\u00f3ria nomeia aprovados em concurso p\u00fablico\"},{\"@type\":\"WebSite\",\"@id\":\"https:\\\/\\\/www.encontravitoria.com.br\\\/guia\\\/#website\",\"url\":\"https:\\\/\\\/www.encontravitoria.com.br\\\/guia\\\/\",\"name\":\"Guia Comercial de Vit\u00f3ria ES\",\"description\":\"ENCONTRA VIT\u00d3RIA - O guia comercial de neg\u00f3cios e empresas, cultura e divers\u00e3o na cidade de Vit\u00f3ria. Feito 100% para voc\u00ea morador!\",\"potentialAction\":[{\"@type\":\"SearchAction\",\"target\":{\"@type\":\"EntryPoint\",\"urlTemplate\":\"https:\\\/\\\/www.encontravitoria.com.br\\\/guia\\\/?s={search_term_string}\"},\"query-input\":{\"@type\":\"PropertyValueSpecification\",\"valueRequired\":true,\"valueName\":\"search_term_string\"}}],\"inLanguage\":\"pt-BR\"},{\"@type\":\"Person\",\"@id\":\"https:\\\/\\\/www.encontravitoria.com.br\\\/guia\\\/#\\\/schema\\\/person\\\/e5c86e2a8d5a2a0333f0c44792c74c65\",\"name\":\"Encontra Vit\u00f3ria\",\"image\":{\"@type\":\"ImageObject\",\"inLanguage\":\"pt-BR\",\"@id\":\"https:\\\/\\\/secure.gravatar.com\\\/avatar\\\/c50c17820bcf322f0a8fd6b110b8c0918141409dc69076470f6fca5fee70a5d4?s=96&d=mm&r=g\",\"url\":\"https:\\\/\\\/secure.gravatar.com\\\/avatar\\\/c50c17820bcf322f0a8fd6b110b8c0918141409dc69076470f6fca5fee70a5d4?s=96&d=mm&r=g\",\"contentUrl\":\"https:\\\/\\\/secure.gravatar.com\\\/avatar\\\/c50c17820bcf322f0a8fd6b110b8c0918141409dc69076470f6fca5fee70a5d4?s=96&d=mm&r=g\",\"caption\":\"Encontra Vit\u00f3ria\"},\"url\":\"https:\\\/\\\/www.encontravitoria.com.br\\\/guia\\\/author\\\/encontravitoria\\\/\"}]}<\/script>\n<!-- \/ Yoast SEO plugin. -->","yoast_head_json":{"title":"Prefeitura de Vit\u00f3ria nomeia aprovados em concurso p\u00fablico | Guia Comercial de Vit\u00f3ria ES","robots":{"index":"index","follow":"follow","max-snippet":"max-snippet:-1","max-image-preview":"max-image-preview:large","max-video-preview":"max-video-preview:-1"},"canonical":"https:\/\/www.encontravitoria.com.br\/guia\/prefeitura-de-vitoria-nomeia-aprovados-em-concurso-publico\/","og_locale":"pt_BR","og_type":"article","og_title":"Prefeitura de Vit\u00f3ria nomeia aprovados em concurso p\u00fablico | Guia Comercial de Vit\u00f3ria ES","og_description":"A Prefeitura de Vit\u00f3ria nomeou os aprovados no concurso p\u00fablico deste ano.","og_url":"https:\/\/www.encontravitoria.com.br\/guia\/prefeitura-de-vitoria-nomeia-aprovados-em-concurso-publico\/","og_site_name":"Guia Comercial de Vit\u00f3ria ES","article_published_time":"2026-01-14T07:48:34+00:00","og_image":[{"url":"https:\/\/www.encontravitoria.com.br\/guia\/wp-content\/uploads\/2026\/01\/prefeitura-de-vitoria-nomeia-aprovados-em-concurso-publico.webp","type":"","width":"","height":""}],"author":"Encontra Vit\u00f3ria","twitter_card":"summary_large_image","twitter_misc":{"Escrito por":"Encontra Vit\u00f3ria","Est. tempo de leitura":"7 minutos"},"schema":{"@context":"https:\/\/schema.org","@graph":[{"@type":"Article","@id":"https:\/\/www.encontravitoria.com.br\/guia\/prefeitura-de-vitoria-nomeia-aprovados-em-concurso-publico\/#article","isPartOf":{"@id":"https:\/\/www.encontravitoria.com.br\/guia\/prefeitura-de-vitoria-nomeia-aprovados-em-concurso-publico\/"},"author":{"name":"Encontra Vit\u00f3ria","@id":"https:\/\/www.encontravitoria.com.br\/guia\/#\/schema\/person\/e5c86e2a8d5a2a0333f0c44792c74c65"},"headline":"Prefeitura de Vit\u00f3ria nomeia aprovados em concurso p\u00fablico","datePublished":"2026-01-14T07:48:34+00:00","mainEntityOfPage":{"@id":"https:\/\/www.encontravitoria.com.br\/guia\/prefeitura-de-vitoria-nomeia-aprovados-em-concurso-publico\/"},"wordCount":1350,"commentCount":0,"image":{"@id":"https:\/\/www.encontravitoria.com.br\/guia\/prefeitura-de-vitoria-nomeia-aprovados-em-concurso-publico\/#primaryimage"},"thumbnailUrl":"https:\/\/www.encontravitoria.com.br\/guia\/wp-content\/uploads\/2026\/01\/prefeitura-de-vitoria-nomeia-aprovados-em-concurso-publico.webp","articleSection":["Not\u00edcias Vit\u00f3ria"],"inLanguage":"pt-BR","potentialAction":[{"@type":"CommentAction","name":"Comment","target":["https:\/\/www.encontravitoria.com.br\/guia\/prefeitura-de-vitoria-nomeia-aprovados-em-concurso-publico\/#respond"]}]},{"@type":"WebPage","@id":"https:\/\/www.encontravitoria.com.br\/guia\/prefeitura-de-vitoria-nomeia-aprovados-em-concurso-publico\/","url":"https:\/\/www.encontravitoria.com.br\/guia\/prefeitura-de-vitoria-nomeia-aprovados-em-concurso-publico\/","name":"Prefeitura de Vit\u00f3ria nomeia aprovados em concurso p\u00fablico | Guia Comercial de Vit\u00f3ria ES","isPartOf":{"@id":"https:\/\/www.encontravitoria.com.br\/guia\/#website"},"primaryImageOfPage":{"@id":"https:\/\/www.encontravitoria.com.br\/guia\/prefeitura-de-vitoria-nomeia-aprovados-em-concurso-publico\/#primaryimage"},"image":{"@id":"https:\/\/www.encontravitoria.com.br\/guia\/prefeitura-de-vitoria-nomeia-aprovados-em-concurso-publico\/#primaryimage"},"thumbnailUrl":"https:\/\/www.encontravitoria.com.br\/guia\/wp-content\/uploads\/2026\/01\/prefeitura-de-vitoria-nomeia-aprovados-em-concurso-publico.webp","datePublished":"2026-01-14T07:48:34+00:00","author":{"@id":"https:\/\/www.encontravitoria.com.br\/guia\/#\/schema\/person\/e5c86e2a8d5a2a0333f0c44792c74c65"},"inLanguage":"pt-BR","potentialAction":[{"@type":"ReadAction","target":["https:\/\/www.encontravitoria.com.br\/guia\/prefeitura-de-vitoria-nomeia-aprovados-em-concurso-publico\/"]}]},{"@type":"ImageObject","inLanguage":"pt-BR","@id":"https:\/\/www.encontravitoria.com.br\/guia\/prefeitura-de-vitoria-nomeia-aprovados-em-concurso-publico\/#primaryimage","url":"https:\/\/www.encontravitoria.com.br\/guia\/wp-content\/uploads\/2026\/01\/prefeitura-de-vitoria-nomeia-aprovados-em-concurso-publico.webp","contentUrl":"https:\/\/www.encontravitoria.com.br\/guia\/wp-content\/uploads\/2026\/01\/prefeitura-de-vitoria-nomeia-aprovados-em-concurso-publico.webp","width":280,"height":280,"caption":"Prefeitura de Vit\u00f3ria nomeia aprovados em concurso p\u00fablico"},{"@type":"WebSite","@id":"https:\/\/www.encontravitoria.com.br\/guia\/#website","url":"https:\/\/www.encontravitoria.com.br\/guia\/","name":"Guia Comercial de Vit\u00f3ria ES","description":"ENCONTRA VIT\u00d3RIA - O guia comercial de neg\u00f3cios e empresas, cultura e divers\u00e3o na cidade de Vit\u00f3ria. Feito 100% para voc\u00ea morador!","potentialAction":[{"@type":"SearchAction","target":{"@type":"EntryPoint","urlTemplate":"https:\/\/www.encontravitoria.com.br\/guia\/?s={search_term_string}"},"query-input":{"@type":"PropertyValueSpecification","valueRequired":true,"valueName":"search_term_string"}}],"inLanguage":"pt-BR"},{"@type":"Person","@id":"https:\/\/www.encontravitoria.com.br\/guia\/#\/schema\/person\/e5c86e2a8d5a2a0333f0c44792c74c65","name":"Encontra Vit\u00f3ria","image":{"@type":"ImageObject","inLanguage":"pt-BR","@id":"https:\/\/secure.gravatar.com\/avatar\/c50c17820bcf322f0a8fd6b110b8c0918141409dc69076470f6fca5fee70a5d4?s=96&d=mm&r=g","url":"https:\/\/secure.gravatar.com\/avatar\/c50c17820bcf322f0a8fd6b110b8c0918141409dc69076470f6fca5fee70a5d4?s=96&d=mm&r=g","contentUrl":"https:\/\/secure.gravatar.com\/avatar\/c50c17820bcf322f0a8fd6b110b8c0918141409dc69076470f6fca5fee70a5d4?s=96&d=mm&r=g","caption":"Encontra Vit\u00f3ria"},"url":"https:\/\/www.encontravitoria.com.br\/guia\/author\/encontravitoria\/"}]}},"_links":{"self":[{"href":"https:\/\/www.encontravitoria.com.br\/guia\/wp-json\/wp\/v2\/posts\/7419","targetHints":{"allow":["GET"]}}],"collection":[{"href":"https:\/\/www.encontravitoria.com.br\/guia\/wp-json\/wp\/v2\/posts"}],"about":[{"href":"https:\/\/www.encontravitoria.com.br\/guia\/wp-json\/wp\/v2\/types\/post"}],"author":[{"embeddable":true,"href":"https:\/\/www.encontravitoria.com.br\/guia\/wp-json\/wp\/v2\/users\/1"}],"replies":[{"embeddable":true,"href":"https:\/\/www.encontravitoria.com.br\/guia\/wp-json\/wp\/v2\/comments?post=7419"}],"version-history":[{"count":0,"href":"https:\/\/www.encontravitoria.com.br\/guia\/wp-json\/wp\/v2\/posts\/7419\/revisions"}],"wp:featuredmedia":[{"embeddable":true,"href":"https:\/\/www.encontravitoria.com.br\/guia\/wp-json\/wp\/v2\/media\/7418"}],"wp:attachment":[{"href":"https:\/\/www.encontravitoria.com.br\/guia\/wp-json\/wp\/v2\/media?parent=7419"}],"wp:term":[{"taxonomy":"category","embeddable":true,"href":"https:\/\/www.encontravitoria.com.br\/guia\/wp-json\/wp\/v2\/categories?post=7419"},{"taxonomy":"post_tag","embeddable":true,"href":"https:\/\/www.encontravitoria.com.br\/guia\/wp-json\/wp\/v2\/tags?post=7419"}],"curies":[{"name":"wp","href":"https:\/\/api.w.org\/{rel}","templated":true}]}}