{"id":7443,"date":"2026-01-18T04:48:37","date_gmt":"2026-01-18T07:48:37","guid":{"rendered":"https:\/\/www.encontravitoria.com.br\/guia\/educacao-pmv-nomeia-professores-para-atuarem-na-rede-municipal\/"},"modified":"2026-01-18T04:48:37","modified_gmt":"2026-01-18T07:48:37","slug":"educacao-pmv-nomeia-professores-para-atuarem-na-rede-municipal","status":"publish","type":"post","link":"https:\/\/www.encontravitoria.com.br\/guia\/educacao-pmv-nomeia-professores-para-atuarem-na-rede-municipal\/","title":{"rendered":"Educa\u00e7\u00e3o: PMV nomeia professores para atuarem na rede municipal"},"content":{"rendered":"<h2>O que \u00e9 o Processo Seletivo Simplificado?<\/h2>\n<p>O Processo Seletivo Simplificado \u00e9 um procedimento administrativo que visa a contrata\u00e7\u00e3o tempor\u00e1ria de profissionais para o exerc\u00edcio de fun\u00e7\u00f5es espec\u00edficas dentro das institui\u00e7\u00f5es p\u00fablicas, neste caso, na rede municipal de educa\u00e7\u00e3o de Vit\u00f3ria. Ao contr\u00e1rio de concursos p\u00fablicos que exigem um maior tempo para a realiza\u00e7\u00e3o das provas e classifica\u00e7\u00e3o, o processo seletivo simplificado \u00e9 mais \u00e1gil, permitindo a r\u00e1pida contrata\u00e7\u00e3o de pessoal qualificado que possa atender \u00e0 demanda emergente.<\/p>\n<p>Esses processos s\u00e3o realizados principalmente em \u00e1reas que necessitam de profissionais imediatamente, como a educa\u00e7\u00e3o, sa\u00fade e seguran\u00e7a, onde a car\u00eancia de recursos humanos pode impactar diretamente no servi\u00e7o prestado \u00e0 popula\u00e7\u00e3o. No caso espec\u00edfico da educa\u00e7\u00e3o, a nomea\u00e7\u00e3o de professores aptos para atuar em sala de aula \u00e9 fundamental para garantir a qualidade do ensino.<\/p>\n<p>O eficiente funcionamento do Processo Seletivo Simplificado \u00e9 regido por normas que garantem a transpar\u00eancia e equidade na sele\u00e7\u00e3o dos candidatos. Assim, s\u00e3o estabelecidas regras claras de inscri\u00e7\u00e3o, avalia\u00e7\u00e3o e escolha dos concorrentes, assegurando que as melhores propostas em termos de habilidades e experi\u00eancias sejam escolhidas para compor a equipe educativa.<\/p>\n<p><img decoding=\"async\" src=\"https:\/\/www.encontravitoria.com.br\/guia\/wp-content\/uploads\/2026\/01\/educacao-pmv-nomeia-professores-para-atuarem-na-rede-municipal.webp\" alt=\"Educa\u00e7\u00e3o\" loading=\"lazy\" \/><\/p>\n<h2>Import\u00e2ncia da Nomea\u00e7\u00e3o de Professores<\/h2>\n<p>A nomea\u00e7\u00e3o de professores \u00e9 um aspecto crucial para garantir a qualidade do ensino nas escolas municipais. Professores bem preparados e qualificados s\u00e3o a base para a constru\u00e7\u00e3o de um sistema educacional s\u00f3lido. Quando uma nova turma de professores \u00e9 nomeada, isso significa que as escolas podem expandir ou melhorar suas ofertas de aprendizado, bem como atender a um n\u00famero maior de alunos. Isso \u00e9 especialmente crucial em um cen\u00e1rio onde a demanda por educa\u00e7\u00e3o de qualidade aumenta continuamente.<\/p>\n<p>Al\u00e9m disso, a nomea\u00e7\u00e3o de professores traz benef\u00edcios diretos para os alunos. Com um corpo docente qualificado, os alunos t\u00eam acesso a um ensino mais rico e diversificado, que pode atender \u00e0s suas necessidades. Os professores podem trazer novos m\u00e9todos pedag\u00f3gicos, tecnologias e conhecimentos atualizados, influenciando positivamente o desempenho dos alunos e sua disposi\u00e7\u00e3o para aprender.<\/p>\n<p>Outro ponto relevante \u00e9 o fortalecimento da comunidade escolar, o que gera um ambiente more envolvente e solid\u00e1rio. Professores motivados e capacitados podem tamb\u00e9m atuar como mentores e guias para os alunos, ajudando na constru\u00e7\u00e3o de suas personalidades e na forma\u00e7\u00e3o de cidad\u00e3os cr\u00edticos e conscientes.<\/p>\n<h2>Como a Nomea\u00e7\u00e3o Beneficia os Alunos<\/h2>\n<p>Com a nomea\u00e7\u00e3o de novos professores, os alunos podem se beneficiar de diversas formas. Primeiramente, a diversidade de professores pode enriquecer a experi\u00eancia de aprendizado. Professores com diferentes forma\u00e7\u00f5es, culturas e expertise trazem uma gama variada de perspectivas que s\u00e3o valiosas para os alunos, tornando as aulas mais interessantes e din\u00e2micas.<\/p>\n<p>Al\u00e9m disso, a presen\u00e7a de mais professores na sala de aula geralmente resulta em turmas menores, o que permite um acompanhamento mais individualizado dos alunos. Quando h\u00e1 menos alunos por professor, as intera\u00e7\u00f5es s\u00e3o mais significativas, os alunos t\u00eam mais oportunidades para fazer perguntas e participar ativamente do aprendizado. Isso \u00e9 especialmente importante em educa\u00e7\u00e3o infantil e nas primeiras s\u00e9ries, onde o desenvolvimento de habilidades socioemocionais e acad\u00eamicas \u00e9 vital.<\/p>\n<p>Outro aspecto \u00e9 a possibilidade de implementa\u00e7\u00e3o de programas de inclus\u00e3o, uma vez que a nomea\u00e7\u00e3o de professores capacitados para trabalhar com alunos com necessidades especiais garante que todos tenham acesso a uma educa\u00e7\u00e3o de qualidade, promovendo a igualdade de oportunidades.<\/p>\n<h2>Os Desafios da Educa\u00e7\u00e3o Municipal<\/h2>\n<p>Embora a nomea\u00e7\u00e3o de novos professores seja uma a\u00e7\u00e3o positiva, a educa\u00e7\u00e3o municipal enfrenta diversos desafios que podem impactar a efic\u00e1cia dessa estrat\u00e9gia. Um dos maiores obst\u00e1culos \u00e9 a infraestrutura das escolas. Muitas vezes, as institui\u00e7\u00f5es n\u00e3o possuem as condi\u00e7\u00f5es adequadas para proporcionar um ambiente de aprendizado ideal, como salas adequadas, equipamentos e recursos pedag\u00f3gicos. Sem essas condi\u00e7\u00f5es, mesmo os melhores professores podem encontrar dificuldades para exercer sua profiss\u00e3o da melhor maneira.<\/p>\n<p>Outro desafio relevante \u00e9 a falta de forma\u00e7\u00e3o continuada dos docentes. A educa\u00e7\u00e3o \u00e9 uma \u00e1rea que est\u00e1 em constante evolu\u00e7\u00e3o, e os professores precisam se atualizar sobre pr\u00e1ticas pedag\u00f3gicas, t\u00e9cnicas de ensino e novas tecnologias aplic\u00e1veis na sala de aula. Portanto, investir em capacita\u00e7\u00e3o \u00e9 crucial para garantir que os educadores estejam sempre preparados para oferecer um ensino de qualidade.<\/p>\n<p>Al\u00e9m disso, a desmotiva\u00e7\u00e3o e a rotatividade de professores s\u00e3o realidades que o sistema educacional enfrenta. Professores que n\u00e3o se sentem valorizados ou que enfrentam condi\u00e7\u00f5es adversas acabam deixando suas fun\u00e7\u00f5es. \u00c9 necess\u00e1rio que as gest\u00f5es educacionais promovam um ambiente de valoriza\u00e7\u00e3o e um plano de carreira atrativo.<\/p>\n<h2>Documenta\u00e7\u00e3o Necess\u00e1ria para a Convoca\u00e7\u00e3o<\/h2>\n<p>Todos os candidatos convocados no Processo Seletivo Simplificado devem estar atentos \u00e0 documenta\u00e7\u00e3o que deve ser apresentada no ato da sua assinatura de contrato. Este \u00e9 um passo fundamental para assegurar a legalidade da contrata\u00e7\u00e3o e a conformidade com as normas estabelecidas pela administra\u00e7\u00e3o p\u00fablica. Os documentos comumente exigidos incluem:<\/p>\n<ul>\n<li><strong>Laudo M\u00e9dico Admissional:<\/strong> Esse documento \u00e9 crucial para garantir que o profissional est\u00e1 apto para assumir as fun\u00e7\u00f5es que ir\u00e1 desempenhar.<\/li>\n<li><strong>Comprovante de Habilita\u00e7\u00e3o:<\/strong> \u00c9 necess\u00e1rio apresentar o documento que comprova que o candidato possui forma\u00e7\u00e3o adequada para o cargo.<\/li>\n<li><strong>Documentos Pessoais:<\/strong> S\u00e3o exigidos documentos como CPF, RG e comprovante de resid\u00eancia atual.<\/li>\n<li><strong>Declara\u00e7\u00e3o de Ac\u00famulo de Cargos:<\/strong> Para os docentes com v\u00ednculos p\u00fablicos, \u00e9 necess\u00e1rio apresentar uma declara\u00e7\u00e3o onde conste a aus\u00eancia de ac\u00famulo de cargos, caso contr\u00e1rio, o servidor deve optar por um v\u00ednculo.<\/li>\n<\/ul>\n<p>A entrega desses documentos deve ser feita dentro dos prazos estabelecidos, e todos devem estar em perfeita ordem, sem rasuras e leg\u00edveis. A falta de algum documento pode resultar na elimina\u00e7\u00e3o do candidato, o que torna essencial a prepara\u00e7\u00e3o pr\u00e9via e o cumprimento das orienta\u00e7\u00f5es contidas nos editais.<\/p>\n<h2>Local de Comparecimento para os Nomeados<\/h2>\n<p>As informa\u00e7\u00f5es sobre onde os candidatos devem se apresentar ap\u00f3s serem convocados podem ser encontradas no edital do processo seletivo. Normalmente, a convoca\u00e7\u00e3o ocorre em locais centrais, como a sede da Prefeitura de Vit\u00f3ria. \u00c9 importante que os nomeados compare\u00e7am na data e hor\u00e1rio determinados, munidos com todos os documentos necess\u00e1rios para evitar quaisquer contratempos. A organiza\u00e7\u00e3o na entrega e a pontualidade s\u00e3o chave para o sucesso na conclus\u00e3o desse processo.<\/p>\n<p>Al\u00e9m disso, durante o comparecimento, os candidatos t\u00eam a oportunidade de conhecer mais sobre o ambiente de trabalho, novos colegas e a estrutura educativa da institui\u00e7\u00e3o onde ir\u00e3o atuar. Esse primeiro contato pode ser positivo para a adapta\u00e7\u00e3o e inclus\u00e3o no ambiente escolar.<\/p>\n<h2>A Fun\u00e7\u00e3o do Professor de Educa\u00e7\u00e3o B\u00e1sica III<\/h2>\n<p>Os docentes convocados para o cargo de Professor de Educa\u00e7\u00e3o B\u00e1sica III t\u00eam uma fun\u00e7\u00e3o importante no sistema de ensino, que abrange diversas disciplinas, dependendo da grade curricular estabelecida. Essa fun\u00e7\u00e3o vai al\u00e9m da simples transmiss\u00e3o de conhecimento; envolve tamb\u00e9m a forma\u00e7\u00e3o integral dos alunos, abrangendo aspectos sociais, emocionais, culturais e cognitivos.<\/p>\n<p>O Professor de Educa\u00e7\u00e3o B\u00e1sica III tamb\u00e9m desempenha um papel no cotidiano escolar, muitas vezes assumindo fun\u00e7\u00f5es de pedagogos dentro da sala de aula e colaborando diretamente com a gest\u00e3o escolar. Essa colabora\u00e7\u00e3o \u00e9 essencial para garantir o atendimento \u00e0s necessidades de aprendizagem dos alunos e a implementa\u00e7\u00e3o de programas educacionais eficazes.<\/p>\n<p>Ademais, a intera\u00e7\u00e3o com a comunidade escolar, incluindo pais e respons\u00e1veis, \u00e9 um aspecto vital da fun\u00e7\u00e3o docente. A comunica\u00e7\u00e3o aberta e o engajamento com as fam\u00edlias contribuem para um melhor ambiente escolar e para o desenvolvimento do aluno.<\/p>\n<h2>Expectativas para o Ano Letivo de 2026<\/h2>\n<p>O ano letivo de 2026 promete ser cheio de desafios e oportunidades para a educa\u00e7\u00e3o em Vit\u00f3ria. Espera-se que com a nomea\u00e7\u00e3o dos novos professores, as escolas consigam atender um maior n\u00famero de alunos e ampliar o leque de atividades oferecidas. A expectativa \u00e9 de que a inclus\u00e3o e a diversidade sejam priorizadas, com a promo\u00e7\u00e3o de projetos que valorizem cada individuo.<\/p>\n<p>Outro ponto importante s\u00e3o as iniciativas que est\u00e3o sendo planejadas para o uso de tecnologias no ambiente educativo. A integra\u00e7\u00e3o de ferramentas digitais no ensino ser\u00e1 um diferencial que pode enriquecer a experi\u00eancia de aprendizado e facilitar o acesso aos conte\u00fados. Professores e alunos estar\u00e3o mais conectados e integrados, o que pode potencializar o desenvolvimento de habilidades necess\u00e1rias para o s\u00e9culo XXI.<\/p>\n<h2>Impactos na Comunidade Escolar<\/h2>\n<p>A nomea\u00e7\u00e3o de novos professores impactar\u00e1 diretamente a comunidade escolar de v\u00e1rias maneiras. Inicialmente, a qualidade do ensino tende a aumentar, uma vez que com mais profissionais qualificados, as estrat\u00e9gias de ensino podem ser diversificadas e adaptadas \u00e0s necessidades dos alunos. Os resultados educacionais se refletem em toda a comunidade, promovendo um ambiente escolar que \u00e9 simbiose de aprendizado cont\u00ednuo e de suporte m\u00fatuo.<\/p>\n<p>Al\u00e9m disso, a presen\u00e7a de novos professores pode contribuir para revitalizar o ambiente escolar, impulsionando iniciativas que envolvam pais, alunos e a comunidade em geral. Essa integra\u00e7\u00e3o \u00e9 vital para cultivar um espa\u00e7o escolar acolhedor, colaborativo e din\u00e2mico.<\/p>\n<p>As atividades extracurriculares tamb\u00e9m devem se beneficiar com a nova equipe docente, criando um leque maior de op\u00e7\u00f5es e possibilitando que mais alunos se envolvam em diferentes \u00e1reas de interesse, como artes, esportes e tecnologia.<\/p>\n<h2>Pr\u00f3ximos Passos Ap\u00f3s a Nomea\u00e7\u00e3o<\/h2>\n<p>Ap\u00f3s a nomea\u00e7\u00e3o, \u00e9 fundamental que os professores empossados participem de capacita\u00e7\u00f5es e treinamentos oferecidos pela Prefeitura ou pela Secretaria de Educa\u00e7\u00e3o. Essas forma\u00e7\u00f5es s\u00e3o essenciais para garantir a integra\u00e7\u00e3o e a adequa\u00e7\u00e3o dos novos docentes ao modelo de ensino e \u00e0 cultura escolar do munic\u00edpio.<\/p>\n<p>Os professores dever\u00e3o tamb\u00e9m se reunir com suas equipes e diretores para alinhar as expectativas e tra\u00e7ar um plano de a\u00e7\u00e3o para o ano letivo. Se envolver em discuss\u00f5es sobre curr\u00edculos, abordagens pedag\u00f3gicas e estrat\u00e9gias de avalia\u00e7\u00e3o ser\u00e1 crucial para mesclar suas experi\u00eancias com as pr\u00e1ticas j\u00e1 adotadas nas escolas.<\/p>\n<p>Por fim, a constru\u00e7\u00e3o de um di\u00e1logo aberto com a comunidade escolar e a sensibiliza\u00e7\u00e3o sobre a import\u00e2ncia do papel docente ser\u00e1 um dos passos mais significativos para criar um ambiente harmonioso e prop\u00edcio ao aprendizado, onde alunos e professores possam crescer juntos.<\/p>\n","protected":false},"excerpt":{"rendered":"<p>Educa\u00e7\u00e3o: PMV nomeia professores para fortalecer a rede municipal.<\/p>\n","protected":false},"author":1,"featured_media":7442,"comment_status":"open","ping_status":"open","sticky":false,"template":"","format":"standard","meta":{"footnotes":""},"categories":[5],"tags":[],"class_list":["post-7443","post","type-post","status-publish","format-standard","has-post-thumbnail","hentry","category-noticias","has_thumb"],"yoast_head":"<!-- This site is optimized with the Yoast SEO plugin v27.9 - https:\/\/yoast.com\/product\/yoast-seo-wordpress\/ -->\n<title>Educa\u00e7\u00e3o: PMV nomeia professores para atuarem na rede municipal | Guia Comercial de Vit\u00f3ria ES<\/title>\n<meta name=\"robots\" content=\"index, follow, max-snippet:-1, max-image-preview:large, max-video-preview:-1\" \/>\n<link rel=\"canonical\" href=\"https:\/\/www.encontravitoria.com.br\/guia\/educacao-pmv-nomeia-professores-para-atuarem-na-rede-municipal\/\" \/>\n<meta property=\"og:locale\" content=\"pt_BR\" \/>\n<meta property=\"og:type\" content=\"article\" \/>\n<meta property=\"og:title\" content=\"Educa\u00e7\u00e3o: PMV nomeia professores para atuarem na rede municipal | Guia Comercial de Vit\u00f3ria ES\" \/>\n<meta property=\"og:description\" content=\"Educa\u00e7\u00e3o: PMV nomeia professores para fortalecer a rede municipal.\" \/>\n<meta property=\"og:url\" content=\"https:\/\/www.encontravitoria.com.br\/guia\/educacao-pmv-nomeia-professores-para-atuarem-na-rede-municipal\/\" \/>\n<meta property=\"og:site_name\" content=\"Guia Comercial de Vit\u00f3ria ES\" \/>\n<meta property=\"article:published_time\" content=\"2026-01-18T07:48:37+00:00\" \/>\n<meta property=\"og:image\" content=\"https:\/\/www.encontravitoria.com.br\/guia\/wp-content\/uploads\/2026\/01\/educacao-pmv-nomeia-professores-para-atuarem-na-rede-municipal.webp\" \/>\n<meta name=\"author\" content=\"Encontra Vit\u00f3ria\" \/>\n<meta name=\"twitter:card\" content=\"summary_large_image\" \/>\n<meta name=\"twitter:label1\" content=\"Escrito por\" \/>\n\t<meta name=\"twitter:data1\" content=\"Encontra Vit\u00f3ria\" \/>\n\t<meta name=\"twitter:label2\" content=\"Est. tempo de leitura\" \/>\n\t<meta name=\"twitter:data2\" content=\"9 minutos\" \/>\n<script type=\"application\/ld+json\" class=\"yoast-schema-graph\">{\"@context\":\"https:\\\/\\\/schema.org\",\"@graph\":[{\"@type\":\"Article\",\"@id\":\"https:\\\/\\\/www.encontravitoria.com.br\\\/guia\\\/educacao-pmv-nomeia-professores-para-atuarem-na-rede-municipal\\\/#article\",\"isPartOf\":{\"@id\":\"https:\\\/\\\/www.encontravitoria.com.br\\\/guia\\\/educacao-pmv-nomeia-professores-para-atuarem-na-rede-municipal\\\/\"},\"author\":{\"name\":\"Encontra Vit\u00f3ria\",\"@id\":\"https:\\\/\\\/www.encontravitoria.com.br\\\/guia\\\/#\\\/schema\\\/person\\\/e5c86e2a8d5a2a0333f0c44792c74c65\"},\"headline\":\"Educa\u00e7\u00e3o: PMV nomeia professores para atuarem na rede municipal\",\"datePublished\":\"2026-01-18T07:48:37+00:00\",\"mainEntityOfPage\":{\"@id\":\"https:\\\/\\\/www.encontravitoria.com.br\\\/guia\\\/educacao-pmv-nomeia-professores-para-atuarem-na-rede-municipal\\\/\"},\"wordCount\":1801,\"commentCount\":0,\"image\":{\"@id\":\"https:\\\/\\\/www.encontravitoria.com.br\\\/guia\\\/educacao-pmv-nomeia-professores-para-atuarem-na-rede-municipal\\\/#primaryimage\"},\"thumbnailUrl\":\"https:\\\/\\\/www.encontravitoria.com.br\\\/guia\\\/wp-content\\\/uploads\\\/2026\\\/01\\\/educacao-pmv-nomeia-professores-para-atuarem-na-rede-municipal.webp\",\"articleSection\":[\"Not\u00edcias Vit\u00f3ria\"],\"inLanguage\":\"pt-BR\",\"potentialAction\":[{\"@type\":\"CommentAction\",\"name\":\"Comment\",\"target\":[\"https:\\\/\\\/www.encontravitoria.com.br\\\/guia\\\/educacao-pmv-nomeia-professores-para-atuarem-na-rede-municipal\\\/#respond\"]}]},{\"@type\":\"WebPage\",\"@id\":\"https:\\\/\\\/www.encontravitoria.com.br\\\/guia\\\/educacao-pmv-nomeia-professores-para-atuarem-na-rede-municipal\\\/\",\"url\":\"https:\\\/\\\/www.encontravitoria.com.br\\\/guia\\\/educacao-pmv-nomeia-professores-para-atuarem-na-rede-municipal\\\/\",\"name\":\"Educa\u00e7\u00e3o: PMV nomeia professores para atuarem na rede municipal | Guia Comercial de Vit\u00f3ria ES\",\"isPartOf\":{\"@id\":\"https:\\\/\\\/www.encontravitoria.com.br\\\/guia\\\/#website\"},\"primaryImageOfPage\":{\"@id\":\"https:\\\/\\\/www.encontravitoria.com.br\\\/guia\\\/educacao-pmv-nomeia-professores-para-atuarem-na-rede-municipal\\\/#primaryimage\"},\"image\":{\"@id\":\"https:\\\/\\\/www.encontravitoria.com.br\\\/guia\\\/educacao-pmv-nomeia-professores-para-atuarem-na-rede-municipal\\\/#primaryimage\"},\"thumbnailUrl\":\"https:\\\/\\\/www.encontravitoria.com.br\\\/guia\\\/wp-content\\\/uploads\\\/2026\\\/01\\\/educacao-pmv-nomeia-professores-para-atuarem-na-rede-municipal.webp\",\"datePublished\":\"2026-01-18T07:48:37+00:00\",\"author\":{\"@id\":\"https:\\\/\\\/www.encontravitoria.com.br\\\/guia\\\/#\\\/schema\\\/person\\\/e5c86e2a8d5a2a0333f0c44792c74c65\"},\"inLanguage\":\"pt-BR\",\"potentialAction\":[{\"@type\":\"ReadAction\",\"target\":[\"https:\\\/\\\/www.encontravitoria.com.br\\\/guia\\\/educacao-pmv-nomeia-professores-para-atuarem-na-rede-municipal\\\/\"]}]},{\"@type\":\"ImageObject\",\"inLanguage\":\"pt-BR\",\"@id\":\"https:\\\/\\\/www.encontravitoria.com.br\\\/guia\\\/educacao-pmv-nomeia-professores-para-atuarem-na-rede-municipal\\\/#primaryimage\",\"url\":\"https:\\\/\\\/www.encontravitoria.com.br\\\/guia\\\/wp-content\\\/uploads\\\/2026\\\/01\\\/educacao-pmv-nomeia-professores-para-atuarem-na-rede-municipal.webp\",\"contentUrl\":\"https:\\\/\\\/www.encontravitoria.com.br\\\/guia\\\/wp-content\\\/uploads\\\/2026\\\/01\\\/educacao-pmv-nomeia-professores-para-atuarem-na-rede-municipal.webp\",\"width\":280,\"height\":280,\"caption\":\"Educa\u00e7\u00e3o\"},{\"@type\":\"WebSite\",\"@id\":\"https:\\\/\\\/www.encontravitoria.com.br\\\/guia\\\/#website\",\"url\":\"https:\\\/\\\/www.encontravitoria.com.br\\\/guia\\\/\",\"name\":\"Guia Comercial de Vit\u00f3ria ES\",\"description\":\"ENCONTRA VIT\u00d3RIA - O guia comercial de neg\u00f3cios e empresas, cultura e divers\u00e3o na cidade de Vit\u00f3ria. Feito 100% para voc\u00ea morador!\",\"potentialAction\":[{\"@type\":\"SearchAction\",\"target\":{\"@type\":\"EntryPoint\",\"urlTemplate\":\"https:\\\/\\\/www.encontravitoria.com.br\\\/guia\\\/?s={search_term_string}\"},\"query-input\":{\"@type\":\"PropertyValueSpecification\",\"valueRequired\":true,\"valueName\":\"search_term_string\"}}],\"inLanguage\":\"pt-BR\"},{\"@type\":\"Person\",\"@id\":\"https:\\\/\\\/www.encontravitoria.com.br\\\/guia\\\/#\\\/schema\\\/person\\\/e5c86e2a8d5a2a0333f0c44792c74c65\",\"name\":\"Encontra Vit\u00f3ria\",\"image\":{\"@type\":\"ImageObject\",\"inLanguage\":\"pt-BR\",\"@id\":\"https:\\\/\\\/secure.gravatar.com\\\/avatar\\\/c50c17820bcf322f0a8fd6b110b8c0918141409dc69076470f6fca5fee70a5d4?s=96&d=mm&r=g\",\"url\":\"https:\\\/\\\/secure.gravatar.com\\\/avatar\\\/c50c17820bcf322f0a8fd6b110b8c0918141409dc69076470f6fca5fee70a5d4?s=96&d=mm&r=g\",\"contentUrl\":\"https:\\\/\\\/secure.gravatar.com\\\/avatar\\\/c50c17820bcf322f0a8fd6b110b8c0918141409dc69076470f6fca5fee70a5d4?s=96&d=mm&r=g\",\"caption\":\"Encontra Vit\u00f3ria\"},\"url\":\"https:\\\/\\\/www.encontravitoria.com.br\\\/guia\\\/author\\\/encontravitoria\\\/\"}]}<\/script>\n<!-- \/ Yoast SEO plugin. -->","yoast_head_json":{"title":"Educa\u00e7\u00e3o: PMV nomeia professores para atuarem na rede municipal | Guia Comercial de Vit\u00f3ria ES","robots":{"index":"index","follow":"follow","max-snippet":"max-snippet:-1","max-image-preview":"max-image-preview:large","max-video-preview":"max-video-preview:-1"},"canonical":"https:\/\/www.encontravitoria.com.br\/guia\/educacao-pmv-nomeia-professores-para-atuarem-na-rede-municipal\/","og_locale":"pt_BR","og_type":"article","og_title":"Educa\u00e7\u00e3o: PMV nomeia professores para atuarem na rede municipal | Guia Comercial de Vit\u00f3ria ES","og_description":"Educa\u00e7\u00e3o: PMV nomeia professores para fortalecer a rede municipal.","og_url":"https:\/\/www.encontravitoria.com.br\/guia\/educacao-pmv-nomeia-professores-para-atuarem-na-rede-municipal\/","og_site_name":"Guia Comercial de Vit\u00f3ria ES","article_published_time":"2026-01-18T07:48:37+00:00","og_image":[{"url":"https:\/\/www.encontravitoria.com.br\/guia\/wp-content\/uploads\/2026\/01\/educacao-pmv-nomeia-professores-para-atuarem-na-rede-municipal.webp","type":"","width":"","height":""}],"author":"Encontra Vit\u00f3ria","twitter_card":"summary_large_image","twitter_misc":{"Escrito por":"Encontra Vit\u00f3ria","Est. tempo de leitura":"9 minutos"},"schema":{"@context":"https:\/\/schema.org","@graph":[{"@type":"Article","@id":"https:\/\/www.encontravitoria.com.br\/guia\/educacao-pmv-nomeia-professores-para-atuarem-na-rede-municipal\/#article","isPartOf":{"@id":"https:\/\/www.encontravitoria.com.br\/guia\/educacao-pmv-nomeia-professores-para-atuarem-na-rede-municipal\/"},"author":{"name":"Encontra Vit\u00f3ria","@id":"https:\/\/www.encontravitoria.com.br\/guia\/#\/schema\/person\/e5c86e2a8d5a2a0333f0c44792c74c65"},"headline":"Educa\u00e7\u00e3o: PMV nomeia professores para atuarem na rede municipal","datePublished":"2026-01-18T07:48:37+00:00","mainEntityOfPage":{"@id":"https:\/\/www.encontravitoria.com.br\/guia\/educacao-pmv-nomeia-professores-para-atuarem-na-rede-municipal\/"},"wordCount":1801,"commentCount":0,"image":{"@id":"https:\/\/www.encontravitoria.com.br\/guia\/educacao-pmv-nomeia-professores-para-atuarem-na-rede-municipal\/#primaryimage"},"thumbnailUrl":"https:\/\/www.encontravitoria.com.br\/guia\/wp-content\/uploads\/2026\/01\/educacao-pmv-nomeia-professores-para-atuarem-na-rede-municipal.webp","articleSection":["Not\u00edcias Vit\u00f3ria"],"inLanguage":"pt-BR","potentialAction":[{"@type":"CommentAction","name":"Comment","target":["https:\/\/www.encontravitoria.com.br\/guia\/educacao-pmv-nomeia-professores-para-atuarem-na-rede-municipal\/#respond"]}]},{"@type":"WebPage","@id":"https:\/\/www.encontravitoria.com.br\/guia\/educacao-pmv-nomeia-professores-para-atuarem-na-rede-municipal\/","url":"https:\/\/www.encontravitoria.com.br\/guia\/educacao-pmv-nomeia-professores-para-atuarem-na-rede-municipal\/","name":"Educa\u00e7\u00e3o: PMV nomeia professores para atuarem na rede municipal | Guia Comercial de Vit\u00f3ria ES","isPartOf":{"@id":"https:\/\/www.encontravitoria.com.br\/guia\/#website"},"primaryImageOfPage":{"@id":"https:\/\/www.encontravitoria.com.br\/guia\/educacao-pmv-nomeia-professores-para-atuarem-na-rede-municipal\/#primaryimage"},"image":{"@id":"https:\/\/www.encontravitoria.com.br\/guia\/educacao-pmv-nomeia-professores-para-atuarem-na-rede-municipal\/#primaryimage"},"thumbnailUrl":"https:\/\/www.encontravitoria.com.br\/guia\/wp-content\/uploads\/2026\/01\/educacao-pmv-nomeia-professores-para-atuarem-na-rede-municipal.webp","datePublished":"2026-01-18T07:48:37+00:00","author":{"@id":"https:\/\/www.encontravitoria.com.br\/guia\/#\/schema\/person\/e5c86e2a8d5a2a0333f0c44792c74c65"},"inLanguage":"pt-BR","potentialAction":[{"@type":"ReadAction","target":["https:\/\/www.encontravitoria.com.br\/guia\/educacao-pmv-nomeia-professores-para-atuarem-na-rede-municipal\/"]}]},{"@type":"ImageObject","inLanguage":"pt-BR","@id":"https:\/\/www.encontravitoria.com.br\/guia\/educacao-pmv-nomeia-professores-para-atuarem-na-rede-municipal\/#primaryimage","url":"https:\/\/www.encontravitoria.com.br\/guia\/wp-content\/uploads\/2026\/01\/educacao-pmv-nomeia-professores-para-atuarem-na-rede-municipal.webp","contentUrl":"https:\/\/www.encontravitoria.com.br\/guia\/wp-content\/uploads\/2026\/01\/educacao-pmv-nomeia-professores-para-atuarem-na-rede-municipal.webp","width":280,"height":280,"caption":"Educa\u00e7\u00e3o"},{"@type":"WebSite","@id":"https:\/\/www.encontravitoria.com.br\/guia\/#website","url":"https:\/\/www.encontravitoria.com.br\/guia\/","name":"Guia Comercial de Vit\u00f3ria ES","description":"ENCONTRA VIT\u00d3RIA - O guia comercial de neg\u00f3cios e empresas, cultura e divers\u00e3o na cidade de Vit\u00f3ria. Feito 100% para voc\u00ea morador!","potentialAction":[{"@type":"SearchAction","target":{"@type":"EntryPoint","urlTemplate":"https:\/\/www.encontravitoria.com.br\/guia\/?s={search_term_string}"},"query-input":{"@type":"PropertyValueSpecification","valueRequired":true,"valueName":"search_term_string"}}],"inLanguage":"pt-BR"},{"@type":"Person","@id":"https:\/\/www.encontravitoria.com.br\/guia\/#\/schema\/person\/e5c86e2a8d5a2a0333f0c44792c74c65","name":"Encontra Vit\u00f3ria","image":{"@type":"ImageObject","inLanguage":"pt-BR","@id":"https:\/\/secure.gravatar.com\/avatar\/c50c17820bcf322f0a8fd6b110b8c0918141409dc69076470f6fca5fee70a5d4?s=96&d=mm&r=g","url":"https:\/\/secure.gravatar.com\/avatar\/c50c17820bcf322f0a8fd6b110b8c0918141409dc69076470f6fca5fee70a5d4?s=96&d=mm&r=g","contentUrl":"https:\/\/secure.gravatar.com\/avatar\/c50c17820bcf322f0a8fd6b110b8c0918141409dc69076470f6fca5fee70a5d4?s=96&d=mm&r=g","caption":"Encontra Vit\u00f3ria"},"url":"https:\/\/www.encontravitoria.com.br\/guia\/author\/encontravitoria\/"}]}},"_links":{"self":[{"href":"https:\/\/www.encontravitoria.com.br\/guia\/wp-json\/wp\/v2\/posts\/7443","targetHints":{"allow":["GET"]}}],"collection":[{"href":"https:\/\/www.encontravitoria.com.br\/guia\/wp-json\/wp\/v2\/posts"}],"about":[{"href":"https:\/\/www.encontravitoria.com.br\/guia\/wp-json\/wp\/v2\/types\/post"}],"author":[{"embeddable":true,"href":"https:\/\/www.encontravitoria.com.br\/guia\/wp-json\/wp\/v2\/users\/1"}],"replies":[{"embeddable":true,"href":"https:\/\/www.encontravitoria.com.br\/guia\/wp-json\/wp\/v2\/comments?post=7443"}],"version-history":[{"count":0,"href":"https:\/\/www.encontravitoria.com.br\/guia\/wp-json\/wp\/v2\/posts\/7443\/revisions"}],"wp:featuredmedia":[{"embeddable":true,"href":"https:\/\/www.encontravitoria.com.br\/guia\/wp-json\/wp\/v2\/media\/7442"}],"wp:attachment":[{"href":"https:\/\/www.encontravitoria.com.br\/guia\/wp-json\/wp\/v2\/media?parent=7443"}],"wp:term":[{"taxonomy":"category","embeddable":true,"href":"https:\/\/www.encontravitoria.com.br\/guia\/wp-json\/wp\/v2\/categories?post=7443"},{"taxonomy":"post_tag","embeddable":true,"href":"https:\/\/www.encontravitoria.com.br\/guia\/wp-json\/wp\/v2\/tags?post=7443"}],"curies":[{"name":"wp","href":"https:\/\/api.w.org\/{rel}","templated":true}]}}