{"id":7509,"date":"2026-01-30T04:50:00","date_gmt":"2026-01-30T07:50:00","guid":{"rendered":"https:\/\/www.encontravitoria.com.br\/guia\/carnaval-2026-blocos-de-rua-de-vitoria-comecam-a-desfilar-neste-sabado-31\/"},"modified":"2026-01-30T04:50:00","modified_gmt":"2026-01-30T07:50:00","slug":"carnaval-2026-blocos-de-rua-de-vitoria-comecam-a-desfilar-neste-sabado-31","status":"publish","type":"post","link":"https:\/\/www.encontravitoria.com.br\/guia\/carnaval-2026-blocos-de-rua-de-vitoria-comecam-a-desfilar-neste-sabado-31\/","title":{"rendered":"Carnaval 2026: blocos de rua de Vit\u00f3ria come\u00e7am a desfilar neste s\u00e1bado (31)"},"content":{"rendered":"<h2>O que Esperar do Carnaval de Rua<\/h2>\n<p>O Carnaval de Rua em Vit\u00f3ria \u00e9 um festival vibrante que enche as ruas da cidade com m\u00fasica, dan\u00e7a e uma energia contagiante. Espera-se que, com a realiza\u00e7\u00e3o dos desfiles, os cidad\u00e3os e turistas se juntem em uma grande celebra\u00e7\u00e3o de alegria e confraterniza\u00e7\u00e3o. Esta festa \u00e9 n\u00e3o apenas uma r\u00e9v\u00e9lation cultural, mas um momento em que as tradi\u00e7\u00f5es capixabas s\u00e3o exaltadas, criando um ambiente de acolhimento e fraternidade entre todos os participantes.<\/p>\n<h2>Programa\u00e7\u00e3o Completa dos Blocos<\/h2>\n<p>A programa\u00e7\u00e3o do Carnaval de Rua em Vit\u00f3ria \u00e9 diversificada e inclusiva, englobando blocos tradicionais e novas iniciativas que refletem a riqueza cultural da cidade. Abaixo, confira a tabela com os blocos e suas respectivas concentra\u00e7\u00f5es:<\/p>\n<table>\n<tr>\n<th>Data<\/th>\n<th>Nome do Bloco<\/th>\n<th>Concentra\u00e7\u00e3o<\/th>\n<th>Local<\/th>\n<\/tr>\n<tr>\n<td>31\/01<\/td>\n<td>Bloco T\u00f4 Bebo de Alegria<\/td>\n<td>15h<\/td>\n<td>Pra\u00e7a Regina Frigeri Furno &#8211; Jardim da Penha<\/td>\n<\/tr>\n<tr>\n<td>31\/01<\/td>\n<td>Bloco de Goiabeiras<\/td>\n<td>13h<\/td>\n<td>Pra\u00e7a Darcy Jos\u00e9 de S\u00e1 (Pra\u00e7a 3 de Maio)<\/td>\n<\/tr>\n<tr>\n<td>01\/02<\/td>\n<td>&#8220;Esquenta Folia&#8221; com Tomate<\/td>\n<td>15h<\/td>\n<td>Avenida Dante Michelini (primeiro bols\u00e3o do estacionamento &#8211; pr\u00f3ximo ao quiosque 1) &#8211; Jardim da Penha<\/td>\n<\/tr>\n<tr>\n<td>08\/02<\/td>\n<td>Bloco Antimofolia<\/td>\n<td>15h<\/td>\n<td>Pra\u00e7a Wolghano Netto &#8211; Jardim da Penha<\/td>\n<\/tr>\n<tr>\n<td>11\/02<\/td>\n<td>Bloco Pela&#8217;donas do Centro<\/td>\n<td>17h<\/td>\n<td>Rua Sete de Setembro, 263 &#8211; Centro<\/td>\n<\/tr>\n<tr>\n<td>14\/02<\/td>\n<td>Bloco Sub\u00farbio<\/td>\n<td>8h<\/td>\n<td>Avenida Beira Mar &#8211; Centro<\/td>\n<\/tr>\n<tr>\n<td>15\/02<\/td>\n<td>Bloco Maluco Beleza<\/td>\n<td>8h<\/td>\n<td>Rua Sete de Setembro (esq. com Rua Coronel Monjardim) &#8211; Centro<\/td>\n<\/tr>\n<tr>\n<td>16\/02<\/td>\n<td>Bloco Coisas de Negres<\/td>\n<td>14h<\/td>\n<td>Avenida Beira Mar &#8211; Centro<\/td>\n<\/tr>\n<tr>\n<td>17\/02<\/td>\n<td>Bloco Amigos da On\u00e7a<\/td>\n<td>9h<\/td>\n<td>Bica Capixaba (entrada do Parque da Gruta da On\u00e7a) &#8211; Centro<\/td>\n<\/tr>\n<tr>\n<td>17\/02<\/td>\n<td>Bloco Galinha Preta<\/td>\n<td>14h<\/td>\n<td>Rua Maria Saraiva (descida pela Rua Sete de Setembro) &#8211; Centro<\/td>\n<\/tr>\n<tr>\n<td>21\/02<\/td>\n<td>Bloco Kustel\u00e3o<\/td>\n<td>13h<\/td>\n<td>Pr\u00f3ximo ao Kart\u00f3dromo de Jardim Camburi<\/td>\n<\/tr>\n<tr>\n<td>22\/02<\/td>\n<td>Bloco das Piranhas<\/td>\n<td>10h<\/td>\n<td>Rua Professor Odila Sim\u00f5es &#8211; Jabour<\/td>\n<\/tr>\n<tr>\n<td>22\/02<\/td>\n<td>Bloco G.R.B.C Tradi\u00e7\u00e3o da Ilha<\/td>\n<td>14h<\/td>\n<td>Rua Augusta Mendes &#8211; Ilha de Santa Maria<\/td>\n<\/tr>\n<tr>\n<td>28\/02<\/td>\n<td>Bloco Toma no Caneco<\/td>\n<td>15h<\/td>\n<td>Rua Martinho Gomes (paralela \u00e0 Pra\u00e7a Therezinha Grecchi) &#8211; Bairro Rep\u00fablica<\/td>\n<\/tr>\n<tr>\n<td>01\/03<\/td>\n<td>Bloco da Pelada<\/td>\n<td>14h<\/td>\n<td>Rua Afonso Sarlo &#8211; Jesus de Nazareth<\/td>\n<\/tr>\n<tr>\n<td>08\/03<\/td>\n<td>Bloco Eu Quero Ela<\/td>\n<td>14h<\/td>\n<td>Avenida Herm\u00ednio Blackman &#8211; Bomfim<\/td>\n<\/tr>\n<tr>\n<td>14\/03<\/td>\n<td>Bloco Beer Bacon and Rock&#8217;n Roll<\/td>\n<td>12h<\/td>\n<td>Pra\u00e7a do Chorinho &#8211; Jardim Camburi<\/td>\n<\/tr>\n<tr>\n<td>15\/03<\/td>\n<td>Bloco Pindura A\u00ed<\/td>\n<td>14h<\/td>\n<td>Rua S\u00e3o Marcos &#8211; Santos Dumont<\/td>\n<\/tr>\n<tr>\n<td>21\/03<\/td>\n<td>Bloco Bo\u00eamios do Jardim<\/td>\n<td>11h<\/td>\n<td>Pra\u00e7a dos Estados (ao lado da pra\u00e7a Regina Frigeri Furno) &#8211; Jardim da Penha<\/td>\n<\/tr>\n<tr>\n<td>22\/03<\/td>\n<td>Bloco Carnavalesco Amigos do Itarar\u00e9<\/td>\n<td>14h<\/td>\n<td>Pra\u00e7a de Itarar\u00e9<\/td>\n<\/tr>\n<\/table>\n<p>Esta programa\u00e7\u00e3o certamente trar\u00e1 muitas op\u00e7\u00f5es para todos os gostos, e a expectativa \u00e9 que a participa\u00e7\u00e3o popular cres\u00e7a ainda mais em compara\u00e7\u00e3o aos anos anteriores.<\/p>\n<h2>A Hist\u00f3ria das Festividades em Vit\u00f3ria<\/h2>\n<p>O Carnaval em Vit\u00f3ria tem suas ra\u00edzes nas tradi\u00e7\u00f5es culturais brasileiras e \u00e9 uma celebra\u00e7\u00e3o que evoluiu ao longo dos anos. Desde os primeiros registros, a festa sempre foi marcada por desfiles, m\u00fasica e dan\u00e7a, refletindo a diversidade cultural que comp\u00f5e a cidade. Ao longo das d\u00e9cadas, o carnaval cresceu em popularidade, e os blocos de rua come\u00e7aram a se multiplicar, transformando o carnaval em um evento de inclus\u00e3o e participa\u00e7\u00e3o.<\/p>\n<h2>Como Participar dos Desfiles<\/h2>\n<p>Participar dos desfiles do Carnaval de Rua em Vit\u00f3ria \u00e9 uma experi\u00eancia que pode ser inesquec\u00edvel. Para aqueles que desejam se juntar \u00e0 folia, \u00e9 simples: escolha um bloco, compare\u00e7a ao local de concentra\u00e7\u00e3o no hor\u00e1rio estipulado e esteja disposto a se divertir. Al\u00e9m disso, muitos blocos proporcionam fantasia e adere\u00e7os, tornando a participa\u00e7\u00e3o ainda mais envolvente. \u00c9 importante lembrar que a intera\u00e7\u00e3o e o respeito \u00e0s normas de conviv\u00eancia no evento s\u00e3o essenciais para garantir a divers\u00e3o de todos.<\/p>\n<h2>Dicas para Aproveitar a Folia<\/h2>\n<p>Para aproveitar ao m\u00e1ximo o Carnaval de Rua, considere essas dicas:<\/p>\n<ul>\n<li><strong>Planejamento:<\/strong> Verifique a programa\u00e7\u00e3o de blocos e escolha aqueles que mais lhe agradam.<\/li>\n<li><strong>Hidrate-se:<\/strong> Beba bastante \u00e1gua, especialmente se o dia estiver quente.<\/li>\n<li><strong>Use roupas leves:<\/strong> Prefira trajes confort\u00e1veis e apropriados para a festa.<\/li>\n<li><strong>Fiscalize:<\/strong> Utilize protetores solares e chap\u00e9us para se proteger do sol.<\/li>\n<li><strong>Aproveite os locais seguros:<\/strong> Siga orienta\u00e7\u00f5es das autoridades sobre as \u00e1reas de desfilar e estabelecimentos com seguran\u00e7a adequada.<\/li>\n<\/ul>\n<h2>A Import\u00e2ncia da Cultura de Rua<\/h2>\n<p>O Carnaval de Rua n\u00e3o s\u00f3 celebra a alegria e a m\u00fasica, mas tamb\u00e9m desempenha um papel fundamental na promo\u00e7\u00e3o da cultura local. Os blocos de rua promovem a criatividade e o talento dos artistas capixabas, ao mesmo tempo que fortalecem la\u00e7os comunit\u00e1rios. Essas festividades servem como um espa\u00e7o para manifesta\u00e7\u00f5es art\u00edsticas, permitindo que tradi\u00e7\u00f5es sejam mantidas e inovadas, fazendo com que as novas gera\u00e7\u00f5es se sintam conectadas \u00e0s suas ra\u00edzes culturais.<\/p>\n<h2>O Papel da Prefeitura no Carnaval<\/h2>\n<p>A Prefeitura de Vit\u00f3ria desempenha um papel crucial na organiza\u00e7\u00e3o e no apoio ao Carnaval de Rua. Isto inclui a log\u00edstica necess\u00e1ria para garantir que os desfiles ocorram de forma segura e com infraestrutura adequada. O investimento em servi\u00e7os como seguran\u00e7a, limpeza e assist\u00eancia m\u00e9dica \u00e9 fundamental para o sucesso do evento e para a experi\u00eancia do foli\u00e3o.<\/p>\n<h2>Seguran\u00e7a Durante os Eventos<\/h2>\n<p>A seguran\u00e7a \u00e9 uma prioridade em qualquer evento massivo, e a Prefeitura, em parceria com as for\u00e7as de seguran\u00e7a, implementa medidas rigorosas para garantir que o Carnaval de Rua seja seguro. H\u00e1 patrulhamento constante nas ruas, a presen\u00e7a de equipes de emerg\u00eancia m\u00e9dica e um planejamento para evitar situa\u00e7\u00f5es de risco. Al\u00e9m disso, \u00e9 importante que os participantes estejam atentos e respeitem as orienta\u00e7\u00f5es dadas pelas autoridades.<\/p>\n<h2>Como Chegar aos Locais dos Desfiles<\/h2>\n<p>O acesso aos locais de desfile \u00e9 facilitado por diferentes meios de transporte, incluindo \u00f4nibus e aplicativos de transporte. A Secretaria de Transporte da cidade recomenda utilizar o transporte p\u00fablico para evitar congestionamentos e facilitar o acesso. Muitas ruas s\u00e3o temporariamente fechadas durante os desfiles, portanto, planejar sua viagem com anteced\u00eancia \u00e9 fundamental.<\/p>\n<h2>O Impacto do Carnaval na Economia Local<\/h2>\n<p>O Carnaval de Rua em Vit\u00f3ria tem um impacto significativo na economia local. Pequenos comerciantes, restaurantes e hot\u00e9is se beneficiam da alta procura durante a temporada de carnaval, o que contribui para a gera\u00e7\u00e3o de empregos e o fortalecimento da economia. O evento \u00e9, portanto, uma oportunidade de expans\u00e3o econ\u00f4mica, especialmente para aqueles que dependem do turismo e eventos culturais.<\/p>\n<p>Assim, o Carnaval de Rua n\u00e3o \u00e9 apenas uma celebra\u00e7\u00e3o da cultura, \u00e9 tamb\u00e9m um momento de aquecimento econ\u00f4mico e uma ocasi\u00e3o para unir a comunidade, celebrar as tradi\u00e7\u00f5es e colher as alegrias da vida. Com a cidade preparada e a programa\u00e7\u00e3o em andamento, todos est\u00e3o convidados a participar dessa grande festa que \u00e9 o Carnaval em Vit\u00f3ria.<\/p>\n","protected":false},"excerpt":{"rendered":"<p>Carnaval 2026: N\u00e3o perca a estreia dos blocos de rua em Vit\u00f3ria!<\/p>\n","protected":false},"author":1,"featured_media":0,"comment_status":"open","ping_status":"open","sticky":false,"template":"","format":"standard","meta":{"footnotes":""},"categories":[902],"tags":[],"class_list":["post-7509","post","type-post","status-publish","format-standard","hentry","category-shows"],"yoast_head":"<!-- This site is optimized with the Yoast SEO plugin v27.9 - https:\/\/yoast.com\/product\/yoast-seo-wordpress\/ -->\n<title>Carnaval 2026: blocos de rua de Vit\u00f3ria come\u00e7am a desfilar neste s\u00e1bado (31) | Guia Comercial de Vit\u00f3ria ES<\/title>\n<meta name=\"robots\" content=\"index, follow, max-snippet:-1, max-image-preview:large, max-video-preview:-1\" \/>\n<link rel=\"canonical\" href=\"https:\/\/www.encontravitoria.com.br\/guia\/carnaval-2026-blocos-de-rua-de-vitoria-comecam-a-desfilar-neste-sabado-31\/\" \/>\n<meta property=\"og:locale\" content=\"pt_BR\" \/>\n<meta property=\"og:type\" content=\"article\" \/>\n<meta property=\"og:title\" content=\"Carnaval 2026: blocos de rua de Vit\u00f3ria come\u00e7am a desfilar neste s\u00e1bado (31) | Guia Comercial de Vit\u00f3ria ES\" \/>\n<meta property=\"og:description\" content=\"Carnaval 2026: N\u00e3o perca a estreia dos blocos de rua em Vit\u00f3ria!\" \/>\n<meta property=\"og:url\" content=\"https:\/\/www.encontravitoria.com.br\/guia\/carnaval-2026-blocos-de-rua-de-vitoria-comecam-a-desfilar-neste-sabado-31\/\" \/>\n<meta property=\"og:site_name\" content=\"Guia Comercial de Vit\u00f3ria ES\" \/>\n<meta property=\"article:published_time\" content=\"2026-01-30T07:50:00+00:00\" \/>\n<meta name=\"author\" content=\"Encontra Vit\u00f3ria\" \/>\n<meta name=\"twitter:card\" content=\"summary_large_image\" \/>\n<meta name=\"twitter:label1\" content=\"Escrito por\" \/>\n\t<meta name=\"twitter:data1\" content=\"Encontra Vit\u00f3ria\" \/>\n\t<meta name=\"twitter:label2\" content=\"Est. tempo de leitura\" \/>\n\t<meta name=\"twitter:data2\" content=\"6 minutos\" \/>\n<script type=\"application\/ld+json\" class=\"yoast-schema-graph\">{\"@context\":\"https:\\\/\\\/schema.org\",\"@graph\":[{\"@type\":\"Article\",\"@id\":\"https:\\\/\\\/www.encontravitoria.com.br\\\/guia\\\/carnaval-2026-blocos-de-rua-de-vitoria-comecam-a-desfilar-neste-sabado-31\\\/#article\",\"isPartOf\":{\"@id\":\"https:\\\/\\\/www.encontravitoria.com.br\\\/guia\\\/carnaval-2026-blocos-de-rua-de-vitoria-comecam-a-desfilar-neste-sabado-31\\\/\"},\"author\":{\"name\":\"Encontra Vit\u00f3ria\",\"@id\":\"https:\\\/\\\/www.encontravitoria.com.br\\\/guia\\\/#\\\/schema\\\/person\\\/e5c86e2a8d5a2a0333f0c44792c74c65\"},\"headline\":\"Carnaval 2026: blocos de rua de Vit\u00f3ria come\u00e7am a desfilar neste s\u00e1bado (31)\",\"datePublished\":\"2026-01-30T07:50:00+00:00\",\"mainEntityOfPage\":{\"@id\":\"https:\\\/\\\/www.encontravitoria.com.br\\\/guia\\\/carnaval-2026-blocos-de-rua-de-vitoria-comecam-a-desfilar-neste-sabado-31\\\/\"},\"wordCount\":1168,\"commentCount\":0,\"articleSection\":[\"Shows Vit\u00f3ria\"],\"inLanguage\":\"pt-BR\",\"potentialAction\":[{\"@type\":\"CommentAction\",\"name\":\"Comment\",\"target\":[\"https:\\\/\\\/www.encontravitoria.com.br\\\/guia\\\/carnaval-2026-blocos-de-rua-de-vitoria-comecam-a-desfilar-neste-sabado-31\\\/#respond\"]}]},{\"@type\":\"WebPage\",\"@id\":\"https:\\\/\\\/www.encontravitoria.com.br\\\/guia\\\/carnaval-2026-blocos-de-rua-de-vitoria-comecam-a-desfilar-neste-sabado-31\\\/\",\"url\":\"https:\\\/\\\/www.encontravitoria.com.br\\\/guia\\\/carnaval-2026-blocos-de-rua-de-vitoria-comecam-a-desfilar-neste-sabado-31\\\/\",\"name\":\"Carnaval 2026: blocos de rua de Vit\u00f3ria come\u00e7am a desfilar neste s\u00e1bado (31) | Guia Comercial de Vit\u00f3ria ES\",\"isPartOf\":{\"@id\":\"https:\\\/\\\/www.encontravitoria.com.br\\\/guia\\\/#website\"},\"datePublished\":\"2026-01-30T07:50:00+00:00\",\"author\":{\"@id\":\"https:\\\/\\\/www.encontravitoria.com.br\\\/guia\\\/#\\\/schema\\\/person\\\/e5c86e2a8d5a2a0333f0c44792c74c65\"},\"inLanguage\":\"pt-BR\",\"potentialAction\":[{\"@type\":\"ReadAction\",\"target\":[\"https:\\\/\\\/www.encontravitoria.com.br\\\/guia\\\/carnaval-2026-blocos-de-rua-de-vitoria-comecam-a-desfilar-neste-sabado-31\\\/\"]}]},{\"@type\":\"WebSite\",\"@id\":\"https:\\\/\\\/www.encontravitoria.com.br\\\/guia\\\/#website\",\"url\":\"https:\\\/\\\/www.encontravitoria.com.br\\\/guia\\\/\",\"name\":\"Guia Comercial de Vit\u00f3ria ES\",\"description\":\"ENCONTRA VIT\u00d3RIA - O guia comercial de neg\u00f3cios e empresas, cultura e divers\u00e3o na cidade de Vit\u00f3ria. Feito 100% para voc\u00ea morador!\",\"potentialAction\":[{\"@type\":\"SearchAction\",\"target\":{\"@type\":\"EntryPoint\",\"urlTemplate\":\"https:\\\/\\\/www.encontravitoria.com.br\\\/guia\\\/?s={search_term_string}\"},\"query-input\":{\"@type\":\"PropertyValueSpecification\",\"valueRequired\":true,\"valueName\":\"search_term_string\"}}],\"inLanguage\":\"pt-BR\"},{\"@type\":\"Person\",\"@id\":\"https:\\\/\\\/www.encontravitoria.com.br\\\/guia\\\/#\\\/schema\\\/person\\\/e5c86e2a8d5a2a0333f0c44792c74c65\",\"name\":\"Encontra Vit\u00f3ria\",\"image\":{\"@type\":\"ImageObject\",\"inLanguage\":\"pt-BR\",\"@id\":\"https:\\\/\\\/secure.gravatar.com\\\/avatar\\\/c50c17820bcf322f0a8fd6b110b8c0918141409dc69076470f6fca5fee70a5d4?s=96&d=mm&r=g\",\"url\":\"https:\\\/\\\/secure.gravatar.com\\\/avatar\\\/c50c17820bcf322f0a8fd6b110b8c0918141409dc69076470f6fca5fee70a5d4?s=96&d=mm&r=g\",\"contentUrl\":\"https:\\\/\\\/secure.gravatar.com\\\/avatar\\\/c50c17820bcf322f0a8fd6b110b8c0918141409dc69076470f6fca5fee70a5d4?s=96&d=mm&r=g\",\"caption\":\"Encontra Vit\u00f3ria\"},\"url\":\"https:\\\/\\\/www.encontravitoria.com.br\\\/guia\\\/author\\\/encontravitoria\\\/\"}]}<\/script>\n<!-- \/ Yoast SEO plugin. -->","yoast_head_json":{"title":"Carnaval 2026: blocos de rua de Vit\u00f3ria come\u00e7am a desfilar neste s\u00e1bado (31) | Guia Comercial de Vit\u00f3ria ES","robots":{"index":"index","follow":"follow","max-snippet":"max-snippet:-1","max-image-preview":"max-image-preview:large","max-video-preview":"max-video-preview:-1"},"canonical":"https:\/\/www.encontravitoria.com.br\/guia\/carnaval-2026-blocos-de-rua-de-vitoria-comecam-a-desfilar-neste-sabado-31\/","og_locale":"pt_BR","og_type":"article","og_title":"Carnaval 2026: blocos de rua de Vit\u00f3ria come\u00e7am a desfilar neste s\u00e1bado (31) | Guia Comercial de Vit\u00f3ria ES","og_description":"Carnaval 2026: N\u00e3o perca a estreia dos blocos de rua em Vit\u00f3ria!","og_url":"https:\/\/www.encontravitoria.com.br\/guia\/carnaval-2026-blocos-de-rua-de-vitoria-comecam-a-desfilar-neste-sabado-31\/","og_site_name":"Guia Comercial de Vit\u00f3ria ES","article_published_time":"2026-01-30T07:50:00+00:00","author":"Encontra Vit\u00f3ria","twitter_card":"summary_large_image","twitter_misc":{"Escrito por":"Encontra Vit\u00f3ria","Est. tempo de leitura":"6 minutos"},"schema":{"@context":"https:\/\/schema.org","@graph":[{"@type":"Article","@id":"https:\/\/www.encontravitoria.com.br\/guia\/carnaval-2026-blocos-de-rua-de-vitoria-comecam-a-desfilar-neste-sabado-31\/#article","isPartOf":{"@id":"https:\/\/www.encontravitoria.com.br\/guia\/carnaval-2026-blocos-de-rua-de-vitoria-comecam-a-desfilar-neste-sabado-31\/"},"author":{"name":"Encontra Vit\u00f3ria","@id":"https:\/\/www.encontravitoria.com.br\/guia\/#\/schema\/person\/e5c86e2a8d5a2a0333f0c44792c74c65"},"headline":"Carnaval 2026: blocos de rua de Vit\u00f3ria come\u00e7am a desfilar neste s\u00e1bado (31)","datePublished":"2026-01-30T07:50:00+00:00","mainEntityOfPage":{"@id":"https:\/\/www.encontravitoria.com.br\/guia\/carnaval-2026-blocos-de-rua-de-vitoria-comecam-a-desfilar-neste-sabado-31\/"},"wordCount":1168,"commentCount":0,"articleSection":["Shows Vit\u00f3ria"],"inLanguage":"pt-BR","potentialAction":[{"@type":"CommentAction","name":"Comment","target":["https:\/\/www.encontravitoria.com.br\/guia\/carnaval-2026-blocos-de-rua-de-vitoria-comecam-a-desfilar-neste-sabado-31\/#respond"]}]},{"@type":"WebPage","@id":"https:\/\/www.encontravitoria.com.br\/guia\/carnaval-2026-blocos-de-rua-de-vitoria-comecam-a-desfilar-neste-sabado-31\/","url":"https:\/\/www.encontravitoria.com.br\/guia\/carnaval-2026-blocos-de-rua-de-vitoria-comecam-a-desfilar-neste-sabado-31\/","name":"Carnaval 2026: blocos de rua de Vit\u00f3ria come\u00e7am a desfilar neste s\u00e1bado (31) | Guia Comercial de Vit\u00f3ria ES","isPartOf":{"@id":"https:\/\/www.encontravitoria.com.br\/guia\/#website"},"datePublished":"2026-01-30T07:50:00+00:00","author":{"@id":"https:\/\/www.encontravitoria.com.br\/guia\/#\/schema\/person\/e5c86e2a8d5a2a0333f0c44792c74c65"},"inLanguage":"pt-BR","potentialAction":[{"@type":"ReadAction","target":["https:\/\/www.encontravitoria.com.br\/guia\/carnaval-2026-blocos-de-rua-de-vitoria-comecam-a-desfilar-neste-sabado-31\/"]}]},{"@type":"WebSite","@id":"https:\/\/www.encontravitoria.com.br\/guia\/#website","url":"https:\/\/www.encontravitoria.com.br\/guia\/","name":"Guia Comercial de Vit\u00f3ria ES","description":"ENCONTRA VIT\u00d3RIA - O guia comercial de neg\u00f3cios e empresas, cultura e divers\u00e3o na cidade de Vit\u00f3ria. Feito 100% para voc\u00ea morador!","potentialAction":[{"@type":"SearchAction","target":{"@type":"EntryPoint","urlTemplate":"https:\/\/www.encontravitoria.com.br\/guia\/?s={search_term_string}"},"query-input":{"@type":"PropertyValueSpecification","valueRequired":true,"valueName":"search_term_string"}}],"inLanguage":"pt-BR"},{"@type":"Person","@id":"https:\/\/www.encontravitoria.com.br\/guia\/#\/schema\/person\/e5c86e2a8d5a2a0333f0c44792c74c65","name":"Encontra Vit\u00f3ria","image":{"@type":"ImageObject","inLanguage":"pt-BR","@id":"https:\/\/secure.gravatar.com\/avatar\/c50c17820bcf322f0a8fd6b110b8c0918141409dc69076470f6fca5fee70a5d4?s=96&d=mm&r=g","url":"https:\/\/secure.gravatar.com\/avatar\/c50c17820bcf322f0a8fd6b110b8c0918141409dc69076470f6fca5fee70a5d4?s=96&d=mm&r=g","contentUrl":"https:\/\/secure.gravatar.com\/avatar\/c50c17820bcf322f0a8fd6b110b8c0918141409dc69076470f6fca5fee70a5d4?s=96&d=mm&r=g","caption":"Encontra Vit\u00f3ria"},"url":"https:\/\/www.encontravitoria.com.br\/guia\/author\/encontravitoria\/"}]}},"_links":{"self":[{"href":"https:\/\/www.encontravitoria.com.br\/guia\/wp-json\/wp\/v2\/posts\/7509","targetHints":{"allow":["GET"]}}],"collection":[{"href":"https:\/\/www.encontravitoria.com.br\/guia\/wp-json\/wp\/v2\/posts"}],"about":[{"href":"https:\/\/www.encontravitoria.com.br\/guia\/wp-json\/wp\/v2\/types\/post"}],"author":[{"embeddable":true,"href":"https:\/\/www.encontravitoria.com.br\/guia\/wp-json\/wp\/v2\/users\/1"}],"replies":[{"embeddable":true,"href":"https:\/\/www.encontravitoria.com.br\/guia\/wp-json\/wp\/v2\/comments?post=7509"}],"version-history":[{"count":0,"href":"https:\/\/www.encontravitoria.com.br\/guia\/wp-json\/wp\/v2\/posts\/7509\/revisions"}],"wp:attachment":[{"href":"https:\/\/www.encontravitoria.com.br\/guia\/wp-json\/wp\/v2\/media?parent=7509"}],"wp:term":[{"taxonomy":"category","embeddable":true,"href":"https:\/\/www.encontravitoria.com.br\/guia\/wp-json\/wp\/v2\/categories?post=7509"},{"taxonomy":"post_tag","embeddable":true,"href":"https:\/\/www.encontravitoria.com.br\/guia\/wp-json\/wp\/v2\/tags?post=7509"}],"curies":[{"name":"wp","href":"https:\/\/api.w.org\/{rel}","templated":true}]}}