{"id":7617,"date":"2026-02-19T04:39:00","date_gmt":"2026-02-19T07:39:00","guid":{"rendered":"https:\/\/www.encontravitoria.com.br\/guia\/carnaval-2026-circuito-da-folia-anuncia-novas-atracoes-e-reforca-programacao-ate-o-sambao-do-povo\/"},"modified":"2026-02-19T04:39:00","modified_gmt":"2026-02-19T07:39:00","slug":"carnaval-2026-circuito-da-folia-anuncia-novas-atracoes-e-reforca-programacao-ate-o-sambao-do-povo","status":"publish","type":"post","link":"https:\/\/www.encontravitoria.com.br\/guia\/carnaval-2026-circuito-da-folia-anuncia-novas-atracoes-e-reforca-programacao-ate-o-sambao-do-povo\/","title":{"rendered":"Carnaval 2026: Circuito da Folia anuncia novas atra\u00e7\u00f5es e refor\u00e7a programa\u00e7\u00e3o at\u00e9 o Samb\u00e3o do Povo"},"content":{"rendered":"<h2>Avenida Beira-Mar: O Palco do Carnaval<\/h2>\n<p>Durante o Carnaval de 2026, a Avenida Beira-Mar em Vit\u00f3ria se transforma na principal atra\u00e7\u00e3o da festa, repleta de m\u00fasica e anima\u00e7\u00e3o, proporcionando uma experi\u00eancia \u00fanica para os foli\u00f5es. Celebrado de <strong>s\u00e1bado (14) a ter\u00e7a-feira (17)<\/strong>, a festa come\u00e7a sempre \u00e0s 19 horas, dando in\u00edcio ao que ser\u00e1 a terceira edi\u00e7\u00e3o do Circuito da Folia. Este evento n\u00e3o apenas promove grandes artistas, mas tamb\u00e9m destaca o papel das mulheres na m\u00fasica, trazendo uma programa\u00e7\u00e3o enriquecida que faz da capital capixaba um dos principais destinos do Carnaval brasileiro.<\/p>\n<h2>Protagonismo Feminino nos Trios El\u00e9tricos<\/h2>\n<p>Um aspecto significativo desta edi\u00e7\u00e3o \u00e9 o destaque das vozes femininas \u00e0 frente de todos os trios el\u00e9tricos no circuito, refletindo a for\u00e7a e a import\u00e2ncia das mulheres na m\u00fasica e no Carnaval capixaba. Essa mudan\u00e7a \u00e9 uma celebra\u00e7\u00e3o do empoderamento feminino, evidenciando a contribui\u00e7\u00e3o de artistas mulheres, que cada vez mais ganham espa\u00e7o em uma atmosfera tradicionalmente dominada por homens.<\/p>\n<h2>Lilian Lomeu Abre o Cortejo<\/h2>\n<p>O cortejo do <strong>s\u00e1bado (14)<\/strong> ser\u00e1 iniciado pela talentosa cantora e compositora <strong>Lilian Lomeu<\/strong>, figura emblem\u00e1tica da m\u00fasica capixaba. Formada em Licenciatura em M\u00fasica pela FAMES, Lilian come\u00e7ou sua trajet\u00f3ria musical na inf\u00e2ncia, marcando sua carreira desde os 12 anos. Sua mudan\u00e7a para Salvador aos 16 anos a levou a atuar como backing vocal em bandas renomadas e participar de programas de televis\u00e3o. Lilian, que j\u00e1 lan\u00e7ou diversos singles, como &#8220;Na Beira do Mar&#8221; e &#8220;Acelera A\u00ea&#8221;, traz uma mistura de ax\u00e9 e pagode baiano que promete animar o p\u00fablico.<\/p>\n<p><img decoding=\"async\" src=\"https:\/\/www.encontravitoria.com.br\/guia\/wp-content\/uploads\/2026\/02\/carnaval-2026-circuito-da-folia-anuncia-novas-atracoes-e-reforca-programacao-ate-o-sambao-do-povo.webp\" alt=\"Carnaval 2026\" loading=\"lazy\" \/><\/p>\n<h2>Andr\u00e9a Nery: A Baiana que Conquista<\/h2>\n<p>No <strong>domingo (15)<\/strong>, ser\u00e1 a vez de <strong>Andr\u00e9a Nery<\/strong assumir o trio el\u00e9trico. Natural de Santo Ant\u00f4nio de Jesus, na Bahia, ela se radicou no Esp\u00edrito Santo e tornou-se uma das principais vozes da regi\u00e3o Sudeste. A artista j\u00e1 se apresentou ao lado de gigantes como Ivete Sangalo e Gilberto Gil, refor\u00e7ando sua import\u00e2ncia no cen\u00e1rio musical. Seu carisma e performance magn\u00e9tica atraem o p\u00fablico e prometem elevar a energia do Carnaval.<\/p>\n<h2>Dalzy Sales: A Pot\u00eancia do Pagode<\/h2>\n<p>A programa\u00e7\u00e3o continua na <strong>segunda-feira (16)<\/strong>, com <strong>Dalzy Sales<\/strong>, uma artista que conquistou os palcos capixabas com sua poderosa voz. Nascida em Aracruz, Dalzy come\u00e7ou sua trajet\u00f3ria musical em igrejas, e agora \u00e9 conhecida por seus shows que incorporam uma variedade de estilos, incluindo MPB e ax\u00e9. Sua performance animada e ecl\u00e9tica faz dela uma das atra\u00e7\u00f5es mais esperadas do evento.<\/p>\n<h2>Viviane Miranda e Sua Trajet\u00f3ria Musical<\/h2>\n<p>Encerrando o Circuito da Folia na <strong>ter\u00e7a-feira (17)<\/strong>, <strong>Viviane Miranda<\/strong> trar\u00e1 sua trajet\u00f3ria musical para o centro das aten\u00e7\u00f5es. Formada em Canto Popular e Bacharel em M\u00fasica pela FAMES, ela ganhou notoriedade em 2004 ao participar do programa Raul Gil. Com mais de 15 anos de carreira, Viviane \u00e9 uma artista vers\u00e1til, conhecida por sua forte presen\u00e7a de palco e um repert\u00f3rio que mistura diversos g\u00eaneros, garantindo uma noite de encerramento memor\u00e1vel.<\/p>\n<h2>Desfiles das Escolas de Samba no Samb\u00e3o<\/h2>\n<p>Uma das tradi\u00e7\u00f5es mais esperadas do Carnaval capixaba \u00e9 o desfile das escolas de samba no Samb\u00e3o do Povo. No <strong>s\u00e1bado (14)<\/strong>, os foli\u00f5es poder\u00e3o apreciar a beleza das fantasias e a cad\u00eancia das baterias da S\u00e9rie Ouro, que trazem a emo\u00e7\u00e3o das comunidades para a avenida. Cada apresenta\u00e7\u00e3o \u00e9 uma verdadeira celebra\u00e7\u00e3o da cultura e do carnaval, destacando o trabalho e a dedica\u00e7\u00e3o das escolas.<\/p>\n<h2>Marcus Rauta e Andr\u00e9 Lelis no Domingo<\/h2>\n<p>No <strong>domingo (15)<\/strong>, a festa continua no Samb\u00e3o do Povo com dois grandes nomes do ax\u00e9: <strong>Marcus Rauta<\/strong> e <strong>Andr\u00e9 Lelis<\/strong>. Marcus, um dos principais representantes do ax\u00e9 em Vit\u00f3ria, promete animar o p\u00fablico com seu repert\u00f3rio repleto de cl\u00e1ssicos do g\u00eanero. Por sua vez, Andr\u00e9, com sua vasta experi\u00eancia e sucessos marcantes, tamb\u00e9m promete encantar a plateia, fazendo do domingo uma noite inesquec\u00edvel.<\/p>\n<h2>Segunda com Fraz\u00e3o e Tiee<\/h2>\n<p>A ter\u00e7a-feira (16) ser\u00e1 marcada pela presen\u00e7a de <strong>Fraz\u00e3o<\/strong> e o fen\u00f4meno do pagode <strong>Tiee<\/strong> no Samb\u00e3o do Povo. Fraz\u00e3o, conhecido por seu carisma e repert\u00f3rio contagiante no samba e pagode, trar\u00e1 toda a sua energia para o palco. J\u00e1 Tiee, com uma carreira repleta de sucessos e milh\u00f5es de plays nas plataformas digitais, promete arrebatar os cora\u00e7\u00f5es do p\u00fablico com suas m\u00fasicas que j\u00e1 foram hit entre grandes artistas.<\/p>\n<h2>Leandro Sapucahy Encerra com Chave de Ouro<\/h2>\n<p>Finalmente, no <strong>ter\u00e7a-feira (17)<\/strong>, <strong>Leandro Sapucahy<\/strong> ser\u00e1 o respons\u00e1vel por encerrar a programa\u00e7\u00e3o do Carnaval. Reconhecido como um dos grandes nomes do samba e do pagode no Brasil, ele traz consigo uma bagagem musical rica e um comprometimento com a valoriza\u00e7\u00e3o da cultura do samba. Sua apresenta\u00e7\u00e3o promete ser um desfecho grandioso para o festival.<\/p>\n<p>O Carnaval de 2026 em Vit\u00f3ria \u00e9 um verdadeiro reflexo da cultura e diversidade musical do Esp\u00edrito Santo, com uma programa\u00e7\u00e3o que destaca o talento feminino e as tradi\u00e7\u00f5es locais, prometendo uma folia cheia de alegria e emo\u00e7\u00e3o para todos os participantes.<\/p>\n","protected":false},"excerpt":{"rendered":"<p>Carnaval 2026: Circuito da Folia traz novidades imperd\u00edveis para Vit\u00f3ria.<\/p>\n","protected":false},"author":1,"featured_media":7616,"comment_status":"open","ping_status":"open","sticky":false,"template":"","format":"standard","meta":{"footnotes":""},"categories":[5],"tags":[],"class_list":["post-7617","post","type-post","status-publish","format-standard","has-post-thumbnail","hentry","category-noticias","has_thumb"],"yoast_head":"<!-- This site is optimized with the Yoast SEO plugin v27.9 - https:\/\/yoast.com\/product\/yoast-seo-wordpress\/ -->\n<title>Carnaval 2026: Circuito da Folia anuncia novas atra\u00e7\u00f5es e refor\u00e7a programa\u00e7\u00e3o at\u00e9 o Samb\u00e3o do Povo | Guia Comercial de Vit\u00f3ria ES<\/title>\n<meta name=\"robots\" content=\"index, follow, max-snippet:-1, max-image-preview:large, max-video-preview:-1\" \/>\n<link rel=\"canonical\" href=\"https:\/\/www.encontravitoria.com.br\/guia\/carnaval-2026-circuito-da-folia-anuncia-novas-atracoes-e-reforca-programacao-ate-o-sambao-do-povo\/\" \/>\n<meta property=\"og:locale\" content=\"pt_BR\" \/>\n<meta property=\"og:type\" content=\"article\" \/>\n<meta property=\"og:title\" content=\"Carnaval 2026: Circuito da Folia anuncia novas atra\u00e7\u00f5es e refor\u00e7a programa\u00e7\u00e3o at\u00e9 o Samb\u00e3o do Povo | Guia Comercial de Vit\u00f3ria ES\" \/>\n<meta property=\"og:description\" content=\"Carnaval 2026: Circuito da Folia traz novidades imperd\u00edveis para Vit\u00f3ria.\" \/>\n<meta property=\"og:url\" content=\"https:\/\/www.encontravitoria.com.br\/guia\/carnaval-2026-circuito-da-folia-anuncia-novas-atracoes-e-reforca-programacao-ate-o-sambao-do-povo\/\" \/>\n<meta property=\"og:site_name\" content=\"Guia Comercial de Vit\u00f3ria ES\" \/>\n<meta property=\"article:published_time\" content=\"2026-02-19T07:39:00+00:00\" \/>\n<meta property=\"og:image\" content=\"https:\/\/www.encontravitoria.com.br\/guia\/wp-content\/uploads\/2026\/02\/carnaval-2026-circuito-da-folia-anuncia-novas-atracoes-e-reforca-programacao-ate-o-sambao-do-povo.webp\" \/>\n<meta name=\"author\" content=\"Encontra Vit\u00f3ria\" \/>\n<meta name=\"twitter:card\" content=\"summary_large_image\" \/>\n<meta name=\"twitter:label1\" content=\"Escrito por\" \/>\n\t<meta name=\"twitter:data1\" content=\"Encontra Vit\u00f3ria\" \/>\n\t<meta name=\"twitter:label2\" content=\"Est. tempo de leitura\" \/>\n\t<meta name=\"twitter:data2\" content=\"1 minuto\" \/>\n<script type=\"application\/ld+json\" class=\"yoast-schema-graph\">{\"@context\":\"https:\\\/\\\/schema.org\",\"@graph\":[{\"@type\":\"Article\",\"@id\":\"https:\\\/\\\/www.encontravitoria.com.br\\\/guia\\\/carnaval-2026-circuito-da-folia-anuncia-novas-atracoes-e-reforca-programacao-ate-o-sambao-do-povo\\\/#article\",\"isPartOf\":{\"@id\":\"https:\\\/\\\/www.encontravitoria.com.br\\\/guia\\\/carnaval-2026-circuito-da-folia-anuncia-novas-atracoes-e-reforca-programacao-ate-o-sambao-do-povo\\\/\"},\"author\":{\"name\":\"Encontra Vit\u00f3ria\",\"@id\":\"https:\\\/\\\/www.encontravitoria.com.br\\\/guia\\\/#\\\/schema\\\/person\\\/e5c86e2a8d5a2a0333f0c44792c74c65\"},\"headline\":\"Carnaval 2026: Circuito da Folia anuncia novas atra\u00e7\u00f5es e refor\u00e7a programa\u00e7\u00e3o at\u00e9 o Samb\u00e3o do Povo\",\"datePublished\":\"2026-02-19T07:39:00+00:00\",\"mainEntityOfPage\":{\"@id\":\"https:\\\/\\\/www.encontravitoria.com.br\\\/guia\\\/carnaval-2026-circuito-da-folia-anuncia-novas-atracoes-e-reforca-programacao-ate-o-sambao-do-povo\\\/\"},\"wordCount\":315,\"commentCount\":0,\"image\":{\"@id\":\"https:\\\/\\\/www.encontravitoria.com.br\\\/guia\\\/carnaval-2026-circuito-da-folia-anuncia-novas-atracoes-e-reforca-programacao-ate-o-sambao-do-povo\\\/#primaryimage\"},\"thumbnailUrl\":\"https:\\\/\\\/www.encontravitoria.com.br\\\/guia\\\/wp-content\\\/uploads\\\/2026\\\/02\\\/carnaval-2026-circuito-da-folia-anuncia-novas-atracoes-e-reforca-programacao-ate-o-sambao-do-povo.webp\",\"articleSection\":[\"Not\u00edcias Vit\u00f3ria\"],\"inLanguage\":\"pt-BR\",\"potentialAction\":[{\"@type\":\"CommentAction\",\"name\":\"Comment\",\"target\":[\"https:\\\/\\\/www.encontravitoria.com.br\\\/guia\\\/carnaval-2026-circuito-da-folia-anuncia-novas-atracoes-e-reforca-programacao-ate-o-sambao-do-povo\\\/#respond\"]}]},{\"@type\":\"WebPage\",\"@id\":\"https:\\\/\\\/www.encontravitoria.com.br\\\/guia\\\/carnaval-2026-circuito-da-folia-anuncia-novas-atracoes-e-reforca-programacao-ate-o-sambao-do-povo\\\/\",\"url\":\"https:\\\/\\\/www.encontravitoria.com.br\\\/guia\\\/carnaval-2026-circuito-da-folia-anuncia-novas-atracoes-e-reforca-programacao-ate-o-sambao-do-povo\\\/\",\"name\":\"Carnaval 2026: Circuito da Folia anuncia novas atra\u00e7\u00f5es e refor\u00e7a programa\u00e7\u00e3o at\u00e9 o Samb\u00e3o do Povo | Guia Comercial de Vit\u00f3ria ES\",\"isPartOf\":{\"@id\":\"https:\\\/\\\/www.encontravitoria.com.br\\\/guia\\\/#website\"},\"primaryImageOfPage\":{\"@id\":\"https:\\\/\\\/www.encontravitoria.com.br\\\/guia\\\/carnaval-2026-circuito-da-folia-anuncia-novas-atracoes-e-reforca-programacao-ate-o-sambao-do-povo\\\/#primaryimage\"},\"image\":{\"@id\":\"https:\\\/\\\/www.encontravitoria.com.br\\\/guia\\\/carnaval-2026-circuito-da-folia-anuncia-novas-atracoes-e-reforca-programacao-ate-o-sambao-do-povo\\\/#primaryimage\"},\"thumbnailUrl\":\"https:\\\/\\\/www.encontravitoria.com.br\\\/guia\\\/wp-content\\\/uploads\\\/2026\\\/02\\\/carnaval-2026-circuito-da-folia-anuncia-novas-atracoes-e-reforca-programacao-ate-o-sambao-do-povo.webp\",\"datePublished\":\"2026-02-19T07:39:00+00:00\",\"author\":{\"@id\":\"https:\\\/\\\/www.encontravitoria.com.br\\\/guia\\\/#\\\/schema\\\/person\\\/e5c86e2a8d5a2a0333f0c44792c74c65\"},\"inLanguage\":\"pt-BR\",\"potentialAction\":[{\"@type\":\"ReadAction\",\"target\":[\"https:\\\/\\\/www.encontravitoria.com.br\\\/guia\\\/carnaval-2026-circuito-da-folia-anuncia-novas-atracoes-e-reforca-programacao-ate-o-sambao-do-povo\\\/\"]}]},{\"@type\":\"ImageObject\",\"inLanguage\":\"pt-BR\",\"@id\":\"https:\\\/\\\/www.encontravitoria.com.br\\\/guia\\\/carnaval-2026-circuito-da-folia-anuncia-novas-atracoes-e-reforca-programacao-ate-o-sambao-do-povo\\\/#primaryimage\",\"url\":\"https:\\\/\\\/www.encontravitoria.com.br\\\/guia\\\/wp-content\\\/uploads\\\/2026\\\/02\\\/carnaval-2026-circuito-da-folia-anuncia-novas-atracoes-e-reforca-programacao-ate-o-sambao-do-povo.webp\",\"contentUrl\":\"https:\\\/\\\/www.encontravitoria.com.br\\\/guia\\\/wp-content\\\/uploads\\\/2026\\\/02\\\/carnaval-2026-circuito-da-folia-anuncia-novas-atracoes-e-reforca-programacao-ate-o-sambao-do-povo.webp\",\"width\":280,\"height\":280,\"caption\":\"Carnaval 2026\"},{\"@type\":\"WebSite\",\"@id\":\"https:\\\/\\\/www.encontravitoria.com.br\\\/guia\\\/#website\",\"url\":\"https:\\\/\\\/www.encontravitoria.com.br\\\/guia\\\/\",\"name\":\"Guia Comercial de Vit\u00f3ria ES\",\"description\":\"ENCONTRA VIT\u00d3RIA - O guia comercial de neg\u00f3cios e empresas, cultura e divers\u00e3o na cidade de Vit\u00f3ria. Feito 100% para voc\u00ea morador!\",\"potentialAction\":[{\"@type\":\"SearchAction\",\"target\":{\"@type\":\"EntryPoint\",\"urlTemplate\":\"https:\\\/\\\/www.encontravitoria.com.br\\\/guia\\\/?s={search_term_string}\"},\"query-input\":{\"@type\":\"PropertyValueSpecification\",\"valueRequired\":true,\"valueName\":\"search_term_string\"}}],\"inLanguage\":\"pt-BR\"},{\"@type\":\"Person\",\"@id\":\"https:\\\/\\\/www.encontravitoria.com.br\\\/guia\\\/#\\\/schema\\\/person\\\/e5c86e2a8d5a2a0333f0c44792c74c65\",\"name\":\"Encontra Vit\u00f3ria\",\"image\":{\"@type\":\"ImageObject\",\"inLanguage\":\"pt-BR\",\"@id\":\"https:\\\/\\\/secure.gravatar.com\\\/avatar\\\/c50c17820bcf322f0a8fd6b110b8c0918141409dc69076470f6fca5fee70a5d4?s=96&d=mm&r=g\",\"url\":\"https:\\\/\\\/secure.gravatar.com\\\/avatar\\\/c50c17820bcf322f0a8fd6b110b8c0918141409dc69076470f6fca5fee70a5d4?s=96&d=mm&r=g\",\"contentUrl\":\"https:\\\/\\\/secure.gravatar.com\\\/avatar\\\/c50c17820bcf322f0a8fd6b110b8c0918141409dc69076470f6fca5fee70a5d4?s=96&d=mm&r=g\",\"caption\":\"Encontra Vit\u00f3ria\"},\"url\":\"https:\\\/\\\/www.encontravitoria.com.br\\\/guia\\\/author\\\/encontravitoria\\\/\"}]}<\/script>\n<!-- \/ Yoast SEO plugin. -->","yoast_head_json":{"title":"Carnaval 2026: Circuito da Folia anuncia novas atra\u00e7\u00f5es e refor\u00e7a programa\u00e7\u00e3o at\u00e9 o Samb\u00e3o do Povo | Guia Comercial de Vit\u00f3ria ES","robots":{"index":"index","follow":"follow","max-snippet":"max-snippet:-1","max-image-preview":"max-image-preview:large","max-video-preview":"max-video-preview:-1"},"canonical":"https:\/\/www.encontravitoria.com.br\/guia\/carnaval-2026-circuito-da-folia-anuncia-novas-atracoes-e-reforca-programacao-ate-o-sambao-do-povo\/","og_locale":"pt_BR","og_type":"article","og_title":"Carnaval 2026: Circuito da Folia anuncia novas atra\u00e7\u00f5es e refor\u00e7a programa\u00e7\u00e3o at\u00e9 o Samb\u00e3o do Povo | Guia Comercial de Vit\u00f3ria ES","og_description":"Carnaval 2026: Circuito da Folia traz novidades imperd\u00edveis para Vit\u00f3ria.","og_url":"https:\/\/www.encontravitoria.com.br\/guia\/carnaval-2026-circuito-da-folia-anuncia-novas-atracoes-e-reforca-programacao-ate-o-sambao-do-povo\/","og_site_name":"Guia Comercial de Vit\u00f3ria ES","article_published_time":"2026-02-19T07:39:00+00:00","og_image":[{"url":"https:\/\/www.encontravitoria.com.br\/guia\/wp-content\/uploads\/2026\/02\/carnaval-2026-circuito-da-folia-anuncia-novas-atracoes-e-reforca-programacao-ate-o-sambao-do-povo.webp","type":"","width":"","height":""}],"author":"Encontra Vit\u00f3ria","twitter_card":"summary_large_image","twitter_misc":{"Escrito por":"Encontra Vit\u00f3ria","Est. tempo de leitura":"1 minuto"},"schema":{"@context":"https:\/\/schema.org","@graph":[{"@type":"Article","@id":"https:\/\/www.encontravitoria.com.br\/guia\/carnaval-2026-circuito-da-folia-anuncia-novas-atracoes-e-reforca-programacao-ate-o-sambao-do-povo\/#article","isPartOf":{"@id":"https:\/\/www.encontravitoria.com.br\/guia\/carnaval-2026-circuito-da-folia-anuncia-novas-atracoes-e-reforca-programacao-ate-o-sambao-do-povo\/"},"author":{"name":"Encontra Vit\u00f3ria","@id":"https:\/\/www.encontravitoria.com.br\/guia\/#\/schema\/person\/e5c86e2a8d5a2a0333f0c44792c74c65"},"headline":"Carnaval 2026: Circuito da Folia anuncia novas atra\u00e7\u00f5es e refor\u00e7a programa\u00e7\u00e3o at\u00e9 o Samb\u00e3o do Povo","datePublished":"2026-02-19T07:39:00+00:00","mainEntityOfPage":{"@id":"https:\/\/www.encontravitoria.com.br\/guia\/carnaval-2026-circuito-da-folia-anuncia-novas-atracoes-e-reforca-programacao-ate-o-sambao-do-povo\/"},"wordCount":315,"commentCount":0,"image":{"@id":"https:\/\/www.encontravitoria.com.br\/guia\/carnaval-2026-circuito-da-folia-anuncia-novas-atracoes-e-reforca-programacao-ate-o-sambao-do-povo\/#primaryimage"},"thumbnailUrl":"https:\/\/www.encontravitoria.com.br\/guia\/wp-content\/uploads\/2026\/02\/carnaval-2026-circuito-da-folia-anuncia-novas-atracoes-e-reforca-programacao-ate-o-sambao-do-povo.webp","articleSection":["Not\u00edcias Vit\u00f3ria"],"inLanguage":"pt-BR","potentialAction":[{"@type":"CommentAction","name":"Comment","target":["https:\/\/www.encontravitoria.com.br\/guia\/carnaval-2026-circuito-da-folia-anuncia-novas-atracoes-e-reforca-programacao-ate-o-sambao-do-povo\/#respond"]}]},{"@type":"WebPage","@id":"https:\/\/www.encontravitoria.com.br\/guia\/carnaval-2026-circuito-da-folia-anuncia-novas-atracoes-e-reforca-programacao-ate-o-sambao-do-povo\/","url":"https:\/\/www.encontravitoria.com.br\/guia\/carnaval-2026-circuito-da-folia-anuncia-novas-atracoes-e-reforca-programacao-ate-o-sambao-do-povo\/","name":"Carnaval 2026: Circuito da Folia anuncia novas atra\u00e7\u00f5es e refor\u00e7a programa\u00e7\u00e3o at\u00e9 o Samb\u00e3o do Povo | Guia Comercial de Vit\u00f3ria ES","isPartOf":{"@id":"https:\/\/www.encontravitoria.com.br\/guia\/#website"},"primaryImageOfPage":{"@id":"https:\/\/www.encontravitoria.com.br\/guia\/carnaval-2026-circuito-da-folia-anuncia-novas-atracoes-e-reforca-programacao-ate-o-sambao-do-povo\/#primaryimage"},"image":{"@id":"https:\/\/www.encontravitoria.com.br\/guia\/carnaval-2026-circuito-da-folia-anuncia-novas-atracoes-e-reforca-programacao-ate-o-sambao-do-povo\/#primaryimage"},"thumbnailUrl":"https:\/\/www.encontravitoria.com.br\/guia\/wp-content\/uploads\/2026\/02\/carnaval-2026-circuito-da-folia-anuncia-novas-atracoes-e-reforca-programacao-ate-o-sambao-do-povo.webp","datePublished":"2026-02-19T07:39:00+00:00","author":{"@id":"https:\/\/www.encontravitoria.com.br\/guia\/#\/schema\/person\/e5c86e2a8d5a2a0333f0c44792c74c65"},"inLanguage":"pt-BR","potentialAction":[{"@type":"ReadAction","target":["https:\/\/www.encontravitoria.com.br\/guia\/carnaval-2026-circuito-da-folia-anuncia-novas-atracoes-e-reforca-programacao-ate-o-sambao-do-povo\/"]}]},{"@type":"ImageObject","inLanguage":"pt-BR","@id":"https:\/\/www.encontravitoria.com.br\/guia\/carnaval-2026-circuito-da-folia-anuncia-novas-atracoes-e-reforca-programacao-ate-o-sambao-do-povo\/#primaryimage","url":"https:\/\/www.encontravitoria.com.br\/guia\/wp-content\/uploads\/2026\/02\/carnaval-2026-circuito-da-folia-anuncia-novas-atracoes-e-reforca-programacao-ate-o-sambao-do-povo.webp","contentUrl":"https:\/\/www.encontravitoria.com.br\/guia\/wp-content\/uploads\/2026\/02\/carnaval-2026-circuito-da-folia-anuncia-novas-atracoes-e-reforca-programacao-ate-o-sambao-do-povo.webp","width":280,"height":280,"caption":"Carnaval 2026"},{"@type":"WebSite","@id":"https:\/\/www.encontravitoria.com.br\/guia\/#website","url":"https:\/\/www.encontravitoria.com.br\/guia\/","name":"Guia Comercial de Vit\u00f3ria ES","description":"ENCONTRA VIT\u00d3RIA - O guia comercial de neg\u00f3cios e empresas, cultura e divers\u00e3o na cidade de Vit\u00f3ria. Feito 100% para voc\u00ea morador!","potentialAction":[{"@type":"SearchAction","target":{"@type":"EntryPoint","urlTemplate":"https:\/\/www.encontravitoria.com.br\/guia\/?s={search_term_string}"},"query-input":{"@type":"PropertyValueSpecification","valueRequired":true,"valueName":"search_term_string"}}],"inLanguage":"pt-BR"},{"@type":"Person","@id":"https:\/\/www.encontravitoria.com.br\/guia\/#\/schema\/person\/e5c86e2a8d5a2a0333f0c44792c74c65","name":"Encontra Vit\u00f3ria","image":{"@type":"ImageObject","inLanguage":"pt-BR","@id":"https:\/\/secure.gravatar.com\/avatar\/c50c17820bcf322f0a8fd6b110b8c0918141409dc69076470f6fca5fee70a5d4?s=96&d=mm&r=g","url":"https:\/\/secure.gravatar.com\/avatar\/c50c17820bcf322f0a8fd6b110b8c0918141409dc69076470f6fca5fee70a5d4?s=96&d=mm&r=g","contentUrl":"https:\/\/secure.gravatar.com\/avatar\/c50c17820bcf322f0a8fd6b110b8c0918141409dc69076470f6fca5fee70a5d4?s=96&d=mm&r=g","caption":"Encontra Vit\u00f3ria"},"url":"https:\/\/www.encontravitoria.com.br\/guia\/author\/encontravitoria\/"}]}},"_links":{"self":[{"href":"https:\/\/www.encontravitoria.com.br\/guia\/wp-json\/wp\/v2\/posts\/7617","targetHints":{"allow":["GET"]}}],"collection":[{"href":"https:\/\/www.encontravitoria.com.br\/guia\/wp-json\/wp\/v2\/posts"}],"about":[{"href":"https:\/\/www.encontravitoria.com.br\/guia\/wp-json\/wp\/v2\/types\/post"}],"author":[{"embeddable":true,"href":"https:\/\/www.encontravitoria.com.br\/guia\/wp-json\/wp\/v2\/users\/1"}],"replies":[{"embeddable":true,"href":"https:\/\/www.encontravitoria.com.br\/guia\/wp-json\/wp\/v2\/comments?post=7617"}],"version-history":[{"count":0,"href":"https:\/\/www.encontravitoria.com.br\/guia\/wp-json\/wp\/v2\/posts\/7617\/revisions"}],"wp:featuredmedia":[{"embeddable":true,"href":"https:\/\/www.encontravitoria.com.br\/guia\/wp-json\/wp\/v2\/media\/7616"}],"wp:attachment":[{"href":"https:\/\/www.encontravitoria.com.br\/guia\/wp-json\/wp\/v2\/media?parent=7617"}],"wp:term":[{"taxonomy":"category","embeddable":true,"href":"https:\/\/www.encontravitoria.com.br\/guia\/wp-json\/wp\/v2\/categories?post=7617"},{"taxonomy":"post_tag","embeddable":true,"href":"https:\/\/www.encontravitoria.com.br\/guia\/wp-json\/wp\/v2\/tags?post=7617"}],"curies":[{"name":"wp","href":"https:\/\/api.w.org\/{rel}","templated":true}]}}