{"id":7633,"date":"2026-02-21T04:41:51","date_gmt":"2026-02-21T07:41:51","guid":{"rendered":"https:\/\/www.encontravitoria.com.br\/guia\/agenda-no-es-tem-ressaca-de-carnaval-com-kustelao-teatro-e-musica-ao-vivo\/"},"modified":"2026-02-21T04:41:51","modified_gmt":"2026-02-21T07:41:51","slug":"agenda-no-es-tem-ressaca-de-carnaval-com-kustelao-teatro-e-musica-ao-vivo","status":"publish","type":"post","link":"https:\/\/www.encontravitoria.com.br\/guia\/agenda-no-es-tem-ressaca-de-carnaval-com-kustelao-teatro-e-musica-ao-vivo\/","title":{"rendered":"Agenda no ES tem ressaca de carnaval com Kustel\u00e3o, teatro e m\u00fasica ao vivo"},"content":{"rendered":"<h2>Shows ao Vivo: O Que Esperar<\/h2>\n<p>Durante o fim de semana no Esp\u00edrito Santo, a m\u00fasica toma conta dos espa\u00e7os p\u00fablicos e privados, trazendo uma variedade de shows ao vivo que prometem agitar a agenda cultural. Desde festas tem\u00e1ticas at\u00e9 apresenta\u00e7\u00f5es de bandas locais, h\u00e1 op\u00e7\u00f5es para todos os gostos. A programa\u00e7\u00e3o inclui artistas conhecidos e revela\u00e7\u00f5es da cena musical capixaba, proporcionando uma experi\u00eancia \u00fanica para os amantes da m\u00fasica.<\/p>\n<h2>Kustel\u00e3o e a Folia: Uma Experi\u00eancia \u00danica<\/h2>\n<p>Um dos destaques dessa programa\u00e7\u00e3o \u00e9 o bloco Kustel\u00e3o, que se tornou sin\u00f4nimo de alegria e descontra\u00e7\u00e3o no p\u00f3s-carnaval. Com seu ritmo caracter\u00edstico de samba reggae, o bloco atrai foli\u00f5es de todas as idades e \u00e9 uma \u00f3tima oportunidade para vivenciar a cultura local. Este ano, o evento ocorrer\u00e1 em Jardim Camburi, conhecido por suas belas praias e infraestrutura. A entrada \u00e9 gratuita, garantindo que todos possam participar dessa festa contagiante.<\/p>\n<h2>Pe\u00e7as de Teatro Imperd\u00edveis<\/h2>\n<p>A cena teatral no Esp\u00edrito Santo tamb\u00e9m ganha espa\u00e7o neste fim de semana, com montagens que prometem emocionar e divertir o p\u00fablico. O espet\u00e1culo \u201cO Santo e a Porca\u201d, por exemplo, apresenta uma nova vers\u00e3o pelo Grupo Teatral Gota, P\u00f3 e Poeira. Essa pe\u00e7a, que aborda temas como moralidade e tradic\u00e3o, ser\u00e1 encenada no Theatro Carlos Gomes. Os amantes do teatro t\u00eam a chance de assistir a um trabalho de qualidade que enriquece a cena cultural do estado.<\/p>\n<p><img decoding=\"async\" src=\"https:\/\/www.encontravitoria.com.br\/guia\/wp-content\/uploads\/2026\/02\/agenda-no-es-tem-ressaca-de-carnaval-com-kustelao-teatro-e-musica-ao-vivo.webp\" alt=\"Agenda no ES\" loading=\"lazy\" \/><\/p>\n<h2>Estreias Cinematogr\u00e1ficas Desta Semana<\/h2>\n<p>Os cin\u00e9filos t\u00eam motivos para celebrar, j\u00e1 que novas produ\u00e7\u00f5es chegam \u00e0s telonas. Entre as estreias est\u00e3o filmes como &#8220;Isso Ainda Est\u00e1 de P\u00e9?&#8221; e &#8220;O Frio da Morte&#8221;, que oferecem uma combina\u00e7\u00e3o de drama e suspense. As salas de cinema do Esp\u00edrito Santo estar\u00e3o prontas para receber o p\u00fablico, garantindo uma programa\u00e7\u00e3o diversificada para todas as idades.<\/p>\n<h2>Eventos em Concei\u00e7\u00e3o da Barra<\/h2>\n<p>Concei\u00e7\u00e3o da Barra se destaca com seu evento gospel, que traz shows de artistas renomados da m\u00fasica religiosa. Essa \u00e9 uma excelente oportunidade para quem busca um momento de adora\u00e7\u00e3o e reflex\u00e3o, tudo isso \u00e0 beira do mar. Os detalhes sobre hor\u00e1rios e atra\u00e7\u00f5es podem ser encontrados nas m\u00eddias sociais e sites locais, permitindo que ningu\u00e9m fique de fora dessa programa\u00e7\u00e3o especial.<\/p>\n<h2>Festas com M\u00fasica Pop e Karaok\u00ea<\/h2>\n<p>As festas no final de semana em Vit\u00f3ria oferecem ainda op\u00e7\u00f5es de m\u00fasica pop e karaok\u00ea, com DJs animando o p\u00fablico at\u00e9 altas horas. Esses eventos s\u00e3o ideais para quem busca descontra\u00e7\u00e3o e divers\u00e3o em uma atmosfera leve. O karaok\u00ea, em particular, \u00e9 uma \u00f3tima oportunidade para soltar a voz e dar risada com os amigos, criando mem\u00f3rias inesquec\u00edveis.<\/p>\n<h2>Programa\u00e7\u00e3o Completa dos Blocos de Rua<\/h2>\n<p>Os foli\u00f5es que desejam se manter atualizados sobre os blocos de rua podem consultar as plataformas de eventos que disponibilizam a programa\u00e7\u00e3o completa. A ferramenta HZ NA FOLIA \u00e9 uma op\u00e7\u00e3o pr\u00e1tica para quem busca detalhes sobre hor\u00e1rios e locais dos blocos que animar\u00e3o a cidade nos pr\u00f3ximos dias. Essa programa\u00e7\u00e3o \u00e9 a garantia de um carnaval repleto de alegria e divers\u00e3o.<\/p>\n<h2>Como Aproveitar o Melhor do Carnaval<\/h2>\n<p>Para quem ainda est\u00e1 envolvido na gravidez da folia, algumas dicas podem garantir que todos aproveitem ao m\u00e1ximo as festas. Primeiramente, hidrata\u00e7\u00e3o \u00e9 fundamental; lembre-se de beber bastante \u00e1gua para manter a energia. Al\u00e9m disso, escolher roupas leves e confort\u00e1veis \u00e9 essencial para dan\u00e7ar sem preocupa\u00e7\u00f5es. E, claro, n\u00e3o se esque\u00e7a de usar protetor solar, especialmente se a festa incluir atividades ao ar livre.<\/p>\n<h2>Dicas para um Fim de Semana Inesquec\u00edvel<\/h2>\n<p>Aproveitar o fim de semana no Esp\u00edrito Santo pode ser uma experi\u00eancia revigorante. Combine os shows, eventos culturais e festividades com momentos de lazer, como passeios nas praias locais. Tamb\u00e9m \u00e9 uma \u00f3tima ideia explorar a gastronomia capixaba, provando pratos t\u00edpicos e aproveitando as del\u00edcias que a regi\u00e3o tem a oferecer. Cada canto do estado revela surpresas que podem enriquecer ainda mais seu tempo livre.<\/p>\n<h2>O Impacto Cultural do Carnaval no ES<\/h2>\n<p>O carnaval no Esp\u00edrito Santo vai muito al\u00e9m das festividades; ele tamb\u00e9m tem um forte impacto cultural. \u00c9 uma oportunidade para expressar identidade, promover a inclus\u00e3o e fortalecer la\u00e7os comunit\u00e1rios. Com blocos que re\u00fanem pessoas de diferentes idades e estilos, o carnaval contribui para o fortalecimento do turismo e para a valoriza\u00e7\u00e3o das tradi\u00e7\u00f5es locais, o que \u00e9 essencial para o desenvolvimento da cultura capixaba.<\/p>\n","protected":false},"excerpt":{"rendered":"<p>Descubra a agenda cultural no ES com carnaval, Kustel\u00e3o e m\u00fasica ao vivo incr\u00edveis!<\/p>\n","protected":false},"author":1,"featured_media":7632,"comment_status":"open","ping_status":"open","sticky":false,"template":"","format":"standard","meta":{"footnotes":""},"categories":[5],"tags":[],"class_list":["post-7633","post","type-post","status-publish","format-standard","has-post-thumbnail","hentry","category-noticias","has_thumb"],"yoast_head":"<!-- This site is optimized with the Yoast SEO plugin v27.9 - https:\/\/yoast.com\/product\/yoast-seo-wordpress\/ -->\n<title>Agenda no ES tem ressaca de carnaval com Kustel\u00e3o, teatro e m\u00fasica ao vivo | Guia Comercial de Vit\u00f3ria ES<\/title>\n<meta name=\"robots\" content=\"index, follow, max-snippet:-1, max-image-preview:large, max-video-preview:-1\" \/>\n<link rel=\"canonical\" href=\"https:\/\/www.encontravitoria.com.br\/guia\/agenda-no-es-tem-ressaca-de-carnaval-com-kustelao-teatro-e-musica-ao-vivo\/\" \/>\n<meta property=\"og:locale\" content=\"pt_BR\" \/>\n<meta property=\"og:type\" content=\"article\" \/>\n<meta property=\"og:title\" content=\"Agenda no ES tem ressaca de carnaval com Kustel\u00e3o, teatro e m\u00fasica ao vivo | Guia Comercial de Vit\u00f3ria ES\" \/>\n<meta property=\"og:description\" content=\"Descubra a agenda cultural no ES com carnaval, Kustel\u00e3o e m\u00fasica ao vivo incr\u00edveis!\" \/>\n<meta property=\"og:url\" content=\"https:\/\/www.encontravitoria.com.br\/guia\/agenda-no-es-tem-ressaca-de-carnaval-com-kustelao-teatro-e-musica-ao-vivo\/\" \/>\n<meta property=\"og:site_name\" content=\"Guia Comercial de Vit\u00f3ria ES\" \/>\n<meta property=\"article:published_time\" content=\"2026-02-21T07:41:51+00:00\" \/>\n<meta property=\"og:image\" content=\"https:\/\/www.encontravitoria.com.br\/guia\/wp-content\/uploads\/2026\/02\/agenda-no-es-tem-ressaca-de-carnaval-com-kustelao-teatro-e-musica-ao-vivo.webp\" \/>\n<meta name=\"author\" content=\"Encontra Vit\u00f3ria\" \/>\n<meta name=\"twitter:card\" content=\"summary_large_image\" \/>\n<meta name=\"twitter:label1\" content=\"Escrito por\" \/>\n\t<meta name=\"twitter:data1\" content=\"Encontra Vit\u00f3ria\" \/>\n\t<meta name=\"twitter:label2\" content=\"Est. tempo de leitura\" \/>\n\t<meta name=\"twitter:data2\" content=\"4 minutos\" \/>\n<script type=\"application\/ld+json\" class=\"yoast-schema-graph\">{\"@context\":\"https:\\\/\\\/schema.org\",\"@graph\":[{\"@type\":\"Article\",\"@id\":\"https:\\\/\\\/www.encontravitoria.com.br\\\/guia\\\/agenda-no-es-tem-ressaca-de-carnaval-com-kustelao-teatro-e-musica-ao-vivo\\\/#article\",\"isPartOf\":{\"@id\":\"https:\\\/\\\/www.encontravitoria.com.br\\\/guia\\\/agenda-no-es-tem-ressaca-de-carnaval-com-kustelao-teatro-e-musica-ao-vivo\\\/\"},\"author\":{\"name\":\"Encontra Vit\u00f3ria\",\"@id\":\"https:\\\/\\\/www.encontravitoria.com.br\\\/guia\\\/#\\\/schema\\\/person\\\/e5c86e2a8d5a2a0333f0c44792c74c65\"},\"headline\":\"Agenda no ES tem ressaca de carnaval com Kustel\u00e3o, teatro e m\u00fasica ao vivo\",\"datePublished\":\"2026-02-21T07:41:51+00:00\",\"mainEntityOfPage\":{\"@id\":\"https:\\\/\\\/www.encontravitoria.com.br\\\/guia\\\/agenda-no-es-tem-ressaca-de-carnaval-com-kustelao-teatro-e-musica-ao-vivo\\\/\"},\"wordCount\":804,\"commentCount\":0,\"image\":{\"@id\":\"https:\\\/\\\/www.encontravitoria.com.br\\\/guia\\\/agenda-no-es-tem-ressaca-de-carnaval-com-kustelao-teatro-e-musica-ao-vivo\\\/#primaryimage\"},\"thumbnailUrl\":\"https:\\\/\\\/www.encontravitoria.com.br\\\/guia\\\/wp-content\\\/uploads\\\/2026\\\/02\\\/agenda-no-es-tem-ressaca-de-carnaval-com-kustelao-teatro-e-musica-ao-vivo.webp\",\"articleSection\":[\"Not\u00edcias Vit\u00f3ria\"],\"inLanguage\":\"pt-BR\",\"potentialAction\":[{\"@type\":\"CommentAction\",\"name\":\"Comment\",\"target\":[\"https:\\\/\\\/www.encontravitoria.com.br\\\/guia\\\/agenda-no-es-tem-ressaca-de-carnaval-com-kustelao-teatro-e-musica-ao-vivo\\\/#respond\"]}]},{\"@type\":\"WebPage\",\"@id\":\"https:\\\/\\\/www.encontravitoria.com.br\\\/guia\\\/agenda-no-es-tem-ressaca-de-carnaval-com-kustelao-teatro-e-musica-ao-vivo\\\/\",\"url\":\"https:\\\/\\\/www.encontravitoria.com.br\\\/guia\\\/agenda-no-es-tem-ressaca-de-carnaval-com-kustelao-teatro-e-musica-ao-vivo\\\/\",\"name\":\"Agenda no ES tem ressaca de carnaval com Kustel\u00e3o, teatro e m\u00fasica ao vivo | Guia Comercial de Vit\u00f3ria ES\",\"isPartOf\":{\"@id\":\"https:\\\/\\\/www.encontravitoria.com.br\\\/guia\\\/#website\"},\"primaryImageOfPage\":{\"@id\":\"https:\\\/\\\/www.encontravitoria.com.br\\\/guia\\\/agenda-no-es-tem-ressaca-de-carnaval-com-kustelao-teatro-e-musica-ao-vivo\\\/#primaryimage\"},\"image\":{\"@id\":\"https:\\\/\\\/www.encontravitoria.com.br\\\/guia\\\/agenda-no-es-tem-ressaca-de-carnaval-com-kustelao-teatro-e-musica-ao-vivo\\\/#primaryimage\"},\"thumbnailUrl\":\"https:\\\/\\\/www.encontravitoria.com.br\\\/guia\\\/wp-content\\\/uploads\\\/2026\\\/02\\\/agenda-no-es-tem-ressaca-de-carnaval-com-kustelao-teatro-e-musica-ao-vivo.webp\",\"datePublished\":\"2026-02-21T07:41:51+00:00\",\"author\":{\"@id\":\"https:\\\/\\\/www.encontravitoria.com.br\\\/guia\\\/#\\\/schema\\\/person\\\/e5c86e2a8d5a2a0333f0c44792c74c65\"},\"inLanguage\":\"pt-BR\",\"potentialAction\":[{\"@type\":\"ReadAction\",\"target\":[\"https:\\\/\\\/www.encontravitoria.com.br\\\/guia\\\/agenda-no-es-tem-ressaca-de-carnaval-com-kustelao-teatro-e-musica-ao-vivo\\\/\"]}]},{\"@type\":\"ImageObject\",\"inLanguage\":\"pt-BR\",\"@id\":\"https:\\\/\\\/www.encontravitoria.com.br\\\/guia\\\/agenda-no-es-tem-ressaca-de-carnaval-com-kustelao-teatro-e-musica-ao-vivo\\\/#primaryimage\",\"url\":\"https:\\\/\\\/www.encontravitoria.com.br\\\/guia\\\/wp-content\\\/uploads\\\/2026\\\/02\\\/agenda-no-es-tem-ressaca-de-carnaval-com-kustelao-teatro-e-musica-ao-vivo.webp\",\"contentUrl\":\"https:\\\/\\\/www.encontravitoria.com.br\\\/guia\\\/wp-content\\\/uploads\\\/2026\\\/02\\\/agenda-no-es-tem-ressaca-de-carnaval-com-kustelao-teatro-e-musica-ao-vivo.webp\",\"width\":280,\"height\":280,\"caption\":\"Agenda no ES\"},{\"@type\":\"WebSite\",\"@id\":\"https:\\\/\\\/www.encontravitoria.com.br\\\/guia\\\/#website\",\"url\":\"https:\\\/\\\/www.encontravitoria.com.br\\\/guia\\\/\",\"name\":\"Guia Comercial de Vit\u00f3ria ES\",\"description\":\"ENCONTRA VIT\u00d3RIA - O guia comercial de neg\u00f3cios e empresas, cultura e divers\u00e3o na cidade de Vit\u00f3ria. Feito 100% para voc\u00ea morador!\",\"potentialAction\":[{\"@type\":\"SearchAction\",\"target\":{\"@type\":\"EntryPoint\",\"urlTemplate\":\"https:\\\/\\\/www.encontravitoria.com.br\\\/guia\\\/?s={search_term_string}\"},\"query-input\":{\"@type\":\"PropertyValueSpecification\",\"valueRequired\":true,\"valueName\":\"search_term_string\"}}],\"inLanguage\":\"pt-BR\"},{\"@type\":\"Person\",\"@id\":\"https:\\\/\\\/www.encontravitoria.com.br\\\/guia\\\/#\\\/schema\\\/person\\\/e5c86e2a8d5a2a0333f0c44792c74c65\",\"name\":\"Encontra Vit\u00f3ria\",\"image\":{\"@type\":\"ImageObject\",\"inLanguage\":\"pt-BR\",\"@id\":\"https:\\\/\\\/secure.gravatar.com\\\/avatar\\\/c50c17820bcf322f0a8fd6b110b8c0918141409dc69076470f6fca5fee70a5d4?s=96&d=mm&r=g\",\"url\":\"https:\\\/\\\/secure.gravatar.com\\\/avatar\\\/c50c17820bcf322f0a8fd6b110b8c0918141409dc69076470f6fca5fee70a5d4?s=96&d=mm&r=g\",\"contentUrl\":\"https:\\\/\\\/secure.gravatar.com\\\/avatar\\\/c50c17820bcf322f0a8fd6b110b8c0918141409dc69076470f6fca5fee70a5d4?s=96&d=mm&r=g\",\"caption\":\"Encontra Vit\u00f3ria\"},\"url\":\"https:\\\/\\\/www.encontravitoria.com.br\\\/guia\\\/author\\\/encontravitoria\\\/\"}]}<\/script>\n<!-- \/ Yoast SEO plugin. -->","yoast_head_json":{"title":"Agenda no ES tem ressaca de carnaval com Kustel\u00e3o, teatro e m\u00fasica ao vivo | Guia Comercial de Vit\u00f3ria ES","robots":{"index":"index","follow":"follow","max-snippet":"max-snippet:-1","max-image-preview":"max-image-preview:large","max-video-preview":"max-video-preview:-1"},"canonical":"https:\/\/www.encontravitoria.com.br\/guia\/agenda-no-es-tem-ressaca-de-carnaval-com-kustelao-teatro-e-musica-ao-vivo\/","og_locale":"pt_BR","og_type":"article","og_title":"Agenda no ES tem ressaca de carnaval com Kustel\u00e3o, teatro e m\u00fasica ao vivo | Guia Comercial de Vit\u00f3ria ES","og_description":"Descubra a agenda cultural no ES com carnaval, Kustel\u00e3o e m\u00fasica ao vivo incr\u00edveis!","og_url":"https:\/\/www.encontravitoria.com.br\/guia\/agenda-no-es-tem-ressaca-de-carnaval-com-kustelao-teatro-e-musica-ao-vivo\/","og_site_name":"Guia Comercial de Vit\u00f3ria ES","article_published_time":"2026-02-21T07:41:51+00:00","og_image":[{"url":"https:\/\/www.encontravitoria.com.br\/guia\/wp-content\/uploads\/2026\/02\/agenda-no-es-tem-ressaca-de-carnaval-com-kustelao-teatro-e-musica-ao-vivo.webp","type":"","width":"","height":""}],"author":"Encontra Vit\u00f3ria","twitter_card":"summary_large_image","twitter_misc":{"Escrito por":"Encontra Vit\u00f3ria","Est. tempo de leitura":"4 minutos"},"schema":{"@context":"https:\/\/schema.org","@graph":[{"@type":"Article","@id":"https:\/\/www.encontravitoria.com.br\/guia\/agenda-no-es-tem-ressaca-de-carnaval-com-kustelao-teatro-e-musica-ao-vivo\/#article","isPartOf":{"@id":"https:\/\/www.encontravitoria.com.br\/guia\/agenda-no-es-tem-ressaca-de-carnaval-com-kustelao-teatro-e-musica-ao-vivo\/"},"author":{"name":"Encontra Vit\u00f3ria","@id":"https:\/\/www.encontravitoria.com.br\/guia\/#\/schema\/person\/e5c86e2a8d5a2a0333f0c44792c74c65"},"headline":"Agenda no ES tem ressaca de carnaval com Kustel\u00e3o, teatro e m\u00fasica ao vivo","datePublished":"2026-02-21T07:41:51+00:00","mainEntityOfPage":{"@id":"https:\/\/www.encontravitoria.com.br\/guia\/agenda-no-es-tem-ressaca-de-carnaval-com-kustelao-teatro-e-musica-ao-vivo\/"},"wordCount":804,"commentCount":0,"image":{"@id":"https:\/\/www.encontravitoria.com.br\/guia\/agenda-no-es-tem-ressaca-de-carnaval-com-kustelao-teatro-e-musica-ao-vivo\/#primaryimage"},"thumbnailUrl":"https:\/\/www.encontravitoria.com.br\/guia\/wp-content\/uploads\/2026\/02\/agenda-no-es-tem-ressaca-de-carnaval-com-kustelao-teatro-e-musica-ao-vivo.webp","articleSection":["Not\u00edcias Vit\u00f3ria"],"inLanguage":"pt-BR","potentialAction":[{"@type":"CommentAction","name":"Comment","target":["https:\/\/www.encontravitoria.com.br\/guia\/agenda-no-es-tem-ressaca-de-carnaval-com-kustelao-teatro-e-musica-ao-vivo\/#respond"]}]},{"@type":"WebPage","@id":"https:\/\/www.encontravitoria.com.br\/guia\/agenda-no-es-tem-ressaca-de-carnaval-com-kustelao-teatro-e-musica-ao-vivo\/","url":"https:\/\/www.encontravitoria.com.br\/guia\/agenda-no-es-tem-ressaca-de-carnaval-com-kustelao-teatro-e-musica-ao-vivo\/","name":"Agenda no ES tem ressaca de carnaval com Kustel\u00e3o, teatro e m\u00fasica ao vivo | Guia Comercial de Vit\u00f3ria ES","isPartOf":{"@id":"https:\/\/www.encontravitoria.com.br\/guia\/#website"},"primaryImageOfPage":{"@id":"https:\/\/www.encontravitoria.com.br\/guia\/agenda-no-es-tem-ressaca-de-carnaval-com-kustelao-teatro-e-musica-ao-vivo\/#primaryimage"},"image":{"@id":"https:\/\/www.encontravitoria.com.br\/guia\/agenda-no-es-tem-ressaca-de-carnaval-com-kustelao-teatro-e-musica-ao-vivo\/#primaryimage"},"thumbnailUrl":"https:\/\/www.encontravitoria.com.br\/guia\/wp-content\/uploads\/2026\/02\/agenda-no-es-tem-ressaca-de-carnaval-com-kustelao-teatro-e-musica-ao-vivo.webp","datePublished":"2026-02-21T07:41:51+00:00","author":{"@id":"https:\/\/www.encontravitoria.com.br\/guia\/#\/schema\/person\/e5c86e2a8d5a2a0333f0c44792c74c65"},"inLanguage":"pt-BR","potentialAction":[{"@type":"ReadAction","target":["https:\/\/www.encontravitoria.com.br\/guia\/agenda-no-es-tem-ressaca-de-carnaval-com-kustelao-teatro-e-musica-ao-vivo\/"]}]},{"@type":"ImageObject","inLanguage":"pt-BR","@id":"https:\/\/www.encontravitoria.com.br\/guia\/agenda-no-es-tem-ressaca-de-carnaval-com-kustelao-teatro-e-musica-ao-vivo\/#primaryimage","url":"https:\/\/www.encontravitoria.com.br\/guia\/wp-content\/uploads\/2026\/02\/agenda-no-es-tem-ressaca-de-carnaval-com-kustelao-teatro-e-musica-ao-vivo.webp","contentUrl":"https:\/\/www.encontravitoria.com.br\/guia\/wp-content\/uploads\/2026\/02\/agenda-no-es-tem-ressaca-de-carnaval-com-kustelao-teatro-e-musica-ao-vivo.webp","width":280,"height":280,"caption":"Agenda no ES"},{"@type":"WebSite","@id":"https:\/\/www.encontravitoria.com.br\/guia\/#website","url":"https:\/\/www.encontravitoria.com.br\/guia\/","name":"Guia Comercial de Vit\u00f3ria ES","description":"ENCONTRA VIT\u00d3RIA - O guia comercial de neg\u00f3cios e empresas, cultura e divers\u00e3o na cidade de Vit\u00f3ria. Feito 100% para voc\u00ea morador!","potentialAction":[{"@type":"SearchAction","target":{"@type":"EntryPoint","urlTemplate":"https:\/\/www.encontravitoria.com.br\/guia\/?s={search_term_string}"},"query-input":{"@type":"PropertyValueSpecification","valueRequired":true,"valueName":"search_term_string"}}],"inLanguage":"pt-BR"},{"@type":"Person","@id":"https:\/\/www.encontravitoria.com.br\/guia\/#\/schema\/person\/e5c86e2a8d5a2a0333f0c44792c74c65","name":"Encontra Vit\u00f3ria","image":{"@type":"ImageObject","inLanguage":"pt-BR","@id":"https:\/\/secure.gravatar.com\/avatar\/c50c17820bcf322f0a8fd6b110b8c0918141409dc69076470f6fca5fee70a5d4?s=96&d=mm&r=g","url":"https:\/\/secure.gravatar.com\/avatar\/c50c17820bcf322f0a8fd6b110b8c0918141409dc69076470f6fca5fee70a5d4?s=96&d=mm&r=g","contentUrl":"https:\/\/secure.gravatar.com\/avatar\/c50c17820bcf322f0a8fd6b110b8c0918141409dc69076470f6fca5fee70a5d4?s=96&d=mm&r=g","caption":"Encontra Vit\u00f3ria"},"url":"https:\/\/www.encontravitoria.com.br\/guia\/author\/encontravitoria\/"}]}},"_links":{"self":[{"href":"https:\/\/www.encontravitoria.com.br\/guia\/wp-json\/wp\/v2\/posts\/7633","targetHints":{"allow":["GET"]}}],"collection":[{"href":"https:\/\/www.encontravitoria.com.br\/guia\/wp-json\/wp\/v2\/posts"}],"about":[{"href":"https:\/\/www.encontravitoria.com.br\/guia\/wp-json\/wp\/v2\/types\/post"}],"author":[{"embeddable":true,"href":"https:\/\/www.encontravitoria.com.br\/guia\/wp-json\/wp\/v2\/users\/1"}],"replies":[{"embeddable":true,"href":"https:\/\/www.encontravitoria.com.br\/guia\/wp-json\/wp\/v2\/comments?post=7633"}],"version-history":[{"count":0,"href":"https:\/\/www.encontravitoria.com.br\/guia\/wp-json\/wp\/v2\/posts\/7633\/revisions"}],"wp:featuredmedia":[{"embeddable":true,"href":"https:\/\/www.encontravitoria.com.br\/guia\/wp-json\/wp\/v2\/media\/7632"}],"wp:attachment":[{"href":"https:\/\/www.encontravitoria.com.br\/guia\/wp-json\/wp\/v2\/media?parent=7633"}],"wp:term":[{"taxonomy":"category","embeddable":true,"href":"https:\/\/www.encontravitoria.com.br\/guia\/wp-json\/wp\/v2\/categories?post=7633"},{"taxonomy":"post_tag","embeddable":true,"href":"https:\/\/www.encontravitoria.com.br\/guia\/wp-json\/wp\/v2\/tags?post=7633"}],"curies":[{"name":"wp","href":"https:\/\/api.w.org\/{rel}","templated":true}]}}