{"id":7697,"date":"2026-03-05T04:41:39","date_gmt":"2026-03-05T07:41:39","guid":{"rendered":"https:\/\/www.encontravitoria.com.br\/guia\/prefeitura-de-vitoria-nomeia-assistentes-de-educacao-infantil-para-atuarem-na-rede-municipal\/"},"modified":"2026-03-05T04:41:39","modified_gmt":"2026-03-05T07:41:39","slug":"prefeitura-de-vitoria-nomeia-assistentes-de-educacao-infantil-para-atuarem-na-rede-municipal","status":"publish","type":"post","link":"https:\/\/www.encontravitoria.com.br\/guia\/prefeitura-de-vitoria-nomeia-assistentes-de-educacao-infantil-para-atuarem-na-rede-municipal\/","title":{"rendered":"Prefeitura de Vit\u00f3ria nomeia assistentes de Educa\u00e7\u00e3o Infantil para atuarem na rede municipal"},"content":{"rendered":"<h2>Nomea\u00e7\u00e3o de Assistentes de Educa\u00e7\u00e3o Infantil em Vit\u00f3ria<\/h2>\n<p>A Prefeitura de Vit\u00f3ria anunciou a nomea\u00e7\u00e3o de novos assistentes de educa\u00e7\u00e3o infantil, escolhidos atrav\u00e9s de um Processo Seletivo Simplificado. Essa a\u00e7\u00e3o visa ampliar o quadro de profissionais dedicados \u00e0 educa\u00e7\u00e3o infantil na rede municipal. Os convocados dever\u00e3o participar de um treinamento espec\u00edfico antes de iniciar suas atividades.<\/p>\n<h2>Como Funciona o Processo Seletivo Simplificado<\/h2>\n<p>O Processo Seletivo Simplificado consiste em etapas que incluem a inscri\u00e7\u00e3o, avalia\u00e7\u00e3o de curr\u00edculos e, em alguns casos, entrevistas. Os candidatos s\u00e3o selecionados baseando-se em crit\u00e9rios como forma\u00e7\u00e3o, experi\u00eancia e, quando aplic\u00e1vel, habilidades espec\u00edficas pertinentes ao cargo. A transpar\u00eancia \u00e9 uma prioridade, com todas as etapas rigorosamente documentadas para assegurar a imparcialidade do processo.<\/p>\n<h2>Import\u00e2ncia dos Assistentes na Educa\u00e7\u00e3o Infantil<\/h2>\n<p>Os assistentes de educa\u00e7\u00e3o infantil desempenham um papel fundamental no desenvolvimento das crian\u00e7as nos primeiros anos de vida. Eles n\u00e3o apenas ajudam os professores na implementa\u00e7\u00e3o de atividades pedag\u00f3gicas, mas tamb\u00e9m proporcionam um ambiente seguro e acolhedor, facilitando o aprendizado e a socializa\u00e7\u00e3o dos alunos. O suporte emocional e educativo que esses profissionais oferecem \u00e9 essencial para a forma\u00e7\u00e3o integral das crian\u00e7as.<\/p>\n<p><img decoding=\"async\" src=\"https:\/\/www.encontravitoria.com.br\/guia\/wp-content\/uploads\/2026\/03\/prefeitura-de-vitoria-nomeia-assistentes-de-educacao-infantil-para-atuarem-na-rede-municipal.webp\" alt=\"Assistentes de Educa\u00e7\u00e3o Infantil\" loading=\"lazy\" \/><\/p>\n<h2>Documenta\u00e7\u00e3o Necess\u00e1ria para a Contrata\u00e7\u00e3o<\/h2>\n<p>Para a efetiva\u00e7\u00e3o da contrata\u00e7\u00e3o, os novos assistentes devem apresentar uma s\u00e9rie de documentos. A lista de documenta\u00e7\u00e3o inclui:<\/p>\n<ul>\n<li>Comprovante de escolaridade;<\/li>\n<li>Laudo m\u00e9dico admissional emitido por empresa especializada;<\/li>\n<li>Documentos pessoais (RG, CPF, comprovante de resid\u00eancia);<\/li>\n<li>Declara\u00e7\u00e3o de ac\u00famulo de cargo, se aplic\u00e1vel;<\/li>\n<li>Carta de apresenta\u00e7\u00e3o ou recomenda\u00e7\u00e3o, opcional.<\/li>\n<\/ul>\n<p>\u00c9 crucial que todos os documentos sejam entregues em formato leg\u00edvel e sem rasuras, garantindo que o processo de contrata\u00e7\u00e3o transcorra sem problemas.<\/p>\n<h2>Datas Importantes para os Nomeados<\/h2>\n<p>Os candidatos nomeados devem estar atentos \u00e0s datas espec\u00edficas estipuladas no edital de convoca\u00e7\u00e3o. Por exemplo, deve-se comparecer \u00e0 Ger\u00eancia de Recrutamento e Sele\u00e7\u00e3o da Prefeitura na data designada, levando a documenta\u00e7\u00e3o necess\u00e1ria para formalizar a contrata\u00e7\u00e3o. A pontualidade \u00e9 essencial, pois aqueles que chegarem ap\u00f3s o hor\u00e1rio marcado poder\u00e3o perder a oportunidade.<\/p>\n<h2>O Papel dos Assistentes de Educa\u00e7\u00e3o Infantil<\/h2>\n<p>Os assistentes de educa\u00e7\u00e3o infantil t\u00eam diversas responsabilidades. Al\u00e9m de apoiar os professores, eles colaboram na elabora\u00e7\u00e3o de atividades educativas, supervisionam os alunos durante o recreio e fazem a gest\u00e3o de conflitos. A fun\u00e7\u00e3o deles \u00e9 crucial para o desenvolvimento da autonomia e da capacidade de conviv\u00eancia social dos alunos.<\/p>\n<h2>A A\u00e7\u00e3o da Prefeitura de Vit\u00f3ria na Educa\u00e7\u00e3o<\/h2>\n<p>A Prefeitura de Vit\u00f3ria tem se comprometido em investir na educa\u00e7\u00e3o infantil, reconhecendo que os primeiros anos da vida escolar s\u00e3o determinantes para o futuro dos alunos. A nomea\u00e7\u00e3o de novos assistentes faz parte de uma estrat\u00e9gia maior, que visa n\u00e3o apenas aumentar o n\u00famero de profissionais, mas tamb\u00e9m melhorar a qualidade do ensino oferecido nas escolas municipais.<\/p>\n<h2>Preparativos para o In\u00edcio Das Atividades<\/h2>\n<p>Com a nomea\u00e7\u00e3o dos assistentes, a prepara\u00e7\u00e3o para o in\u00edcio das atividades se torna uma prioridade. Isso inclui a realiza\u00e7\u00e3o de capacita\u00e7\u00f5es e workshops, que t\u00eam como objetivo proporcionar aos novos assistentes as ferramentas necess\u00e1rias para desempenharem suas fun\u00e7\u00f5es com excel\u00eancia. Tais prepara\u00e7\u00f5es s\u00e3o fundamentais para um envolvimento adequado com as crian\u00e7as e uma adapta\u00e7\u00e3o eficaz ao ambiente escolar.<\/p>\n<h2>Desafios Enfrentados pelos Educadores na Rede Municipal<\/h2>\n<p>Os educadores na rede municipal enfrentam diversos desafios. Entre eles, destacam-se a necessidade de adapta\u00e7\u00e3o \u00e0s novas metodologias de ensino, a diversidade de perfis de alunos e a gest\u00e3o da sala de aula. Al\u00e9m disso, a integra\u00e7\u00e3o entre assistentes e professores \u00e9 essencial para garantir um ambiente educacional harmonioso e produtivo, onde todos possam contribuir para o desenvolvimento da crian\u00e7a.<\/p>\n<h2>Pr\u00f3ximos Passos Ap\u00f3s a Nomea\u00e7\u00e3o<\/h2>\n<p>Ap\u00f3s a nomea\u00e7\u00e3o, os assistentes dever\u00e3o participar de reuni\u00f5es de integra\u00e7\u00e3o, onde ser\u00e3o apresentados \u00e0 equipe pedag\u00f3gica e conhecer\u00e3o as diretrizes da escola. Tamb\u00e9m \u00e9 essencial que eles se familiarizem com a proposta pedag\u00f3gica da institui\u00e7\u00e3o e as particularidades de cada turma que ir\u00e3o acompanhar. O acompanhamento e a supervis\u00e3o cont\u00ednua por parte da gest\u00e3o escolar ser\u00e3o vitais para o sucesso dos assistentes neste novo papel.<\/p>\n","protected":false},"excerpt":{"rendered":"<p>Prefeitura de Vit\u00f3ria anuncia nomea\u00e7\u00e3o de assistentes de Educa\u00e7\u00e3o Infantil para a rede municipal.<\/p>\n","protected":false},"author":1,"featured_media":7696,"comment_status":"open","ping_status":"open","sticky":false,"template":"","format":"standard","meta":{"footnotes":""},"categories":[5],"tags":[],"class_list":["post-7697","post","type-post","status-publish","format-standard","has-post-thumbnail","hentry","category-noticias","has_thumb"],"yoast_head":"<!-- This site is optimized with the Yoast SEO plugin v27.9 - https:\/\/yoast.com\/product\/yoast-seo-wordpress\/ -->\n<title>Prefeitura de Vit\u00f3ria nomeia assistentes de Educa\u00e7\u00e3o Infantil para atuarem na rede municipal | Guia Comercial de Vit\u00f3ria ES<\/title>\n<meta name=\"robots\" content=\"index, follow, max-snippet:-1, max-image-preview:large, max-video-preview:-1\" \/>\n<link rel=\"canonical\" href=\"https:\/\/www.encontravitoria.com.br\/guia\/prefeitura-de-vitoria-nomeia-assistentes-de-educacao-infantil-para-atuarem-na-rede-municipal\/\" \/>\n<meta property=\"og:locale\" content=\"pt_BR\" \/>\n<meta property=\"og:type\" content=\"article\" \/>\n<meta property=\"og:title\" content=\"Prefeitura de Vit\u00f3ria nomeia assistentes de Educa\u00e7\u00e3o Infantil para atuarem na rede municipal | Guia Comercial de Vit\u00f3ria ES\" \/>\n<meta property=\"og:description\" content=\"Prefeitura de Vit\u00f3ria anuncia nomea\u00e7\u00e3o de assistentes de Educa\u00e7\u00e3o Infantil para a rede municipal.\" \/>\n<meta property=\"og:url\" content=\"https:\/\/www.encontravitoria.com.br\/guia\/prefeitura-de-vitoria-nomeia-assistentes-de-educacao-infantil-para-atuarem-na-rede-municipal\/\" \/>\n<meta property=\"og:site_name\" content=\"Guia Comercial de Vit\u00f3ria ES\" \/>\n<meta property=\"article:published_time\" content=\"2026-03-05T07:41:39+00:00\" \/>\n<meta property=\"og:image\" content=\"https:\/\/www.encontravitoria.com.br\/guia\/wp-content\/uploads\/2026\/03\/prefeitura-de-vitoria-nomeia-assistentes-de-educacao-infantil-para-atuarem-na-rede-municipal.webp\" \/>\n<meta name=\"author\" content=\"Encontra Vit\u00f3ria\" \/>\n<meta name=\"twitter:card\" content=\"summary_large_image\" \/>\n<meta name=\"twitter:label1\" content=\"Escrito por\" \/>\n\t<meta name=\"twitter:data1\" content=\"Encontra Vit\u00f3ria\" \/>\n\t<meta name=\"twitter:label2\" content=\"Est. tempo de leitura\" \/>\n\t<meta name=\"twitter:data2\" content=\"4 minutos\" \/>\n<script type=\"application\/ld+json\" class=\"yoast-schema-graph\">{\"@context\":\"https:\\\/\\\/schema.org\",\"@graph\":[{\"@type\":\"Article\",\"@id\":\"https:\\\/\\\/www.encontravitoria.com.br\\\/guia\\\/prefeitura-de-vitoria-nomeia-assistentes-de-educacao-infantil-para-atuarem-na-rede-municipal\\\/#article\",\"isPartOf\":{\"@id\":\"https:\\\/\\\/www.encontravitoria.com.br\\\/guia\\\/prefeitura-de-vitoria-nomeia-assistentes-de-educacao-infantil-para-atuarem-na-rede-municipal\\\/\"},\"author\":{\"name\":\"Encontra Vit\u00f3ria\",\"@id\":\"https:\\\/\\\/www.encontravitoria.com.br\\\/guia\\\/#\\\/schema\\\/person\\\/e5c86e2a8d5a2a0333f0c44792c74c65\"},\"headline\":\"Prefeitura de Vit\u00f3ria nomeia assistentes de Educa\u00e7\u00e3o Infantil para atuarem na rede municipal\",\"datePublished\":\"2026-03-05T07:41:39+00:00\",\"mainEntityOfPage\":{\"@id\":\"https:\\\/\\\/www.encontravitoria.com.br\\\/guia\\\/prefeitura-de-vitoria-nomeia-assistentes-de-educacao-infantil-para-atuarem-na-rede-municipal\\\/\"},\"wordCount\":765,\"commentCount\":0,\"image\":{\"@id\":\"https:\\\/\\\/www.encontravitoria.com.br\\\/guia\\\/prefeitura-de-vitoria-nomeia-assistentes-de-educacao-infantil-para-atuarem-na-rede-municipal\\\/#primaryimage\"},\"thumbnailUrl\":\"https:\\\/\\\/www.encontravitoria.com.br\\\/guia\\\/wp-content\\\/uploads\\\/2026\\\/03\\\/prefeitura-de-vitoria-nomeia-assistentes-de-educacao-infantil-para-atuarem-na-rede-municipal.webp\",\"articleSection\":[\"Not\u00edcias Vit\u00f3ria\"],\"inLanguage\":\"pt-BR\",\"potentialAction\":[{\"@type\":\"CommentAction\",\"name\":\"Comment\",\"target\":[\"https:\\\/\\\/www.encontravitoria.com.br\\\/guia\\\/prefeitura-de-vitoria-nomeia-assistentes-de-educacao-infantil-para-atuarem-na-rede-municipal\\\/#respond\"]}]},{\"@type\":\"WebPage\",\"@id\":\"https:\\\/\\\/www.encontravitoria.com.br\\\/guia\\\/prefeitura-de-vitoria-nomeia-assistentes-de-educacao-infantil-para-atuarem-na-rede-municipal\\\/\",\"url\":\"https:\\\/\\\/www.encontravitoria.com.br\\\/guia\\\/prefeitura-de-vitoria-nomeia-assistentes-de-educacao-infantil-para-atuarem-na-rede-municipal\\\/\",\"name\":\"Prefeitura de Vit\u00f3ria nomeia assistentes de Educa\u00e7\u00e3o Infantil para atuarem na rede municipal | Guia Comercial de Vit\u00f3ria ES\",\"isPartOf\":{\"@id\":\"https:\\\/\\\/www.encontravitoria.com.br\\\/guia\\\/#website\"},\"primaryImageOfPage\":{\"@id\":\"https:\\\/\\\/www.encontravitoria.com.br\\\/guia\\\/prefeitura-de-vitoria-nomeia-assistentes-de-educacao-infantil-para-atuarem-na-rede-municipal\\\/#primaryimage\"},\"image\":{\"@id\":\"https:\\\/\\\/www.encontravitoria.com.br\\\/guia\\\/prefeitura-de-vitoria-nomeia-assistentes-de-educacao-infantil-para-atuarem-na-rede-municipal\\\/#primaryimage\"},\"thumbnailUrl\":\"https:\\\/\\\/www.encontravitoria.com.br\\\/guia\\\/wp-content\\\/uploads\\\/2026\\\/03\\\/prefeitura-de-vitoria-nomeia-assistentes-de-educacao-infantil-para-atuarem-na-rede-municipal.webp\",\"datePublished\":\"2026-03-05T07:41:39+00:00\",\"author\":{\"@id\":\"https:\\\/\\\/www.encontravitoria.com.br\\\/guia\\\/#\\\/schema\\\/person\\\/e5c86e2a8d5a2a0333f0c44792c74c65\"},\"inLanguage\":\"pt-BR\",\"potentialAction\":[{\"@type\":\"ReadAction\",\"target\":[\"https:\\\/\\\/www.encontravitoria.com.br\\\/guia\\\/prefeitura-de-vitoria-nomeia-assistentes-de-educacao-infantil-para-atuarem-na-rede-municipal\\\/\"]}]},{\"@type\":\"ImageObject\",\"inLanguage\":\"pt-BR\",\"@id\":\"https:\\\/\\\/www.encontravitoria.com.br\\\/guia\\\/prefeitura-de-vitoria-nomeia-assistentes-de-educacao-infantil-para-atuarem-na-rede-municipal\\\/#primaryimage\",\"url\":\"https:\\\/\\\/www.encontravitoria.com.br\\\/guia\\\/wp-content\\\/uploads\\\/2026\\\/03\\\/prefeitura-de-vitoria-nomeia-assistentes-de-educacao-infantil-para-atuarem-na-rede-municipal.webp\",\"contentUrl\":\"https:\\\/\\\/www.encontravitoria.com.br\\\/guia\\\/wp-content\\\/uploads\\\/2026\\\/03\\\/prefeitura-de-vitoria-nomeia-assistentes-de-educacao-infantil-para-atuarem-na-rede-municipal.webp\",\"width\":280,\"height\":280,\"caption\":\"Assistentes de Educa\u00e7\u00e3o Infantil\"},{\"@type\":\"WebSite\",\"@id\":\"https:\\\/\\\/www.encontravitoria.com.br\\\/guia\\\/#website\",\"url\":\"https:\\\/\\\/www.encontravitoria.com.br\\\/guia\\\/\",\"name\":\"Guia Comercial de Vit\u00f3ria ES\",\"description\":\"ENCONTRA VIT\u00d3RIA - O guia comercial de neg\u00f3cios e empresas, cultura e divers\u00e3o na cidade de Vit\u00f3ria. Feito 100% para voc\u00ea morador!\",\"potentialAction\":[{\"@type\":\"SearchAction\",\"target\":{\"@type\":\"EntryPoint\",\"urlTemplate\":\"https:\\\/\\\/www.encontravitoria.com.br\\\/guia\\\/?s={search_term_string}\"},\"query-input\":{\"@type\":\"PropertyValueSpecification\",\"valueRequired\":true,\"valueName\":\"search_term_string\"}}],\"inLanguage\":\"pt-BR\"},{\"@type\":\"Person\",\"@id\":\"https:\\\/\\\/www.encontravitoria.com.br\\\/guia\\\/#\\\/schema\\\/person\\\/e5c86e2a8d5a2a0333f0c44792c74c65\",\"name\":\"Encontra Vit\u00f3ria\",\"image\":{\"@type\":\"ImageObject\",\"inLanguage\":\"pt-BR\",\"@id\":\"https:\\\/\\\/secure.gravatar.com\\\/avatar\\\/c50c17820bcf322f0a8fd6b110b8c0918141409dc69076470f6fca5fee70a5d4?s=96&d=mm&r=g\",\"url\":\"https:\\\/\\\/secure.gravatar.com\\\/avatar\\\/c50c17820bcf322f0a8fd6b110b8c0918141409dc69076470f6fca5fee70a5d4?s=96&d=mm&r=g\",\"contentUrl\":\"https:\\\/\\\/secure.gravatar.com\\\/avatar\\\/c50c17820bcf322f0a8fd6b110b8c0918141409dc69076470f6fca5fee70a5d4?s=96&d=mm&r=g\",\"caption\":\"Encontra Vit\u00f3ria\"},\"url\":\"https:\\\/\\\/www.encontravitoria.com.br\\\/guia\\\/author\\\/encontravitoria\\\/\"}]}<\/script>\n<!-- \/ Yoast SEO plugin. -->","yoast_head_json":{"title":"Prefeitura de Vit\u00f3ria nomeia assistentes de Educa\u00e7\u00e3o Infantil para atuarem na rede municipal | Guia Comercial de Vit\u00f3ria ES","robots":{"index":"index","follow":"follow","max-snippet":"max-snippet:-1","max-image-preview":"max-image-preview:large","max-video-preview":"max-video-preview:-1"},"canonical":"https:\/\/www.encontravitoria.com.br\/guia\/prefeitura-de-vitoria-nomeia-assistentes-de-educacao-infantil-para-atuarem-na-rede-municipal\/","og_locale":"pt_BR","og_type":"article","og_title":"Prefeitura de Vit\u00f3ria nomeia assistentes de Educa\u00e7\u00e3o Infantil para atuarem na rede municipal | Guia Comercial de Vit\u00f3ria ES","og_description":"Prefeitura de Vit\u00f3ria anuncia nomea\u00e7\u00e3o de assistentes de Educa\u00e7\u00e3o Infantil para a rede municipal.","og_url":"https:\/\/www.encontravitoria.com.br\/guia\/prefeitura-de-vitoria-nomeia-assistentes-de-educacao-infantil-para-atuarem-na-rede-municipal\/","og_site_name":"Guia Comercial de Vit\u00f3ria ES","article_published_time":"2026-03-05T07:41:39+00:00","og_image":[{"url":"https:\/\/www.encontravitoria.com.br\/guia\/wp-content\/uploads\/2026\/03\/prefeitura-de-vitoria-nomeia-assistentes-de-educacao-infantil-para-atuarem-na-rede-municipal.webp","type":"","width":"","height":""}],"author":"Encontra Vit\u00f3ria","twitter_card":"summary_large_image","twitter_misc":{"Escrito por":"Encontra Vit\u00f3ria","Est. tempo de leitura":"4 minutos"},"schema":{"@context":"https:\/\/schema.org","@graph":[{"@type":"Article","@id":"https:\/\/www.encontravitoria.com.br\/guia\/prefeitura-de-vitoria-nomeia-assistentes-de-educacao-infantil-para-atuarem-na-rede-municipal\/#article","isPartOf":{"@id":"https:\/\/www.encontravitoria.com.br\/guia\/prefeitura-de-vitoria-nomeia-assistentes-de-educacao-infantil-para-atuarem-na-rede-municipal\/"},"author":{"name":"Encontra Vit\u00f3ria","@id":"https:\/\/www.encontravitoria.com.br\/guia\/#\/schema\/person\/e5c86e2a8d5a2a0333f0c44792c74c65"},"headline":"Prefeitura de Vit\u00f3ria nomeia assistentes de Educa\u00e7\u00e3o Infantil para atuarem na rede municipal","datePublished":"2026-03-05T07:41:39+00:00","mainEntityOfPage":{"@id":"https:\/\/www.encontravitoria.com.br\/guia\/prefeitura-de-vitoria-nomeia-assistentes-de-educacao-infantil-para-atuarem-na-rede-municipal\/"},"wordCount":765,"commentCount":0,"image":{"@id":"https:\/\/www.encontravitoria.com.br\/guia\/prefeitura-de-vitoria-nomeia-assistentes-de-educacao-infantil-para-atuarem-na-rede-municipal\/#primaryimage"},"thumbnailUrl":"https:\/\/www.encontravitoria.com.br\/guia\/wp-content\/uploads\/2026\/03\/prefeitura-de-vitoria-nomeia-assistentes-de-educacao-infantil-para-atuarem-na-rede-municipal.webp","articleSection":["Not\u00edcias Vit\u00f3ria"],"inLanguage":"pt-BR","potentialAction":[{"@type":"CommentAction","name":"Comment","target":["https:\/\/www.encontravitoria.com.br\/guia\/prefeitura-de-vitoria-nomeia-assistentes-de-educacao-infantil-para-atuarem-na-rede-municipal\/#respond"]}]},{"@type":"WebPage","@id":"https:\/\/www.encontravitoria.com.br\/guia\/prefeitura-de-vitoria-nomeia-assistentes-de-educacao-infantil-para-atuarem-na-rede-municipal\/","url":"https:\/\/www.encontravitoria.com.br\/guia\/prefeitura-de-vitoria-nomeia-assistentes-de-educacao-infantil-para-atuarem-na-rede-municipal\/","name":"Prefeitura de Vit\u00f3ria nomeia assistentes de Educa\u00e7\u00e3o Infantil para atuarem na rede municipal | Guia Comercial de Vit\u00f3ria ES","isPartOf":{"@id":"https:\/\/www.encontravitoria.com.br\/guia\/#website"},"primaryImageOfPage":{"@id":"https:\/\/www.encontravitoria.com.br\/guia\/prefeitura-de-vitoria-nomeia-assistentes-de-educacao-infantil-para-atuarem-na-rede-municipal\/#primaryimage"},"image":{"@id":"https:\/\/www.encontravitoria.com.br\/guia\/prefeitura-de-vitoria-nomeia-assistentes-de-educacao-infantil-para-atuarem-na-rede-municipal\/#primaryimage"},"thumbnailUrl":"https:\/\/www.encontravitoria.com.br\/guia\/wp-content\/uploads\/2026\/03\/prefeitura-de-vitoria-nomeia-assistentes-de-educacao-infantil-para-atuarem-na-rede-municipal.webp","datePublished":"2026-03-05T07:41:39+00:00","author":{"@id":"https:\/\/www.encontravitoria.com.br\/guia\/#\/schema\/person\/e5c86e2a8d5a2a0333f0c44792c74c65"},"inLanguage":"pt-BR","potentialAction":[{"@type":"ReadAction","target":["https:\/\/www.encontravitoria.com.br\/guia\/prefeitura-de-vitoria-nomeia-assistentes-de-educacao-infantil-para-atuarem-na-rede-municipal\/"]}]},{"@type":"ImageObject","inLanguage":"pt-BR","@id":"https:\/\/www.encontravitoria.com.br\/guia\/prefeitura-de-vitoria-nomeia-assistentes-de-educacao-infantil-para-atuarem-na-rede-municipal\/#primaryimage","url":"https:\/\/www.encontravitoria.com.br\/guia\/wp-content\/uploads\/2026\/03\/prefeitura-de-vitoria-nomeia-assistentes-de-educacao-infantil-para-atuarem-na-rede-municipal.webp","contentUrl":"https:\/\/www.encontravitoria.com.br\/guia\/wp-content\/uploads\/2026\/03\/prefeitura-de-vitoria-nomeia-assistentes-de-educacao-infantil-para-atuarem-na-rede-municipal.webp","width":280,"height":280,"caption":"Assistentes de Educa\u00e7\u00e3o Infantil"},{"@type":"WebSite","@id":"https:\/\/www.encontravitoria.com.br\/guia\/#website","url":"https:\/\/www.encontravitoria.com.br\/guia\/","name":"Guia Comercial de Vit\u00f3ria ES","description":"ENCONTRA VIT\u00d3RIA - O guia comercial de neg\u00f3cios e empresas, cultura e divers\u00e3o na cidade de Vit\u00f3ria. Feito 100% para voc\u00ea morador!","potentialAction":[{"@type":"SearchAction","target":{"@type":"EntryPoint","urlTemplate":"https:\/\/www.encontravitoria.com.br\/guia\/?s={search_term_string}"},"query-input":{"@type":"PropertyValueSpecification","valueRequired":true,"valueName":"search_term_string"}}],"inLanguage":"pt-BR"},{"@type":"Person","@id":"https:\/\/www.encontravitoria.com.br\/guia\/#\/schema\/person\/e5c86e2a8d5a2a0333f0c44792c74c65","name":"Encontra Vit\u00f3ria","image":{"@type":"ImageObject","inLanguage":"pt-BR","@id":"https:\/\/secure.gravatar.com\/avatar\/c50c17820bcf322f0a8fd6b110b8c0918141409dc69076470f6fca5fee70a5d4?s=96&d=mm&r=g","url":"https:\/\/secure.gravatar.com\/avatar\/c50c17820bcf322f0a8fd6b110b8c0918141409dc69076470f6fca5fee70a5d4?s=96&d=mm&r=g","contentUrl":"https:\/\/secure.gravatar.com\/avatar\/c50c17820bcf322f0a8fd6b110b8c0918141409dc69076470f6fca5fee70a5d4?s=96&d=mm&r=g","caption":"Encontra Vit\u00f3ria"},"url":"https:\/\/www.encontravitoria.com.br\/guia\/author\/encontravitoria\/"}]}},"_links":{"self":[{"href":"https:\/\/www.encontravitoria.com.br\/guia\/wp-json\/wp\/v2\/posts\/7697","targetHints":{"allow":["GET"]}}],"collection":[{"href":"https:\/\/www.encontravitoria.com.br\/guia\/wp-json\/wp\/v2\/posts"}],"about":[{"href":"https:\/\/www.encontravitoria.com.br\/guia\/wp-json\/wp\/v2\/types\/post"}],"author":[{"embeddable":true,"href":"https:\/\/www.encontravitoria.com.br\/guia\/wp-json\/wp\/v2\/users\/1"}],"replies":[{"embeddable":true,"href":"https:\/\/www.encontravitoria.com.br\/guia\/wp-json\/wp\/v2\/comments?post=7697"}],"version-history":[{"count":0,"href":"https:\/\/www.encontravitoria.com.br\/guia\/wp-json\/wp\/v2\/posts\/7697\/revisions"}],"wp:featuredmedia":[{"embeddable":true,"href":"https:\/\/www.encontravitoria.com.br\/guia\/wp-json\/wp\/v2\/media\/7696"}],"wp:attachment":[{"href":"https:\/\/www.encontravitoria.com.br\/guia\/wp-json\/wp\/v2\/media?parent=7697"}],"wp:term":[{"taxonomy":"category","embeddable":true,"href":"https:\/\/www.encontravitoria.com.br\/guia\/wp-json\/wp\/v2\/categories?post=7697"},{"taxonomy":"post_tag","embeddable":true,"href":"https:\/\/www.encontravitoria.com.br\/guia\/wp-json\/wp\/v2\/tags?post=7697"}],"curies":[{"name":"wp","href":"https:\/\/api.w.org\/{rel}","templated":true}]}}