{"id":7739,"date":"2026-03-15T04:43:58","date_gmt":"2026-03-15T07:43:58","guid":{"rendered":"https:\/\/www.encontravitoria.com.br\/guia\/saude-de-vitoria-realiza-o-ii-seminario-de-prevencao-a-obesidade-infantil\/"},"modified":"2026-03-15T04:43:58","modified_gmt":"2026-03-15T07:43:58","slug":"saude-de-vitoria-realiza-o-ii-seminario-de-prevencao-a-obesidade-infantil","status":"publish","type":"post","link":"https:\/\/www.encontravitoria.com.br\/guia\/saude-de-vitoria-realiza-o-ii-seminario-de-prevencao-a-obesidade-infantil\/","title":{"rendered":"Sa\u00fade de Vit\u00f3ria realiza o II Semin\u00e1rio de Preven\u00e7\u00e3o \u00e0 Obesidade Infantil"},"content":{"rendered":"<h2>Abertura do Semin\u00e1rio com Dan\u00e7a Cultural<\/h2>\n<p>No dia 13 de mar\u00e7o de 2026, a cidade de Vit\u00f3ria foi palco do II Semin\u00e1rio Municipal de Preven\u00e7\u00e3o da Obesidade Infantil, realizado pela Secretaria Municipal de Sa\u00fade (Semus). O evento teve como principal objetivo levantar discuss\u00f5es sobre a obesidade infantil, tratando-a como uma quest\u00e3o social e intersetorial. A abertura do semin\u00e1rio foi marcada por uma apresenta\u00e7\u00e3o especial da bailarina Clara Conti, da Escola T\u00e9cnica de Teatro, Dan\u00e7a e M\u00fasica (Fafi), que encantou a todos com uma performance do bal\u00e9 c\u00f4mico-rom\u00e2ntico de Paris, &#8216;Copp\u00e9lia&#8217;. Esta iniciativa cultural ressaltou a import\u00e2ncia de integrar arte e sa\u00fade, trazendo um tom leve e inspirador ao evento.<\/p>\n<h2>Import\u00e2ncia da Nutri\u00e7\u00e3o na Inf\u00e2ncia<\/h2>\n<p>A nutri\u00e7\u00e3o adequada na inf\u00e2ncia \u00e9 fundamental para evitar o desenvolvimento de doen\u00e7as comuns, como a obesidade. O semin\u00e1rio enfatizou a necessidade de pr\u00e1ticas alimentares saud\u00e1veis desde a primeira inf\u00e2ncia. Com o aumento no consumo de alimentos ultraprocessados, a educa\u00e7\u00e3o alimentar se torna essencial. A promo\u00e7\u00e3o de refei\u00e7\u00f5es balanceadas nas escolas e em casa, aliada a a\u00e7\u00f5es educativas, \u00e9 um passo crucial para garantir que crian\u00e7as tenham acesso a uma alimenta\u00e7\u00e3o de qualidade.<\/p>\n<h2>Contrata\u00e7\u00e3o de Novos Nutricionistas<\/h2>\n<p>A Secret\u00e1ria de Sa\u00fade, Magda Lamborghini, anunciou durante o evento que a Prefeitura de Vit\u00f3ria est\u00e1 ampliando sua equipe de profissionais para melhorar o atendimento nutricional. A contrata\u00e7\u00e3o de 10 novos nutricionistas faz parte de uma estrat\u00e9gia de refor\u00e7o no atendimento, voltada para a promo\u00e7\u00e3o da sa\u00fade e preven\u00e7\u00e3o de doen\u00e7as entre a popula\u00e7\u00e3o infantil. O processo seletivo simplificado para essas vagas contou com inscri\u00e7\u00f5es abertas at\u00e9 o dia do semin\u00e1rio, refor\u00e7ando o compromisso da gest\u00e3o em priorizar a nutri\u00e7\u00e3o das crian\u00e7as.<\/p>\n<h2>Promo\u00e7\u00e3o da Sa\u00fade na Aten\u00e7\u00e3o Prim\u00e1ria<\/h2>\n<p>A promo\u00e7\u00e3o da sa\u00fade na Aten\u00e7\u00e3o Prim\u00e1ria \u00e9 um dos focos principais da pol\u00edtica p\u00fablica de sa\u00fade de Vit\u00f3ria. Segundo a secret\u00e1ria, o objetivo \u00e9 fornecer uma cobertura de sa\u00fade efetiva, prevenindo doen\u00e7as e promovendo qualidade de vida. Com discursos durante o semin\u00e1rio, foram discutidas iniciativas que buscam consolidar Vit\u00f3ria como uma refer\u00eancia nacional em pol\u00edticas integradas de sa\u00fade e nutri\u00e7\u00e3o, visando garantir equidade de acesso e cuidados mais eficientes para toda a popula\u00e7\u00e3o.<\/p>\n<h2>Seguran\u00e7a Alimentar e Pol\u00edticas P\u00fablicas<\/h2>\n<p>Outro ponto abordado foi a seguran\u00e7a alimentar, especialmente entre crian\u00e7as e adolescentes. Graziella Lorentz, subsecret\u00e1ria de Prote\u00e7\u00e3o Social B\u00e1sica e Seguran\u00e7a Alimentar e Nutricional, mencionou como as pol\u00edticas p\u00fablicas em Vit\u00f3ria t\u00eam se empenhado para garantir que fam\u00edlias em situa\u00e7\u00e3o de vulnerabilidade tenham acesso a alimentos saud\u00e1veis e nutritivos. O programa &#8220;Cart\u00e3o VIX Mais Cidadania&#8221; e o &#8220;Restaurante Popular&#8221; s\u00e3o iniciativas que ilustram esse compromisso, permitindo que a popula\u00e7\u00e3o fa\u00e7a escolhas alimentares saud\u00e1veis, mesmo em contextos de dificuldade econ\u00f4mica.<\/p>\n<h2>Palestras com Especialistas em Nutri\u00e7\u00e3o<\/h2>\n<p>O semin\u00e1rio contou com palestras de especialistas em nutri\u00e7\u00e3o que apresentaram estrat\u00e9gias e abordagens dedicadas \u00e0 preven\u00e7\u00e3o da obesidade infantil. Dr. Felipe Silva Neves, especialista em Sa\u00fade Coletiva, destacou a rela\u00e7\u00e3o entre a vulnerabilidade social e o aumento da obesidade, oferecendo uma an\u00e1lise cr\u00edtica da situa\u00e7\u00e3o atual. J\u00e1 a nutricionista Miriam Carmo Rodrigues Barbosa, com vasta experi\u00eancia em aten\u00e7\u00e3o prim\u00e1ria, enfatizou a import\u00e2ncia de unir esfor\u00e7os entre fam\u00edlias, escolas e servi\u00e7os de assist\u00eancia social para uma abordagem eficaz na luta contra a obesidade infantil.<\/p>\n<h2>Estrat\u00e9gias Intersetoriais na Preven\u00e7\u00e3o<\/h2>\n<p>As mesas redondas que ocorreram durante o evento refor\u00e7aram a import\u00e2ncia de estrat\u00e9gias intersetoriais. \u00c9 fundamental que diversas \u00e1reas, como sa\u00fade, educa\u00e7\u00e3o e assist\u00eancia social, trabalhem juntas para implementar a\u00e7\u00f5es que visem n\u00e3o apenas o tratamento da obesidade, mas sua preven\u00e7\u00e3o. As iniciativas formadas pela integra\u00e7\u00e3o de diferentes setores t\u00eam mostrado resultados promissores, contribuindo para um ambiente mais saud\u00e1vel para as crian\u00e7as.<\/p>\n<h2>Dia Mundial de Combate \u00e0 Obesidade<\/h2>\n<p>A celebra\u00e7\u00e3o do Dia Mundial de Combate \u00e0 Obesidade no dia 4 de mar\u00e7o trouxe \u00e0 tona a urg\u00eancia de a\u00e7\u00f5es efetivas. O semin\u00e1rio alinhou-se a essa campanha global, refor\u00e7ando a mensagem de que \u00e9 necess\u00e1rio unir esfor\u00e7os para conscientizar a popula\u00e7\u00e3o sobre os riscos da obesidade e a import\u00e2ncia de h\u00e1bitos saud\u00e1veis. Diversas a\u00e7\u00f5es foram programadas para promover atividades f\u00edsicas e h\u00e1bitos alimentares saud\u00e1veis entre crian\u00e7as e adolescentes na cidade.<\/p>\n<h2>Estat\u00edsticas Alarmantes sobre Obesidade Infantil<\/h2>\n<p>Dados apresentados durante o semin\u00e1rio revelaram que 13,68% das crian\u00e7as de 0 a 10 anos acompanhadas pela Aten\u00e7\u00e3o Prim\u00e1ria \u00e0 Sa\u00fade de Vit\u00f3ria apresentam hipertens\u00e3o. Essa informa\u00e7\u00e3o acendeu um alerta sobre a situa\u00e7\u00e3o da sa\u00fade infantil na cidade, levando a gest\u00e3o municipal a incluir a redu\u00e7\u00e3o da preval\u00eancia da obesidade infantil como uma de suas metas priorit\u00e1rias. O aumento significativo na incid\u00eancia de sobrepeso e obesidade entre jovens demanda atitudes urgentes e eficientes, n\u00e3o somente para tratamento, mas para preven\u00e7\u00e3o.<\/p>\n<h2>Investimentos em Sa\u00fade da Crian\u00e7a em Vit\u00f3ria<\/h2>\n<p>Para garantir a efic\u00e1cia das pol\u00edticas de sa\u00fade e nutri\u00e7\u00e3o, a Secretaria Municipal de Sa\u00fade vem canalizando investimentos em equipamentos e capacita\u00e7\u00e3o de profissionais. Materiais de educa\u00e7\u00e3o e jogos l\u00fadicos voltados para a conscientiza\u00e7\u00e3o das crian\u00e7as e suas fam\u00edlias sobre a import\u00e2ncia de h\u00e1bitos saud\u00e1veis foram adquiridos. Al\u00e9m disso, a compra de equipamentos modernos que permitem a avalia\u00e7\u00e3o nutricional precisa, como balan\u00e7as de bioimped\u00e2ncia e estadi\u00f4metros, fortalece a vigil\u00e2ncia nutricional nas Unidades de Sa\u00fade da cidade.<\/p>\n<p>Esse conjunto de a\u00e7\u00f5es e medidas implementadas pela Prefeitura de Vit\u00f3ria demonstra um comprometimento com a sa\u00fade das crian\u00e7as e adolescentes, buscando um futuro onde a obesidade infantil seja significativamente reduzida e a qualidade de vida da popula\u00e7\u00e3o elevada. Assim, o II Semin\u00e1rio de Preven\u00e7\u00e3o da Obesidade Infantil n\u00e3o apenas abordou quest\u00f5es cr\u00edticas, mas tamb\u00e9m se tornou um marco na luta contra a obesidade na inf\u00e2ncia, refor\u00e7ando a import\u00e2ncia de estrat\u00e9gias integradas e um trabalho colaborativo entre setores.<\/p>\n","protected":false},"excerpt":{"rendered":"<p>II Semin\u00e1rio de Preven\u00e7\u00e3o \u00e0 Obesidade Infantil promete a\u00e7\u00f5es inovadoras para a sa\u00fade das crian\u00e7as.<\/p>\n","protected":false},"author":1,"featured_media":0,"comment_status":"open","ping_status":"open","sticky":false,"template":"","format":"standard","meta":{"footnotes":""},"categories":[897],"tags":[],"class_list":["post-7739","post","type-post","status-publish","format-standard","hentry","category-eventos"],"yoast_head":"<!-- This site is optimized with the Yoast SEO plugin v27.9 - https:\/\/yoast.com\/product\/yoast-seo-wordpress\/ -->\n<title>Sa\u00fade de Vit\u00f3ria realiza o II Semin\u00e1rio de Preven\u00e7\u00e3o \u00e0 Obesidade Infantil | Guia Comercial de Vit\u00f3ria ES<\/title>\n<meta name=\"robots\" content=\"index, follow, max-snippet:-1, max-image-preview:large, max-video-preview:-1\" \/>\n<link rel=\"canonical\" href=\"https:\/\/www.encontravitoria.com.br\/guia\/saude-de-vitoria-realiza-o-ii-seminario-de-prevencao-a-obesidade-infantil\/\" \/>\n<meta property=\"og:locale\" content=\"pt_BR\" \/>\n<meta property=\"og:type\" content=\"article\" \/>\n<meta property=\"og:title\" content=\"Sa\u00fade de Vit\u00f3ria realiza o II Semin\u00e1rio de Preven\u00e7\u00e3o \u00e0 Obesidade Infantil | Guia Comercial de Vit\u00f3ria ES\" \/>\n<meta property=\"og:description\" content=\"II Semin\u00e1rio de Preven\u00e7\u00e3o \u00e0 Obesidade Infantil promete a\u00e7\u00f5es inovadoras para a sa\u00fade das crian\u00e7as.\" \/>\n<meta property=\"og:url\" content=\"https:\/\/www.encontravitoria.com.br\/guia\/saude-de-vitoria-realiza-o-ii-seminario-de-prevencao-a-obesidade-infantil\/\" \/>\n<meta property=\"og:site_name\" content=\"Guia Comercial de Vit\u00f3ria ES\" \/>\n<meta property=\"article:published_time\" content=\"2026-03-15T07:43:58+00:00\" \/>\n<meta name=\"author\" content=\"Encontra Vit\u00f3ria\" \/>\n<meta name=\"twitter:card\" content=\"summary_large_image\" \/>\n<meta name=\"twitter:label1\" content=\"Escrito por\" \/>\n\t<meta name=\"twitter:data1\" content=\"Encontra Vit\u00f3ria\" \/>\n\t<meta name=\"twitter:label2\" content=\"Est. tempo de leitura\" \/>\n\t<meta name=\"twitter:data2\" content=\"5 minutos\" \/>\n<script type=\"application\/ld+json\" class=\"yoast-schema-graph\">{\"@context\":\"https:\\\/\\\/schema.org\",\"@graph\":[{\"@type\":\"Article\",\"@id\":\"https:\\\/\\\/www.encontravitoria.com.br\\\/guia\\\/saude-de-vitoria-realiza-o-ii-seminario-de-prevencao-a-obesidade-infantil\\\/#article\",\"isPartOf\":{\"@id\":\"https:\\\/\\\/www.encontravitoria.com.br\\\/guia\\\/saude-de-vitoria-realiza-o-ii-seminario-de-prevencao-a-obesidade-infantil\\\/\"},\"author\":{\"name\":\"Encontra Vit\u00f3ria\",\"@id\":\"https:\\\/\\\/www.encontravitoria.com.br\\\/guia\\\/#\\\/schema\\\/person\\\/e5c86e2a8d5a2a0333f0c44792c74c65\"},\"headline\":\"Sa\u00fade de Vit\u00f3ria realiza o II Semin\u00e1rio de Preven\u00e7\u00e3o \u00e0 Obesidade Infantil\",\"datePublished\":\"2026-03-15T07:43:58+00:00\",\"mainEntityOfPage\":{\"@id\":\"https:\\\/\\\/www.encontravitoria.com.br\\\/guia\\\/saude-de-vitoria-realiza-o-ii-seminario-de-prevencao-a-obesidade-infantil\\\/\"},\"wordCount\":1116,\"commentCount\":0,\"articleSection\":[\"Eventos Vit\u00f3ria\"],\"inLanguage\":\"pt-BR\",\"potentialAction\":[{\"@type\":\"CommentAction\",\"name\":\"Comment\",\"target\":[\"https:\\\/\\\/www.encontravitoria.com.br\\\/guia\\\/saude-de-vitoria-realiza-o-ii-seminario-de-prevencao-a-obesidade-infantil\\\/#respond\"]}]},{\"@type\":\"WebPage\",\"@id\":\"https:\\\/\\\/www.encontravitoria.com.br\\\/guia\\\/saude-de-vitoria-realiza-o-ii-seminario-de-prevencao-a-obesidade-infantil\\\/\",\"url\":\"https:\\\/\\\/www.encontravitoria.com.br\\\/guia\\\/saude-de-vitoria-realiza-o-ii-seminario-de-prevencao-a-obesidade-infantil\\\/\",\"name\":\"Sa\u00fade de Vit\u00f3ria realiza o II Semin\u00e1rio de Preven\u00e7\u00e3o \u00e0 Obesidade Infantil | Guia Comercial de Vit\u00f3ria ES\",\"isPartOf\":{\"@id\":\"https:\\\/\\\/www.encontravitoria.com.br\\\/guia\\\/#website\"},\"datePublished\":\"2026-03-15T07:43:58+00:00\",\"author\":{\"@id\":\"https:\\\/\\\/www.encontravitoria.com.br\\\/guia\\\/#\\\/schema\\\/person\\\/e5c86e2a8d5a2a0333f0c44792c74c65\"},\"inLanguage\":\"pt-BR\",\"potentialAction\":[{\"@type\":\"ReadAction\",\"target\":[\"https:\\\/\\\/www.encontravitoria.com.br\\\/guia\\\/saude-de-vitoria-realiza-o-ii-seminario-de-prevencao-a-obesidade-infantil\\\/\"]}]},{\"@type\":\"WebSite\",\"@id\":\"https:\\\/\\\/www.encontravitoria.com.br\\\/guia\\\/#website\",\"url\":\"https:\\\/\\\/www.encontravitoria.com.br\\\/guia\\\/\",\"name\":\"Guia Comercial de Vit\u00f3ria ES\",\"description\":\"ENCONTRA VIT\u00d3RIA - O guia comercial de neg\u00f3cios e empresas, cultura e divers\u00e3o na cidade de Vit\u00f3ria. Feito 100% para voc\u00ea morador!\",\"potentialAction\":[{\"@type\":\"SearchAction\",\"target\":{\"@type\":\"EntryPoint\",\"urlTemplate\":\"https:\\\/\\\/www.encontravitoria.com.br\\\/guia\\\/?s={search_term_string}\"},\"query-input\":{\"@type\":\"PropertyValueSpecification\",\"valueRequired\":true,\"valueName\":\"search_term_string\"}}],\"inLanguage\":\"pt-BR\"},{\"@type\":\"Person\",\"@id\":\"https:\\\/\\\/www.encontravitoria.com.br\\\/guia\\\/#\\\/schema\\\/person\\\/e5c86e2a8d5a2a0333f0c44792c74c65\",\"name\":\"Encontra Vit\u00f3ria\",\"image\":{\"@type\":\"ImageObject\",\"inLanguage\":\"pt-BR\",\"@id\":\"https:\\\/\\\/secure.gravatar.com\\\/avatar\\\/c50c17820bcf322f0a8fd6b110b8c0918141409dc69076470f6fca5fee70a5d4?s=96&d=mm&r=g\",\"url\":\"https:\\\/\\\/secure.gravatar.com\\\/avatar\\\/c50c17820bcf322f0a8fd6b110b8c0918141409dc69076470f6fca5fee70a5d4?s=96&d=mm&r=g\",\"contentUrl\":\"https:\\\/\\\/secure.gravatar.com\\\/avatar\\\/c50c17820bcf322f0a8fd6b110b8c0918141409dc69076470f6fca5fee70a5d4?s=96&d=mm&r=g\",\"caption\":\"Encontra Vit\u00f3ria\"},\"url\":\"https:\\\/\\\/www.encontravitoria.com.br\\\/guia\\\/author\\\/encontravitoria\\\/\"}]}<\/script>\n<!-- \/ Yoast SEO plugin. -->","yoast_head_json":{"title":"Sa\u00fade de Vit\u00f3ria realiza o II Semin\u00e1rio de Preven\u00e7\u00e3o \u00e0 Obesidade Infantil | Guia Comercial de Vit\u00f3ria ES","robots":{"index":"index","follow":"follow","max-snippet":"max-snippet:-1","max-image-preview":"max-image-preview:large","max-video-preview":"max-video-preview:-1"},"canonical":"https:\/\/www.encontravitoria.com.br\/guia\/saude-de-vitoria-realiza-o-ii-seminario-de-prevencao-a-obesidade-infantil\/","og_locale":"pt_BR","og_type":"article","og_title":"Sa\u00fade de Vit\u00f3ria realiza o II Semin\u00e1rio de Preven\u00e7\u00e3o \u00e0 Obesidade Infantil | Guia Comercial de Vit\u00f3ria ES","og_description":"II Semin\u00e1rio de Preven\u00e7\u00e3o \u00e0 Obesidade Infantil promete a\u00e7\u00f5es inovadoras para a sa\u00fade das crian\u00e7as.","og_url":"https:\/\/www.encontravitoria.com.br\/guia\/saude-de-vitoria-realiza-o-ii-seminario-de-prevencao-a-obesidade-infantil\/","og_site_name":"Guia Comercial de Vit\u00f3ria ES","article_published_time":"2026-03-15T07:43:58+00:00","author":"Encontra Vit\u00f3ria","twitter_card":"summary_large_image","twitter_misc":{"Escrito por":"Encontra Vit\u00f3ria","Est. tempo de leitura":"5 minutos"},"schema":{"@context":"https:\/\/schema.org","@graph":[{"@type":"Article","@id":"https:\/\/www.encontravitoria.com.br\/guia\/saude-de-vitoria-realiza-o-ii-seminario-de-prevencao-a-obesidade-infantil\/#article","isPartOf":{"@id":"https:\/\/www.encontravitoria.com.br\/guia\/saude-de-vitoria-realiza-o-ii-seminario-de-prevencao-a-obesidade-infantil\/"},"author":{"name":"Encontra Vit\u00f3ria","@id":"https:\/\/www.encontravitoria.com.br\/guia\/#\/schema\/person\/e5c86e2a8d5a2a0333f0c44792c74c65"},"headline":"Sa\u00fade de Vit\u00f3ria realiza o II Semin\u00e1rio de Preven\u00e7\u00e3o \u00e0 Obesidade Infantil","datePublished":"2026-03-15T07:43:58+00:00","mainEntityOfPage":{"@id":"https:\/\/www.encontravitoria.com.br\/guia\/saude-de-vitoria-realiza-o-ii-seminario-de-prevencao-a-obesidade-infantil\/"},"wordCount":1116,"commentCount":0,"articleSection":["Eventos Vit\u00f3ria"],"inLanguage":"pt-BR","potentialAction":[{"@type":"CommentAction","name":"Comment","target":["https:\/\/www.encontravitoria.com.br\/guia\/saude-de-vitoria-realiza-o-ii-seminario-de-prevencao-a-obesidade-infantil\/#respond"]}]},{"@type":"WebPage","@id":"https:\/\/www.encontravitoria.com.br\/guia\/saude-de-vitoria-realiza-o-ii-seminario-de-prevencao-a-obesidade-infantil\/","url":"https:\/\/www.encontravitoria.com.br\/guia\/saude-de-vitoria-realiza-o-ii-seminario-de-prevencao-a-obesidade-infantil\/","name":"Sa\u00fade de Vit\u00f3ria realiza o II Semin\u00e1rio de Preven\u00e7\u00e3o \u00e0 Obesidade Infantil | Guia Comercial de Vit\u00f3ria ES","isPartOf":{"@id":"https:\/\/www.encontravitoria.com.br\/guia\/#website"},"datePublished":"2026-03-15T07:43:58+00:00","author":{"@id":"https:\/\/www.encontravitoria.com.br\/guia\/#\/schema\/person\/e5c86e2a8d5a2a0333f0c44792c74c65"},"inLanguage":"pt-BR","potentialAction":[{"@type":"ReadAction","target":["https:\/\/www.encontravitoria.com.br\/guia\/saude-de-vitoria-realiza-o-ii-seminario-de-prevencao-a-obesidade-infantil\/"]}]},{"@type":"WebSite","@id":"https:\/\/www.encontravitoria.com.br\/guia\/#website","url":"https:\/\/www.encontravitoria.com.br\/guia\/","name":"Guia Comercial de Vit\u00f3ria ES","description":"ENCONTRA VIT\u00d3RIA - O guia comercial de neg\u00f3cios e empresas, cultura e divers\u00e3o na cidade de Vit\u00f3ria. Feito 100% para voc\u00ea morador!","potentialAction":[{"@type":"SearchAction","target":{"@type":"EntryPoint","urlTemplate":"https:\/\/www.encontravitoria.com.br\/guia\/?s={search_term_string}"},"query-input":{"@type":"PropertyValueSpecification","valueRequired":true,"valueName":"search_term_string"}}],"inLanguage":"pt-BR"},{"@type":"Person","@id":"https:\/\/www.encontravitoria.com.br\/guia\/#\/schema\/person\/e5c86e2a8d5a2a0333f0c44792c74c65","name":"Encontra Vit\u00f3ria","image":{"@type":"ImageObject","inLanguage":"pt-BR","@id":"https:\/\/secure.gravatar.com\/avatar\/c50c17820bcf322f0a8fd6b110b8c0918141409dc69076470f6fca5fee70a5d4?s=96&d=mm&r=g","url":"https:\/\/secure.gravatar.com\/avatar\/c50c17820bcf322f0a8fd6b110b8c0918141409dc69076470f6fca5fee70a5d4?s=96&d=mm&r=g","contentUrl":"https:\/\/secure.gravatar.com\/avatar\/c50c17820bcf322f0a8fd6b110b8c0918141409dc69076470f6fca5fee70a5d4?s=96&d=mm&r=g","caption":"Encontra Vit\u00f3ria"},"url":"https:\/\/www.encontravitoria.com.br\/guia\/author\/encontravitoria\/"}]}},"_links":{"self":[{"href":"https:\/\/www.encontravitoria.com.br\/guia\/wp-json\/wp\/v2\/posts\/7739","targetHints":{"allow":["GET"]}}],"collection":[{"href":"https:\/\/www.encontravitoria.com.br\/guia\/wp-json\/wp\/v2\/posts"}],"about":[{"href":"https:\/\/www.encontravitoria.com.br\/guia\/wp-json\/wp\/v2\/types\/post"}],"author":[{"embeddable":true,"href":"https:\/\/www.encontravitoria.com.br\/guia\/wp-json\/wp\/v2\/users\/1"}],"replies":[{"embeddable":true,"href":"https:\/\/www.encontravitoria.com.br\/guia\/wp-json\/wp\/v2\/comments?post=7739"}],"version-history":[{"count":0,"href":"https:\/\/www.encontravitoria.com.br\/guia\/wp-json\/wp\/v2\/posts\/7739\/revisions"}],"wp:attachment":[{"href":"https:\/\/www.encontravitoria.com.br\/guia\/wp-json\/wp\/v2\/media?parent=7739"}],"wp:term":[{"taxonomy":"category","embeddable":true,"href":"https:\/\/www.encontravitoria.com.br\/guia\/wp-json\/wp\/v2\/categories?post=7739"},{"taxonomy":"post_tag","embeddable":true,"href":"https:\/\/www.encontravitoria.com.br\/guia\/wp-json\/wp\/v2\/tags?post=7739"}],"curies":[{"name":"wp","href":"https:\/\/api.w.org\/{rel}","templated":true}]}}