{"id":7741,"date":"2026-03-16T04:38:44","date_gmt":"2026-03-16T07:38:44","guid":{"rendered":"https:\/\/www.encontravitoria.com.br\/guia\/reforco-na-saude-vitoria-amplia-oferta-de-consultas-para-proteses-dentarias\/"},"modified":"2026-03-16T04:38:44","modified_gmt":"2026-03-16T07:38:44","slug":"reforco-na-saude-vitoria-amplia-oferta-de-consultas-para-proteses-dentarias","status":"publish","type":"post","link":"https:\/\/www.encontravitoria.com.br\/guia\/reforco-na-saude-vitoria-amplia-oferta-de-consultas-para-proteses-dentarias\/","title":{"rendered":"Refor\u00e7o na Sa\u00fade: Vitoria amplia oferta de consultas para pr\u00f3teses dent\u00e1rias"},"content":{"rendered":"<h2>O que \u00e9 a amplia\u00e7\u00e3o das consultas odontol\u00f3gicas?<\/h2>\n<p>A amplia\u00e7\u00e3o das consultas odontol\u00f3gicas \u00e9 uma iniciativa implementada pela Prefeitura de Vit\u00f3ria, com o intuito de melhorar o acesso da popula\u00e7\u00e3o a servi\u00e7os de sa\u00fade bucal. Com a assinatura de um novo contrato, o munic\u00edpio visa aumentar significativamente o n\u00famero de atendimentos, garantindo que mais cidad\u00e3os tenham acesso a pr\u00f3teses dent\u00e1rias e cuidados odontol\u00f3gicos necess\u00e1rios.<\/p>\n<h2>Como funcionar\u00e1 o novo contrato de sa\u00fade?<\/h2>\n<p>O novo contrato estabelece que a cidade de Vit\u00f3ria oferecer\u00e1 at\u00e9 34.272 consultas odontol\u00f3gicas anualmente, abrangendo a confec\u00e7\u00e3o de aproximadamente 4.032 pr\u00f3teses totais e 2.880 parciais remov\u00edveis. Essa mudan\u00e7a demonstra um investimento cr\u00edtico na sa\u00fade p\u00fablica, pois aumentar\u00e1 em 608% as consultas dispon\u00edveis, em compara\u00e7\u00e3o com o que era oferecido no passado.<\/p>\n<h2>Benef\u00edcios das pr\u00f3teses dent\u00e1rias para a popula\u00e7\u00e3o<\/h2>\n<p>As pr\u00f3teses dent\u00e1rias desempenham um papel fundamental na reabilita\u00e7\u00e3o bucal e na melhoria da qualidade de vida dos pacientes. Elas n\u00e3o apenas restauram a fun\u00e7\u00e3o mastigat\u00f3ria, mas tamb\u00e9m ajudam na est\u00e9tica facial e na autoestima. Com o acesso ampliado \u00e0s pr\u00f3teses, muitos cidad\u00e3os poder\u00e3o melhorar suas condi\u00e7\u00f5es de vida, al\u00e9m de aliviar dores e desconfortos associados \u00e0 falta de dentes.<\/p>\n<p><img decoding=\"async\" src=\"https:\/\/www.encontravitoria.com.br\/guia\/wp-content\/uploads\/2026\/03\/reforco-na-saude-vitoria-amplia-oferta-de-consultas-para-proteses-dentarias.webp\" alt=\"pr\u00f3teses dent\u00e1rias\" loading=\"lazy\" \/><\/p>\n<h2>Impacto nas filas de espera para consultas<\/h2>\n<p>Uma das principais vantagens desse incremento nos servi\u00e7os odontol\u00f3gicos \u00e9 o impacto significativo nas filas de espera. A amplia\u00e7\u00e3o na oferta de atendimentos promete reduzir o tempo que os pacientes precisam esperar para consultas e tratamentos, trazendo maior efici\u00eancia ao sistema de sa\u00fade e satisfa\u00e7\u00e3o ao usu\u00e1rio.<\/p>\n<h2>Investimentos na sa\u00fade bucal de Vit\u00f3ria<\/h2>\n<p>O investimento total previsto para essa amplia\u00e7\u00e3o de servi\u00e7os \u00e9 de R$ 3.530.361,60, um salto significativo em compara\u00e7\u00e3o aos R$ 36 mil investidos anualmente nos anos anteriores. Esse aumento no financiamento reflete o compromisso da administra\u00e7\u00e3o municipal em priorizar a sa\u00fade bucal como parte da sa\u00fade p\u00fablica.<\/p>\n<h2>Import\u00e2ncia da assist\u00eancia odontol\u00f3gica na sa\u00fade p\u00fablica<\/h2>\n<p>A assist\u00eancia odontol\u00f3gica \u00e9 essencial para a promo\u00e7\u00e3o de sa\u00fade integral, pois problemas bucais podem levar a complica\u00e7\u00f5es mais s\u00e9rias na sa\u00fade geral. A falta de cuidado dent\u00e1rio pode afetar a nutri\u00e7\u00e3o, a sa\u00fade mental e a qualidade de vida, tornando crucial que a popula\u00e7\u00e3o tenha acesso a tratamentos adequados.<\/p>\n<h2>Depoimentos de profissionais da sa\u00fade bucal<\/h2>\n<p>Profissionais envolvidos no setor t\u00eam destacado a import\u00e2ncia desse investimento. Magda Lamborghini, secret\u00e1ria de Sa\u00fade de Vit\u00f3ria, enfatizou que esse aumento significativo nos recursos a ser investido na sa\u00fade bucal \u00e9 uma oportunidade \u00fanica de transformar a realidade dos servi\u00e7os oferecidos na \u00e1rea. Para Eg\u00eddio Davilla Junior, coordenador de Sa\u00fade Bucal, o alcance desse programa representa n\u00e3o s\u00f3 um avan\u00e7o na oferta de servi\u00e7os, mas tamb\u00e9m uma forma de dignificar a popula\u00e7\u00e3o, garantindo que todos tenham acesso ao tratamento necess\u00e1rio.<\/p>\n<h2>Como acessar os novos servi\u00e7os de sa\u00fade bucal<\/h2>\n<p>Os cidad\u00e3os que desejam acessar os servi\u00e7os odontol\u00f3gicos dever\u00e3o se dirigir \u00e0 Unidade B\u00e1sica de Sa\u00fade referente ao seu bairro. O agendamento tamb\u00e9m poder\u00e1 ser realizado online, pelo site da Prefeitura de Vit\u00f3ria ou por meio do aplicativo Vit\u00f3ria On Line. Nos casos de emerg\u00eancias odontol\u00f3gicas, o atendimento \u00e9 prestado sem necessidade de agendamento em Unidades B\u00e1sicas de Sa\u00fade e Pronto Atendimentos.<\/p>\n<h2>Aumento significativo na oferta de pr\u00f3teses<\/h2>\n<p>Al\u00e9m do aumento nas consultas odontol\u00f3gicas, a amplia\u00e7\u00e3o da produ\u00e7\u00e3o de pr\u00f3teses \u00e9 igualmente not\u00e1vel. Passar\u00e1 de apenas 616 pr\u00f3teses totais para 4.032, e das 352 pr\u00f3teses parciais para 2.880, o que mostra um esfor\u00e7o concentrado para fornecer suporte necess\u00e1rio \u00e0 popula\u00e7\u00e3o em aspectos fundamentais de sa\u00fade bucal.<\/p>\n<h2>Futuro da sa\u00fade bucal em Vit\u00f3ria<\/h2>\n<p>Os investimentos feitos na sa\u00fade bucal de Vit\u00f3ria n\u00e3o s\u00f3 melhoram a qualidade de vida imediata da popula\u00e7\u00e3o, mas tamb\u00e9m prometem um futuro em que menos pessoas sofrer\u00e3o consequ\u00eancias da falta de assist\u00eancia dental apropriada. A atual administra\u00e7\u00e3o se compromete a continuar a expans\u00e3o dos servi\u00e7os, com foco na promo\u00e7\u00e3o da cidadania e melhoria das condi\u00e7\u00f5es de sa\u00fade para todos os cidad\u00e3os. Com essa nova estrutura, Vit\u00f3ria almeja ser um modelo em sa\u00fade bucal para outras cidades, mostrando que investimentos na sa\u00fade s\u00e3o sempre investimentos no bem-estar social.<\/p>\n","protected":false},"excerpt":{"rendered":"<p>Vit\u00f3ria amplia a oferta de consultas para pr\u00f3teses dent\u00e1rias visando melhorar a sa\u00fade bucal da popula\u00e7\u00e3o.<\/p>\n","protected":false},"author":1,"featured_media":7740,"comment_status":"open","ping_status":"open","sticky":false,"template":"","format":"standard","meta":{"footnotes":""},"categories":[5],"tags":[],"class_list":["post-7741","post","type-post","status-publish","format-standard","has-post-thumbnail","hentry","category-noticias","has_thumb"],"yoast_head":"<!-- This site is optimized with the Yoast SEO plugin v27.9 - https:\/\/yoast.com\/product\/yoast-seo-wordpress\/ -->\n<title>Refor\u00e7o na Sa\u00fade: Vitoria amplia oferta de consultas para pr\u00f3teses dent\u00e1rias | Guia Comercial de Vit\u00f3ria ES<\/title>\n<meta name=\"robots\" content=\"index, follow, max-snippet:-1, max-image-preview:large, max-video-preview:-1\" \/>\n<link rel=\"canonical\" href=\"https:\/\/www.encontravitoria.com.br\/guia\/reforco-na-saude-vitoria-amplia-oferta-de-consultas-para-proteses-dentarias\/\" \/>\n<meta property=\"og:locale\" content=\"pt_BR\" \/>\n<meta property=\"og:type\" content=\"article\" \/>\n<meta property=\"og:title\" content=\"Refor\u00e7o na Sa\u00fade: Vitoria amplia oferta de consultas para pr\u00f3teses dent\u00e1rias | Guia Comercial de Vit\u00f3ria ES\" \/>\n<meta property=\"og:description\" content=\"Vit\u00f3ria amplia a oferta de consultas para pr\u00f3teses dent\u00e1rias visando melhorar a sa\u00fade bucal da popula\u00e7\u00e3o.\" \/>\n<meta property=\"og:url\" content=\"https:\/\/www.encontravitoria.com.br\/guia\/reforco-na-saude-vitoria-amplia-oferta-de-consultas-para-proteses-dentarias\/\" \/>\n<meta property=\"og:site_name\" content=\"Guia Comercial de Vit\u00f3ria ES\" \/>\n<meta property=\"article:published_time\" content=\"2026-03-16T07:38:44+00:00\" \/>\n<meta property=\"og:image\" content=\"https:\/\/www.encontravitoria.com.br\/guia\/wp-content\/uploads\/2026\/03\/reforco-na-saude-vitoria-amplia-oferta-de-consultas-para-proteses-dentarias.webp\" \/>\n<meta name=\"author\" content=\"Encontra Vit\u00f3ria\" \/>\n<meta name=\"twitter:card\" content=\"summary_large_image\" \/>\n<meta name=\"twitter:label1\" content=\"Escrito por\" \/>\n\t<meta name=\"twitter:data1\" content=\"Encontra Vit\u00f3ria\" \/>\n\t<meta name=\"twitter:label2\" content=\"Est. tempo de leitura\" \/>\n\t<meta name=\"twitter:data2\" content=\"4 minutos\" \/>\n<script type=\"application\/ld+json\" class=\"yoast-schema-graph\">{\"@context\":\"https:\\\/\\\/schema.org\",\"@graph\":[{\"@type\":\"Article\",\"@id\":\"https:\\\/\\\/www.encontravitoria.com.br\\\/guia\\\/reforco-na-saude-vitoria-amplia-oferta-de-consultas-para-proteses-dentarias\\\/#article\",\"isPartOf\":{\"@id\":\"https:\\\/\\\/www.encontravitoria.com.br\\\/guia\\\/reforco-na-saude-vitoria-amplia-oferta-de-consultas-para-proteses-dentarias\\\/\"},\"author\":{\"name\":\"Encontra Vit\u00f3ria\",\"@id\":\"https:\\\/\\\/www.encontravitoria.com.br\\\/guia\\\/#\\\/schema\\\/person\\\/e5c86e2a8d5a2a0333f0c44792c74c65\"},\"headline\":\"Refor\u00e7o na Sa\u00fade: Vitoria amplia oferta de consultas para pr\u00f3teses dent\u00e1rias\",\"datePublished\":\"2026-03-16T07:38:44+00:00\",\"mainEntityOfPage\":{\"@id\":\"https:\\\/\\\/www.encontravitoria.com.br\\\/guia\\\/reforco-na-saude-vitoria-amplia-oferta-de-consultas-para-proteses-dentarias\\\/\"},\"wordCount\":793,\"commentCount\":0,\"image\":{\"@id\":\"https:\\\/\\\/www.encontravitoria.com.br\\\/guia\\\/reforco-na-saude-vitoria-amplia-oferta-de-consultas-para-proteses-dentarias\\\/#primaryimage\"},\"thumbnailUrl\":\"https:\\\/\\\/www.encontravitoria.com.br\\\/guia\\\/wp-content\\\/uploads\\\/2026\\\/03\\\/reforco-na-saude-vitoria-amplia-oferta-de-consultas-para-proteses-dentarias.webp\",\"articleSection\":[\"Not\u00edcias Vit\u00f3ria\"],\"inLanguage\":\"pt-BR\",\"potentialAction\":[{\"@type\":\"CommentAction\",\"name\":\"Comment\",\"target\":[\"https:\\\/\\\/www.encontravitoria.com.br\\\/guia\\\/reforco-na-saude-vitoria-amplia-oferta-de-consultas-para-proteses-dentarias\\\/#respond\"]}]},{\"@type\":\"WebPage\",\"@id\":\"https:\\\/\\\/www.encontravitoria.com.br\\\/guia\\\/reforco-na-saude-vitoria-amplia-oferta-de-consultas-para-proteses-dentarias\\\/\",\"url\":\"https:\\\/\\\/www.encontravitoria.com.br\\\/guia\\\/reforco-na-saude-vitoria-amplia-oferta-de-consultas-para-proteses-dentarias\\\/\",\"name\":\"Refor\u00e7o na Sa\u00fade: Vitoria amplia oferta de consultas para pr\u00f3teses dent\u00e1rias | Guia Comercial de Vit\u00f3ria ES\",\"isPartOf\":{\"@id\":\"https:\\\/\\\/www.encontravitoria.com.br\\\/guia\\\/#website\"},\"primaryImageOfPage\":{\"@id\":\"https:\\\/\\\/www.encontravitoria.com.br\\\/guia\\\/reforco-na-saude-vitoria-amplia-oferta-de-consultas-para-proteses-dentarias\\\/#primaryimage\"},\"image\":{\"@id\":\"https:\\\/\\\/www.encontravitoria.com.br\\\/guia\\\/reforco-na-saude-vitoria-amplia-oferta-de-consultas-para-proteses-dentarias\\\/#primaryimage\"},\"thumbnailUrl\":\"https:\\\/\\\/www.encontravitoria.com.br\\\/guia\\\/wp-content\\\/uploads\\\/2026\\\/03\\\/reforco-na-saude-vitoria-amplia-oferta-de-consultas-para-proteses-dentarias.webp\",\"datePublished\":\"2026-03-16T07:38:44+00:00\",\"author\":{\"@id\":\"https:\\\/\\\/www.encontravitoria.com.br\\\/guia\\\/#\\\/schema\\\/person\\\/e5c86e2a8d5a2a0333f0c44792c74c65\"},\"inLanguage\":\"pt-BR\",\"potentialAction\":[{\"@type\":\"ReadAction\",\"target\":[\"https:\\\/\\\/www.encontravitoria.com.br\\\/guia\\\/reforco-na-saude-vitoria-amplia-oferta-de-consultas-para-proteses-dentarias\\\/\"]}]},{\"@type\":\"ImageObject\",\"inLanguage\":\"pt-BR\",\"@id\":\"https:\\\/\\\/www.encontravitoria.com.br\\\/guia\\\/reforco-na-saude-vitoria-amplia-oferta-de-consultas-para-proteses-dentarias\\\/#primaryimage\",\"url\":\"https:\\\/\\\/www.encontravitoria.com.br\\\/guia\\\/wp-content\\\/uploads\\\/2026\\\/03\\\/reforco-na-saude-vitoria-amplia-oferta-de-consultas-para-proteses-dentarias.webp\",\"contentUrl\":\"https:\\\/\\\/www.encontravitoria.com.br\\\/guia\\\/wp-content\\\/uploads\\\/2026\\\/03\\\/reforco-na-saude-vitoria-amplia-oferta-de-consultas-para-proteses-dentarias.webp\",\"width\":280,\"height\":280,\"caption\":\"pr\u00f3teses dent\u00e1rias\"},{\"@type\":\"WebSite\",\"@id\":\"https:\\\/\\\/www.encontravitoria.com.br\\\/guia\\\/#website\",\"url\":\"https:\\\/\\\/www.encontravitoria.com.br\\\/guia\\\/\",\"name\":\"Guia Comercial de Vit\u00f3ria ES\",\"description\":\"ENCONTRA VIT\u00d3RIA - O guia comercial de neg\u00f3cios e empresas, cultura e divers\u00e3o na cidade de Vit\u00f3ria. Feito 100% para voc\u00ea morador!\",\"potentialAction\":[{\"@type\":\"SearchAction\",\"target\":{\"@type\":\"EntryPoint\",\"urlTemplate\":\"https:\\\/\\\/www.encontravitoria.com.br\\\/guia\\\/?s={search_term_string}\"},\"query-input\":{\"@type\":\"PropertyValueSpecification\",\"valueRequired\":true,\"valueName\":\"search_term_string\"}}],\"inLanguage\":\"pt-BR\"},{\"@type\":\"Person\",\"@id\":\"https:\\\/\\\/www.encontravitoria.com.br\\\/guia\\\/#\\\/schema\\\/person\\\/e5c86e2a8d5a2a0333f0c44792c74c65\",\"name\":\"Encontra Vit\u00f3ria\",\"image\":{\"@type\":\"ImageObject\",\"inLanguage\":\"pt-BR\",\"@id\":\"https:\\\/\\\/secure.gravatar.com\\\/avatar\\\/c50c17820bcf322f0a8fd6b110b8c0918141409dc69076470f6fca5fee70a5d4?s=96&d=mm&r=g\",\"url\":\"https:\\\/\\\/secure.gravatar.com\\\/avatar\\\/c50c17820bcf322f0a8fd6b110b8c0918141409dc69076470f6fca5fee70a5d4?s=96&d=mm&r=g\",\"contentUrl\":\"https:\\\/\\\/secure.gravatar.com\\\/avatar\\\/c50c17820bcf322f0a8fd6b110b8c0918141409dc69076470f6fca5fee70a5d4?s=96&d=mm&r=g\",\"caption\":\"Encontra Vit\u00f3ria\"},\"url\":\"https:\\\/\\\/www.encontravitoria.com.br\\\/guia\\\/author\\\/encontravitoria\\\/\"}]}<\/script>\n<!-- \/ Yoast SEO plugin. -->","yoast_head_json":{"title":"Refor\u00e7o na Sa\u00fade: Vitoria amplia oferta de consultas para pr\u00f3teses dent\u00e1rias | Guia Comercial de Vit\u00f3ria ES","robots":{"index":"index","follow":"follow","max-snippet":"max-snippet:-1","max-image-preview":"max-image-preview:large","max-video-preview":"max-video-preview:-1"},"canonical":"https:\/\/www.encontravitoria.com.br\/guia\/reforco-na-saude-vitoria-amplia-oferta-de-consultas-para-proteses-dentarias\/","og_locale":"pt_BR","og_type":"article","og_title":"Refor\u00e7o na Sa\u00fade: Vitoria amplia oferta de consultas para pr\u00f3teses dent\u00e1rias | Guia Comercial de Vit\u00f3ria ES","og_description":"Vit\u00f3ria amplia a oferta de consultas para pr\u00f3teses dent\u00e1rias visando melhorar a sa\u00fade bucal da popula\u00e7\u00e3o.","og_url":"https:\/\/www.encontravitoria.com.br\/guia\/reforco-na-saude-vitoria-amplia-oferta-de-consultas-para-proteses-dentarias\/","og_site_name":"Guia Comercial de Vit\u00f3ria ES","article_published_time":"2026-03-16T07:38:44+00:00","og_image":[{"url":"https:\/\/www.encontravitoria.com.br\/guia\/wp-content\/uploads\/2026\/03\/reforco-na-saude-vitoria-amplia-oferta-de-consultas-para-proteses-dentarias.webp","type":"","width":"","height":""}],"author":"Encontra Vit\u00f3ria","twitter_card":"summary_large_image","twitter_misc":{"Escrito por":"Encontra Vit\u00f3ria","Est. tempo de leitura":"4 minutos"},"schema":{"@context":"https:\/\/schema.org","@graph":[{"@type":"Article","@id":"https:\/\/www.encontravitoria.com.br\/guia\/reforco-na-saude-vitoria-amplia-oferta-de-consultas-para-proteses-dentarias\/#article","isPartOf":{"@id":"https:\/\/www.encontravitoria.com.br\/guia\/reforco-na-saude-vitoria-amplia-oferta-de-consultas-para-proteses-dentarias\/"},"author":{"name":"Encontra Vit\u00f3ria","@id":"https:\/\/www.encontravitoria.com.br\/guia\/#\/schema\/person\/e5c86e2a8d5a2a0333f0c44792c74c65"},"headline":"Refor\u00e7o na Sa\u00fade: Vitoria amplia oferta de consultas para pr\u00f3teses dent\u00e1rias","datePublished":"2026-03-16T07:38:44+00:00","mainEntityOfPage":{"@id":"https:\/\/www.encontravitoria.com.br\/guia\/reforco-na-saude-vitoria-amplia-oferta-de-consultas-para-proteses-dentarias\/"},"wordCount":793,"commentCount":0,"image":{"@id":"https:\/\/www.encontravitoria.com.br\/guia\/reforco-na-saude-vitoria-amplia-oferta-de-consultas-para-proteses-dentarias\/#primaryimage"},"thumbnailUrl":"https:\/\/www.encontravitoria.com.br\/guia\/wp-content\/uploads\/2026\/03\/reforco-na-saude-vitoria-amplia-oferta-de-consultas-para-proteses-dentarias.webp","articleSection":["Not\u00edcias Vit\u00f3ria"],"inLanguage":"pt-BR","potentialAction":[{"@type":"CommentAction","name":"Comment","target":["https:\/\/www.encontravitoria.com.br\/guia\/reforco-na-saude-vitoria-amplia-oferta-de-consultas-para-proteses-dentarias\/#respond"]}]},{"@type":"WebPage","@id":"https:\/\/www.encontravitoria.com.br\/guia\/reforco-na-saude-vitoria-amplia-oferta-de-consultas-para-proteses-dentarias\/","url":"https:\/\/www.encontravitoria.com.br\/guia\/reforco-na-saude-vitoria-amplia-oferta-de-consultas-para-proteses-dentarias\/","name":"Refor\u00e7o na Sa\u00fade: Vitoria amplia oferta de consultas para pr\u00f3teses dent\u00e1rias | Guia Comercial de Vit\u00f3ria ES","isPartOf":{"@id":"https:\/\/www.encontravitoria.com.br\/guia\/#website"},"primaryImageOfPage":{"@id":"https:\/\/www.encontravitoria.com.br\/guia\/reforco-na-saude-vitoria-amplia-oferta-de-consultas-para-proteses-dentarias\/#primaryimage"},"image":{"@id":"https:\/\/www.encontravitoria.com.br\/guia\/reforco-na-saude-vitoria-amplia-oferta-de-consultas-para-proteses-dentarias\/#primaryimage"},"thumbnailUrl":"https:\/\/www.encontravitoria.com.br\/guia\/wp-content\/uploads\/2026\/03\/reforco-na-saude-vitoria-amplia-oferta-de-consultas-para-proteses-dentarias.webp","datePublished":"2026-03-16T07:38:44+00:00","author":{"@id":"https:\/\/www.encontravitoria.com.br\/guia\/#\/schema\/person\/e5c86e2a8d5a2a0333f0c44792c74c65"},"inLanguage":"pt-BR","potentialAction":[{"@type":"ReadAction","target":["https:\/\/www.encontravitoria.com.br\/guia\/reforco-na-saude-vitoria-amplia-oferta-de-consultas-para-proteses-dentarias\/"]}]},{"@type":"ImageObject","inLanguage":"pt-BR","@id":"https:\/\/www.encontravitoria.com.br\/guia\/reforco-na-saude-vitoria-amplia-oferta-de-consultas-para-proteses-dentarias\/#primaryimage","url":"https:\/\/www.encontravitoria.com.br\/guia\/wp-content\/uploads\/2026\/03\/reforco-na-saude-vitoria-amplia-oferta-de-consultas-para-proteses-dentarias.webp","contentUrl":"https:\/\/www.encontravitoria.com.br\/guia\/wp-content\/uploads\/2026\/03\/reforco-na-saude-vitoria-amplia-oferta-de-consultas-para-proteses-dentarias.webp","width":280,"height":280,"caption":"pr\u00f3teses dent\u00e1rias"},{"@type":"WebSite","@id":"https:\/\/www.encontravitoria.com.br\/guia\/#website","url":"https:\/\/www.encontravitoria.com.br\/guia\/","name":"Guia Comercial de Vit\u00f3ria ES","description":"ENCONTRA VIT\u00d3RIA - O guia comercial de neg\u00f3cios e empresas, cultura e divers\u00e3o na cidade de Vit\u00f3ria. Feito 100% para voc\u00ea morador!","potentialAction":[{"@type":"SearchAction","target":{"@type":"EntryPoint","urlTemplate":"https:\/\/www.encontravitoria.com.br\/guia\/?s={search_term_string}"},"query-input":{"@type":"PropertyValueSpecification","valueRequired":true,"valueName":"search_term_string"}}],"inLanguage":"pt-BR"},{"@type":"Person","@id":"https:\/\/www.encontravitoria.com.br\/guia\/#\/schema\/person\/e5c86e2a8d5a2a0333f0c44792c74c65","name":"Encontra Vit\u00f3ria","image":{"@type":"ImageObject","inLanguage":"pt-BR","@id":"https:\/\/secure.gravatar.com\/avatar\/c50c17820bcf322f0a8fd6b110b8c0918141409dc69076470f6fca5fee70a5d4?s=96&d=mm&r=g","url":"https:\/\/secure.gravatar.com\/avatar\/c50c17820bcf322f0a8fd6b110b8c0918141409dc69076470f6fca5fee70a5d4?s=96&d=mm&r=g","contentUrl":"https:\/\/secure.gravatar.com\/avatar\/c50c17820bcf322f0a8fd6b110b8c0918141409dc69076470f6fca5fee70a5d4?s=96&d=mm&r=g","caption":"Encontra Vit\u00f3ria"},"url":"https:\/\/www.encontravitoria.com.br\/guia\/author\/encontravitoria\/"}]}},"_links":{"self":[{"href":"https:\/\/www.encontravitoria.com.br\/guia\/wp-json\/wp\/v2\/posts\/7741","targetHints":{"allow":["GET"]}}],"collection":[{"href":"https:\/\/www.encontravitoria.com.br\/guia\/wp-json\/wp\/v2\/posts"}],"about":[{"href":"https:\/\/www.encontravitoria.com.br\/guia\/wp-json\/wp\/v2\/types\/post"}],"author":[{"embeddable":true,"href":"https:\/\/www.encontravitoria.com.br\/guia\/wp-json\/wp\/v2\/users\/1"}],"replies":[{"embeddable":true,"href":"https:\/\/www.encontravitoria.com.br\/guia\/wp-json\/wp\/v2\/comments?post=7741"}],"version-history":[{"count":0,"href":"https:\/\/www.encontravitoria.com.br\/guia\/wp-json\/wp\/v2\/posts\/7741\/revisions"}],"wp:featuredmedia":[{"embeddable":true,"href":"https:\/\/www.encontravitoria.com.br\/guia\/wp-json\/wp\/v2\/media\/7740"}],"wp:attachment":[{"href":"https:\/\/www.encontravitoria.com.br\/guia\/wp-json\/wp\/v2\/media?parent=7741"}],"wp:term":[{"taxonomy":"category","embeddable":true,"href":"https:\/\/www.encontravitoria.com.br\/guia\/wp-json\/wp\/v2\/categories?post=7741"},{"taxonomy":"post_tag","embeddable":true,"href":"https:\/\/www.encontravitoria.com.br\/guia\/wp-json\/wp\/v2\/tags?post=7741"}],"curies":[{"name":"wp","href":"https:\/\/api.w.org\/{rel}","templated":true}]}}