{"id":7745,"date":"2026-03-17T04:40:57","date_gmt":"2026-03-17T07:40:57","guid":{"rendered":"https:\/\/www.encontravitoria.com.br\/guia\/governo-do-estado-vai-conceder-maior-honraria-a-ailton-krenak-em-cerimonia-no-theatro-carlos-gomes\/"},"modified":"2026-03-17T04:40:57","modified_gmt":"2026-03-17T07:40:57","slug":"governo-do-estado-vai-conceder-maior-honraria-a-ailton-krenak-em-cerimonia-no-theatro-carlos-gomes","status":"publish","type":"post","link":"https:\/\/www.encontravitoria.com.br\/guia\/governo-do-estado-vai-conceder-maior-honraria-a-ailton-krenak-em-cerimonia-no-theatro-carlos-gomes\/","title":{"rendered":"Governo do Estado vai conceder maior honraria a Ailton Krenak em cerim\u00f4nia no Theatro Carlos Gomes"},"content":{"rendered":"<h2>A Comenda Jer\u00f4nymo Monteiro: Significado e Import\u00e2ncia<\/h2>\n<p>A Comenda Jer\u00f4nymo Monteiro \u00e9 uma honraria de grande prest\u00edgio, criada com o objetivo de reconhecer e celebrar as contribui\u00e7\u00f5es de indiv\u00edduos e institui\u00e7\u00f5es que se destacam na sociedade capixaba. Desde sua introdu\u00e7\u00e3o pelo Decreto n\u00ba 230, de 19 de abril de 1972, essa comenda tem sido atribu\u00edda a personalidades que promovem o bem-estar e o progresso do estado do Esp\u00edrito Santo. A distin\u00e7\u00e3o \u00e9 um s\u00edmbolo de gratid\u00e3o e reconhecimento do povo capixaba, destacando a relev\u00e2ncia do trabalho e da dedica\u00e7\u00e3o dessas figuras importantes.<\/p>\n<p>Conceder essa comenda ao escritor e l\u00edder ind\u00edgena Ailton Krenak, conhecido por sua luta em defesa dos direitos dos povos ind\u00edgenas e pela preserva\u00e7\u00e3o ambiental, demonstra n\u00e3o apenas o reconhecimento de seu legado, mas tamb\u00e9m uma valoriza\u00e7\u00e3o das culturas origin\u00e1rias brasileiras. A honraria retrata uma conex\u00e3o com as ra\u00edzes culturais do estado, promovendo um di\u00e1logo entre a hist\u00f3ria e os desafios contempor\u00e2neos.<\/p>\n<h2>Quem \u00e9 Ailton Krenak?<\/h2>\n<p>Ailton Krenak nasceu em 1953 no munic\u00edpio de Itabirinha, Minas Gerais, e representa uma das mais influentes vozes no movimento ind\u00edgena brasileiro. Membro da etnia Krenak, Ailton tem uma rica trajet\u00f3ria que remonta ao in\u00edcio da d\u00e9cada de 1980, \u00e9poca em que come\u00e7ou a se engajar ativamente na luta pelos direitos dos povos ind\u00edgenas no Brasil. Sua influ\u00eancia se estende a v\u00e1rias esferas, incluindo a pol\u00edtica, a filosofia e a literatura.<\/p>\n<p>Com uma vis\u00e3o cr\u00edtica sobre a rela\u00e7\u00e3o entre os seres humanos e a natureza, Krenak tem defendido a necessidade de uma mudan\u00e7a paradigm\u00e1tica que considere os direitos dos povos ind\u00edgenas como fundamentais para a constru\u00e7\u00e3o de uma sociedade mais justa e sustent\u00e1vel. Seu trabalho \u00e9 um convite \u00e0 reflex\u00e3o sobre como a civiliza\u00e7\u00e3o moderna interage com a terra e as culturas que dela emergem, enfatizando a import\u00e2ncia de respeitar e integrar esses saberes ancestrais nas pr\u00e1ticas contempor\u00e2neas.<\/p>\n<h2>A Trajet\u00f3ria de Ailton Krenak no Movimento Ind\u00edgena<\/h2>\n<p>Ailton Krenak n\u00e3o apenas se destacou como l\u00edder ind\u00edgena, mas tamb\u00e9m participou ativamente da elabora\u00e7\u00e3o da Constitui\u00e7\u00e3o de 1988, que garantiu diversos direitos para os povos ind\u00edgenas. Sua contribui\u00e7\u00e3o foi crucial para a inclus\u00e3o de princ\u00edpios que buscam assegurar a autonomia, a diversidade cultural e os direitos territoriais das comunidades ind\u00edgenas no Brasil.<\/p>\n<p>Ao longo dos anos, Krenak foi membro de v\u00e1rias organiza\u00e7\u00f5es que visam a promo\u00e7\u00e3o e prote\u00e7\u00e3o dos direitos dos ind\u00edgenas, incluindo a Articula\u00e7\u00e3o dos Povos Ind\u00edgenas do Brasil (APIB). Al\u00e9m disso, ele \u00e9 um autor respeitado e premiado, tendo recebido o Pr\u00eamio Juca Pato em 2020 pelo livro &#8220;Ideias para Adiar o Fim do Mundo&#8221;, no qual explora a urg\u00eancia da preserva\u00e7\u00e3o ambiental e a necessidade de transforma\u00e7\u00e3o social.<\/p>\n<h2>O Document\u00e1rio Ailton Krenak: O Sonho da Pedra<\/h2>\n<p>O document\u00e1rio &#8220;Ailton Krenak: O Sonho da Pedra&#8221;, com dire\u00e7\u00e3o de Marco Altberg, \u00e9 uma obra que retrata a vida e as ideias desse influente l\u00edder ind\u00edgena. Com 52 minutos de dura\u00e7\u00e3o, o filme apresenta n\u00e3o apenas a hist\u00f3ria pessoal de Krenak, mas tamb\u00e9m sua vis\u00e3o sobre a intera\u00e7\u00e3o entre o homem e a natureza, e o papel crucial que os povos ind\u00edgenas desempenham na defesa do meio ambiente.<\/p>\n<p>A proposta do document\u00e1rio \u00e9 trazer \u00e0 tona n\u00e3o apenas a voz de Krenak, mas tamb\u00e9m os desafios que os povos ind\u00edgenas enfrentam na atualidade. O filme aumenta a conscientiza\u00e7\u00e3o sobre a import\u00e2ncia da diversidade cultural e do respeito \u00e0s vozes ind\u00edgenas no contexto da sociedade contempor\u00e2nea.<\/p>\n<h2>A Cerim\u00f4nia de Homenagem: O Que Esperar<\/h2>\n<p>A cerim\u00f4nia de entrega da Comenda Jer\u00f4nymo Monteiro a Ailton Krenak ocorrer\u00e1 no Theatro Carlos Gomes, em Vit\u00f3ria, no dia 16 de mar\u00e7o de 2026, \u00e0s 17 horas. O evento n\u00e3o apenas celebrar\u00e1 a trajet\u00f3ria e as conquistas de Krenak, mas tamb\u00e9m ser\u00e1 um espa\u00e7o para discuss\u00f5es sobre a import\u00e2ncia do respeito \u00e0 cultura ind\u00edgena e a necessidade de pr\u00e1ticas sustent\u00e1veis.<\/p>\n<p>Al\u00e9m da cerim\u00f4nia, os participantes ter\u00e3o a oportunidade de assistir ao document\u00e1rio &#8220;O Sonho da Pedra&#8221;, seguido de um bate-papo mediado pela subsecret\u00e1ria de Pol\u00edticas Culturais, Carolina Ruas. Este di\u00e1logo servir\u00e1 para aprofundar os temas apresentados no filme e oferecer um espa\u00e7o para o compartilhamento de ideias sobre a cultura e a preserva\u00e7\u00e3o ambiental.<\/p>\n<h2>Participa\u00e7\u00e3o de Autoridades no Evento<\/h2>\n<p>O evento contar\u00e1 com a presen\u00e7a de diversas autoridades, incluindo o governador Renato Casagrande e o secret\u00e1rio de Estado da Cultura, Fabr\u00edcio Noronha. A presen\u00e7a de figuras importantes do governo ressalta a relev\u00e2ncia do evento e sua import\u00e2ncia para a cultura capixaba. Este momento n\u00e3o s\u00f3 homenageia Krenak, mas tamb\u00e9m enfatiza a necessidade de um comprometimento coletivo com a justi\u00e7a social e ambiental.<\/p>\n<h2>Impacto da Homenagem na Cultura Capixaba<\/h2>\n<p>A homenagem a Ailton Krenak \u00e9 mais do que uma simples cerim\u00f4nia; \u00e9 um reconhecimento do valor cultural e social que a comunidade ind\u00edgena traz ao Esp\u00edrito Santo. Promover esse tipo de reconhecimento p\u00fablica coloca em evid\u00eancia a import\u00e2ncia da diversidade cultural e da inclus\u00e3o na sociedade contempor\u00e2nea.<\/p>\n<p>Al\u00e9m disso, essa celebra\u00e7\u00e3o pode motivar novas a\u00e7\u00f5es e pol\u00edticas que visem a melhoria da qualidade de vida dos povos ind\u00edgenas, apoiando coletivamente a preserva\u00e7\u00e3o das suas tradi\u00e7\u00f5es e o fortalecimento da identidade cultural.<\/p>\n<h2>Expectativas para o Bate-Papo com Marco Altberg<\/h2>\n<p>O bate-papo com o diretor Marco Altberg ap\u00f3s a exibi\u00e7\u00e3o do document\u00e1rio \u00e9 uma oportunidade \u00fanica para o p\u00fablico interagir e aprofundar seu entendimento sobre a obra e a figura de Ailton Krenak. Altberg, que teve a chance de trabalhar de perto com Krenak, poder\u00e1 compartilhar insights sobre o processo criativo do filme e como ele v\u00ea a import\u00e2ncia das narrativas ind\u00edgenas na constru\u00e7\u00e3o de um futuro mais justo.<\/p>\n<p>Os espectadores ter\u00e3o a chance de discutir suas impress\u00f5es sobre o document\u00e1rio e refletir sobre suas mensagens centrais, proporcionando um di\u00e1logo rico que pode inspirar a\u00e7\u00f5es pr\u00e1ticas no cotidiano das pessoas.<\/p>\n<h2>Ailton Krenak e sua Contribui\u00e7\u00e3o para o Meio Ambiente<\/h2>\n<p>Ailton Krenak \u00e9 amplamente reconhecido como uma voz de destaque na luta pela conserva\u00e7\u00e3o do meio ambiente. Seu trabalho n\u00e3o apenas beneficia os povos ind\u00edgenas, mas tamb\u00e9m tem repercuss\u00f5es que afetam a todos n\u00f3s, uma vez que alerta sobre a crise ambiental que o mundo enfrenta.<\/p>\n<p>Krenak defende que a sabedoria ancestral dos povos ind\u00edgenas \u00e9 crucial para a busca de solu\u00e7\u00f5es sustent\u00e1veis para os problemas ambientais. Atrav\u00e9s de sua luta, ele convida todos a refletir sobre seus modos de vida e a reavaliarem sua rela\u00e7\u00e3o com a natureza.<\/p>\n<h2>Como Assistir ao Evento<\/h2>\n<p>A cerim\u00f4nia de entrega da Comenda Jer\u00f4nymo Monteiro a Ailton Krenak ser\u00e1 aberta ao p\u00fablico, com entrada gratuita, mas sujeita \u00e0 lota\u00e7\u00e3o do espa\u00e7o. \u00c9 uma oportunidade imperd\u00edvel para aqueles que desejam fazer parte desse momento hist\u00f3rico e celebrar n\u00e3o apenas a vida de Krenak, mas tamb\u00e9m a rica diversidade cultural do Brasil.<\/p>\n<p>Os interessados devem chegar ao Theatro Carlos Gomes com anteced\u00eancia para garantir um bom lugar, uma vez que a expectativa \u00e9 de grande p\u00fablico. A comenda e a exibi\u00e7\u00e3o do document\u00e1rio certamente deixar\u00e3o uma marca duradoura na hist\u00f3ria cultural do Esp\u00edrito Santo.<\/p>\n","protected":false},"excerpt":{"rendered":"<p>Governo do Estado concede honraria a Ailton Krenak em evento especial.<\/p>\n","protected":false},"author":1,"featured_media":0,"comment_status":"open","ping_status":"open","sticky":false,"template":"","format":"standard","meta":{"footnotes":""},"categories":[903],"tags":[],"class_list":["post-7745","post","type-post","status-publish","format-standard","hentry","category-teatro"],"yoast_head":"<!-- This site is optimized with the Yoast SEO plugin v27.9 - https:\/\/yoast.com\/product\/yoast-seo-wordpress\/ -->\n<title>Governo do Estado vai conceder maior honraria a Ailton Krenak em cerim\u00f4nia no Theatro Carlos Gomes | Guia Comercial de Vit\u00f3ria ES<\/title>\n<meta name=\"robots\" content=\"index, follow, max-snippet:-1, max-image-preview:large, max-video-preview:-1\" \/>\n<link rel=\"canonical\" href=\"https:\/\/www.encontravitoria.com.br\/guia\/governo-do-estado-vai-conceder-maior-honraria-a-ailton-krenak-em-cerimonia-no-theatro-carlos-gomes\/\" \/>\n<meta property=\"og:locale\" content=\"pt_BR\" \/>\n<meta property=\"og:type\" content=\"article\" \/>\n<meta property=\"og:title\" content=\"Governo do Estado vai conceder maior honraria a Ailton Krenak em cerim\u00f4nia no Theatro Carlos Gomes | Guia Comercial de Vit\u00f3ria ES\" \/>\n<meta property=\"og:description\" content=\"Governo do Estado concede honraria a Ailton Krenak em evento especial.\" \/>\n<meta property=\"og:url\" content=\"https:\/\/www.encontravitoria.com.br\/guia\/governo-do-estado-vai-conceder-maior-honraria-a-ailton-krenak-em-cerimonia-no-theatro-carlos-gomes\/\" \/>\n<meta property=\"og:site_name\" content=\"Guia Comercial de Vit\u00f3ria ES\" \/>\n<meta property=\"article:published_time\" content=\"2026-03-17T07:40:57+00:00\" \/>\n<meta name=\"author\" content=\"Encontra Vit\u00f3ria\" \/>\n<meta name=\"twitter:card\" content=\"summary_large_image\" \/>\n<meta name=\"twitter:label1\" content=\"Escrito por\" \/>\n\t<meta name=\"twitter:data1\" content=\"Encontra Vit\u00f3ria\" \/>\n\t<meta name=\"twitter:label2\" content=\"Est. tempo de leitura\" \/>\n\t<meta name=\"twitter:data2\" content=\"6 minutos\" \/>\n<script type=\"application\/ld+json\" class=\"yoast-schema-graph\">{\"@context\":\"https:\\\/\\\/schema.org\",\"@graph\":[{\"@type\":\"Article\",\"@id\":\"https:\\\/\\\/www.encontravitoria.com.br\\\/guia\\\/governo-do-estado-vai-conceder-maior-honraria-a-ailton-krenak-em-cerimonia-no-theatro-carlos-gomes\\\/#article\",\"isPartOf\":{\"@id\":\"https:\\\/\\\/www.encontravitoria.com.br\\\/guia\\\/governo-do-estado-vai-conceder-maior-honraria-a-ailton-krenak-em-cerimonia-no-theatro-carlos-gomes\\\/\"},\"author\":{\"name\":\"Encontra Vit\u00f3ria\",\"@id\":\"https:\\\/\\\/www.encontravitoria.com.br\\\/guia\\\/#\\\/schema\\\/person\\\/e5c86e2a8d5a2a0333f0c44792c74c65\"},\"headline\":\"Governo do Estado vai conceder maior honraria a Ailton Krenak em cerim\u00f4nia no Theatro Carlos Gomes\",\"datePublished\":\"2026-03-17T07:40:57+00:00\",\"mainEntityOfPage\":{\"@id\":\"https:\\\/\\\/www.encontravitoria.com.br\\\/guia\\\/governo-do-estado-vai-conceder-maior-honraria-a-ailton-krenak-em-cerimonia-no-theatro-carlos-gomes\\\/\"},\"wordCount\":1315,\"commentCount\":0,\"articleSection\":[\"Teatro Vit\u00f3ria\"],\"inLanguage\":\"pt-BR\",\"potentialAction\":[{\"@type\":\"CommentAction\",\"name\":\"Comment\",\"target\":[\"https:\\\/\\\/www.encontravitoria.com.br\\\/guia\\\/governo-do-estado-vai-conceder-maior-honraria-a-ailton-krenak-em-cerimonia-no-theatro-carlos-gomes\\\/#respond\"]}]},{\"@type\":\"WebPage\",\"@id\":\"https:\\\/\\\/www.encontravitoria.com.br\\\/guia\\\/governo-do-estado-vai-conceder-maior-honraria-a-ailton-krenak-em-cerimonia-no-theatro-carlos-gomes\\\/\",\"url\":\"https:\\\/\\\/www.encontravitoria.com.br\\\/guia\\\/governo-do-estado-vai-conceder-maior-honraria-a-ailton-krenak-em-cerimonia-no-theatro-carlos-gomes\\\/\",\"name\":\"Governo do Estado vai conceder maior honraria a Ailton Krenak em cerim\u00f4nia no Theatro Carlos Gomes | Guia Comercial de Vit\u00f3ria ES\",\"isPartOf\":{\"@id\":\"https:\\\/\\\/www.encontravitoria.com.br\\\/guia\\\/#website\"},\"datePublished\":\"2026-03-17T07:40:57+00:00\",\"author\":{\"@id\":\"https:\\\/\\\/www.encontravitoria.com.br\\\/guia\\\/#\\\/schema\\\/person\\\/e5c86e2a8d5a2a0333f0c44792c74c65\"},\"inLanguage\":\"pt-BR\",\"potentialAction\":[{\"@type\":\"ReadAction\",\"target\":[\"https:\\\/\\\/www.encontravitoria.com.br\\\/guia\\\/governo-do-estado-vai-conceder-maior-honraria-a-ailton-krenak-em-cerimonia-no-theatro-carlos-gomes\\\/\"]}]},{\"@type\":\"WebSite\",\"@id\":\"https:\\\/\\\/www.encontravitoria.com.br\\\/guia\\\/#website\",\"url\":\"https:\\\/\\\/www.encontravitoria.com.br\\\/guia\\\/\",\"name\":\"Guia Comercial de Vit\u00f3ria ES\",\"description\":\"ENCONTRA VIT\u00d3RIA - O guia comercial de neg\u00f3cios e empresas, cultura e divers\u00e3o na cidade de Vit\u00f3ria. Feito 100% para voc\u00ea morador!\",\"potentialAction\":[{\"@type\":\"SearchAction\",\"target\":{\"@type\":\"EntryPoint\",\"urlTemplate\":\"https:\\\/\\\/www.encontravitoria.com.br\\\/guia\\\/?s={search_term_string}\"},\"query-input\":{\"@type\":\"PropertyValueSpecification\",\"valueRequired\":true,\"valueName\":\"search_term_string\"}}],\"inLanguage\":\"pt-BR\"},{\"@type\":\"Person\",\"@id\":\"https:\\\/\\\/www.encontravitoria.com.br\\\/guia\\\/#\\\/schema\\\/person\\\/e5c86e2a8d5a2a0333f0c44792c74c65\",\"name\":\"Encontra Vit\u00f3ria\",\"image\":{\"@type\":\"ImageObject\",\"inLanguage\":\"pt-BR\",\"@id\":\"https:\\\/\\\/secure.gravatar.com\\\/avatar\\\/c50c17820bcf322f0a8fd6b110b8c0918141409dc69076470f6fca5fee70a5d4?s=96&d=mm&r=g\",\"url\":\"https:\\\/\\\/secure.gravatar.com\\\/avatar\\\/c50c17820bcf322f0a8fd6b110b8c0918141409dc69076470f6fca5fee70a5d4?s=96&d=mm&r=g\",\"contentUrl\":\"https:\\\/\\\/secure.gravatar.com\\\/avatar\\\/c50c17820bcf322f0a8fd6b110b8c0918141409dc69076470f6fca5fee70a5d4?s=96&d=mm&r=g\",\"caption\":\"Encontra Vit\u00f3ria\"},\"url\":\"https:\\\/\\\/www.encontravitoria.com.br\\\/guia\\\/author\\\/encontravitoria\\\/\"}]}<\/script>\n<!-- \/ Yoast SEO plugin. -->","yoast_head_json":{"title":"Governo do Estado vai conceder maior honraria a Ailton Krenak em cerim\u00f4nia no Theatro Carlos Gomes | Guia Comercial de Vit\u00f3ria ES","robots":{"index":"index","follow":"follow","max-snippet":"max-snippet:-1","max-image-preview":"max-image-preview:large","max-video-preview":"max-video-preview:-1"},"canonical":"https:\/\/www.encontravitoria.com.br\/guia\/governo-do-estado-vai-conceder-maior-honraria-a-ailton-krenak-em-cerimonia-no-theatro-carlos-gomes\/","og_locale":"pt_BR","og_type":"article","og_title":"Governo do Estado vai conceder maior honraria a Ailton Krenak em cerim\u00f4nia no Theatro Carlos Gomes | Guia Comercial de Vit\u00f3ria ES","og_description":"Governo do Estado concede honraria a Ailton Krenak em evento especial.","og_url":"https:\/\/www.encontravitoria.com.br\/guia\/governo-do-estado-vai-conceder-maior-honraria-a-ailton-krenak-em-cerimonia-no-theatro-carlos-gomes\/","og_site_name":"Guia Comercial de Vit\u00f3ria ES","article_published_time":"2026-03-17T07:40:57+00:00","author":"Encontra Vit\u00f3ria","twitter_card":"summary_large_image","twitter_misc":{"Escrito por":"Encontra Vit\u00f3ria","Est. tempo de leitura":"6 minutos"},"schema":{"@context":"https:\/\/schema.org","@graph":[{"@type":"Article","@id":"https:\/\/www.encontravitoria.com.br\/guia\/governo-do-estado-vai-conceder-maior-honraria-a-ailton-krenak-em-cerimonia-no-theatro-carlos-gomes\/#article","isPartOf":{"@id":"https:\/\/www.encontravitoria.com.br\/guia\/governo-do-estado-vai-conceder-maior-honraria-a-ailton-krenak-em-cerimonia-no-theatro-carlos-gomes\/"},"author":{"name":"Encontra Vit\u00f3ria","@id":"https:\/\/www.encontravitoria.com.br\/guia\/#\/schema\/person\/e5c86e2a8d5a2a0333f0c44792c74c65"},"headline":"Governo do Estado vai conceder maior honraria a Ailton Krenak em cerim\u00f4nia no Theatro Carlos Gomes","datePublished":"2026-03-17T07:40:57+00:00","mainEntityOfPage":{"@id":"https:\/\/www.encontravitoria.com.br\/guia\/governo-do-estado-vai-conceder-maior-honraria-a-ailton-krenak-em-cerimonia-no-theatro-carlos-gomes\/"},"wordCount":1315,"commentCount":0,"articleSection":["Teatro Vit\u00f3ria"],"inLanguage":"pt-BR","potentialAction":[{"@type":"CommentAction","name":"Comment","target":["https:\/\/www.encontravitoria.com.br\/guia\/governo-do-estado-vai-conceder-maior-honraria-a-ailton-krenak-em-cerimonia-no-theatro-carlos-gomes\/#respond"]}]},{"@type":"WebPage","@id":"https:\/\/www.encontravitoria.com.br\/guia\/governo-do-estado-vai-conceder-maior-honraria-a-ailton-krenak-em-cerimonia-no-theatro-carlos-gomes\/","url":"https:\/\/www.encontravitoria.com.br\/guia\/governo-do-estado-vai-conceder-maior-honraria-a-ailton-krenak-em-cerimonia-no-theatro-carlos-gomes\/","name":"Governo do Estado vai conceder maior honraria a Ailton Krenak em cerim\u00f4nia no Theatro Carlos Gomes | Guia Comercial de Vit\u00f3ria ES","isPartOf":{"@id":"https:\/\/www.encontravitoria.com.br\/guia\/#website"},"datePublished":"2026-03-17T07:40:57+00:00","author":{"@id":"https:\/\/www.encontravitoria.com.br\/guia\/#\/schema\/person\/e5c86e2a8d5a2a0333f0c44792c74c65"},"inLanguage":"pt-BR","potentialAction":[{"@type":"ReadAction","target":["https:\/\/www.encontravitoria.com.br\/guia\/governo-do-estado-vai-conceder-maior-honraria-a-ailton-krenak-em-cerimonia-no-theatro-carlos-gomes\/"]}]},{"@type":"WebSite","@id":"https:\/\/www.encontravitoria.com.br\/guia\/#website","url":"https:\/\/www.encontravitoria.com.br\/guia\/","name":"Guia Comercial de Vit\u00f3ria ES","description":"ENCONTRA VIT\u00d3RIA - O guia comercial de neg\u00f3cios e empresas, cultura e divers\u00e3o na cidade de Vit\u00f3ria. Feito 100% para voc\u00ea morador!","potentialAction":[{"@type":"SearchAction","target":{"@type":"EntryPoint","urlTemplate":"https:\/\/www.encontravitoria.com.br\/guia\/?s={search_term_string}"},"query-input":{"@type":"PropertyValueSpecification","valueRequired":true,"valueName":"search_term_string"}}],"inLanguage":"pt-BR"},{"@type":"Person","@id":"https:\/\/www.encontravitoria.com.br\/guia\/#\/schema\/person\/e5c86e2a8d5a2a0333f0c44792c74c65","name":"Encontra Vit\u00f3ria","image":{"@type":"ImageObject","inLanguage":"pt-BR","@id":"https:\/\/secure.gravatar.com\/avatar\/c50c17820bcf322f0a8fd6b110b8c0918141409dc69076470f6fca5fee70a5d4?s=96&d=mm&r=g","url":"https:\/\/secure.gravatar.com\/avatar\/c50c17820bcf322f0a8fd6b110b8c0918141409dc69076470f6fca5fee70a5d4?s=96&d=mm&r=g","contentUrl":"https:\/\/secure.gravatar.com\/avatar\/c50c17820bcf322f0a8fd6b110b8c0918141409dc69076470f6fca5fee70a5d4?s=96&d=mm&r=g","caption":"Encontra Vit\u00f3ria"},"url":"https:\/\/www.encontravitoria.com.br\/guia\/author\/encontravitoria\/"}]}},"_links":{"self":[{"href":"https:\/\/www.encontravitoria.com.br\/guia\/wp-json\/wp\/v2\/posts\/7745","targetHints":{"allow":["GET"]}}],"collection":[{"href":"https:\/\/www.encontravitoria.com.br\/guia\/wp-json\/wp\/v2\/posts"}],"about":[{"href":"https:\/\/www.encontravitoria.com.br\/guia\/wp-json\/wp\/v2\/types\/post"}],"author":[{"embeddable":true,"href":"https:\/\/www.encontravitoria.com.br\/guia\/wp-json\/wp\/v2\/users\/1"}],"replies":[{"embeddable":true,"href":"https:\/\/www.encontravitoria.com.br\/guia\/wp-json\/wp\/v2\/comments?post=7745"}],"version-history":[{"count":0,"href":"https:\/\/www.encontravitoria.com.br\/guia\/wp-json\/wp\/v2\/posts\/7745\/revisions"}],"wp:attachment":[{"href":"https:\/\/www.encontravitoria.com.br\/guia\/wp-json\/wp\/v2\/media?parent=7745"}],"wp:term":[{"taxonomy":"category","embeddable":true,"href":"https:\/\/www.encontravitoria.com.br\/guia\/wp-json\/wp\/v2\/categories?post=7745"},{"taxonomy":"post_tag","embeddable":true,"href":"https:\/\/www.encontravitoria.com.br\/guia\/wp-json\/wp\/v2\/tags?post=7745"}],"curies":[{"name":"wp","href":"https:\/\/api.w.org\/{rel}","templated":true}]}}