{"id":7756,"date":"2026-03-21T04:40:45","date_gmt":"2026-03-21T07:40:45","guid":{"rendered":"https:\/\/www.encontravitoria.com.br\/guia\/novo-concurso-da-prefeitura-de-vitoria-em-comissao-formada\/"},"modified":"2026-03-21T04:40:45","modified_gmt":"2026-03-21T07:40:45","slug":"novo-concurso-da-prefeitura-de-vitoria-em-comissao-formada","status":"publish","type":"post","link":"https:\/\/www.encontravitoria.com.br\/guia\/novo-concurso-da-prefeitura-de-vitoria-em-comissao-formada\/","title":{"rendered":"Novo concurso da Prefeitura de Vit\u00f3ria em comiss\u00e3o formada"},"content":{"rendered":"<h2>Comiss\u00e3o Formada para o Concurso<\/h2>\n<p>A Comiss\u00e3o respons\u00e1vel pela organiza\u00e7\u00e3o do novo concurso p\u00fablico da <strong>Prefeitura de Vit\u00f3ria<\/strong>, que \u00e9 a capital do estado do Esp\u00edrito Santo, j\u00e1 est\u00e1 constitu\u00edda. Este grupo \u00e9 composto por seis representantes, oriundos das seguintes secretarias: Gest\u00e3o e Planejamento (SEGES), Fazenda (Subsecretaria de Tecnologia da Informa\u00e7\u00e3o &#8211; SEMFA\/SUB-TI), Obras (SEMOB) e Desenvolvimento da Cidade e Habita\u00e7\u00e3o (SEDEC). Essa colabora\u00e7\u00e3o tem como objetivo alinhar esfor\u00e7os para a realiza\u00e7\u00e3o de um certame que atenda \u00e0s necessidades da administra\u00e7\u00e3o p\u00fablica local.<\/p>\n<h2>Banca Organizadora do Concurso<\/h2>\n<p>A banca que ficar\u00e1 encarregada de organizar o processo seletivo j\u00e1 foi definida. O <strong>Instituto Consulplan<\/strong> foi escolhido como a institui\u00e7\u00e3o respons\u00e1vel. Esta informa\u00e7\u00e3o foi divulgada no in\u00edcio do m\u00eas, gerando grande expectativa entre os potenciais candidatos que esperam por este concurso. A escolha de uma banca respeitada certamente contribui para a transpar\u00eancia e a qualidade do processo seletivo.<\/p>\n<h2>Detalhes das Vagas Ofertadas<\/h2>\n<p>O concurso da Prefeitura de Vit\u00f3ria prev\u00ea a oferta de <strong>29 vagas<\/strong> imediatas, al\u00e9m da forma\u00e7\u00e3o de um cadastro reserva. As oportunidades s\u00e3o voltadas para v\u00e1rios cargos, que exigem diferentes graus de forma\u00e7\u00e3o. Os cargos dispon\u00edveis incluem:<\/p>\n<ul>\n<li><strong>Analista em Gest\u00e3o P\u00fablica \u2013 Administrador:<\/strong> 01 vaga + CR<\/li>\n<li><strong>Analista em Gest\u00e3o P\u00fablica \u2013 Economista:<\/strong> 02 vagas + CR<\/li>\n<li><strong>Analista em Gest\u00e3o P\u00fablica \u2013 Estat\u00edstico:<\/strong> 01 vaga + CR<\/li>\n<li><strong>Analista em Tecnologia da Informa\u00e7\u00e3o \u2013 Desenvolvimento:<\/strong> 07 vagas + CR<\/li>\n<li><strong>Analista em Tecnologia da Informa\u00e7\u00e3o \u2013 Infraestrutura e Suporte:<\/strong> 02 vagas + CR<\/li>\n<li><strong>Arquiteto:<\/strong> 05 vagas + CR<\/li>\n<li><strong>Engenheiro Ambiental:<\/strong> 01 vaga + CR<\/li>\n<li><strong>Engenheiro Civil:<\/strong> 06 vagas + CR<\/li>\n<li><strong>Engenheiro Eletricista:<\/strong> 02 vagas + CR<\/li>\n<li><strong>Engenheiro Mec\u00e2nico:<\/strong> 01 vaga + CR<\/li>\n<li><strong>Engenheiro de Seguran\u00e7a do Trabalho:<\/strong> 01 vaga + CR<\/li>\n<\/ul>\n<p>No total, s\u00e3o <strong>29 vagas<\/strong> com cadastro reserva que visam atender as demandas espec\u00edficas das secretarias municipais.<\/p>\n<h2>Oportunidades para Analistas<\/h2>\n<p>As vagas para a fun\u00e7\u00e3o de Analista em Gest\u00e3o P\u00fablica e Tecnologia da Informa\u00e7\u00e3o s\u00e3o especialmente relevantes, pois esses profissionais desempenham fun\u00e7\u00f5es cr\u00edticas na administra\u00e7\u00e3o municipal. O cargo de Analista em Gest\u00e3o P\u00fablica, por exemplo, \u00e9 essencial para melhorar a efici\u00eancia dos servi\u00e7os p\u00fablicos atrav\u00e9s de gest\u00e3o estrat\u00e9gica e an\u00e1lise de dados. J\u00e1 o Analista em Tecnologia da Informa\u00e7\u00e3o contribuir\u00e1 para a implementa\u00e7\u00e3o e manuten\u00e7\u00e3o de solu\u00e7\u00f5es tecnol\u00f3gicas que visam modernizar e otimizar os servi\u00e7os prestados.<\/p>\n<h2>Fun\u00e7\u00f5es de Engenheiros e Arquitetos<\/h2>\n<p>Os engenheiros e arquitetos tamb\u00e9m t\u00eam pap\u00e9is fundamentais na estrutura\u00e7\u00e3o das pol\u00edticas urbanas e de habita\u00e7\u00e3o de Vit\u00f3ria. Profissionais da \u00e1rea de Arquitetura e Engenharia ser\u00e3o respons\u00e1veis por desenvolver projetos que atendem \u00e0s normas de seguran\u00e7a e sustentabilidade, contribuindo diretamente para o desenvolvimento urbano planejado e sustent\u00e1vel da cidade.<\/p>\n<h2>Sal\u00e1rios e Benef\u00edcios<\/h2>\n<p>Os sal\u00e1rios e benef\u00edcios oferecidos para os cargos solicitados variam, mas espera-se que para os analistas, os sal\u00e1rios sejam competitivos. Embora os valores exatos ainda n\u00e3o tenham sido divulgados, informa\u00e7\u00f5es sobre previos concursos indicam que a remunera\u00e7\u00e3o deve ficar acima da m\u00e9dia para fun\u00e7\u00f5es similares em outras prefeituras. Al\u00e9m dos sal\u00e1rios, \u00e9 esperado que os novos servidores recebam direitos como gratifica\u00e7\u00f5es, aux\u00edlio-alimenta\u00e7\u00e3o e outros benef\u00edcios que visam garantir uma boa qualidade de vida.<\/p>\n<h2>Pr\u00f3ximos Passos para Candidatos<\/h2>\n<p>Para os candidatos interessados, \u00e9 importante ficar atentos aos prazos e etapas do concurso. A primeira medida \u00e9 acompanhar as publica\u00e7\u00f5es oficiais da Prefeitura e do <strong>Instituto Consulplan<\/strong>. Assim que o edital for lan\u00e7ado, ser\u00e1 poss\u00edvel realizar a inscri\u00e7\u00e3o online conforme os hor\u00e1rios e procedimentos estabelecidos. Al\u00e9m disso, uma prepara\u00e7\u00e3o adequada, incluindo o estudo das mat\u00e9rias gerais e espec\u00edficas para os cargos disponibilizados, far\u00e1 toda a diferen\u00e7a na hora da prova.<\/p>\n<h2>Como se Preparar para o Concurso<\/h2>\n<p>Preparar-se para um concurso p\u00fablico exige t\u00e9cnica e dedica\u00e7\u00e3o. \u00c9 recomend\u00e1vel que os candidatos desenvolvam um plano de estudos que inclua:<\/p>\n<ul>\n<li>Estudos regulares, com metas di\u00e1rias e semanais.<\/li>\n<li>Uso de materiais de qualidade, como livros, apostilas e cursos online espec\u00edficos para o concurso.<\/li>\n<li>Pr\u00e1tica com exerc\u00edcios de provas anteriores oferecidas pelo Instituto Consulplan e defini\u00e7\u00f5es de quest\u00f5es de concursos similares.<\/li>\n<li>Participa\u00e7\u00e3o em grupos de estudos para troca de informa\u00e7\u00f5es e experi\u00eancias.<\/li>\n<\/ul>\n<h2>Datas Importantes do Processo Seletivo<\/h2>\n<p>As datas para o concurso ainda ser\u00e3o divulgadas oficialmente na publica\u00e7\u00e3o do edital. Geralmente, o processo envolve per\u00edodos para inscri\u00e7\u00f5es, data das provas objetivas e discursivas, al\u00e9m de prazos para recursos. A expectativa \u00e9 que as provas sejam realizadas no final de abril. Portanto, os candidatos devem se preparar para que, ao longo das pr\u00f3ximas semanas, fiquem atentos \u00e0s atualiza\u00e7\u00f5es.<\/p>\n<h2>Informa\u00e7\u00f5es Recentes sobre o Concurso<\/h2>\n<p>Acompanhar as novidades a respeito do concurso da Prefeitura de Vit\u00f3ria \u00e9 fundamental. Atrav\u00e9s do site oficial do Instituto Consulplan e das redes sociais da Prefeitura, \u00e9 poss\u00edvel manter-se informado sobre qualquer mudan\u00e7a ou inclus\u00e3o nos detalhes do concurso. Al\u00e9m disso, a import\u00e2ncia de acessar materiais e publica\u00e7\u00f5es que comentam sobre as expectativas e alertas sobre o certame em quest\u00e3o, contribuir\u00e1 muito para o sucesso da candidatura.<\/p>\n","protected":false},"excerpt":{"rendered":"<p>Novo concurso da Prefeitura de Vit\u00f3ria: detalhes sobre a sele\u00e7\u00e3o.<\/p>\n","protected":false},"author":1,"featured_media":0,"comment_status":"open","ping_status":"open","sticky":false,"template":"","format":"standard","meta":{"footnotes":""},"categories":[5],"tags":[],"class_list":["post-7756","post","type-post","status-publish","format-standard","hentry","category-noticias"],"yoast_head":"<!-- This site is optimized with the Yoast SEO plugin v27.9 - https:\/\/yoast.com\/product\/yoast-seo-wordpress\/ -->\n<title>Novo concurso da Prefeitura de Vit\u00f3ria em comiss\u00e3o formada | Guia Comercial de Vit\u00f3ria ES<\/title>\n<meta name=\"robots\" content=\"index, follow, max-snippet:-1, max-image-preview:large, max-video-preview:-1\" \/>\n<link rel=\"canonical\" href=\"https:\/\/www.encontravitoria.com.br\/guia\/novo-concurso-da-prefeitura-de-vitoria-em-comissao-formada\/\" \/>\n<meta property=\"og:locale\" content=\"pt_BR\" \/>\n<meta property=\"og:type\" content=\"article\" \/>\n<meta property=\"og:title\" content=\"Novo concurso da Prefeitura de Vit\u00f3ria em comiss\u00e3o formada | Guia Comercial de Vit\u00f3ria ES\" \/>\n<meta property=\"og:description\" content=\"Novo concurso da Prefeitura de Vit\u00f3ria: detalhes sobre a sele\u00e7\u00e3o.\" \/>\n<meta property=\"og:url\" content=\"https:\/\/www.encontravitoria.com.br\/guia\/novo-concurso-da-prefeitura-de-vitoria-em-comissao-formada\/\" \/>\n<meta property=\"og:site_name\" content=\"Guia Comercial de Vit\u00f3ria ES\" \/>\n<meta property=\"article:published_time\" content=\"2026-03-21T07:40:45+00:00\" \/>\n<meta name=\"author\" content=\"Encontra Vit\u00f3ria\" \/>\n<meta name=\"twitter:card\" content=\"summary_large_image\" \/>\n<meta name=\"twitter:label1\" content=\"Escrito por\" \/>\n\t<meta name=\"twitter:data1\" content=\"Encontra Vit\u00f3ria\" \/>\n\t<meta name=\"twitter:label2\" content=\"Est. tempo de leitura\" \/>\n\t<meta name=\"twitter:data2\" content=\"4 minutos\" \/>\n<script type=\"application\/ld+json\" class=\"yoast-schema-graph\">{\"@context\":\"https:\\\/\\\/schema.org\",\"@graph\":[{\"@type\":\"Article\",\"@id\":\"https:\\\/\\\/www.encontravitoria.com.br\\\/guia\\\/novo-concurso-da-prefeitura-de-vitoria-em-comissao-formada\\\/#article\",\"isPartOf\":{\"@id\":\"https:\\\/\\\/www.encontravitoria.com.br\\\/guia\\\/novo-concurso-da-prefeitura-de-vitoria-em-comissao-formada\\\/\"},\"author\":{\"name\":\"Encontra Vit\u00f3ria\",\"@id\":\"https:\\\/\\\/www.encontravitoria.com.br\\\/guia\\\/#\\\/schema\\\/person\\\/e5c86e2a8d5a2a0333f0c44792c74c65\"},\"headline\":\"Novo concurso da Prefeitura de Vit\u00f3ria em comiss\u00e3o formada\",\"datePublished\":\"2026-03-21T07:40:45+00:00\",\"mainEntityOfPage\":{\"@id\":\"https:\\\/\\\/www.encontravitoria.com.br\\\/guia\\\/novo-concurso-da-prefeitura-de-vitoria-em-comissao-formada\\\/\"},\"wordCount\":901,\"commentCount\":0,\"articleSection\":[\"Not\u00edcias Vit\u00f3ria\"],\"inLanguage\":\"pt-BR\",\"potentialAction\":[{\"@type\":\"CommentAction\",\"name\":\"Comment\",\"target\":[\"https:\\\/\\\/www.encontravitoria.com.br\\\/guia\\\/novo-concurso-da-prefeitura-de-vitoria-em-comissao-formada\\\/#respond\"]}]},{\"@type\":\"WebPage\",\"@id\":\"https:\\\/\\\/www.encontravitoria.com.br\\\/guia\\\/novo-concurso-da-prefeitura-de-vitoria-em-comissao-formada\\\/\",\"url\":\"https:\\\/\\\/www.encontravitoria.com.br\\\/guia\\\/novo-concurso-da-prefeitura-de-vitoria-em-comissao-formada\\\/\",\"name\":\"Novo concurso da Prefeitura de Vit\u00f3ria em comiss\u00e3o formada | Guia Comercial de Vit\u00f3ria ES\",\"isPartOf\":{\"@id\":\"https:\\\/\\\/www.encontravitoria.com.br\\\/guia\\\/#website\"},\"datePublished\":\"2026-03-21T07:40:45+00:00\",\"author\":{\"@id\":\"https:\\\/\\\/www.encontravitoria.com.br\\\/guia\\\/#\\\/schema\\\/person\\\/e5c86e2a8d5a2a0333f0c44792c74c65\"},\"inLanguage\":\"pt-BR\",\"potentialAction\":[{\"@type\":\"ReadAction\",\"target\":[\"https:\\\/\\\/www.encontravitoria.com.br\\\/guia\\\/novo-concurso-da-prefeitura-de-vitoria-em-comissao-formada\\\/\"]}]},{\"@type\":\"WebSite\",\"@id\":\"https:\\\/\\\/www.encontravitoria.com.br\\\/guia\\\/#website\",\"url\":\"https:\\\/\\\/www.encontravitoria.com.br\\\/guia\\\/\",\"name\":\"Guia Comercial de Vit\u00f3ria ES\",\"description\":\"ENCONTRA VIT\u00d3RIA - O guia comercial de neg\u00f3cios e empresas, cultura e divers\u00e3o na cidade de Vit\u00f3ria. Feito 100% para voc\u00ea morador!\",\"potentialAction\":[{\"@type\":\"SearchAction\",\"target\":{\"@type\":\"EntryPoint\",\"urlTemplate\":\"https:\\\/\\\/www.encontravitoria.com.br\\\/guia\\\/?s={search_term_string}\"},\"query-input\":{\"@type\":\"PropertyValueSpecification\",\"valueRequired\":true,\"valueName\":\"search_term_string\"}}],\"inLanguage\":\"pt-BR\"},{\"@type\":\"Person\",\"@id\":\"https:\\\/\\\/www.encontravitoria.com.br\\\/guia\\\/#\\\/schema\\\/person\\\/e5c86e2a8d5a2a0333f0c44792c74c65\",\"name\":\"Encontra Vit\u00f3ria\",\"image\":{\"@type\":\"ImageObject\",\"inLanguage\":\"pt-BR\",\"@id\":\"https:\\\/\\\/secure.gravatar.com\\\/avatar\\\/c50c17820bcf322f0a8fd6b110b8c0918141409dc69076470f6fca5fee70a5d4?s=96&d=mm&r=g\",\"url\":\"https:\\\/\\\/secure.gravatar.com\\\/avatar\\\/c50c17820bcf322f0a8fd6b110b8c0918141409dc69076470f6fca5fee70a5d4?s=96&d=mm&r=g\",\"contentUrl\":\"https:\\\/\\\/secure.gravatar.com\\\/avatar\\\/c50c17820bcf322f0a8fd6b110b8c0918141409dc69076470f6fca5fee70a5d4?s=96&d=mm&r=g\",\"caption\":\"Encontra Vit\u00f3ria\"},\"url\":\"https:\\\/\\\/www.encontravitoria.com.br\\\/guia\\\/author\\\/encontravitoria\\\/\"}]}<\/script>\n<!-- \/ Yoast SEO plugin. -->","yoast_head_json":{"title":"Novo concurso da Prefeitura de Vit\u00f3ria em comiss\u00e3o formada | Guia Comercial de Vit\u00f3ria ES","robots":{"index":"index","follow":"follow","max-snippet":"max-snippet:-1","max-image-preview":"max-image-preview:large","max-video-preview":"max-video-preview:-1"},"canonical":"https:\/\/www.encontravitoria.com.br\/guia\/novo-concurso-da-prefeitura-de-vitoria-em-comissao-formada\/","og_locale":"pt_BR","og_type":"article","og_title":"Novo concurso da Prefeitura de Vit\u00f3ria em comiss\u00e3o formada | Guia Comercial de Vit\u00f3ria ES","og_description":"Novo concurso da Prefeitura de Vit\u00f3ria: detalhes sobre a sele\u00e7\u00e3o.","og_url":"https:\/\/www.encontravitoria.com.br\/guia\/novo-concurso-da-prefeitura-de-vitoria-em-comissao-formada\/","og_site_name":"Guia Comercial de Vit\u00f3ria ES","article_published_time":"2026-03-21T07:40:45+00:00","author":"Encontra Vit\u00f3ria","twitter_card":"summary_large_image","twitter_misc":{"Escrito por":"Encontra Vit\u00f3ria","Est. tempo de leitura":"4 minutos"},"schema":{"@context":"https:\/\/schema.org","@graph":[{"@type":"Article","@id":"https:\/\/www.encontravitoria.com.br\/guia\/novo-concurso-da-prefeitura-de-vitoria-em-comissao-formada\/#article","isPartOf":{"@id":"https:\/\/www.encontravitoria.com.br\/guia\/novo-concurso-da-prefeitura-de-vitoria-em-comissao-formada\/"},"author":{"name":"Encontra Vit\u00f3ria","@id":"https:\/\/www.encontravitoria.com.br\/guia\/#\/schema\/person\/e5c86e2a8d5a2a0333f0c44792c74c65"},"headline":"Novo concurso da Prefeitura de Vit\u00f3ria em comiss\u00e3o formada","datePublished":"2026-03-21T07:40:45+00:00","mainEntityOfPage":{"@id":"https:\/\/www.encontravitoria.com.br\/guia\/novo-concurso-da-prefeitura-de-vitoria-em-comissao-formada\/"},"wordCount":901,"commentCount":0,"articleSection":["Not\u00edcias Vit\u00f3ria"],"inLanguage":"pt-BR","potentialAction":[{"@type":"CommentAction","name":"Comment","target":["https:\/\/www.encontravitoria.com.br\/guia\/novo-concurso-da-prefeitura-de-vitoria-em-comissao-formada\/#respond"]}]},{"@type":"WebPage","@id":"https:\/\/www.encontravitoria.com.br\/guia\/novo-concurso-da-prefeitura-de-vitoria-em-comissao-formada\/","url":"https:\/\/www.encontravitoria.com.br\/guia\/novo-concurso-da-prefeitura-de-vitoria-em-comissao-formada\/","name":"Novo concurso da Prefeitura de Vit\u00f3ria em comiss\u00e3o formada | Guia Comercial de Vit\u00f3ria ES","isPartOf":{"@id":"https:\/\/www.encontravitoria.com.br\/guia\/#website"},"datePublished":"2026-03-21T07:40:45+00:00","author":{"@id":"https:\/\/www.encontravitoria.com.br\/guia\/#\/schema\/person\/e5c86e2a8d5a2a0333f0c44792c74c65"},"inLanguage":"pt-BR","potentialAction":[{"@type":"ReadAction","target":["https:\/\/www.encontravitoria.com.br\/guia\/novo-concurso-da-prefeitura-de-vitoria-em-comissao-formada\/"]}]},{"@type":"WebSite","@id":"https:\/\/www.encontravitoria.com.br\/guia\/#website","url":"https:\/\/www.encontravitoria.com.br\/guia\/","name":"Guia Comercial de Vit\u00f3ria ES","description":"ENCONTRA VIT\u00d3RIA - O guia comercial de neg\u00f3cios e empresas, cultura e divers\u00e3o na cidade de Vit\u00f3ria. Feito 100% para voc\u00ea morador!","potentialAction":[{"@type":"SearchAction","target":{"@type":"EntryPoint","urlTemplate":"https:\/\/www.encontravitoria.com.br\/guia\/?s={search_term_string}"},"query-input":{"@type":"PropertyValueSpecification","valueRequired":true,"valueName":"search_term_string"}}],"inLanguage":"pt-BR"},{"@type":"Person","@id":"https:\/\/www.encontravitoria.com.br\/guia\/#\/schema\/person\/e5c86e2a8d5a2a0333f0c44792c74c65","name":"Encontra Vit\u00f3ria","image":{"@type":"ImageObject","inLanguage":"pt-BR","@id":"https:\/\/secure.gravatar.com\/avatar\/c50c17820bcf322f0a8fd6b110b8c0918141409dc69076470f6fca5fee70a5d4?s=96&d=mm&r=g","url":"https:\/\/secure.gravatar.com\/avatar\/c50c17820bcf322f0a8fd6b110b8c0918141409dc69076470f6fca5fee70a5d4?s=96&d=mm&r=g","contentUrl":"https:\/\/secure.gravatar.com\/avatar\/c50c17820bcf322f0a8fd6b110b8c0918141409dc69076470f6fca5fee70a5d4?s=96&d=mm&r=g","caption":"Encontra Vit\u00f3ria"},"url":"https:\/\/www.encontravitoria.com.br\/guia\/author\/encontravitoria\/"}]}},"_links":{"self":[{"href":"https:\/\/www.encontravitoria.com.br\/guia\/wp-json\/wp\/v2\/posts\/7756","targetHints":{"allow":["GET"]}}],"collection":[{"href":"https:\/\/www.encontravitoria.com.br\/guia\/wp-json\/wp\/v2\/posts"}],"about":[{"href":"https:\/\/www.encontravitoria.com.br\/guia\/wp-json\/wp\/v2\/types\/post"}],"author":[{"embeddable":true,"href":"https:\/\/www.encontravitoria.com.br\/guia\/wp-json\/wp\/v2\/users\/1"}],"replies":[{"embeddable":true,"href":"https:\/\/www.encontravitoria.com.br\/guia\/wp-json\/wp\/v2\/comments?post=7756"}],"version-history":[{"count":0,"href":"https:\/\/www.encontravitoria.com.br\/guia\/wp-json\/wp\/v2\/posts\/7756\/revisions"}],"wp:attachment":[{"href":"https:\/\/www.encontravitoria.com.br\/guia\/wp-json\/wp\/v2\/media?parent=7756"}],"wp:term":[{"taxonomy":"category","embeddable":true,"href":"https:\/\/www.encontravitoria.com.br\/guia\/wp-json\/wp\/v2\/categories?post=7756"},{"taxonomy":"post_tag","embeddable":true,"href":"https:\/\/www.encontravitoria.com.br\/guia\/wp-json\/wp\/v2\/tags?post=7756"}],"curies":[{"name":"wp","href":"https:\/\/api.w.org\/{rel}","templated":true}]}}