{"id":7778,"date":"2026-03-26T04:38:28","date_gmt":"2026-03-26T07:38:28","guid":{"rendered":"https:\/\/www.encontravitoria.com.br\/guia\/vitoria-inicia-campanha-de-vacinacao-contra-a-gripe-no-sabado-28\/"},"modified":"2026-03-26T04:38:28","modified_gmt":"2026-03-26T07:38:28","slug":"vitoria-inicia-campanha-de-vacinacao-contra-a-gripe-no-sabado-28","status":"publish","type":"post","link":"https:\/\/www.encontravitoria.com.br\/guia\/vitoria-inicia-campanha-de-vacinacao-contra-a-gripe-no-sabado-28\/","title":{"rendered":"Vit\u00f3ria inicia campanha de vacina\u00e7\u00e3o contra a Gripe no s\u00e1bado (28)"},"content":{"rendered":"<h2>Por Que a Conex\u00e3o \u00e9 Importante?<\/h2>\n<p>A conex\u00e3o \u00e0 internet \u00e9 fundamental no nosso dia a dia, facilitando a comunica\u00e7\u00e3o, o acesso \u00e0 informa\u00e7\u00e3o e at\u00e9 mesmo o trabalho remoto. Um sinal de internet est\u00e1vel e confi\u00e1vel \u00e9 essencial para realizar tarefas cotidianas, como streaming de v\u00eddeos, jogos online e videoconfer\u00eancias. Quando h\u00e1 problemas de conectividade, podemos enfrentar diversos obst\u00e1culos, afetando assim a produtividade e a experi\u00eancia do usu\u00e1rio.<\/p>\n<h2>Sinais de Que Voc\u00ea Tem um Problema de Conex\u00e3o<\/h2>\n<p>Existem v\u00e1rios sintomas que podem indicar que sua conex\u00e3o com a internet n\u00e3o est\u00e1 funcionando corretamente. Fique atento a:<\/p>\n<ul>\n<li><strong>Carregamento Lento:<\/strong> P\u00e1ginas que demoram para abrir ou v\u00eddeos que travam.<\/li>\n<li><strong>Desconex\u00e3o Frequente:<\/strong> Perdas de conex\u00e3o intermitentes que afetam o uso.<\/li>\n<li><strong>Erro de Conex\u00e3o:<\/strong> Mensagens como \u201cEssa p\u00e1gina n\u00e3o pode ser acessada\u201d ou \u201cConex\u00e3o foi redefinida\u201d.<\/li>\n<li><strong>Problemas em V\u00e1rios Dispositivos:<\/strong> Mais de um dispositivo apresentando as mesmas dificuldades.<\/li>\n<\/ul>\n<h2>Verificando Seus Dispositivos de Rede<\/h2>\n<p>Antes de tomar outras medidas, comece a verifica\u00e7\u00e3o pelos seus dispositivos de rede. Aqui est\u00e3o algumas dicas pr\u00e1ticas:<\/p>\n<p><img decoding=\"async\" src=\"https:\/\/www.encontravitoria.com.br\/guia\/wp-content\/uploads\/2026\/03\/vitoria-inicia-campanha-de-vacinacao-contra-a-gripe-no-sabado-28.webp\" alt=\"problemas de conex\u00e3o\" loading=\"lazy\" \/><\/p>\n<ul>\n<li><strong>Desconectar e Reconectar:<\/strong> Desligue e ligue os dispositivos que voc\u00ea est\u00e1 utilizando, como computadores, smartphones e tablets.<\/li>\n<li><strong>Verifique os Cabos:<\/strong> Certifique-se de que todos os cabos de rede est\u00e3o devidamente conectados e sem avarias vis\u00edveis.<\/li>\n<li><strong>Teste em Outros Dispositivos:<\/strong> Veja se a conex\u00e3o apresenta problemas tamb\u00e9m em outros aparelhos para identificar onde est\u00e1 o erro.<\/li>\n<\/ul>\n<h2>Dicas para Reboot de Roteadores e Modems<\/h2>\n<p>Reiniciar seu roteador ou modem pode resolver muitos problemas de conex\u00e3o. Veja como fazer isso de forma eficaz:<\/p>\n<ol>\n<li><strong>Desligue o Dispositivo:<\/strong> Pressione o bot\u00e3o de desligar ou desconecte da tomada.<\/li>\n<li><strong>Aguarde:<\/strong> Espere pelo menos 30 segundos antes de ligar novamente.<\/li>\n<li><strong>Reconecte:<\/strong> Ligue o dispositivo e aguarde ele reiniciar completamente antes de testar a conex\u00e3o.<\/li>\n<\/ol>\n<h2>Configurando o Firewall para Acesso \u00e0 Rede<\/h2>\n<p>O firewall pode bloquear o acesso \u00e0 rede. Para garantir que isso n\u00e3o ocorra, fa\u00e7a o seguinte:<\/p>\n<ul>\n<li><strong>Acesse as Configura\u00e7\u00f5es de Seguran\u00e7a:<\/strong> Entre nas configura\u00e7\u00f5es do seu sistema operacional.<\/li>\n<li><strong>Permiss\u00f5es de Acesso:<\/strong> Verifique se o Chrome e outros navegadores est\u00e3o autorizados a acessar a rede.<\/li>\n<li><strong>Reconfigura\u00e7\u00e3o:<\/strong> Se necess\u00e1rio, remova o Chrome da lista de aplicativos permitidos e adicione-o novamente.<\/li>\n<\/ul>\n<h2>Como Ajustar Configura\u00e7\u00f5es de Proxy<\/h2>\n<p>Se voc\u00ea utiliza um servidor proxy, \u00e9 essencial configurar corretamente suas defini\u00e7\u00f5es:<\/p>\n<ol>\n<li><strong>Abrir Configura\u00e7\u00f5es do Chrome:<\/strong> V\u00e1 para o menu do Chrome e selecione <em>Configura\u00e7\u00f5es<\/em>.<\/li>\n<li><strong>Acesse o Sistema:<\/strong> Na parte inferior, clique em <em>Avan\u00e7ado<\/em>, e em seguida, v\u00e1 para <em>Sistema<\/em>.<\/li>\n<li><strong>Configura\u00e7\u00f5es de Proxy:<\/strong> Clique em <em>Abrir configura\u00e7\u00f5es de proxy do computador<\/em> e verifique se a configura\u00e7\u00e3o est\u00e1 definida para &#8220;sem proxy&#8221; ou &#8220;direto&#8221;.<\/li>\n<\/ol>\n<h2>Quando Pedir Ajuda T\u00e9cnica<\/h2>\n<p>Se mesmo ap\u00f3s seguir as medidas acima o problema persistir, pode ser hora de buscar ajuda t\u00e9cnica. Considere entrar em contato:<\/p>\n<ul>\n<li><strong>Seu Provedor de Internet:<\/strong> Reporte o problema e pe\u00e7a assist\u00eancia para checagem de falhas na linha.<\/li>\n<li><strong>T\u00e9cnico em Rede:<\/strong> Um profissional pode diagnosticar e resolver problemas mais complexos.<\/li>\n<\/ul>\n<h2>A Import\u00e2ncia de Testes de Conex\u00e3o Regulares<\/h2>\n<p>Realizar testes de conex\u00e3o de maneira regular \u00e9 uma pr\u00e1tica recomend\u00e1vel. Isso pode ajudar a identificar problemas antes que se tornem mais graves. Utilize ferramentas como:<\/p>\n<ul>\n<li><strong>Speedtest.net:<\/strong> Para medir a velocidade da sua conex\u00e3o.<\/li>\n<li><strong>PingTest:<\/strong> Para verificar a lat\u00eancia e estabilidade da conex\u00e3o.<\/li>\n<\/ul>\n<h2>Alternativas para Conex\u00e3o na Falta de Internet<\/h2>\n<p>Se sua conex\u00e3o com a internet estiver fora do ar, considere usar alternativas tempor\u00e1rias:<\/p>\n<ul>\n<li><strong>Dados M\u00f3veis:<\/strong> Use o plano de dados do seu celular como hotspot.<\/li>\n<li><strong>Wi-Fi P\u00fablico:<\/strong> Se dispon\u00edvel, conecte-se a redes Wi-Fi abertas.<\/li>\n<li><strong>Fazer Uso de Redes de Amigos ou Familiares:<\/strong> Pergunte se algu\u00e9m pr\u00f3ximo pode compartilhar a conex\u00e3o com voc\u00ea.<\/li>\n<\/ul>\n<h2>Recursos Online para Solu\u00e7\u00e3o de Problemas<\/h2>\n<p>Existem diversos recursos online que podem ajud\u00e1-lo a resolver problemas de conex\u00e3o. Aqui est\u00e3o algumas sugest\u00f5es:<\/p>\n<ul>\n<li><strong>F\u00f3runs T\u00e9cnicos:<\/strong> Sites como Reddit e Stack Overflow s\u00e3o \u00f3timos para buscar respostas para problemas comuns.<\/li>\n<li><strong>Guias de Solu\u00e7\u00e3o de Problemas:<\/strong> O site do seu provedor pode ter uma se\u00e7\u00e3o dedicada a problemas frequentes.<\/li>\n<li><strong>V\u00eddeos Tutoriais:<\/strong> O YouTube possui uma enorme quantidade de v\u00eddeos referentes a dicas de troubleshooting que podem auxiliar bastante.<\/li>\n<\/ul>\n","protected":false},"excerpt":{"rendered":"<p>Aprenda a solucionar problemas de conex\u00e3o com nossas dicas eficazes.<\/p>\n","protected":false},"author":1,"featured_media":7777,"comment_status":"open","ping_status":"open","sticky":false,"template":"","format":"standard","meta":{"footnotes":""},"categories":[5],"tags":[],"class_list":["post-7778","post","type-post","status-publish","format-standard","has-post-thumbnail","hentry","category-noticias","has_thumb"],"yoast_head":"<!-- This site is optimized with the Yoast SEO plugin v27.9 - https:\/\/yoast.com\/product\/yoast-seo-wordpress\/ -->\n<title>Vit\u00f3ria inicia campanha de vacina\u00e7\u00e3o contra a Gripe no s\u00e1bado (28) | Guia Comercial de Vit\u00f3ria ES<\/title>\n<meta name=\"robots\" content=\"index, follow, max-snippet:-1, max-image-preview:large, max-video-preview:-1\" \/>\n<link rel=\"canonical\" href=\"https:\/\/www.encontravitoria.com.br\/guia\/vitoria-inicia-campanha-de-vacinacao-contra-a-gripe-no-sabado-28\/\" \/>\n<meta property=\"og:locale\" content=\"pt_BR\" \/>\n<meta property=\"og:type\" content=\"article\" \/>\n<meta property=\"og:title\" content=\"Vit\u00f3ria inicia campanha de vacina\u00e7\u00e3o contra a Gripe no s\u00e1bado (28) | Guia Comercial de Vit\u00f3ria ES\" \/>\n<meta property=\"og:description\" content=\"Aprenda a solucionar problemas de conex\u00e3o com nossas dicas eficazes.\" \/>\n<meta property=\"og:url\" content=\"https:\/\/www.encontravitoria.com.br\/guia\/vitoria-inicia-campanha-de-vacinacao-contra-a-gripe-no-sabado-28\/\" \/>\n<meta property=\"og:site_name\" content=\"Guia Comercial de Vit\u00f3ria ES\" \/>\n<meta property=\"article:published_time\" content=\"2026-03-26T07:38:28+00:00\" \/>\n<meta property=\"og:image\" content=\"https:\/\/www.encontravitoria.com.br\/guia\/wp-content\/uploads\/2026\/03\/vitoria-inicia-campanha-de-vacinacao-contra-a-gripe-no-sabado-28.webp\" \/>\n<meta name=\"author\" content=\"Encontra Vit\u00f3ria\" \/>\n<meta name=\"twitter:card\" content=\"summary_large_image\" \/>\n<meta name=\"twitter:label1\" content=\"Escrito por\" \/>\n\t<meta name=\"twitter:data1\" content=\"Encontra Vit\u00f3ria\" \/>\n\t<meta name=\"twitter:label2\" content=\"Est. tempo de leitura\" \/>\n\t<meta name=\"twitter:data2\" content=\"4 minutos\" \/>\n<script type=\"application\/ld+json\" class=\"yoast-schema-graph\">{\"@context\":\"https:\\\/\\\/schema.org\",\"@graph\":[{\"@type\":\"Article\",\"@id\":\"https:\\\/\\\/www.encontravitoria.com.br\\\/guia\\\/vitoria-inicia-campanha-de-vacinacao-contra-a-gripe-no-sabado-28\\\/#article\",\"isPartOf\":{\"@id\":\"https:\\\/\\\/www.encontravitoria.com.br\\\/guia\\\/vitoria-inicia-campanha-de-vacinacao-contra-a-gripe-no-sabado-28\\\/\"},\"author\":{\"name\":\"Encontra Vit\u00f3ria\",\"@id\":\"https:\\\/\\\/www.encontravitoria.com.br\\\/guia\\\/#\\\/schema\\\/person\\\/e5c86e2a8d5a2a0333f0c44792c74c65\"},\"headline\":\"Vit\u00f3ria inicia campanha de vacina\u00e7\u00e3o contra a Gripe no s\u00e1bado (28)\",\"datePublished\":\"2026-03-26T07:38:28+00:00\",\"mainEntityOfPage\":{\"@id\":\"https:\\\/\\\/www.encontravitoria.com.br\\\/guia\\\/vitoria-inicia-campanha-de-vacinacao-contra-a-gripe-no-sabado-28\\\/\"},\"wordCount\":746,\"commentCount\":0,\"image\":{\"@id\":\"https:\\\/\\\/www.encontravitoria.com.br\\\/guia\\\/vitoria-inicia-campanha-de-vacinacao-contra-a-gripe-no-sabado-28\\\/#primaryimage\"},\"thumbnailUrl\":\"https:\\\/\\\/www.encontravitoria.com.br\\\/guia\\\/wp-content\\\/uploads\\\/2026\\\/03\\\/vitoria-inicia-campanha-de-vacinacao-contra-a-gripe-no-sabado-28.webp\",\"articleSection\":[\"Not\u00edcias Vit\u00f3ria\"],\"inLanguage\":\"pt-BR\",\"potentialAction\":[{\"@type\":\"CommentAction\",\"name\":\"Comment\",\"target\":[\"https:\\\/\\\/www.encontravitoria.com.br\\\/guia\\\/vitoria-inicia-campanha-de-vacinacao-contra-a-gripe-no-sabado-28\\\/#respond\"]}]},{\"@type\":\"WebPage\",\"@id\":\"https:\\\/\\\/www.encontravitoria.com.br\\\/guia\\\/vitoria-inicia-campanha-de-vacinacao-contra-a-gripe-no-sabado-28\\\/\",\"url\":\"https:\\\/\\\/www.encontravitoria.com.br\\\/guia\\\/vitoria-inicia-campanha-de-vacinacao-contra-a-gripe-no-sabado-28\\\/\",\"name\":\"Vit\u00f3ria inicia campanha de vacina\u00e7\u00e3o contra a Gripe no s\u00e1bado (28) | Guia Comercial de Vit\u00f3ria ES\",\"isPartOf\":{\"@id\":\"https:\\\/\\\/www.encontravitoria.com.br\\\/guia\\\/#website\"},\"primaryImageOfPage\":{\"@id\":\"https:\\\/\\\/www.encontravitoria.com.br\\\/guia\\\/vitoria-inicia-campanha-de-vacinacao-contra-a-gripe-no-sabado-28\\\/#primaryimage\"},\"image\":{\"@id\":\"https:\\\/\\\/www.encontravitoria.com.br\\\/guia\\\/vitoria-inicia-campanha-de-vacinacao-contra-a-gripe-no-sabado-28\\\/#primaryimage\"},\"thumbnailUrl\":\"https:\\\/\\\/www.encontravitoria.com.br\\\/guia\\\/wp-content\\\/uploads\\\/2026\\\/03\\\/vitoria-inicia-campanha-de-vacinacao-contra-a-gripe-no-sabado-28.webp\",\"datePublished\":\"2026-03-26T07:38:28+00:00\",\"author\":{\"@id\":\"https:\\\/\\\/www.encontravitoria.com.br\\\/guia\\\/#\\\/schema\\\/person\\\/e5c86e2a8d5a2a0333f0c44792c74c65\"},\"inLanguage\":\"pt-BR\",\"potentialAction\":[{\"@type\":\"ReadAction\",\"target\":[\"https:\\\/\\\/www.encontravitoria.com.br\\\/guia\\\/vitoria-inicia-campanha-de-vacinacao-contra-a-gripe-no-sabado-28\\\/\"]}]},{\"@type\":\"ImageObject\",\"inLanguage\":\"pt-BR\",\"@id\":\"https:\\\/\\\/www.encontravitoria.com.br\\\/guia\\\/vitoria-inicia-campanha-de-vacinacao-contra-a-gripe-no-sabado-28\\\/#primaryimage\",\"url\":\"https:\\\/\\\/www.encontravitoria.com.br\\\/guia\\\/wp-content\\\/uploads\\\/2026\\\/03\\\/vitoria-inicia-campanha-de-vacinacao-contra-a-gripe-no-sabado-28.webp\",\"contentUrl\":\"https:\\\/\\\/www.encontravitoria.com.br\\\/guia\\\/wp-content\\\/uploads\\\/2026\\\/03\\\/vitoria-inicia-campanha-de-vacinacao-contra-a-gripe-no-sabado-28.webp\",\"width\":280,\"height\":280,\"caption\":\"problemas de conex\u00e3o\"},{\"@type\":\"WebSite\",\"@id\":\"https:\\\/\\\/www.encontravitoria.com.br\\\/guia\\\/#website\",\"url\":\"https:\\\/\\\/www.encontravitoria.com.br\\\/guia\\\/\",\"name\":\"Guia Comercial de Vit\u00f3ria ES\",\"description\":\"ENCONTRA VIT\u00d3RIA - O guia comercial de neg\u00f3cios e empresas, cultura e divers\u00e3o na cidade de Vit\u00f3ria. Feito 100% para voc\u00ea morador!\",\"potentialAction\":[{\"@type\":\"SearchAction\",\"target\":{\"@type\":\"EntryPoint\",\"urlTemplate\":\"https:\\\/\\\/www.encontravitoria.com.br\\\/guia\\\/?s={search_term_string}\"},\"query-input\":{\"@type\":\"PropertyValueSpecification\",\"valueRequired\":true,\"valueName\":\"search_term_string\"}}],\"inLanguage\":\"pt-BR\"},{\"@type\":\"Person\",\"@id\":\"https:\\\/\\\/www.encontravitoria.com.br\\\/guia\\\/#\\\/schema\\\/person\\\/e5c86e2a8d5a2a0333f0c44792c74c65\",\"name\":\"Encontra Vit\u00f3ria\",\"image\":{\"@type\":\"ImageObject\",\"inLanguage\":\"pt-BR\",\"@id\":\"https:\\\/\\\/secure.gravatar.com\\\/avatar\\\/c50c17820bcf322f0a8fd6b110b8c0918141409dc69076470f6fca5fee70a5d4?s=96&d=mm&r=g\",\"url\":\"https:\\\/\\\/secure.gravatar.com\\\/avatar\\\/c50c17820bcf322f0a8fd6b110b8c0918141409dc69076470f6fca5fee70a5d4?s=96&d=mm&r=g\",\"contentUrl\":\"https:\\\/\\\/secure.gravatar.com\\\/avatar\\\/c50c17820bcf322f0a8fd6b110b8c0918141409dc69076470f6fca5fee70a5d4?s=96&d=mm&r=g\",\"caption\":\"Encontra Vit\u00f3ria\"},\"url\":\"https:\\\/\\\/www.encontravitoria.com.br\\\/guia\\\/author\\\/encontravitoria\\\/\"}]}<\/script>\n<!-- \/ Yoast SEO plugin. -->","yoast_head_json":{"title":"Vit\u00f3ria inicia campanha de vacina\u00e7\u00e3o contra a Gripe no s\u00e1bado (28) | Guia Comercial de Vit\u00f3ria ES","robots":{"index":"index","follow":"follow","max-snippet":"max-snippet:-1","max-image-preview":"max-image-preview:large","max-video-preview":"max-video-preview:-1"},"canonical":"https:\/\/www.encontravitoria.com.br\/guia\/vitoria-inicia-campanha-de-vacinacao-contra-a-gripe-no-sabado-28\/","og_locale":"pt_BR","og_type":"article","og_title":"Vit\u00f3ria inicia campanha de vacina\u00e7\u00e3o contra a Gripe no s\u00e1bado (28) | Guia Comercial de Vit\u00f3ria ES","og_description":"Aprenda a solucionar problemas de conex\u00e3o com nossas dicas eficazes.","og_url":"https:\/\/www.encontravitoria.com.br\/guia\/vitoria-inicia-campanha-de-vacinacao-contra-a-gripe-no-sabado-28\/","og_site_name":"Guia Comercial de Vit\u00f3ria ES","article_published_time":"2026-03-26T07:38:28+00:00","og_image":[{"url":"https:\/\/www.encontravitoria.com.br\/guia\/wp-content\/uploads\/2026\/03\/vitoria-inicia-campanha-de-vacinacao-contra-a-gripe-no-sabado-28.webp","type":"","width":"","height":""}],"author":"Encontra Vit\u00f3ria","twitter_card":"summary_large_image","twitter_misc":{"Escrito por":"Encontra Vit\u00f3ria","Est. tempo de leitura":"4 minutos"},"schema":{"@context":"https:\/\/schema.org","@graph":[{"@type":"Article","@id":"https:\/\/www.encontravitoria.com.br\/guia\/vitoria-inicia-campanha-de-vacinacao-contra-a-gripe-no-sabado-28\/#article","isPartOf":{"@id":"https:\/\/www.encontravitoria.com.br\/guia\/vitoria-inicia-campanha-de-vacinacao-contra-a-gripe-no-sabado-28\/"},"author":{"name":"Encontra Vit\u00f3ria","@id":"https:\/\/www.encontravitoria.com.br\/guia\/#\/schema\/person\/e5c86e2a8d5a2a0333f0c44792c74c65"},"headline":"Vit\u00f3ria inicia campanha de vacina\u00e7\u00e3o contra a Gripe no s\u00e1bado (28)","datePublished":"2026-03-26T07:38:28+00:00","mainEntityOfPage":{"@id":"https:\/\/www.encontravitoria.com.br\/guia\/vitoria-inicia-campanha-de-vacinacao-contra-a-gripe-no-sabado-28\/"},"wordCount":746,"commentCount":0,"image":{"@id":"https:\/\/www.encontravitoria.com.br\/guia\/vitoria-inicia-campanha-de-vacinacao-contra-a-gripe-no-sabado-28\/#primaryimage"},"thumbnailUrl":"https:\/\/www.encontravitoria.com.br\/guia\/wp-content\/uploads\/2026\/03\/vitoria-inicia-campanha-de-vacinacao-contra-a-gripe-no-sabado-28.webp","articleSection":["Not\u00edcias Vit\u00f3ria"],"inLanguage":"pt-BR","potentialAction":[{"@type":"CommentAction","name":"Comment","target":["https:\/\/www.encontravitoria.com.br\/guia\/vitoria-inicia-campanha-de-vacinacao-contra-a-gripe-no-sabado-28\/#respond"]}]},{"@type":"WebPage","@id":"https:\/\/www.encontravitoria.com.br\/guia\/vitoria-inicia-campanha-de-vacinacao-contra-a-gripe-no-sabado-28\/","url":"https:\/\/www.encontravitoria.com.br\/guia\/vitoria-inicia-campanha-de-vacinacao-contra-a-gripe-no-sabado-28\/","name":"Vit\u00f3ria inicia campanha de vacina\u00e7\u00e3o contra a Gripe no s\u00e1bado (28) | Guia Comercial de Vit\u00f3ria ES","isPartOf":{"@id":"https:\/\/www.encontravitoria.com.br\/guia\/#website"},"primaryImageOfPage":{"@id":"https:\/\/www.encontravitoria.com.br\/guia\/vitoria-inicia-campanha-de-vacinacao-contra-a-gripe-no-sabado-28\/#primaryimage"},"image":{"@id":"https:\/\/www.encontravitoria.com.br\/guia\/vitoria-inicia-campanha-de-vacinacao-contra-a-gripe-no-sabado-28\/#primaryimage"},"thumbnailUrl":"https:\/\/www.encontravitoria.com.br\/guia\/wp-content\/uploads\/2026\/03\/vitoria-inicia-campanha-de-vacinacao-contra-a-gripe-no-sabado-28.webp","datePublished":"2026-03-26T07:38:28+00:00","author":{"@id":"https:\/\/www.encontravitoria.com.br\/guia\/#\/schema\/person\/e5c86e2a8d5a2a0333f0c44792c74c65"},"inLanguage":"pt-BR","potentialAction":[{"@type":"ReadAction","target":["https:\/\/www.encontravitoria.com.br\/guia\/vitoria-inicia-campanha-de-vacinacao-contra-a-gripe-no-sabado-28\/"]}]},{"@type":"ImageObject","inLanguage":"pt-BR","@id":"https:\/\/www.encontravitoria.com.br\/guia\/vitoria-inicia-campanha-de-vacinacao-contra-a-gripe-no-sabado-28\/#primaryimage","url":"https:\/\/www.encontravitoria.com.br\/guia\/wp-content\/uploads\/2026\/03\/vitoria-inicia-campanha-de-vacinacao-contra-a-gripe-no-sabado-28.webp","contentUrl":"https:\/\/www.encontravitoria.com.br\/guia\/wp-content\/uploads\/2026\/03\/vitoria-inicia-campanha-de-vacinacao-contra-a-gripe-no-sabado-28.webp","width":280,"height":280,"caption":"problemas de conex\u00e3o"},{"@type":"WebSite","@id":"https:\/\/www.encontravitoria.com.br\/guia\/#website","url":"https:\/\/www.encontravitoria.com.br\/guia\/","name":"Guia Comercial de Vit\u00f3ria ES","description":"ENCONTRA VIT\u00d3RIA - O guia comercial de neg\u00f3cios e empresas, cultura e divers\u00e3o na cidade de Vit\u00f3ria. Feito 100% para voc\u00ea morador!","potentialAction":[{"@type":"SearchAction","target":{"@type":"EntryPoint","urlTemplate":"https:\/\/www.encontravitoria.com.br\/guia\/?s={search_term_string}"},"query-input":{"@type":"PropertyValueSpecification","valueRequired":true,"valueName":"search_term_string"}}],"inLanguage":"pt-BR"},{"@type":"Person","@id":"https:\/\/www.encontravitoria.com.br\/guia\/#\/schema\/person\/e5c86e2a8d5a2a0333f0c44792c74c65","name":"Encontra Vit\u00f3ria","image":{"@type":"ImageObject","inLanguage":"pt-BR","@id":"https:\/\/secure.gravatar.com\/avatar\/c50c17820bcf322f0a8fd6b110b8c0918141409dc69076470f6fca5fee70a5d4?s=96&d=mm&r=g","url":"https:\/\/secure.gravatar.com\/avatar\/c50c17820bcf322f0a8fd6b110b8c0918141409dc69076470f6fca5fee70a5d4?s=96&d=mm&r=g","contentUrl":"https:\/\/secure.gravatar.com\/avatar\/c50c17820bcf322f0a8fd6b110b8c0918141409dc69076470f6fca5fee70a5d4?s=96&d=mm&r=g","caption":"Encontra Vit\u00f3ria"},"url":"https:\/\/www.encontravitoria.com.br\/guia\/author\/encontravitoria\/"}]}},"_links":{"self":[{"href":"https:\/\/www.encontravitoria.com.br\/guia\/wp-json\/wp\/v2\/posts\/7778","targetHints":{"allow":["GET"]}}],"collection":[{"href":"https:\/\/www.encontravitoria.com.br\/guia\/wp-json\/wp\/v2\/posts"}],"about":[{"href":"https:\/\/www.encontravitoria.com.br\/guia\/wp-json\/wp\/v2\/types\/post"}],"author":[{"embeddable":true,"href":"https:\/\/www.encontravitoria.com.br\/guia\/wp-json\/wp\/v2\/users\/1"}],"replies":[{"embeddable":true,"href":"https:\/\/www.encontravitoria.com.br\/guia\/wp-json\/wp\/v2\/comments?post=7778"}],"version-history":[{"count":0,"href":"https:\/\/www.encontravitoria.com.br\/guia\/wp-json\/wp\/v2\/posts\/7778\/revisions"}],"wp:featuredmedia":[{"embeddable":true,"href":"https:\/\/www.encontravitoria.com.br\/guia\/wp-json\/wp\/v2\/media\/7777"}],"wp:attachment":[{"href":"https:\/\/www.encontravitoria.com.br\/guia\/wp-json\/wp\/v2\/media?parent=7778"}],"wp:term":[{"taxonomy":"category","embeddable":true,"href":"https:\/\/www.encontravitoria.com.br\/guia\/wp-json\/wp\/v2\/categories?post=7778"},{"taxonomy":"post_tag","embeddable":true,"href":"https:\/\/www.encontravitoria.com.br\/guia\/wp-json\/wp\/v2\/tags?post=7778"}],"curies":[{"name":"wp","href":"https:\/\/api.w.org\/{rel}","templated":true}]}}