{"id":7780,"date":"2026-03-26T04:39:55","date_gmt":"2026-03-26T07:39:55","guid":{"rendered":"https:\/\/www.encontravitoria.com.br\/guia\/tempo-fecha-na-grande-vitoria-e-es-segue-com-dois-alerta-para-chuvas\/"},"modified":"2026-03-26T04:39:55","modified_gmt":"2026-03-26T07:39:55","slug":"tempo-fecha-na-grande-vitoria-e-es-segue-com-dois-alerta-para-chuvas","status":"publish","type":"post","link":"https:\/\/www.encontravitoria.com.br\/guia\/tempo-fecha-na-grande-vitoria-e-es-segue-com-dois-alerta-para-chuvas\/","title":{"rendered":"Tempo fecha na Grande Vit\u00f3ria e ES segue com dois alerta para chuvas"},"content":{"rendered":"<h2>**Alerta do Inmet para chuvas intensas**<\/h2>\n<p>Neste amanhecer na **Grande Vit\u00f3ria** e em v\u00e1rias localidades do Esp\u00edrito Santo, o clima se apresenta nublado e a popula\u00e7\u00e3o j\u00e1 est\u00e1 experimentando chuvas em diversos munic\u00edpios. O **Instituto Nacional de Meteorologia (Inmet)** foi acionado e emitiu alertas para chuvas intensas, confirmando que o estado se mant\u00e9m em estado de aten\u00e7\u00e3o devido \u00e0s condi\u00e7\u00f5es clim\u00e1ticas adversas.<\/p>\n<p>O aviso de **alerta laranja** permanece ativo at\u00e9 \u00e0s 10h desta sexta-feira (20) e abranger\u00e1 cerca de **20 cidades da regi\u00e3o Sul** do estado. As previs\u00f5es indicam a possibilidade de chuvas acentuadas, variando de 30 a 60 mm\/h, com um total di\u00e1rio que pode atingir de 50 a 100 mm, al\u00e9m de ventos com intensidade entre 60 e 100 km\/h. H\u00e1 riscos associados, como interrup\u00e7\u00f5es no fornecimento de energia el\u00e9trica, quedas de galhos de \u00e1rvores e alagamentos.<\/p>\n<h2>**Impactos esperados nas cidades**<\/h2>\n<p>A previs\u00e3o de fortes chuvas e ventos pode trazer diversos impactos negativos para a popula\u00e7\u00e3o. Entre eles, destacam-se:<\/p>\n<p><img decoding=\"async\" src=\"https:\/\/www.encontravitoria.com.br\/guia\/wp-content\/uploads\/2026\/03\/tempo-fecha-na-grande-vitoria-e-es-segue-com-dois-alerta-para-chuvas.webp\" alt=\"chuvas intenas na Grande Vit\u00f3ria\" loading=\"lazy\" \/><\/p>\n<ul>\n<li><strong>Interrup\u00e7\u00f5es no fornecimento de energia el\u00e9trica<\/strong> devido a quedas de \u00e1rvores ou danos aos cabos el\u00e9tricos.<\/li>\n<li><strong>Alagamentos<\/strong>, que podem afetar n\u00e3o apenas o transporte, mas tamb\u00e9m causar destrui\u00e7\u00e3o em resid\u00eancias e com\u00e9rcios.<\/li>\n<li><strong>Possibilidade de descargas el\u00e9tricas<\/strong>, aumentando os danos e riscos \u00e0 seguran\u00e7a da popula\u00e7\u00e3o.<\/li>\n<\/ul>\n<h2>**Quais os munic\u00edpios em alerta?**<\/h2>\n<p>Os munic\u00edpios que se encontram sob alerta de chuvas intensas incluem:<\/p>\n<ol>\n<li>Afonso Cl\u00e1udio<\/li>\n<li>Alegre<\/li>\n<li>Apiac\u00e1<\/li>\n<li>Bom Jesus do Norte<\/li>\n<li>Brejetuba<\/li>\n<li>Cachoeiro de Itapemirim<\/li>\n<li>Castelo<\/li>\n<li>Concei\u00e7\u00e3o do Castelo<\/li>\n<li>Divino de S\u00e3o Louren\u00e7o<\/li>\n<li>Dores do Rio Preto<\/li>\n<li>Gua\u00e7u\u00ed<\/li>\n<li>Ibatiba<\/li>\n<li>Ibitirama<\/li>\n<li>Irupi<\/li>\n<li>I\u00fana<\/li>\n<li>Jer\u00f4nimo Monteiro<\/li>\n<li>Mimoso do Sul<\/li>\n<li>Muniz Freire<\/li>\n<li>Muqui<\/li>\n<li>S\u00e3o Jos\u00e9 do Cal\u00e7ado<\/li>\n<\/ol>\n<h2>**Previs\u00e3o do tempo para esta semana**<\/h2>\n<p>A previs\u00e3o meteorol\u00f3gica para os pr\u00f3ximos dias continuar\u00e1 indicando a possibilidade de chuvas. Para o final de semana, espera-se que as condi\u00e7\u00f5es clim\u00e1ticas apresentem varia\u00e7\u00e3o. Detalhes incluem:<\/p>\n<h3>**Quinta-feira (19)**<\/h3>\n<p>No \u00faltimo dia do ver\u00e3o no Hemisf\u00e9rio Sul, o c\u00e9u deve estar claro at\u00e9 o meio da manh\u00e3. Contudo, \u00e0 tarde, o aumento da umidade e do calor pode causar instabilidades, trazendo chuvas e trovoadas, principalmente nas regi\u00f5es Sul, Serrana e Noroeste. \u00c0 noite, essas instabilidades se expandem para o litoral.<\/p>\n<h3>**Sexta-feira (20)**<\/h3>\n<p>Com o in\u00edcio do outono, a manh\u00e3 ser\u00e1 marcada por poucas nuvens, mas \u00e0 tarde, as pancadas de chuva com trovoadas podem ocorrer nas mesmas regi\u00f5es mencionadas anteriormente, chegando na Grande Vit\u00f3ria ao fim do dia.<\/p>\n<h3>**S\u00e1bado (21)**<\/h3>\n<p>A previs\u00e3o \u00e9 que o dia comece com sol, mas a partir da tarde, as chuvas voltar\u00e3o a se intensificar, atingindo o litoral e o interior do estado \u00e0 noite.<\/p>\n<h3>**Domingo (22)**<\/h3>\n<p>Os predom\u00ednios de sol tamb\u00e9m s\u00e3o esperados na manh\u00e3 de hoje. No entanto, \u00e0 tarde, novas chuvas com potenciais trovoadas devem afetar todo o estado, com temperaturas mantendo-se est\u00e1veis e ventos mais fracos.<\/p>\n<h2>**Medidas de seguran\u00e7a em caso de chuva forte**<\/h2>\n<p>\u00c9 fundamental que as pessoas adotem algumas medidas de seguran\u00e7a para se proteger durante per\u00edodos de chuvas intensas:<\/p>\n<ul>\n<li><strong>Evitar sair de casa:<\/strong> Principalmente em hor\u00e1rios de tempestades fortes.<\/li>\n<li><strong>Manter-se afastado de janelas:<\/strong> Para evitar ferimentos com poss\u00edveis estilha\u00e7os de vidro em caso de ventos fortes.<\/li>\n<li><strong>Desconectar aparelhos eletr\u00f4nicos:<\/strong> Para evitar danos causados por picos de energia el\u00e9trica.<\/li>\n<li><strong>Utilizar lanternas:<\/strong> Para se deslocar caso ocorra falta de energia.<\/li>\n<\/ul>\n<h2>**Hist\u00f3rico de chuvas na Grande Vit\u00f3ria**<\/h2>\n<p>A Grande Vit\u00f3ria tem um passado marcado por eventos de chuvas intensas que, em muitos casos, resultaram em danos significativos, como inunda\u00e7\u00f5es e desabrigados. Historicamente, v\u00e1rias cidades j\u00e1 enfrentaram desafios devido a tempestades, especialmente durante os per\u00edodos de ver\u00e3o, quando a incid\u00eancia de chuvas se torna mais frequente.<\/p>\n<h2>**Como se preparar para tempestades**<\/h2>\n<p>Preparar-se para tempestades \u00e9 essencial para reduzir riscos e garantir a seguran\u00e7a:<\/p>\n<ul>\n<li><strong>Conservar \u00e1gua e alimentos:<\/strong> Em caso de alagamentos, as pessoas devem garantir que tenham o suficiente para emerg\u00eancias.<\/li>\n<li><strong>Preparar um kit de emerg\u00eancia:<\/strong> O kit deve conter itens essenciais como rem\u00e9dios, \u00e1gua, alimentos n\u00e3o perec\u00edveis e lanternas.<\/li>\n<li><strong>Identificar rotas de fuga:<\/strong> Em locais propensos a alagamentos, \u00e9 importante saber para onde ir em caso de necessidade.<\/li>\n<\/ul>\n<h2>**O que fazer durante um alagamento**<\/h2>\n<p>Durante um alagamento, as a\u00e7\u00f5es que podem ser tomadas incluem:<\/p>\n<ul>\n<li><strong>Buscar locais altos:<\/strong> Se voc\u00ea estiver em um lugar que pode inundar rapidamente, dirija-se a \u00e1reas mais altas imediatamente.<\/li>\n<li><strong>Evitar atravessar \u00e1guas:<\/strong> Mesmo que pare\u00e7am rasas, as correntes podem ser trai\u00e7oeiras.<\/li>\n<li><strong>Usar r\u00e1dio ou internet:<\/strong> Para acompanhar as \u00faltimas informa\u00e7\u00f5es e alertas sobre as condi\u00e7\u00f5es meteorol\u00f3gicas.<\/li>\n<\/ul>\n<h2>**Informa\u00e7\u00f5es \u00fateis para moradores**<\/h2>\n<p>Os moradores da Grande Vit\u00f3ria devem manter-se atualizados sobre as previs\u00f5es e avisos meteorol\u00f3gicos, al\u00e9m de seguir orienta\u00e7\u00f5es das autoridades locais. \u00c9 importante conhecer os servi\u00e7os de emerg\u00eancia dispon\u00edveis e as rotas seguras para evitar \u00e1reas de risco durante as chuvas intensas.<\/p>\n<h2>**Recursos e contatos de emerg\u00eancia**<\/h2>\n<p>Em situa\u00e7\u00f5es de emerg\u00eancia, os cidad\u00e3os devem ter \u00e0 disposi\u00e7\u00e3o alguns contatos \u00fateis:<\/p>\n<ul>\n<li>**Corpo de Bombeiros:** 193<\/li>\n<li>**Defesa Civil:** 199<\/li>\n<li>**Pol\u00edcia Militar:** 190<\/li>\n<li>**Servi\u00e7o de Emerg\u00eancia:** 192<\/li>\n<\/ul>\n","protected":false},"excerpt":{"rendered":"<p>Chuvas fortes na Grande Vit\u00f3ria e alertas do Inmet para a regi\u00e3o.<\/p>\n","protected":false},"author":1,"featured_media":7779,"comment_status":"open","ping_status":"open","sticky":false,"template":"","format":"standard","meta":{"footnotes":""},"categories":[5],"tags":[],"class_list":["post-7780","post","type-post","status-publish","format-standard","has-post-thumbnail","hentry","category-noticias","has_thumb"],"yoast_head":"<!-- This site is optimized with the Yoast SEO plugin v27.9 - https:\/\/yoast.com\/product\/yoast-seo-wordpress\/ -->\n<title>Tempo fecha na Grande Vit\u00f3ria e ES segue com dois alerta para chuvas | Guia Comercial de Vit\u00f3ria ES<\/title>\n<meta name=\"robots\" content=\"index, follow, max-snippet:-1, max-image-preview:large, max-video-preview:-1\" \/>\n<link rel=\"canonical\" href=\"https:\/\/www.encontravitoria.com.br\/guia\/tempo-fecha-na-grande-vitoria-e-es-segue-com-dois-alerta-para-chuvas\/\" \/>\n<meta property=\"og:locale\" content=\"pt_BR\" \/>\n<meta property=\"og:type\" content=\"article\" \/>\n<meta property=\"og:title\" content=\"Tempo fecha na Grande Vit\u00f3ria e ES segue com dois alerta para chuvas | Guia Comercial de Vit\u00f3ria ES\" \/>\n<meta property=\"og:description\" content=\"Chuvas fortes na Grande Vit\u00f3ria e alertas do Inmet para a regi\u00e3o.\" \/>\n<meta property=\"og:url\" content=\"https:\/\/www.encontravitoria.com.br\/guia\/tempo-fecha-na-grande-vitoria-e-es-segue-com-dois-alerta-para-chuvas\/\" \/>\n<meta property=\"og:site_name\" content=\"Guia Comercial de Vit\u00f3ria ES\" \/>\n<meta property=\"article:published_time\" content=\"2026-03-26T07:39:55+00:00\" \/>\n<meta property=\"og:image\" content=\"https:\/\/www.encontravitoria.com.br\/guia\/wp-content\/uploads\/2026\/03\/tempo-fecha-na-grande-vitoria-e-es-segue-com-dois-alerta-para-chuvas.webp\" \/>\n<meta name=\"author\" content=\"Encontra Vit\u00f3ria\" \/>\n<meta name=\"twitter:card\" content=\"summary_large_image\" \/>\n<meta name=\"twitter:label1\" content=\"Escrito por\" \/>\n\t<meta name=\"twitter:data1\" content=\"Encontra Vit\u00f3ria\" \/>\n\t<meta name=\"twitter:label2\" content=\"Est. tempo de leitura\" \/>\n\t<meta name=\"twitter:data2\" content=\"4 minutos\" \/>\n<script type=\"application\/ld+json\" class=\"yoast-schema-graph\">{\"@context\":\"https:\\\/\\\/schema.org\",\"@graph\":[{\"@type\":\"Article\",\"@id\":\"https:\\\/\\\/www.encontravitoria.com.br\\\/guia\\\/tempo-fecha-na-grande-vitoria-e-es-segue-com-dois-alerta-para-chuvas\\\/#article\",\"isPartOf\":{\"@id\":\"https:\\\/\\\/www.encontravitoria.com.br\\\/guia\\\/tempo-fecha-na-grande-vitoria-e-es-segue-com-dois-alerta-para-chuvas\\\/\"},\"author\":{\"name\":\"Encontra Vit\u00f3ria\",\"@id\":\"https:\\\/\\\/www.encontravitoria.com.br\\\/guia\\\/#\\\/schema\\\/person\\\/e5c86e2a8d5a2a0333f0c44792c74c65\"},\"headline\":\"Tempo fecha na Grande Vit\u00f3ria e ES segue com dois alerta para chuvas\",\"datePublished\":\"2026-03-26T07:39:55+00:00\",\"mainEntityOfPage\":{\"@id\":\"https:\\\/\\\/www.encontravitoria.com.br\\\/guia\\\/tempo-fecha-na-grande-vitoria-e-es-segue-com-dois-alerta-para-chuvas\\\/\"},\"wordCount\":890,\"commentCount\":0,\"image\":{\"@id\":\"https:\\\/\\\/www.encontravitoria.com.br\\\/guia\\\/tempo-fecha-na-grande-vitoria-e-es-segue-com-dois-alerta-para-chuvas\\\/#primaryimage\"},\"thumbnailUrl\":\"https:\\\/\\\/www.encontravitoria.com.br\\\/guia\\\/wp-content\\\/uploads\\\/2026\\\/03\\\/tempo-fecha-na-grande-vitoria-e-es-segue-com-dois-alerta-para-chuvas.webp\",\"articleSection\":[\"Not\u00edcias Vit\u00f3ria\"],\"inLanguage\":\"pt-BR\",\"potentialAction\":[{\"@type\":\"CommentAction\",\"name\":\"Comment\",\"target\":[\"https:\\\/\\\/www.encontravitoria.com.br\\\/guia\\\/tempo-fecha-na-grande-vitoria-e-es-segue-com-dois-alerta-para-chuvas\\\/#respond\"]}]},{\"@type\":\"WebPage\",\"@id\":\"https:\\\/\\\/www.encontravitoria.com.br\\\/guia\\\/tempo-fecha-na-grande-vitoria-e-es-segue-com-dois-alerta-para-chuvas\\\/\",\"url\":\"https:\\\/\\\/www.encontravitoria.com.br\\\/guia\\\/tempo-fecha-na-grande-vitoria-e-es-segue-com-dois-alerta-para-chuvas\\\/\",\"name\":\"Tempo fecha na Grande Vit\u00f3ria e ES segue com dois alerta para chuvas | Guia Comercial de Vit\u00f3ria ES\",\"isPartOf\":{\"@id\":\"https:\\\/\\\/www.encontravitoria.com.br\\\/guia\\\/#website\"},\"primaryImageOfPage\":{\"@id\":\"https:\\\/\\\/www.encontravitoria.com.br\\\/guia\\\/tempo-fecha-na-grande-vitoria-e-es-segue-com-dois-alerta-para-chuvas\\\/#primaryimage\"},\"image\":{\"@id\":\"https:\\\/\\\/www.encontravitoria.com.br\\\/guia\\\/tempo-fecha-na-grande-vitoria-e-es-segue-com-dois-alerta-para-chuvas\\\/#primaryimage\"},\"thumbnailUrl\":\"https:\\\/\\\/www.encontravitoria.com.br\\\/guia\\\/wp-content\\\/uploads\\\/2026\\\/03\\\/tempo-fecha-na-grande-vitoria-e-es-segue-com-dois-alerta-para-chuvas.webp\",\"datePublished\":\"2026-03-26T07:39:55+00:00\",\"author\":{\"@id\":\"https:\\\/\\\/www.encontravitoria.com.br\\\/guia\\\/#\\\/schema\\\/person\\\/e5c86e2a8d5a2a0333f0c44792c74c65\"},\"inLanguage\":\"pt-BR\",\"potentialAction\":[{\"@type\":\"ReadAction\",\"target\":[\"https:\\\/\\\/www.encontravitoria.com.br\\\/guia\\\/tempo-fecha-na-grande-vitoria-e-es-segue-com-dois-alerta-para-chuvas\\\/\"]}]},{\"@type\":\"ImageObject\",\"inLanguage\":\"pt-BR\",\"@id\":\"https:\\\/\\\/www.encontravitoria.com.br\\\/guia\\\/tempo-fecha-na-grande-vitoria-e-es-segue-com-dois-alerta-para-chuvas\\\/#primaryimage\",\"url\":\"https:\\\/\\\/www.encontravitoria.com.br\\\/guia\\\/wp-content\\\/uploads\\\/2026\\\/03\\\/tempo-fecha-na-grande-vitoria-e-es-segue-com-dois-alerta-para-chuvas.webp\",\"contentUrl\":\"https:\\\/\\\/www.encontravitoria.com.br\\\/guia\\\/wp-content\\\/uploads\\\/2026\\\/03\\\/tempo-fecha-na-grande-vitoria-e-es-segue-com-dois-alerta-para-chuvas.webp\",\"width\":280,\"height\":280,\"caption\":\"chuvas intenas na Grande Vit\u00f3ria\"},{\"@type\":\"WebSite\",\"@id\":\"https:\\\/\\\/www.encontravitoria.com.br\\\/guia\\\/#website\",\"url\":\"https:\\\/\\\/www.encontravitoria.com.br\\\/guia\\\/\",\"name\":\"Guia Comercial de Vit\u00f3ria ES\",\"description\":\"ENCONTRA VIT\u00d3RIA - O guia comercial de neg\u00f3cios e empresas, cultura e divers\u00e3o na cidade de Vit\u00f3ria. Feito 100% para voc\u00ea morador!\",\"potentialAction\":[{\"@type\":\"SearchAction\",\"target\":{\"@type\":\"EntryPoint\",\"urlTemplate\":\"https:\\\/\\\/www.encontravitoria.com.br\\\/guia\\\/?s={search_term_string}\"},\"query-input\":{\"@type\":\"PropertyValueSpecification\",\"valueRequired\":true,\"valueName\":\"search_term_string\"}}],\"inLanguage\":\"pt-BR\"},{\"@type\":\"Person\",\"@id\":\"https:\\\/\\\/www.encontravitoria.com.br\\\/guia\\\/#\\\/schema\\\/person\\\/e5c86e2a8d5a2a0333f0c44792c74c65\",\"name\":\"Encontra Vit\u00f3ria\",\"image\":{\"@type\":\"ImageObject\",\"inLanguage\":\"pt-BR\",\"@id\":\"https:\\\/\\\/secure.gravatar.com\\\/avatar\\\/c50c17820bcf322f0a8fd6b110b8c0918141409dc69076470f6fca5fee70a5d4?s=96&d=mm&r=g\",\"url\":\"https:\\\/\\\/secure.gravatar.com\\\/avatar\\\/c50c17820bcf322f0a8fd6b110b8c0918141409dc69076470f6fca5fee70a5d4?s=96&d=mm&r=g\",\"contentUrl\":\"https:\\\/\\\/secure.gravatar.com\\\/avatar\\\/c50c17820bcf322f0a8fd6b110b8c0918141409dc69076470f6fca5fee70a5d4?s=96&d=mm&r=g\",\"caption\":\"Encontra Vit\u00f3ria\"},\"url\":\"https:\\\/\\\/www.encontravitoria.com.br\\\/guia\\\/author\\\/encontravitoria\\\/\"}]}<\/script>\n<!-- \/ Yoast SEO plugin. -->","yoast_head_json":{"title":"Tempo fecha na Grande Vit\u00f3ria e ES segue com dois alerta para chuvas | Guia Comercial de Vit\u00f3ria ES","robots":{"index":"index","follow":"follow","max-snippet":"max-snippet:-1","max-image-preview":"max-image-preview:large","max-video-preview":"max-video-preview:-1"},"canonical":"https:\/\/www.encontravitoria.com.br\/guia\/tempo-fecha-na-grande-vitoria-e-es-segue-com-dois-alerta-para-chuvas\/","og_locale":"pt_BR","og_type":"article","og_title":"Tempo fecha na Grande Vit\u00f3ria e ES segue com dois alerta para chuvas | Guia Comercial de Vit\u00f3ria ES","og_description":"Chuvas fortes na Grande Vit\u00f3ria e alertas do Inmet para a regi\u00e3o.","og_url":"https:\/\/www.encontravitoria.com.br\/guia\/tempo-fecha-na-grande-vitoria-e-es-segue-com-dois-alerta-para-chuvas\/","og_site_name":"Guia Comercial de Vit\u00f3ria ES","article_published_time":"2026-03-26T07:39:55+00:00","og_image":[{"url":"https:\/\/www.encontravitoria.com.br\/guia\/wp-content\/uploads\/2026\/03\/tempo-fecha-na-grande-vitoria-e-es-segue-com-dois-alerta-para-chuvas.webp","type":"","width":"","height":""}],"author":"Encontra Vit\u00f3ria","twitter_card":"summary_large_image","twitter_misc":{"Escrito por":"Encontra Vit\u00f3ria","Est. tempo de leitura":"4 minutos"},"schema":{"@context":"https:\/\/schema.org","@graph":[{"@type":"Article","@id":"https:\/\/www.encontravitoria.com.br\/guia\/tempo-fecha-na-grande-vitoria-e-es-segue-com-dois-alerta-para-chuvas\/#article","isPartOf":{"@id":"https:\/\/www.encontravitoria.com.br\/guia\/tempo-fecha-na-grande-vitoria-e-es-segue-com-dois-alerta-para-chuvas\/"},"author":{"name":"Encontra Vit\u00f3ria","@id":"https:\/\/www.encontravitoria.com.br\/guia\/#\/schema\/person\/e5c86e2a8d5a2a0333f0c44792c74c65"},"headline":"Tempo fecha na Grande Vit\u00f3ria e ES segue com dois alerta para chuvas","datePublished":"2026-03-26T07:39:55+00:00","mainEntityOfPage":{"@id":"https:\/\/www.encontravitoria.com.br\/guia\/tempo-fecha-na-grande-vitoria-e-es-segue-com-dois-alerta-para-chuvas\/"},"wordCount":890,"commentCount":0,"image":{"@id":"https:\/\/www.encontravitoria.com.br\/guia\/tempo-fecha-na-grande-vitoria-e-es-segue-com-dois-alerta-para-chuvas\/#primaryimage"},"thumbnailUrl":"https:\/\/www.encontravitoria.com.br\/guia\/wp-content\/uploads\/2026\/03\/tempo-fecha-na-grande-vitoria-e-es-segue-com-dois-alerta-para-chuvas.webp","articleSection":["Not\u00edcias Vit\u00f3ria"],"inLanguage":"pt-BR","potentialAction":[{"@type":"CommentAction","name":"Comment","target":["https:\/\/www.encontravitoria.com.br\/guia\/tempo-fecha-na-grande-vitoria-e-es-segue-com-dois-alerta-para-chuvas\/#respond"]}]},{"@type":"WebPage","@id":"https:\/\/www.encontravitoria.com.br\/guia\/tempo-fecha-na-grande-vitoria-e-es-segue-com-dois-alerta-para-chuvas\/","url":"https:\/\/www.encontravitoria.com.br\/guia\/tempo-fecha-na-grande-vitoria-e-es-segue-com-dois-alerta-para-chuvas\/","name":"Tempo fecha na Grande Vit\u00f3ria e ES segue com dois alerta para chuvas | Guia Comercial de Vit\u00f3ria ES","isPartOf":{"@id":"https:\/\/www.encontravitoria.com.br\/guia\/#website"},"primaryImageOfPage":{"@id":"https:\/\/www.encontravitoria.com.br\/guia\/tempo-fecha-na-grande-vitoria-e-es-segue-com-dois-alerta-para-chuvas\/#primaryimage"},"image":{"@id":"https:\/\/www.encontravitoria.com.br\/guia\/tempo-fecha-na-grande-vitoria-e-es-segue-com-dois-alerta-para-chuvas\/#primaryimage"},"thumbnailUrl":"https:\/\/www.encontravitoria.com.br\/guia\/wp-content\/uploads\/2026\/03\/tempo-fecha-na-grande-vitoria-e-es-segue-com-dois-alerta-para-chuvas.webp","datePublished":"2026-03-26T07:39:55+00:00","author":{"@id":"https:\/\/www.encontravitoria.com.br\/guia\/#\/schema\/person\/e5c86e2a8d5a2a0333f0c44792c74c65"},"inLanguage":"pt-BR","potentialAction":[{"@type":"ReadAction","target":["https:\/\/www.encontravitoria.com.br\/guia\/tempo-fecha-na-grande-vitoria-e-es-segue-com-dois-alerta-para-chuvas\/"]}]},{"@type":"ImageObject","inLanguage":"pt-BR","@id":"https:\/\/www.encontravitoria.com.br\/guia\/tempo-fecha-na-grande-vitoria-e-es-segue-com-dois-alerta-para-chuvas\/#primaryimage","url":"https:\/\/www.encontravitoria.com.br\/guia\/wp-content\/uploads\/2026\/03\/tempo-fecha-na-grande-vitoria-e-es-segue-com-dois-alerta-para-chuvas.webp","contentUrl":"https:\/\/www.encontravitoria.com.br\/guia\/wp-content\/uploads\/2026\/03\/tempo-fecha-na-grande-vitoria-e-es-segue-com-dois-alerta-para-chuvas.webp","width":280,"height":280,"caption":"chuvas intenas na Grande Vit\u00f3ria"},{"@type":"WebSite","@id":"https:\/\/www.encontravitoria.com.br\/guia\/#website","url":"https:\/\/www.encontravitoria.com.br\/guia\/","name":"Guia Comercial de Vit\u00f3ria ES","description":"ENCONTRA VIT\u00d3RIA - O guia comercial de neg\u00f3cios e empresas, cultura e divers\u00e3o na cidade de Vit\u00f3ria. Feito 100% para voc\u00ea morador!","potentialAction":[{"@type":"SearchAction","target":{"@type":"EntryPoint","urlTemplate":"https:\/\/www.encontravitoria.com.br\/guia\/?s={search_term_string}"},"query-input":{"@type":"PropertyValueSpecification","valueRequired":true,"valueName":"search_term_string"}}],"inLanguage":"pt-BR"},{"@type":"Person","@id":"https:\/\/www.encontravitoria.com.br\/guia\/#\/schema\/person\/e5c86e2a8d5a2a0333f0c44792c74c65","name":"Encontra Vit\u00f3ria","image":{"@type":"ImageObject","inLanguage":"pt-BR","@id":"https:\/\/secure.gravatar.com\/avatar\/c50c17820bcf322f0a8fd6b110b8c0918141409dc69076470f6fca5fee70a5d4?s=96&d=mm&r=g","url":"https:\/\/secure.gravatar.com\/avatar\/c50c17820bcf322f0a8fd6b110b8c0918141409dc69076470f6fca5fee70a5d4?s=96&d=mm&r=g","contentUrl":"https:\/\/secure.gravatar.com\/avatar\/c50c17820bcf322f0a8fd6b110b8c0918141409dc69076470f6fca5fee70a5d4?s=96&d=mm&r=g","caption":"Encontra Vit\u00f3ria"},"url":"https:\/\/www.encontravitoria.com.br\/guia\/author\/encontravitoria\/"}]}},"_links":{"self":[{"href":"https:\/\/www.encontravitoria.com.br\/guia\/wp-json\/wp\/v2\/posts\/7780","targetHints":{"allow":["GET"]}}],"collection":[{"href":"https:\/\/www.encontravitoria.com.br\/guia\/wp-json\/wp\/v2\/posts"}],"about":[{"href":"https:\/\/www.encontravitoria.com.br\/guia\/wp-json\/wp\/v2\/types\/post"}],"author":[{"embeddable":true,"href":"https:\/\/www.encontravitoria.com.br\/guia\/wp-json\/wp\/v2\/users\/1"}],"replies":[{"embeddable":true,"href":"https:\/\/www.encontravitoria.com.br\/guia\/wp-json\/wp\/v2\/comments?post=7780"}],"version-history":[{"count":0,"href":"https:\/\/www.encontravitoria.com.br\/guia\/wp-json\/wp\/v2\/posts\/7780\/revisions"}],"wp:featuredmedia":[{"embeddable":true,"href":"https:\/\/www.encontravitoria.com.br\/guia\/wp-json\/wp\/v2\/media\/7779"}],"wp:attachment":[{"href":"https:\/\/www.encontravitoria.com.br\/guia\/wp-json\/wp\/v2\/media?parent=7780"}],"wp:term":[{"taxonomy":"category","embeddable":true,"href":"https:\/\/www.encontravitoria.com.br\/guia\/wp-json\/wp\/v2\/categories?post=7780"},{"taxonomy":"post_tag","embeddable":true,"href":"https:\/\/www.encontravitoria.com.br\/guia\/wp-json\/wp\/v2\/tags?post=7780"}],"curies":[{"name":"wp","href":"https:\/\/api.w.org\/{rel}","templated":true}]}}