{"id":7802,"date":"2026-03-30T04:40:56","date_gmt":"2026-03-30T07:40:56","guid":{"rendered":"https:\/\/www.encontravitoria.com.br\/guia\/vitoria-com-voce-promove-cidadania-e-reune-milhares-de-pessoas-em-escola-reformada\/"},"modified":"2026-03-30T04:40:56","modified_gmt":"2026-03-30T07:40:56","slug":"vitoria-com-voce-promove-cidadania-e-reune-milhares-de-pessoas-em-escola-reformada","status":"publish","type":"post","link":"https:\/\/www.encontravitoria.com.br\/guia\/vitoria-com-voce-promove-cidadania-e-reune-milhares-de-pessoas-em-escola-reformada\/","title":{"rendered":"Vit\u00f3ria com Voc\u00ea promove cidadania e re\u00fane milhares de pessoas em escola reformada"},"content":{"rendered":"<h2>Um Dia de Cuidados e Celebra\u00e7\u00e3o<\/h2>\n<p>No \u00faltimo s\u00e1bado, o bairro Andorinhas foi palco de uma ocorr\u00eancia singular que envolveu cuidados, cidadania e um esp\u00edrito de comunidade. O evento &#8220;Vit\u00f3ria com Voc\u00ea&#8221; trouxe \u00e0 Escola Municipal de Ensino Fundamental em Tempo Integral (Emef-TI) Izaura Marques da Silva uma programa\u00e7\u00e3o repleta de servi\u00e7os gratuitos e atividades destinadas a toda a popula\u00e7\u00e3o. Desde as 8h at\u00e9 as 13h, a escola se tornou um vibrante ponto de encontro onde cidad\u00e3os puderam acessar recursos essenciais e celebrar a cidadania.<\/p>\n<h2>A Escola Revitalizada como Pilar da Comunidade<\/h2>\n<p>A escola n\u00e3o apenas serviu como local para o evento, mas passou por um significativo processo de revitaliza\u00e7\u00e3o, proporcionando um ambiente melhorado para os alunos e colaboradores. As melhorias incluem a moderniza\u00e7\u00e3o das instala\u00e7\u00f5es, destacando a import\u00e2ncia do investimento na educa\u00e7\u00e3o como pilar fundamental para a comunidade. O conforto e a seguran\u00e7a s\u00e3o primordiais, e a escola agora representa um espa\u00e7o renovado que promove aprendizado e desenvolvimento pessoal.<\/p>\n<h2>Servi\u00e7os Gratuitos para Todos<\/h2>\n<p>Durante o evento, a equipe da prefeitura mobilizou v\u00e1rias secretarias para oferecer uma gama diversificada de servi\u00e7os. Entre os atendimentos dispon\u00edveis estavam as orienta\u00e7\u00f5es do Procon, o Sine Municipal para busca de emprego, e informa\u00e7\u00f5es sobre programas habitacionais e cursos de qualifica\u00e7\u00e3o. Dessa forma, a popula\u00e7\u00e3o teve a oportunidade de resolver quest\u00f5es pendentes e participar de atividades que favorecem o bem-estar social e econ\u00f4mico.<\/p>\n<p><img decoding=\"async\" src=\"https:\/\/www.encontravitoria.com.br\/guia\/wp-content\/uploads\/2026\/03\/vitoria-com-voce-promove-cidadania-e-reune-milhares-de-pessoas-em-escola-reformada.webp\" alt=\"Vit\u00f3ria com Voc\u00ea\" loading=\"lazy\" \/><\/p>\n<h2>A Import\u00e2ncia da Cidadania em Eventos Sociais<\/h2>\n<p>Eventos como o \u201cVit\u00f3ria com Voc\u00ea\u201d s\u00e3o cruciais para fortalecer o sentido de cidadania entre os participantes. Ao reunir servi\u00e7os essenciais e proporcionar um espa\u00e7o de di\u00e1logo e acolhimento, a prefeitura demonstra seu compromisso em ouvir e atender as demandas dos cidad\u00e3os. Essa aproxima\u00e7\u00e3o \u00e9 vista como uma maneira eficaz de garantir que todos tenham acesso \u00e0s pol\u00edticas p\u00fablicas.<\/p>\n<h2>Depoimentos de Moradores Impactados<\/h2>\n<p>Um dos participantes do evento, Rodrigo dos Santos, expressou satisfa\u00e7\u00e3o por poder realizar a documenta\u00e7\u00e3o da identidade de forma pr\u00e1tica e acess\u00edvel. &#8220;\u00c9 muito bom ver todo esse movimento. Eu consegui fazer meu documento e ainda participei de v\u00e1rias atividades. Uma m\u00e3o na roda para quem n\u00e3o tem tempo durante a semana!&#8221;, comentou. Esse tipo de feedback positivo refor\u00e7a a relev\u00e2ncia de atividades de integra\u00e7\u00e3o e presta\u00e7\u00e3o de servi\u00e7o \u00e0 comunidade.<\/p>\n<h2>O Papel do Prefeito na Iniciativa<\/h2>\n<p>O prefeito Lorenzo Pazolini destacou a import\u00e2ncia da programa\u00e7\u00e3o durante sua visita ao evento, promovendo a ideia de gest\u00e3o participativa e acess\u00edvel \u00e0 popula\u00e7\u00e3o. &#8220;Essas a\u00e7\u00f5es mostram como podemos tornar a cidade mais pr\u00f3xima dos seus habitantes. Ouvir a popula\u00e7\u00e3o e oferecer solu\u00e7\u00f5es prontas \u00e9 o que devemos fazer como administradores. Estamos intencionais no cumprimento do nosso papel&#8221;, afirmou. Essa vis\u00e3o de lideran\u00e7a \u00e9 essencial para construir uma cidade mais coesa e solid\u00e1ria.<\/p>\n<h2>Atendimentos Diversos para a Popula\u00e7\u00e3o<\/h2>\n<p>Mais de 5.600 atendimentos foram registrados durante o evento, abrangendo diversas \u00e1reas da vida civil e social da comunidade, desde sa\u00fade at\u00e9 servi\u00e7os sociais. Isso demonstra a efic\u00e1cia do programa e a resposta positiva da popula\u00e7\u00e3o, que busca ativamente participar das oportunidades oferecidas.<\/p>\n<h2>Atividades Para Crian\u00e7as e Adultos<\/h2>\n<p>O evento tamb\u00e9m reservou espa\u00e7o para atividades recreativas, esportivas e educativas, integrando todas as idades. As crian\u00e7as puderam participar de jogos e oficinas, enquanto os adultos se beneficiaram de servi\u00e7os como atualiza\u00e7\u00f5es de vacina\u00e7\u00e3o e orienta\u00e7\u00f5es de sa\u00fade. Essas iniciativas criam um ambiente de conviv\u00eancia e aprendizado compartilhado, que \u00e9 vital para o desenvolvimento social.<\/p>\n<h2>Sa\u00fade e Bem-Estar na Agenda do Evento<\/h2>\n<p>Al\u00e9m dos servi\u00e7os convencionais, a sa\u00fade foi uma prioridade, com a oferta de vacinas e testes r\u00e1pidos de ISTs. As a\u00e7\u00f5es de sa\u00fade proporcionaram um atendimento humano e eficiente, contribuindo para o bem-estar geral da popula\u00e7\u00e3o. Essa abordagem mostra um compromisso abrangente com a sa\u00fade p\u00fablica e a preven\u00e7\u00e3o de doen\u00e7as.<\/p>\n<h2>Resultados Surpreendentes de Atendimento<\/h2>\n<p>A repercuss\u00e3o do evento trouxe resultados impressionantes, tanto em termos de participa\u00e7\u00e3o quanto de impacto na comunidade. A revitaliza\u00e7\u00e3o da escola e a combina\u00e7\u00e3o de servi\u00e7os em um \u00fanico local mostraram-se eficazes para captar a aten\u00e7\u00e3o da popula\u00e7\u00e3o, promovendo n\u00e3o s\u00f3 a cidadania, mas tamb\u00e9m o envolvimento direto dos cidad\u00e3os com a gest\u00e3o p\u00fablica. O evento &#8220;Vit\u00f3ria com Voc\u00ea&#8221; se consolidou como uma importante ferramenta para o fortalecimento da comunidade e o exerc\u00edcio da cidadania.<\/p>\n","protected":false},"excerpt":{"rendered":"<p>Vit\u00f3ria com Voc\u00ea transforma a cidadania, reunindo milhares em um evento \u00fanico.<\/p>\n","protected":false},"author":1,"featured_media":7801,"comment_status":"open","ping_status":"open","sticky":false,"template":"","format":"standard","meta":{"footnotes":""},"categories":[5],"tags":[],"class_list":["post-7802","post","type-post","status-publish","format-standard","has-post-thumbnail","hentry","category-noticias","has_thumb"],"yoast_head":"<!-- This site is optimized with the Yoast SEO plugin v27.9 - https:\/\/yoast.com\/product\/yoast-seo-wordpress\/ -->\n<title>Vit\u00f3ria com Voc\u00ea promove cidadania e re\u00fane milhares de pessoas em escola reformada | Guia Comercial de Vit\u00f3ria ES<\/title>\n<meta name=\"robots\" content=\"index, follow, max-snippet:-1, max-image-preview:large, max-video-preview:-1\" \/>\n<link rel=\"canonical\" href=\"https:\/\/www.encontravitoria.com.br\/guia\/vitoria-com-voce-promove-cidadania-e-reune-milhares-de-pessoas-em-escola-reformada\/\" \/>\n<meta property=\"og:locale\" content=\"pt_BR\" \/>\n<meta property=\"og:type\" content=\"article\" \/>\n<meta property=\"og:title\" content=\"Vit\u00f3ria com Voc\u00ea promove cidadania e re\u00fane milhares de pessoas em escola reformada | Guia Comercial de Vit\u00f3ria ES\" \/>\n<meta property=\"og:description\" content=\"Vit\u00f3ria com Voc\u00ea transforma a cidadania, reunindo milhares em um evento \u00fanico.\" \/>\n<meta property=\"og:url\" content=\"https:\/\/www.encontravitoria.com.br\/guia\/vitoria-com-voce-promove-cidadania-e-reune-milhares-de-pessoas-em-escola-reformada\/\" \/>\n<meta property=\"og:site_name\" content=\"Guia Comercial de Vit\u00f3ria ES\" \/>\n<meta property=\"article:published_time\" content=\"2026-03-30T07:40:56+00:00\" \/>\n<meta property=\"og:image\" content=\"https:\/\/www.encontravitoria.com.br\/guia\/wp-content\/uploads\/2026\/03\/vitoria-com-voce-promove-cidadania-e-reune-milhares-de-pessoas-em-escola-reformada.webp\" \/>\n<meta name=\"author\" content=\"Encontra Vit\u00f3ria\" \/>\n<meta name=\"twitter:card\" content=\"summary_large_image\" \/>\n<meta name=\"twitter:label1\" content=\"Escrito por\" \/>\n\t<meta name=\"twitter:data1\" content=\"Encontra Vit\u00f3ria\" \/>\n\t<meta name=\"twitter:label2\" content=\"Est. tempo de leitura\" \/>\n\t<meta name=\"twitter:data2\" content=\"4 minutos\" \/>\n<script type=\"application\/ld+json\" class=\"yoast-schema-graph\">{\"@context\":\"https:\\\/\\\/schema.org\",\"@graph\":[{\"@type\":\"Article\",\"@id\":\"https:\\\/\\\/www.encontravitoria.com.br\\\/guia\\\/vitoria-com-voce-promove-cidadania-e-reune-milhares-de-pessoas-em-escola-reformada\\\/#article\",\"isPartOf\":{\"@id\":\"https:\\\/\\\/www.encontravitoria.com.br\\\/guia\\\/vitoria-com-voce-promove-cidadania-e-reune-milhares-de-pessoas-em-escola-reformada\\\/\"},\"author\":{\"name\":\"Encontra Vit\u00f3ria\",\"@id\":\"https:\\\/\\\/www.encontravitoria.com.br\\\/guia\\\/#\\\/schema\\\/person\\\/e5c86e2a8d5a2a0333f0c44792c74c65\"},\"headline\":\"Vit\u00f3ria com Voc\u00ea promove cidadania e re\u00fane milhares de pessoas em escola reformada\",\"datePublished\":\"2026-03-30T07:40:56+00:00\",\"mainEntityOfPage\":{\"@id\":\"https:\\\/\\\/www.encontravitoria.com.br\\\/guia\\\/vitoria-com-voce-promove-cidadania-e-reune-milhares-de-pessoas-em-escola-reformada\\\/\"},\"wordCount\":802,\"commentCount\":0,\"image\":{\"@id\":\"https:\\\/\\\/www.encontravitoria.com.br\\\/guia\\\/vitoria-com-voce-promove-cidadania-e-reune-milhares-de-pessoas-em-escola-reformada\\\/#primaryimage\"},\"thumbnailUrl\":\"https:\\\/\\\/www.encontravitoria.com.br\\\/guia\\\/wp-content\\\/uploads\\\/2026\\\/03\\\/vitoria-com-voce-promove-cidadania-e-reune-milhares-de-pessoas-em-escola-reformada.webp\",\"articleSection\":[\"Not\u00edcias Vit\u00f3ria\"],\"inLanguage\":\"pt-BR\",\"potentialAction\":[{\"@type\":\"CommentAction\",\"name\":\"Comment\",\"target\":[\"https:\\\/\\\/www.encontravitoria.com.br\\\/guia\\\/vitoria-com-voce-promove-cidadania-e-reune-milhares-de-pessoas-em-escola-reformada\\\/#respond\"]}]},{\"@type\":\"WebPage\",\"@id\":\"https:\\\/\\\/www.encontravitoria.com.br\\\/guia\\\/vitoria-com-voce-promove-cidadania-e-reune-milhares-de-pessoas-em-escola-reformada\\\/\",\"url\":\"https:\\\/\\\/www.encontravitoria.com.br\\\/guia\\\/vitoria-com-voce-promove-cidadania-e-reune-milhares-de-pessoas-em-escola-reformada\\\/\",\"name\":\"Vit\u00f3ria com Voc\u00ea promove cidadania e re\u00fane milhares de pessoas em escola reformada | Guia Comercial de Vit\u00f3ria ES\",\"isPartOf\":{\"@id\":\"https:\\\/\\\/www.encontravitoria.com.br\\\/guia\\\/#website\"},\"primaryImageOfPage\":{\"@id\":\"https:\\\/\\\/www.encontravitoria.com.br\\\/guia\\\/vitoria-com-voce-promove-cidadania-e-reune-milhares-de-pessoas-em-escola-reformada\\\/#primaryimage\"},\"image\":{\"@id\":\"https:\\\/\\\/www.encontravitoria.com.br\\\/guia\\\/vitoria-com-voce-promove-cidadania-e-reune-milhares-de-pessoas-em-escola-reformada\\\/#primaryimage\"},\"thumbnailUrl\":\"https:\\\/\\\/www.encontravitoria.com.br\\\/guia\\\/wp-content\\\/uploads\\\/2026\\\/03\\\/vitoria-com-voce-promove-cidadania-e-reune-milhares-de-pessoas-em-escola-reformada.webp\",\"datePublished\":\"2026-03-30T07:40:56+00:00\",\"author\":{\"@id\":\"https:\\\/\\\/www.encontravitoria.com.br\\\/guia\\\/#\\\/schema\\\/person\\\/e5c86e2a8d5a2a0333f0c44792c74c65\"},\"inLanguage\":\"pt-BR\",\"potentialAction\":[{\"@type\":\"ReadAction\",\"target\":[\"https:\\\/\\\/www.encontravitoria.com.br\\\/guia\\\/vitoria-com-voce-promove-cidadania-e-reune-milhares-de-pessoas-em-escola-reformada\\\/\"]}]},{\"@type\":\"ImageObject\",\"inLanguage\":\"pt-BR\",\"@id\":\"https:\\\/\\\/www.encontravitoria.com.br\\\/guia\\\/vitoria-com-voce-promove-cidadania-e-reune-milhares-de-pessoas-em-escola-reformada\\\/#primaryimage\",\"url\":\"https:\\\/\\\/www.encontravitoria.com.br\\\/guia\\\/wp-content\\\/uploads\\\/2026\\\/03\\\/vitoria-com-voce-promove-cidadania-e-reune-milhares-de-pessoas-em-escola-reformada.webp\",\"contentUrl\":\"https:\\\/\\\/www.encontravitoria.com.br\\\/guia\\\/wp-content\\\/uploads\\\/2026\\\/03\\\/vitoria-com-voce-promove-cidadania-e-reune-milhares-de-pessoas-em-escola-reformada.webp\",\"width\":280,\"height\":280,\"caption\":\"Vit\u00f3ria com Voc\u00ea\"},{\"@type\":\"WebSite\",\"@id\":\"https:\\\/\\\/www.encontravitoria.com.br\\\/guia\\\/#website\",\"url\":\"https:\\\/\\\/www.encontravitoria.com.br\\\/guia\\\/\",\"name\":\"Guia Comercial de Vit\u00f3ria ES\",\"description\":\"ENCONTRA VIT\u00d3RIA - O guia comercial de neg\u00f3cios e empresas, cultura e divers\u00e3o na cidade de Vit\u00f3ria. Feito 100% para voc\u00ea morador!\",\"potentialAction\":[{\"@type\":\"SearchAction\",\"target\":{\"@type\":\"EntryPoint\",\"urlTemplate\":\"https:\\\/\\\/www.encontravitoria.com.br\\\/guia\\\/?s={search_term_string}\"},\"query-input\":{\"@type\":\"PropertyValueSpecification\",\"valueRequired\":true,\"valueName\":\"search_term_string\"}}],\"inLanguage\":\"pt-BR\"},{\"@type\":\"Person\",\"@id\":\"https:\\\/\\\/www.encontravitoria.com.br\\\/guia\\\/#\\\/schema\\\/person\\\/e5c86e2a8d5a2a0333f0c44792c74c65\",\"name\":\"Encontra Vit\u00f3ria\",\"image\":{\"@type\":\"ImageObject\",\"inLanguage\":\"pt-BR\",\"@id\":\"https:\\\/\\\/secure.gravatar.com\\\/avatar\\\/c50c17820bcf322f0a8fd6b110b8c0918141409dc69076470f6fca5fee70a5d4?s=96&d=mm&r=g\",\"url\":\"https:\\\/\\\/secure.gravatar.com\\\/avatar\\\/c50c17820bcf322f0a8fd6b110b8c0918141409dc69076470f6fca5fee70a5d4?s=96&d=mm&r=g\",\"contentUrl\":\"https:\\\/\\\/secure.gravatar.com\\\/avatar\\\/c50c17820bcf322f0a8fd6b110b8c0918141409dc69076470f6fca5fee70a5d4?s=96&d=mm&r=g\",\"caption\":\"Encontra Vit\u00f3ria\"},\"url\":\"https:\\\/\\\/www.encontravitoria.com.br\\\/guia\\\/author\\\/encontravitoria\\\/\"}]}<\/script>\n<!-- \/ Yoast SEO plugin. -->","yoast_head_json":{"title":"Vit\u00f3ria com Voc\u00ea promove cidadania e re\u00fane milhares de pessoas em escola reformada | Guia Comercial de Vit\u00f3ria ES","robots":{"index":"index","follow":"follow","max-snippet":"max-snippet:-1","max-image-preview":"max-image-preview:large","max-video-preview":"max-video-preview:-1"},"canonical":"https:\/\/www.encontravitoria.com.br\/guia\/vitoria-com-voce-promove-cidadania-e-reune-milhares-de-pessoas-em-escola-reformada\/","og_locale":"pt_BR","og_type":"article","og_title":"Vit\u00f3ria com Voc\u00ea promove cidadania e re\u00fane milhares de pessoas em escola reformada | Guia Comercial de Vit\u00f3ria ES","og_description":"Vit\u00f3ria com Voc\u00ea transforma a cidadania, reunindo milhares em um evento \u00fanico.","og_url":"https:\/\/www.encontravitoria.com.br\/guia\/vitoria-com-voce-promove-cidadania-e-reune-milhares-de-pessoas-em-escola-reformada\/","og_site_name":"Guia Comercial de Vit\u00f3ria ES","article_published_time":"2026-03-30T07:40:56+00:00","og_image":[{"url":"https:\/\/www.encontravitoria.com.br\/guia\/wp-content\/uploads\/2026\/03\/vitoria-com-voce-promove-cidadania-e-reune-milhares-de-pessoas-em-escola-reformada.webp","type":"","width":"","height":""}],"author":"Encontra Vit\u00f3ria","twitter_card":"summary_large_image","twitter_misc":{"Escrito por":"Encontra Vit\u00f3ria","Est. tempo de leitura":"4 minutos"},"schema":{"@context":"https:\/\/schema.org","@graph":[{"@type":"Article","@id":"https:\/\/www.encontravitoria.com.br\/guia\/vitoria-com-voce-promove-cidadania-e-reune-milhares-de-pessoas-em-escola-reformada\/#article","isPartOf":{"@id":"https:\/\/www.encontravitoria.com.br\/guia\/vitoria-com-voce-promove-cidadania-e-reune-milhares-de-pessoas-em-escola-reformada\/"},"author":{"name":"Encontra Vit\u00f3ria","@id":"https:\/\/www.encontravitoria.com.br\/guia\/#\/schema\/person\/e5c86e2a8d5a2a0333f0c44792c74c65"},"headline":"Vit\u00f3ria com Voc\u00ea promove cidadania e re\u00fane milhares de pessoas em escola reformada","datePublished":"2026-03-30T07:40:56+00:00","mainEntityOfPage":{"@id":"https:\/\/www.encontravitoria.com.br\/guia\/vitoria-com-voce-promove-cidadania-e-reune-milhares-de-pessoas-em-escola-reformada\/"},"wordCount":802,"commentCount":0,"image":{"@id":"https:\/\/www.encontravitoria.com.br\/guia\/vitoria-com-voce-promove-cidadania-e-reune-milhares-de-pessoas-em-escola-reformada\/#primaryimage"},"thumbnailUrl":"https:\/\/www.encontravitoria.com.br\/guia\/wp-content\/uploads\/2026\/03\/vitoria-com-voce-promove-cidadania-e-reune-milhares-de-pessoas-em-escola-reformada.webp","articleSection":["Not\u00edcias Vit\u00f3ria"],"inLanguage":"pt-BR","potentialAction":[{"@type":"CommentAction","name":"Comment","target":["https:\/\/www.encontravitoria.com.br\/guia\/vitoria-com-voce-promove-cidadania-e-reune-milhares-de-pessoas-em-escola-reformada\/#respond"]}]},{"@type":"WebPage","@id":"https:\/\/www.encontravitoria.com.br\/guia\/vitoria-com-voce-promove-cidadania-e-reune-milhares-de-pessoas-em-escola-reformada\/","url":"https:\/\/www.encontravitoria.com.br\/guia\/vitoria-com-voce-promove-cidadania-e-reune-milhares-de-pessoas-em-escola-reformada\/","name":"Vit\u00f3ria com Voc\u00ea promove cidadania e re\u00fane milhares de pessoas em escola reformada | Guia Comercial de Vit\u00f3ria ES","isPartOf":{"@id":"https:\/\/www.encontravitoria.com.br\/guia\/#website"},"primaryImageOfPage":{"@id":"https:\/\/www.encontravitoria.com.br\/guia\/vitoria-com-voce-promove-cidadania-e-reune-milhares-de-pessoas-em-escola-reformada\/#primaryimage"},"image":{"@id":"https:\/\/www.encontravitoria.com.br\/guia\/vitoria-com-voce-promove-cidadania-e-reune-milhares-de-pessoas-em-escola-reformada\/#primaryimage"},"thumbnailUrl":"https:\/\/www.encontravitoria.com.br\/guia\/wp-content\/uploads\/2026\/03\/vitoria-com-voce-promove-cidadania-e-reune-milhares-de-pessoas-em-escola-reformada.webp","datePublished":"2026-03-30T07:40:56+00:00","author":{"@id":"https:\/\/www.encontravitoria.com.br\/guia\/#\/schema\/person\/e5c86e2a8d5a2a0333f0c44792c74c65"},"inLanguage":"pt-BR","potentialAction":[{"@type":"ReadAction","target":["https:\/\/www.encontravitoria.com.br\/guia\/vitoria-com-voce-promove-cidadania-e-reune-milhares-de-pessoas-em-escola-reformada\/"]}]},{"@type":"ImageObject","inLanguage":"pt-BR","@id":"https:\/\/www.encontravitoria.com.br\/guia\/vitoria-com-voce-promove-cidadania-e-reune-milhares-de-pessoas-em-escola-reformada\/#primaryimage","url":"https:\/\/www.encontravitoria.com.br\/guia\/wp-content\/uploads\/2026\/03\/vitoria-com-voce-promove-cidadania-e-reune-milhares-de-pessoas-em-escola-reformada.webp","contentUrl":"https:\/\/www.encontravitoria.com.br\/guia\/wp-content\/uploads\/2026\/03\/vitoria-com-voce-promove-cidadania-e-reune-milhares-de-pessoas-em-escola-reformada.webp","width":280,"height":280,"caption":"Vit\u00f3ria com Voc\u00ea"},{"@type":"WebSite","@id":"https:\/\/www.encontravitoria.com.br\/guia\/#website","url":"https:\/\/www.encontravitoria.com.br\/guia\/","name":"Guia Comercial de Vit\u00f3ria ES","description":"ENCONTRA VIT\u00d3RIA - O guia comercial de neg\u00f3cios e empresas, cultura e divers\u00e3o na cidade de Vit\u00f3ria. Feito 100% para voc\u00ea morador!","potentialAction":[{"@type":"SearchAction","target":{"@type":"EntryPoint","urlTemplate":"https:\/\/www.encontravitoria.com.br\/guia\/?s={search_term_string}"},"query-input":{"@type":"PropertyValueSpecification","valueRequired":true,"valueName":"search_term_string"}}],"inLanguage":"pt-BR"},{"@type":"Person","@id":"https:\/\/www.encontravitoria.com.br\/guia\/#\/schema\/person\/e5c86e2a8d5a2a0333f0c44792c74c65","name":"Encontra Vit\u00f3ria","image":{"@type":"ImageObject","inLanguage":"pt-BR","@id":"https:\/\/secure.gravatar.com\/avatar\/c50c17820bcf322f0a8fd6b110b8c0918141409dc69076470f6fca5fee70a5d4?s=96&d=mm&r=g","url":"https:\/\/secure.gravatar.com\/avatar\/c50c17820bcf322f0a8fd6b110b8c0918141409dc69076470f6fca5fee70a5d4?s=96&d=mm&r=g","contentUrl":"https:\/\/secure.gravatar.com\/avatar\/c50c17820bcf322f0a8fd6b110b8c0918141409dc69076470f6fca5fee70a5d4?s=96&d=mm&r=g","caption":"Encontra Vit\u00f3ria"},"url":"https:\/\/www.encontravitoria.com.br\/guia\/author\/encontravitoria\/"}]}},"_links":{"self":[{"href":"https:\/\/www.encontravitoria.com.br\/guia\/wp-json\/wp\/v2\/posts\/7802","targetHints":{"allow":["GET"]}}],"collection":[{"href":"https:\/\/www.encontravitoria.com.br\/guia\/wp-json\/wp\/v2\/posts"}],"about":[{"href":"https:\/\/www.encontravitoria.com.br\/guia\/wp-json\/wp\/v2\/types\/post"}],"author":[{"embeddable":true,"href":"https:\/\/www.encontravitoria.com.br\/guia\/wp-json\/wp\/v2\/users\/1"}],"replies":[{"embeddable":true,"href":"https:\/\/www.encontravitoria.com.br\/guia\/wp-json\/wp\/v2\/comments?post=7802"}],"version-history":[{"count":0,"href":"https:\/\/www.encontravitoria.com.br\/guia\/wp-json\/wp\/v2\/posts\/7802\/revisions"}],"wp:featuredmedia":[{"embeddable":true,"href":"https:\/\/www.encontravitoria.com.br\/guia\/wp-json\/wp\/v2\/media\/7801"}],"wp:attachment":[{"href":"https:\/\/www.encontravitoria.com.br\/guia\/wp-json\/wp\/v2\/media?parent=7802"}],"wp:term":[{"taxonomy":"category","embeddable":true,"href":"https:\/\/www.encontravitoria.com.br\/guia\/wp-json\/wp\/v2\/categories?post=7802"},{"taxonomy":"post_tag","embeddable":true,"href":"https:\/\/www.encontravitoria.com.br\/guia\/wp-json\/wp\/v2\/tags?post=7802"}],"curies":[{"name":"wp","href":"https:\/\/api.w.org\/{rel}","templated":true}]}}