{"id":7864,"date":"2026-04-10T04:39:34","date_gmt":"2026-04-10T07:39:34","guid":{"rendered":"https:\/\/www.encontravitoria.com.br\/guia\/romaria-dos-homens-2026-confira-alteracoes-do-transito-em-vitoria\/"},"modified":"2026-04-10T04:39:34","modified_gmt":"2026-04-10T07:39:34","slug":"romaria-dos-homens-2026-confira-alteracoes-do-transito-em-vitoria","status":"publish","type":"post","link":"https:\/\/www.encontravitoria.com.br\/guia\/romaria-dos-homens-2026-confira-alteracoes-do-transito-em-vitoria\/","title":{"rendered":"Romaria dos Homens 2026: confira altera\u00e7\u00f5es do tr\u00e2nsito em Vit\u00f3ria"},"content":{"rendered":"<h2>Mudan\u00e7as Importantes no Tr\u00e2nsito<\/h2>\n<p>A Festa da Penha, um dos eventos religiosos mais significativos do Brasil, trar\u00e1 v\u00e1rias altera\u00e7\u00f5es no tr\u00e1fego em Vit\u00f3ria. As romarias tradicionais, como a Romaria dos Homens e a Romaria dos Ciclistas, exigem um planejamento especial para garantir a seguran\u00e7a dos participantes. Durante os dias desses eventos, algumas vias estar\u00e3o temporariamente interditadas, e \u00e9 importante que motoristas e pedestres estejam cientes das mudan\u00e7as.<\/p>\n<h2>Interdi\u00e7\u00f5es para a Romaria dos Homens<\/h2>\n<p>Com a chegada da Romaria dos Homens, marcada para o dia 11 de abril, a Secretaria Municipal de Seguran\u00e7a Urbana (Semsu) realizar\u00e1 diversas interdi\u00e7\u00f5es a partir da noite anterior. \u00c0s 23 horas da sexta-feira, dia 10, a Rua Jos\u00e9 Marcelino, ao redor da Catedral Metropolitana, ser\u00e1 totalmente bloqueada para a prepara\u00e7\u00e3o do evento.<\/p>\n<p>J\u00e1 no s\u00e1bado, a partir das 17 horas, a Avenida Jer\u00f4nimo Monteiro, sentido Centro-Cariacica, tamb\u00e9m ficar\u00e1 fechada para a concentra\u00e7\u00e3o dos romeiros. O fechamento se estender\u00e1 para os acessos \u00e0 Avenida Rep\u00fablica e Rua General Os\u00f3rio, aumentando o fluxo de pedestres na regi\u00e3o.<\/p>\n<p><img decoding=\"async\" src=\"https:\/\/www.encontravitoria.com.br\/guia\/wp-content\/uploads\/2026\/04\/romaria-dos-homens-2026-confira-alteracoes-do-transito-em-vitoria.webp\" alt=\"Festa da Penha 2026\" loading=\"lazy\" \/><\/p>\n<h2>Tr\u00e2nsito na Avenida Jer\u00f4nimo Monteiro<\/h2>\n<p>Com a Avenida Jer\u00f4nimo Monteiro interditada, a recomenda\u00e7\u00e3o para os motoristas que precisam acessar as regi\u00f5es de Cariacica ou Vila Velha \u00e9 buscar rotas alternativas. Preferencialmente, o uso da Terceira Ponte ou da Rodovia do Contorno para evitar congestionamentos e facilitar o tr\u00e1fego durante os hor\u00e1rios de pico \u00e9 ideal.<\/p>\n<h2>Sugest\u00f5es de Rotas Alternativas<\/h2>\n<ul>\n<li><strong>Via Terceira Ponte:<\/strong> Para quem se desloca em dire\u00e7\u00e3o a Vila Velha, o uso da Terceira Ponte \u00e9 o caminho mais indicado.<\/li>\n<li><strong>Rodovia do Contorno:<\/strong> Para motoristas seguindo em dire\u00e7\u00e3o a Cariacica, essa rodovia pode ser uma op\u00e7\u00e3o mais tranquila.<\/li>\n<li><strong>Transporte p\u00fablico:<\/strong> Utilizar \u00f4nibus que circulam fora do Centro pode ajudar a evitar congestionamentos.<\/li>\n<\/ul>\n<h2>Hor\u00e1rios das Interdi\u00e7\u00f5es<\/h2>\n<p>Al\u00e9m das interdi\u00e7\u00f5es mencionadas, \u00e9 importante ressaltar que todas as mudan\u00e7as no tr\u00e2nsito ter\u00e3o um hor\u00e1rio espec\u00edfico:<\/p>\n<ul>\n<li>A Rua Jos\u00e9 Marcelino Ser\u00e1 Bloqueada: 10 de abril, \u00e0s 23h00.<\/li>\n<li>Avenida Jer\u00f4nimo Monteiro: Bloqueio inicia \u00e0s 17 horas do dia 11 de abril.<\/li>\n<li>Bloqueios tempor\u00e1rios durante a Romaria: O tr\u00e2nsito ser\u00e1 controlado conforme o in\u00edcio e t\u00e9rmino do percurso da romaria.<\/li>\n<li>Libera\u00e7\u00e3o do Tr\u00e2nsito: Espera-se que a normalidade volte a partir das 21 horas do dia 11 de abril.<\/li>\n<\/ul>\n<h2>Seguran\u00e7a e Acompanhamento da Guarda<\/h2>\n<p>A Guarda de Vit\u00f3ria ir\u00e1 monitorar todas as interdi\u00e7\u00f5es e as \u00e1reas de congestionamento, garantindo que os pedestres estejam seguros. Profissionais estar\u00e3o posicionados em pontos estrat\u00e9gicos, oferecendo informa\u00e7\u00f5es, al\u00e9m de indicar rotas seguras para os motoristas. O apoio da popula\u00e7\u00e3o, respeitando as sinaliza\u00e7\u00f5es e orienta\u00e7\u00f5es dadas, \u00e9 essencial para a fluidez do evento.<\/p>\n<h2>Prepara\u00e7\u00e3o para a Romaria dos Ciclistas<\/h2>\n<p>No dia 13 de abril, durante a Romaria dos Ciclistas, o tr\u00e2nsito sofrer\u00e1 mudan\u00e7as conforme o grupo de ciclistas se desloca da Catedral Metropolitana em dire\u00e7\u00e3o a Vila Velha. O evento come\u00e7ar\u00e1 \u00e0s 7h30 na Rua Dion\u00edsio Rosendo e seguir\u00e1 por um percurso que minimiza o impacto no tr\u00e1fego local.<\/p>\n<h2>Impacto nas Avenidas Centrais<\/h2>\n<p>O fluxo de ve\u00edculos nas avenidas centrais ser\u00e1 temporariamente reduzido na manh\u00e3 do evento. Isso est\u00e1 previsto para acontecer das 7h30 at\u00e9 aproximadamente \u00e0s 8h30, quando o tr\u00e2nsito come\u00e7ar\u00e1 a retornar ao normal nas principais vias, minimizando a espera.<\/p>\n<h2>Orienta\u00e7\u00f5es para Motoristas<\/h2>\n<p>Os motoristas s\u00e3o aconselhados a planejar seus trajetos com anteced\u00eancia e a evitar \u00e1reas de concentra\u00e7\u00e3o de romeiros, principalmente durante os hor\u00e1rios de pico. Optar por alternativas de estacionamento que n\u00e3o estejam nas proximidades do Centro \u00e9 uma estrat\u00e9gia recomend\u00e1vel.<\/p>\n<h2>Como Participar com Seguran\u00e7a<\/h2>\n<p>Os participantes da romaria, sejam pedestres ou ciclistas, devem observar algumas recomenda\u00e7\u00f5es:<\/p>\n<ul>\n<li>Usar vestimentas adequadas e confort\u00e1veis para longa caminhada.<\/li>\n<li>Manter-se atento \u00e0s sinaliza\u00e7\u00f5es e orienta\u00e7\u00f5es da Guarda.<\/li>\n<li>Trazer \u00e1gua e mantimentos para o percurso, j\u00e1 que o movimento pode ser intenso.<\/li>\n<li>Se for de bicicleta, garantir que o ve\u00edculo esteja em bom estado e usar equipamentos de seguran\u00e7a, como capacetes.<\/li>\n<\/ul>\n","protected":false},"excerpt":{"rendered":"<p>Festa da Penha 2026 traz altera\u00e7\u00f5es no tr\u00e2nsito em Vit\u00f3ria que voc\u00ea precisa conhecer.<\/p>\n","protected":false},"author":1,"featured_media":7863,"comment_status":"open","ping_status":"open","sticky":false,"template":"","format":"standard","meta":{"footnotes":""},"categories":[5],"tags":[],"class_list":["post-7864","post","type-post","status-publish","format-standard","has-post-thumbnail","hentry","category-noticias","has_thumb"],"yoast_head":"<!-- This site is optimized with the Yoast SEO plugin v27.9 - https:\/\/yoast.com\/product\/yoast-seo-wordpress\/ -->\n<title>Romaria dos Homens 2026: confira altera\u00e7\u00f5es do tr\u00e2nsito em Vit\u00f3ria | Guia Comercial de Vit\u00f3ria ES<\/title>\n<meta name=\"robots\" content=\"index, follow, max-snippet:-1, max-image-preview:large, max-video-preview:-1\" \/>\n<link rel=\"canonical\" href=\"https:\/\/www.encontravitoria.com.br\/guia\/romaria-dos-homens-2026-confira-alteracoes-do-transito-em-vitoria\/\" \/>\n<meta property=\"og:locale\" content=\"pt_BR\" \/>\n<meta property=\"og:type\" content=\"article\" \/>\n<meta property=\"og:title\" content=\"Romaria dos Homens 2026: confira altera\u00e7\u00f5es do tr\u00e2nsito em Vit\u00f3ria | Guia Comercial de Vit\u00f3ria ES\" \/>\n<meta property=\"og:description\" content=\"Festa da Penha 2026 traz altera\u00e7\u00f5es no tr\u00e2nsito em Vit\u00f3ria que voc\u00ea precisa conhecer.\" \/>\n<meta property=\"og:url\" content=\"https:\/\/www.encontravitoria.com.br\/guia\/romaria-dos-homens-2026-confira-alteracoes-do-transito-em-vitoria\/\" \/>\n<meta property=\"og:site_name\" content=\"Guia Comercial de Vit\u00f3ria ES\" \/>\n<meta property=\"article:published_time\" content=\"2026-04-10T07:39:34+00:00\" \/>\n<meta property=\"og:image\" content=\"https:\/\/www.encontravitoria.com.br\/guia\/wp-content\/uploads\/2026\/04\/romaria-dos-homens-2026-confira-alteracoes-do-transito-em-vitoria.webp\" \/>\n<meta name=\"author\" content=\"Encontra Vit\u00f3ria\" \/>\n<meta name=\"twitter:card\" content=\"summary_large_image\" \/>\n<meta name=\"twitter:label1\" content=\"Escrito por\" \/>\n\t<meta name=\"twitter:data1\" content=\"Encontra Vit\u00f3ria\" \/>\n\t<meta name=\"twitter:label2\" content=\"Est. tempo de leitura\" \/>\n\t<meta name=\"twitter:data2\" content=\"3 minutos\" \/>\n<script type=\"application\/ld+json\" class=\"yoast-schema-graph\">{\"@context\":\"https:\\\/\\\/schema.org\",\"@graph\":[{\"@type\":\"Article\",\"@id\":\"https:\\\/\\\/www.encontravitoria.com.br\\\/guia\\\/romaria-dos-homens-2026-confira-alteracoes-do-transito-em-vitoria\\\/#article\",\"isPartOf\":{\"@id\":\"https:\\\/\\\/www.encontravitoria.com.br\\\/guia\\\/romaria-dos-homens-2026-confira-alteracoes-do-transito-em-vitoria\\\/\"},\"author\":{\"name\":\"Encontra Vit\u00f3ria\",\"@id\":\"https:\\\/\\\/www.encontravitoria.com.br\\\/guia\\\/#\\\/schema\\\/person\\\/e5c86e2a8d5a2a0333f0c44792c74c65\"},\"headline\":\"Romaria dos Homens 2026: confira altera\u00e7\u00f5es do tr\u00e2nsito em Vit\u00f3ria\",\"datePublished\":\"2026-04-10T07:39:34+00:00\",\"mainEntityOfPage\":{\"@id\":\"https:\\\/\\\/www.encontravitoria.com.br\\\/guia\\\/romaria-dos-homens-2026-confira-alteracoes-do-transito-em-vitoria\\\/\"},\"wordCount\":704,\"commentCount\":0,\"image\":{\"@id\":\"https:\\\/\\\/www.encontravitoria.com.br\\\/guia\\\/romaria-dos-homens-2026-confira-alteracoes-do-transito-em-vitoria\\\/#primaryimage\"},\"thumbnailUrl\":\"https:\\\/\\\/www.encontravitoria.com.br\\\/guia\\\/wp-content\\\/uploads\\\/2026\\\/04\\\/romaria-dos-homens-2026-confira-alteracoes-do-transito-em-vitoria.webp\",\"articleSection\":[\"Not\u00edcias Vit\u00f3ria\"],\"inLanguage\":\"pt-BR\",\"potentialAction\":[{\"@type\":\"CommentAction\",\"name\":\"Comment\",\"target\":[\"https:\\\/\\\/www.encontravitoria.com.br\\\/guia\\\/romaria-dos-homens-2026-confira-alteracoes-do-transito-em-vitoria\\\/#respond\"]}]},{\"@type\":\"WebPage\",\"@id\":\"https:\\\/\\\/www.encontravitoria.com.br\\\/guia\\\/romaria-dos-homens-2026-confira-alteracoes-do-transito-em-vitoria\\\/\",\"url\":\"https:\\\/\\\/www.encontravitoria.com.br\\\/guia\\\/romaria-dos-homens-2026-confira-alteracoes-do-transito-em-vitoria\\\/\",\"name\":\"Romaria dos Homens 2026: confira altera\u00e7\u00f5es do tr\u00e2nsito em Vit\u00f3ria | Guia Comercial de Vit\u00f3ria ES\",\"isPartOf\":{\"@id\":\"https:\\\/\\\/www.encontravitoria.com.br\\\/guia\\\/#website\"},\"primaryImageOfPage\":{\"@id\":\"https:\\\/\\\/www.encontravitoria.com.br\\\/guia\\\/romaria-dos-homens-2026-confira-alteracoes-do-transito-em-vitoria\\\/#primaryimage\"},\"image\":{\"@id\":\"https:\\\/\\\/www.encontravitoria.com.br\\\/guia\\\/romaria-dos-homens-2026-confira-alteracoes-do-transito-em-vitoria\\\/#primaryimage\"},\"thumbnailUrl\":\"https:\\\/\\\/www.encontravitoria.com.br\\\/guia\\\/wp-content\\\/uploads\\\/2026\\\/04\\\/romaria-dos-homens-2026-confira-alteracoes-do-transito-em-vitoria.webp\",\"datePublished\":\"2026-04-10T07:39:34+00:00\",\"author\":{\"@id\":\"https:\\\/\\\/www.encontravitoria.com.br\\\/guia\\\/#\\\/schema\\\/person\\\/e5c86e2a8d5a2a0333f0c44792c74c65\"},\"inLanguage\":\"pt-BR\",\"potentialAction\":[{\"@type\":\"ReadAction\",\"target\":[\"https:\\\/\\\/www.encontravitoria.com.br\\\/guia\\\/romaria-dos-homens-2026-confira-alteracoes-do-transito-em-vitoria\\\/\"]}]},{\"@type\":\"ImageObject\",\"inLanguage\":\"pt-BR\",\"@id\":\"https:\\\/\\\/www.encontravitoria.com.br\\\/guia\\\/romaria-dos-homens-2026-confira-alteracoes-do-transito-em-vitoria\\\/#primaryimage\",\"url\":\"https:\\\/\\\/www.encontravitoria.com.br\\\/guia\\\/wp-content\\\/uploads\\\/2026\\\/04\\\/romaria-dos-homens-2026-confira-alteracoes-do-transito-em-vitoria.webp\",\"contentUrl\":\"https:\\\/\\\/www.encontravitoria.com.br\\\/guia\\\/wp-content\\\/uploads\\\/2026\\\/04\\\/romaria-dos-homens-2026-confira-alteracoes-do-transito-em-vitoria.webp\",\"width\":280,\"height\":280,\"caption\":\"Festa da Penha 2026\"},{\"@type\":\"WebSite\",\"@id\":\"https:\\\/\\\/www.encontravitoria.com.br\\\/guia\\\/#website\",\"url\":\"https:\\\/\\\/www.encontravitoria.com.br\\\/guia\\\/\",\"name\":\"Guia Comercial de Vit\u00f3ria ES\",\"description\":\"ENCONTRA VIT\u00d3RIA - O guia comercial de neg\u00f3cios e empresas, cultura e divers\u00e3o na cidade de Vit\u00f3ria. Feito 100% para voc\u00ea morador!\",\"potentialAction\":[{\"@type\":\"SearchAction\",\"target\":{\"@type\":\"EntryPoint\",\"urlTemplate\":\"https:\\\/\\\/www.encontravitoria.com.br\\\/guia\\\/?s={search_term_string}\"},\"query-input\":{\"@type\":\"PropertyValueSpecification\",\"valueRequired\":true,\"valueName\":\"search_term_string\"}}],\"inLanguage\":\"pt-BR\"},{\"@type\":\"Person\",\"@id\":\"https:\\\/\\\/www.encontravitoria.com.br\\\/guia\\\/#\\\/schema\\\/person\\\/e5c86e2a8d5a2a0333f0c44792c74c65\",\"name\":\"Encontra Vit\u00f3ria\",\"image\":{\"@type\":\"ImageObject\",\"inLanguage\":\"pt-BR\",\"@id\":\"https:\\\/\\\/secure.gravatar.com\\\/avatar\\\/c50c17820bcf322f0a8fd6b110b8c0918141409dc69076470f6fca5fee70a5d4?s=96&d=mm&r=g\",\"url\":\"https:\\\/\\\/secure.gravatar.com\\\/avatar\\\/c50c17820bcf322f0a8fd6b110b8c0918141409dc69076470f6fca5fee70a5d4?s=96&d=mm&r=g\",\"contentUrl\":\"https:\\\/\\\/secure.gravatar.com\\\/avatar\\\/c50c17820bcf322f0a8fd6b110b8c0918141409dc69076470f6fca5fee70a5d4?s=96&d=mm&r=g\",\"caption\":\"Encontra Vit\u00f3ria\"},\"url\":\"https:\\\/\\\/www.encontravitoria.com.br\\\/guia\\\/author\\\/encontravitoria\\\/\"}]}<\/script>\n<!-- \/ Yoast SEO plugin. -->","yoast_head_json":{"title":"Romaria dos Homens 2026: confira altera\u00e7\u00f5es do tr\u00e2nsito em Vit\u00f3ria | Guia Comercial de Vit\u00f3ria ES","robots":{"index":"index","follow":"follow","max-snippet":"max-snippet:-1","max-image-preview":"max-image-preview:large","max-video-preview":"max-video-preview:-1"},"canonical":"https:\/\/www.encontravitoria.com.br\/guia\/romaria-dos-homens-2026-confira-alteracoes-do-transito-em-vitoria\/","og_locale":"pt_BR","og_type":"article","og_title":"Romaria dos Homens 2026: confira altera\u00e7\u00f5es do tr\u00e2nsito em Vit\u00f3ria | Guia Comercial de Vit\u00f3ria ES","og_description":"Festa da Penha 2026 traz altera\u00e7\u00f5es no tr\u00e2nsito em Vit\u00f3ria que voc\u00ea precisa conhecer.","og_url":"https:\/\/www.encontravitoria.com.br\/guia\/romaria-dos-homens-2026-confira-alteracoes-do-transito-em-vitoria\/","og_site_name":"Guia Comercial de Vit\u00f3ria ES","article_published_time":"2026-04-10T07:39:34+00:00","og_image":[{"url":"https:\/\/www.encontravitoria.com.br\/guia\/wp-content\/uploads\/2026\/04\/romaria-dos-homens-2026-confira-alteracoes-do-transito-em-vitoria.webp","type":"","width":"","height":""}],"author":"Encontra Vit\u00f3ria","twitter_card":"summary_large_image","twitter_misc":{"Escrito por":"Encontra Vit\u00f3ria","Est. tempo de leitura":"3 minutos"},"schema":{"@context":"https:\/\/schema.org","@graph":[{"@type":"Article","@id":"https:\/\/www.encontravitoria.com.br\/guia\/romaria-dos-homens-2026-confira-alteracoes-do-transito-em-vitoria\/#article","isPartOf":{"@id":"https:\/\/www.encontravitoria.com.br\/guia\/romaria-dos-homens-2026-confira-alteracoes-do-transito-em-vitoria\/"},"author":{"name":"Encontra Vit\u00f3ria","@id":"https:\/\/www.encontravitoria.com.br\/guia\/#\/schema\/person\/e5c86e2a8d5a2a0333f0c44792c74c65"},"headline":"Romaria dos Homens 2026: confira altera\u00e7\u00f5es do tr\u00e2nsito em Vit\u00f3ria","datePublished":"2026-04-10T07:39:34+00:00","mainEntityOfPage":{"@id":"https:\/\/www.encontravitoria.com.br\/guia\/romaria-dos-homens-2026-confira-alteracoes-do-transito-em-vitoria\/"},"wordCount":704,"commentCount":0,"image":{"@id":"https:\/\/www.encontravitoria.com.br\/guia\/romaria-dos-homens-2026-confira-alteracoes-do-transito-em-vitoria\/#primaryimage"},"thumbnailUrl":"https:\/\/www.encontravitoria.com.br\/guia\/wp-content\/uploads\/2026\/04\/romaria-dos-homens-2026-confira-alteracoes-do-transito-em-vitoria.webp","articleSection":["Not\u00edcias Vit\u00f3ria"],"inLanguage":"pt-BR","potentialAction":[{"@type":"CommentAction","name":"Comment","target":["https:\/\/www.encontravitoria.com.br\/guia\/romaria-dos-homens-2026-confira-alteracoes-do-transito-em-vitoria\/#respond"]}]},{"@type":"WebPage","@id":"https:\/\/www.encontravitoria.com.br\/guia\/romaria-dos-homens-2026-confira-alteracoes-do-transito-em-vitoria\/","url":"https:\/\/www.encontravitoria.com.br\/guia\/romaria-dos-homens-2026-confira-alteracoes-do-transito-em-vitoria\/","name":"Romaria dos Homens 2026: confira altera\u00e7\u00f5es do tr\u00e2nsito em Vit\u00f3ria | Guia Comercial de Vit\u00f3ria ES","isPartOf":{"@id":"https:\/\/www.encontravitoria.com.br\/guia\/#website"},"primaryImageOfPage":{"@id":"https:\/\/www.encontravitoria.com.br\/guia\/romaria-dos-homens-2026-confira-alteracoes-do-transito-em-vitoria\/#primaryimage"},"image":{"@id":"https:\/\/www.encontravitoria.com.br\/guia\/romaria-dos-homens-2026-confira-alteracoes-do-transito-em-vitoria\/#primaryimage"},"thumbnailUrl":"https:\/\/www.encontravitoria.com.br\/guia\/wp-content\/uploads\/2026\/04\/romaria-dos-homens-2026-confira-alteracoes-do-transito-em-vitoria.webp","datePublished":"2026-04-10T07:39:34+00:00","author":{"@id":"https:\/\/www.encontravitoria.com.br\/guia\/#\/schema\/person\/e5c86e2a8d5a2a0333f0c44792c74c65"},"inLanguage":"pt-BR","potentialAction":[{"@type":"ReadAction","target":["https:\/\/www.encontravitoria.com.br\/guia\/romaria-dos-homens-2026-confira-alteracoes-do-transito-em-vitoria\/"]}]},{"@type":"ImageObject","inLanguage":"pt-BR","@id":"https:\/\/www.encontravitoria.com.br\/guia\/romaria-dos-homens-2026-confira-alteracoes-do-transito-em-vitoria\/#primaryimage","url":"https:\/\/www.encontravitoria.com.br\/guia\/wp-content\/uploads\/2026\/04\/romaria-dos-homens-2026-confira-alteracoes-do-transito-em-vitoria.webp","contentUrl":"https:\/\/www.encontravitoria.com.br\/guia\/wp-content\/uploads\/2026\/04\/romaria-dos-homens-2026-confira-alteracoes-do-transito-em-vitoria.webp","width":280,"height":280,"caption":"Festa da Penha 2026"},{"@type":"WebSite","@id":"https:\/\/www.encontravitoria.com.br\/guia\/#website","url":"https:\/\/www.encontravitoria.com.br\/guia\/","name":"Guia Comercial de Vit\u00f3ria ES","description":"ENCONTRA VIT\u00d3RIA - O guia comercial de neg\u00f3cios e empresas, cultura e divers\u00e3o na cidade de Vit\u00f3ria. Feito 100% para voc\u00ea morador!","potentialAction":[{"@type":"SearchAction","target":{"@type":"EntryPoint","urlTemplate":"https:\/\/www.encontravitoria.com.br\/guia\/?s={search_term_string}"},"query-input":{"@type":"PropertyValueSpecification","valueRequired":true,"valueName":"search_term_string"}}],"inLanguage":"pt-BR"},{"@type":"Person","@id":"https:\/\/www.encontravitoria.com.br\/guia\/#\/schema\/person\/e5c86e2a8d5a2a0333f0c44792c74c65","name":"Encontra Vit\u00f3ria","image":{"@type":"ImageObject","inLanguage":"pt-BR","@id":"https:\/\/secure.gravatar.com\/avatar\/c50c17820bcf322f0a8fd6b110b8c0918141409dc69076470f6fca5fee70a5d4?s=96&d=mm&r=g","url":"https:\/\/secure.gravatar.com\/avatar\/c50c17820bcf322f0a8fd6b110b8c0918141409dc69076470f6fca5fee70a5d4?s=96&d=mm&r=g","contentUrl":"https:\/\/secure.gravatar.com\/avatar\/c50c17820bcf322f0a8fd6b110b8c0918141409dc69076470f6fca5fee70a5d4?s=96&d=mm&r=g","caption":"Encontra Vit\u00f3ria"},"url":"https:\/\/www.encontravitoria.com.br\/guia\/author\/encontravitoria\/"}]}},"_links":{"self":[{"href":"https:\/\/www.encontravitoria.com.br\/guia\/wp-json\/wp\/v2\/posts\/7864","targetHints":{"allow":["GET"]}}],"collection":[{"href":"https:\/\/www.encontravitoria.com.br\/guia\/wp-json\/wp\/v2\/posts"}],"about":[{"href":"https:\/\/www.encontravitoria.com.br\/guia\/wp-json\/wp\/v2\/types\/post"}],"author":[{"embeddable":true,"href":"https:\/\/www.encontravitoria.com.br\/guia\/wp-json\/wp\/v2\/users\/1"}],"replies":[{"embeddable":true,"href":"https:\/\/www.encontravitoria.com.br\/guia\/wp-json\/wp\/v2\/comments?post=7864"}],"version-history":[{"count":0,"href":"https:\/\/www.encontravitoria.com.br\/guia\/wp-json\/wp\/v2\/posts\/7864\/revisions"}],"wp:featuredmedia":[{"embeddable":true,"href":"https:\/\/www.encontravitoria.com.br\/guia\/wp-json\/wp\/v2\/media\/7863"}],"wp:attachment":[{"href":"https:\/\/www.encontravitoria.com.br\/guia\/wp-json\/wp\/v2\/media?parent=7864"}],"wp:term":[{"taxonomy":"category","embeddable":true,"href":"https:\/\/www.encontravitoria.com.br\/guia\/wp-json\/wp\/v2\/categories?post=7864"},{"taxonomy":"post_tag","embeddable":true,"href":"https:\/\/www.encontravitoria.com.br\/guia\/wp-json\/wp\/v2\/tags?post=7864"}],"curies":[{"name":"wp","href":"https:\/\/api.w.org\/{rel}","templated":true}]}}