{"id":7873,"date":"2026-04-12T04:39:09","date_gmt":"2026-04-12T07:39:09","guid":{"rendered":"https:\/\/www.encontravitoria.com.br\/guia\/camburi-tera-mudancas-no-transito-para-corrida-na-proxima-segunda\/"},"modified":"2026-04-12T04:39:09","modified_gmt":"2026-04-12T07:39:09","slug":"camburi-tera-mudancas-no-transito-para-corrida-na-proxima-segunda","status":"publish","type":"post","link":"https:\/\/www.encontravitoria.com.br\/guia\/camburi-tera-mudancas-no-transito-para-corrida-na-proxima-segunda\/","title":{"rendered":"Camburi ter\u00e1 mudan\u00e7as no tr\u00e2nsito para corrida na pr\u00f3xima segunda"},"content":{"rendered":"<h2>Altera\u00e7\u00f5es no Tr\u00e2nsito para a Corrida<\/h2>\n<p>Na pr\u00f3xima segunda-feira, dia 13, a orla de Camburi ser\u00e1 palco da &#8220;Corrida 100% Voc\u00ea&#8221;. Para garantir a seguran\u00e7a dos muitos participantes, diversas modifica\u00e7\u00f5es ser\u00e3o implementadas no tr\u00e1fego de ve\u00edculos na Avenida Dante Michelini. Essas mudan\u00e7as visam facilitar a realiza\u00e7\u00e3o do evento e minimizar inc\u00f4modos para os moradores e motoristas da regi\u00e3o durante a corrida.<\/p>\n<h2>Impacto no Tr\u00e2nsito da Avenida Dante Michelini<\/h2>\n<p>Durante a semana das prepara\u00e7\u00f5es para a corrida, a Avenida Dante Michelini ter\u00e1 sua circula\u00e7\u00e3o alterada de forma a permitir a montagem das estruturas necess\u00e1rias para a competi\u00e7\u00e3o. O trecho que vai do Jardim Camburi at\u00e9 o Posto Shell, na Mata da Praia, ficar\u00e1 em parte bloqueado durante as madrugadas dos dias preparat\u00f3rios.<\/p>\n<h2>Hor\u00e1rios de Bloqueio na Avenida<\/h2>\n<p>O bloqueio da Avenida Dante Michelini ocorrer\u00e1 em diferentes dias e horas, conforme descrito a seguir:<\/p>\n<ul>\n<li><strong>Quinta-feira (9):<\/strong> Bloqueio parcial da meia-noite at\u00e9 as 4h da manh\u00e3, com sinaliza\u00e7\u00e3o especial para orientar os motoristas sobre a passagem em m\u00e3o e contram\u00e3o.<\/li>\n<li><strong>Sexta-feira (10) e S\u00e1bado (11):<\/strong> A partir da meia-noite at\u00e9 as 4h, apenas uma faixa no sentido Centro-Jardim Camburi ser\u00e1 ocupada, permitindo um fluxo de ve\u00edculos ainda sem mudan\u00e7as significativas para os motoristas.<\/li>\n<\/ul>\n<h2>Orienta\u00e7\u00f5es para Motoristas<\/h2>\n<p>\u00c9 importante que os motoristas fiquem atentos \u00e0s sinaliza\u00e7\u00f5es e orienta\u00e7\u00f5es emitidas pela Secretaria Municipal de Seguran\u00e7a Urbana e pelas equipes da Guarda de Vit\u00f3ria. Para se deslocar com maior comodidade, recomenda-se seguir as rotas alternativas a seguir:<\/p>\n<ul>\n<li>Rodovia das Paneleiras e Avenida Fernando Ferrari para quem vai entre a Serra e o Centro de Vit\u00f3ria.<\/li>\n<li>Evitar o trecho bloqueado da Avenida Dante Michelini, especialmente durante os hor\u00e1rios de interdi\u00e7\u00e3o.<\/li>\n<\/ul>\n<h2>Acesso \u00e0s Avenidas Adalberto Sim\u00e3o Nader<\/h2>\n<p>Os motoristas poder\u00e3o acessar normalmente a Avenida Adalberto Sim\u00e3o Nader, assim como a maioria dos outros trechos na Avenida Dante Michelini n\u00e3o atingidos pelo bloqueio. Durante as madrugadas dos dias 9, 10 e 11, a passagem pela \u00e1rea ser\u00e1 permitida com aten\u00e7\u00e3o \u00e0 sinaliza\u00e7\u00e3o e poss\u00edveis desvio tempor\u00e1rios.<\/p>\n<h2>Seguran\u00e7a Durante o Evento<\/h2>\n<p>Na segunda-feira, durante a corrida, das 4h \u00e0s 8h, o tr\u00e1fego na Avenida Dante Michelini estar\u00e1 completamente fechado entre o p\u00eder de Iemanj\u00e1 e o quiosque Repique. Apenas a faixa da direita no sentido Mata da Praia ser\u00e1 liberada para o tr\u00e1fego local, sendo fundamental seguir as orienta\u00e7\u00f5es das equipes da Guarda Municipal para garantir a seguran\u00e7a de todos.<\/p>\n<h2>Melhores Rotas para Evitar Congestionamentos<\/h2>\n<p>Para evitar complica\u00e7\u00f5es no dia do evento, recomenda-se utilizar rotas alternativas. A partir das 8h, a &#8220;Rua de Lazer&#8221; entrar\u00e1 em funcionamento, transformando a din\u00e2mica do tr\u00e1fego na regi\u00e3o, e a Dante Michelini ser\u00e1 interditada conforme os moldes das interdi\u00e7\u00f5es realizadas em domingos e feriados.<\/p>\n<h2>O Que Esperar Durante a Corrida<\/h2>\n<p>Os participantes e espectadores da corrida devem antecipar um dia vibrante na orla de Camburi, com diversas atividades e um grande n\u00famero de corredores nas ruas. Al\u00e9m das mudan\u00e7as no tr\u00e2nsito, ser\u00e1 um excelente momento para se respeitar as orienta\u00e7\u00f5es de seguran\u00e7a e de conviv\u00eancia numa atmosfera de celebra\u00e7\u00e3o.<\/p>\n<h2>Informa\u00e7\u00f5es Adicionais sobre a Corrida<\/h2>\n<p>A corrida \u00e9 uma iniciativa interessante para promover a atividade f\u00edsica e o engajamento da comunidade local em atividades saud\u00e1veis. Para informa\u00e7\u00f5es adicionais sobre inscri\u00e7\u00f5es e detalhes do evento, consulte os canais oficiais de comunica\u00e7\u00e3o da Prefeitura ou a p\u00e1gina dedicada ao evento.<\/p>\n<h2>Equipe de Apoio na Regi\u00e3o<\/h2>\n<p>Equipes da Guarda de Vit\u00f3ria estar\u00e3o de prontid\u00e3o na regi\u00e3o para auxiliar tanto motoristas quanto participantes, facilitando a movimenta\u00e7\u00e3o e oferecendo informa\u00e7\u00f5es sobre desvios e acessos. Durante o evento, \u00e9 essencial que todos colaborem com as autoridades presentes e respeitem as sinaliza\u00e7\u00f5es para garantir a seguran\u00e7a e o sucesso da corrida.<\/p>\n","protected":false},"excerpt":{"rendered":"<p>Mudan\u00e7as no tr\u00e2nsito de Camburi para garantir seguran\u00e7a na corrida.<\/p>\n","protected":false},"author":1,"featured_media":0,"comment_status":"open","ping_status":"open","sticky":false,"template":"","format":"standard","meta":{"footnotes":""},"categories":[904],"tags":[],"class_list":["post-7873","post","type-post","status-publish","format-standard","hentry","category-transito"],"yoast_head":"<!-- This site is optimized with the Yoast SEO plugin v27.9 - https:\/\/yoast.com\/product\/yoast-seo-wordpress\/ -->\n<title>Camburi ter\u00e1 mudan\u00e7as no tr\u00e2nsito para corrida na pr\u00f3xima segunda | Guia Comercial de Vit\u00f3ria ES<\/title>\n<meta name=\"robots\" content=\"index, follow, max-snippet:-1, max-image-preview:large, max-video-preview:-1\" \/>\n<link rel=\"canonical\" href=\"https:\/\/www.encontravitoria.com.br\/guia\/camburi-tera-mudancas-no-transito-para-corrida-na-proxima-segunda\/\" \/>\n<meta property=\"og:locale\" content=\"pt_BR\" \/>\n<meta property=\"og:type\" content=\"article\" \/>\n<meta property=\"og:title\" content=\"Camburi ter\u00e1 mudan\u00e7as no tr\u00e2nsito para corrida na pr\u00f3xima segunda | Guia Comercial de Vit\u00f3ria ES\" \/>\n<meta property=\"og:description\" content=\"Mudan\u00e7as no tr\u00e2nsito de Camburi para garantir seguran\u00e7a na corrida.\" \/>\n<meta property=\"og:url\" content=\"https:\/\/www.encontravitoria.com.br\/guia\/camburi-tera-mudancas-no-transito-para-corrida-na-proxima-segunda\/\" \/>\n<meta property=\"og:site_name\" content=\"Guia Comercial de Vit\u00f3ria ES\" \/>\n<meta property=\"article:published_time\" content=\"2026-04-12T07:39:09+00:00\" \/>\n<meta name=\"author\" content=\"Encontra Vit\u00f3ria\" \/>\n<meta name=\"twitter:card\" content=\"summary_large_image\" \/>\n<meta name=\"twitter:label1\" content=\"Escrito por\" \/>\n\t<meta name=\"twitter:data1\" content=\"Encontra Vit\u00f3ria\" \/>\n\t<meta name=\"twitter:label2\" content=\"Est. tempo de leitura\" \/>\n\t<meta name=\"twitter:data2\" content=\"3 minutos\" \/>\n<script type=\"application\/ld+json\" class=\"yoast-schema-graph\">{\"@context\":\"https:\\\/\\\/schema.org\",\"@graph\":[{\"@type\":\"Article\",\"@id\":\"https:\\\/\\\/www.encontravitoria.com.br\\\/guia\\\/camburi-tera-mudancas-no-transito-para-corrida-na-proxima-segunda\\\/#article\",\"isPartOf\":{\"@id\":\"https:\\\/\\\/www.encontravitoria.com.br\\\/guia\\\/camburi-tera-mudancas-no-transito-para-corrida-na-proxima-segunda\\\/\"},\"author\":{\"name\":\"Encontra Vit\u00f3ria\",\"@id\":\"https:\\\/\\\/www.encontravitoria.com.br\\\/guia\\\/#\\\/schema\\\/person\\\/e5c86e2a8d5a2a0333f0c44792c74c65\"},\"headline\":\"Camburi ter\u00e1 mudan\u00e7as no tr\u00e2nsito para corrida na pr\u00f3xima segunda\",\"datePublished\":\"2026-04-12T07:39:09+00:00\",\"mainEntityOfPage\":{\"@id\":\"https:\\\/\\\/www.encontravitoria.com.br\\\/guia\\\/camburi-tera-mudancas-no-transito-para-corrida-na-proxima-segunda\\\/\"},\"wordCount\":676,\"commentCount\":0,\"articleSection\":[\"Tr\u00e2nsito Vit\u00f3ria\"],\"inLanguage\":\"pt-BR\",\"potentialAction\":[{\"@type\":\"CommentAction\",\"name\":\"Comment\",\"target\":[\"https:\\\/\\\/www.encontravitoria.com.br\\\/guia\\\/camburi-tera-mudancas-no-transito-para-corrida-na-proxima-segunda\\\/#respond\"]}]},{\"@type\":\"WebPage\",\"@id\":\"https:\\\/\\\/www.encontravitoria.com.br\\\/guia\\\/camburi-tera-mudancas-no-transito-para-corrida-na-proxima-segunda\\\/\",\"url\":\"https:\\\/\\\/www.encontravitoria.com.br\\\/guia\\\/camburi-tera-mudancas-no-transito-para-corrida-na-proxima-segunda\\\/\",\"name\":\"Camburi ter\u00e1 mudan\u00e7as no tr\u00e2nsito para corrida na pr\u00f3xima segunda | Guia Comercial de Vit\u00f3ria ES\",\"isPartOf\":{\"@id\":\"https:\\\/\\\/www.encontravitoria.com.br\\\/guia\\\/#website\"},\"datePublished\":\"2026-04-12T07:39:09+00:00\",\"author\":{\"@id\":\"https:\\\/\\\/www.encontravitoria.com.br\\\/guia\\\/#\\\/schema\\\/person\\\/e5c86e2a8d5a2a0333f0c44792c74c65\"},\"inLanguage\":\"pt-BR\",\"potentialAction\":[{\"@type\":\"ReadAction\",\"target\":[\"https:\\\/\\\/www.encontravitoria.com.br\\\/guia\\\/camburi-tera-mudancas-no-transito-para-corrida-na-proxima-segunda\\\/\"]}]},{\"@type\":\"WebSite\",\"@id\":\"https:\\\/\\\/www.encontravitoria.com.br\\\/guia\\\/#website\",\"url\":\"https:\\\/\\\/www.encontravitoria.com.br\\\/guia\\\/\",\"name\":\"Guia Comercial de Vit\u00f3ria ES\",\"description\":\"ENCONTRA VIT\u00d3RIA - O guia comercial de neg\u00f3cios e empresas, cultura e divers\u00e3o na cidade de Vit\u00f3ria. Feito 100% para voc\u00ea morador!\",\"potentialAction\":[{\"@type\":\"SearchAction\",\"target\":{\"@type\":\"EntryPoint\",\"urlTemplate\":\"https:\\\/\\\/www.encontravitoria.com.br\\\/guia\\\/?s={search_term_string}\"},\"query-input\":{\"@type\":\"PropertyValueSpecification\",\"valueRequired\":true,\"valueName\":\"search_term_string\"}}],\"inLanguage\":\"pt-BR\"},{\"@type\":\"Person\",\"@id\":\"https:\\\/\\\/www.encontravitoria.com.br\\\/guia\\\/#\\\/schema\\\/person\\\/e5c86e2a8d5a2a0333f0c44792c74c65\",\"name\":\"Encontra Vit\u00f3ria\",\"image\":{\"@type\":\"ImageObject\",\"inLanguage\":\"pt-BR\",\"@id\":\"https:\\\/\\\/secure.gravatar.com\\\/avatar\\\/c50c17820bcf322f0a8fd6b110b8c0918141409dc69076470f6fca5fee70a5d4?s=96&d=mm&r=g\",\"url\":\"https:\\\/\\\/secure.gravatar.com\\\/avatar\\\/c50c17820bcf322f0a8fd6b110b8c0918141409dc69076470f6fca5fee70a5d4?s=96&d=mm&r=g\",\"contentUrl\":\"https:\\\/\\\/secure.gravatar.com\\\/avatar\\\/c50c17820bcf322f0a8fd6b110b8c0918141409dc69076470f6fca5fee70a5d4?s=96&d=mm&r=g\",\"caption\":\"Encontra Vit\u00f3ria\"},\"url\":\"https:\\\/\\\/www.encontravitoria.com.br\\\/guia\\\/author\\\/encontravitoria\\\/\"}]}<\/script>\n<!-- \/ Yoast SEO plugin. -->","yoast_head_json":{"title":"Camburi ter\u00e1 mudan\u00e7as no tr\u00e2nsito para corrida na pr\u00f3xima segunda | Guia Comercial de Vit\u00f3ria ES","robots":{"index":"index","follow":"follow","max-snippet":"max-snippet:-1","max-image-preview":"max-image-preview:large","max-video-preview":"max-video-preview:-1"},"canonical":"https:\/\/www.encontravitoria.com.br\/guia\/camburi-tera-mudancas-no-transito-para-corrida-na-proxima-segunda\/","og_locale":"pt_BR","og_type":"article","og_title":"Camburi ter\u00e1 mudan\u00e7as no tr\u00e2nsito para corrida na pr\u00f3xima segunda | Guia Comercial de Vit\u00f3ria ES","og_description":"Mudan\u00e7as no tr\u00e2nsito de Camburi para garantir seguran\u00e7a na corrida.","og_url":"https:\/\/www.encontravitoria.com.br\/guia\/camburi-tera-mudancas-no-transito-para-corrida-na-proxima-segunda\/","og_site_name":"Guia Comercial de Vit\u00f3ria ES","article_published_time":"2026-04-12T07:39:09+00:00","author":"Encontra Vit\u00f3ria","twitter_card":"summary_large_image","twitter_misc":{"Escrito por":"Encontra Vit\u00f3ria","Est. tempo de leitura":"3 minutos"},"schema":{"@context":"https:\/\/schema.org","@graph":[{"@type":"Article","@id":"https:\/\/www.encontravitoria.com.br\/guia\/camburi-tera-mudancas-no-transito-para-corrida-na-proxima-segunda\/#article","isPartOf":{"@id":"https:\/\/www.encontravitoria.com.br\/guia\/camburi-tera-mudancas-no-transito-para-corrida-na-proxima-segunda\/"},"author":{"name":"Encontra Vit\u00f3ria","@id":"https:\/\/www.encontravitoria.com.br\/guia\/#\/schema\/person\/e5c86e2a8d5a2a0333f0c44792c74c65"},"headline":"Camburi ter\u00e1 mudan\u00e7as no tr\u00e2nsito para corrida na pr\u00f3xima segunda","datePublished":"2026-04-12T07:39:09+00:00","mainEntityOfPage":{"@id":"https:\/\/www.encontravitoria.com.br\/guia\/camburi-tera-mudancas-no-transito-para-corrida-na-proxima-segunda\/"},"wordCount":676,"commentCount":0,"articleSection":["Tr\u00e2nsito Vit\u00f3ria"],"inLanguage":"pt-BR","potentialAction":[{"@type":"CommentAction","name":"Comment","target":["https:\/\/www.encontravitoria.com.br\/guia\/camburi-tera-mudancas-no-transito-para-corrida-na-proxima-segunda\/#respond"]}]},{"@type":"WebPage","@id":"https:\/\/www.encontravitoria.com.br\/guia\/camburi-tera-mudancas-no-transito-para-corrida-na-proxima-segunda\/","url":"https:\/\/www.encontravitoria.com.br\/guia\/camburi-tera-mudancas-no-transito-para-corrida-na-proxima-segunda\/","name":"Camburi ter\u00e1 mudan\u00e7as no tr\u00e2nsito para corrida na pr\u00f3xima segunda | Guia Comercial de Vit\u00f3ria ES","isPartOf":{"@id":"https:\/\/www.encontravitoria.com.br\/guia\/#website"},"datePublished":"2026-04-12T07:39:09+00:00","author":{"@id":"https:\/\/www.encontravitoria.com.br\/guia\/#\/schema\/person\/e5c86e2a8d5a2a0333f0c44792c74c65"},"inLanguage":"pt-BR","potentialAction":[{"@type":"ReadAction","target":["https:\/\/www.encontravitoria.com.br\/guia\/camburi-tera-mudancas-no-transito-para-corrida-na-proxima-segunda\/"]}]},{"@type":"WebSite","@id":"https:\/\/www.encontravitoria.com.br\/guia\/#website","url":"https:\/\/www.encontravitoria.com.br\/guia\/","name":"Guia Comercial de Vit\u00f3ria ES","description":"ENCONTRA VIT\u00d3RIA - O guia comercial de neg\u00f3cios e empresas, cultura e divers\u00e3o na cidade de Vit\u00f3ria. Feito 100% para voc\u00ea morador!","potentialAction":[{"@type":"SearchAction","target":{"@type":"EntryPoint","urlTemplate":"https:\/\/www.encontravitoria.com.br\/guia\/?s={search_term_string}"},"query-input":{"@type":"PropertyValueSpecification","valueRequired":true,"valueName":"search_term_string"}}],"inLanguage":"pt-BR"},{"@type":"Person","@id":"https:\/\/www.encontravitoria.com.br\/guia\/#\/schema\/person\/e5c86e2a8d5a2a0333f0c44792c74c65","name":"Encontra Vit\u00f3ria","image":{"@type":"ImageObject","inLanguage":"pt-BR","@id":"https:\/\/secure.gravatar.com\/avatar\/c50c17820bcf322f0a8fd6b110b8c0918141409dc69076470f6fca5fee70a5d4?s=96&d=mm&r=g","url":"https:\/\/secure.gravatar.com\/avatar\/c50c17820bcf322f0a8fd6b110b8c0918141409dc69076470f6fca5fee70a5d4?s=96&d=mm&r=g","contentUrl":"https:\/\/secure.gravatar.com\/avatar\/c50c17820bcf322f0a8fd6b110b8c0918141409dc69076470f6fca5fee70a5d4?s=96&d=mm&r=g","caption":"Encontra Vit\u00f3ria"},"url":"https:\/\/www.encontravitoria.com.br\/guia\/author\/encontravitoria\/"}]}},"_links":{"self":[{"href":"https:\/\/www.encontravitoria.com.br\/guia\/wp-json\/wp\/v2\/posts\/7873","targetHints":{"allow":["GET"]}}],"collection":[{"href":"https:\/\/www.encontravitoria.com.br\/guia\/wp-json\/wp\/v2\/posts"}],"about":[{"href":"https:\/\/www.encontravitoria.com.br\/guia\/wp-json\/wp\/v2\/types\/post"}],"author":[{"embeddable":true,"href":"https:\/\/www.encontravitoria.com.br\/guia\/wp-json\/wp\/v2\/users\/1"}],"replies":[{"embeddable":true,"href":"https:\/\/www.encontravitoria.com.br\/guia\/wp-json\/wp\/v2\/comments?post=7873"}],"version-history":[{"count":0,"href":"https:\/\/www.encontravitoria.com.br\/guia\/wp-json\/wp\/v2\/posts\/7873\/revisions"}],"wp:attachment":[{"href":"https:\/\/www.encontravitoria.com.br\/guia\/wp-json\/wp\/v2\/media?parent=7873"}],"wp:term":[{"taxonomy":"category","embeddable":true,"href":"https:\/\/www.encontravitoria.com.br\/guia\/wp-json\/wp\/v2\/categories?post=7873"},{"taxonomy":"post_tag","embeddable":true,"href":"https:\/\/www.encontravitoria.com.br\/guia\/wp-json\/wp\/v2\/tags?post=7873"}],"curies":[{"name":"wp","href":"https:\/\/api.w.org\/{rel}","templated":true}]}}