{"id":7907,"date":"2026-04-19T04:46:49","date_gmt":"2026-04-19T07:46:49","guid":{"rendered":"https:\/\/www.encontravitoria.com.br\/guia\/feira-do-vinil-transforma-sons-em-historias-e-convida-vitoria-a-girar-no-ritmo-da-memoria\/"},"modified":"2026-04-19T04:46:49","modified_gmt":"2026-04-19T07:46:49","slug":"feira-do-vinil-transforma-sons-em-historias-e-convida-vitoria-a-girar-no-ritmo-da-memoria","status":"publish","type":"post","link":"https:\/\/www.encontravitoria.com.br\/guia\/feira-do-vinil-transforma-sons-em-historias-e-convida-vitoria-a-girar-no-ritmo-da-memoria\/","title":{"rendered":"Feira do Vinil transforma sons em hist\u00f3rias e convida Vit\u00f3ria a girar no ritmo da mem\u00f3ria"},"content":{"rendered":"<h2>Celebra\u00e7\u00e3o da Hist\u00f3ria do Vinil<\/h2>\n<p>O vinil, um formato que se destacou nas d\u00e9cadas passadas, continua a cativar ouvintes e colecionadores com seu som inconfund\u00edvel. Em um mundo onde a m\u00fasica digital predomina, o vinil representa n\u00e3o apenas uma forma de ouvir m\u00fasica, mas uma verdadeira experi\u00eancia sensorial que evoca nostalgia e paix\u00e3o por colecionar. A &#8216;Feira do Vinil &#8211; ES&#8217; \u00e9 uma celebra\u00e7\u00e3o dessa rica hist\u00f3ria, reunindo entusiastas e novos amantes da m\u00fasica em um ambiente vibrante, que valoriza cada disco como uma obra de arte, tanto sonora quanto visual.<\/p>\n<h2>Atra\u00e7\u00f5es Imperd\u00edveis da Feira<\/h2>\n<p>Durante a Feira do Vinil, os visitantes poder\u00e3o explorar uma ampla variedade de expositores e colecionadores, todos ansiosos para compartilhar suas hist\u00f3rias e experi\u00eancias. O evento \u00e9 decorado com capas de discos que contam hist\u00f3rias e lembran\u00e7as, proporcionando um cen\u00e1rio perfeito para quem deseja descobrir novos artistas ou relembrar cl\u00e1ssicos antigos. Os destaques incluem:<\/p>\n<ul>\n<li><strong>DJs ao Vivo:<\/strong> Sets especiais de DJs que se dedicam ao formato vinil. Eles trazem uma sele\u00e7\u00e3o de m\u00fasicas que v\u00e3o desde os cl\u00e1ssicos at\u00e9 novidades, promovendo uma experi\u00eancia sonora aut\u00eantica.<\/li>\n<li><strong>Troca de Discos:<\/strong> Um espa\u00e7o onde visitantes podem n\u00e3o apenas comprar, mas tamb\u00e9m trocar discos, incentivando a intera\u00e7\u00e3o e a troca de experi\u00eancias entre os participantes.<\/li>\n<li><strong>Palestras e S\u00edmbolos Culturais:<\/strong> Mini palestras sobre a import\u00e2ncia do vinil na m\u00fasica e cultura, discutindo o impacto e a resili\u00eancia desse formato ao longo dos anos.<\/li>\n<\/ul>\n<h2>Experi\u00eancias Sonoras com DJs Especialistas<\/h2>\n<p>A feira se destaca pela programa\u00e7\u00e3o musical, cuidadosamente selecionada para encantar o p\u00fablico. DJs reconhecidos se apresentam utilizando exclusivamente discos de vinil, trazendo de volta a magia da discotecagem anal\u00f3gica. \u00c9 a oportunidade perfeita para sentir as vibra\u00e7\u00f5es e o calor do som que s\u00f3 o vinil \u00e9 capaz de oferecer, em uma experi\u00eancia que mescla passado e presente. Os DJs s\u00e3o apaixonados pelo que fazem e t\u00eam um profundo conhecimento da hist\u00f3ria musical, o que enriquece ainda mais a experi\u00eancia dos visitantes.<\/p>\n<p><img decoding=\"async\" src=\"https:\/\/www.encontravitoria.com.br\/guia\/wp-content\/uploads\/2026\/04\/feira-do-vinil-transforma-sons-em-historias-e-convida-vitoria-a-girar-no-ritmo-da-memoria.webp\" alt=\"Feira do Vinil\" loading=\"lazy\" \/><\/p>\n<h2>A Import\u00e2ncia da M\u00fasica na Mem\u00f3ria Coletiva<\/h2>\n<p>A m\u00fasica possui um papel fundamental na constru\u00e7\u00e3o da identidade e na mem\u00f3ria coletiva. Atrav\u00e9s dos discos de vinil, fazemos uma viagem ao passado, onde cada can\u00e7\u00e3o remete a momentos significativos de nossas vidas. Essa conex\u00e3o emocional \u00e9 o que a &#8216;Feira do Vinil &#8211; ES&#8217; busca promover, permitindo que cada visitante relembre e reinterprete suas mem\u00f3rias ao som de suas m\u00fasicas favoritas. O vinil, com sua qualidade sonora \u00fanica e est\u00e9tica visual, traz \u00e0 tona emo\u00e7\u00f5es que muitas vezes est\u00e3o adormecidas.<\/p>\n<h2>Conex\u00f5es entre Colecionadores e Expositores<\/h2>\n<p>Um dos principais objetivos da feira \u00e9 fomentar o encontro e a troca entre colecionadores e expositores independentes. Essa intera\u00e7\u00e3o n\u00e3o s\u00f3 enriquece a experi\u00eancia de todos os presentes, mas tamb\u00e9m fortalece a comunidade musical local. Na feira, \u00e9 poss\u00edvel compartilhar conhecimentos, discutir sobre discos raros, e estabelecer la\u00e7os que podem durar por muitos anos. Cada colecionador tem uma hist\u00f3ria a contar, e essas hist\u00f3rias se entrela\u00e7am durante o evento, criando uma rede de amizades e parcerias.<\/p>\n<h2>Acessibilidade na Casa Porto<\/h2>\n<p>A &#8216;Feira do Vinil &#8211; ES&#8217; \u00e9 realizada na Casa Porto das Artes Pl\u00e1sticas, que oferece infraestrutura adaptada para garantir a acessibilidade de todos os visitantes. Os organizadores se preocupam em proporcionar um ambiente confort\u00e1vel, com banheiros adaptados e sinaliza\u00e7\u00f5es para facilitar a circula\u00e7\u00e3o de pessoas com mobilidade reduzida. O compromisso com a inclus\u00e3o \u00e9 um dos pilares que sustentam a realiza\u00e7\u00e3o da feira, assegurando que todos possam desfrutar do evento.<\/p>\n<h2>Datas e Hor\u00e1rios do Evento<\/h2>\n<p>A Feira do Vinil acontece nos dias 18 e 19 de abril de 2026, estendendo-se no s\u00e1bado das 13 \u00e0s 18 horas e no domingo das 13 \u00e0s 17 horas. \u00c9 uma excelente oportunidade para se imergir em um universo sonoro diversificado e experienciar a energia que somente a m\u00fasica ao vivo pode proporcionar.<\/p>\n<h2>Como Participar do Evento<\/h2>\n<p>A entrada na &#8216;Feira do Vinil &#8211; ES&#8217; \u00e9 gratuita, o que a torna acess\u00edvel a todos aqueles que se interessam pela cultura do vinil. N\u00e3o \u00e9 necess\u00e1rio realizar inscri\u00e7\u00e3o pr\u00e9via, basta comparecer ao evento e aproveitar tudo o que ele tem a oferecer. A participa\u00e7\u00e3o ativa \u00e9 encorajada, especialmente durante as intera\u00e7\u00f5es com expositores e durante as sess\u00f5es de troca de discos.<\/p>\n<h2>Nostalgia e Redescoberta no Mundo do Vinil<\/h2>\n<p>Na era digital, \u00e9 f\u00e1cil esquecermos o prazer que vinha de manusear discos e apreciar suas capas belamente projetadas. A &#8216;Feira do Vinil &#8211; ES&#8217; resgata essa sensa\u00e7\u00e3o, permitindo que os participantes redescubram a alegria de ouvir m\u00fasica em um formato que transcende o tempo. Para muitos, o vinil representa mais do que um simples disco; \u00e9 uma forma de arte que merece ser celebrada e preservada. Esta feira traz \u00e0 tona a fascinante experi\u00eancia de nostalgia na redescoberta de sons, ritmos e emo\u00e7\u00f5es.<\/p>\n<h2>Feira do Vinil e o Dia Nacional do Vinil<\/h2>\n<p>O evento tamb\u00e9m coincide com a celebra\u00e7\u00e3o do Dia Nacional do Vinil, um momento dedicado a homenagear e reconhecer a import\u00e2ncia deste formato na cultura musical. A &#8216;Feira do Vinil &#8211; ES&#8217; se alinha com essa causa, promovendo n\u00e3o apenas a venda e troca de discos, mas tamb\u00e9m a conscientiza\u00e7\u00e3o sobre a hist\u00f3ria e o impacto cultural que o vinil teve na m\u00fasica e nas emo\u00e7\u00f5es humanas. \u00c9 uma a\u00e7\u00e3o que incentiva tanto os jovens quanto os mais velhos a se reconectarem com a m\u00fasica de uma forma mais profunda e significativa.<\/p>\n","protected":false},"excerpt":{"rendered":"<p>A Feira do Vinil \u00e9 um convite para reviver mem\u00f3rias musicais em Vit\u00f3ria.<\/p>\n","protected":false},"author":1,"featured_media":7906,"comment_status":"open","ping_status":"open","sticky":false,"template":"","format":"standard","meta":{"footnotes":""},"categories":[5],"tags":[],"class_list":["post-7907","post","type-post","status-publish","format-standard","has-post-thumbnail","hentry","category-noticias","has_thumb"],"yoast_head":"<!-- This site is optimized with the Yoast SEO plugin v27.9 - https:\/\/yoast.com\/product\/yoast-seo-wordpress\/ -->\n<title>Feira do Vinil transforma sons em hist\u00f3rias e convida Vit\u00f3ria a girar no ritmo da mem\u00f3ria | Guia Comercial de Vit\u00f3ria ES<\/title>\n<meta name=\"robots\" content=\"index, follow, max-snippet:-1, max-image-preview:large, max-video-preview:-1\" \/>\n<link rel=\"canonical\" href=\"https:\/\/www.encontravitoria.com.br\/guia\/feira-do-vinil-transforma-sons-em-historias-e-convida-vitoria-a-girar-no-ritmo-da-memoria\/\" \/>\n<meta property=\"og:locale\" content=\"pt_BR\" \/>\n<meta property=\"og:type\" content=\"article\" \/>\n<meta property=\"og:title\" content=\"Feira do Vinil transforma sons em hist\u00f3rias e convida Vit\u00f3ria a girar no ritmo da mem\u00f3ria | Guia Comercial de Vit\u00f3ria ES\" \/>\n<meta property=\"og:description\" content=\"A Feira do Vinil \u00e9 um convite para reviver mem\u00f3rias musicais em Vit\u00f3ria.\" \/>\n<meta property=\"og:url\" content=\"https:\/\/www.encontravitoria.com.br\/guia\/feira-do-vinil-transforma-sons-em-historias-e-convida-vitoria-a-girar-no-ritmo-da-memoria\/\" \/>\n<meta property=\"og:site_name\" content=\"Guia Comercial de Vit\u00f3ria ES\" \/>\n<meta property=\"article:published_time\" content=\"2026-04-19T07:46:49+00:00\" \/>\n<meta property=\"og:image\" content=\"https:\/\/www.encontravitoria.com.br\/guia\/wp-content\/uploads\/2026\/04\/feira-do-vinil-transforma-sons-em-historias-e-convida-vitoria-a-girar-no-ritmo-da-memoria.webp\" \/>\n<meta name=\"author\" content=\"Encontra Vit\u00f3ria\" \/>\n<meta name=\"twitter:card\" content=\"summary_large_image\" \/>\n<meta name=\"twitter:label1\" content=\"Escrito por\" \/>\n\t<meta name=\"twitter:data1\" content=\"Encontra Vit\u00f3ria\" \/>\n\t<meta name=\"twitter:label2\" content=\"Est. tempo de leitura\" \/>\n\t<meta name=\"twitter:data2\" content=\"5 minutos\" \/>\n<script type=\"application\/ld+json\" class=\"yoast-schema-graph\">{\"@context\":\"https:\\\/\\\/schema.org\",\"@graph\":[{\"@type\":\"Article\",\"@id\":\"https:\\\/\\\/www.encontravitoria.com.br\\\/guia\\\/feira-do-vinil-transforma-sons-em-historias-e-convida-vitoria-a-girar-no-ritmo-da-memoria\\\/#article\",\"isPartOf\":{\"@id\":\"https:\\\/\\\/www.encontravitoria.com.br\\\/guia\\\/feira-do-vinil-transforma-sons-em-historias-e-convida-vitoria-a-girar-no-ritmo-da-memoria\\\/\"},\"author\":{\"name\":\"Encontra Vit\u00f3ria\",\"@id\":\"https:\\\/\\\/www.encontravitoria.com.br\\\/guia\\\/#\\\/schema\\\/person\\\/e5c86e2a8d5a2a0333f0c44792c74c65\"},\"headline\":\"Feira do Vinil transforma sons em hist\u00f3rias e convida Vit\u00f3ria a girar no ritmo da mem\u00f3ria\",\"datePublished\":\"2026-04-19T07:46:49+00:00\",\"mainEntityOfPage\":{\"@id\":\"https:\\\/\\\/www.encontravitoria.com.br\\\/guia\\\/feira-do-vinil-transforma-sons-em-historias-e-convida-vitoria-a-girar-no-ritmo-da-memoria\\\/\"},\"wordCount\":982,\"commentCount\":0,\"image\":{\"@id\":\"https:\\\/\\\/www.encontravitoria.com.br\\\/guia\\\/feira-do-vinil-transforma-sons-em-historias-e-convida-vitoria-a-girar-no-ritmo-da-memoria\\\/#primaryimage\"},\"thumbnailUrl\":\"https:\\\/\\\/www.encontravitoria.com.br\\\/guia\\\/wp-content\\\/uploads\\\/2026\\\/04\\\/feira-do-vinil-transforma-sons-em-historias-e-convida-vitoria-a-girar-no-ritmo-da-memoria.webp\",\"articleSection\":[\"Not\u00edcias Vit\u00f3ria\"],\"inLanguage\":\"pt-BR\",\"potentialAction\":[{\"@type\":\"CommentAction\",\"name\":\"Comment\",\"target\":[\"https:\\\/\\\/www.encontravitoria.com.br\\\/guia\\\/feira-do-vinil-transforma-sons-em-historias-e-convida-vitoria-a-girar-no-ritmo-da-memoria\\\/#respond\"]}]},{\"@type\":\"WebPage\",\"@id\":\"https:\\\/\\\/www.encontravitoria.com.br\\\/guia\\\/feira-do-vinil-transforma-sons-em-historias-e-convida-vitoria-a-girar-no-ritmo-da-memoria\\\/\",\"url\":\"https:\\\/\\\/www.encontravitoria.com.br\\\/guia\\\/feira-do-vinil-transforma-sons-em-historias-e-convida-vitoria-a-girar-no-ritmo-da-memoria\\\/\",\"name\":\"Feira do Vinil transforma sons em hist\u00f3rias e convida Vit\u00f3ria a girar no ritmo da mem\u00f3ria | Guia Comercial de Vit\u00f3ria ES\",\"isPartOf\":{\"@id\":\"https:\\\/\\\/www.encontravitoria.com.br\\\/guia\\\/#website\"},\"primaryImageOfPage\":{\"@id\":\"https:\\\/\\\/www.encontravitoria.com.br\\\/guia\\\/feira-do-vinil-transforma-sons-em-historias-e-convida-vitoria-a-girar-no-ritmo-da-memoria\\\/#primaryimage\"},\"image\":{\"@id\":\"https:\\\/\\\/www.encontravitoria.com.br\\\/guia\\\/feira-do-vinil-transforma-sons-em-historias-e-convida-vitoria-a-girar-no-ritmo-da-memoria\\\/#primaryimage\"},\"thumbnailUrl\":\"https:\\\/\\\/www.encontravitoria.com.br\\\/guia\\\/wp-content\\\/uploads\\\/2026\\\/04\\\/feira-do-vinil-transforma-sons-em-historias-e-convida-vitoria-a-girar-no-ritmo-da-memoria.webp\",\"datePublished\":\"2026-04-19T07:46:49+00:00\",\"author\":{\"@id\":\"https:\\\/\\\/www.encontravitoria.com.br\\\/guia\\\/#\\\/schema\\\/person\\\/e5c86e2a8d5a2a0333f0c44792c74c65\"},\"inLanguage\":\"pt-BR\",\"potentialAction\":[{\"@type\":\"ReadAction\",\"target\":[\"https:\\\/\\\/www.encontravitoria.com.br\\\/guia\\\/feira-do-vinil-transforma-sons-em-historias-e-convida-vitoria-a-girar-no-ritmo-da-memoria\\\/\"]}]},{\"@type\":\"ImageObject\",\"inLanguage\":\"pt-BR\",\"@id\":\"https:\\\/\\\/www.encontravitoria.com.br\\\/guia\\\/feira-do-vinil-transforma-sons-em-historias-e-convida-vitoria-a-girar-no-ritmo-da-memoria\\\/#primaryimage\",\"url\":\"https:\\\/\\\/www.encontravitoria.com.br\\\/guia\\\/wp-content\\\/uploads\\\/2026\\\/04\\\/feira-do-vinil-transforma-sons-em-historias-e-convida-vitoria-a-girar-no-ritmo-da-memoria.webp\",\"contentUrl\":\"https:\\\/\\\/www.encontravitoria.com.br\\\/guia\\\/wp-content\\\/uploads\\\/2026\\\/04\\\/feira-do-vinil-transforma-sons-em-historias-e-convida-vitoria-a-girar-no-ritmo-da-memoria.webp\",\"width\":280,\"height\":280,\"caption\":\"Feira do Vinil\"},{\"@type\":\"WebSite\",\"@id\":\"https:\\\/\\\/www.encontravitoria.com.br\\\/guia\\\/#website\",\"url\":\"https:\\\/\\\/www.encontravitoria.com.br\\\/guia\\\/\",\"name\":\"Guia Comercial de Vit\u00f3ria ES\",\"description\":\"ENCONTRA VIT\u00d3RIA - O guia comercial de neg\u00f3cios e empresas, cultura e divers\u00e3o na cidade de Vit\u00f3ria. Feito 100% para voc\u00ea morador!\",\"potentialAction\":[{\"@type\":\"SearchAction\",\"target\":{\"@type\":\"EntryPoint\",\"urlTemplate\":\"https:\\\/\\\/www.encontravitoria.com.br\\\/guia\\\/?s={search_term_string}\"},\"query-input\":{\"@type\":\"PropertyValueSpecification\",\"valueRequired\":true,\"valueName\":\"search_term_string\"}}],\"inLanguage\":\"pt-BR\"},{\"@type\":\"Person\",\"@id\":\"https:\\\/\\\/www.encontravitoria.com.br\\\/guia\\\/#\\\/schema\\\/person\\\/e5c86e2a8d5a2a0333f0c44792c74c65\",\"name\":\"Encontra Vit\u00f3ria\",\"image\":{\"@type\":\"ImageObject\",\"inLanguage\":\"pt-BR\",\"@id\":\"https:\\\/\\\/secure.gravatar.com\\\/avatar\\\/c50c17820bcf322f0a8fd6b110b8c0918141409dc69076470f6fca5fee70a5d4?s=96&d=mm&r=g\",\"url\":\"https:\\\/\\\/secure.gravatar.com\\\/avatar\\\/c50c17820bcf322f0a8fd6b110b8c0918141409dc69076470f6fca5fee70a5d4?s=96&d=mm&r=g\",\"contentUrl\":\"https:\\\/\\\/secure.gravatar.com\\\/avatar\\\/c50c17820bcf322f0a8fd6b110b8c0918141409dc69076470f6fca5fee70a5d4?s=96&d=mm&r=g\",\"caption\":\"Encontra Vit\u00f3ria\"},\"url\":\"https:\\\/\\\/www.encontravitoria.com.br\\\/guia\\\/author\\\/encontravitoria\\\/\"}]}<\/script>\n<!-- \/ Yoast SEO plugin. -->","yoast_head_json":{"title":"Feira do Vinil transforma sons em hist\u00f3rias e convida Vit\u00f3ria a girar no ritmo da mem\u00f3ria | Guia Comercial de Vit\u00f3ria ES","robots":{"index":"index","follow":"follow","max-snippet":"max-snippet:-1","max-image-preview":"max-image-preview:large","max-video-preview":"max-video-preview:-1"},"canonical":"https:\/\/www.encontravitoria.com.br\/guia\/feira-do-vinil-transforma-sons-em-historias-e-convida-vitoria-a-girar-no-ritmo-da-memoria\/","og_locale":"pt_BR","og_type":"article","og_title":"Feira do Vinil transforma sons em hist\u00f3rias e convida Vit\u00f3ria a girar no ritmo da mem\u00f3ria | Guia Comercial de Vit\u00f3ria ES","og_description":"A Feira do Vinil \u00e9 um convite para reviver mem\u00f3rias musicais em Vit\u00f3ria.","og_url":"https:\/\/www.encontravitoria.com.br\/guia\/feira-do-vinil-transforma-sons-em-historias-e-convida-vitoria-a-girar-no-ritmo-da-memoria\/","og_site_name":"Guia Comercial de Vit\u00f3ria ES","article_published_time":"2026-04-19T07:46:49+00:00","og_image":[{"url":"https:\/\/www.encontravitoria.com.br\/guia\/wp-content\/uploads\/2026\/04\/feira-do-vinil-transforma-sons-em-historias-e-convida-vitoria-a-girar-no-ritmo-da-memoria.webp","type":"","width":"","height":""}],"author":"Encontra Vit\u00f3ria","twitter_card":"summary_large_image","twitter_misc":{"Escrito por":"Encontra Vit\u00f3ria","Est. tempo de leitura":"5 minutos"},"schema":{"@context":"https:\/\/schema.org","@graph":[{"@type":"Article","@id":"https:\/\/www.encontravitoria.com.br\/guia\/feira-do-vinil-transforma-sons-em-historias-e-convida-vitoria-a-girar-no-ritmo-da-memoria\/#article","isPartOf":{"@id":"https:\/\/www.encontravitoria.com.br\/guia\/feira-do-vinil-transforma-sons-em-historias-e-convida-vitoria-a-girar-no-ritmo-da-memoria\/"},"author":{"name":"Encontra Vit\u00f3ria","@id":"https:\/\/www.encontravitoria.com.br\/guia\/#\/schema\/person\/e5c86e2a8d5a2a0333f0c44792c74c65"},"headline":"Feira do Vinil transforma sons em hist\u00f3rias e convida Vit\u00f3ria a girar no ritmo da mem\u00f3ria","datePublished":"2026-04-19T07:46:49+00:00","mainEntityOfPage":{"@id":"https:\/\/www.encontravitoria.com.br\/guia\/feira-do-vinil-transforma-sons-em-historias-e-convida-vitoria-a-girar-no-ritmo-da-memoria\/"},"wordCount":982,"commentCount":0,"image":{"@id":"https:\/\/www.encontravitoria.com.br\/guia\/feira-do-vinil-transforma-sons-em-historias-e-convida-vitoria-a-girar-no-ritmo-da-memoria\/#primaryimage"},"thumbnailUrl":"https:\/\/www.encontravitoria.com.br\/guia\/wp-content\/uploads\/2026\/04\/feira-do-vinil-transforma-sons-em-historias-e-convida-vitoria-a-girar-no-ritmo-da-memoria.webp","articleSection":["Not\u00edcias Vit\u00f3ria"],"inLanguage":"pt-BR","potentialAction":[{"@type":"CommentAction","name":"Comment","target":["https:\/\/www.encontravitoria.com.br\/guia\/feira-do-vinil-transforma-sons-em-historias-e-convida-vitoria-a-girar-no-ritmo-da-memoria\/#respond"]}]},{"@type":"WebPage","@id":"https:\/\/www.encontravitoria.com.br\/guia\/feira-do-vinil-transforma-sons-em-historias-e-convida-vitoria-a-girar-no-ritmo-da-memoria\/","url":"https:\/\/www.encontravitoria.com.br\/guia\/feira-do-vinil-transforma-sons-em-historias-e-convida-vitoria-a-girar-no-ritmo-da-memoria\/","name":"Feira do Vinil transforma sons em hist\u00f3rias e convida Vit\u00f3ria a girar no ritmo da mem\u00f3ria | Guia Comercial de Vit\u00f3ria ES","isPartOf":{"@id":"https:\/\/www.encontravitoria.com.br\/guia\/#website"},"primaryImageOfPage":{"@id":"https:\/\/www.encontravitoria.com.br\/guia\/feira-do-vinil-transforma-sons-em-historias-e-convida-vitoria-a-girar-no-ritmo-da-memoria\/#primaryimage"},"image":{"@id":"https:\/\/www.encontravitoria.com.br\/guia\/feira-do-vinil-transforma-sons-em-historias-e-convida-vitoria-a-girar-no-ritmo-da-memoria\/#primaryimage"},"thumbnailUrl":"https:\/\/www.encontravitoria.com.br\/guia\/wp-content\/uploads\/2026\/04\/feira-do-vinil-transforma-sons-em-historias-e-convida-vitoria-a-girar-no-ritmo-da-memoria.webp","datePublished":"2026-04-19T07:46:49+00:00","author":{"@id":"https:\/\/www.encontravitoria.com.br\/guia\/#\/schema\/person\/e5c86e2a8d5a2a0333f0c44792c74c65"},"inLanguage":"pt-BR","potentialAction":[{"@type":"ReadAction","target":["https:\/\/www.encontravitoria.com.br\/guia\/feira-do-vinil-transforma-sons-em-historias-e-convida-vitoria-a-girar-no-ritmo-da-memoria\/"]}]},{"@type":"ImageObject","inLanguage":"pt-BR","@id":"https:\/\/www.encontravitoria.com.br\/guia\/feira-do-vinil-transforma-sons-em-historias-e-convida-vitoria-a-girar-no-ritmo-da-memoria\/#primaryimage","url":"https:\/\/www.encontravitoria.com.br\/guia\/wp-content\/uploads\/2026\/04\/feira-do-vinil-transforma-sons-em-historias-e-convida-vitoria-a-girar-no-ritmo-da-memoria.webp","contentUrl":"https:\/\/www.encontravitoria.com.br\/guia\/wp-content\/uploads\/2026\/04\/feira-do-vinil-transforma-sons-em-historias-e-convida-vitoria-a-girar-no-ritmo-da-memoria.webp","width":280,"height":280,"caption":"Feira do Vinil"},{"@type":"WebSite","@id":"https:\/\/www.encontravitoria.com.br\/guia\/#website","url":"https:\/\/www.encontravitoria.com.br\/guia\/","name":"Guia Comercial de Vit\u00f3ria ES","description":"ENCONTRA VIT\u00d3RIA - O guia comercial de neg\u00f3cios e empresas, cultura e divers\u00e3o na cidade de Vit\u00f3ria. Feito 100% para voc\u00ea morador!","potentialAction":[{"@type":"SearchAction","target":{"@type":"EntryPoint","urlTemplate":"https:\/\/www.encontravitoria.com.br\/guia\/?s={search_term_string}"},"query-input":{"@type":"PropertyValueSpecification","valueRequired":true,"valueName":"search_term_string"}}],"inLanguage":"pt-BR"},{"@type":"Person","@id":"https:\/\/www.encontravitoria.com.br\/guia\/#\/schema\/person\/e5c86e2a8d5a2a0333f0c44792c74c65","name":"Encontra Vit\u00f3ria","image":{"@type":"ImageObject","inLanguage":"pt-BR","@id":"https:\/\/secure.gravatar.com\/avatar\/c50c17820bcf322f0a8fd6b110b8c0918141409dc69076470f6fca5fee70a5d4?s=96&d=mm&r=g","url":"https:\/\/secure.gravatar.com\/avatar\/c50c17820bcf322f0a8fd6b110b8c0918141409dc69076470f6fca5fee70a5d4?s=96&d=mm&r=g","contentUrl":"https:\/\/secure.gravatar.com\/avatar\/c50c17820bcf322f0a8fd6b110b8c0918141409dc69076470f6fca5fee70a5d4?s=96&d=mm&r=g","caption":"Encontra Vit\u00f3ria"},"url":"https:\/\/www.encontravitoria.com.br\/guia\/author\/encontravitoria\/"}]}},"_links":{"self":[{"href":"https:\/\/www.encontravitoria.com.br\/guia\/wp-json\/wp\/v2\/posts\/7907","targetHints":{"allow":["GET"]}}],"collection":[{"href":"https:\/\/www.encontravitoria.com.br\/guia\/wp-json\/wp\/v2\/posts"}],"about":[{"href":"https:\/\/www.encontravitoria.com.br\/guia\/wp-json\/wp\/v2\/types\/post"}],"author":[{"embeddable":true,"href":"https:\/\/www.encontravitoria.com.br\/guia\/wp-json\/wp\/v2\/users\/1"}],"replies":[{"embeddable":true,"href":"https:\/\/www.encontravitoria.com.br\/guia\/wp-json\/wp\/v2\/comments?post=7907"}],"version-history":[{"count":0,"href":"https:\/\/www.encontravitoria.com.br\/guia\/wp-json\/wp\/v2\/posts\/7907\/revisions"}],"wp:featuredmedia":[{"embeddable":true,"href":"https:\/\/www.encontravitoria.com.br\/guia\/wp-json\/wp\/v2\/media\/7906"}],"wp:attachment":[{"href":"https:\/\/www.encontravitoria.com.br\/guia\/wp-json\/wp\/v2\/media?parent=7907"}],"wp:term":[{"taxonomy":"category","embeddable":true,"href":"https:\/\/www.encontravitoria.com.br\/guia\/wp-json\/wp\/v2\/categories?post=7907"},{"taxonomy":"post_tag","embeddable":true,"href":"https:\/\/www.encontravitoria.com.br\/guia\/wp-json\/wp\/v2\/tags?post=7907"}],"curies":[{"name":"wp","href":"https:\/\/api.w.org\/{rel}","templated":true}]}}