{"id":7923,"date":"2026-04-22T04:45:28","date_gmt":"2026-04-22T07:45:28","guid":{"rendered":"https:\/\/www.encontravitoria.com.br\/guia\/vitoria-governo-do-es-e-ifes-25-mil-vagas-em-concursos-e-selecoes\/"},"modified":"2026-04-22T04:45:28","modified_gmt":"2026-04-22T07:45:28","slug":"vitoria-governo-do-es-e-ifes-25-mil-vagas-em-concursos-e-selecoes","status":"publish","type":"post","link":"https:\/\/www.encontravitoria.com.br\/guia\/vitoria-governo-do-es-e-ifes-25-mil-vagas-em-concursos-e-selecoes\/","title":{"rendered":"Vit\u00f3ria, governo do ES e Ifes: 25 mil vagas em concursos e sele\u00e7\u00f5es"},"content":{"rendered":"<h2>Oportunidades para Professores e Educadores<\/h2>\n<p>A <strong>Prefeitura de Vit\u00f3ria<\/strong> tem diversas chances dispon\u00edveis para profissionais da \u00e1rea da educa\u00e7\u00e3o. Um dos destaques \u00e9 o concurso p\u00fablico que busca preencher <strong>32 vagas<\/strong> destinadas a educadores com n\u00edvel superior. Com sal\u00e1rios atrativos de at\u00e9 <strong>R$ 7.560<\/strong>, essa \u00e9 uma excelente oportunidade para quem deseja estabilizar sua carreira no servi\u00e7o p\u00fablico. As inscri\u00e7\u00f5es estar\u00e3o abertas de <strong>27 de abril<\/strong> a <strong>27 de maio<\/strong>.<\/p>\n<h2>Vagas na Sa\u00fade: Agente Comunit\u00e1rio e Mais<\/h2>\n<p>Al\u00e9m das oportunidades na educa\u00e7\u00e3o, h\u00e1 tamb\u00e9m uma demanda significativa na \u00e1rea da sa\u00fade. A Prefeitura de <strong>Vargem Alta<\/strong> est\u00e1 com um processo seletivo aberto para <strong>agentes comunit\u00e1rios de sa\u00fade<\/strong> e <strong>agentes de combate \u00e0s endemias<\/strong>, totalizando <strong>oito vagas<\/strong>. Os profissionais selecionados poder\u00e3o receber at\u00e9 <strong>R$ 3.242<\/strong>, com inscri\u00e7\u00e3o dispon\u00edvel entre <strong>24 de abril<\/strong> e <strong>8 de junho<\/strong>.<\/p>\n<h2>Concursos na Seguran\u00e7a P\u00fablica em Vit\u00f3ria<\/h2>\n<p>Outra \u00e1rea com significativa solicita\u00e7\u00e3o s\u00e3o as for\u00e7as de seguran\u00e7a. A <strong>Pol\u00edcia Militar<\/strong> e outras institui\u00e7\u00f5es t\u00eam aberto vagas em seus concursos. Por exemplo, a c\u00e2mara municipal de <strong>Domingos Martins<\/strong> est\u00e1 com edital em aberto para <strong>13 vagas<\/strong>, com remunera\u00e7\u00e3o que pode chegar a <strong>R$ 4.515<\/strong>. O prazo para se inscrever vai at\u00e9 <strong>29 de abril<\/strong>.<\/p>\n<p><img decoding=\"async\" src=\"https:\/\/www.encontravitoria.com.br\/guia\/wp-content\/uploads\/2026\/04\/vitoria-governo-do-es-e-ifes-25-mil-vagas-em-concursos-e-selecoes.webp\" alt=\"concursos e sele\u00e7\u00f5es Vit\u00f3ria\" loading=\"lazy\" \/><\/p>\n<h2>Sal\u00e1rios Atrativos e Benef\u00edcios do Servi\u00e7o P\u00fablico<\/h2>\n<p>A gama de sal\u00e1rios oferecidos nas sele\u00e7\u00f5es e concursos \u00e9 bastante variada, podendo chegar a valores expressivos, como at\u00e9 <strong>R$ 37 mil<\/strong> em algumas \u00e1reas, dependendo do cargo e da experi\u00eancia. Al\u00e9m dos sal\u00e1rios, os funcion\u00e1rios p\u00fablicos costumam ter acesso a diversos benef\u00edcios, incluindo planos de sa\u00fade, aux\u00edlio transporte e gratifica\u00e7\u00f5es. Isso torna a carreira p\u00fablica ainda mais atrativa para muitos profissionais.<\/p>\n<h2>Inscri\u00e7\u00f5es Abertas: Como Participar?<\/h2>\n<p>Os interessados em participar dos concursos e sele\u00e7\u00f5es devem ficar atentos \u00e0s datas e aos requisitos espec\u00edficos de cada edital. Para facilitar o processo, recomenda-se:<\/p>\n<ul>\n<li><strong>Ler o edital com aten\u00e7\u00e3o:<\/strong> \u00c9 fundamental compreender todas as exig\u00eancias e etapas do processo seletivo.<\/li>\n<li><strong>Preparar a documenta\u00e7\u00e3o necess\u00e1ria:<\/strong> Tenha em m\u00e3os todos os documentos exigidos para inscri\u00e7\u00e3o e poss\u00edveis etapas, como provas.<\/li>\n<li><strong>Estudar com anteced\u00eancia:<\/strong> Os concurso p\u00fablicos demandam bem mais do que conhecimento b\u00e1sico, portanto, a prepara\u00e7\u00e3o pr\u00e9via \u00e9 crucial.<\/li>\n<\/ul>\n<h2>Cadastro de Reserva: O Que Isso Significa?<\/h2>\n<p>Alguns concursos, al\u00e9m de preencher vagas efetivas, tamb\u00e9m estabelecem um <strong>cadastro de reserva<\/strong>. Isso significa que, mesmo que n\u00e3o seja chamado imediatamente, o candidato pode ser convocado posteriormente, caso haja novas oportunidades ou desist\u00eancias de candidatos que j\u00e1 foram inicialmente aprovados. Portanto, vale a pena se inscrever mesmo que as vagas imediatas pare\u00e7am limitadas.<\/p>\n<h2>Vagas para Engenheiros e T\u00e9cnicos<\/h2>\n<p>O setor p\u00fablico tamb\u00e9m est\u00e1 buscando profissionais da \u00e1rea t\u00e9cnica e de engenharia. Como exemplo, o processo seletivo promovido pela <strong>Minas Gerais Administra\u00e7\u00e3o e Servi\u00e7os S.A. (MGS)<\/strong> oferece vagas em mais de <strong>50 cidades<\/strong> do Esp\u00edrito Santo, incluindo fun\u00e7\u00f5es como <strong>assistente social<\/strong>, <strong>bibliotec\u00e1rio<\/strong> e <strong>assistente administrativo<\/strong>, com sal\u00e1rios que podem alcan\u00e7ar <strong>R$ 4.508,11<\/strong>. As inscri\u00e7\u00f5es v\u00e3o at\u00e9 <strong>4 de maio<\/strong><\/p>\n<h2>O Papel do Ifes nas Sele\u00e7\u00f5es no Estado<\/h2>\n<p>O <strong>Instituto Federal do Esp\u00edrito Santo (Ifes)<\/strong> tamb\u00e9m abriu oportunidades significativas, buscando um <strong>professor substituto<\/strong> para o campus de Nova Ven\u00e9cia. Oferecendo uma remunera\u00e7\u00e3o de <strong>R$ 8.340<\/strong>, as inscri\u00e7\u00f5es se encerram em <strong>24 de abril<\/strong>. Isso demonstra o compromisso do Ifes em fortalecer a educa\u00e7\u00e3o local atrav\u00e9s da contrata\u00e7\u00e3o de profissionais qualificados.<\/p>\n<h2>Concursos P\u00fablicos em Destaque no Esp\u00edrito Santo<\/h2>\n<p>Entre os principais concursos e processos seletivos abertos atualmente, destacam-se::<\/p>\n<ul>\n<li>Concursos da <strong>Prefeitura de Vit\u00f3ria<\/strong> com vagas para professores.<\/li>\n<li>Processo seletivo da <strong>MGS<\/strong> com vagas em todo o Estado.<\/li>\n<li>Oportunidades na <strong>Pol\u00edcia Militar<\/strong> e outras For\u00e7as de seguran\u00e7a.<\/li>\n<\/ul>\n<h2>Dicas para Aproveitar as Oportunidades<\/h2>\n<p>Para maximizar suas chances de sucesso nos concursos e sele\u00e7\u00f5es, considere as seguintes dicas:<\/p>\n<ul>\n<li><strong>Prepare-se psicologicamente:<\/strong> Fique calmo e mantenha a concentra\u00e7\u00e3o durante os exames.<\/li>\n<li><strong>Construa uma rotina de estudos:<\/strong> Agende per\u00edodos regulares para revisar conte\u00fados.<\/li>\n<li><strong>Forme grupos de estudo:<\/strong> Trocar ideias e conhecimentos pode ajudar na assimila\u00e7\u00e3o do conte\u00fado.<\/li>\n<\/ul>\n<p>Aproveitar estas oportunidades no servi\u00e7o p\u00fablico pode ser a chave para uma carreira est\u00e1vel e promissora. Portanto, informe-se bem, prepare-se adequadamente e n\u00e3o perca as datas de inscri\u00e7\u00e3o nos concursos.<\/p>\n","protected":false},"excerpt":{"rendered":"<p>Vit\u00f3ria oferece 25 mil vagas em concursos e sele\u00e7\u00f5es para diversas \u00e1reas.<\/p>\n","protected":false},"author":1,"featured_media":7922,"comment_status":"open","ping_status":"open","sticky":false,"template":"","format":"standard","meta":{"footnotes":""},"categories":[5],"tags":[],"class_list":["post-7923","post","type-post","status-publish","format-standard","has-post-thumbnail","hentry","category-noticias","has_thumb"],"yoast_head":"<!-- This site is optimized with the Yoast SEO plugin v27.9 - https:\/\/yoast.com\/product\/yoast-seo-wordpress\/ -->\n<title>Vit\u00f3ria, governo do ES e Ifes: 25 mil vagas em concursos e sele\u00e7\u00f5es | Guia Comercial de Vit\u00f3ria ES<\/title>\n<meta name=\"robots\" content=\"index, follow, max-snippet:-1, max-image-preview:large, max-video-preview:-1\" \/>\n<link rel=\"canonical\" href=\"https:\/\/www.encontravitoria.com.br\/guia\/vitoria-governo-do-es-e-ifes-25-mil-vagas-em-concursos-e-selecoes\/\" \/>\n<meta property=\"og:locale\" content=\"pt_BR\" \/>\n<meta property=\"og:type\" content=\"article\" \/>\n<meta property=\"og:title\" content=\"Vit\u00f3ria, governo do ES e Ifes: 25 mil vagas em concursos e sele\u00e7\u00f5es | Guia Comercial de Vit\u00f3ria ES\" \/>\n<meta property=\"og:description\" content=\"Vit\u00f3ria oferece 25 mil vagas em concursos e sele\u00e7\u00f5es para diversas \u00e1reas.\" \/>\n<meta property=\"og:url\" content=\"https:\/\/www.encontravitoria.com.br\/guia\/vitoria-governo-do-es-e-ifes-25-mil-vagas-em-concursos-e-selecoes\/\" \/>\n<meta property=\"og:site_name\" content=\"Guia Comercial de Vit\u00f3ria ES\" \/>\n<meta property=\"article:published_time\" content=\"2026-04-22T07:45:28+00:00\" \/>\n<meta property=\"og:image\" content=\"https:\/\/www.encontravitoria.com.br\/guia\/wp-content\/uploads\/2026\/04\/vitoria-governo-do-es-e-ifes-25-mil-vagas-em-concursos-e-selecoes.webp\" \/>\n<meta name=\"author\" content=\"Encontra Vit\u00f3ria\" \/>\n<meta name=\"twitter:card\" content=\"summary_large_image\" \/>\n<meta name=\"twitter:label1\" content=\"Escrito por\" \/>\n\t<meta name=\"twitter:data1\" content=\"Encontra Vit\u00f3ria\" \/>\n\t<meta name=\"twitter:label2\" content=\"Est. tempo de leitura\" \/>\n\t<meta name=\"twitter:data2\" content=\"4 minutos\" \/>\n<script type=\"application\/ld+json\" class=\"yoast-schema-graph\">{\"@context\":\"https:\\\/\\\/schema.org\",\"@graph\":[{\"@type\":\"Article\",\"@id\":\"https:\\\/\\\/www.encontravitoria.com.br\\\/guia\\\/vitoria-governo-do-es-e-ifes-25-mil-vagas-em-concursos-e-selecoes\\\/#article\",\"isPartOf\":{\"@id\":\"https:\\\/\\\/www.encontravitoria.com.br\\\/guia\\\/vitoria-governo-do-es-e-ifes-25-mil-vagas-em-concursos-e-selecoes\\\/\"},\"author\":{\"name\":\"Encontra Vit\u00f3ria\",\"@id\":\"https:\\\/\\\/www.encontravitoria.com.br\\\/guia\\\/#\\\/schema\\\/person\\\/e5c86e2a8d5a2a0333f0c44792c74c65\"},\"headline\":\"Vit\u00f3ria, governo do ES e Ifes: 25 mil vagas em concursos e sele\u00e7\u00f5es\",\"datePublished\":\"2026-04-22T07:45:28+00:00\",\"mainEntityOfPage\":{\"@id\":\"https:\\\/\\\/www.encontravitoria.com.br\\\/guia\\\/vitoria-governo-do-es-e-ifes-25-mil-vagas-em-concursos-e-selecoes\\\/\"},\"wordCount\":766,\"commentCount\":0,\"image\":{\"@id\":\"https:\\\/\\\/www.encontravitoria.com.br\\\/guia\\\/vitoria-governo-do-es-e-ifes-25-mil-vagas-em-concursos-e-selecoes\\\/#primaryimage\"},\"thumbnailUrl\":\"https:\\\/\\\/www.encontravitoria.com.br\\\/guia\\\/wp-content\\\/uploads\\\/2026\\\/04\\\/vitoria-governo-do-es-e-ifes-25-mil-vagas-em-concursos-e-selecoes.webp\",\"articleSection\":[\"Not\u00edcias Vit\u00f3ria\"],\"inLanguage\":\"pt-BR\",\"potentialAction\":[{\"@type\":\"CommentAction\",\"name\":\"Comment\",\"target\":[\"https:\\\/\\\/www.encontravitoria.com.br\\\/guia\\\/vitoria-governo-do-es-e-ifes-25-mil-vagas-em-concursos-e-selecoes\\\/#respond\"]}]},{\"@type\":\"WebPage\",\"@id\":\"https:\\\/\\\/www.encontravitoria.com.br\\\/guia\\\/vitoria-governo-do-es-e-ifes-25-mil-vagas-em-concursos-e-selecoes\\\/\",\"url\":\"https:\\\/\\\/www.encontravitoria.com.br\\\/guia\\\/vitoria-governo-do-es-e-ifes-25-mil-vagas-em-concursos-e-selecoes\\\/\",\"name\":\"Vit\u00f3ria, governo do ES e Ifes: 25 mil vagas em concursos e sele\u00e7\u00f5es | Guia Comercial de Vit\u00f3ria ES\",\"isPartOf\":{\"@id\":\"https:\\\/\\\/www.encontravitoria.com.br\\\/guia\\\/#website\"},\"primaryImageOfPage\":{\"@id\":\"https:\\\/\\\/www.encontravitoria.com.br\\\/guia\\\/vitoria-governo-do-es-e-ifes-25-mil-vagas-em-concursos-e-selecoes\\\/#primaryimage\"},\"image\":{\"@id\":\"https:\\\/\\\/www.encontravitoria.com.br\\\/guia\\\/vitoria-governo-do-es-e-ifes-25-mil-vagas-em-concursos-e-selecoes\\\/#primaryimage\"},\"thumbnailUrl\":\"https:\\\/\\\/www.encontravitoria.com.br\\\/guia\\\/wp-content\\\/uploads\\\/2026\\\/04\\\/vitoria-governo-do-es-e-ifes-25-mil-vagas-em-concursos-e-selecoes.webp\",\"datePublished\":\"2026-04-22T07:45:28+00:00\",\"author\":{\"@id\":\"https:\\\/\\\/www.encontravitoria.com.br\\\/guia\\\/#\\\/schema\\\/person\\\/e5c86e2a8d5a2a0333f0c44792c74c65\"},\"inLanguage\":\"pt-BR\",\"potentialAction\":[{\"@type\":\"ReadAction\",\"target\":[\"https:\\\/\\\/www.encontravitoria.com.br\\\/guia\\\/vitoria-governo-do-es-e-ifes-25-mil-vagas-em-concursos-e-selecoes\\\/\"]}]},{\"@type\":\"ImageObject\",\"inLanguage\":\"pt-BR\",\"@id\":\"https:\\\/\\\/www.encontravitoria.com.br\\\/guia\\\/vitoria-governo-do-es-e-ifes-25-mil-vagas-em-concursos-e-selecoes\\\/#primaryimage\",\"url\":\"https:\\\/\\\/www.encontravitoria.com.br\\\/guia\\\/wp-content\\\/uploads\\\/2026\\\/04\\\/vitoria-governo-do-es-e-ifes-25-mil-vagas-em-concursos-e-selecoes.webp\",\"contentUrl\":\"https:\\\/\\\/www.encontravitoria.com.br\\\/guia\\\/wp-content\\\/uploads\\\/2026\\\/04\\\/vitoria-governo-do-es-e-ifes-25-mil-vagas-em-concursos-e-selecoes.webp\",\"width\":280,\"height\":280,\"caption\":\"concursos e sele\u00e7\u00f5es Vit\u00f3ria\"},{\"@type\":\"WebSite\",\"@id\":\"https:\\\/\\\/www.encontravitoria.com.br\\\/guia\\\/#website\",\"url\":\"https:\\\/\\\/www.encontravitoria.com.br\\\/guia\\\/\",\"name\":\"Guia Comercial de Vit\u00f3ria ES\",\"description\":\"ENCONTRA VIT\u00d3RIA - O guia comercial de neg\u00f3cios e empresas, cultura e divers\u00e3o na cidade de Vit\u00f3ria. Feito 100% para voc\u00ea morador!\",\"potentialAction\":[{\"@type\":\"SearchAction\",\"target\":{\"@type\":\"EntryPoint\",\"urlTemplate\":\"https:\\\/\\\/www.encontravitoria.com.br\\\/guia\\\/?s={search_term_string}\"},\"query-input\":{\"@type\":\"PropertyValueSpecification\",\"valueRequired\":true,\"valueName\":\"search_term_string\"}}],\"inLanguage\":\"pt-BR\"},{\"@type\":\"Person\",\"@id\":\"https:\\\/\\\/www.encontravitoria.com.br\\\/guia\\\/#\\\/schema\\\/person\\\/e5c86e2a8d5a2a0333f0c44792c74c65\",\"name\":\"Encontra Vit\u00f3ria\",\"image\":{\"@type\":\"ImageObject\",\"inLanguage\":\"pt-BR\",\"@id\":\"https:\\\/\\\/secure.gravatar.com\\\/avatar\\\/c50c17820bcf322f0a8fd6b110b8c0918141409dc69076470f6fca5fee70a5d4?s=96&d=mm&r=g\",\"url\":\"https:\\\/\\\/secure.gravatar.com\\\/avatar\\\/c50c17820bcf322f0a8fd6b110b8c0918141409dc69076470f6fca5fee70a5d4?s=96&d=mm&r=g\",\"contentUrl\":\"https:\\\/\\\/secure.gravatar.com\\\/avatar\\\/c50c17820bcf322f0a8fd6b110b8c0918141409dc69076470f6fca5fee70a5d4?s=96&d=mm&r=g\",\"caption\":\"Encontra Vit\u00f3ria\"},\"url\":\"https:\\\/\\\/www.encontravitoria.com.br\\\/guia\\\/author\\\/encontravitoria\\\/\"}]}<\/script>\n<!-- \/ Yoast SEO plugin. -->","yoast_head_json":{"title":"Vit\u00f3ria, governo do ES e Ifes: 25 mil vagas em concursos e sele\u00e7\u00f5es | Guia Comercial de Vit\u00f3ria ES","robots":{"index":"index","follow":"follow","max-snippet":"max-snippet:-1","max-image-preview":"max-image-preview:large","max-video-preview":"max-video-preview:-1"},"canonical":"https:\/\/www.encontravitoria.com.br\/guia\/vitoria-governo-do-es-e-ifes-25-mil-vagas-em-concursos-e-selecoes\/","og_locale":"pt_BR","og_type":"article","og_title":"Vit\u00f3ria, governo do ES e Ifes: 25 mil vagas em concursos e sele\u00e7\u00f5es | Guia Comercial de Vit\u00f3ria ES","og_description":"Vit\u00f3ria oferece 25 mil vagas em concursos e sele\u00e7\u00f5es para diversas \u00e1reas.","og_url":"https:\/\/www.encontravitoria.com.br\/guia\/vitoria-governo-do-es-e-ifes-25-mil-vagas-em-concursos-e-selecoes\/","og_site_name":"Guia Comercial de Vit\u00f3ria ES","article_published_time":"2026-04-22T07:45:28+00:00","og_image":[{"url":"https:\/\/www.encontravitoria.com.br\/guia\/wp-content\/uploads\/2026\/04\/vitoria-governo-do-es-e-ifes-25-mil-vagas-em-concursos-e-selecoes.webp","type":"","width":"","height":""}],"author":"Encontra Vit\u00f3ria","twitter_card":"summary_large_image","twitter_misc":{"Escrito por":"Encontra Vit\u00f3ria","Est. tempo de leitura":"4 minutos"},"schema":{"@context":"https:\/\/schema.org","@graph":[{"@type":"Article","@id":"https:\/\/www.encontravitoria.com.br\/guia\/vitoria-governo-do-es-e-ifes-25-mil-vagas-em-concursos-e-selecoes\/#article","isPartOf":{"@id":"https:\/\/www.encontravitoria.com.br\/guia\/vitoria-governo-do-es-e-ifes-25-mil-vagas-em-concursos-e-selecoes\/"},"author":{"name":"Encontra Vit\u00f3ria","@id":"https:\/\/www.encontravitoria.com.br\/guia\/#\/schema\/person\/e5c86e2a8d5a2a0333f0c44792c74c65"},"headline":"Vit\u00f3ria, governo do ES e Ifes: 25 mil vagas em concursos e sele\u00e7\u00f5es","datePublished":"2026-04-22T07:45:28+00:00","mainEntityOfPage":{"@id":"https:\/\/www.encontravitoria.com.br\/guia\/vitoria-governo-do-es-e-ifes-25-mil-vagas-em-concursos-e-selecoes\/"},"wordCount":766,"commentCount":0,"image":{"@id":"https:\/\/www.encontravitoria.com.br\/guia\/vitoria-governo-do-es-e-ifes-25-mil-vagas-em-concursos-e-selecoes\/#primaryimage"},"thumbnailUrl":"https:\/\/www.encontravitoria.com.br\/guia\/wp-content\/uploads\/2026\/04\/vitoria-governo-do-es-e-ifes-25-mil-vagas-em-concursos-e-selecoes.webp","articleSection":["Not\u00edcias Vit\u00f3ria"],"inLanguage":"pt-BR","potentialAction":[{"@type":"CommentAction","name":"Comment","target":["https:\/\/www.encontravitoria.com.br\/guia\/vitoria-governo-do-es-e-ifes-25-mil-vagas-em-concursos-e-selecoes\/#respond"]}]},{"@type":"WebPage","@id":"https:\/\/www.encontravitoria.com.br\/guia\/vitoria-governo-do-es-e-ifes-25-mil-vagas-em-concursos-e-selecoes\/","url":"https:\/\/www.encontravitoria.com.br\/guia\/vitoria-governo-do-es-e-ifes-25-mil-vagas-em-concursos-e-selecoes\/","name":"Vit\u00f3ria, governo do ES e Ifes: 25 mil vagas em concursos e sele\u00e7\u00f5es | Guia Comercial de Vit\u00f3ria ES","isPartOf":{"@id":"https:\/\/www.encontravitoria.com.br\/guia\/#website"},"primaryImageOfPage":{"@id":"https:\/\/www.encontravitoria.com.br\/guia\/vitoria-governo-do-es-e-ifes-25-mil-vagas-em-concursos-e-selecoes\/#primaryimage"},"image":{"@id":"https:\/\/www.encontravitoria.com.br\/guia\/vitoria-governo-do-es-e-ifes-25-mil-vagas-em-concursos-e-selecoes\/#primaryimage"},"thumbnailUrl":"https:\/\/www.encontravitoria.com.br\/guia\/wp-content\/uploads\/2026\/04\/vitoria-governo-do-es-e-ifes-25-mil-vagas-em-concursos-e-selecoes.webp","datePublished":"2026-04-22T07:45:28+00:00","author":{"@id":"https:\/\/www.encontravitoria.com.br\/guia\/#\/schema\/person\/e5c86e2a8d5a2a0333f0c44792c74c65"},"inLanguage":"pt-BR","potentialAction":[{"@type":"ReadAction","target":["https:\/\/www.encontravitoria.com.br\/guia\/vitoria-governo-do-es-e-ifes-25-mil-vagas-em-concursos-e-selecoes\/"]}]},{"@type":"ImageObject","inLanguage":"pt-BR","@id":"https:\/\/www.encontravitoria.com.br\/guia\/vitoria-governo-do-es-e-ifes-25-mil-vagas-em-concursos-e-selecoes\/#primaryimage","url":"https:\/\/www.encontravitoria.com.br\/guia\/wp-content\/uploads\/2026\/04\/vitoria-governo-do-es-e-ifes-25-mil-vagas-em-concursos-e-selecoes.webp","contentUrl":"https:\/\/www.encontravitoria.com.br\/guia\/wp-content\/uploads\/2026\/04\/vitoria-governo-do-es-e-ifes-25-mil-vagas-em-concursos-e-selecoes.webp","width":280,"height":280,"caption":"concursos e sele\u00e7\u00f5es Vit\u00f3ria"},{"@type":"WebSite","@id":"https:\/\/www.encontravitoria.com.br\/guia\/#website","url":"https:\/\/www.encontravitoria.com.br\/guia\/","name":"Guia Comercial de Vit\u00f3ria ES","description":"ENCONTRA VIT\u00d3RIA - O guia comercial de neg\u00f3cios e empresas, cultura e divers\u00e3o na cidade de Vit\u00f3ria. Feito 100% para voc\u00ea morador!","potentialAction":[{"@type":"SearchAction","target":{"@type":"EntryPoint","urlTemplate":"https:\/\/www.encontravitoria.com.br\/guia\/?s={search_term_string}"},"query-input":{"@type":"PropertyValueSpecification","valueRequired":true,"valueName":"search_term_string"}}],"inLanguage":"pt-BR"},{"@type":"Person","@id":"https:\/\/www.encontravitoria.com.br\/guia\/#\/schema\/person\/e5c86e2a8d5a2a0333f0c44792c74c65","name":"Encontra Vit\u00f3ria","image":{"@type":"ImageObject","inLanguage":"pt-BR","@id":"https:\/\/secure.gravatar.com\/avatar\/c50c17820bcf322f0a8fd6b110b8c0918141409dc69076470f6fca5fee70a5d4?s=96&d=mm&r=g","url":"https:\/\/secure.gravatar.com\/avatar\/c50c17820bcf322f0a8fd6b110b8c0918141409dc69076470f6fca5fee70a5d4?s=96&d=mm&r=g","contentUrl":"https:\/\/secure.gravatar.com\/avatar\/c50c17820bcf322f0a8fd6b110b8c0918141409dc69076470f6fca5fee70a5d4?s=96&d=mm&r=g","caption":"Encontra Vit\u00f3ria"},"url":"https:\/\/www.encontravitoria.com.br\/guia\/author\/encontravitoria\/"}]}},"_links":{"self":[{"href":"https:\/\/www.encontravitoria.com.br\/guia\/wp-json\/wp\/v2\/posts\/7923","targetHints":{"allow":["GET"]}}],"collection":[{"href":"https:\/\/www.encontravitoria.com.br\/guia\/wp-json\/wp\/v2\/posts"}],"about":[{"href":"https:\/\/www.encontravitoria.com.br\/guia\/wp-json\/wp\/v2\/types\/post"}],"author":[{"embeddable":true,"href":"https:\/\/www.encontravitoria.com.br\/guia\/wp-json\/wp\/v2\/users\/1"}],"replies":[{"embeddable":true,"href":"https:\/\/www.encontravitoria.com.br\/guia\/wp-json\/wp\/v2\/comments?post=7923"}],"version-history":[{"count":0,"href":"https:\/\/www.encontravitoria.com.br\/guia\/wp-json\/wp\/v2\/posts\/7923\/revisions"}],"wp:featuredmedia":[{"embeddable":true,"href":"https:\/\/www.encontravitoria.com.br\/guia\/wp-json\/wp\/v2\/media\/7922"}],"wp:attachment":[{"href":"https:\/\/www.encontravitoria.com.br\/guia\/wp-json\/wp\/v2\/media?parent=7923"}],"wp:term":[{"taxonomy":"category","embeddable":true,"href":"https:\/\/www.encontravitoria.com.br\/guia\/wp-json\/wp\/v2\/categories?post=7923"},{"taxonomy":"post_tag","embeddable":true,"href":"https:\/\/www.encontravitoria.com.br\/guia\/wp-json\/wp\/v2\/tags?post=7923"}],"curies":[{"name":"wp","href":"https:\/\/api.w.org\/{rel}","templated":true}]}}