{"id":8002,"date":"2026-05-08T04:45:36","date_gmt":"2026-05-08T07:45:36","guid":{"rendered":"https:\/\/www.encontravitoria.com.br\/guia\/esporte-por-vitoria-atividade-fisica-e-lazer-ao-ar-livre-movimentam-a-praia-do-sua-neste-sabado-8\/"},"modified":"2026-05-08T04:45:36","modified_gmt":"2026-05-08T07:45:36","slug":"esporte-por-vitoria-atividade-fisica-e-lazer-ao-ar-livre-movimentam-a-praia-do-sua-neste-sabado-8","status":"publish","type":"post","link":"https:\/\/www.encontravitoria.com.br\/guia\/esporte-por-vitoria-atividade-fisica-e-lazer-ao-ar-livre-movimentam-a-praia-do-sua-neste-sabado-8\/","title":{"rendered":"Esporte por Vit\u00f3ria: atividade f\u00edsica e lazer ao ar livre movimentam a Praia do Su\u00e1 neste s\u00e1bado (8)"},"content":{"rendered":"<h2>O que \u00e9 o Esporte por Vit\u00f3ria?<\/h2>\n<p>O projeto &#8220;Esporte por Vit\u00f3ria&#8221; \u00e9 uma iniciativa que busca promover a atividade f\u00edsica e o lazer ao ar livre para os habitantes da cidade. Organizado pela Secretaria Municipal de Esportes e Lazer (Semesp), esse evento se destaca por combinar diversas modalidades esportivas em um ambiente amig\u00e1vel e acess\u00edvel a todos.<\/p>\n<h2>Planejamento do Evento na Praia do Su\u00e1<\/h2>\n<p>O evento \u00e9 cuidadosamente planejado para assegurar que os participantes tenham acesso a uma variedade de atividades esportivas, conduzidas por profissionais qualificados. O local escolhido, a Pra\u00e7a Jos\u00e9 Francisco Arruela Maio, na Praia do Su\u00e1, oferece uma infraestrutura adequada para a pr\u00e1tica de esportes, garantindo seguran\u00e7a e conforto aos participantes.<\/p>\n<h2>Modalidades Dispon\u00edveis para Todos<\/h2>\n<p>Uma das principais caracter\u00edsticas do &#8220;Esporte por Vit\u00f3ria&#8221; \u00e9 a diversidade de modalidades esportivas dispon\u00edveis. Os participantes poder\u00e3o se divertir e se exercitar com:<\/p>\n<p><img decoding=\"async\" src=\"https:\/\/www.encontravitoria.com.br\/guia\/wp-content\/uploads\/2026\/05\/esporte-por-vitoria-atividade-fisica-e-lazer-ao-ar-livre-movimentam-a-praia-do-sua-neste-sabado-8.webp\" alt=\"Esporte por Vit\u00f3ria\" loading=\"lazy\" \/><\/p>\n<ul>\n<li><strong>Futebol de 7:<\/strong> Uma vers\u00e3o reduzida do futebol tradicional, adaptada para grupos menores.<\/li>\n<li><strong>Futebol de Areia:<\/strong> A tradicional pr\u00e1tica, mas em um ambiente de praia, proporcionando um desafio adicional.<\/li>\n<li><strong>Futmesa:<\/strong> Um mistura de futsal com mesa de pebolim, que garante divers\u00e3o para todas as idades.<\/li>\n<li><strong>Basquete 3&#215;3:<\/strong> Uma modo din\u00e2mico e r\u00e1pido do esporte, ideal para espa\u00e7os ao ar livre.<\/li>\n<\/ul>\n<h2>Hor\u00e1rio e Localiza\u00e7\u00e3o do Evento<\/h2>\n<p>O evento se realizar\u00e1 no dia <strong>09 de maio<\/strong>, a partir das <strong>8h<\/strong>. A localiza\u00e7\u00e3o, na Pra\u00e7a Jos\u00e9 Francisco Arruela Maio, \u00e9 de f\u00e1cil acesso e apreciada pelos moradores locais. A escolha do hor\u00e1rio busca aproveitar as horas mais frescas da manh\u00e3, permitindo que os participantes desfrutem do ar livre.<\/p>\n<h2>Por que Participar do Esporte por Vit\u00f3ria?<\/h2>\n<p>Participar do &#8220;Esporte por Vit\u00f3ria&#8221; oferece uma s\u00e9rie de benef\u00edcios, incluindo:<\/p>\n<ul>\n<li><strong>Sa\u00fade F\u00edsica:<\/strong> A pr\u00e1tica regular de atividade f\u00edsica contribui para a sa\u00fade do cora\u00e7\u00e3o, desenvolvimento muscular e bem-estar geral.<\/li>\n<li><strong>Integra\u00e7\u00e3o Social:<\/strong> O evento \u00e9 uma \u00f3tima oportunidade para conhecer pessoas novas, fortalecer la\u00e7os comunit\u00e1rios e participar de uma experi\u00eancia coletiva.<\/li>\n<li><strong>Explora\u00e7\u00e3o de Novas Atividades:<\/strong> Os moradores t\u00eam a chance de experimentar modalidades esportivas que talvez n\u00e3o conhecessem anteriormente.<\/li>\n<\/ul>\n<h2>Atividades Gratuitas na Pra\u00e7a Jos\u00e9 Francisco Arruela Maio<\/h2>\n<p>As atividades oferecidas no evento s\u00e3o totalmente gratuitas e abertas ao p\u00fablico, o que incentiva mais pessoas a se juntarem e participarem, independentemente do n\u00edvel de habilidade esportiva. Essa inclus\u00e3o \u00e9 fundamental para promover um estilo de vida ativo entre todos os cidad\u00e3os.<\/p>\n<h2>Depoimentos de Participantes Anteriores<\/h2>\n<p>A experi\u00eancia passada de muitos participantes tem sido positiva. Depoimentos ressaltam a import\u00e2ncia do evento e como ele tem impactado suas vidas:<\/p>\n<ul>\n<li><i>\u201cParticipei da edi\u00e7\u00e3o anterior e foi incr\u00edvel! Conheci muitas pessoas e me diverti praticando futebol de areia.\u201d<\/i><\/li>\n<li><i>\u201c\u00c9 uma \u00f3tima forma de passar o s\u00e1bado de manh\u00e3, me exercitando e relaxando na praia.\u201d<\/i><\/li>\n<\/ul>\n<h2>Benef\u00edcios da Atividade F\u00edsica ao Ar Livre<\/h2>\n<p>Estudos demonstram que a atividade f\u00edsica ao ar livre n\u00e3o apenas melhora a sa\u00fade f\u00edsica, mas tamb\u00e9m traz benef\u00edcios psicol\u00f3gicos. Estar em contato com a natureza pode ser um fator motivador e proporcionar um efeito revigorante.<\/p>\n<h2>Como se Preparar para o Evento<\/h2>\n<p>Para garantir uma experi\u00eancia divertida e segura, alguns preparativos s\u00e3o recomendados:<\/p>\n<ul>\n<li>Use roupas confort\u00e1veis e adequadas \u00e0 pr\u00e1tica de esportes.<\/li>\n<li>Traga \u00e1gua para se manter hidratado durante as atividades.<\/li>\n<li>Chegue um pouco mais cedo para se familiarizar com o espa\u00e7o e as atividades dispon\u00edveis.<\/li>\n<\/ul>\n<h2>Iniciativas Futuras da Secretaria Municipal de Esportes<\/h2>\n<p>A Semesp est\u00e1 comprometida em continuar oferecendo eventos e atividades que valorizem a sa\u00fade e o bem-estar da popula\u00e7\u00e3o. Novas edi\u00e7\u00f5es do &#8220;Esporte por Vit\u00f3ria&#8221; e outras iniciativas esportivas est\u00e3o em planejamento, com o intuito de alcan\u00e7ar mais cidad\u00e3os e incentivar ainda mais pr\u00e1ticas saud\u00e1veis.<\/p>\n","protected":false},"excerpt":{"rendered":"<p>Esporte por Vit\u00f3ria traz atividades f\u00edsicas e lazer na Praia do Su\u00e1 neste s\u00e1bado.<\/p>\n","protected":false},"author":1,"featured_media":8001,"comment_status":"open","ping_status":"open","sticky":false,"template":"","format":"standard","meta":{"footnotes":""},"categories":[5],"tags":[],"class_list":["post-8002","post","type-post","status-publish","format-standard","has-post-thumbnail","hentry","category-noticias","has_thumb"],"yoast_head":"<!-- This site is optimized with the Yoast SEO plugin v27.9 - https:\/\/yoast.com\/product\/yoast-seo-wordpress\/ -->\n<title>Esporte por Vit\u00f3ria: atividade f\u00edsica e lazer ao ar livre movimentam a Praia do Su\u00e1 neste s\u00e1bado (8) | Guia Comercial de Vit\u00f3ria ES<\/title>\n<meta name=\"robots\" content=\"index, follow, max-snippet:-1, max-image-preview:large, max-video-preview:-1\" \/>\n<link rel=\"canonical\" href=\"https:\/\/www.encontravitoria.com.br\/guia\/esporte-por-vitoria-atividade-fisica-e-lazer-ao-ar-livre-movimentam-a-praia-do-sua-neste-sabado-8\/\" \/>\n<meta property=\"og:locale\" content=\"pt_BR\" \/>\n<meta property=\"og:type\" content=\"article\" \/>\n<meta property=\"og:title\" content=\"Esporte por Vit\u00f3ria: atividade f\u00edsica e lazer ao ar livre movimentam a Praia do Su\u00e1 neste s\u00e1bado (8) | Guia Comercial de Vit\u00f3ria ES\" \/>\n<meta property=\"og:description\" content=\"Esporte por Vit\u00f3ria traz atividades f\u00edsicas e lazer na Praia do Su\u00e1 neste s\u00e1bado.\" \/>\n<meta property=\"og:url\" content=\"https:\/\/www.encontravitoria.com.br\/guia\/esporte-por-vitoria-atividade-fisica-e-lazer-ao-ar-livre-movimentam-a-praia-do-sua-neste-sabado-8\/\" \/>\n<meta property=\"og:site_name\" content=\"Guia Comercial de Vit\u00f3ria ES\" \/>\n<meta property=\"article:published_time\" content=\"2026-05-08T07:45:36+00:00\" \/>\n<meta property=\"og:image\" content=\"https:\/\/www.encontravitoria.com.br\/guia\/wp-content\/uploads\/2026\/05\/esporte-por-vitoria-atividade-fisica-e-lazer-ao-ar-livre-movimentam-a-praia-do-sua-neste-sabado-8.webp\" \/>\n<meta name=\"author\" content=\"Encontra Vit\u00f3ria\" \/>\n<meta name=\"twitter:card\" content=\"summary_large_image\" \/>\n<meta name=\"twitter:label1\" content=\"Escrito por\" \/>\n\t<meta name=\"twitter:data1\" content=\"Encontra Vit\u00f3ria\" \/>\n\t<meta name=\"twitter:label2\" content=\"Est. tempo de leitura\" \/>\n\t<meta name=\"twitter:data2\" content=\"3 minutos\" \/>\n<script type=\"application\/ld+json\" class=\"yoast-schema-graph\">{\"@context\":\"https:\\\/\\\/schema.org\",\"@graph\":[{\"@type\":\"Article\",\"@id\":\"https:\\\/\\\/www.encontravitoria.com.br\\\/guia\\\/esporte-por-vitoria-atividade-fisica-e-lazer-ao-ar-livre-movimentam-a-praia-do-sua-neste-sabado-8\\\/#article\",\"isPartOf\":{\"@id\":\"https:\\\/\\\/www.encontravitoria.com.br\\\/guia\\\/esporte-por-vitoria-atividade-fisica-e-lazer-ao-ar-livre-movimentam-a-praia-do-sua-neste-sabado-8\\\/\"},\"author\":{\"name\":\"Encontra Vit\u00f3ria\",\"@id\":\"https:\\\/\\\/www.encontravitoria.com.br\\\/guia\\\/#\\\/schema\\\/person\\\/e5c86e2a8d5a2a0333f0c44792c74c65\"},\"headline\":\"Esporte por Vit\u00f3ria: atividade f\u00edsica e lazer ao ar livre movimentam a Praia do Su\u00e1 neste s\u00e1bado (8)\",\"datePublished\":\"2026-05-08T07:45:36+00:00\",\"mainEntityOfPage\":{\"@id\":\"https:\\\/\\\/www.encontravitoria.com.br\\\/guia\\\/esporte-por-vitoria-atividade-fisica-e-lazer-ao-ar-livre-movimentam-a-praia-do-sua-neste-sabado-8\\\/\"},\"wordCount\":675,\"commentCount\":0,\"image\":{\"@id\":\"https:\\\/\\\/www.encontravitoria.com.br\\\/guia\\\/esporte-por-vitoria-atividade-fisica-e-lazer-ao-ar-livre-movimentam-a-praia-do-sua-neste-sabado-8\\\/#primaryimage\"},\"thumbnailUrl\":\"https:\\\/\\\/www.encontravitoria.com.br\\\/guia\\\/wp-content\\\/uploads\\\/2026\\\/05\\\/esporte-por-vitoria-atividade-fisica-e-lazer-ao-ar-livre-movimentam-a-praia-do-sua-neste-sabado-8.webp\",\"articleSection\":[\"Not\u00edcias Vit\u00f3ria\"],\"inLanguage\":\"pt-BR\",\"potentialAction\":[{\"@type\":\"CommentAction\",\"name\":\"Comment\",\"target\":[\"https:\\\/\\\/www.encontravitoria.com.br\\\/guia\\\/esporte-por-vitoria-atividade-fisica-e-lazer-ao-ar-livre-movimentam-a-praia-do-sua-neste-sabado-8\\\/#respond\"]}]},{\"@type\":\"WebPage\",\"@id\":\"https:\\\/\\\/www.encontravitoria.com.br\\\/guia\\\/esporte-por-vitoria-atividade-fisica-e-lazer-ao-ar-livre-movimentam-a-praia-do-sua-neste-sabado-8\\\/\",\"url\":\"https:\\\/\\\/www.encontravitoria.com.br\\\/guia\\\/esporte-por-vitoria-atividade-fisica-e-lazer-ao-ar-livre-movimentam-a-praia-do-sua-neste-sabado-8\\\/\",\"name\":\"Esporte por Vit\u00f3ria: atividade f\u00edsica e lazer ao ar livre movimentam a Praia do Su\u00e1 neste s\u00e1bado (8) | Guia Comercial de Vit\u00f3ria ES\",\"isPartOf\":{\"@id\":\"https:\\\/\\\/www.encontravitoria.com.br\\\/guia\\\/#website\"},\"primaryImageOfPage\":{\"@id\":\"https:\\\/\\\/www.encontravitoria.com.br\\\/guia\\\/esporte-por-vitoria-atividade-fisica-e-lazer-ao-ar-livre-movimentam-a-praia-do-sua-neste-sabado-8\\\/#primaryimage\"},\"image\":{\"@id\":\"https:\\\/\\\/www.encontravitoria.com.br\\\/guia\\\/esporte-por-vitoria-atividade-fisica-e-lazer-ao-ar-livre-movimentam-a-praia-do-sua-neste-sabado-8\\\/#primaryimage\"},\"thumbnailUrl\":\"https:\\\/\\\/www.encontravitoria.com.br\\\/guia\\\/wp-content\\\/uploads\\\/2026\\\/05\\\/esporte-por-vitoria-atividade-fisica-e-lazer-ao-ar-livre-movimentam-a-praia-do-sua-neste-sabado-8.webp\",\"datePublished\":\"2026-05-08T07:45:36+00:00\",\"author\":{\"@id\":\"https:\\\/\\\/www.encontravitoria.com.br\\\/guia\\\/#\\\/schema\\\/person\\\/e5c86e2a8d5a2a0333f0c44792c74c65\"},\"inLanguage\":\"pt-BR\",\"potentialAction\":[{\"@type\":\"ReadAction\",\"target\":[\"https:\\\/\\\/www.encontravitoria.com.br\\\/guia\\\/esporte-por-vitoria-atividade-fisica-e-lazer-ao-ar-livre-movimentam-a-praia-do-sua-neste-sabado-8\\\/\"]}]},{\"@type\":\"ImageObject\",\"inLanguage\":\"pt-BR\",\"@id\":\"https:\\\/\\\/www.encontravitoria.com.br\\\/guia\\\/esporte-por-vitoria-atividade-fisica-e-lazer-ao-ar-livre-movimentam-a-praia-do-sua-neste-sabado-8\\\/#primaryimage\",\"url\":\"https:\\\/\\\/www.encontravitoria.com.br\\\/guia\\\/wp-content\\\/uploads\\\/2026\\\/05\\\/esporte-por-vitoria-atividade-fisica-e-lazer-ao-ar-livre-movimentam-a-praia-do-sua-neste-sabado-8.webp\",\"contentUrl\":\"https:\\\/\\\/www.encontravitoria.com.br\\\/guia\\\/wp-content\\\/uploads\\\/2026\\\/05\\\/esporte-por-vitoria-atividade-fisica-e-lazer-ao-ar-livre-movimentam-a-praia-do-sua-neste-sabado-8.webp\",\"width\":280,\"height\":280,\"caption\":\"Esporte por Vit\u00f3ria\"},{\"@type\":\"WebSite\",\"@id\":\"https:\\\/\\\/www.encontravitoria.com.br\\\/guia\\\/#website\",\"url\":\"https:\\\/\\\/www.encontravitoria.com.br\\\/guia\\\/\",\"name\":\"Guia Comercial de Vit\u00f3ria ES\",\"description\":\"ENCONTRA VIT\u00d3RIA - O guia comercial de neg\u00f3cios e empresas, cultura e divers\u00e3o na cidade de Vit\u00f3ria. Feito 100% para voc\u00ea morador!\",\"potentialAction\":[{\"@type\":\"SearchAction\",\"target\":{\"@type\":\"EntryPoint\",\"urlTemplate\":\"https:\\\/\\\/www.encontravitoria.com.br\\\/guia\\\/?s={search_term_string}\"},\"query-input\":{\"@type\":\"PropertyValueSpecification\",\"valueRequired\":true,\"valueName\":\"search_term_string\"}}],\"inLanguage\":\"pt-BR\"},{\"@type\":\"Person\",\"@id\":\"https:\\\/\\\/www.encontravitoria.com.br\\\/guia\\\/#\\\/schema\\\/person\\\/e5c86e2a8d5a2a0333f0c44792c74c65\",\"name\":\"Encontra Vit\u00f3ria\",\"image\":{\"@type\":\"ImageObject\",\"inLanguage\":\"pt-BR\",\"@id\":\"https:\\\/\\\/secure.gravatar.com\\\/avatar\\\/c50c17820bcf322f0a8fd6b110b8c0918141409dc69076470f6fca5fee70a5d4?s=96&d=mm&r=g\",\"url\":\"https:\\\/\\\/secure.gravatar.com\\\/avatar\\\/c50c17820bcf322f0a8fd6b110b8c0918141409dc69076470f6fca5fee70a5d4?s=96&d=mm&r=g\",\"contentUrl\":\"https:\\\/\\\/secure.gravatar.com\\\/avatar\\\/c50c17820bcf322f0a8fd6b110b8c0918141409dc69076470f6fca5fee70a5d4?s=96&d=mm&r=g\",\"caption\":\"Encontra Vit\u00f3ria\"},\"url\":\"https:\\\/\\\/www.encontravitoria.com.br\\\/guia\\\/author\\\/encontravitoria\\\/\"}]}<\/script>\n<!-- \/ Yoast SEO plugin. -->","yoast_head_json":{"title":"Esporte por Vit\u00f3ria: atividade f\u00edsica e lazer ao ar livre movimentam a Praia do Su\u00e1 neste s\u00e1bado (8) | Guia Comercial de Vit\u00f3ria ES","robots":{"index":"index","follow":"follow","max-snippet":"max-snippet:-1","max-image-preview":"max-image-preview:large","max-video-preview":"max-video-preview:-1"},"canonical":"https:\/\/www.encontravitoria.com.br\/guia\/esporte-por-vitoria-atividade-fisica-e-lazer-ao-ar-livre-movimentam-a-praia-do-sua-neste-sabado-8\/","og_locale":"pt_BR","og_type":"article","og_title":"Esporte por Vit\u00f3ria: atividade f\u00edsica e lazer ao ar livre movimentam a Praia do Su\u00e1 neste s\u00e1bado (8) | Guia Comercial de Vit\u00f3ria ES","og_description":"Esporte por Vit\u00f3ria traz atividades f\u00edsicas e lazer na Praia do Su\u00e1 neste s\u00e1bado.","og_url":"https:\/\/www.encontravitoria.com.br\/guia\/esporte-por-vitoria-atividade-fisica-e-lazer-ao-ar-livre-movimentam-a-praia-do-sua-neste-sabado-8\/","og_site_name":"Guia Comercial de Vit\u00f3ria ES","article_published_time":"2026-05-08T07:45:36+00:00","og_image":[{"url":"https:\/\/www.encontravitoria.com.br\/guia\/wp-content\/uploads\/2026\/05\/esporte-por-vitoria-atividade-fisica-e-lazer-ao-ar-livre-movimentam-a-praia-do-sua-neste-sabado-8.webp","type":"","width":"","height":""}],"author":"Encontra Vit\u00f3ria","twitter_card":"summary_large_image","twitter_misc":{"Escrito por":"Encontra Vit\u00f3ria","Est. tempo de leitura":"3 minutos"},"schema":{"@context":"https:\/\/schema.org","@graph":[{"@type":"Article","@id":"https:\/\/www.encontravitoria.com.br\/guia\/esporte-por-vitoria-atividade-fisica-e-lazer-ao-ar-livre-movimentam-a-praia-do-sua-neste-sabado-8\/#article","isPartOf":{"@id":"https:\/\/www.encontravitoria.com.br\/guia\/esporte-por-vitoria-atividade-fisica-e-lazer-ao-ar-livre-movimentam-a-praia-do-sua-neste-sabado-8\/"},"author":{"name":"Encontra Vit\u00f3ria","@id":"https:\/\/www.encontravitoria.com.br\/guia\/#\/schema\/person\/e5c86e2a8d5a2a0333f0c44792c74c65"},"headline":"Esporte por Vit\u00f3ria: atividade f\u00edsica e lazer ao ar livre movimentam a Praia do Su\u00e1 neste s\u00e1bado (8)","datePublished":"2026-05-08T07:45:36+00:00","mainEntityOfPage":{"@id":"https:\/\/www.encontravitoria.com.br\/guia\/esporte-por-vitoria-atividade-fisica-e-lazer-ao-ar-livre-movimentam-a-praia-do-sua-neste-sabado-8\/"},"wordCount":675,"commentCount":0,"image":{"@id":"https:\/\/www.encontravitoria.com.br\/guia\/esporte-por-vitoria-atividade-fisica-e-lazer-ao-ar-livre-movimentam-a-praia-do-sua-neste-sabado-8\/#primaryimage"},"thumbnailUrl":"https:\/\/www.encontravitoria.com.br\/guia\/wp-content\/uploads\/2026\/05\/esporte-por-vitoria-atividade-fisica-e-lazer-ao-ar-livre-movimentam-a-praia-do-sua-neste-sabado-8.webp","articleSection":["Not\u00edcias Vit\u00f3ria"],"inLanguage":"pt-BR","potentialAction":[{"@type":"CommentAction","name":"Comment","target":["https:\/\/www.encontravitoria.com.br\/guia\/esporte-por-vitoria-atividade-fisica-e-lazer-ao-ar-livre-movimentam-a-praia-do-sua-neste-sabado-8\/#respond"]}]},{"@type":"WebPage","@id":"https:\/\/www.encontravitoria.com.br\/guia\/esporte-por-vitoria-atividade-fisica-e-lazer-ao-ar-livre-movimentam-a-praia-do-sua-neste-sabado-8\/","url":"https:\/\/www.encontravitoria.com.br\/guia\/esporte-por-vitoria-atividade-fisica-e-lazer-ao-ar-livre-movimentam-a-praia-do-sua-neste-sabado-8\/","name":"Esporte por Vit\u00f3ria: atividade f\u00edsica e lazer ao ar livre movimentam a Praia do Su\u00e1 neste s\u00e1bado (8) | Guia Comercial de Vit\u00f3ria ES","isPartOf":{"@id":"https:\/\/www.encontravitoria.com.br\/guia\/#website"},"primaryImageOfPage":{"@id":"https:\/\/www.encontravitoria.com.br\/guia\/esporte-por-vitoria-atividade-fisica-e-lazer-ao-ar-livre-movimentam-a-praia-do-sua-neste-sabado-8\/#primaryimage"},"image":{"@id":"https:\/\/www.encontravitoria.com.br\/guia\/esporte-por-vitoria-atividade-fisica-e-lazer-ao-ar-livre-movimentam-a-praia-do-sua-neste-sabado-8\/#primaryimage"},"thumbnailUrl":"https:\/\/www.encontravitoria.com.br\/guia\/wp-content\/uploads\/2026\/05\/esporte-por-vitoria-atividade-fisica-e-lazer-ao-ar-livre-movimentam-a-praia-do-sua-neste-sabado-8.webp","datePublished":"2026-05-08T07:45:36+00:00","author":{"@id":"https:\/\/www.encontravitoria.com.br\/guia\/#\/schema\/person\/e5c86e2a8d5a2a0333f0c44792c74c65"},"inLanguage":"pt-BR","potentialAction":[{"@type":"ReadAction","target":["https:\/\/www.encontravitoria.com.br\/guia\/esporte-por-vitoria-atividade-fisica-e-lazer-ao-ar-livre-movimentam-a-praia-do-sua-neste-sabado-8\/"]}]},{"@type":"ImageObject","inLanguage":"pt-BR","@id":"https:\/\/www.encontravitoria.com.br\/guia\/esporte-por-vitoria-atividade-fisica-e-lazer-ao-ar-livre-movimentam-a-praia-do-sua-neste-sabado-8\/#primaryimage","url":"https:\/\/www.encontravitoria.com.br\/guia\/wp-content\/uploads\/2026\/05\/esporte-por-vitoria-atividade-fisica-e-lazer-ao-ar-livre-movimentam-a-praia-do-sua-neste-sabado-8.webp","contentUrl":"https:\/\/www.encontravitoria.com.br\/guia\/wp-content\/uploads\/2026\/05\/esporte-por-vitoria-atividade-fisica-e-lazer-ao-ar-livre-movimentam-a-praia-do-sua-neste-sabado-8.webp","width":280,"height":280,"caption":"Esporte por Vit\u00f3ria"},{"@type":"WebSite","@id":"https:\/\/www.encontravitoria.com.br\/guia\/#website","url":"https:\/\/www.encontravitoria.com.br\/guia\/","name":"Guia Comercial de Vit\u00f3ria ES","description":"ENCONTRA VIT\u00d3RIA - O guia comercial de neg\u00f3cios e empresas, cultura e divers\u00e3o na cidade de Vit\u00f3ria. Feito 100% para voc\u00ea morador!","potentialAction":[{"@type":"SearchAction","target":{"@type":"EntryPoint","urlTemplate":"https:\/\/www.encontravitoria.com.br\/guia\/?s={search_term_string}"},"query-input":{"@type":"PropertyValueSpecification","valueRequired":true,"valueName":"search_term_string"}}],"inLanguage":"pt-BR"},{"@type":"Person","@id":"https:\/\/www.encontravitoria.com.br\/guia\/#\/schema\/person\/e5c86e2a8d5a2a0333f0c44792c74c65","name":"Encontra Vit\u00f3ria","image":{"@type":"ImageObject","inLanguage":"pt-BR","@id":"https:\/\/secure.gravatar.com\/avatar\/c50c17820bcf322f0a8fd6b110b8c0918141409dc69076470f6fca5fee70a5d4?s=96&d=mm&r=g","url":"https:\/\/secure.gravatar.com\/avatar\/c50c17820bcf322f0a8fd6b110b8c0918141409dc69076470f6fca5fee70a5d4?s=96&d=mm&r=g","contentUrl":"https:\/\/secure.gravatar.com\/avatar\/c50c17820bcf322f0a8fd6b110b8c0918141409dc69076470f6fca5fee70a5d4?s=96&d=mm&r=g","caption":"Encontra Vit\u00f3ria"},"url":"https:\/\/www.encontravitoria.com.br\/guia\/author\/encontravitoria\/"}]}},"_links":{"self":[{"href":"https:\/\/www.encontravitoria.com.br\/guia\/wp-json\/wp\/v2\/posts\/8002","targetHints":{"allow":["GET"]}}],"collection":[{"href":"https:\/\/www.encontravitoria.com.br\/guia\/wp-json\/wp\/v2\/posts"}],"about":[{"href":"https:\/\/www.encontravitoria.com.br\/guia\/wp-json\/wp\/v2\/types\/post"}],"author":[{"embeddable":true,"href":"https:\/\/www.encontravitoria.com.br\/guia\/wp-json\/wp\/v2\/users\/1"}],"replies":[{"embeddable":true,"href":"https:\/\/www.encontravitoria.com.br\/guia\/wp-json\/wp\/v2\/comments?post=8002"}],"version-history":[{"count":0,"href":"https:\/\/www.encontravitoria.com.br\/guia\/wp-json\/wp\/v2\/posts\/8002\/revisions"}],"wp:featuredmedia":[{"embeddable":true,"href":"https:\/\/www.encontravitoria.com.br\/guia\/wp-json\/wp\/v2\/media\/8001"}],"wp:attachment":[{"href":"https:\/\/www.encontravitoria.com.br\/guia\/wp-json\/wp\/v2\/media?parent=8002"}],"wp:term":[{"taxonomy":"category","embeddable":true,"href":"https:\/\/www.encontravitoria.com.br\/guia\/wp-json\/wp\/v2\/categories?post=8002"},{"taxonomy":"post_tag","embeddable":true,"href":"https:\/\/www.encontravitoria.com.br\/guia\/wp-json\/wp\/v2\/tags?post=8002"}],"curies":[{"name":"wp","href":"https:\/\/api.w.org\/{rel}","templated":true}]}}