{"id":8006,"date":"2026-05-08T04:49:48","date_gmt":"2026-05-08T07:49:48","guid":{"rendered":"https:\/\/www.encontravitoria.com.br\/guia\/maio-amarelo-guarda-de-vitoria-realiza-acao-educativa-sobre-seguranca-no-transito\/"},"modified":"2026-05-08T04:49:48","modified_gmt":"2026-05-08T07:49:48","slug":"maio-amarelo-guarda-de-vitoria-realiza-acao-educativa-sobre-seguranca-no-transito","status":"publish","type":"post","link":"https:\/\/www.encontravitoria.com.br\/guia\/maio-amarelo-guarda-de-vitoria-realiza-acao-educativa-sobre-seguranca-no-transito\/","title":{"rendered":"Maio Amarelo: Guarda de Vit\u00f3ria realiza a\u00e7\u00e3o educativa sobre seguran\u00e7a no tr\u00e2nsito"},"content":{"rendered":"<h2>O que \u00e9 Maio Amarelo?<\/h2>\n<p>Maio Amarelo \u00e9 uma campanha global que visa aumentar a conscientiza\u00e7\u00e3o sobre a import\u00e2ncia da seguran\u00e7a no tr\u00e2nsito e a redu\u00e7\u00e3o de acidentes. Com foco na preven\u00e7\u00e3o, a iniciativa busca sensibilizar motoristas, pedestres e demais usu\u00e1rios das vias para a necessidade de respeitar as normas de tr\u00e2nsito e agir com responsabilidade. A proposta \u00e9 simples: quando todos se conscientizam e atuam em prol de um tr\u00e2nsito mais seguro, vidas podem ser poupadas.<\/p>\n<h2>A Import\u00e2ncia da Conscientiza\u00e7\u00e3o no Tr\u00e2nsito<\/h2>\n<p>A conscientiza\u00e7\u00e3o no tr\u00e2nsito \u00e9 fundamental pois estat\u00edsticas mostram que a maioria dos acidentes de tr\u00e1fego pode ser evitada. A educa\u00e7\u00e3o cont\u00ednua em temas de seguran\u00e7a vi\u00e1ria tem se mostrado efetiva em pa\u00edses ao redor do mundo. Ao promover informa\u00e7\u00f5es sobre os riscos do consumo de \u00e1lcool ao dirigir, o uso do cinto de seguran\u00e7a e a aten\u00e7\u00e3o nas opera\u00e7\u00f5es com bicicletas e outros ve\u00edculos, busca-se melhorar a intera\u00e7\u00e3o entre todos os usu\u00e1rios das vias. Uma mentalidade de seguran\u00e7a coletiva \u00e9 a chave para um tr\u00e2nsito mais seguro.<\/p>\n<h2>A\u00e7\u00f5es Educativas da Guarda de Vit\u00f3ria<\/h2>\n<p>A Guarda Municipal de Vit\u00f3ria, em alinhamento com a campanha Maio Amarelo, desenvolve uma s\u00e9rie de atividades educativas ao longo do m\u00eas. Essas a\u00e7\u00f5es incluem:<\/p>\n<p><img decoding=\"async\" src=\"https:\/\/www.encontravitoria.com.br\/guia\/wp-content\/uploads\/2026\/05\/maio-amarelo-guarda-de-vitoria-realiza-acao-educativa-sobre-seguranca-no-transito.webp\" alt=\"Maio Amarelo\" loading=\"lazy\" \/><\/p>\n<ul>\n<li>Capacita\u00e7\u00e3o de agentes da Guarda Municipal sobre normas de tr\u00e2nsito e como abordar a popula\u00e7\u00e3o de forma educativa.<\/li>\n<li>Eventos interativos onde as pessoas podem experimentar simula\u00e7\u00f5es de dire\u00e7\u00e3o sob influ\u00eancia de \u00e1lcool e outras condi\u00e7\u00f5es.<\/li>\n<li>Palestras e abordagens diretas em pontos de grande circula\u00e7\u00e3o para fornecer orienta\u00e7\u00f5es sobre seguran\u00e7a no tr\u00e2nsito.<\/li>\n<\/ul>\n<h2>Os Impactos das A\u00e7\u00f5es na Comunidade<\/h2>\n<p>As a\u00e7\u00f5es desenvolvidas t\u00eam um impacto direto na comunidade, refletindo em maior consci\u00eancia sobre as regras de tr\u00e2nsito. As atividades educativas ajudam a criar um ambiente onde as pessoas se sentem motivadas a compartilhar conhecimentos sobre seguran\u00e7a, contribuindo para a mudan\u00e7a de comportamentos. Os residentes da cidade relatam um aumento na percep\u00e7\u00e3o sobre a import\u00e2ncia de respeitar as sinaliza\u00e7\u00f5es e as normas vi\u00e1rias, resultando em uma conviv\u00eancia mais harm\u00f4nica no tr\u00e2nsito.<\/p>\n<h2>Depoimentos de Participantes<\/h2>\n<p>Os depoimentos de motoristas e pedestres que participaram das a\u00e7\u00f5es educativas demonstram a efic\u00e1cia da campanha. Muitos afirmam ter mudado seus h\u00e1bitos no tr\u00e2nsito ap\u00f3s as intera\u00e7\u00f5es com a Guarda Municipal.<\/p>\n<p>Por exemplo, Andrieli de Souza comentou: &#8220;Foi enriquecedor participar da a\u00e7\u00e3o, interagir com os guardas e aprender sobre os perigos da embriaguez no tr\u00e2nsito me abriu os olhos sobre a responsabilidade que todos temos&#8221;.<\/p>\n<p>Wendell Alves, motoboy, tamb\u00e9m expressou sua surpresa com a receptividade da Guarda durante as a\u00e7\u00f5es. &#8220;Achei incr\u00edvel a forma como explicam regras que muitas vezes ignoramos na correria do dia a dia&#8221;.<\/p>\n<h2>Circuitos Interativos e Seus Benef\u00edcios<\/h2>\n<p>Os circuitos interativos s\u00e3o uma parte crucial das a\u00e7\u00f5es de Maio Amarelo. Eles proporcionam experi\u00eancias pr\u00e1ticas onde os participantes podem vivenciar situa\u00e7\u00f5es que refletem os perigos do tr\u00e2nsito. O uso de \u00f3culos simuladores que replicam a vis\u00e3o de um condutor alcoolizado \u00e9 um exemplo de como a educa\u00e7\u00e3o pr\u00e1tica pode ter um forte impacto na forma como os motoristas percebem sua pr\u00f3pria seguran\u00e7a e a dos outros.<\/p>\n<h2>Orienta\u00e7\u00f5es para Pedestres e Ciclistas<\/h2>\n<p>Outro foco significativo das a\u00e7\u00f5es \u00e9 a orienta\u00e7\u00f5es voltadas para pedestres e ciclistas. Em um cen\u00e1rio onde as estruturas de tr\u00e2nsito est\u00e3o em constante muta\u00e7\u00e3o devido ao aumento das ciclovias e do uso de bicicletas el\u00e9tricas, \u00e9 fundamental que todos os usu\u00e1rios estejam bem informados sobre como compartilhar as vias. A educa\u00e7\u00e3o ambiental e de conviv\u00eancia no tr\u00e2nsito ajuda a diminuir conflitos e acidentes entre motoristas e n\u00e3o-motoristas.<\/p>\n<h2>O Papel dos Motoristas na Seguran\u00e7a Vi\u00e1ria<\/h2>\n<p>Os motoristas t\u00eam um papel determinante na seguran\u00e7a vi\u00e1ria. A campanha Maio Amarelo enfatiza a necessidade de respeitar os limites de velocidade, utilizar cinto de seguran\u00e7a e nunca dirigir sob efeito de \u00e1lcool. Esses comportamentos n\u00e3o s\u00e3o apenas atos de responsabilidade individuais, mas fundamentais para a prote\u00e7\u00e3o de toda a comunidade.<\/p>\n<h2>Compromisso com a Mobilidade Urbana<\/h2>\n<p>A mobilidade urbana \u00e9 um tema que ganhou destaque nas discuss\u00f5es sobre seguran\u00e7a no tr\u00e2nsito. Com o aumento de novos modais de transporte, como as bicicletas el\u00e9tricas e patinetes, \u00e9 essencial que haja uma boyada que favore\u00e7a a conviv\u00eancia pac\u00edfica entre todos os tipos de ve\u00edculos. A Guarda de Vit\u00f3ria apoia projetos que incentivam a ado\u00e7\u00e3o de pr\u00e1ticas de mobilidade ativa e sustent\u00e1vel, garantindo que o tr\u00e2nsito na cidade se adeque \u00e0s reais necessidades de seus cidad\u00e3os.<\/p>\n<h2>Resultados Esperados para o Maio Amarelo<\/h2>\n<p>Os resultados esperados para a campanha de Maio Amarelo incluem n\u00e3o apenas a conscientiza\u00e7\u00e3o e a mudan\u00e7a de comportamentos, mas tamb\u00e9m a redu\u00e7\u00e3o significativa de acidentes de tr\u00e2nsito na cidade. Ao final do m\u00eas, a expectativa \u00e9 de que uma nova cultura em rela\u00e7\u00e3o ao tr\u00e2nsito tenha sido instaurada, levando a um ambiente mais seguro para todos.<\/p>\n<p>A ideia \u00e9 que as a\u00e7\u00f5es educativas transcendam o m\u00eas de maio, inspirando uma mudan\u00e7a duradoura no comportamento dos cidad\u00e3os. Com a colabora\u00e7\u00e3o entre as autoridades e a popula\u00e7\u00e3o, a transforma\u00e7\u00e3o da realidade do tr\u00e2nsito pode se tornar uma realidade palp\u00e1vel, garantindo que o moto de Maio Amarelo &#8220;No tr\u00e2nsito, enxergar o outro \u00e9 salvar vidas&#8221; se torne uma verdade no cotidiano de todos.<\/p>\n","protected":false},"excerpt":{"rendered":"<p>Maio Amarelo destaca a\u00e7\u00f5es da Guarda de Vit\u00f3ria para um tr\u00e2nsito mais seguro.<\/p>\n","protected":false},"author":1,"featured_media":8005,"comment_status":"open","ping_status":"open","sticky":false,"template":"","format":"standard","meta":{"footnotes":""},"categories":[5],"tags":[],"class_list":["post-8006","post","type-post","status-publish","format-standard","has-post-thumbnail","hentry","category-noticias","has_thumb"],"yoast_head":"<!-- This site is optimized with the Yoast SEO plugin v27.9 - https:\/\/yoast.com\/product\/yoast-seo-wordpress\/ -->\n<title>Maio Amarelo: Guarda de Vit\u00f3ria realiza a\u00e7\u00e3o educativa sobre seguran\u00e7a no tr\u00e2nsito | Guia Comercial de Vit\u00f3ria ES<\/title>\n<meta name=\"robots\" content=\"index, follow, max-snippet:-1, max-image-preview:large, max-video-preview:-1\" \/>\n<link rel=\"canonical\" href=\"https:\/\/www.encontravitoria.com.br\/guia\/maio-amarelo-guarda-de-vitoria-realiza-acao-educativa-sobre-seguranca-no-transito\/\" \/>\n<meta property=\"og:locale\" content=\"pt_BR\" \/>\n<meta property=\"og:type\" content=\"article\" \/>\n<meta property=\"og:title\" content=\"Maio Amarelo: Guarda de Vit\u00f3ria realiza a\u00e7\u00e3o educativa sobre seguran\u00e7a no tr\u00e2nsito | Guia Comercial de Vit\u00f3ria ES\" \/>\n<meta property=\"og:description\" content=\"Maio Amarelo destaca a\u00e7\u00f5es da Guarda de Vit\u00f3ria para um tr\u00e2nsito mais seguro.\" \/>\n<meta property=\"og:url\" content=\"https:\/\/www.encontravitoria.com.br\/guia\/maio-amarelo-guarda-de-vitoria-realiza-acao-educativa-sobre-seguranca-no-transito\/\" \/>\n<meta property=\"og:site_name\" content=\"Guia Comercial de Vit\u00f3ria ES\" \/>\n<meta property=\"article:published_time\" content=\"2026-05-08T07:49:48+00:00\" \/>\n<meta property=\"og:image\" content=\"https:\/\/www.encontravitoria.com.br\/guia\/wp-content\/uploads\/2026\/05\/maio-amarelo-guarda-de-vitoria-realiza-acao-educativa-sobre-seguranca-no-transito.webp\" \/>\n<meta name=\"author\" content=\"Encontra Vit\u00f3ria\" \/>\n<meta name=\"twitter:card\" content=\"summary_large_image\" \/>\n<meta name=\"twitter:label1\" content=\"Escrito por\" \/>\n\t<meta name=\"twitter:data1\" content=\"Encontra Vit\u00f3ria\" \/>\n\t<meta name=\"twitter:label2\" content=\"Est. tempo de leitura\" \/>\n\t<meta name=\"twitter:data2\" content=\"5 minutos\" \/>\n<script type=\"application\/ld+json\" class=\"yoast-schema-graph\">{\"@context\":\"https:\\\/\\\/schema.org\",\"@graph\":[{\"@type\":\"Article\",\"@id\":\"https:\\\/\\\/www.encontravitoria.com.br\\\/guia\\\/maio-amarelo-guarda-de-vitoria-realiza-acao-educativa-sobre-seguranca-no-transito\\\/#article\",\"isPartOf\":{\"@id\":\"https:\\\/\\\/www.encontravitoria.com.br\\\/guia\\\/maio-amarelo-guarda-de-vitoria-realiza-acao-educativa-sobre-seguranca-no-transito\\\/\"},\"author\":{\"name\":\"Encontra Vit\u00f3ria\",\"@id\":\"https:\\\/\\\/www.encontravitoria.com.br\\\/guia\\\/#\\\/schema\\\/person\\\/e5c86e2a8d5a2a0333f0c44792c74c65\"},\"headline\":\"Maio Amarelo: Guarda de Vit\u00f3ria realiza a\u00e7\u00e3o educativa sobre seguran\u00e7a no tr\u00e2nsito\",\"datePublished\":\"2026-05-08T07:49:48+00:00\",\"mainEntityOfPage\":{\"@id\":\"https:\\\/\\\/www.encontravitoria.com.br\\\/guia\\\/maio-amarelo-guarda-de-vitoria-realiza-acao-educativa-sobre-seguranca-no-transito\\\/\"},\"wordCount\":984,\"commentCount\":0,\"image\":{\"@id\":\"https:\\\/\\\/www.encontravitoria.com.br\\\/guia\\\/maio-amarelo-guarda-de-vitoria-realiza-acao-educativa-sobre-seguranca-no-transito\\\/#primaryimage\"},\"thumbnailUrl\":\"https:\\\/\\\/www.encontravitoria.com.br\\\/guia\\\/wp-content\\\/uploads\\\/2026\\\/05\\\/maio-amarelo-guarda-de-vitoria-realiza-acao-educativa-sobre-seguranca-no-transito.webp\",\"articleSection\":[\"Not\u00edcias Vit\u00f3ria\"],\"inLanguage\":\"pt-BR\",\"potentialAction\":[{\"@type\":\"CommentAction\",\"name\":\"Comment\",\"target\":[\"https:\\\/\\\/www.encontravitoria.com.br\\\/guia\\\/maio-amarelo-guarda-de-vitoria-realiza-acao-educativa-sobre-seguranca-no-transito\\\/#respond\"]}]},{\"@type\":\"WebPage\",\"@id\":\"https:\\\/\\\/www.encontravitoria.com.br\\\/guia\\\/maio-amarelo-guarda-de-vitoria-realiza-acao-educativa-sobre-seguranca-no-transito\\\/\",\"url\":\"https:\\\/\\\/www.encontravitoria.com.br\\\/guia\\\/maio-amarelo-guarda-de-vitoria-realiza-acao-educativa-sobre-seguranca-no-transito\\\/\",\"name\":\"Maio Amarelo: Guarda de Vit\u00f3ria realiza a\u00e7\u00e3o educativa sobre seguran\u00e7a no tr\u00e2nsito | Guia Comercial de Vit\u00f3ria ES\",\"isPartOf\":{\"@id\":\"https:\\\/\\\/www.encontravitoria.com.br\\\/guia\\\/#website\"},\"primaryImageOfPage\":{\"@id\":\"https:\\\/\\\/www.encontravitoria.com.br\\\/guia\\\/maio-amarelo-guarda-de-vitoria-realiza-acao-educativa-sobre-seguranca-no-transito\\\/#primaryimage\"},\"image\":{\"@id\":\"https:\\\/\\\/www.encontravitoria.com.br\\\/guia\\\/maio-amarelo-guarda-de-vitoria-realiza-acao-educativa-sobre-seguranca-no-transito\\\/#primaryimage\"},\"thumbnailUrl\":\"https:\\\/\\\/www.encontravitoria.com.br\\\/guia\\\/wp-content\\\/uploads\\\/2026\\\/05\\\/maio-amarelo-guarda-de-vitoria-realiza-acao-educativa-sobre-seguranca-no-transito.webp\",\"datePublished\":\"2026-05-08T07:49:48+00:00\",\"author\":{\"@id\":\"https:\\\/\\\/www.encontravitoria.com.br\\\/guia\\\/#\\\/schema\\\/person\\\/e5c86e2a8d5a2a0333f0c44792c74c65\"},\"inLanguage\":\"pt-BR\",\"potentialAction\":[{\"@type\":\"ReadAction\",\"target\":[\"https:\\\/\\\/www.encontravitoria.com.br\\\/guia\\\/maio-amarelo-guarda-de-vitoria-realiza-acao-educativa-sobre-seguranca-no-transito\\\/\"]}]},{\"@type\":\"ImageObject\",\"inLanguage\":\"pt-BR\",\"@id\":\"https:\\\/\\\/www.encontravitoria.com.br\\\/guia\\\/maio-amarelo-guarda-de-vitoria-realiza-acao-educativa-sobre-seguranca-no-transito\\\/#primaryimage\",\"url\":\"https:\\\/\\\/www.encontravitoria.com.br\\\/guia\\\/wp-content\\\/uploads\\\/2026\\\/05\\\/maio-amarelo-guarda-de-vitoria-realiza-acao-educativa-sobre-seguranca-no-transito.webp\",\"contentUrl\":\"https:\\\/\\\/www.encontravitoria.com.br\\\/guia\\\/wp-content\\\/uploads\\\/2026\\\/05\\\/maio-amarelo-guarda-de-vitoria-realiza-acao-educativa-sobre-seguranca-no-transito.webp\",\"width\":280,\"height\":280,\"caption\":\"Maio Amarelo\"},{\"@type\":\"WebSite\",\"@id\":\"https:\\\/\\\/www.encontravitoria.com.br\\\/guia\\\/#website\",\"url\":\"https:\\\/\\\/www.encontravitoria.com.br\\\/guia\\\/\",\"name\":\"Guia Comercial de Vit\u00f3ria ES\",\"description\":\"ENCONTRA VIT\u00d3RIA - O guia comercial de neg\u00f3cios e empresas, cultura e divers\u00e3o na cidade de Vit\u00f3ria. Feito 100% para voc\u00ea morador!\",\"potentialAction\":[{\"@type\":\"SearchAction\",\"target\":{\"@type\":\"EntryPoint\",\"urlTemplate\":\"https:\\\/\\\/www.encontravitoria.com.br\\\/guia\\\/?s={search_term_string}\"},\"query-input\":{\"@type\":\"PropertyValueSpecification\",\"valueRequired\":true,\"valueName\":\"search_term_string\"}}],\"inLanguage\":\"pt-BR\"},{\"@type\":\"Person\",\"@id\":\"https:\\\/\\\/www.encontravitoria.com.br\\\/guia\\\/#\\\/schema\\\/person\\\/e5c86e2a8d5a2a0333f0c44792c74c65\",\"name\":\"Encontra Vit\u00f3ria\",\"image\":{\"@type\":\"ImageObject\",\"inLanguage\":\"pt-BR\",\"@id\":\"https:\\\/\\\/secure.gravatar.com\\\/avatar\\\/c50c17820bcf322f0a8fd6b110b8c0918141409dc69076470f6fca5fee70a5d4?s=96&d=mm&r=g\",\"url\":\"https:\\\/\\\/secure.gravatar.com\\\/avatar\\\/c50c17820bcf322f0a8fd6b110b8c0918141409dc69076470f6fca5fee70a5d4?s=96&d=mm&r=g\",\"contentUrl\":\"https:\\\/\\\/secure.gravatar.com\\\/avatar\\\/c50c17820bcf322f0a8fd6b110b8c0918141409dc69076470f6fca5fee70a5d4?s=96&d=mm&r=g\",\"caption\":\"Encontra Vit\u00f3ria\"},\"url\":\"https:\\\/\\\/www.encontravitoria.com.br\\\/guia\\\/author\\\/encontravitoria\\\/\"}]}<\/script>\n<!-- \/ Yoast SEO plugin. -->","yoast_head_json":{"title":"Maio Amarelo: Guarda de Vit\u00f3ria realiza a\u00e7\u00e3o educativa sobre seguran\u00e7a no tr\u00e2nsito | Guia Comercial de Vit\u00f3ria ES","robots":{"index":"index","follow":"follow","max-snippet":"max-snippet:-1","max-image-preview":"max-image-preview:large","max-video-preview":"max-video-preview:-1"},"canonical":"https:\/\/www.encontravitoria.com.br\/guia\/maio-amarelo-guarda-de-vitoria-realiza-acao-educativa-sobre-seguranca-no-transito\/","og_locale":"pt_BR","og_type":"article","og_title":"Maio Amarelo: Guarda de Vit\u00f3ria realiza a\u00e7\u00e3o educativa sobre seguran\u00e7a no tr\u00e2nsito | Guia Comercial de Vit\u00f3ria ES","og_description":"Maio Amarelo destaca a\u00e7\u00f5es da Guarda de Vit\u00f3ria para um tr\u00e2nsito mais seguro.","og_url":"https:\/\/www.encontravitoria.com.br\/guia\/maio-amarelo-guarda-de-vitoria-realiza-acao-educativa-sobre-seguranca-no-transito\/","og_site_name":"Guia Comercial de Vit\u00f3ria ES","article_published_time":"2026-05-08T07:49:48+00:00","og_image":[{"url":"https:\/\/www.encontravitoria.com.br\/guia\/wp-content\/uploads\/2026\/05\/maio-amarelo-guarda-de-vitoria-realiza-acao-educativa-sobre-seguranca-no-transito.webp","type":"","width":"","height":""}],"author":"Encontra Vit\u00f3ria","twitter_card":"summary_large_image","twitter_misc":{"Escrito por":"Encontra Vit\u00f3ria","Est. tempo de leitura":"5 minutos"},"schema":{"@context":"https:\/\/schema.org","@graph":[{"@type":"Article","@id":"https:\/\/www.encontravitoria.com.br\/guia\/maio-amarelo-guarda-de-vitoria-realiza-acao-educativa-sobre-seguranca-no-transito\/#article","isPartOf":{"@id":"https:\/\/www.encontravitoria.com.br\/guia\/maio-amarelo-guarda-de-vitoria-realiza-acao-educativa-sobre-seguranca-no-transito\/"},"author":{"name":"Encontra Vit\u00f3ria","@id":"https:\/\/www.encontravitoria.com.br\/guia\/#\/schema\/person\/e5c86e2a8d5a2a0333f0c44792c74c65"},"headline":"Maio Amarelo: Guarda de Vit\u00f3ria realiza a\u00e7\u00e3o educativa sobre seguran\u00e7a no tr\u00e2nsito","datePublished":"2026-05-08T07:49:48+00:00","mainEntityOfPage":{"@id":"https:\/\/www.encontravitoria.com.br\/guia\/maio-amarelo-guarda-de-vitoria-realiza-acao-educativa-sobre-seguranca-no-transito\/"},"wordCount":984,"commentCount":0,"image":{"@id":"https:\/\/www.encontravitoria.com.br\/guia\/maio-amarelo-guarda-de-vitoria-realiza-acao-educativa-sobre-seguranca-no-transito\/#primaryimage"},"thumbnailUrl":"https:\/\/www.encontravitoria.com.br\/guia\/wp-content\/uploads\/2026\/05\/maio-amarelo-guarda-de-vitoria-realiza-acao-educativa-sobre-seguranca-no-transito.webp","articleSection":["Not\u00edcias Vit\u00f3ria"],"inLanguage":"pt-BR","potentialAction":[{"@type":"CommentAction","name":"Comment","target":["https:\/\/www.encontravitoria.com.br\/guia\/maio-amarelo-guarda-de-vitoria-realiza-acao-educativa-sobre-seguranca-no-transito\/#respond"]}]},{"@type":"WebPage","@id":"https:\/\/www.encontravitoria.com.br\/guia\/maio-amarelo-guarda-de-vitoria-realiza-acao-educativa-sobre-seguranca-no-transito\/","url":"https:\/\/www.encontravitoria.com.br\/guia\/maio-amarelo-guarda-de-vitoria-realiza-acao-educativa-sobre-seguranca-no-transito\/","name":"Maio Amarelo: Guarda de Vit\u00f3ria realiza a\u00e7\u00e3o educativa sobre seguran\u00e7a no tr\u00e2nsito | Guia Comercial de Vit\u00f3ria ES","isPartOf":{"@id":"https:\/\/www.encontravitoria.com.br\/guia\/#website"},"primaryImageOfPage":{"@id":"https:\/\/www.encontravitoria.com.br\/guia\/maio-amarelo-guarda-de-vitoria-realiza-acao-educativa-sobre-seguranca-no-transito\/#primaryimage"},"image":{"@id":"https:\/\/www.encontravitoria.com.br\/guia\/maio-amarelo-guarda-de-vitoria-realiza-acao-educativa-sobre-seguranca-no-transito\/#primaryimage"},"thumbnailUrl":"https:\/\/www.encontravitoria.com.br\/guia\/wp-content\/uploads\/2026\/05\/maio-amarelo-guarda-de-vitoria-realiza-acao-educativa-sobre-seguranca-no-transito.webp","datePublished":"2026-05-08T07:49:48+00:00","author":{"@id":"https:\/\/www.encontravitoria.com.br\/guia\/#\/schema\/person\/e5c86e2a8d5a2a0333f0c44792c74c65"},"inLanguage":"pt-BR","potentialAction":[{"@type":"ReadAction","target":["https:\/\/www.encontravitoria.com.br\/guia\/maio-amarelo-guarda-de-vitoria-realiza-acao-educativa-sobre-seguranca-no-transito\/"]}]},{"@type":"ImageObject","inLanguage":"pt-BR","@id":"https:\/\/www.encontravitoria.com.br\/guia\/maio-amarelo-guarda-de-vitoria-realiza-acao-educativa-sobre-seguranca-no-transito\/#primaryimage","url":"https:\/\/www.encontravitoria.com.br\/guia\/wp-content\/uploads\/2026\/05\/maio-amarelo-guarda-de-vitoria-realiza-acao-educativa-sobre-seguranca-no-transito.webp","contentUrl":"https:\/\/www.encontravitoria.com.br\/guia\/wp-content\/uploads\/2026\/05\/maio-amarelo-guarda-de-vitoria-realiza-acao-educativa-sobre-seguranca-no-transito.webp","width":280,"height":280,"caption":"Maio Amarelo"},{"@type":"WebSite","@id":"https:\/\/www.encontravitoria.com.br\/guia\/#website","url":"https:\/\/www.encontravitoria.com.br\/guia\/","name":"Guia Comercial de Vit\u00f3ria ES","description":"ENCONTRA VIT\u00d3RIA - O guia comercial de neg\u00f3cios e empresas, cultura e divers\u00e3o na cidade de Vit\u00f3ria. Feito 100% para voc\u00ea morador!","potentialAction":[{"@type":"SearchAction","target":{"@type":"EntryPoint","urlTemplate":"https:\/\/www.encontravitoria.com.br\/guia\/?s={search_term_string}"},"query-input":{"@type":"PropertyValueSpecification","valueRequired":true,"valueName":"search_term_string"}}],"inLanguage":"pt-BR"},{"@type":"Person","@id":"https:\/\/www.encontravitoria.com.br\/guia\/#\/schema\/person\/e5c86e2a8d5a2a0333f0c44792c74c65","name":"Encontra Vit\u00f3ria","image":{"@type":"ImageObject","inLanguage":"pt-BR","@id":"https:\/\/secure.gravatar.com\/avatar\/c50c17820bcf322f0a8fd6b110b8c0918141409dc69076470f6fca5fee70a5d4?s=96&d=mm&r=g","url":"https:\/\/secure.gravatar.com\/avatar\/c50c17820bcf322f0a8fd6b110b8c0918141409dc69076470f6fca5fee70a5d4?s=96&d=mm&r=g","contentUrl":"https:\/\/secure.gravatar.com\/avatar\/c50c17820bcf322f0a8fd6b110b8c0918141409dc69076470f6fca5fee70a5d4?s=96&d=mm&r=g","caption":"Encontra Vit\u00f3ria"},"url":"https:\/\/www.encontravitoria.com.br\/guia\/author\/encontravitoria\/"}]}},"_links":{"self":[{"href":"https:\/\/www.encontravitoria.com.br\/guia\/wp-json\/wp\/v2\/posts\/8006","targetHints":{"allow":["GET"]}}],"collection":[{"href":"https:\/\/www.encontravitoria.com.br\/guia\/wp-json\/wp\/v2\/posts"}],"about":[{"href":"https:\/\/www.encontravitoria.com.br\/guia\/wp-json\/wp\/v2\/types\/post"}],"author":[{"embeddable":true,"href":"https:\/\/www.encontravitoria.com.br\/guia\/wp-json\/wp\/v2\/users\/1"}],"replies":[{"embeddable":true,"href":"https:\/\/www.encontravitoria.com.br\/guia\/wp-json\/wp\/v2\/comments?post=8006"}],"version-history":[{"count":0,"href":"https:\/\/www.encontravitoria.com.br\/guia\/wp-json\/wp\/v2\/posts\/8006\/revisions"}],"wp:featuredmedia":[{"embeddable":true,"href":"https:\/\/www.encontravitoria.com.br\/guia\/wp-json\/wp\/v2\/media\/8005"}],"wp:attachment":[{"href":"https:\/\/www.encontravitoria.com.br\/guia\/wp-json\/wp\/v2\/media?parent=8006"}],"wp:term":[{"taxonomy":"category","embeddable":true,"href":"https:\/\/www.encontravitoria.com.br\/guia\/wp-json\/wp\/v2\/categories?post=8006"},{"taxonomy":"post_tag","embeddable":true,"href":"https:\/\/www.encontravitoria.com.br\/guia\/wp-json\/wp\/v2\/tags?post=8006"}],"curies":[{"name":"wp","href":"https:\/\/api.w.org\/{rel}","templated":true}]}}