{"id":8012,"date":"2026-05-09T04:48:45","date_gmt":"2026-05-09T07:48:45","guid":{"rendered":"https:\/\/www.encontravitoria.com.br\/guia\/semear-gruta-da-onca-recebe-bloco-da-ecologia\/"},"modified":"2026-05-09T04:48:45","modified_gmt":"2026-05-09T07:48:45","slug":"semear-gruta-da-onca-recebe-bloco-da-ecologia","status":"publish","type":"post","link":"https:\/\/www.encontravitoria.com.br\/guia\/semear-gruta-da-onca-recebe-bloco-da-ecologia\/","title":{"rendered":"SeMEAR Gruta da On\u00e7a recebe bloco da ecologia"},"content":{"rendered":"<h2>O que \u00e9 a SeMEAR Gruta da On\u00e7a?<\/h2>\n<p>A SeMEAR Gruta da On\u00e7a \u00e9 a sede localizada na cidade de Vit\u00f3ria, destinada \u00e0 educa\u00e7\u00e3o ambiental, proporcionando experi\u00eancias imersivas na Mata Atl\u00e2ntica. Este espa\u00e7o visa engajar a comunidade, especialmente crian\u00e7as e jovens, em atividades que promovem a conscientiza\u00e7\u00e3o sobre a import\u00e2ncia da preserva\u00e7\u00e3o ambiental.<\/p>\n<h2>Objetivos do Projeto Bloco da Ecologia<\/h2>\n<p>O projeto &#8220;Bloco da Ecologia&#8221; tem como proposta principal promover o aprendizado sobre a fauna e flora da Mata Atl\u00e2ntica, estimulando o interesse dos participantes. Al\u00e9m disso, busca desenvolver habilidades art\u00edsticas atrav\u00e9s da cria\u00e7\u00e3o de fantasias e instrumentos musicais feitos de materiais recicl\u00e1veis, fortalecendo assim a participa\u00e7\u00e3o ativa dos jovens em iniciativas de sustentabilidade.<\/p>\n<h2>Import\u00e2ncia da Educa\u00e7\u00e3o Ambiental<\/h2>\n<p>A educa\u00e7\u00e3o ambiental \u00e9 fundamental para a forma\u00e7\u00e3o de cidad\u00e3os conscientes e respons\u00e1veis. Por meio de programas como o &#8220;Bloco da Ecologia&#8221;, \u00e9 poss\u00edvel ensinar sobre os desafios enfrentados pelo meio ambiente e as pr\u00e1ticas que podem ser adotadas para ajudar na sua preserva\u00e7\u00e3o. Esse tipo de educa\u00e7\u00e3o promove n\u00e3o s\u00f3 o conhecimento, mas tamb\u00e9m a forma\u00e7\u00e3o de valores que influenciam comportamentos sustent\u00e1veis.<\/p>\n<p><img decoding=\"async\" src=\"https:\/\/www.encontravitoria.com.br\/guia\/wp-content\/uploads\/2026\/05\/semear-gruta-da-onca-recebe-bloco-da-ecologia.webp\" alt=\"SeMEAR Gruta da On\u00e7a\" loading=\"lazy\" \/><\/p>\n<h2>Como a Mata Atl\u00e2ntica \u00e9 Preservada<\/h2>\n<p>A preserva\u00e7\u00e3o da Mata Atl\u00e2ntica \u00e9 crucial devido \u00e0 sua biodiversidade rica e \u00fanica. A SeMEAR realiza diversas atividades, como trilhas educativas, que mostram a import\u00e2ncia da conserva\u00e7\u00e3o das nascentes e cursos d&#8217;\u00e1gua locais. Essas a\u00e7\u00f5es visam n\u00e3o apenas proteger a flora e fauna, mas tamb\u00e9m garantir a qualidade da \u00e1gua e do ar para as futuras gera\u00e7\u00f5es.<\/p>\n<h2>O Papel da Crian\u00e7a na Conserva\u00e7\u00e3o<\/h2>\n<p>As crian\u00e7as desempenham um papel vital na conserva\u00e7\u00e3o ambiental. Elas s\u00e3o agentes de mudan\u00e7a em suas comunidades, influenciando suas fam\u00edlias e amigos. Programas como o Bloco da Ecologia incentivam o desenvolvimento de um senso de pertencimento ao meio ambiente, estimulando o respeito e o cuidado com os recursos naturais desde cedo.<\/p>\n<h2>Atividades no Bloco da Ecologia<\/h2>\n<p>As atividades incluem trilhas guiadas, oficinas de arte utilizando materiais recicl\u00e1veis e discuss\u00f5es sobre o ecossistema local. Os jovens participantes exploram as nascentes, aprendendo sobre a biodiversidade ao redor da Gruta da On\u00e7a. Essas experi\u00eancias pr\u00e1ticas fortalecem o aprendizado te\u00f3rico, tornando-o mais significativo e memor\u00e1vel.<\/p>\n<h2>O que Aprenderemos na Trilha<\/h2>\n<p>Durante as trilhas, os participantes t\u00eam a oportunidade de aprender sobre:<\/p>\n<ul>\n<li><strong>Identifica\u00e7\u00e3o de Esp\u00e9cies:<\/strong> Reconhecimento de diferentes plantas e animais da Mata Atl\u00e2ntica.<\/li>\n<li><strong>Cursos d&#8217;\u00e1gua:<\/strong> Import\u00e2ncia das nascentes para o ecossistema e para a cidade.<\/li>\n<li><strong>Conserva\u00e7\u00e3o:<\/strong> M\u00e9todos e pr\u00e1ticas que podem ser adotados para a preserva\u00e7\u00e3o do meio ambiente.<\/li>\n<li><strong>Hist\u00f3rias Locais:<\/strong> A conex\u00e3o cultural da comunidade com a natureza.<\/li>\n<\/ul>\n<h2>Benef\u00edcios da Viv\u00eancia na Natureza<\/h2>\n<p>Experi\u00eancias em ambientes naturais oferecem uma s\u00e9rie de benef\u00edcios, como:<\/p>\n<ul>\n<li><strong>Sa\u00fade Mental:<\/strong> O contato com a natureza reduz o estresse e promove o bem-estar.<\/li>\n<li><strong>Desenvolvimento F\u00edsico:<\/strong> Atividades ao ar livre incentivam a pr\u00e1tica de exerc\u00edcios f\u00edsicos e estimula o movimento.<\/li>\n<li><strong>Aperfei\u00e7oamento de Habilidades Sociais:<\/strong> Trabalhar em grupo na execu\u00e7\u00e3o de atividades ajuda no desenvolvimento de habilidades interpessoais.<\/li>\n<li><strong>Conex\u00e3o com a Natureza:<\/strong> A viv\u00eancia direta promove o amor e o respeito pela natureza.<\/li>\n<\/ul>\n<h2>Parcerias no Projeto de Educa\u00e7\u00e3o Ambiental<\/h2>\n<p>A SeMEAR conta com a colabora\u00e7\u00e3o de diversas institui\u00e7\u00f5es, como escolas e organiza\u00e7\u00f5es n\u00e3o governamentais, que atuam em conjunto para potencializar as a\u00e7\u00f5es de educa\u00e7\u00e3o ambiental. Essas parcerias s\u00e3o fundamentais para expandir o alcance do projeto e proporcionar uma experi\u00eancia mais rica e diversificada aos participantes.<\/p>\n<h2>Como Participar da SeMEAR Gruta da On\u00e7a<\/h2>\n<p>Os interessados em participar das atividades da SeMEAR devem entrar em contato pelo telefone [(27) 981540185](tel:027981540185) ou visitar o Portal Interativo de Educa\u00e7\u00e3o Ambiental <a href=\"https:\/\/www.interagevix.com.br\/\">IntErAgeVix<\/a>. \u00c9 uma excelente oportunidade para quem deseja aprender mais sobre meio ambiente e atuar de forma ativa na preserva\u00e7\u00e3o do ecossistema local.<\/p>\n<p>Ao envolver crian\u00e7as e adolescentes em atividades de conscientiza\u00e7\u00e3o e aprendizado, a SeMEAR Gruta da On\u00e7a n\u00e3o apenas educa, mas tamb\u00e9m fomenta a forma\u00e7\u00e3o de uma nova gera\u00e7\u00e3o de indiv\u00edduos preocupados com a conserva\u00e7\u00e3o ambiental e a sustentabilidade. A\u00e7\u00f5es como essas s\u00e3o essenciais para o futuro saud\u00e1vel do nosso planeta.<\/p>\n","protected":false},"excerpt":{"rendered":"<p>SeMEAR Gruta da On\u00e7a \u00e9 sua oportunidade de aprender sobre ecologia.<\/p>\n","protected":false},"author":1,"featured_media":8011,"comment_status":"open","ping_status":"open","sticky":false,"template":"","format":"standard","meta":{"footnotes":""},"categories":[5],"tags":[],"class_list":["post-8012","post","type-post","status-publish","format-standard","has-post-thumbnail","hentry","category-noticias","has_thumb"],"yoast_head":"<!-- This site is optimized with the Yoast SEO plugin v27.9 - https:\/\/yoast.com\/product\/yoast-seo-wordpress\/ -->\n<title>SeMEAR Gruta da On\u00e7a recebe bloco da ecologia | Guia Comercial de Vit\u00f3ria ES<\/title>\n<meta name=\"robots\" content=\"index, follow, max-snippet:-1, max-image-preview:large, max-video-preview:-1\" \/>\n<link rel=\"canonical\" href=\"https:\/\/www.encontravitoria.com.br\/guia\/semear-gruta-da-onca-recebe-bloco-da-ecologia\/\" \/>\n<meta property=\"og:locale\" content=\"pt_BR\" \/>\n<meta property=\"og:type\" content=\"article\" \/>\n<meta property=\"og:title\" content=\"SeMEAR Gruta da On\u00e7a recebe bloco da ecologia | Guia Comercial de Vit\u00f3ria ES\" \/>\n<meta property=\"og:description\" content=\"SeMEAR Gruta da On\u00e7a \u00e9 sua oportunidade de aprender sobre ecologia.\" \/>\n<meta property=\"og:url\" content=\"https:\/\/www.encontravitoria.com.br\/guia\/semear-gruta-da-onca-recebe-bloco-da-ecologia\/\" \/>\n<meta property=\"og:site_name\" content=\"Guia Comercial de Vit\u00f3ria ES\" \/>\n<meta property=\"article:published_time\" content=\"2026-05-09T07:48:45+00:00\" \/>\n<meta property=\"og:image\" content=\"https:\/\/www.encontravitoria.com.br\/guia\/wp-content\/uploads\/2026\/05\/semear-gruta-da-onca-recebe-bloco-da-ecologia.webp\" \/>\n<meta name=\"author\" content=\"Encontra Vit\u00f3ria\" \/>\n<meta name=\"twitter:card\" content=\"summary_large_image\" \/>\n<meta name=\"twitter:label1\" content=\"Escrito por\" \/>\n\t<meta name=\"twitter:data1\" content=\"Encontra Vit\u00f3ria\" \/>\n\t<meta name=\"twitter:label2\" content=\"Est. tempo de leitura\" \/>\n\t<meta name=\"twitter:data2\" content=\"4 minutos\" \/>\n<script type=\"application\/ld+json\" class=\"yoast-schema-graph\">{\"@context\":\"https:\\\/\\\/schema.org\",\"@graph\":[{\"@type\":\"Article\",\"@id\":\"https:\\\/\\\/www.encontravitoria.com.br\\\/guia\\\/semear-gruta-da-onca-recebe-bloco-da-ecologia\\\/#article\",\"isPartOf\":{\"@id\":\"https:\\\/\\\/www.encontravitoria.com.br\\\/guia\\\/semear-gruta-da-onca-recebe-bloco-da-ecologia\\\/\"},\"author\":{\"name\":\"Encontra Vit\u00f3ria\",\"@id\":\"https:\\\/\\\/www.encontravitoria.com.br\\\/guia\\\/#\\\/schema\\\/person\\\/e5c86e2a8d5a2a0333f0c44792c74c65\"},\"headline\":\"SeMEAR Gruta da On\u00e7a recebe bloco da ecologia\",\"datePublished\":\"2026-05-09T07:48:45+00:00\",\"mainEntityOfPage\":{\"@id\":\"https:\\\/\\\/www.encontravitoria.com.br\\\/guia\\\/semear-gruta-da-onca-recebe-bloco-da-ecologia\\\/\"},\"wordCount\":753,\"commentCount\":0,\"image\":{\"@id\":\"https:\\\/\\\/www.encontravitoria.com.br\\\/guia\\\/semear-gruta-da-onca-recebe-bloco-da-ecologia\\\/#primaryimage\"},\"thumbnailUrl\":\"https:\\\/\\\/www.encontravitoria.com.br\\\/guia\\\/wp-content\\\/uploads\\\/2026\\\/05\\\/semear-gruta-da-onca-recebe-bloco-da-ecologia.webp\",\"articleSection\":[\"Not\u00edcias Vit\u00f3ria\"],\"inLanguage\":\"pt-BR\",\"potentialAction\":[{\"@type\":\"CommentAction\",\"name\":\"Comment\",\"target\":[\"https:\\\/\\\/www.encontravitoria.com.br\\\/guia\\\/semear-gruta-da-onca-recebe-bloco-da-ecologia\\\/#respond\"]}]},{\"@type\":\"WebPage\",\"@id\":\"https:\\\/\\\/www.encontravitoria.com.br\\\/guia\\\/semear-gruta-da-onca-recebe-bloco-da-ecologia\\\/\",\"url\":\"https:\\\/\\\/www.encontravitoria.com.br\\\/guia\\\/semear-gruta-da-onca-recebe-bloco-da-ecologia\\\/\",\"name\":\"SeMEAR Gruta da On\u00e7a recebe bloco da ecologia | Guia Comercial de Vit\u00f3ria ES\",\"isPartOf\":{\"@id\":\"https:\\\/\\\/www.encontravitoria.com.br\\\/guia\\\/#website\"},\"primaryImageOfPage\":{\"@id\":\"https:\\\/\\\/www.encontravitoria.com.br\\\/guia\\\/semear-gruta-da-onca-recebe-bloco-da-ecologia\\\/#primaryimage\"},\"image\":{\"@id\":\"https:\\\/\\\/www.encontravitoria.com.br\\\/guia\\\/semear-gruta-da-onca-recebe-bloco-da-ecologia\\\/#primaryimage\"},\"thumbnailUrl\":\"https:\\\/\\\/www.encontravitoria.com.br\\\/guia\\\/wp-content\\\/uploads\\\/2026\\\/05\\\/semear-gruta-da-onca-recebe-bloco-da-ecologia.webp\",\"datePublished\":\"2026-05-09T07:48:45+00:00\",\"author\":{\"@id\":\"https:\\\/\\\/www.encontravitoria.com.br\\\/guia\\\/#\\\/schema\\\/person\\\/e5c86e2a8d5a2a0333f0c44792c74c65\"},\"inLanguage\":\"pt-BR\",\"potentialAction\":[{\"@type\":\"ReadAction\",\"target\":[\"https:\\\/\\\/www.encontravitoria.com.br\\\/guia\\\/semear-gruta-da-onca-recebe-bloco-da-ecologia\\\/\"]}]},{\"@type\":\"ImageObject\",\"inLanguage\":\"pt-BR\",\"@id\":\"https:\\\/\\\/www.encontravitoria.com.br\\\/guia\\\/semear-gruta-da-onca-recebe-bloco-da-ecologia\\\/#primaryimage\",\"url\":\"https:\\\/\\\/www.encontravitoria.com.br\\\/guia\\\/wp-content\\\/uploads\\\/2026\\\/05\\\/semear-gruta-da-onca-recebe-bloco-da-ecologia.webp\",\"contentUrl\":\"https:\\\/\\\/www.encontravitoria.com.br\\\/guia\\\/wp-content\\\/uploads\\\/2026\\\/05\\\/semear-gruta-da-onca-recebe-bloco-da-ecologia.webp\",\"width\":280,\"height\":280,\"caption\":\"SeMEAR Gruta da On\u00e7a\"},{\"@type\":\"WebSite\",\"@id\":\"https:\\\/\\\/www.encontravitoria.com.br\\\/guia\\\/#website\",\"url\":\"https:\\\/\\\/www.encontravitoria.com.br\\\/guia\\\/\",\"name\":\"Guia Comercial de Vit\u00f3ria ES\",\"description\":\"ENCONTRA VIT\u00d3RIA - O guia comercial de neg\u00f3cios e empresas, cultura e divers\u00e3o na cidade de Vit\u00f3ria. Feito 100% para voc\u00ea morador!\",\"potentialAction\":[{\"@type\":\"SearchAction\",\"target\":{\"@type\":\"EntryPoint\",\"urlTemplate\":\"https:\\\/\\\/www.encontravitoria.com.br\\\/guia\\\/?s={search_term_string}\"},\"query-input\":{\"@type\":\"PropertyValueSpecification\",\"valueRequired\":true,\"valueName\":\"search_term_string\"}}],\"inLanguage\":\"pt-BR\"},{\"@type\":\"Person\",\"@id\":\"https:\\\/\\\/www.encontravitoria.com.br\\\/guia\\\/#\\\/schema\\\/person\\\/e5c86e2a8d5a2a0333f0c44792c74c65\",\"name\":\"Encontra Vit\u00f3ria\",\"image\":{\"@type\":\"ImageObject\",\"inLanguage\":\"pt-BR\",\"@id\":\"https:\\\/\\\/secure.gravatar.com\\\/avatar\\\/c50c17820bcf322f0a8fd6b110b8c0918141409dc69076470f6fca5fee70a5d4?s=96&d=mm&r=g\",\"url\":\"https:\\\/\\\/secure.gravatar.com\\\/avatar\\\/c50c17820bcf322f0a8fd6b110b8c0918141409dc69076470f6fca5fee70a5d4?s=96&d=mm&r=g\",\"contentUrl\":\"https:\\\/\\\/secure.gravatar.com\\\/avatar\\\/c50c17820bcf322f0a8fd6b110b8c0918141409dc69076470f6fca5fee70a5d4?s=96&d=mm&r=g\",\"caption\":\"Encontra Vit\u00f3ria\"},\"url\":\"https:\\\/\\\/www.encontravitoria.com.br\\\/guia\\\/author\\\/encontravitoria\\\/\"}]}<\/script>\n<!-- \/ Yoast SEO plugin. -->","yoast_head_json":{"title":"SeMEAR Gruta da On\u00e7a recebe bloco da ecologia | Guia Comercial de Vit\u00f3ria ES","robots":{"index":"index","follow":"follow","max-snippet":"max-snippet:-1","max-image-preview":"max-image-preview:large","max-video-preview":"max-video-preview:-1"},"canonical":"https:\/\/www.encontravitoria.com.br\/guia\/semear-gruta-da-onca-recebe-bloco-da-ecologia\/","og_locale":"pt_BR","og_type":"article","og_title":"SeMEAR Gruta da On\u00e7a recebe bloco da ecologia | Guia Comercial de Vit\u00f3ria ES","og_description":"SeMEAR Gruta da On\u00e7a \u00e9 sua oportunidade de aprender sobre ecologia.","og_url":"https:\/\/www.encontravitoria.com.br\/guia\/semear-gruta-da-onca-recebe-bloco-da-ecologia\/","og_site_name":"Guia Comercial de Vit\u00f3ria ES","article_published_time":"2026-05-09T07:48:45+00:00","og_image":[{"url":"https:\/\/www.encontravitoria.com.br\/guia\/wp-content\/uploads\/2026\/05\/semear-gruta-da-onca-recebe-bloco-da-ecologia.webp","type":"","width":"","height":""}],"author":"Encontra Vit\u00f3ria","twitter_card":"summary_large_image","twitter_misc":{"Escrito por":"Encontra Vit\u00f3ria","Est. tempo de leitura":"4 minutos"},"schema":{"@context":"https:\/\/schema.org","@graph":[{"@type":"Article","@id":"https:\/\/www.encontravitoria.com.br\/guia\/semear-gruta-da-onca-recebe-bloco-da-ecologia\/#article","isPartOf":{"@id":"https:\/\/www.encontravitoria.com.br\/guia\/semear-gruta-da-onca-recebe-bloco-da-ecologia\/"},"author":{"name":"Encontra Vit\u00f3ria","@id":"https:\/\/www.encontravitoria.com.br\/guia\/#\/schema\/person\/e5c86e2a8d5a2a0333f0c44792c74c65"},"headline":"SeMEAR Gruta da On\u00e7a recebe bloco da ecologia","datePublished":"2026-05-09T07:48:45+00:00","mainEntityOfPage":{"@id":"https:\/\/www.encontravitoria.com.br\/guia\/semear-gruta-da-onca-recebe-bloco-da-ecologia\/"},"wordCount":753,"commentCount":0,"image":{"@id":"https:\/\/www.encontravitoria.com.br\/guia\/semear-gruta-da-onca-recebe-bloco-da-ecologia\/#primaryimage"},"thumbnailUrl":"https:\/\/www.encontravitoria.com.br\/guia\/wp-content\/uploads\/2026\/05\/semear-gruta-da-onca-recebe-bloco-da-ecologia.webp","articleSection":["Not\u00edcias Vit\u00f3ria"],"inLanguage":"pt-BR","potentialAction":[{"@type":"CommentAction","name":"Comment","target":["https:\/\/www.encontravitoria.com.br\/guia\/semear-gruta-da-onca-recebe-bloco-da-ecologia\/#respond"]}]},{"@type":"WebPage","@id":"https:\/\/www.encontravitoria.com.br\/guia\/semear-gruta-da-onca-recebe-bloco-da-ecologia\/","url":"https:\/\/www.encontravitoria.com.br\/guia\/semear-gruta-da-onca-recebe-bloco-da-ecologia\/","name":"SeMEAR Gruta da On\u00e7a recebe bloco da ecologia | Guia Comercial de Vit\u00f3ria ES","isPartOf":{"@id":"https:\/\/www.encontravitoria.com.br\/guia\/#website"},"primaryImageOfPage":{"@id":"https:\/\/www.encontravitoria.com.br\/guia\/semear-gruta-da-onca-recebe-bloco-da-ecologia\/#primaryimage"},"image":{"@id":"https:\/\/www.encontravitoria.com.br\/guia\/semear-gruta-da-onca-recebe-bloco-da-ecologia\/#primaryimage"},"thumbnailUrl":"https:\/\/www.encontravitoria.com.br\/guia\/wp-content\/uploads\/2026\/05\/semear-gruta-da-onca-recebe-bloco-da-ecologia.webp","datePublished":"2026-05-09T07:48:45+00:00","author":{"@id":"https:\/\/www.encontravitoria.com.br\/guia\/#\/schema\/person\/e5c86e2a8d5a2a0333f0c44792c74c65"},"inLanguage":"pt-BR","potentialAction":[{"@type":"ReadAction","target":["https:\/\/www.encontravitoria.com.br\/guia\/semear-gruta-da-onca-recebe-bloco-da-ecologia\/"]}]},{"@type":"ImageObject","inLanguage":"pt-BR","@id":"https:\/\/www.encontravitoria.com.br\/guia\/semear-gruta-da-onca-recebe-bloco-da-ecologia\/#primaryimage","url":"https:\/\/www.encontravitoria.com.br\/guia\/wp-content\/uploads\/2026\/05\/semear-gruta-da-onca-recebe-bloco-da-ecologia.webp","contentUrl":"https:\/\/www.encontravitoria.com.br\/guia\/wp-content\/uploads\/2026\/05\/semear-gruta-da-onca-recebe-bloco-da-ecologia.webp","width":280,"height":280,"caption":"SeMEAR Gruta da On\u00e7a"},{"@type":"WebSite","@id":"https:\/\/www.encontravitoria.com.br\/guia\/#website","url":"https:\/\/www.encontravitoria.com.br\/guia\/","name":"Guia Comercial de Vit\u00f3ria ES","description":"ENCONTRA VIT\u00d3RIA - O guia comercial de neg\u00f3cios e empresas, cultura e divers\u00e3o na cidade de Vit\u00f3ria. Feito 100% para voc\u00ea morador!","potentialAction":[{"@type":"SearchAction","target":{"@type":"EntryPoint","urlTemplate":"https:\/\/www.encontravitoria.com.br\/guia\/?s={search_term_string}"},"query-input":{"@type":"PropertyValueSpecification","valueRequired":true,"valueName":"search_term_string"}}],"inLanguage":"pt-BR"},{"@type":"Person","@id":"https:\/\/www.encontravitoria.com.br\/guia\/#\/schema\/person\/e5c86e2a8d5a2a0333f0c44792c74c65","name":"Encontra Vit\u00f3ria","image":{"@type":"ImageObject","inLanguage":"pt-BR","@id":"https:\/\/secure.gravatar.com\/avatar\/c50c17820bcf322f0a8fd6b110b8c0918141409dc69076470f6fca5fee70a5d4?s=96&d=mm&r=g","url":"https:\/\/secure.gravatar.com\/avatar\/c50c17820bcf322f0a8fd6b110b8c0918141409dc69076470f6fca5fee70a5d4?s=96&d=mm&r=g","contentUrl":"https:\/\/secure.gravatar.com\/avatar\/c50c17820bcf322f0a8fd6b110b8c0918141409dc69076470f6fca5fee70a5d4?s=96&d=mm&r=g","caption":"Encontra Vit\u00f3ria"},"url":"https:\/\/www.encontravitoria.com.br\/guia\/author\/encontravitoria\/"}]}},"_links":{"self":[{"href":"https:\/\/www.encontravitoria.com.br\/guia\/wp-json\/wp\/v2\/posts\/8012","targetHints":{"allow":["GET"]}}],"collection":[{"href":"https:\/\/www.encontravitoria.com.br\/guia\/wp-json\/wp\/v2\/posts"}],"about":[{"href":"https:\/\/www.encontravitoria.com.br\/guia\/wp-json\/wp\/v2\/types\/post"}],"author":[{"embeddable":true,"href":"https:\/\/www.encontravitoria.com.br\/guia\/wp-json\/wp\/v2\/users\/1"}],"replies":[{"embeddable":true,"href":"https:\/\/www.encontravitoria.com.br\/guia\/wp-json\/wp\/v2\/comments?post=8012"}],"version-history":[{"count":0,"href":"https:\/\/www.encontravitoria.com.br\/guia\/wp-json\/wp\/v2\/posts\/8012\/revisions"}],"wp:featuredmedia":[{"embeddable":true,"href":"https:\/\/www.encontravitoria.com.br\/guia\/wp-json\/wp\/v2\/media\/8011"}],"wp:attachment":[{"href":"https:\/\/www.encontravitoria.com.br\/guia\/wp-json\/wp\/v2\/media?parent=8012"}],"wp:term":[{"taxonomy":"category","embeddable":true,"href":"https:\/\/www.encontravitoria.com.br\/guia\/wp-json\/wp\/v2\/categories?post=8012"},{"taxonomy":"post_tag","embeddable":true,"href":"https:\/\/www.encontravitoria.com.br\/guia\/wp-json\/wp\/v2\/tags?post=8012"}],"curies":[{"name":"wp","href":"https:\/\/api.w.org\/{rel}","templated":true}]}}