{"id":8046,"date":"2026-05-16T04:44:27","date_gmt":"2026-05-16T07:44:27","guid":{"rendered":"https:\/\/www.encontravitoria.com.br\/guia\/nesta-sexta-15-abre-em-vitoria-es-exposicao-que-transforma-o-ato-de-comer-em-experiencia-artistica\/"},"modified":"2026-05-16T04:44:27","modified_gmt":"2026-05-16T07:44:27","slug":"nesta-sexta-15-abre-em-vitoria-es-exposicao-que-transforma-o-ato-de-comer-em-experiencia-artistica","status":"publish","type":"post","link":"https:\/\/www.encontravitoria.com.br\/guia\/nesta-sexta-15-abre-em-vitoria-es-exposicao-que-transforma-o-ato-de-comer-em-experiencia-artistica\/","title":{"rendered":"Nesta sexta (15) abre em Vit\u00f3ria (ES) exposi\u00e7\u00e3o que transforma o ato de comer em experi\u00eancia art\u00edstica"},"content":{"rendered":"<h2>Uma Nova Perspectiva sobre o Ato de Comer<\/h2>\n<p>A exposi\u00e7\u00e3o &#8220;Museu da Arte de Comer&#8221; que se inicia nesta sexta-feira (15) na Galeria Homero Massena, localizada no Centro de Vit\u00f3ria (ES), traz \u00e0 tona uma reflex\u00e3o inovadora sobre como o ato de comer transcende a mera satisfa\u00e7\u00e3o alimentar. Ao longo de sua perman\u00eancia, que vai at\u00e9 11 de julho, os visitantes ter\u00e3o a oportunidade de interagir com um espa\u00e7o que mistura arte, gastronomia e experi\u00eancias sensoriais.<\/p>\n<h2>Galeria Homero Massena: O Palco da Inova\u00e7\u00e3o<\/h2>\n<p>A Galeria Homero Massena, conhecida por abrigar exposi\u00e7\u00f5es que provocam a intera\u00e7\u00e3o entre arte e p\u00fablico, se torna o cen\u00e1rio perfeito para esta mostra revolucion\u00e1ria. Inaugurada h\u00e1 mais de duas d\u00e9cadas, a galeria se esfor\u00e7a para manter um di\u00e1logo aberto e inclusivo acerca das diferentes formas de arte contempor\u00e2nea, permitindo que eventos como este flores\u00e7am e inspirem a comunidade.<\/p>\n<h2>Mistura de Gastronomia e Arte Contempor\u00e2nea<\/h2>\n<p>O projeto resulta de uma colabora\u00e7\u00e3o entre o Cl\u00e3 Arte Studio e o Macuna\u00edma, um laborat\u00f3rio dedicado \u00e0 cozinha experimental. Juntos, eles re\u00fanem cria\u00e7\u00e3o art\u00edstica e cultura alimentar, levando o p\u00fablico a ver a gastronomia como uma forma de arte. A proposta da exposi\u00e7\u00e3o \u00e9 provocar uma reflex\u00e3o sobre como a alimenta\u00e7\u00e3o interage com a cultura e a emo\u00e7\u00e3o, habilitando novas percep\u00e7\u00f5es sobre sabores e sensa\u00e7\u00f5es.<\/p>\n<p><img decoding=\"async\" src=\"https:\/\/www.encontravitoria.com.br\/guia\/wp-content\/uploads\/2026\/05\/nesta-sexta-15-abre-em-vitoria-es-exposicao-que-transforma-o-ato-de-comer-em-experiencia-artistica.webp\" alt=\"exposi\u00e7\u00e3o que transforma o ato de comer em experi\u00eancia art\u00edstica\" loading=\"lazy\" \/><\/p>\n<h2>A Experi\u00eancia Sensorial que Aguarda os Visitantes<\/h2>\n<p>Os visitantes poder\u00e3o explorar um ambiente recheado de registros visuais, v\u00eddeos e experi\u00eancias ac\u00fasticas al\u00e9m de sabores. A mostra traz elementos coletados durante as degusta\u00e7\u00f5es sensoriais empreendidas entre 2022 e 2024, os quais levaram a uma nova interpreta\u00e7\u00e3o do comer. Esses encontros alimentares eram centrados em refei\u00e7\u00f5es feitas com ingredientes locais, resultando n\u00e3o apenas em pratos deliciosos, mas tamb\u00e9m em momentos de intera\u00e7\u00e3o art\u00edstica.<\/p>\n<h2>Degusta\u00e7\u00e3o e Performance: Uma Fus\u00e3o Criativa<\/h2>\n<p>Durante as sess\u00f5es de &#8220;Comer \u00e9 Arte&#8221;, os participantes n\u00e3o apenas degustavam pratos inspirados na culin\u00e1ria brasileira, mas tamb\u00e9m experimentavam um espet\u00e1culo que inclu\u00eda m\u00fasica, literatura e performance. Essa intersec\u00e7\u00e3o de formas art\u00edsticas cria uma experi\u00eancia imersiva que eleva o ato de comer a um novo patamar, incorporando todos os sentidos e estimulando uma reflex\u00e3o mais profunda sobre cada refei\u00e7\u00e3o.<\/p>\n<h2>O Papel dos Ingredientes Locais na Exposi\u00e7\u00e3o<\/h2>\n<p>Os ingredientes utilizados nas degusta\u00e7\u00f5es prov\u00eam de micro e pequenos produtores locais de Vit\u00f3ria, destacando a import\u00e2ncia da agricultura org\u00e2nica e sustent\u00e1vel. Essa escolha n\u00e3o s\u00f3 enriquece o sabor dos pratos, mas tamb\u00e9m contribui para a economia local e a valoriza\u00e7\u00e3o de pr\u00e1ticas agr\u00edcolas conscientes. A exposi\u00e7\u00e3o evidencia a conex\u00e3o entre o que \u00e9 servido no prato e as hist\u00f3rias dos ingredientes, promovendo uma consci\u00eancia sobre a origem dos alimentos.<\/p>\n<h2>Hist\u00f3rias e Mem\u00f3rias no Contexto Gastron\u00f4mico<\/h2>\n<p>Cada prato servido na exposi\u00e7\u00e3o carrega consigo uma narrativa rica e \u00fanica, permitindo que os visitantes se conectem com as mem\u00f3rias e hist\u00f3rias que comp\u00f5em a cultura alimentar. Isso cria um espa\u00e7o onde as experi\u00eancias culin\u00e1rias n\u00e3o s\u00e3o apenas sobre o que comemos, mas tamb\u00e9m sobre quem somos e como as tradi\u00e7\u00f5es alimentares moldam nossa identidade.<\/p>\n<h2>Visitas Mediadas: Uma Abordagem Educativa<\/h2>\n<p>Para enriquecer ainda mais a experi\u00eancia do p\u00fablico, a exposi\u00e7\u00e3o oferece visitas mediadas. Grupos com mais de oito pessoas devem agendar previamente, o que pode ser feito atrav\u00e9s do telefone ou e-mail disponibilizados pela galeria. As visitas mediadas visam aprofundar o entendimento dos participantes sobre a intersec\u00e7\u00e3o entre arte e gastronomia, abordando a import\u00e2ncia de cada elemento dentro da experi\u00eancia geral.<\/p>\n<h2>Programa\u00e7\u00e3o Cultural Paralela \u00e0 Exposi\u00e7\u00e3o<\/h2>\n<p>Al\u00e9m da exposi\u00e7\u00e3o em si, o evento contar\u00e1 com uma programa\u00e7\u00e3o rica de atividades educativas, que inclui palestras, bate-papos e oficinas voltadas para educadores e entusiastas da arte e da culin\u00e1ria. Essas atividades visam promover um aprendizado cont\u00ednuo, refletindo sobre as pr\u00e1ticas art\u00edsticas e a experi\u00eancia do comer de forma cr\u00edtica e envolvente.<\/p>\n<h2>Datas e Hor\u00e1rios para N\u00e3o Perder Essa Experi\u00eancia<\/h2>\n<p>Os hor\u00e1rios de visita\u00e7\u00e3o s\u00e3o amplos, permitindo que um n\u00famero significativo de pessoas tenha acesso \u00e0 mostra:<\/p>\n<ul>\n<li><strong>Segundas, ter\u00e7as, quintas e sextas:<\/strong> das 9h \u00e0s 18h<\/li>\n<li><strong>Quartas:<\/strong> das 10h \u00e0s 20h<\/li>\n<li><strong>S\u00e1bados e feriados:<\/strong> das 10h \u00e0s 16h<\/li>\n<\/ul>\n<p>Essa exposi\u00e7\u00e3o \u00e9 uma oportunidade imperd\u00edvel para redescobrir o ato de comer sob uma nova luz, unindo sensa\u00e7\u00f5es e experi\u00eancias que v\u00e3o al\u00e9m do paladar. N\u00e3o deixe de visitar!<\/p>\n","protected":false},"excerpt":{"rendered":"<p>Descubra como uma exposi\u00e7\u00e3o em Vit\u00f3ria transforma a gastronomia em arte de forma inovadora.<\/p>\n","protected":false},"author":1,"featured_media":8045,"comment_status":"open","ping_status":"open","sticky":false,"template":"","format":"standard","meta":{"footnotes":""},"categories":[5],"tags":[],"class_list":["post-8046","post","type-post","status-publish","format-standard","has-post-thumbnail","hentry","category-noticias","has_thumb"],"yoast_head":"<!-- This site is optimized with the Yoast SEO plugin v27.9 - https:\/\/yoast.com\/product\/yoast-seo-wordpress\/ -->\n<title>Nesta sexta (15) abre em Vit\u00f3ria (ES) exposi\u00e7\u00e3o que transforma o ato de comer em experi\u00eancia art\u00edstica | Guia Comercial de Vit\u00f3ria ES<\/title>\n<meta name=\"robots\" content=\"index, follow, max-snippet:-1, max-image-preview:large, max-video-preview:-1\" \/>\n<link rel=\"canonical\" href=\"https:\/\/www.encontravitoria.com.br\/guia\/nesta-sexta-15-abre-em-vitoria-es-exposicao-que-transforma-o-ato-de-comer-em-experiencia-artistica\/\" \/>\n<meta property=\"og:locale\" content=\"pt_BR\" \/>\n<meta property=\"og:type\" content=\"article\" \/>\n<meta property=\"og:title\" content=\"Nesta sexta (15) abre em Vit\u00f3ria (ES) exposi\u00e7\u00e3o que transforma o ato de comer em experi\u00eancia art\u00edstica | Guia Comercial de Vit\u00f3ria ES\" \/>\n<meta property=\"og:description\" content=\"Descubra como uma exposi\u00e7\u00e3o em Vit\u00f3ria transforma a gastronomia em arte de forma inovadora.\" \/>\n<meta property=\"og:url\" content=\"https:\/\/www.encontravitoria.com.br\/guia\/nesta-sexta-15-abre-em-vitoria-es-exposicao-que-transforma-o-ato-de-comer-em-experiencia-artistica\/\" \/>\n<meta property=\"og:site_name\" content=\"Guia Comercial de Vit\u00f3ria ES\" \/>\n<meta property=\"article:published_time\" content=\"2026-05-16T07:44:27+00:00\" \/>\n<meta property=\"og:image\" content=\"https:\/\/www.encontravitoria.com.br\/guia\/wp-content\/uploads\/2026\/05\/nesta-sexta-15-abre-em-vitoria-es-exposicao-que-transforma-o-ato-de-comer-em-experiencia-artistica.webp\" \/>\n<meta name=\"author\" content=\"Encontra Vit\u00f3ria\" \/>\n<meta name=\"twitter:card\" content=\"summary_large_image\" \/>\n<meta name=\"twitter:label1\" content=\"Escrito por\" \/>\n\t<meta name=\"twitter:data1\" content=\"Encontra Vit\u00f3ria\" \/>\n\t<meta name=\"twitter:label2\" content=\"Est. tempo de leitura\" \/>\n\t<meta name=\"twitter:data2\" content=\"4 minutos\" \/>\n<script type=\"application\/ld+json\" class=\"yoast-schema-graph\">{\"@context\":\"https:\\\/\\\/schema.org\",\"@graph\":[{\"@type\":\"Article\",\"@id\":\"https:\\\/\\\/www.encontravitoria.com.br\\\/guia\\\/nesta-sexta-15-abre-em-vitoria-es-exposicao-que-transforma-o-ato-de-comer-em-experiencia-artistica\\\/#article\",\"isPartOf\":{\"@id\":\"https:\\\/\\\/www.encontravitoria.com.br\\\/guia\\\/nesta-sexta-15-abre-em-vitoria-es-exposicao-que-transforma-o-ato-de-comer-em-experiencia-artistica\\\/\"},\"author\":{\"name\":\"Encontra Vit\u00f3ria\",\"@id\":\"https:\\\/\\\/www.encontravitoria.com.br\\\/guia\\\/#\\\/schema\\\/person\\\/e5c86e2a8d5a2a0333f0c44792c74c65\"},\"headline\":\"Nesta sexta (15) abre em Vit\u00f3ria (ES) exposi\u00e7\u00e3o que transforma o ato de comer em experi\u00eancia art\u00edstica\",\"datePublished\":\"2026-05-16T07:44:27+00:00\",\"mainEntityOfPage\":{\"@id\":\"https:\\\/\\\/www.encontravitoria.com.br\\\/guia\\\/nesta-sexta-15-abre-em-vitoria-es-exposicao-que-transforma-o-ato-de-comer-em-experiencia-artistica\\\/\"},\"wordCount\":821,\"commentCount\":0,\"image\":{\"@id\":\"https:\\\/\\\/www.encontravitoria.com.br\\\/guia\\\/nesta-sexta-15-abre-em-vitoria-es-exposicao-que-transforma-o-ato-de-comer-em-experiencia-artistica\\\/#primaryimage\"},\"thumbnailUrl\":\"https:\\\/\\\/www.encontravitoria.com.br\\\/guia\\\/wp-content\\\/uploads\\\/2026\\\/05\\\/nesta-sexta-15-abre-em-vitoria-es-exposicao-que-transforma-o-ato-de-comer-em-experiencia-artistica.webp\",\"articleSection\":[\"Not\u00edcias Vit\u00f3ria\"],\"inLanguage\":\"pt-BR\",\"potentialAction\":[{\"@type\":\"CommentAction\",\"name\":\"Comment\",\"target\":[\"https:\\\/\\\/www.encontravitoria.com.br\\\/guia\\\/nesta-sexta-15-abre-em-vitoria-es-exposicao-que-transforma-o-ato-de-comer-em-experiencia-artistica\\\/#respond\"]}]},{\"@type\":\"WebPage\",\"@id\":\"https:\\\/\\\/www.encontravitoria.com.br\\\/guia\\\/nesta-sexta-15-abre-em-vitoria-es-exposicao-que-transforma-o-ato-de-comer-em-experiencia-artistica\\\/\",\"url\":\"https:\\\/\\\/www.encontravitoria.com.br\\\/guia\\\/nesta-sexta-15-abre-em-vitoria-es-exposicao-que-transforma-o-ato-de-comer-em-experiencia-artistica\\\/\",\"name\":\"Nesta sexta (15) abre em Vit\u00f3ria (ES) exposi\u00e7\u00e3o que transforma o ato de comer em experi\u00eancia art\u00edstica | Guia Comercial de Vit\u00f3ria ES\",\"isPartOf\":{\"@id\":\"https:\\\/\\\/www.encontravitoria.com.br\\\/guia\\\/#website\"},\"primaryImageOfPage\":{\"@id\":\"https:\\\/\\\/www.encontravitoria.com.br\\\/guia\\\/nesta-sexta-15-abre-em-vitoria-es-exposicao-que-transforma-o-ato-de-comer-em-experiencia-artistica\\\/#primaryimage\"},\"image\":{\"@id\":\"https:\\\/\\\/www.encontravitoria.com.br\\\/guia\\\/nesta-sexta-15-abre-em-vitoria-es-exposicao-que-transforma-o-ato-de-comer-em-experiencia-artistica\\\/#primaryimage\"},\"thumbnailUrl\":\"https:\\\/\\\/www.encontravitoria.com.br\\\/guia\\\/wp-content\\\/uploads\\\/2026\\\/05\\\/nesta-sexta-15-abre-em-vitoria-es-exposicao-que-transforma-o-ato-de-comer-em-experiencia-artistica.webp\",\"datePublished\":\"2026-05-16T07:44:27+00:00\",\"author\":{\"@id\":\"https:\\\/\\\/www.encontravitoria.com.br\\\/guia\\\/#\\\/schema\\\/person\\\/e5c86e2a8d5a2a0333f0c44792c74c65\"},\"inLanguage\":\"pt-BR\",\"potentialAction\":[{\"@type\":\"ReadAction\",\"target\":[\"https:\\\/\\\/www.encontravitoria.com.br\\\/guia\\\/nesta-sexta-15-abre-em-vitoria-es-exposicao-que-transforma-o-ato-de-comer-em-experiencia-artistica\\\/\"]}]},{\"@type\":\"ImageObject\",\"inLanguage\":\"pt-BR\",\"@id\":\"https:\\\/\\\/www.encontravitoria.com.br\\\/guia\\\/nesta-sexta-15-abre-em-vitoria-es-exposicao-que-transforma-o-ato-de-comer-em-experiencia-artistica\\\/#primaryimage\",\"url\":\"https:\\\/\\\/www.encontravitoria.com.br\\\/guia\\\/wp-content\\\/uploads\\\/2026\\\/05\\\/nesta-sexta-15-abre-em-vitoria-es-exposicao-que-transforma-o-ato-de-comer-em-experiencia-artistica.webp\",\"contentUrl\":\"https:\\\/\\\/www.encontravitoria.com.br\\\/guia\\\/wp-content\\\/uploads\\\/2026\\\/05\\\/nesta-sexta-15-abre-em-vitoria-es-exposicao-que-transforma-o-ato-de-comer-em-experiencia-artistica.webp\",\"width\":280,\"height\":280,\"caption\":\"exposi\u00e7\u00e3o que transforma o ato de comer em experi\u00eancia art\u00edstica\"},{\"@type\":\"WebSite\",\"@id\":\"https:\\\/\\\/www.encontravitoria.com.br\\\/guia\\\/#website\",\"url\":\"https:\\\/\\\/www.encontravitoria.com.br\\\/guia\\\/\",\"name\":\"Guia Comercial de Vit\u00f3ria ES\",\"description\":\"ENCONTRA VIT\u00d3RIA - O guia comercial de neg\u00f3cios e empresas, cultura e divers\u00e3o na cidade de Vit\u00f3ria. Feito 100% para voc\u00ea morador!\",\"potentialAction\":[{\"@type\":\"SearchAction\",\"target\":{\"@type\":\"EntryPoint\",\"urlTemplate\":\"https:\\\/\\\/www.encontravitoria.com.br\\\/guia\\\/?s={search_term_string}\"},\"query-input\":{\"@type\":\"PropertyValueSpecification\",\"valueRequired\":true,\"valueName\":\"search_term_string\"}}],\"inLanguage\":\"pt-BR\"},{\"@type\":\"Person\",\"@id\":\"https:\\\/\\\/www.encontravitoria.com.br\\\/guia\\\/#\\\/schema\\\/person\\\/e5c86e2a8d5a2a0333f0c44792c74c65\",\"name\":\"Encontra Vit\u00f3ria\",\"image\":{\"@type\":\"ImageObject\",\"inLanguage\":\"pt-BR\",\"@id\":\"https:\\\/\\\/secure.gravatar.com\\\/avatar\\\/c50c17820bcf322f0a8fd6b110b8c0918141409dc69076470f6fca5fee70a5d4?s=96&d=mm&r=g\",\"url\":\"https:\\\/\\\/secure.gravatar.com\\\/avatar\\\/c50c17820bcf322f0a8fd6b110b8c0918141409dc69076470f6fca5fee70a5d4?s=96&d=mm&r=g\",\"contentUrl\":\"https:\\\/\\\/secure.gravatar.com\\\/avatar\\\/c50c17820bcf322f0a8fd6b110b8c0918141409dc69076470f6fca5fee70a5d4?s=96&d=mm&r=g\",\"caption\":\"Encontra Vit\u00f3ria\"},\"url\":\"https:\\\/\\\/www.encontravitoria.com.br\\\/guia\\\/author\\\/encontravitoria\\\/\"}]}<\/script>\n<!-- \/ Yoast SEO plugin. -->","yoast_head_json":{"title":"Nesta sexta (15) abre em Vit\u00f3ria (ES) exposi\u00e7\u00e3o que transforma o ato de comer em experi\u00eancia art\u00edstica | Guia Comercial de Vit\u00f3ria ES","robots":{"index":"index","follow":"follow","max-snippet":"max-snippet:-1","max-image-preview":"max-image-preview:large","max-video-preview":"max-video-preview:-1"},"canonical":"https:\/\/www.encontravitoria.com.br\/guia\/nesta-sexta-15-abre-em-vitoria-es-exposicao-que-transforma-o-ato-de-comer-em-experiencia-artistica\/","og_locale":"pt_BR","og_type":"article","og_title":"Nesta sexta (15) abre em Vit\u00f3ria (ES) exposi\u00e7\u00e3o que transforma o ato de comer em experi\u00eancia art\u00edstica | Guia Comercial de Vit\u00f3ria ES","og_description":"Descubra como uma exposi\u00e7\u00e3o em Vit\u00f3ria transforma a gastronomia em arte de forma inovadora.","og_url":"https:\/\/www.encontravitoria.com.br\/guia\/nesta-sexta-15-abre-em-vitoria-es-exposicao-que-transforma-o-ato-de-comer-em-experiencia-artistica\/","og_site_name":"Guia Comercial de Vit\u00f3ria ES","article_published_time":"2026-05-16T07:44:27+00:00","og_image":[{"url":"https:\/\/www.encontravitoria.com.br\/guia\/wp-content\/uploads\/2026\/05\/nesta-sexta-15-abre-em-vitoria-es-exposicao-que-transforma-o-ato-de-comer-em-experiencia-artistica.webp","type":"","width":"","height":""}],"author":"Encontra Vit\u00f3ria","twitter_card":"summary_large_image","twitter_misc":{"Escrito por":"Encontra Vit\u00f3ria","Est. tempo de leitura":"4 minutos"},"schema":{"@context":"https:\/\/schema.org","@graph":[{"@type":"Article","@id":"https:\/\/www.encontravitoria.com.br\/guia\/nesta-sexta-15-abre-em-vitoria-es-exposicao-que-transforma-o-ato-de-comer-em-experiencia-artistica\/#article","isPartOf":{"@id":"https:\/\/www.encontravitoria.com.br\/guia\/nesta-sexta-15-abre-em-vitoria-es-exposicao-que-transforma-o-ato-de-comer-em-experiencia-artistica\/"},"author":{"name":"Encontra Vit\u00f3ria","@id":"https:\/\/www.encontravitoria.com.br\/guia\/#\/schema\/person\/e5c86e2a8d5a2a0333f0c44792c74c65"},"headline":"Nesta sexta (15) abre em Vit\u00f3ria (ES) exposi\u00e7\u00e3o que transforma o ato de comer em experi\u00eancia art\u00edstica","datePublished":"2026-05-16T07:44:27+00:00","mainEntityOfPage":{"@id":"https:\/\/www.encontravitoria.com.br\/guia\/nesta-sexta-15-abre-em-vitoria-es-exposicao-que-transforma-o-ato-de-comer-em-experiencia-artistica\/"},"wordCount":821,"commentCount":0,"image":{"@id":"https:\/\/www.encontravitoria.com.br\/guia\/nesta-sexta-15-abre-em-vitoria-es-exposicao-que-transforma-o-ato-de-comer-em-experiencia-artistica\/#primaryimage"},"thumbnailUrl":"https:\/\/www.encontravitoria.com.br\/guia\/wp-content\/uploads\/2026\/05\/nesta-sexta-15-abre-em-vitoria-es-exposicao-que-transforma-o-ato-de-comer-em-experiencia-artistica.webp","articleSection":["Not\u00edcias Vit\u00f3ria"],"inLanguage":"pt-BR","potentialAction":[{"@type":"CommentAction","name":"Comment","target":["https:\/\/www.encontravitoria.com.br\/guia\/nesta-sexta-15-abre-em-vitoria-es-exposicao-que-transforma-o-ato-de-comer-em-experiencia-artistica\/#respond"]}]},{"@type":"WebPage","@id":"https:\/\/www.encontravitoria.com.br\/guia\/nesta-sexta-15-abre-em-vitoria-es-exposicao-que-transforma-o-ato-de-comer-em-experiencia-artistica\/","url":"https:\/\/www.encontravitoria.com.br\/guia\/nesta-sexta-15-abre-em-vitoria-es-exposicao-que-transforma-o-ato-de-comer-em-experiencia-artistica\/","name":"Nesta sexta (15) abre em Vit\u00f3ria (ES) exposi\u00e7\u00e3o que transforma o ato de comer em experi\u00eancia art\u00edstica | Guia Comercial de Vit\u00f3ria ES","isPartOf":{"@id":"https:\/\/www.encontravitoria.com.br\/guia\/#website"},"primaryImageOfPage":{"@id":"https:\/\/www.encontravitoria.com.br\/guia\/nesta-sexta-15-abre-em-vitoria-es-exposicao-que-transforma-o-ato-de-comer-em-experiencia-artistica\/#primaryimage"},"image":{"@id":"https:\/\/www.encontravitoria.com.br\/guia\/nesta-sexta-15-abre-em-vitoria-es-exposicao-que-transforma-o-ato-de-comer-em-experiencia-artistica\/#primaryimage"},"thumbnailUrl":"https:\/\/www.encontravitoria.com.br\/guia\/wp-content\/uploads\/2026\/05\/nesta-sexta-15-abre-em-vitoria-es-exposicao-que-transforma-o-ato-de-comer-em-experiencia-artistica.webp","datePublished":"2026-05-16T07:44:27+00:00","author":{"@id":"https:\/\/www.encontravitoria.com.br\/guia\/#\/schema\/person\/e5c86e2a8d5a2a0333f0c44792c74c65"},"inLanguage":"pt-BR","potentialAction":[{"@type":"ReadAction","target":["https:\/\/www.encontravitoria.com.br\/guia\/nesta-sexta-15-abre-em-vitoria-es-exposicao-que-transforma-o-ato-de-comer-em-experiencia-artistica\/"]}]},{"@type":"ImageObject","inLanguage":"pt-BR","@id":"https:\/\/www.encontravitoria.com.br\/guia\/nesta-sexta-15-abre-em-vitoria-es-exposicao-que-transforma-o-ato-de-comer-em-experiencia-artistica\/#primaryimage","url":"https:\/\/www.encontravitoria.com.br\/guia\/wp-content\/uploads\/2026\/05\/nesta-sexta-15-abre-em-vitoria-es-exposicao-que-transforma-o-ato-de-comer-em-experiencia-artistica.webp","contentUrl":"https:\/\/www.encontravitoria.com.br\/guia\/wp-content\/uploads\/2026\/05\/nesta-sexta-15-abre-em-vitoria-es-exposicao-que-transforma-o-ato-de-comer-em-experiencia-artistica.webp","width":280,"height":280,"caption":"exposi\u00e7\u00e3o que transforma o ato de comer em experi\u00eancia art\u00edstica"},{"@type":"WebSite","@id":"https:\/\/www.encontravitoria.com.br\/guia\/#website","url":"https:\/\/www.encontravitoria.com.br\/guia\/","name":"Guia Comercial de Vit\u00f3ria ES","description":"ENCONTRA VIT\u00d3RIA - O guia comercial de neg\u00f3cios e empresas, cultura e divers\u00e3o na cidade de Vit\u00f3ria. Feito 100% para voc\u00ea morador!","potentialAction":[{"@type":"SearchAction","target":{"@type":"EntryPoint","urlTemplate":"https:\/\/www.encontravitoria.com.br\/guia\/?s={search_term_string}"},"query-input":{"@type":"PropertyValueSpecification","valueRequired":true,"valueName":"search_term_string"}}],"inLanguage":"pt-BR"},{"@type":"Person","@id":"https:\/\/www.encontravitoria.com.br\/guia\/#\/schema\/person\/e5c86e2a8d5a2a0333f0c44792c74c65","name":"Encontra Vit\u00f3ria","image":{"@type":"ImageObject","inLanguage":"pt-BR","@id":"https:\/\/secure.gravatar.com\/avatar\/c50c17820bcf322f0a8fd6b110b8c0918141409dc69076470f6fca5fee70a5d4?s=96&d=mm&r=g","url":"https:\/\/secure.gravatar.com\/avatar\/c50c17820bcf322f0a8fd6b110b8c0918141409dc69076470f6fca5fee70a5d4?s=96&d=mm&r=g","contentUrl":"https:\/\/secure.gravatar.com\/avatar\/c50c17820bcf322f0a8fd6b110b8c0918141409dc69076470f6fca5fee70a5d4?s=96&d=mm&r=g","caption":"Encontra Vit\u00f3ria"},"url":"https:\/\/www.encontravitoria.com.br\/guia\/author\/encontravitoria\/"}]}},"_links":{"self":[{"href":"https:\/\/www.encontravitoria.com.br\/guia\/wp-json\/wp\/v2\/posts\/8046","targetHints":{"allow":["GET"]}}],"collection":[{"href":"https:\/\/www.encontravitoria.com.br\/guia\/wp-json\/wp\/v2\/posts"}],"about":[{"href":"https:\/\/www.encontravitoria.com.br\/guia\/wp-json\/wp\/v2\/types\/post"}],"author":[{"embeddable":true,"href":"https:\/\/www.encontravitoria.com.br\/guia\/wp-json\/wp\/v2\/users\/1"}],"replies":[{"embeddable":true,"href":"https:\/\/www.encontravitoria.com.br\/guia\/wp-json\/wp\/v2\/comments?post=8046"}],"version-history":[{"count":0,"href":"https:\/\/www.encontravitoria.com.br\/guia\/wp-json\/wp\/v2\/posts\/8046\/revisions"}],"wp:featuredmedia":[{"embeddable":true,"href":"https:\/\/www.encontravitoria.com.br\/guia\/wp-json\/wp\/v2\/media\/8045"}],"wp:attachment":[{"href":"https:\/\/www.encontravitoria.com.br\/guia\/wp-json\/wp\/v2\/media?parent=8046"}],"wp:term":[{"taxonomy":"category","embeddable":true,"href":"https:\/\/www.encontravitoria.com.br\/guia\/wp-json\/wp\/v2\/categories?post=8046"},{"taxonomy":"post_tag","embeddable":true,"href":"https:\/\/www.encontravitoria.com.br\/guia\/wp-json\/wp\/v2\/tags?post=8046"}],"curies":[{"name":"wp","href":"https:\/\/api.w.org\/{rel}","templated":true}]}}