{"id":8074,"date":"2026-05-22T04:47:09","date_gmt":"2026-05-22T07:47:09","guid":{"rendered":"https:\/\/www.encontravitoria.com.br\/guia\/guarda-de-vitoria-recebera-curso-nacional-de-policiamento-comunitario-do-ministerio-da-justica\/"},"modified":"2026-05-22T04:47:09","modified_gmt":"2026-05-22T07:47:09","slug":"guarda-de-vitoria-recebera-curso-nacional-de-policiamento-comunitario-do-ministerio-da-justica","status":"publish","type":"post","link":"https:\/\/www.encontravitoria.com.br\/guia\/guarda-de-vitoria-recebera-curso-nacional-de-policiamento-comunitario-do-ministerio-da-justica\/","title":{"rendered":"Guarda de Vit\u00f3ria receber\u00e1 Curso Nacional de Policiamento Comunit\u00e1rio do Minist\u00e9rio da Justi\u00e7a"},"content":{"rendered":"<h2>Objetivos do Curso de Policiamento Comunit\u00e1rio<\/h2>\n<p>O Curso de Policiamento Comunit\u00e1rio tem como finalidade aprimorar as capacidades dos agentes da Guarda Civil Municipal de Vit\u00f3ria. Atrav\u00e9s de uma abordagem sistem\u00e1tica, busca-se n\u00e3o apenas formar profissionais mais competentes, mas tamb\u00e9m criar v\u00ednculos mais estreitos entre a seguran\u00e7a p\u00fablica e a comunidade. Dentre os objetivos principais est\u00e3o:<\/p>\n<ul>\n<li><strong>Aperfei\u00e7oar as t\u00e9cnicas e conhecimentos dos agentes:<\/strong> garantir que os participantes tenham acesso a m\u00e9todos modernos e eficazes de policiamento.<\/li>\n<li><strong>Fomentar pr\u00e1ticas de rela\u00e7\u00e3o comunit\u00e1ria:<\/strong> a forma\u00e7\u00e3o visa fortalecer a intera\u00e7\u00e3o e a confian\u00e7a entre os guardas e os cidad\u00e3os.<\/li>\n<li><strong>Promover a preven\u00e7\u00e3o criminal:<\/strong> atrav\u00e9s do conhecimento adquirido, os agentes ser\u00e3o capacitados a realizar a\u00e7\u00f5es que evitem a criminalidade.<\/li>\n<\/ul>\n<h2>Import\u00e2ncia da Capacita\u00e7\u00e3o para Guardas Municipais<\/h2>\n<p>A capacita\u00e7\u00e3o cont\u00ednua dos membros da Guarda Civil \u00e9 crucial para o enfrentamento dos desafios contempor\u00e2neos na seguran\u00e7a urbana. No atual cen\u00e1rio, onde a viol\u00eancia e a criminalidade apresentam demandas complexas, \u00e9 imprescind\u00edvel que os profissionais estejam bem preparados para atuar em todas as suas nuances. Alguns dos benef\u00edcios da capacita\u00e7\u00e3o s\u00e3o:<\/p>\n<ul>\n<li><strong>Atualiza\u00e7\u00e3o de conhecimentos:<\/strong> com novas metodologias e abordagens, a forma\u00e7\u00e3o permite que os guardas estejam alinhados \u00e0s melhores pr\u00e1ticas de policiamento.<\/li>\n<li><strong>Autoconfian\u00e7a e efici\u00eancia:<\/strong> a forma\u00e7\u00e3o aumenta a autoestima dos agentes, que passam a se sentir mais seguros em suas habilidades operacionais.<\/li>\n<li><strong>Intera\u00e7\u00e3o e comunica\u00e7\u00e3o:<\/strong> o curso ensina a import\u00e2ncia do di\u00e1logo e do relacionamento com a comunidade, promovendo uma abordagem mais amig\u00e1vel nas opera\u00e7\u00f5es.<\/li>\n<\/ul>\n<h2>Metodologia do Curso e Atividades Pr\u00e1ticas<\/h2>\n<p>A metodologia adotada durante o curso ser\u00e1 uma combina\u00e7\u00e3o de teoria e pr\u00e1tica, permitindo que os participantes apliquem os conceitos aprendidos em situa\u00e7\u00f5es reais. A capacita\u00e7\u00e3o incluir\u00e1:<\/p>\n<p><img decoding=\"async\" src=\"https:\/\/www.encontravitoria.com.br\/guia\/wp-content\/uploads\/2026\/05\/guarda-de-vitoria-recebera-curso-nacional-de-policiamento-comunitario-do-ministerio-da-justica.webp\" alt=\"Curso de Policiamento Comunit\u00e1rio\" loading=\"lazy\" \/><\/p>\n<ul>\n<li><strong>Aulas te\u00f3ricas:<\/strong> onde conceitos fundamentais sobre policiamento comunit\u00e1rio ser\u00e3o explorados.<\/li>\n<li><strong>Workshops e simula\u00e7\u00f5es:<\/strong> atividades pr\u00e1ticas que proporcionar\u00e3o aos guardas a chance de praticar o que aprenderam.<\/li>\n<li><strong>Debates e discuss\u00f5es:<\/strong> fomentando a troca de experi\u00eancias e a reflex\u00e3o cr\u00edtica sobre as pr\u00e1ticas de policiamento.<\/li>\n<\/ul>\n<h2>Disciplinas Abordadas no Curso<\/h2>\n<p>Durante o curso, os participantes ter\u00e3o acesso a v\u00e1rias disciplinas, cada uma com foco em um aspecto espec\u00edfico do policiamento comunit\u00e1rio. As principais disciplinas incluem:<\/p>\n<ul>\n<li><strong>Introdu\u00e7\u00e3o, Filosofia e Estrat\u00e9gias de Policiamento Comunit\u00e1rio:<\/strong> Uma vis\u00e3o abrangente sobre as bases e a evolu\u00e7\u00e3o do policiamento comunit\u00e1rio.<\/li>\n<li><strong>Comunica\u00e7\u00e3o e Relacionamento Comunit\u00e1rio:<\/strong> T\u00e9cnicas para estabelecer e manter um bom relacionamento com a comunidade.<\/li>\n<li><strong>Mobiliza\u00e7\u00e3o Social e Estrutura\u00e7\u00e3o de Redes de Prote\u00e7\u00e3o Preventiva:<\/strong> Ensinamentos sobre como criar e fortalecer a\u00e7\u00f5es de preven\u00e7\u00e3o em conjunto com a sociedade.<\/li>\n<li><strong>No\u00e7\u00f5es de Media\u00e7\u00e3o e Resolu\u00e7\u00e3o Pac\u00edfica de Conflitos:<\/strong> Capacita\u00e7\u00e3o em abordagens n\u00e3o violentas para resolver conflitos.<\/li>\n<li><strong>No\u00e7\u00f5es de Preven\u00e7\u00e3o Criminal pelo Desenho Ambiental:<\/strong> Estrat\u00e9gias para reduzir o crime atrav\u00e9s do planejamento do espa\u00e7o urbano.<\/li>\n<li><strong>T\u00e9cnicas e Procedimentos Operacionais em Policiamento Comunit\u00e1rio:<\/strong> M\u00e9todos pr\u00e1ticos que os guardas devem aplicar em suas fun\u00e7\u00f5es.<\/li>\n<li><strong>Pr\u00e1ticas Operacionais de Policiamento Comunit\u00e1rio:<\/strong> An\u00e1lise de casos pr\u00e1ticos e exerc\u00edcios reais de policiamento.<\/li>\n<\/ul>\n<h2>Teoria e Pr\u00e1tica no Policiamento Comunit\u00e1rio<\/h2>\n<p>A integra\u00e7\u00e3o entre teoria e pr\u00e1tica \u00e9 um dos pilares do curso, pois apenas a combina\u00e7\u00e3o destes elementos vai garantir que os guardas se tornem profissionais completos. A teoria fornece as bases necess\u00e1rias, enquanto a pr\u00e1tica permite que os guardas:<\/p>\n<ul>\n<li><strong>Desenvolvam habilidades pr\u00e1ticas:<\/strong> Como agir em situa\u00e7\u00f5es reais, utilizando as t\u00e9cnicas aprendidas.<\/li>\n<li><strong>Testem estrat\u00e9gias em cen\u00e1rios simulados:<\/strong> Isso os prepara para lidar com imprevistos e situa\u00e7\u00f5es complexas.<\/li>\n<li><strong>Recebam feedback em tempo real:<\/strong> A avalia\u00e7\u00e3o cont\u00ednua \u00e9 essencial para o aprimoramento das habilidades.<\/li>\n<\/ul>\n<h2>Avalia\u00e7\u00e3o e Aprendizado dos Participantes<\/h2>\n<p>A avalia\u00e7\u00e3o dos participantes ser\u00e1 um processo cont\u00ednuo ao longo do curso. Isso envolve:<\/p>\n<ul>\n<li><strong>Trabalhos em grupo e semin\u00e1rios:<\/strong> Os participantes dever\u00e3o apresentar suas perspectivas e solu\u00e7\u00f5es para situa\u00e7\u00f5es espec\u00edficas.<\/li>\n<li><strong>Autoavalia\u00e7\u00e3o:<\/strong> Estimulando a reflex\u00e3o pessoal sobre o aprendizado e as compet\u00eancias adquiridas.<\/li>\n<li><strong>Debates em sala de aula:<\/strong> O que contribui para a troca de id\u00e9ias e compreens\u00e3o m\u00fatua.<\/li>\n<li><strong>Simulados e provas:<\/strong> Avalia\u00e7\u00f5es pr\u00e1ticas para medir a aplica\u00e7\u00e3o dos conhecimentos adquiridos.<\/li>\n<\/ul>\n<h2>Relev\u00e2ncia da Media\u00e7\u00e3o de Conflitos<\/h2>\n<p>A media\u00e7\u00e3o de conflitos \u00e9 uma habilidade central que ser\u00e1 enfatizada durante o curso. A capacidade de mediar conflitos eficientemente \u00e9 vital para a atua\u00e7\u00e3o do guarda municipal, pois permite resolver disputas de forma pac\u00edfica e evita a escalada de tens\u00f5es. Entre os principais pontos a serem abordados est\u00e3o:<\/p>\n<ul>\n<li><strong>T\u00e9cnicas de comunica\u00e7\u00e3o eficaz:<\/strong> Aprender como dialogar e ouvir ativamente para entender as preocupa\u00e7\u00f5es das partes envolvidas.<\/li>\n<li><strong>Identifica\u00e7\u00e3o de interesses comuns:<\/strong> Construir solu\u00e7\u00f5es que atendam, na medida do poss\u00edvel, as necessidades de todos os envolvidos.<\/li>\n<li><strong>Cria\u00e7\u00e3o de um ambiente seguro:<\/strong> Assegurar que todas as partes se sintam confort\u00e1veis para expressar suas preocupa\u00e7\u00f5es.<\/li>\n<\/ul>\n<h2>T\u00e9cnicas para um Policiamento Humanizado<\/h2>\n<p>Nos dias de hoje, a humaniza\u00e7\u00e3o no policiamento \u00e9 essencial. O curso reitera a import\u00e2ncia de tratar todos os cidad\u00e3os com dignidade e respeito. Algumas das t\u00e9cnicas que ser\u00e3o discutidas incluem:<\/p>\n<ul>\n<li><strong>Empatia e compreens\u00e3o:<\/strong> Articular um entendimento sincero da posi\u00e7\u00e3o do outro e atuar sem preconceitos.<\/li>\n<li><strong>Aproxima\u00e7\u00e3o comunit\u00e1ria:<\/strong> Promover um policiamento que se baseie na constru\u00e7\u00e3o de relacionamentos de confian\u00e7a.<\/li>\n<li><strong>Capacita\u00e7\u00e3o emocional e suporte psicol\u00f3gico:<\/strong> Para os guardas, \u00e9 importante manter a sa\u00fade mental e ter mecanismos de suporte para lidar com situa\u00e7\u00f5es estressantes.<\/li>\n<\/ul>\n<h2>Forma\u00e7\u00e3o Cont\u00ednua da Guarda Civil Municipal<\/h2>\n<p>O investimento constante na forma\u00e7\u00e3o dos guardas municipais \u00e9 um compromisso da administra\u00e7\u00e3o p\u00fablica. Durante o ano de 2025, por exemplo, foram realizados 17 cursos distintos com uma variedade de t\u00f3picos relevantes. Essa forma\u00e7\u00e3o cont\u00ednua \u00e9 necess\u00e1ria para:<\/p>\n<ul>\n<li><strong>Adaptar-se \u00e0s mudan\u00e7as sociais:<\/strong> As necessidades da sociedade mudam constantemente, e os guardas devem estar prontos para se adaptar.<\/li>\n<li><strong>Manter-se atualizado com inova\u00e7\u00f5es:<\/strong> A evolu\u00e7\u00e3o de t\u00e9cnicas e pr\u00e1ticas policiais precisa ser acompanhada para garantir maior efic\u00e1cia.<\/li>\n<li><strong>Fortalecer a resposta emocional:<\/strong> Melhora na tomada de decis\u00f5es sob press\u00e3o e situa\u00e7\u00f5es de conflito.<\/li>\n<\/ul>\n<h2>Impacto do Curso na Seguran\u00e7a Urbana de Vit\u00f3ria<\/h2>\n<p>O agregado de conhecimentos e habilidades oferecidos pelo curso ter\u00e1 um impacto significativo na seguran\u00e7a urbana de Vit\u00f3ria. Com uma Guarda Civil mais capacitada, espera-se que:<\/p>\n<ul>\n<li><strong>Se intensifique a aproxima\u00e7\u00e3o com a comunidade:<\/strong> Criando um ambiente mais seguro e colaborativo.<\/li>\n<li><strong>Se reduza a criminalidade:<\/strong> Atrav\u00e9s de pr\u00e1ticas preventivas resultantes da forma\u00e7\u00e3o recebida.<\/li>\n<li><strong>Algumas \u00e1reas de intera\u00e7\u00e3o social se fortale\u00e7am:<\/strong> Desenvolvendo um sistema de defesa comunit\u00e1ria mais robusto.<\/li>\n<\/ul>\n<p>Dessa maneira, o curso se apresenta n\u00e3o apenas como uma oportunidade de aprendizado para os guardas, mas tamb\u00e9m como um passo significativo em dire\u00e7\u00e3o a um futuro mais seguro e integrado para a cidade de Vit\u00f3ria.<\/p>\n","protected":false},"excerpt":{"rendered":"<p>Curso nacional de policiamento comunit\u00e1rio capacitar\u00e1 30 guardas de Vit\u00f3ria.<\/p>\n","protected":false},"author":1,"featured_media":8073,"comment_status":"open","ping_status":"open","sticky":false,"template":"","format":"standard","meta":{"footnotes":""},"categories":[5],"tags":[],"class_list":["post-8074","post","type-post","status-publish","format-standard","has-post-thumbnail","hentry","category-noticias","has_thumb"],"yoast_head":"<!-- This site is optimized with the Yoast SEO plugin v27.9 - https:\/\/yoast.com\/product\/yoast-seo-wordpress\/ -->\n<title>Guarda de Vit\u00f3ria receber\u00e1 Curso Nacional de Policiamento Comunit\u00e1rio do Minist\u00e9rio da Justi\u00e7a | Guia Comercial de Vit\u00f3ria ES<\/title>\n<meta name=\"robots\" content=\"index, follow, max-snippet:-1, max-image-preview:large, max-video-preview:-1\" \/>\n<link rel=\"canonical\" href=\"https:\/\/www.encontravitoria.com.br\/guia\/guarda-de-vitoria-recebera-curso-nacional-de-policiamento-comunitario-do-ministerio-da-justica\/\" \/>\n<meta property=\"og:locale\" content=\"pt_BR\" \/>\n<meta property=\"og:type\" content=\"article\" \/>\n<meta property=\"og:title\" content=\"Guarda de Vit\u00f3ria receber\u00e1 Curso Nacional de Policiamento Comunit\u00e1rio do Minist\u00e9rio da Justi\u00e7a | Guia Comercial de Vit\u00f3ria ES\" \/>\n<meta property=\"og:description\" content=\"Curso nacional de policiamento comunit\u00e1rio capacitar\u00e1 30 guardas de Vit\u00f3ria.\" \/>\n<meta property=\"og:url\" content=\"https:\/\/www.encontravitoria.com.br\/guia\/guarda-de-vitoria-recebera-curso-nacional-de-policiamento-comunitario-do-ministerio-da-justica\/\" \/>\n<meta property=\"og:site_name\" content=\"Guia Comercial de Vit\u00f3ria ES\" \/>\n<meta property=\"article:published_time\" content=\"2026-05-22T07:47:09+00:00\" \/>\n<meta property=\"og:image\" content=\"https:\/\/www.encontravitoria.com.br\/guia\/wp-content\/uploads\/2026\/05\/guarda-de-vitoria-recebera-curso-nacional-de-policiamento-comunitario-do-ministerio-da-justica.webp\" \/>\n<meta name=\"author\" content=\"Encontra Vit\u00f3ria\" \/>\n<meta name=\"twitter:card\" content=\"summary_large_image\" \/>\n<meta name=\"twitter:label1\" content=\"Escrito por\" \/>\n\t<meta name=\"twitter:data1\" content=\"Encontra Vit\u00f3ria\" \/>\n\t<meta name=\"twitter:label2\" content=\"Est. tempo de leitura\" \/>\n\t<meta name=\"twitter:data2\" content=\"6 minutos\" \/>\n<script type=\"application\/ld+json\" class=\"yoast-schema-graph\">{\"@context\":\"https:\\\/\\\/schema.org\",\"@graph\":[{\"@type\":\"Article\",\"@id\":\"https:\\\/\\\/www.encontravitoria.com.br\\\/guia\\\/guarda-de-vitoria-recebera-curso-nacional-de-policiamento-comunitario-do-ministerio-da-justica\\\/#article\",\"isPartOf\":{\"@id\":\"https:\\\/\\\/www.encontravitoria.com.br\\\/guia\\\/guarda-de-vitoria-recebera-curso-nacional-de-policiamento-comunitario-do-ministerio-da-justica\\\/\"},\"author\":{\"name\":\"Encontra Vit\u00f3ria\",\"@id\":\"https:\\\/\\\/www.encontravitoria.com.br\\\/guia\\\/#\\\/schema\\\/person\\\/e5c86e2a8d5a2a0333f0c44792c74c65\"},\"headline\":\"Guarda de Vit\u00f3ria receber\u00e1 Curso Nacional de Policiamento Comunit\u00e1rio do Minist\u00e9rio da Justi\u00e7a\",\"datePublished\":\"2026-05-22T07:47:09+00:00\",\"mainEntityOfPage\":{\"@id\":\"https:\\\/\\\/www.encontravitoria.com.br\\\/guia\\\/guarda-de-vitoria-recebera-curso-nacional-de-policiamento-comunitario-do-ministerio-da-justica\\\/\"},\"wordCount\":1235,\"commentCount\":0,\"image\":{\"@id\":\"https:\\\/\\\/www.encontravitoria.com.br\\\/guia\\\/guarda-de-vitoria-recebera-curso-nacional-de-policiamento-comunitario-do-ministerio-da-justica\\\/#primaryimage\"},\"thumbnailUrl\":\"https:\\\/\\\/www.encontravitoria.com.br\\\/guia\\\/wp-content\\\/uploads\\\/2026\\\/05\\\/guarda-de-vitoria-recebera-curso-nacional-de-policiamento-comunitario-do-ministerio-da-justica.webp\",\"articleSection\":[\"Not\u00edcias Vit\u00f3ria\"],\"inLanguage\":\"pt-BR\",\"potentialAction\":[{\"@type\":\"CommentAction\",\"name\":\"Comment\",\"target\":[\"https:\\\/\\\/www.encontravitoria.com.br\\\/guia\\\/guarda-de-vitoria-recebera-curso-nacional-de-policiamento-comunitario-do-ministerio-da-justica\\\/#respond\"]}]},{\"@type\":\"WebPage\",\"@id\":\"https:\\\/\\\/www.encontravitoria.com.br\\\/guia\\\/guarda-de-vitoria-recebera-curso-nacional-de-policiamento-comunitario-do-ministerio-da-justica\\\/\",\"url\":\"https:\\\/\\\/www.encontravitoria.com.br\\\/guia\\\/guarda-de-vitoria-recebera-curso-nacional-de-policiamento-comunitario-do-ministerio-da-justica\\\/\",\"name\":\"Guarda de Vit\u00f3ria receber\u00e1 Curso Nacional de Policiamento Comunit\u00e1rio do Minist\u00e9rio da Justi\u00e7a | Guia Comercial de Vit\u00f3ria ES\",\"isPartOf\":{\"@id\":\"https:\\\/\\\/www.encontravitoria.com.br\\\/guia\\\/#website\"},\"primaryImageOfPage\":{\"@id\":\"https:\\\/\\\/www.encontravitoria.com.br\\\/guia\\\/guarda-de-vitoria-recebera-curso-nacional-de-policiamento-comunitario-do-ministerio-da-justica\\\/#primaryimage\"},\"image\":{\"@id\":\"https:\\\/\\\/www.encontravitoria.com.br\\\/guia\\\/guarda-de-vitoria-recebera-curso-nacional-de-policiamento-comunitario-do-ministerio-da-justica\\\/#primaryimage\"},\"thumbnailUrl\":\"https:\\\/\\\/www.encontravitoria.com.br\\\/guia\\\/wp-content\\\/uploads\\\/2026\\\/05\\\/guarda-de-vitoria-recebera-curso-nacional-de-policiamento-comunitario-do-ministerio-da-justica.webp\",\"datePublished\":\"2026-05-22T07:47:09+00:00\",\"author\":{\"@id\":\"https:\\\/\\\/www.encontravitoria.com.br\\\/guia\\\/#\\\/schema\\\/person\\\/e5c86e2a8d5a2a0333f0c44792c74c65\"},\"inLanguage\":\"pt-BR\",\"potentialAction\":[{\"@type\":\"ReadAction\",\"target\":[\"https:\\\/\\\/www.encontravitoria.com.br\\\/guia\\\/guarda-de-vitoria-recebera-curso-nacional-de-policiamento-comunitario-do-ministerio-da-justica\\\/\"]}]},{\"@type\":\"ImageObject\",\"inLanguage\":\"pt-BR\",\"@id\":\"https:\\\/\\\/www.encontravitoria.com.br\\\/guia\\\/guarda-de-vitoria-recebera-curso-nacional-de-policiamento-comunitario-do-ministerio-da-justica\\\/#primaryimage\",\"url\":\"https:\\\/\\\/www.encontravitoria.com.br\\\/guia\\\/wp-content\\\/uploads\\\/2026\\\/05\\\/guarda-de-vitoria-recebera-curso-nacional-de-policiamento-comunitario-do-ministerio-da-justica.webp\",\"contentUrl\":\"https:\\\/\\\/www.encontravitoria.com.br\\\/guia\\\/wp-content\\\/uploads\\\/2026\\\/05\\\/guarda-de-vitoria-recebera-curso-nacional-de-policiamento-comunitario-do-ministerio-da-justica.webp\",\"width\":280,\"height\":280,\"caption\":\"Curso de Policiamento Comunit\u00e1rio\"},{\"@type\":\"WebSite\",\"@id\":\"https:\\\/\\\/www.encontravitoria.com.br\\\/guia\\\/#website\",\"url\":\"https:\\\/\\\/www.encontravitoria.com.br\\\/guia\\\/\",\"name\":\"Guia Comercial de Vit\u00f3ria ES\",\"description\":\"ENCONTRA VIT\u00d3RIA - O guia comercial de neg\u00f3cios e empresas, cultura e divers\u00e3o na cidade de Vit\u00f3ria. Feito 100% para voc\u00ea morador!\",\"potentialAction\":[{\"@type\":\"SearchAction\",\"target\":{\"@type\":\"EntryPoint\",\"urlTemplate\":\"https:\\\/\\\/www.encontravitoria.com.br\\\/guia\\\/?s={search_term_string}\"},\"query-input\":{\"@type\":\"PropertyValueSpecification\",\"valueRequired\":true,\"valueName\":\"search_term_string\"}}],\"inLanguage\":\"pt-BR\"},{\"@type\":\"Person\",\"@id\":\"https:\\\/\\\/www.encontravitoria.com.br\\\/guia\\\/#\\\/schema\\\/person\\\/e5c86e2a8d5a2a0333f0c44792c74c65\",\"name\":\"Encontra Vit\u00f3ria\",\"image\":{\"@type\":\"ImageObject\",\"inLanguage\":\"pt-BR\",\"@id\":\"https:\\\/\\\/secure.gravatar.com\\\/avatar\\\/c50c17820bcf322f0a8fd6b110b8c0918141409dc69076470f6fca5fee70a5d4?s=96&d=mm&r=g\",\"url\":\"https:\\\/\\\/secure.gravatar.com\\\/avatar\\\/c50c17820bcf322f0a8fd6b110b8c0918141409dc69076470f6fca5fee70a5d4?s=96&d=mm&r=g\",\"contentUrl\":\"https:\\\/\\\/secure.gravatar.com\\\/avatar\\\/c50c17820bcf322f0a8fd6b110b8c0918141409dc69076470f6fca5fee70a5d4?s=96&d=mm&r=g\",\"caption\":\"Encontra Vit\u00f3ria\"},\"url\":\"https:\\\/\\\/www.encontravitoria.com.br\\\/guia\\\/author\\\/encontravitoria\\\/\"}]}<\/script>\n<!-- \/ Yoast SEO plugin. -->","yoast_head_json":{"title":"Guarda de Vit\u00f3ria receber\u00e1 Curso Nacional de Policiamento Comunit\u00e1rio do Minist\u00e9rio da Justi\u00e7a | Guia Comercial de Vit\u00f3ria ES","robots":{"index":"index","follow":"follow","max-snippet":"max-snippet:-1","max-image-preview":"max-image-preview:large","max-video-preview":"max-video-preview:-1"},"canonical":"https:\/\/www.encontravitoria.com.br\/guia\/guarda-de-vitoria-recebera-curso-nacional-de-policiamento-comunitario-do-ministerio-da-justica\/","og_locale":"pt_BR","og_type":"article","og_title":"Guarda de Vit\u00f3ria receber\u00e1 Curso Nacional de Policiamento Comunit\u00e1rio do Minist\u00e9rio da Justi\u00e7a | Guia Comercial de Vit\u00f3ria ES","og_description":"Curso nacional de policiamento comunit\u00e1rio capacitar\u00e1 30 guardas de Vit\u00f3ria.","og_url":"https:\/\/www.encontravitoria.com.br\/guia\/guarda-de-vitoria-recebera-curso-nacional-de-policiamento-comunitario-do-ministerio-da-justica\/","og_site_name":"Guia Comercial de Vit\u00f3ria ES","article_published_time":"2026-05-22T07:47:09+00:00","og_image":[{"url":"https:\/\/www.encontravitoria.com.br\/guia\/wp-content\/uploads\/2026\/05\/guarda-de-vitoria-recebera-curso-nacional-de-policiamento-comunitario-do-ministerio-da-justica.webp","type":"","width":"","height":""}],"author":"Encontra Vit\u00f3ria","twitter_card":"summary_large_image","twitter_misc":{"Escrito por":"Encontra Vit\u00f3ria","Est. tempo de leitura":"6 minutos"},"schema":{"@context":"https:\/\/schema.org","@graph":[{"@type":"Article","@id":"https:\/\/www.encontravitoria.com.br\/guia\/guarda-de-vitoria-recebera-curso-nacional-de-policiamento-comunitario-do-ministerio-da-justica\/#article","isPartOf":{"@id":"https:\/\/www.encontravitoria.com.br\/guia\/guarda-de-vitoria-recebera-curso-nacional-de-policiamento-comunitario-do-ministerio-da-justica\/"},"author":{"name":"Encontra Vit\u00f3ria","@id":"https:\/\/www.encontravitoria.com.br\/guia\/#\/schema\/person\/e5c86e2a8d5a2a0333f0c44792c74c65"},"headline":"Guarda de Vit\u00f3ria receber\u00e1 Curso Nacional de Policiamento Comunit\u00e1rio do Minist\u00e9rio da Justi\u00e7a","datePublished":"2026-05-22T07:47:09+00:00","mainEntityOfPage":{"@id":"https:\/\/www.encontravitoria.com.br\/guia\/guarda-de-vitoria-recebera-curso-nacional-de-policiamento-comunitario-do-ministerio-da-justica\/"},"wordCount":1235,"commentCount":0,"image":{"@id":"https:\/\/www.encontravitoria.com.br\/guia\/guarda-de-vitoria-recebera-curso-nacional-de-policiamento-comunitario-do-ministerio-da-justica\/#primaryimage"},"thumbnailUrl":"https:\/\/www.encontravitoria.com.br\/guia\/wp-content\/uploads\/2026\/05\/guarda-de-vitoria-recebera-curso-nacional-de-policiamento-comunitario-do-ministerio-da-justica.webp","articleSection":["Not\u00edcias Vit\u00f3ria"],"inLanguage":"pt-BR","potentialAction":[{"@type":"CommentAction","name":"Comment","target":["https:\/\/www.encontravitoria.com.br\/guia\/guarda-de-vitoria-recebera-curso-nacional-de-policiamento-comunitario-do-ministerio-da-justica\/#respond"]}]},{"@type":"WebPage","@id":"https:\/\/www.encontravitoria.com.br\/guia\/guarda-de-vitoria-recebera-curso-nacional-de-policiamento-comunitario-do-ministerio-da-justica\/","url":"https:\/\/www.encontravitoria.com.br\/guia\/guarda-de-vitoria-recebera-curso-nacional-de-policiamento-comunitario-do-ministerio-da-justica\/","name":"Guarda de Vit\u00f3ria receber\u00e1 Curso Nacional de Policiamento Comunit\u00e1rio do Minist\u00e9rio da Justi\u00e7a | Guia Comercial de Vit\u00f3ria ES","isPartOf":{"@id":"https:\/\/www.encontravitoria.com.br\/guia\/#website"},"primaryImageOfPage":{"@id":"https:\/\/www.encontravitoria.com.br\/guia\/guarda-de-vitoria-recebera-curso-nacional-de-policiamento-comunitario-do-ministerio-da-justica\/#primaryimage"},"image":{"@id":"https:\/\/www.encontravitoria.com.br\/guia\/guarda-de-vitoria-recebera-curso-nacional-de-policiamento-comunitario-do-ministerio-da-justica\/#primaryimage"},"thumbnailUrl":"https:\/\/www.encontravitoria.com.br\/guia\/wp-content\/uploads\/2026\/05\/guarda-de-vitoria-recebera-curso-nacional-de-policiamento-comunitario-do-ministerio-da-justica.webp","datePublished":"2026-05-22T07:47:09+00:00","author":{"@id":"https:\/\/www.encontravitoria.com.br\/guia\/#\/schema\/person\/e5c86e2a8d5a2a0333f0c44792c74c65"},"inLanguage":"pt-BR","potentialAction":[{"@type":"ReadAction","target":["https:\/\/www.encontravitoria.com.br\/guia\/guarda-de-vitoria-recebera-curso-nacional-de-policiamento-comunitario-do-ministerio-da-justica\/"]}]},{"@type":"ImageObject","inLanguage":"pt-BR","@id":"https:\/\/www.encontravitoria.com.br\/guia\/guarda-de-vitoria-recebera-curso-nacional-de-policiamento-comunitario-do-ministerio-da-justica\/#primaryimage","url":"https:\/\/www.encontravitoria.com.br\/guia\/wp-content\/uploads\/2026\/05\/guarda-de-vitoria-recebera-curso-nacional-de-policiamento-comunitario-do-ministerio-da-justica.webp","contentUrl":"https:\/\/www.encontravitoria.com.br\/guia\/wp-content\/uploads\/2026\/05\/guarda-de-vitoria-recebera-curso-nacional-de-policiamento-comunitario-do-ministerio-da-justica.webp","width":280,"height":280,"caption":"Curso de Policiamento Comunit\u00e1rio"},{"@type":"WebSite","@id":"https:\/\/www.encontravitoria.com.br\/guia\/#website","url":"https:\/\/www.encontravitoria.com.br\/guia\/","name":"Guia Comercial de Vit\u00f3ria ES","description":"ENCONTRA VIT\u00d3RIA - O guia comercial de neg\u00f3cios e empresas, cultura e divers\u00e3o na cidade de Vit\u00f3ria. Feito 100% para voc\u00ea morador!","potentialAction":[{"@type":"SearchAction","target":{"@type":"EntryPoint","urlTemplate":"https:\/\/www.encontravitoria.com.br\/guia\/?s={search_term_string}"},"query-input":{"@type":"PropertyValueSpecification","valueRequired":true,"valueName":"search_term_string"}}],"inLanguage":"pt-BR"},{"@type":"Person","@id":"https:\/\/www.encontravitoria.com.br\/guia\/#\/schema\/person\/e5c86e2a8d5a2a0333f0c44792c74c65","name":"Encontra Vit\u00f3ria","image":{"@type":"ImageObject","inLanguage":"pt-BR","@id":"https:\/\/secure.gravatar.com\/avatar\/c50c17820bcf322f0a8fd6b110b8c0918141409dc69076470f6fca5fee70a5d4?s=96&d=mm&r=g","url":"https:\/\/secure.gravatar.com\/avatar\/c50c17820bcf322f0a8fd6b110b8c0918141409dc69076470f6fca5fee70a5d4?s=96&d=mm&r=g","contentUrl":"https:\/\/secure.gravatar.com\/avatar\/c50c17820bcf322f0a8fd6b110b8c0918141409dc69076470f6fca5fee70a5d4?s=96&d=mm&r=g","caption":"Encontra Vit\u00f3ria"},"url":"https:\/\/www.encontravitoria.com.br\/guia\/author\/encontravitoria\/"}]}},"_links":{"self":[{"href":"https:\/\/www.encontravitoria.com.br\/guia\/wp-json\/wp\/v2\/posts\/8074","targetHints":{"allow":["GET"]}}],"collection":[{"href":"https:\/\/www.encontravitoria.com.br\/guia\/wp-json\/wp\/v2\/posts"}],"about":[{"href":"https:\/\/www.encontravitoria.com.br\/guia\/wp-json\/wp\/v2\/types\/post"}],"author":[{"embeddable":true,"href":"https:\/\/www.encontravitoria.com.br\/guia\/wp-json\/wp\/v2\/users\/1"}],"replies":[{"embeddable":true,"href":"https:\/\/www.encontravitoria.com.br\/guia\/wp-json\/wp\/v2\/comments?post=8074"}],"version-history":[{"count":0,"href":"https:\/\/www.encontravitoria.com.br\/guia\/wp-json\/wp\/v2\/posts\/8074\/revisions"}],"wp:featuredmedia":[{"embeddable":true,"href":"https:\/\/www.encontravitoria.com.br\/guia\/wp-json\/wp\/v2\/media\/8073"}],"wp:attachment":[{"href":"https:\/\/www.encontravitoria.com.br\/guia\/wp-json\/wp\/v2\/media?parent=8074"}],"wp:term":[{"taxonomy":"category","embeddable":true,"href":"https:\/\/www.encontravitoria.com.br\/guia\/wp-json\/wp\/v2\/categories?post=8074"},{"taxonomy":"post_tag","embeddable":true,"href":"https:\/\/www.encontravitoria.com.br\/guia\/wp-json\/wp\/v2\/tags?post=8074"}],"curies":[{"name":"wp","href":"https:\/\/api.w.org\/{rel}","templated":true}]}}