{"id":8084,"date":"2026-05-26T04:45:22","date_gmt":"2026-05-26T07:45:22","guid":{"rendered":"https:\/\/www.encontravitoria.com.br\/guia\/vitoria-implanta-novo-jardim-terapeutico-no-crai\/"},"modified":"2026-05-26T04:45:22","modified_gmt":"2026-05-26T07:45:22","slug":"vitoria-implanta-novo-jardim-terapeutico-no-crai","status":"publish","type":"post","link":"https:\/\/www.encontravitoria.com.br\/guia\/vitoria-implanta-novo-jardim-terapeutico-no-crai\/","title":{"rendered":"Vit\u00f3ria implanta novo Jardim Terap\u00eautico no CRAI"},"content":{"rendered":"<h2>Promo\u00e7\u00e3o do Bem-Estar na Terceira Idade<\/h2>\n<p>A Secretaria Municipal de Sa\u00fade de Vit\u00f3ria implementou um novo projeto no Centro de Refer\u00eancia de Aten\u00e7\u00e3o ao Idoso (CRAI), focado na promo\u00e7\u00e3o da sa\u00fade e do bem-estar da popula\u00e7\u00e3o idosa. Este projeto, que introduz um Jardim Terap\u00eautico, vem como parte das Pr\u00e1ticas Integrativas e Complementares em Sa\u00fade (PICS) na cidade, oferecendo um espa\u00e7o de intera\u00e7\u00e3o e terapia atrav\u00e9s da jardinagem.<\/p>\n<p><h2>Integra\u00e7\u00e3o com Pr\u00e1ticas de Sa\u00fade<\/h2>\n<p>O Jardim Terap\u00eautico \u00e9 uma maneira inovadora de integrar pr\u00e1ticas de terapia tradicional com alternativas naturais. Durante a inaugura\u00e7\u00e3o, um grupo de idosos, familiares e profissionais da sa\u00fade participou ativamente do plantio de diversas mudas. Essa a\u00e7\u00e3o n\u00e3o apenas promove benef\u00edcios f\u00edsicos, mas tamb\u00e9m favorece a intera\u00e7\u00e3o social, essencial para a sa\u00fade mental da terceira idade.<\/p>\n<h2>O Potencial do Jardim Terap\u00eautico<\/h2>\n<p>A ideia central deste espa\u00e7o \u00e9 promover o autocuidado e a conex\u00e3o com a natureza. Plantas como alecrim, manjeric\u00e3o e hortel\u00e3 foram escolhidas pela sua import\u00e2ncia medicinal e culin\u00e1ria, permitindo que os participantes aprendam sobre suas propriedades e como utiliz\u00e1-las no dia a dia. Essa viv\u00eancia pr\u00e1tica ajuda a resgatar saberes tradicionais e promove um entendimento mais profundo sobre a utiliza\u00e7\u00e3o das plantas para a sa\u00fade.<\/p>\n<h2>Experi\u00eancias Positivas dos Participantes<\/h2>\n<p>A iniciativa tem gerado rea\u00e7\u00f5es positivas entre os idosos que frequentam o CRAI. Um dos participantes, Vercelina Correia Cirilo, de 74 anos, expressou sua alegria ao participar do plantio. &#8220;Eu amo plantas e j\u00e1 cultivo em casa. Agora, entendo que isso tamb\u00e9m \u00e9 uma forma de terapia&#8221;, disse. Outros como Ana Pereira, de 86 anos, destacaram a import\u00e2ncia de estar perto da terra e das plantas, afirmando que se sentem revitalizados e felizes com a nova atividade.<\/p>\n<h2>Conex\u00e3o Entre Cuidado e Natureza<\/h2>\n<p>O contato com a terra n\u00e3o apenas traz mem\u00f3rias afetivas, mas tamb\u00e9m promove um senso de pertencimento e responsabilidade. Muitos idosos relataram um aumento no interesse por cultivar suas pr\u00f3prias ervas e vegetais, criando um ciclo de cuidados que vai al\u00e9m do pr\u00f3prio jardim. Essa conex\u00e3o serve como um lembrete do que \u00e9 cuidar, n\u00e3o apenas do espa\u00e7o f\u00edsico, mas de si mesmos.<\/p>\n<h2>Esp\u00e9cies Plantadas e Seus Benef\u00edcios<\/h2>\n<p>As esp\u00e9cies escolhidas para o jardim s\u00e3o amplamente conhecidas por seus benef\u00edcios \u00e0 sa\u00fade:<\/p>\n<ul>\n<li><strong>Alecrim:<\/strong> Ajuda na digest\u00e3o e \u00e9 um antioxidante natural.<\/li>\n<li><strong>Manjeric\u00e3o:<\/strong> Conhecido por suas propriedades anti-inflamat\u00f3rias e calmantes.<\/li>\n<li><strong>Hortel\u00e3:<\/strong> Usada para aliviar problemas respirat\u00f3rios e digestivos.<\/li>\n<li><strong>Guaco:<\/strong> Tradicionalmente utilizado no al\u00edvio de tosse e problemas respirat\u00f3rios.<\/li>\n<li><strong>Cana-de-macaco:<\/strong> Sem traz benef\u00edcios para a sa\u00fade do f\u00edgado e \u00e9 bastante utilizada na medicina popular.<\/li>\n<\/ul>\n<p>Essas ervas cultivadas no Jardim Terap\u00eautico n\u00e3o s\u00f3 proporcionam um impacto positivo na sa\u00fade f\u00edsica, mas tamb\u00e9m melhoram a sa\u00fade mental e emocional dos participantes.<\/p>\n<h2>Oficinas Educativas para Valoriza\u00e7\u00e3o<\/h2>\n<p>Como parte do projeto, ser\u00e3o oferecidas oficinas educativas voltadas para o cuidado das plantas e o uso medicinal delas. Essas atividades buscam capacitar os idosos a se tornarem aut\u00f4nomos no cultivo e uso das ervas que plantaram. <strong>Geneilcimar Ferreira<\/strong>, engenheiro agr\u00f4nomo e refer\u00eancia em PICS, liderar\u00e1 essas oficinas, trazendo conhecimento t\u00e9cnico e incentivo pr\u00e1tico para que cada participante aprenda a cuidar e utilizar suas plantas na cotidianidade.<\/p>\n<h2>Desenvolvimento de Habilidades na Jardinagem<\/h2>\n<p>O trabalho no jardim vai al\u00e9m do simples ato de plantar. Os participantes desenvolvem habilidades essenciais, como a coordena\u00e7\u00e3o motora, planejamento e a paci\u00eancia. O envolvimento em atividades pr\u00e1ticas estimula tanto o corpo quanto a mente, proporcionando uma sensa\u00e7\u00e3o de realiza\u00e7\u00e3o ao ver as plantas crescerem.<\/p>\n<h2>Impacto na Comunidade<\/h2>\n<p>Este projeto n\u00e3o s\u00f3 afeta aqueles que o praticam, mas tamb\u00e9m gera um efeito em cadeia na comunidade. A intera\u00e7\u00e3o entre os idosos e seus familiares durante as atividades do Jardim Terap\u00eautico fortalece os la\u00e7os familiares, promovendo um ambiente de suporte m\u00fatuo. Al\u00e9m disso, a participa\u00e7\u00e3o de familiares nas doa\u00e7\u00f5es de mudas, como fez Jos\u00e9 Menezes, demonstra que o cuidado e a jardinagem podem ser uma experi\u00eancia coletiva e enriquecedora.<\/p>\n<h2>Futuro Promissor do Jardim no CRAI<\/h2>\n<p>O Jardim Terap\u00eautico no CRAI \u00e9 apenas o in\u00edcio de um caminho cheio de possibilidades. Com a ades\u00e3o \u00e0 pr\u00e1tica de cuidar e cultivar, espera-se que o projeto expanda, n\u00e3o s\u00f3 em termos de diversidade de plantas, mas tamb\u00e9m em acomoda\u00e7\u00f5es e acessibilidade para todos os idosos do centro. A sa\u00fade e o bem-estar dos participantes est\u00e3o em primeiro lugar, e tal iniciativa promete abrir um novo horizonte de tratamento e recupera\u00e7\u00e3o atrav\u00e9s da natureza.<\/p>\n","protected":false},"excerpt":{"rendered":"<p>Vit\u00f3ria agora conta com um Jardim Terap\u00eautico para a sa\u00fade do idoso.<\/p>\n","protected":false},"author":1,"featured_media":0,"comment_status":"open","ping_status":"open","sticky":false,"template":"","format":"standard","meta":{"footnotes":""},"categories":[5],"tags":[],"class_list":["post-8084","post","type-post","status-publish","format-standard","hentry","category-noticias"],"yoast_head":"<!-- This site is optimized with the Yoast SEO plugin v27.9 - https:\/\/yoast.com\/product\/yoast-seo-wordpress\/ -->\n<title>Vit\u00f3ria implanta novo Jardim Terap\u00eautico no CRAI | Guia Comercial de Vit\u00f3ria ES<\/title>\n<meta name=\"robots\" content=\"index, follow, max-snippet:-1, max-image-preview:large, max-video-preview:-1\" \/>\n<link rel=\"canonical\" href=\"https:\/\/www.encontravitoria.com.br\/guia\/vitoria-implanta-novo-jardim-terapeutico-no-crai\/\" \/>\n<meta property=\"og:locale\" content=\"pt_BR\" \/>\n<meta property=\"og:type\" content=\"article\" \/>\n<meta property=\"og:title\" content=\"Vit\u00f3ria implanta novo Jardim Terap\u00eautico no CRAI | Guia Comercial de Vit\u00f3ria ES\" \/>\n<meta property=\"og:description\" content=\"Vit\u00f3ria agora conta com um Jardim Terap\u00eautico para a sa\u00fade do idoso.\" \/>\n<meta property=\"og:url\" content=\"https:\/\/www.encontravitoria.com.br\/guia\/vitoria-implanta-novo-jardim-terapeutico-no-crai\/\" \/>\n<meta property=\"og:site_name\" content=\"Guia Comercial de Vit\u00f3ria ES\" \/>\n<meta property=\"article:published_time\" content=\"2026-05-26T07:45:22+00:00\" \/>\n<meta name=\"author\" content=\"Encontra Vit\u00f3ria\" \/>\n<meta name=\"twitter:card\" content=\"summary_large_image\" \/>\n<meta name=\"twitter:label1\" content=\"Escrito por\" \/>\n\t<meta name=\"twitter:data1\" content=\"Encontra Vit\u00f3ria\" \/>\n\t<meta name=\"twitter:label2\" content=\"Est. tempo de leitura\" \/>\n\t<meta name=\"twitter:data2\" content=\"4 minutos\" \/>\n<script type=\"application\/ld+json\" class=\"yoast-schema-graph\">{\"@context\":\"https:\\\/\\\/schema.org\",\"@graph\":[{\"@type\":\"Article\",\"@id\":\"https:\\\/\\\/www.encontravitoria.com.br\\\/guia\\\/vitoria-implanta-novo-jardim-terapeutico-no-crai\\\/#article\",\"isPartOf\":{\"@id\":\"https:\\\/\\\/www.encontravitoria.com.br\\\/guia\\\/vitoria-implanta-novo-jardim-terapeutico-no-crai\\\/\"},\"author\":{\"name\":\"Encontra Vit\u00f3ria\",\"@id\":\"https:\\\/\\\/www.encontravitoria.com.br\\\/guia\\\/#\\\/schema\\\/person\\\/e5c86e2a8d5a2a0333f0c44792c74c65\"},\"headline\":\"Vit\u00f3ria implanta novo Jardim Terap\u00eautico no CRAI\",\"datePublished\":\"2026-05-26T07:45:22+00:00\",\"mainEntityOfPage\":{\"@id\":\"https:\\\/\\\/www.encontravitoria.com.br\\\/guia\\\/vitoria-implanta-novo-jardim-terapeutico-no-crai\\\/\"},\"wordCount\":826,\"commentCount\":0,\"articleSection\":[\"Not\u00edcias Vit\u00f3ria\"],\"inLanguage\":\"pt-BR\",\"potentialAction\":[{\"@type\":\"CommentAction\",\"name\":\"Comment\",\"target\":[\"https:\\\/\\\/www.encontravitoria.com.br\\\/guia\\\/vitoria-implanta-novo-jardim-terapeutico-no-crai\\\/#respond\"]}]},{\"@type\":\"WebPage\",\"@id\":\"https:\\\/\\\/www.encontravitoria.com.br\\\/guia\\\/vitoria-implanta-novo-jardim-terapeutico-no-crai\\\/\",\"url\":\"https:\\\/\\\/www.encontravitoria.com.br\\\/guia\\\/vitoria-implanta-novo-jardim-terapeutico-no-crai\\\/\",\"name\":\"Vit\u00f3ria implanta novo Jardim Terap\u00eautico no CRAI | Guia Comercial de Vit\u00f3ria ES\",\"isPartOf\":{\"@id\":\"https:\\\/\\\/www.encontravitoria.com.br\\\/guia\\\/#website\"},\"datePublished\":\"2026-05-26T07:45:22+00:00\",\"author\":{\"@id\":\"https:\\\/\\\/www.encontravitoria.com.br\\\/guia\\\/#\\\/schema\\\/person\\\/e5c86e2a8d5a2a0333f0c44792c74c65\"},\"inLanguage\":\"pt-BR\",\"potentialAction\":[{\"@type\":\"ReadAction\",\"target\":[\"https:\\\/\\\/www.encontravitoria.com.br\\\/guia\\\/vitoria-implanta-novo-jardim-terapeutico-no-crai\\\/\"]}]},{\"@type\":\"WebSite\",\"@id\":\"https:\\\/\\\/www.encontravitoria.com.br\\\/guia\\\/#website\",\"url\":\"https:\\\/\\\/www.encontravitoria.com.br\\\/guia\\\/\",\"name\":\"Guia Comercial de Vit\u00f3ria ES\",\"description\":\"ENCONTRA VIT\u00d3RIA - O guia comercial de neg\u00f3cios e empresas, cultura e divers\u00e3o na cidade de Vit\u00f3ria. Feito 100% para voc\u00ea morador!\",\"potentialAction\":[{\"@type\":\"SearchAction\",\"target\":{\"@type\":\"EntryPoint\",\"urlTemplate\":\"https:\\\/\\\/www.encontravitoria.com.br\\\/guia\\\/?s={search_term_string}\"},\"query-input\":{\"@type\":\"PropertyValueSpecification\",\"valueRequired\":true,\"valueName\":\"search_term_string\"}}],\"inLanguage\":\"pt-BR\"},{\"@type\":\"Person\",\"@id\":\"https:\\\/\\\/www.encontravitoria.com.br\\\/guia\\\/#\\\/schema\\\/person\\\/e5c86e2a8d5a2a0333f0c44792c74c65\",\"name\":\"Encontra Vit\u00f3ria\",\"image\":{\"@type\":\"ImageObject\",\"inLanguage\":\"pt-BR\",\"@id\":\"https:\\\/\\\/secure.gravatar.com\\\/avatar\\\/c50c17820bcf322f0a8fd6b110b8c0918141409dc69076470f6fca5fee70a5d4?s=96&d=mm&r=g\",\"url\":\"https:\\\/\\\/secure.gravatar.com\\\/avatar\\\/c50c17820bcf322f0a8fd6b110b8c0918141409dc69076470f6fca5fee70a5d4?s=96&d=mm&r=g\",\"contentUrl\":\"https:\\\/\\\/secure.gravatar.com\\\/avatar\\\/c50c17820bcf322f0a8fd6b110b8c0918141409dc69076470f6fca5fee70a5d4?s=96&d=mm&r=g\",\"caption\":\"Encontra Vit\u00f3ria\"},\"url\":\"https:\\\/\\\/www.encontravitoria.com.br\\\/guia\\\/author\\\/encontravitoria\\\/\"}]}<\/script>\n<!-- \/ Yoast SEO plugin. -->","yoast_head_json":{"title":"Vit\u00f3ria implanta novo Jardim Terap\u00eautico no CRAI | Guia Comercial de Vit\u00f3ria ES","robots":{"index":"index","follow":"follow","max-snippet":"max-snippet:-1","max-image-preview":"max-image-preview:large","max-video-preview":"max-video-preview:-1"},"canonical":"https:\/\/www.encontravitoria.com.br\/guia\/vitoria-implanta-novo-jardim-terapeutico-no-crai\/","og_locale":"pt_BR","og_type":"article","og_title":"Vit\u00f3ria implanta novo Jardim Terap\u00eautico no CRAI | Guia Comercial de Vit\u00f3ria ES","og_description":"Vit\u00f3ria agora conta com um Jardim Terap\u00eautico para a sa\u00fade do idoso.","og_url":"https:\/\/www.encontravitoria.com.br\/guia\/vitoria-implanta-novo-jardim-terapeutico-no-crai\/","og_site_name":"Guia Comercial de Vit\u00f3ria ES","article_published_time":"2026-05-26T07:45:22+00:00","author":"Encontra Vit\u00f3ria","twitter_card":"summary_large_image","twitter_misc":{"Escrito por":"Encontra Vit\u00f3ria","Est. tempo de leitura":"4 minutos"},"schema":{"@context":"https:\/\/schema.org","@graph":[{"@type":"Article","@id":"https:\/\/www.encontravitoria.com.br\/guia\/vitoria-implanta-novo-jardim-terapeutico-no-crai\/#article","isPartOf":{"@id":"https:\/\/www.encontravitoria.com.br\/guia\/vitoria-implanta-novo-jardim-terapeutico-no-crai\/"},"author":{"name":"Encontra Vit\u00f3ria","@id":"https:\/\/www.encontravitoria.com.br\/guia\/#\/schema\/person\/e5c86e2a8d5a2a0333f0c44792c74c65"},"headline":"Vit\u00f3ria implanta novo Jardim Terap\u00eautico no CRAI","datePublished":"2026-05-26T07:45:22+00:00","mainEntityOfPage":{"@id":"https:\/\/www.encontravitoria.com.br\/guia\/vitoria-implanta-novo-jardim-terapeutico-no-crai\/"},"wordCount":826,"commentCount":0,"articleSection":["Not\u00edcias Vit\u00f3ria"],"inLanguage":"pt-BR","potentialAction":[{"@type":"CommentAction","name":"Comment","target":["https:\/\/www.encontravitoria.com.br\/guia\/vitoria-implanta-novo-jardim-terapeutico-no-crai\/#respond"]}]},{"@type":"WebPage","@id":"https:\/\/www.encontravitoria.com.br\/guia\/vitoria-implanta-novo-jardim-terapeutico-no-crai\/","url":"https:\/\/www.encontravitoria.com.br\/guia\/vitoria-implanta-novo-jardim-terapeutico-no-crai\/","name":"Vit\u00f3ria implanta novo Jardim Terap\u00eautico no CRAI | Guia Comercial de Vit\u00f3ria ES","isPartOf":{"@id":"https:\/\/www.encontravitoria.com.br\/guia\/#website"},"datePublished":"2026-05-26T07:45:22+00:00","author":{"@id":"https:\/\/www.encontravitoria.com.br\/guia\/#\/schema\/person\/e5c86e2a8d5a2a0333f0c44792c74c65"},"inLanguage":"pt-BR","potentialAction":[{"@type":"ReadAction","target":["https:\/\/www.encontravitoria.com.br\/guia\/vitoria-implanta-novo-jardim-terapeutico-no-crai\/"]}]},{"@type":"WebSite","@id":"https:\/\/www.encontravitoria.com.br\/guia\/#website","url":"https:\/\/www.encontravitoria.com.br\/guia\/","name":"Guia Comercial de Vit\u00f3ria ES","description":"ENCONTRA VIT\u00d3RIA - O guia comercial de neg\u00f3cios e empresas, cultura e divers\u00e3o na cidade de Vit\u00f3ria. Feito 100% para voc\u00ea morador!","potentialAction":[{"@type":"SearchAction","target":{"@type":"EntryPoint","urlTemplate":"https:\/\/www.encontravitoria.com.br\/guia\/?s={search_term_string}"},"query-input":{"@type":"PropertyValueSpecification","valueRequired":true,"valueName":"search_term_string"}}],"inLanguage":"pt-BR"},{"@type":"Person","@id":"https:\/\/www.encontravitoria.com.br\/guia\/#\/schema\/person\/e5c86e2a8d5a2a0333f0c44792c74c65","name":"Encontra Vit\u00f3ria","image":{"@type":"ImageObject","inLanguage":"pt-BR","@id":"https:\/\/secure.gravatar.com\/avatar\/c50c17820bcf322f0a8fd6b110b8c0918141409dc69076470f6fca5fee70a5d4?s=96&d=mm&r=g","url":"https:\/\/secure.gravatar.com\/avatar\/c50c17820bcf322f0a8fd6b110b8c0918141409dc69076470f6fca5fee70a5d4?s=96&d=mm&r=g","contentUrl":"https:\/\/secure.gravatar.com\/avatar\/c50c17820bcf322f0a8fd6b110b8c0918141409dc69076470f6fca5fee70a5d4?s=96&d=mm&r=g","caption":"Encontra Vit\u00f3ria"},"url":"https:\/\/www.encontravitoria.com.br\/guia\/author\/encontravitoria\/"}]}},"_links":{"self":[{"href":"https:\/\/www.encontravitoria.com.br\/guia\/wp-json\/wp\/v2\/posts\/8084","targetHints":{"allow":["GET"]}}],"collection":[{"href":"https:\/\/www.encontravitoria.com.br\/guia\/wp-json\/wp\/v2\/posts"}],"about":[{"href":"https:\/\/www.encontravitoria.com.br\/guia\/wp-json\/wp\/v2\/types\/post"}],"author":[{"embeddable":true,"href":"https:\/\/www.encontravitoria.com.br\/guia\/wp-json\/wp\/v2\/users\/1"}],"replies":[{"embeddable":true,"href":"https:\/\/www.encontravitoria.com.br\/guia\/wp-json\/wp\/v2\/comments?post=8084"}],"version-history":[{"count":0,"href":"https:\/\/www.encontravitoria.com.br\/guia\/wp-json\/wp\/v2\/posts\/8084\/revisions"}],"wp:attachment":[{"href":"https:\/\/www.encontravitoria.com.br\/guia\/wp-json\/wp\/v2\/media?parent=8084"}],"wp:term":[{"taxonomy":"category","embeddable":true,"href":"https:\/\/www.encontravitoria.com.br\/guia\/wp-json\/wp\/v2\/categories?post=8084"},{"taxonomy":"post_tag","embeddable":true,"href":"https:\/\/www.encontravitoria.com.br\/guia\/wp-json\/wp\/v2\/tags?post=8084"}],"curies":[{"name":"wp","href":"https:\/\/api.w.org\/{rel}","templated":true}]}}