{"id":8094,"date":"2026-05-28T04:44:56","date_gmt":"2026-05-28T07:44:56","guid":{"rendered":"https:\/\/www.encontravitoria.com.br\/guia\/nova-academia-popular-no-tancredao-abre-inscricoes-nesta-terca\/"},"modified":"2026-05-28T04:44:56","modified_gmt":"2026-05-28T07:44:56","slug":"nova-academia-popular-no-tancredao-abre-inscricoes-nesta-terca","status":"publish","type":"post","link":"https:\/\/www.encontravitoria.com.br\/guia\/nova-academia-popular-no-tancredao-abre-inscricoes-nesta-terca\/","title":{"rendered":"Nova Academia Popular no Tancred\u00e3o abre inscri\u00e7\u00f5es nesta ter\u00e7a"},"content":{"rendered":"<h2>O que \u00e9 a Nova Academia Popular?<\/h2>\n<p>A Nova Academia Popular no Tancred\u00e3o \u00e9 uma iniciativa da Secretaria Municipal de Esportes e Lazer (Semesp) com o objetivo de promover a sa\u00fade e o bem-estar da popula\u00e7\u00e3o. Essa academia, que ser\u00e1 inaugurada em breve, visa proporcionar um espa\u00e7o acess\u00edvel para a pr\u00e1tica de atividades f\u00edsicas, onde os moradores da regi\u00e3o poder\u00e3o se exercitar de maneira segura e orientada.<\/p>\n<h2>Vantagens de Praticar Atividades F\u00edsicas<\/h2>\n<p>Praticar atividades f\u00edsicas regularmente oferece uma gama de benef\u00edcios que v\u00e3o al\u00e9m da est\u00e9tica. Aqui est\u00e3o algumas das principais vantagens:<\/p>\n<ul>\n<li><strong>Melhora da sa\u00fade cardiovascular:<\/strong> Exerc\u00edcios ajudam a fortalecer o cora\u00e7\u00e3o e melhorar a circula\u00e7\u00e3o sangu\u00ednea.<\/li>\n<li><strong>Aumento da for\u00e7a muscular:<\/strong> Treinos de muscula\u00e7\u00e3o conseguem aumentar a massa muscular e a resist\u00eancia f\u00edsica.<\/li>\n<li><strong>Controle do peso:<\/strong> A pr\u00e1tica esportiva \u00e9 fundamental no controle e na perda de peso saud\u00e1vel.<\/li>\n<li><strong>Melhores n\u00edveis de energia:<\/strong> Atividades f\u00edsicas aumentam a energia di\u00e1ria e a disposi\u00e7\u00e3o para realizar tarefas.<\/li>\n<li><strong>Sa\u00fade mental:<\/strong> Exerc\u00edcios s\u00e3o conhecidos por reduzirem n\u00edveis de estresse e ansiedade, promovendo uma sensa\u00e7\u00e3o de bem-estar.<\/li>\n<li><strong>Melhora da qualidade do sono:<\/strong> A atividade f\u00edsica regular pode ajudar a dormir melhor e acordar mais disposto.<\/li>\n<\/ul>\n<h2>Equipamentos Dispon\u00edveis na Academia<\/h2>\n<p>A nova Academia Popular do Tancred\u00e3o contar\u00e1 com uma variedade de equipamentos modernos, destinados a atender diferentes modalidades de treino. Entre os equipamentos dispon\u00edveis, destacam-se:<\/p>\n<p><img decoding=\"async\" src=\"https:\/\/www.encontravitoria.com.br\/guia\/wp-content\/uploads\/2026\/05\/nova-academia-popular-no-tancredao-abre-inscricoes-nesta-terca.webp\" alt=\"Academia Popular Tancred\u00e3o\" loading=\"lazy\" \/><\/p>\n<ul>\n<li><strong>M\u00e1quinas de muscula\u00e7\u00e3o:<\/strong> Equipamentos projetados para trabalhar diferentes grupos musculares.<\/li>\n<li><strong>Pesos livres:<\/strong> Halteres e anilhas que permitem treinos mais flex\u00edveis e espec\u00edficos.<\/li>\n<li><strong>Esteiras:<\/strong> Para treinos de resist\u00eancia e aquecimento cardiovascular.<\/li>\n<li><strong>Aparelhos de remo:<\/strong> Que trabalham a resist\u00eancia e a for\u00e7a de maneira integrada.<\/li>\n<li><strong>Divis\u00f3rias para aulas em grupo:<\/strong> Espa\u00e7os que podem ser utilizados para atividades em grupo, como yoga ou pilates.<\/li>\n<\/ul>\n<h2>Acompanhamento Profissional Para Seguran\u00e7a<\/h2>\n<p>Ao utilizar a nova Academia Popular, os usu\u00e1rios ter\u00e3o acesso ao acompanhamento de profissionais qualificados. Isso garante n\u00e3o apenas a seguran\u00e7a durante os treinos, mas tamb\u00e9m orienta\u00e7\u00f5es sobre:<\/p>\n<ul>\n<li><strong>Postura correta:<\/strong> Para evitar les\u00f5es e maximizar os resultados.<\/li>\n<li><strong>Planejamento de treinos:<\/strong> Personaliza\u00e7\u00e3o de exerc\u00edcios visando os objetivos individuais de cada usu\u00e1rio.<\/li>\n<li><strong>Alimenta\u00e7\u00e3o saud\u00e1vel:<\/strong> Dicas sobre como otimizar os resultados obtidos com o exerc\u00edcio f\u00edsico atrav\u00e9s de uma dieta equilibrada.<\/li>\n<\/ul>\n<h2>Hor\u00e1rios das Aulas: Matutino e Noturno<\/h2>\n<p>A academia oferecer\u00e1 aulas em diferentes turnos para atender \u00e0 demanda da popula\u00e7\u00e3o. Os hor\u00e1rios ser\u00e3o organizados para facilitar o acesso de quem trabalha ou estuda durante o dia:<\/p>\n<ul>\n<li><strong>Turno matutino:<\/strong> Aulas iniciando \u00e0s 6h e encerrando \u00e0s 10h.<\/li>\n<li><strong>Turno noturno:<\/strong> Aulas que come\u00e7am \u00e0s 18h e v\u00e3o at\u00e9 \u00e0s 22h.<\/li>\n<\/ul>\n<h2>Como Realizar a Inscri\u00e7\u00e3o Online<\/h2>\n<p>As inscri\u00e7\u00f5es para a nova Academia Popular do Tancred\u00e3o devem ser feitas de forma online, visando tornar o processo mais eficiente e acess\u00edvel. Os passos para se inscrever incluem:<\/p>\n<ul>\n<li>Acessar o site oficial da prefeitura.<\/li>\n<li>Navegar at\u00e9 a se\u00e7\u00e3o da Academia Popular.<\/li>\n<li>Preencher o formul\u00e1rio de inscri\u00e7\u00e3o com as informa\u00e7\u00f5es solicitadas.<\/li>\n<li>Aguardar a confirma\u00e7\u00e3o por e-mail com as instru\u00e7\u00f5es para a participa\u00e7\u00e3o.<\/li>\n<\/ul>\n<h2>Documentos Necess\u00e1rios Para a Inscri\u00e7\u00e3o<\/h2>\n<p>Para efetuar a inscri\u00e7\u00e3o na Academia Popular do Tancred\u00e3o, ser\u00e1 necess\u00e1rio apresentar alguns documentos, os quais incluem:<\/p>\n<ul>\n<li>Documento de identifica\u00e7\u00e3o com foto (RG ou CNH).<\/li>\n<li>Comprovante de resid\u00eancia.<\/li>\n<li>Declara\u00e7\u00e3o ou laudo m\u00e9dico atestando a aptid\u00e3o para a pr\u00e1tica de atividades f\u00edsicas, se necess\u00e1rio.<\/li>\n<\/ul>\n<h2>Regras de Utiliza\u00e7\u00e3o do Espa\u00e7o<\/h2>\n<p>Para garantir o bom funcionamento da academia e a seguran\u00e7a de todos os usu\u00e1rios, algumas regras ser\u00e3o estabelecidas, como:<\/p>\n<ul>\n<li>Utiliza\u00e7\u00e3o obrigat\u00f3ria de roupas e cal\u00e7ados adequados para a pr\u00e1tica de exerc\u00edcios.<\/li>\n<li>Agendamento pr\u00e9vio de aulas em grupo, respeitando os limites de capacidade.<\/li>\n<li>Respeito \u00e0s orienta\u00e7\u00f5es dos profissionais que estar\u00e3o supervisionando os treinos.<\/li>\n<\/ul>\n<h2>Depoimentos de Quem J\u00e1 Participou<\/h2>\n<p>Um dos aspectos mais valiosos de iniciativas como a Academia Popular \u00e9 o impacto positivo que elas t\u00eam na vida dos participantes. Aqui est\u00e3o alguns depoimentos:<\/p>\n<ul>\n<li><strong>Maria, 34 anos:<\/strong> &#8220;Comecei a treinar na nova academia e j\u00e1 sinto uma grande diferen\u00e7a na minha energia e autoestima! A equipe de profissionais \u00e9 maravilhosa e sempre disposta a ajudar.&#8221;\n  <\/li>\n<li><strong>Jos\u00e9, 45 anos:<\/strong> &#8220;A possibilidade de ter acesso a uma academia com acompanhamento foi um divisor de \u00e1guas para mim. Estou emagrecendo e me sentindo muito mais saud\u00e1vel.&#8221;\n  <\/li>\n<li><strong>Ana, 28 anos:<\/strong> &#8220;As aulas em grupo s\u00e3o muito motivadoras. Isso me ajuda a me comprometer mais com o exerc\u00edcio f\u00edsico. Recomendo a todos!&#8221;\n  <\/li>\n<\/ul>\n<h2>A Import\u00e2ncia da Atividade F\u00edsica na Comunidade<\/h2>\n<p>A Nova Academia Popular no Tancred\u00e3o representa mais do que apenas um espa\u00e7o para a pr\u00e1tica de exerc\u00edcios; \u00e9 tamb\u00e9m uma ferramenta essencial para o fortalecimento da comunidade. As atividades f\u00edsicas ajudam a promover:<\/p>\n<ul>\n<li>A integra\u00e7\u00e3o social entre moradores.<\/li>\n<li>A diminui\u00e7\u00e3o de doen\u00e7as cr\u00f4nicas atrav\u00e9s de h\u00e1bitos saud\u00e1veis.<\/li>\n<li>A conscientiza\u00e7\u00e3o sobre a import\u00e2ncia de cuidar do corpo e da sa\u00fade mental.<\/li>\n<\/ul>\n","protected":false},"excerpt":{"rendered":"<p>Nova Academia Popular no Tancred\u00e3o abre inscri\u00e7\u00f5es para atividades f\u00edsicas gratuitas e acess\u00edveis.<\/p>\n","protected":false},"author":1,"featured_media":8093,"comment_status":"open","ping_status":"open","sticky":false,"template":"","format":"standard","meta":{"footnotes":""},"categories":[5],"tags":[],"class_list":["post-8094","post","type-post","status-publish","format-standard","has-post-thumbnail","hentry","category-noticias","has_thumb"],"yoast_head":"<!-- This site is optimized with the Yoast SEO plugin v27.9 - https:\/\/yoast.com\/product\/yoast-seo-wordpress\/ -->\n<title>Nova Academia Popular no Tancred\u00e3o abre inscri\u00e7\u00f5es nesta ter\u00e7a | Guia Comercial de Vit\u00f3ria ES<\/title>\n<meta name=\"robots\" content=\"index, follow, max-snippet:-1, max-image-preview:large, max-video-preview:-1\" \/>\n<link rel=\"canonical\" href=\"https:\/\/www.encontravitoria.com.br\/guia\/nova-academia-popular-no-tancredao-abre-inscricoes-nesta-terca\/\" \/>\n<meta property=\"og:locale\" content=\"pt_BR\" \/>\n<meta property=\"og:type\" content=\"article\" \/>\n<meta property=\"og:title\" content=\"Nova Academia Popular no Tancred\u00e3o abre inscri\u00e7\u00f5es nesta ter\u00e7a | Guia Comercial de Vit\u00f3ria ES\" \/>\n<meta property=\"og:description\" content=\"Nova Academia Popular no Tancred\u00e3o abre inscri\u00e7\u00f5es para atividades f\u00edsicas gratuitas e acess\u00edveis.\" \/>\n<meta property=\"og:url\" content=\"https:\/\/www.encontravitoria.com.br\/guia\/nova-academia-popular-no-tancredao-abre-inscricoes-nesta-terca\/\" \/>\n<meta property=\"og:site_name\" content=\"Guia Comercial de Vit\u00f3ria ES\" \/>\n<meta property=\"article:published_time\" content=\"2026-05-28T07:44:56+00:00\" \/>\n<meta property=\"og:image\" content=\"https:\/\/www.encontravitoria.com.br\/guia\/wp-content\/uploads\/2026\/05\/nova-academia-popular-no-tancredao-abre-inscricoes-nesta-terca.webp\" \/>\n<meta name=\"author\" content=\"Encontra Vit\u00f3ria\" \/>\n<meta name=\"twitter:card\" content=\"summary_large_image\" \/>\n<meta name=\"twitter:label1\" content=\"Escrito por\" \/>\n\t<meta name=\"twitter:data1\" content=\"Encontra Vit\u00f3ria\" \/>\n\t<meta name=\"twitter:label2\" content=\"Est. tempo de leitura\" \/>\n\t<meta name=\"twitter:data2\" content=\"4 minutos\" \/>\n<script type=\"application\/ld+json\" class=\"yoast-schema-graph\">{\"@context\":\"https:\\\/\\\/schema.org\",\"@graph\":[{\"@type\":\"Article\",\"@id\":\"https:\\\/\\\/www.encontravitoria.com.br\\\/guia\\\/nova-academia-popular-no-tancredao-abre-inscricoes-nesta-terca\\\/#article\",\"isPartOf\":{\"@id\":\"https:\\\/\\\/www.encontravitoria.com.br\\\/guia\\\/nova-academia-popular-no-tancredao-abre-inscricoes-nesta-terca\\\/\"},\"author\":{\"name\":\"Encontra Vit\u00f3ria\",\"@id\":\"https:\\\/\\\/www.encontravitoria.com.br\\\/guia\\\/#\\\/schema\\\/person\\\/e5c86e2a8d5a2a0333f0c44792c74c65\"},\"headline\":\"Nova Academia Popular no Tancred\u00e3o abre inscri\u00e7\u00f5es nesta ter\u00e7a\",\"datePublished\":\"2026-05-28T07:44:56+00:00\",\"mainEntityOfPage\":{\"@id\":\"https:\\\/\\\/www.encontravitoria.com.br\\\/guia\\\/nova-academia-popular-no-tancredao-abre-inscricoes-nesta-terca\\\/\"},\"wordCount\":898,\"commentCount\":0,\"image\":{\"@id\":\"https:\\\/\\\/www.encontravitoria.com.br\\\/guia\\\/nova-academia-popular-no-tancredao-abre-inscricoes-nesta-terca\\\/#primaryimage\"},\"thumbnailUrl\":\"https:\\\/\\\/www.encontravitoria.com.br\\\/guia\\\/wp-content\\\/uploads\\\/2026\\\/05\\\/nova-academia-popular-no-tancredao-abre-inscricoes-nesta-terca.webp\",\"articleSection\":[\"Not\u00edcias Vit\u00f3ria\"],\"inLanguage\":\"pt-BR\",\"potentialAction\":[{\"@type\":\"CommentAction\",\"name\":\"Comment\",\"target\":[\"https:\\\/\\\/www.encontravitoria.com.br\\\/guia\\\/nova-academia-popular-no-tancredao-abre-inscricoes-nesta-terca\\\/#respond\"]}]},{\"@type\":\"WebPage\",\"@id\":\"https:\\\/\\\/www.encontravitoria.com.br\\\/guia\\\/nova-academia-popular-no-tancredao-abre-inscricoes-nesta-terca\\\/\",\"url\":\"https:\\\/\\\/www.encontravitoria.com.br\\\/guia\\\/nova-academia-popular-no-tancredao-abre-inscricoes-nesta-terca\\\/\",\"name\":\"Nova Academia Popular no Tancred\u00e3o abre inscri\u00e7\u00f5es nesta ter\u00e7a | Guia Comercial de Vit\u00f3ria ES\",\"isPartOf\":{\"@id\":\"https:\\\/\\\/www.encontravitoria.com.br\\\/guia\\\/#website\"},\"primaryImageOfPage\":{\"@id\":\"https:\\\/\\\/www.encontravitoria.com.br\\\/guia\\\/nova-academia-popular-no-tancredao-abre-inscricoes-nesta-terca\\\/#primaryimage\"},\"image\":{\"@id\":\"https:\\\/\\\/www.encontravitoria.com.br\\\/guia\\\/nova-academia-popular-no-tancredao-abre-inscricoes-nesta-terca\\\/#primaryimage\"},\"thumbnailUrl\":\"https:\\\/\\\/www.encontravitoria.com.br\\\/guia\\\/wp-content\\\/uploads\\\/2026\\\/05\\\/nova-academia-popular-no-tancredao-abre-inscricoes-nesta-terca.webp\",\"datePublished\":\"2026-05-28T07:44:56+00:00\",\"author\":{\"@id\":\"https:\\\/\\\/www.encontravitoria.com.br\\\/guia\\\/#\\\/schema\\\/person\\\/e5c86e2a8d5a2a0333f0c44792c74c65\"},\"inLanguage\":\"pt-BR\",\"potentialAction\":[{\"@type\":\"ReadAction\",\"target\":[\"https:\\\/\\\/www.encontravitoria.com.br\\\/guia\\\/nova-academia-popular-no-tancredao-abre-inscricoes-nesta-terca\\\/\"]}]},{\"@type\":\"ImageObject\",\"inLanguage\":\"pt-BR\",\"@id\":\"https:\\\/\\\/www.encontravitoria.com.br\\\/guia\\\/nova-academia-popular-no-tancredao-abre-inscricoes-nesta-terca\\\/#primaryimage\",\"url\":\"https:\\\/\\\/www.encontravitoria.com.br\\\/guia\\\/wp-content\\\/uploads\\\/2026\\\/05\\\/nova-academia-popular-no-tancredao-abre-inscricoes-nesta-terca.webp\",\"contentUrl\":\"https:\\\/\\\/www.encontravitoria.com.br\\\/guia\\\/wp-content\\\/uploads\\\/2026\\\/05\\\/nova-academia-popular-no-tancredao-abre-inscricoes-nesta-terca.webp\",\"width\":280,\"height\":280,\"caption\":\"Academia Popular Tancred\u00e3o\"},{\"@type\":\"WebSite\",\"@id\":\"https:\\\/\\\/www.encontravitoria.com.br\\\/guia\\\/#website\",\"url\":\"https:\\\/\\\/www.encontravitoria.com.br\\\/guia\\\/\",\"name\":\"Guia Comercial de Vit\u00f3ria ES\",\"description\":\"ENCONTRA VIT\u00d3RIA - O guia comercial de neg\u00f3cios e empresas, cultura e divers\u00e3o na cidade de Vit\u00f3ria. Feito 100% para voc\u00ea morador!\",\"potentialAction\":[{\"@type\":\"SearchAction\",\"target\":{\"@type\":\"EntryPoint\",\"urlTemplate\":\"https:\\\/\\\/www.encontravitoria.com.br\\\/guia\\\/?s={search_term_string}\"},\"query-input\":{\"@type\":\"PropertyValueSpecification\",\"valueRequired\":true,\"valueName\":\"search_term_string\"}}],\"inLanguage\":\"pt-BR\"},{\"@type\":\"Person\",\"@id\":\"https:\\\/\\\/www.encontravitoria.com.br\\\/guia\\\/#\\\/schema\\\/person\\\/e5c86e2a8d5a2a0333f0c44792c74c65\",\"name\":\"Encontra Vit\u00f3ria\",\"image\":{\"@type\":\"ImageObject\",\"inLanguage\":\"pt-BR\",\"@id\":\"https:\\\/\\\/secure.gravatar.com\\\/avatar\\\/c50c17820bcf322f0a8fd6b110b8c0918141409dc69076470f6fca5fee70a5d4?s=96&d=mm&r=g\",\"url\":\"https:\\\/\\\/secure.gravatar.com\\\/avatar\\\/c50c17820bcf322f0a8fd6b110b8c0918141409dc69076470f6fca5fee70a5d4?s=96&d=mm&r=g\",\"contentUrl\":\"https:\\\/\\\/secure.gravatar.com\\\/avatar\\\/c50c17820bcf322f0a8fd6b110b8c0918141409dc69076470f6fca5fee70a5d4?s=96&d=mm&r=g\",\"caption\":\"Encontra Vit\u00f3ria\"},\"url\":\"https:\\\/\\\/www.encontravitoria.com.br\\\/guia\\\/author\\\/encontravitoria\\\/\"}]}<\/script>\n<!-- \/ Yoast SEO plugin. -->","yoast_head_json":{"title":"Nova Academia Popular no Tancred\u00e3o abre inscri\u00e7\u00f5es nesta ter\u00e7a | Guia Comercial de Vit\u00f3ria ES","robots":{"index":"index","follow":"follow","max-snippet":"max-snippet:-1","max-image-preview":"max-image-preview:large","max-video-preview":"max-video-preview:-1"},"canonical":"https:\/\/www.encontravitoria.com.br\/guia\/nova-academia-popular-no-tancredao-abre-inscricoes-nesta-terca\/","og_locale":"pt_BR","og_type":"article","og_title":"Nova Academia Popular no Tancred\u00e3o abre inscri\u00e7\u00f5es nesta ter\u00e7a | Guia Comercial de Vit\u00f3ria ES","og_description":"Nova Academia Popular no Tancred\u00e3o abre inscri\u00e7\u00f5es para atividades f\u00edsicas gratuitas e acess\u00edveis.","og_url":"https:\/\/www.encontravitoria.com.br\/guia\/nova-academia-popular-no-tancredao-abre-inscricoes-nesta-terca\/","og_site_name":"Guia Comercial de Vit\u00f3ria ES","article_published_time":"2026-05-28T07:44:56+00:00","og_image":[{"url":"https:\/\/www.encontravitoria.com.br\/guia\/wp-content\/uploads\/2026\/05\/nova-academia-popular-no-tancredao-abre-inscricoes-nesta-terca.webp","type":"","width":"","height":""}],"author":"Encontra Vit\u00f3ria","twitter_card":"summary_large_image","twitter_misc":{"Escrito por":"Encontra Vit\u00f3ria","Est. tempo de leitura":"4 minutos"},"schema":{"@context":"https:\/\/schema.org","@graph":[{"@type":"Article","@id":"https:\/\/www.encontravitoria.com.br\/guia\/nova-academia-popular-no-tancredao-abre-inscricoes-nesta-terca\/#article","isPartOf":{"@id":"https:\/\/www.encontravitoria.com.br\/guia\/nova-academia-popular-no-tancredao-abre-inscricoes-nesta-terca\/"},"author":{"name":"Encontra Vit\u00f3ria","@id":"https:\/\/www.encontravitoria.com.br\/guia\/#\/schema\/person\/e5c86e2a8d5a2a0333f0c44792c74c65"},"headline":"Nova Academia Popular no Tancred\u00e3o abre inscri\u00e7\u00f5es nesta ter\u00e7a","datePublished":"2026-05-28T07:44:56+00:00","mainEntityOfPage":{"@id":"https:\/\/www.encontravitoria.com.br\/guia\/nova-academia-popular-no-tancredao-abre-inscricoes-nesta-terca\/"},"wordCount":898,"commentCount":0,"image":{"@id":"https:\/\/www.encontravitoria.com.br\/guia\/nova-academia-popular-no-tancredao-abre-inscricoes-nesta-terca\/#primaryimage"},"thumbnailUrl":"https:\/\/www.encontravitoria.com.br\/guia\/wp-content\/uploads\/2026\/05\/nova-academia-popular-no-tancredao-abre-inscricoes-nesta-terca.webp","articleSection":["Not\u00edcias Vit\u00f3ria"],"inLanguage":"pt-BR","potentialAction":[{"@type":"CommentAction","name":"Comment","target":["https:\/\/www.encontravitoria.com.br\/guia\/nova-academia-popular-no-tancredao-abre-inscricoes-nesta-terca\/#respond"]}]},{"@type":"WebPage","@id":"https:\/\/www.encontravitoria.com.br\/guia\/nova-academia-popular-no-tancredao-abre-inscricoes-nesta-terca\/","url":"https:\/\/www.encontravitoria.com.br\/guia\/nova-academia-popular-no-tancredao-abre-inscricoes-nesta-terca\/","name":"Nova Academia Popular no Tancred\u00e3o abre inscri\u00e7\u00f5es nesta ter\u00e7a | Guia Comercial de Vit\u00f3ria ES","isPartOf":{"@id":"https:\/\/www.encontravitoria.com.br\/guia\/#website"},"primaryImageOfPage":{"@id":"https:\/\/www.encontravitoria.com.br\/guia\/nova-academia-popular-no-tancredao-abre-inscricoes-nesta-terca\/#primaryimage"},"image":{"@id":"https:\/\/www.encontravitoria.com.br\/guia\/nova-academia-popular-no-tancredao-abre-inscricoes-nesta-terca\/#primaryimage"},"thumbnailUrl":"https:\/\/www.encontravitoria.com.br\/guia\/wp-content\/uploads\/2026\/05\/nova-academia-popular-no-tancredao-abre-inscricoes-nesta-terca.webp","datePublished":"2026-05-28T07:44:56+00:00","author":{"@id":"https:\/\/www.encontravitoria.com.br\/guia\/#\/schema\/person\/e5c86e2a8d5a2a0333f0c44792c74c65"},"inLanguage":"pt-BR","potentialAction":[{"@type":"ReadAction","target":["https:\/\/www.encontravitoria.com.br\/guia\/nova-academia-popular-no-tancredao-abre-inscricoes-nesta-terca\/"]}]},{"@type":"ImageObject","inLanguage":"pt-BR","@id":"https:\/\/www.encontravitoria.com.br\/guia\/nova-academia-popular-no-tancredao-abre-inscricoes-nesta-terca\/#primaryimage","url":"https:\/\/www.encontravitoria.com.br\/guia\/wp-content\/uploads\/2026\/05\/nova-academia-popular-no-tancredao-abre-inscricoes-nesta-terca.webp","contentUrl":"https:\/\/www.encontravitoria.com.br\/guia\/wp-content\/uploads\/2026\/05\/nova-academia-popular-no-tancredao-abre-inscricoes-nesta-terca.webp","width":280,"height":280,"caption":"Academia Popular Tancred\u00e3o"},{"@type":"WebSite","@id":"https:\/\/www.encontravitoria.com.br\/guia\/#website","url":"https:\/\/www.encontravitoria.com.br\/guia\/","name":"Guia Comercial de Vit\u00f3ria ES","description":"ENCONTRA VIT\u00d3RIA - O guia comercial de neg\u00f3cios e empresas, cultura e divers\u00e3o na cidade de Vit\u00f3ria. Feito 100% para voc\u00ea morador!","potentialAction":[{"@type":"SearchAction","target":{"@type":"EntryPoint","urlTemplate":"https:\/\/www.encontravitoria.com.br\/guia\/?s={search_term_string}"},"query-input":{"@type":"PropertyValueSpecification","valueRequired":true,"valueName":"search_term_string"}}],"inLanguage":"pt-BR"},{"@type":"Person","@id":"https:\/\/www.encontravitoria.com.br\/guia\/#\/schema\/person\/e5c86e2a8d5a2a0333f0c44792c74c65","name":"Encontra Vit\u00f3ria","image":{"@type":"ImageObject","inLanguage":"pt-BR","@id":"https:\/\/secure.gravatar.com\/avatar\/c50c17820bcf322f0a8fd6b110b8c0918141409dc69076470f6fca5fee70a5d4?s=96&d=mm&r=g","url":"https:\/\/secure.gravatar.com\/avatar\/c50c17820bcf322f0a8fd6b110b8c0918141409dc69076470f6fca5fee70a5d4?s=96&d=mm&r=g","contentUrl":"https:\/\/secure.gravatar.com\/avatar\/c50c17820bcf322f0a8fd6b110b8c0918141409dc69076470f6fca5fee70a5d4?s=96&d=mm&r=g","caption":"Encontra Vit\u00f3ria"},"url":"https:\/\/www.encontravitoria.com.br\/guia\/author\/encontravitoria\/"}]}},"_links":{"self":[{"href":"https:\/\/www.encontravitoria.com.br\/guia\/wp-json\/wp\/v2\/posts\/8094","targetHints":{"allow":["GET"]}}],"collection":[{"href":"https:\/\/www.encontravitoria.com.br\/guia\/wp-json\/wp\/v2\/posts"}],"about":[{"href":"https:\/\/www.encontravitoria.com.br\/guia\/wp-json\/wp\/v2\/types\/post"}],"author":[{"embeddable":true,"href":"https:\/\/www.encontravitoria.com.br\/guia\/wp-json\/wp\/v2\/users\/1"}],"replies":[{"embeddable":true,"href":"https:\/\/www.encontravitoria.com.br\/guia\/wp-json\/wp\/v2\/comments?post=8094"}],"version-history":[{"count":0,"href":"https:\/\/www.encontravitoria.com.br\/guia\/wp-json\/wp\/v2\/posts\/8094\/revisions"}],"wp:featuredmedia":[{"embeddable":true,"href":"https:\/\/www.encontravitoria.com.br\/guia\/wp-json\/wp\/v2\/media\/8093"}],"wp:attachment":[{"href":"https:\/\/www.encontravitoria.com.br\/guia\/wp-json\/wp\/v2\/media?parent=8094"}],"wp:term":[{"taxonomy":"category","embeddable":true,"href":"https:\/\/www.encontravitoria.com.br\/guia\/wp-json\/wp\/v2\/categories?post=8094"},{"taxonomy":"post_tag","embeddable":true,"href":"https:\/\/www.encontravitoria.com.br\/guia\/wp-json\/wp\/v2\/tags?post=8094"}],"curies":[{"name":"wp","href":"https:\/\/api.w.org\/{rel}","templated":true}]}}