{"id":8174,"date":"2026-06-14T04:45:15","date_gmt":"2026-06-14T07:45:15","guid":{"rendered":"https:\/\/www.encontravitoria.com.br\/guia\/prefeitura-lanca-centro-de-inovacao-de-vitoria-durante-o-esx-2026-e-reforca-compromisso-com-o-futuro\/"},"modified":"2026-06-14T04:45:15","modified_gmt":"2026-06-14T07:45:15","slug":"prefeitura-lanca-centro-de-inovacao-de-vitoria-durante-o-esx-2026-e-reforca-compromisso-com-o-futuro","status":"publish","type":"post","link":"https:\/\/www.encontravitoria.com.br\/guia\/prefeitura-lanca-centro-de-inovacao-de-vitoria-durante-o-esx-2026-e-reforca-compromisso-com-o-futuro\/","title":{"rendered":"Prefeitura lan\u00e7a Centro de Inova\u00e7\u00e3o de Vit\u00f3ria durante o ESX 2026 e refor\u00e7a compromisso com o futuro"},"content":{"rendered":"<h2>O Lan\u00e7amento do Centro de Inova\u00e7\u00e3o<\/h2>\n<p>No dia 11 de junho de 2026, durante o evento ESX 2026, a Prefeitura de Vit\u00f3ria lan\u00e7ou oficialmente o seu novo Centro de Inova\u00e7\u00e3o. Este espa\u00e7o foi desenvolvido com o intuito de promover a inova\u00e7\u00e3o, ci\u00eancia, tecnologia e empreendedorismo na cidade. Localizado no Palco Acelera, o Centro de Inova\u00e7\u00e3o representa um marco significativo na estrat\u00e9gia da gest\u00e3o municipal de transformar Vit\u00f3ria em um polo de desenvolvimento inovador.<\/p>\n<h2>Objetivos do Centro de Inova\u00e7\u00e3o<\/h2>\n<p>O Centro de Inova\u00e7\u00e3o de Vit\u00f3ria foi concebido para atender a m\u00faltiplos objetivos que visam potencializar o ecossistema de inova\u00e7\u00e3o local. Entre os principais objetivos, destacam-se:<\/p>\n<ul>\n<li><strong>Fomentar a cultura de inova\u00e7\u00e3o:<\/strong> estimular a troca de ideias e experi\u00eancias entre empreendedores e institui\u00e7\u00f5es acad\u00eamicas.<\/li>\n<li><strong>Criar conex\u00e3o entre diversos atores:<\/strong> aproximar empresas, startups, universidades e a sociedade civil para desenvolver solu\u00e7\u00f5es tecnol\u00f3gicas.<\/li>\n<li><strong>Transformar desafios urbanos em oportunidades:<\/strong> utilizar a inova\u00e7\u00e3o para resolver problemas locais, promovendo o desenvolvimento sustent\u00e1vel.<\/li>\n<li><strong>Impulsionar o empreendedorismo:<\/strong> fornecer suporte a novos neg\u00f3cios e ideias inovadoras, contribuindo para o crescimento econ\u00f4mico da cidade.<\/li>\n<\/ul>\n<h2>Estrat\u00e9gias de Empreendedorismo<\/h2>\n<p>O Centro \u00e9 estrat\u00e9gico para a cria\u00e7\u00e3o de um ambiente favor\u00e1vel ao empreendedorismo em Vit\u00f3ria. Algumas das suas pr\u00e1ticas incluem:<\/p>\n<p><img decoding=\"async\" src=\"https:\/\/www.encontravitoria.com.br\/guia\/wp-content\/uploads\/2026\/06\/prefeitura-lanca-centro-de-inovacao-de-vitoria-durante-o-esx-2026-e-reforca-compromisso-com-o-futuro.webp\" alt=\"\" loading=\"lazy\" \/><\/p>\n<ul>\n<li><strong>Programas de capacita\u00e7\u00e3o:<\/strong> oferecer cursos e workshops voltados para o desenvolvimento de habilidades empreendedoras.<\/li>\n<li><strong>Espa\u00e7os de coworking:<\/strong> disponibilizar infraestrutura que permita a intera\u00e7\u00e3o entre empreendedores e a troca de conhecimento.<\/li>\n<li><strong>Eventos e networking:<\/strong> promover encontros e feiras que conectem empres\u00e1rios e investidores, facilitando o acesso a recursos e investimentos.<\/li>\n<li><strong>Inova\u00e7\u00e3o aberta:<\/strong> abrir portas para que novas ideias possam ser testadas e implementadas em parceria com a sociedade.<\/li>\n<\/ul>\n<h2>Laborat\u00f3rio Urbano Vivo: Inova\u00e7\u00e3o em A\u00e7\u00e3o<\/h2>\n<p>Um dos destaques do Centro de Inova\u00e7\u00e3o \u00e9 o Laborat\u00f3rio Urbano Vivo (LUV), que se prop\u00f5e a ser um espa\u00e7o de experimenta\u00e7\u00e3o real para solu\u00e7\u00f5es inovadoras em \u00e1reas urbanas. O LUV permite a realiza\u00e7\u00e3o de projetos que combinem tecnologia e a participa\u00e7\u00e3o cidad\u00e3 para enfrentar os desafios urbanos. Atrav\u00e9s de experi\u00eancias pr\u00e1ticas, ideias inovadoras podem ser testadas antes de sua implementa\u00e7\u00e3o total na cidade.<\/p>\n<h2>Impacto na Comunidade Local<\/h2>\n<p>O impacto do Centro de Inova\u00e7\u00e3o \u00e9 vis\u00edvel em v\u00e1rias frentes da comunidade. Ao estimular a inova\u00e7\u00e3o e o empreendedorismo, ele gera novas oportunidades de emprego e incentiva a forma\u00e7\u00e3o de um ambiente econ\u00f4mico mais diversificado. Al\u00e9m disso, ao buscar solu\u00e7\u00f5es para problemas locais, como mobilidade urbana e sustentabilidade, o Centro n\u00e3o apenas atende \u00e0s necessidades da popula\u00e7\u00e3o, mas tamb\u00e9m melhora a qualidade de vida na cidade.<\/p>\n<h2>Conex\u00e3o entre Governo e Inova\u00e7\u00e3o<\/h2>\n<p>Uma das principais fun\u00e7\u00f5es do Centro de Inova\u00e7\u00e3o \u00e9 facilitar a conex\u00e3o entre o governo e os cidad\u00e3os por meio da inova\u00e7\u00e3o. O espa\u00e7o promove um di\u00e1logo cont\u00ednuo entre os diferentes setores, permitindo que as demandas da popula\u00e7\u00e3o sejam ouvidas e consideradas na formula\u00e7\u00e3o de pol\u00edticas p\u00fablicas. Este modelo de governan\u00e7a colaborativa \u00e9 uma estrat\u00e9gia para criar um governo mais \u00e1gil e adapt\u00e1vel \u00e0s necessidades da sociedade.<\/p>\n<h2>Projetos de Inova\u00e7\u00e3o Aberta<\/h2>\n<p>O Centro incentiva a inova\u00e7\u00e3o aberta atrav\u00e9s do lan\u00e7amento de editais que buscam solu\u00e7\u00f5es criativas e vi\u00e1veis para desafios urbanos. Por exemplo, o Edital LUV 01\/2025 foi uma iniciativa que viabilizou recursos para o desenvolvimento de prot\u00f3tipos voltados para a transforma\u00e7\u00e3o sustent\u00e1vel da cidade. Ele visa envolver startups e empreendedores locais na busca por solu\u00e7\u00f5es inovadoras.<\/p>\n<h2>Como Participar das Iniciativas<\/h2>\n<p>Os interessados em participar das iniciativas oferecidas pelo Centro de Inova\u00e7\u00e3o podem se inscrever em editais, participar de eventos e se envolver com as atividades do Laborat\u00f3rio Urbano Vivo. O Centro disponibiliza uma plataforma online onde empreendedores podem encontrar informa\u00e7\u00f5es sobre programas, workshops e editais, facilitando o acesso \u00e0 participa\u00e7\u00e3o nas diversas atividades.<\/p>\n<h2>Resultados da Inova\u00e7\u00e3o em Vit\u00f3ria<\/h2>\n<p>A estrat\u00e9gia de inova\u00e7\u00e3o da gest\u00e3o municipal j\u00e1 come\u00e7a a gerar resultados palp\u00e1veis. Projetos como a an\u00e1lise territorial feita pela startup Space Hunters e o mapeamento realizado pela Nozes Geoinforma\u00e7\u00f5es demonstram de forma concreta os benef\u00edcios que a inova\u00e7\u00e3o pode trazer ao planejamento urbano. Tais iniciativas n\u00e3o apenas ajudam a identificar \u00e1reas de oportunidade, mas tamb\u00e9m contribuem para decis\u00f5es mais informadas na gest\u00e3o p\u00fablica.<\/p>\n<h2>Vis\u00e3o de Futuro para a Cidade<\/h2>\n<p>A vis\u00e3o de futuro do Centro de Inova\u00e7\u00e3o reflete um compromisso cont\u00ednuo com o desenvolvimento e a capacidade de adapta\u00e7\u00e3o da cidade \u00e0s novas demandas sociais e econ\u00f4micas. Com a proposta de transformar desafios em oportunidades, o Centro busca posicionar Vit\u00f3ria como um exemplo de cidade inovadora para o Brasil e para o mundo, onde o progresso \u00e9 alimentado pela colabora\u00e7\u00e3o e pelo conhecimento.<\/p>\n","protected":false},"excerpt":{"rendered":"<p>Centro de Inova\u00e7\u00e3o de Vit\u00f3ria fortalece cultura de inova\u00e7\u00e3o e empreendedorismo.<\/p>\n","protected":false},"author":1,"featured_media":8173,"comment_status":"open","ping_status":"open","sticky":false,"template":"","format":"standard","meta":{"footnotes":""},"categories":[5],"tags":[],"class_list":["post-8174","post","type-post","status-publish","format-standard","has-post-thumbnail","hentry","category-noticias","has_thumb"],"yoast_head":"<!-- This site is optimized with the Yoast SEO plugin v27.9 - https:\/\/yoast.com\/product\/yoast-seo-wordpress\/ -->\n<title>Prefeitura lan\u00e7a Centro de Inova\u00e7\u00e3o de Vit\u00f3ria durante o ESX 2026 e refor\u00e7a compromisso com o futuro | Guia Comercial de Vit\u00f3ria ES<\/title>\n<meta name=\"robots\" content=\"index, follow, max-snippet:-1, max-image-preview:large, max-video-preview:-1\" \/>\n<link rel=\"canonical\" href=\"https:\/\/www.encontravitoria.com.br\/guia\/prefeitura-lanca-centro-de-inovacao-de-vitoria-durante-o-esx-2026-e-reforca-compromisso-com-o-futuro\/\" \/>\n<meta property=\"og:locale\" content=\"pt_BR\" \/>\n<meta property=\"og:type\" content=\"article\" \/>\n<meta property=\"og:title\" content=\"Prefeitura lan\u00e7a Centro de Inova\u00e7\u00e3o de Vit\u00f3ria durante o ESX 2026 e refor\u00e7a compromisso com o futuro | Guia Comercial de Vit\u00f3ria ES\" \/>\n<meta property=\"og:description\" content=\"Centro de Inova\u00e7\u00e3o de Vit\u00f3ria fortalece cultura de inova\u00e7\u00e3o e empreendedorismo.\" \/>\n<meta property=\"og:url\" content=\"https:\/\/www.encontravitoria.com.br\/guia\/prefeitura-lanca-centro-de-inovacao-de-vitoria-durante-o-esx-2026-e-reforca-compromisso-com-o-futuro\/\" \/>\n<meta property=\"og:site_name\" content=\"Guia Comercial de Vit\u00f3ria ES\" \/>\n<meta property=\"article:published_time\" content=\"2026-06-14T07:45:15+00:00\" \/>\n<meta property=\"og:image\" content=\"https:\/\/www.encontravitoria.com.br\/guia\/wp-content\/uploads\/2026\/06\/prefeitura-lanca-centro-de-inovacao-de-vitoria-durante-o-esx-2026-e-reforca-compromisso-com-o-futuro.webp\" \/>\n<meta name=\"author\" content=\"Encontra Vit\u00f3ria\" \/>\n<meta name=\"twitter:card\" content=\"summary_large_image\" \/>\n<meta name=\"twitter:label1\" content=\"Escrito por\" \/>\n\t<meta name=\"twitter:data1\" content=\"Encontra Vit\u00f3ria\" \/>\n\t<meta name=\"twitter:label2\" content=\"Est. tempo de leitura\" \/>\n\t<meta name=\"twitter:data2\" content=\"4 minutos\" \/>\n<script type=\"application\/ld+json\" class=\"yoast-schema-graph\">{\"@context\":\"https:\\\/\\\/schema.org\",\"@graph\":[{\"@type\":\"Article\",\"@id\":\"https:\\\/\\\/www.encontravitoria.com.br\\\/guia\\\/prefeitura-lanca-centro-de-inovacao-de-vitoria-durante-o-esx-2026-e-reforca-compromisso-com-o-futuro\\\/#article\",\"isPartOf\":{\"@id\":\"https:\\\/\\\/www.encontravitoria.com.br\\\/guia\\\/prefeitura-lanca-centro-de-inovacao-de-vitoria-durante-o-esx-2026-e-reforca-compromisso-com-o-futuro\\\/\"},\"author\":{\"name\":\"Encontra Vit\u00f3ria\",\"@id\":\"https:\\\/\\\/www.encontravitoria.com.br\\\/guia\\\/#\\\/schema\\\/person\\\/e5c86e2a8d5a2a0333f0c44792c74c65\"},\"headline\":\"Prefeitura lan\u00e7a Centro de Inova\u00e7\u00e3o de Vit\u00f3ria durante o ESX 2026 e refor\u00e7a compromisso com o futuro\",\"datePublished\":\"2026-06-14T07:45:15+00:00\",\"mainEntityOfPage\":{\"@id\":\"https:\\\/\\\/www.encontravitoria.com.br\\\/guia\\\/prefeitura-lanca-centro-de-inovacao-de-vitoria-durante-o-esx-2026-e-reforca-compromisso-com-o-futuro\\\/\"},\"wordCount\":860,\"commentCount\":0,\"image\":{\"@id\":\"https:\\\/\\\/www.encontravitoria.com.br\\\/guia\\\/prefeitura-lanca-centro-de-inovacao-de-vitoria-durante-o-esx-2026-e-reforca-compromisso-com-o-futuro\\\/#primaryimage\"},\"thumbnailUrl\":\"https:\\\/\\\/www.encontravitoria.com.br\\\/guia\\\/wp-content\\\/uploads\\\/2026\\\/06\\\/prefeitura-lanca-centro-de-inovacao-de-vitoria-durante-o-esx-2026-e-reforca-compromisso-com-o-futuro.webp\",\"articleSection\":[\"Not\u00edcias Vit\u00f3ria\"],\"inLanguage\":\"pt-BR\",\"potentialAction\":[{\"@type\":\"CommentAction\",\"name\":\"Comment\",\"target\":[\"https:\\\/\\\/www.encontravitoria.com.br\\\/guia\\\/prefeitura-lanca-centro-de-inovacao-de-vitoria-durante-o-esx-2026-e-reforca-compromisso-com-o-futuro\\\/#respond\"]}]},{\"@type\":\"WebPage\",\"@id\":\"https:\\\/\\\/www.encontravitoria.com.br\\\/guia\\\/prefeitura-lanca-centro-de-inovacao-de-vitoria-durante-o-esx-2026-e-reforca-compromisso-com-o-futuro\\\/\",\"url\":\"https:\\\/\\\/www.encontravitoria.com.br\\\/guia\\\/prefeitura-lanca-centro-de-inovacao-de-vitoria-durante-o-esx-2026-e-reforca-compromisso-com-o-futuro\\\/\",\"name\":\"Prefeitura lan\u00e7a Centro de Inova\u00e7\u00e3o de Vit\u00f3ria durante o ESX 2026 e refor\u00e7a compromisso com o futuro | Guia Comercial de Vit\u00f3ria ES\",\"isPartOf\":{\"@id\":\"https:\\\/\\\/www.encontravitoria.com.br\\\/guia\\\/#website\"},\"primaryImageOfPage\":{\"@id\":\"https:\\\/\\\/www.encontravitoria.com.br\\\/guia\\\/prefeitura-lanca-centro-de-inovacao-de-vitoria-durante-o-esx-2026-e-reforca-compromisso-com-o-futuro\\\/#primaryimage\"},\"image\":{\"@id\":\"https:\\\/\\\/www.encontravitoria.com.br\\\/guia\\\/prefeitura-lanca-centro-de-inovacao-de-vitoria-durante-o-esx-2026-e-reforca-compromisso-com-o-futuro\\\/#primaryimage\"},\"thumbnailUrl\":\"https:\\\/\\\/www.encontravitoria.com.br\\\/guia\\\/wp-content\\\/uploads\\\/2026\\\/06\\\/prefeitura-lanca-centro-de-inovacao-de-vitoria-durante-o-esx-2026-e-reforca-compromisso-com-o-futuro.webp\",\"datePublished\":\"2026-06-14T07:45:15+00:00\",\"author\":{\"@id\":\"https:\\\/\\\/www.encontravitoria.com.br\\\/guia\\\/#\\\/schema\\\/person\\\/e5c86e2a8d5a2a0333f0c44792c74c65\"},\"inLanguage\":\"pt-BR\",\"potentialAction\":[{\"@type\":\"ReadAction\",\"target\":[\"https:\\\/\\\/www.encontravitoria.com.br\\\/guia\\\/prefeitura-lanca-centro-de-inovacao-de-vitoria-durante-o-esx-2026-e-reforca-compromisso-com-o-futuro\\\/\"]}]},{\"@type\":\"ImageObject\",\"inLanguage\":\"pt-BR\",\"@id\":\"https:\\\/\\\/www.encontravitoria.com.br\\\/guia\\\/prefeitura-lanca-centro-de-inovacao-de-vitoria-durante-o-esx-2026-e-reforca-compromisso-com-o-futuro\\\/#primaryimage\",\"url\":\"https:\\\/\\\/www.encontravitoria.com.br\\\/guia\\\/wp-content\\\/uploads\\\/2026\\\/06\\\/prefeitura-lanca-centro-de-inovacao-de-vitoria-durante-o-esx-2026-e-reforca-compromisso-com-o-futuro.webp\",\"contentUrl\":\"https:\\\/\\\/www.encontravitoria.com.br\\\/guia\\\/wp-content\\\/uploads\\\/2026\\\/06\\\/prefeitura-lanca-centro-de-inovacao-de-vitoria-durante-o-esx-2026-e-reforca-compromisso-com-o-futuro.webp\",\"width\":280,\"height\":280},{\"@type\":\"WebSite\",\"@id\":\"https:\\\/\\\/www.encontravitoria.com.br\\\/guia\\\/#website\",\"url\":\"https:\\\/\\\/www.encontravitoria.com.br\\\/guia\\\/\",\"name\":\"Guia Comercial de Vit\u00f3ria ES\",\"description\":\"ENCONTRA VIT\u00d3RIA - O guia comercial de neg\u00f3cios e empresas, cultura e divers\u00e3o na cidade de Vit\u00f3ria. Feito 100% para voc\u00ea morador!\",\"potentialAction\":[{\"@type\":\"SearchAction\",\"target\":{\"@type\":\"EntryPoint\",\"urlTemplate\":\"https:\\\/\\\/www.encontravitoria.com.br\\\/guia\\\/?s={search_term_string}\"},\"query-input\":{\"@type\":\"PropertyValueSpecification\",\"valueRequired\":true,\"valueName\":\"search_term_string\"}}],\"inLanguage\":\"pt-BR\"},{\"@type\":\"Person\",\"@id\":\"https:\\\/\\\/www.encontravitoria.com.br\\\/guia\\\/#\\\/schema\\\/person\\\/e5c86e2a8d5a2a0333f0c44792c74c65\",\"name\":\"Encontra Vit\u00f3ria\",\"image\":{\"@type\":\"ImageObject\",\"inLanguage\":\"pt-BR\",\"@id\":\"https:\\\/\\\/secure.gravatar.com\\\/avatar\\\/c50c17820bcf322f0a8fd6b110b8c0918141409dc69076470f6fca5fee70a5d4?s=96&d=mm&r=g\",\"url\":\"https:\\\/\\\/secure.gravatar.com\\\/avatar\\\/c50c17820bcf322f0a8fd6b110b8c0918141409dc69076470f6fca5fee70a5d4?s=96&d=mm&r=g\",\"contentUrl\":\"https:\\\/\\\/secure.gravatar.com\\\/avatar\\\/c50c17820bcf322f0a8fd6b110b8c0918141409dc69076470f6fca5fee70a5d4?s=96&d=mm&r=g\",\"caption\":\"Encontra Vit\u00f3ria\"},\"url\":\"https:\\\/\\\/www.encontravitoria.com.br\\\/guia\\\/author\\\/encontravitoria\\\/\"}]}<\/script>\n<!-- \/ Yoast SEO plugin. -->","yoast_head_json":{"title":"Prefeitura lan\u00e7a Centro de Inova\u00e7\u00e3o de Vit\u00f3ria durante o ESX 2026 e refor\u00e7a compromisso com o futuro | Guia Comercial de Vit\u00f3ria ES","robots":{"index":"index","follow":"follow","max-snippet":"max-snippet:-1","max-image-preview":"max-image-preview:large","max-video-preview":"max-video-preview:-1"},"canonical":"https:\/\/www.encontravitoria.com.br\/guia\/prefeitura-lanca-centro-de-inovacao-de-vitoria-durante-o-esx-2026-e-reforca-compromisso-com-o-futuro\/","og_locale":"pt_BR","og_type":"article","og_title":"Prefeitura lan\u00e7a Centro de Inova\u00e7\u00e3o de Vit\u00f3ria durante o ESX 2026 e refor\u00e7a compromisso com o futuro | Guia Comercial de Vit\u00f3ria ES","og_description":"Centro de Inova\u00e7\u00e3o de Vit\u00f3ria fortalece cultura de inova\u00e7\u00e3o e empreendedorismo.","og_url":"https:\/\/www.encontravitoria.com.br\/guia\/prefeitura-lanca-centro-de-inovacao-de-vitoria-durante-o-esx-2026-e-reforca-compromisso-com-o-futuro\/","og_site_name":"Guia Comercial de Vit\u00f3ria ES","article_published_time":"2026-06-14T07:45:15+00:00","og_image":[{"url":"https:\/\/www.encontravitoria.com.br\/guia\/wp-content\/uploads\/2026\/06\/prefeitura-lanca-centro-de-inovacao-de-vitoria-durante-o-esx-2026-e-reforca-compromisso-com-o-futuro.webp","type":"","width":"","height":""}],"author":"Encontra Vit\u00f3ria","twitter_card":"summary_large_image","twitter_misc":{"Escrito por":"Encontra Vit\u00f3ria","Est. tempo de leitura":"4 minutos"},"schema":{"@context":"https:\/\/schema.org","@graph":[{"@type":"Article","@id":"https:\/\/www.encontravitoria.com.br\/guia\/prefeitura-lanca-centro-de-inovacao-de-vitoria-durante-o-esx-2026-e-reforca-compromisso-com-o-futuro\/#article","isPartOf":{"@id":"https:\/\/www.encontravitoria.com.br\/guia\/prefeitura-lanca-centro-de-inovacao-de-vitoria-durante-o-esx-2026-e-reforca-compromisso-com-o-futuro\/"},"author":{"name":"Encontra Vit\u00f3ria","@id":"https:\/\/www.encontravitoria.com.br\/guia\/#\/schema\/person\/e5c86e2a8d5a2a0333f0c44792c74c65"},"headline":"Prefeitura lan\u00e7a Centro de Inova\u00e7\u00e3o de Vit\u00f3ria durante o ESX 2026 e refor\u00e7a compromisso com o futuro","datePublished":"2026-06-14T07:45:15+00:00","mainEntityOfPage":{"@id":"https:\/\/www.encontravitoria.com.br\/guia\/prefeitura-lanca-centro-de-inovacao-de-vitoria-durante-o-esx-2026-e-reforca-compromisso-com-o-futuro\/"},"wordCount":860,"commentCount":0,"image":{"@id":"https:\/\/www.encontravitoria.com.br\/guia\/prefeitura-lanca-centro-de-inovacao-de-vitoria-durante-o-esx-2026-e-reforca-compromisso-com-o-futuro\/#primaryimage"},"thumbnailUrl":"https:\/\/www.encontravitoria.com.br\/guia\/wp-content\/uploads\/2026\/06\/prefeitura-lanca-centro-de-inovacao-de-vitoria-durante-o-esx-2026-e-reforca-compromisso-com-o-futuro.webp","articleSection":["Not\u00edcias Vit\u00f3ria"],"inLanguage":"pt-BR","potentialAction":[{"@type":"CommentAction","name":"Comment","target":["https:\/\/www.encontravitoria.com.br\/guia\/prefeitura-lanca-centro-de-inovacao-de-vitoria-durante-o-esx-2026-e-reforca-compromisso-com-o-futuro\/#respond"]}]},{"@type":"WebPage","@id":"https:\/\/www.encontravitoria.com.br\/guia\/prefeitura-lanca-centro-de-inovacao-de-vitoria-durante-o-esx-2026-e-reforca-compromisso-com-o-futuro\/","url":"https:\/\/www.encontravitoria.com.br\/guia\/prefeitura-lanca-centro-de-inovacao-de-vitoria-durante-o-esx-2026-e-reforca-compromisso-com-o-futuro\/","name":"Prefeitura lan\u00e7a Centro de Inova\u00e7\u00e3o de Vit\u00f3ria durante o ESX 2026 e refor\u00e7a compromisso com o futuro | Guia Comercial de Vit\u00f3ria ES","isPartOf":{"@id":"https:\/\/www.encontravitoria.com.br\/guia\/#website"},"primaryImageOfPage":{"@id":"https:\/\/www.encontravitoria.com.br\/guia\/prefeitura-lanca-centro-de-inovacao-de-vitoria-durante-o-esx-2026-e-reforca-compromisso-com-o-futuro\/#primaryimage"},"image":{"@id":"https:\/\/www.encontravitoria.com.br\/guia\/prefeitura-lanca-centro-de-inovacao-de-vitoria-durante-o-esx-2026-e-reforca-compromisso-com-o-futuro\/#primaryimage"},"thumbnailUrl":"https:\/\/www.encontravitoria.com.br\/guia\/wp-content\/uploads\/2026\/06\/prefeitura-lanca-centro-de-inovacao-de-vitoria-durante-o-esx-2026-e-reforca-compromisso-com-o-futuro.webp","datePublished":"2026-06-14T07:45:15+00:00","author":{"@id":"https:\/\/www.encontravitoria.com.br\/guia\/#\/schema\/person\/e5c86e2a8d5a2a0333f0c44792c74c65"},"inLanguage":"pt-BR","potentialAction":[{"@type":"ReadAction","target":["https:\/\/www.encontravitoria.com.br\/guia\/prefeitura-lanca-centro-de-inovacao-de-vitoria-durante-o-esx-2026-e-reforca-compromisso-com-o-futuro\/"]}]},{"@type":"ImageObject","inLanguage":"pt-BR","@id":"https:\/\/www.encontravitoria.com.br\/guia\/prefeitura-lanca-centro-de-inovacao-de-vitoria-durante-o-esx-2026-e-reforca-compromisso-com-o-futuro\/#primaryimage","url":"https:\/\/www.encontravitoria.com.br\/guia\/wp-content\/uploads\/2026\/06\/prefeitura-lanca-centro-de-inovacao-de-vitoria-durante-o-esx-2026-e-reforca-compromisso-com-o-futuro.webp","contentUrl":"https:\/\/www.encontravitoria.com.br\/guia\/wp-content\/uploads\/2026\/06\/prefeitura-lanca-centro-de-inovacao-de-vitoria-durante-o-esx-2026-e-reforca-compromisso-com-o-futuro.webp","width":280,"height":280},{"@type":"WebSite","@id":"https:\/\/www.encontravitoria.com.br\/guia\/#website","url":"https:\/\/www.encontravitoria.com.br\/guia\/","name":"Guia Comercial de Vit\u00f3ria ES","description":"ENCONTRA VIT\u00d3RIA - O guia comercial de neg\u00f3cios e empresas, cultura e divers\u00e3o na cidade de Vit\u00f3ria. Feito 100% para voc\u00ea morador!","potentialAction":[{"@type":"SearchAction","target":{"@type":"EntryPoint","urlTemplate":"https:\/\/www.encontravitoria.com.br\/guia\/?s={search_term_string}"},"query-input":{"@type":"PropertyValueSpecification","valueRequired":true,"valueName":"search_term_string"}}],"inLanguage":"pt-BR"},{"@type":"Person","@id":"https:\/\/www.encontravitoria.com.br\/guia\/#\/schema\/person\/e5c86e2a8d5a2a0333f0c44792c74c65","name":"Encontra Vit\u00f3ria","image":{"@type":"ImageObject","inLanguage":"pt-BR","@id":"https:\/\/secure.gravatar.com\/avatar\/c50c17820bcf322f0a8fd6b110b8c0918141409dc69076470f6fca5fee70a5d4?s=96&d=mm&r=g","url":"https:\/\/secure.gravatar.com\/avatar\/c50c17820bcf322f0a8fd6b110b8c0918141409dc69076470f6fca5fee70a5d4?s=96&d=mm&r=g","contentUrl":"https:\/\/secure.gravatar.com\/avatar\/c50c17820bcf322f0a8fd6b110b8c0918141409dc69076470f6fca5fee70a5d4?s=96&d=mm&r=g","caption":"Encontra Vit\u00f3ria"},"url":"https:\/\/www.encontravitoria.com.br\/guia\/author\/encontravitoria\/"}]}},"_links":{"self":[{"href":"https:\/\/www.encontravitoria.com.br\/guia\/wp-json\/wp\/v2\/posts\/8174","targetHints":{"allow":["GET"]}}],"collection":[{"href":"https:\/\/www.encontravitoria.com.br\/guia\/wp-json\/wp\/v2\/posts"}],"about":[{"href":"https:\/\/www.encontravitoria.com.br\/guia\/wp-json\/wp\/v2\/types\/post"}],"author":[{"embeddable":true,"href":"https:\/\/www.encontravitoria.com.br\/guia\/wp-json\/wp\/v2\/users\/1"}],"replies":[{"embeddable":true,"href":"https:\/\/www.encontravitoria.com.br\/guia\/wp-json\/wp\/v2\/comments?post=8174"}],"version-history":[{"count":0,"href":"https:\/\/www.encontravitoria.com.br\/guia\/wp-json\/wp\/v2\/posts\/8174\/revisions"}],"wp:featuredmedia":[{"embeddable":true,"href":"https:\/\/www.encontravitoria.com.br\/guia\/wp-json\/wp\/v2\/media\/8173"}],"wp:attachment":[{"href":"https:\/\/www.encontravitoria.com.br\/guia\/wp-json\/wp\/v2\/media?parent=8174"}],"wp:term":[{"taxonomy":"category","embeddable":true,"href":"https:\/\/www.encontravitoria.com.br\/guia\/wp-json\/wp\/v2\/categories?post=8174"},{"taxonomy":"post_tag","embeddable":true,"href":"https:\/\/www.encontravitoria.com.br\/guia\/wp-json\/wp\/v2\/tags?post=8174"}],"curies":[{"name":"wp","href":"https:\/\/api.w.org\/{rel}","templated":true}]}}