{"id":8220,"date":"2026-06-25T10:20:48","date_gmt":"2026-06-25T13:20:48","guid":{"rendered":"https:\/\/www.encontravitoria.com.br\/guia\/musin-2026-festival-leva-musica-brincadeiras-e-inclusao-ao-parque-pedra-da-cebola\/"},"modified":"2026-06-25T10:20:48","modified_gmt":"2026-06-25T13:20:48","slug":"musin-2026-festival-leva-musica-brincadeiras-e-inclusao-ao-parque-pedra-da-cebola","status":"publish","type":"post","link":"https:\/\/www.encontravitoria.com.br\/guia\/musin-2026-festival-leva-musica-brincadeiras-e-inclusao-ao-parque-pedra-da-cebola\/","title":{"rendered":"Musin 2026: festival leva m\u00fasica, brincadeiras e inclus\u00e3o ao Parque Pedra da Cebola"},"content":{"rendered":"<h2>O que \u00e9 o Musin 2026?<\/h2>\n<p>O Musin 2026 \u00e9 um festival dedicado \u00e0 m\u00fasica infantil que acontece anualmente no Parque Pedra da Cebola, em Vit\u00f3ria. Nesta edi\u00e7\u00e3o, realizada nos dias 19 e 20 de junho, o evento promete uma programa\u00e7\u00e3o repleta de atra\u00e7\u00f5es voltadas para crian\u00e7as e suas fam\u00edlias, com foco na divers\u00e3o, na educa\u00e7\u00e3o musical e na inclus\u00e3o social.<\/p>\n<h2>Localiza\u00e7\u00e3o do Festival<\/h2>\n<p>O festival ocorre no Parque Pedra da Cebola, um dos mais tradicionais espa\u00e7os de lazer da cidade. O parque est\u00e1 situado entre as ruas Ana Vieira Mafra, Jo\u00e3o Baptista Celestino e Avenida Fernando Ferrari, no bairro Mata da Praia, em Vit\u00f3ria, Esp\u00edrito Santo.<\/p>\n<h2>Atra\u00e7\u00f5es Musicais do Evento<\/h2>\n<p>O Musin 2026 traz um elenco de artistas renomados, como o grupo <strong>Triii<\/strong> e a <strong>turma da Mal\u00ea Kids<\/strong>. As apresenta\u00e7\u00f5es s\u00e3o cuidadosamente selecionadas para atender o p\u00fablico infantil, promovendo m\u00fasicas alegres e educativas que estimulam a criatividade dos pequenos. Entre os destaques est\u00e3o<br \/>\n o espet\u00e1culo musical &#8220;P\u00e9s na Lua&#8221; e o show &#8220;O Show da Luna&#8221;. Al\u00e9m disso, o festival oferece espa\u00e7os de experimenta\u00e7\u00e3o musical e um concurso de fantasias, tornando a experi\u00eancia ainda mais envolvente.<\/p>\n<p><img decoding=\"async\" src=\"https:\/\/www.encontravitoria.com.br\/guia\/wp-content\/uploads\/2026\/06\/musin-2026-festival-leva-musica-brincadeiras-e-inclusao-ao-parque-pedra-da-cebola.webp\" alt=\"Musin 2026\" loading=\"lazy\" \/><\/p>\n<h2>Atividades para Crian\u00e7as e Fam\u00edlias<\/h2>\n<p>A programa\u00e7\u00e3o do festival inclui uma diversidade de atividades que v\u00e3o desde oficinas sensoriais, interven\u00e7\u00f5es art\u00edsticas interativas, at\u00e9 brincadeiras e gincanas. As crian\u00e7as t\u00eam a oportunidade de participar de experi\u00eancias que promovem o aprendizado de forma l\u00fadica, tudo isso em um ambiente repleto de natureza.<\/p>\n<h2>Import\u00e2ncia da Inclus\u00e3o no Festival<\/h2>\n<p>O Musin 2026 \u00e9 um evento que prioriza a inclus\u00e3o e acessibilidade. Durante o festival, s\u00e3o implementadas medidas para garantir que todas as crian\u00e7as, independentemente de suas habilidades ou necessidades especiais, possam participar e aproveitar cada momento. Isso inclui acessos facilitados, interpreta\u00e7\u00e3o em Libras e zonas de descanso para os que requerem um ambiente mais calmo.<\/p>\n<h2>Testemunhos de Participantes<\/h2>\n<p>O feedback dos participantes tem sido muito positivo. Ivoneia Ferreira, uma das visitantes, compartilhou sua experi\u00eancia trazendo sua neta de 2 anos: &#8220;Ver a felicidade da minha neta em um evento assim \u00e9 maravilhoso. O ambiente \u00e9 acolhedor e cheio de alegria, ideal para crian\u00e7as!&#8221; Outro depoimento \u00e9 de Betina Ferreira, que disse: &#8220;Estou encantada com a organiza\u00e7\u00e3o. O evento est\u00e1 tudo lindo, com v\u00e1rias op\u00e7\u00f5es de divers\u00e3o para os meus filhos.&#8221;<br \/>\n Esses depoimentos refletem o impacto emocional e social que o festival gera nas fam\u00edlias, unindo-as em momentos de lazer e aprendizado.<\/p>\n<h2>Programa\u00e7\u00e3o Completa para o S\u00e1bado<\/h2>\n<p>No dia 20 de junho, as atividades come\u00e7am \u00e0s 10 horas. A programa\u00e7\u00e3o inclui:<\/p>\n<ul>\n<li><strong>10h00:<\/strong> Abertura do festival com diversas atividades l\u00fadicas.<\/li>\n<li><strong>11h00:<\/strong> Espet\u00e1culo &#8220;P\u00e9s na Lua&#8221;.<\/li>\n<li><strong>13h30:<\/strong> Gincana da Fam\u00edlia.<\/li>\n<li><strong>15h00:<\/strong> Concurso de Fantasias.<\/li>\n<li><strong>16h15:<\/strong> Apresenta\u00e7\u00e3o do grupo &#8220;Tiquequ\u00ea&#8221;.<\/li>\n<li><strong>17h00:<\/strong> Encerramento com &#8220;O Show da Luna&#8221;.<\/li>\n<\/ul>\n<p>O festival se estende at\u00e9 \u00e0s 18 horas, proporcionando um dia cheio de atividades e entretenimento.<\/p>\n<h2>Medidas de Acessibilidade<\/h2>\n<p>Uma das prioridades do Musin 2026 \u00e9 garantir a acessibilidade. O evento oferece:<\/p>\n<ul>\n<li>Banheiros adaptados para pessoas com defici\u00eancia.<\/li>\n<li>\u00c1rea reservada para idosos e cadeirantes.<\/li>\n<li>Int\u00e9rpretes de Libras durante as apresenta\u00e7\u00f5es.<\/li>\n<li>Distribui\u00e7\u00e3o de protetores auriculares para aqueles com sensibilidade auditiva.<\/li>\n<li>Material audiovisual com legendas.<\/li>\n<\/ul>\n<p>Essas a\u00e7\u00f5es demonstram o compromisso do festival em incluir todas as crian\u00e7as, assegurando que ningu\u00e9m seja deixado de fora e todos possam desfrutar da programa\u00e7\u00e3o.<\/p>\n<h2>Como Chegar ao Parque Pedra da Cebola<\/h2>\n<p>O Parque Pedra da Cebola \u00e9 de f\u00e1cil acesso. Abaixo est\u00e3o algumas op\u00e7\u00f5es de transporte:<\/p>\n<ul>\n<li><strong>Carro:<\/strong> O parque possui estacionamento com vagas dispon\u00edveis.<\/li>\n<li><strong>Transporte P\u00fablico:<\/strong> Linhas de \u00f4nibus que atendem a regi\u00e3o.<\/li>\n<li><strong>Bike:<\/strong> Ciclovias que facilitam o acesso ao parque.<\/li>\n<li><strong>A p\u00e9:<\/strong> Localizado em \u00e1rea central, \u00e9 acess\u00edvel para caminhadas.<\/li>\n<\/ul>\n<h2>Apoio da Prefeitura e parceiros<\/h2>\n<p>Este evento \u00e9 viabilizado com o suporte da <strong>Prefeitura de Vit\u00f3ria<\/strong>. Ele conta com a colabora\u00e7\u00e3o de diversas entidades e institui\u00e7\u00f5es da regi\u00e3o, incluindo o <strong>Instituto Cultural Vale<\/strong>, que patrocina o festival atrav\u00e9s da <strong>Lei de Incentivo \u00e0 Cultura<\/strong> (Lei Rouanet). O envolvimento de diferentes parceiros demonstra o esfor\u00e7o conjunto para criar um evento que beneficie a comunidade e promova a cultura infantil.<\/p>\n<p>Em resumo, o Musin 2026 n\u00e3o \u00e9 apenas um festival, mas uma experi\u00eancia completa que une m\u00fasica, divers\u00e3o e inclus\u00e3o. \u00c9 um espa\u00e7o onde as crian\u00e7as podem explorar, aprender e se divertir, sempre com o apoio e a participa\u00e7\u00e3o de suas fam\u00edlias.<\/p>\n","protected":false},"excerpt":{"rendered":"<p>Musin 2026 traz m\u00fasica, brincadeiras e inclus\u00e3o ao Parque Pedra da Cebola.<\/p>\n","protected":false},"author":1,"featured_media":8219,"comment_status":"open","ping_status":"open","sticky":false,"template":"","format":"standard","meta":{"footnotes":""},"categories":[902],"tags":[],"class_list":["post-8220","post","type-post","status-publish","format-standard","has-post-thumbnail","hentry","category-shows","has_thumb"],"yoast_head":"<!-- This site is optimized with the Yoast SEO plugin v27.9 - https:\/\/yoast.com\/product\/yoast-seo-wordpress\/ -->\n<title>Musin 2026: festival leva m\u00fasica, brincadeiras e inclus\u00e3o ao Parque Pedra da Cebola | Guia Comercial de Vit\u00f3ria ES<\/title>\n<meta name=\"robots\" content=\"index, follow, max-snippet:-1, max-image-preview:large, max-video-preview:-1\" \/>\n<link rel=\"canonical\" href=\"https:\/\/www.encontravitoria.com.br\/guia\/musin-2026-festival-leva-musica-brincadeiras-e-inclusao-ao-parque-pedra-da-cebola\/\" \/>\n<meta property=\"og:locale\" content=\"pt_BR\" \/>\n<meta property=\"og:type\" content=\"article\" \/>\n<meta property=\"og:title\" content=\"Musin 2026: festival leva m\u00fasica, brincadeiras e inclus\u00e3o ao Parque Pedra da Cebola | Guia Comercial de Vit\u00f3ria ES\" \/>\n<meta property=\"og:description\" content=\"Musin 2026 traz m\u00fasica, brincadeiras e inclus\u00e3o ao Parque Pedra da Cebola.\" \/>\n<meta property=\"og:url\" content=\"https:\/\/www.encontravitoria.com.br\/guia\/musin-2026-festival-leva-musica-brincadeiras-e-inclusao-ao-parque-pedra-da-cebola\/\" \/>\n<meta property=\"og:site_name\" content=\"Guia Comercial de Vit\u00f3ria ES\" \/>\n<meta property=\"article:published_time\" content=\"2026-06-25T13:20:48+00:00\" \/>\n<meta property=\"og:image\" content=\"https:\/\/www.encontravitoria.com.br\/guia\/wp-content\/uploads\/2026\/06\/musin-2026-festival-leva-musica-brincadeiras-e-inclusao-ao-parque-pedra-da-cebola.webp\" \/>\n<meta name=\"author\" content=\"Encontra Vit\u00f3ria\" \/>\n<meta name=\"twitter:card\" content=\"summary_large_image\" \/>\n<meta name=\"twitter:label1\" content=\"Escrito por\" \/>\n\t<meta name=\"twitter:data1\" content=\"Encontra Vit\u00f3ria\" \/>\n\t<meta name=\"twitter:label2\" content=\"Est. tempo de leitura\" \/>\n\t<meta name=\"twitter:data2\" content=\"4 minutos\" \/>\n<script type=\"application\/ld+json\" class=\"yoast-schema-graph\">{\"@context\":\"https:\\\/\\\/schema.org\",\"@graph\":[{\"@type\":\"Article\",\"@id\":\"https:\\\/\\\/www.encontravitoria.com.br\\\/guia\\\/musin-2026-festival-leva-musica-brincadeiras-e-inclusao-ao-parque-pedra-da-cebola\\\/#article\",\"isPartOf\":{\"@id\":\"https:\\\/\\\/www.encontravitoria.com.br\\\/guia\\\/musin-2026-festival-leva-musica-brincadeiras-e-inclusao-ao-parque-pedra-da-cebola\\\/\"},\"author\":{\"name\":\"Encontra Vit\u00f3ria\",\"@id\":\"https:\\\/\\\/www.encontravitoria.com.br\\\/guia\\\/#\\\/schema\\\/person\\\/e5c86e2a8d5a2a0333f0c44792c74c65\"},\"headline\":\"Musin 2026: festival leva m\u00fasica, brincadeiras e inclus\u00e3o ao Parque Pedra da Cebola\",\"datePublished\":\"2026-06-25T13:20:48+00:00\",\"mainEntityOfPage\":{\"@id\":\"https:\\\/\\\/www.encontravitoria.com.br\\\/guia\\\/musin-2026-festival-leva-musica-brincadeiras-e-inclusao-ao-parque-pedra-da-cebola\\\/\"},\"wordCount\":779,\"commentCount\":0,\"image\":{\"@id\":\"https:\\\/\\\/www.encontravitoria.com.br\\\/guia\\\/musin-2026-festival-leva-musica-brincadeiras-e-inclusao-ao-parque-pedra-da-cebola\\\/#primaryimage\"},\"thumbnailUrl\":\"https:\\\/\\\/www.encontravitoria.com.br\\\/guia\\\/wp-content\\\/uploads\\\/2026\\\/06\\\/musin-2026-festival-leva-musica-brincadeiras-e-inclusao-ao-parque-pedra-da-cebola.webp\",\"articleSection\":[\"Shows Vit\u00f3ria\"],\"inLanguage\":\"pt-BR\",\"potentialAction\":[{\"@type\":\"CommentAction\",\"name\":\"Comment\",\"target\":[\"https:\\\/\\\/www.encontravitoria.com.br\\\/guia\\\/musin-2026-festival-leva-musica-brincadeiras-e-inclusao-ao-parque-pedra-da-cebola\\\/#respond\"]}]},{\"@type\":\"WebPage\",\"@id\":\"https:\\\/\\\/www.encontravitoria.com.br\\\/guia\\\/musin-2026-festival-leva-musica-brincadeiras-e-inclusao-ao-parque-pedra-da-cebola\\\/\",\"url\":\"https:\\\/\\\/www.encontravitoria.com.br\\\/guia\\\/musin-2026-festival-leva-musica-brincadeiras-e-inclusao-ao-parque-pedra-da-cebola\\\/\",\"name\":\"Musin 2026: festival leva m\u00fasica, brincadeiras e inclus\u00e3o ao Parque Pedra da Cebola | Guia Comercial de Vit\u00f3ria ES\",\"isPartOf\":{\"@id\":\"https:\\\/\\\/www.encontravitoria.com.br\\\/guia\\\/#website\"},\"primaryImageOfPage\":{\"@id\":\"https:\\\/\\\/www.encontravitoria.com.br\\\/guia\\\/musin-2026-festival-leva-musica-brincadeiras-e-inclusao-ao-parque-pedra-da-cebola\\\/#primaryimage\"},\"image\":{\"@id\":\"https:\\\/\\\/www.encontravitoria.com.br\\\/guia\\\/musin-2026-festival-leva-musica-brincadeiras-e-inclusao-ao-parque-pedra-da-cebola\\\/#primaryimage\"},\"thumbnailUrl\":\"https:\\\/\\\/www.encontravitoria.com.br\\\/guia\\\/wp-content\\\/uploads\\\/2026\\\/06\\\/musin-2026-festival-leva-musica-brincadeiras-e-inclusao-ao-parque-pedra-da-cebola.webp\",\"datePublished\":\"2026-06-25T13:20:48+00:00\",\"author\":{\"@id\":\"https:\\\/\\\/www.encontravitoria.com.br\\\/guia\\\/#\\\/schema\\\/person\\\/e5c86e2a8d5a2a0333f0c44792c74c65\"},\"inLanguage\":\"pt-BR\",\"potentialAction\":[{\"@type\":\"ReadAction\",\"target\":[\"https:\\\/\\\/www.encontravitoria.com.br\\\/guia\\\/musin-2026-festival-leva-musica-brincadeiras-e-inclusao-ao-parque-pedra-da-cebola\\\/\"]}]},{\"@type\":\"ImageObject\",\"inLanguage\":\"pt-BR\",\"@id\":\"https:\\\/\\\/www.encontravitoria.com.br\\\/guia\\\/musin-2026-festival-leva-musica-brincadeiras-e-inclusao-ao-parque-pedra-da-cebola\\\/#primaryimage\",\"url\":\"https:\\\/\\\/www.encontravitoria.com.br\\\/guia\\\/wp-content\\\/uploads\\\/2026\\\/06\\\/musin-2026-festival-leva-musica-brincadeiras-e-inclusao-ao-parque-pedra-da-cebola.webp\",\"contentUrl\":\"https:\\\/\\\/www.encontravitoria.com.br\\\/guia\\\/wp-content\\\/uploads\\\/2026\\\/06\\\/musin-2026-festival-leva-musica-brincadeiras-e-inclusao-ao-parque-pedra-da-cebola.webp\",\"width\":280,\"height\":280,\"caption\":\"Musin 2026\"},{\"@type\":\"WebSite\",\"@id\":\"https:\\\/\\\/www.encontravitoria.com.br\\\/guia\\\/#website\",\"url\":\"https:\\\/\\\/www.encontravitoria.com.br\\\/guia\\\/\",\"name\":\"Guia Comercial de Vit\u00f3ria ES\",\"description\":\"ENCONTRA VIT\u00d3RIA - O guia comercial de neg\u00f3cios e empresas, cultura e divers\u00e3o na cidade de Vit\u00f3ria. Feito 100% para voc\u00ea morador!\",\"potentialAction\":[{\"@type\":\"SearchAction\",\"target\":{\"@type\":\"EntryPoint\",\"urlTemplate\":\"https:\\\/\\\/www.encontravitoria.com.br\\\/guia\\\/?s={search_term_string}\"},\"query-input\":{\"@type\":\"PropertyValueSpecification\",\"valueRequired\":true,\"valueName\":\"search_term_string\"}}],\"inLanguage\":\"pt-BR\"},{\"@type\":\"Person\",\"@id\":\"https:\\\/\\\/www.encontravitoria.com.br\\\/guia\\\/#\\\/schema\\\/person\\\/e5c86e2a8d5a2a0333f0c44792c74c65\",\"name\":\"Encontra Vit\u00f3ria\",\"image\":{\"@type\":\"ImageObject\",\"inLanguage\":\"pt-BR\",\"@id\":\"https:\\\/\\\/secure.gravatar.com\\\/avatar\\\/c50c17820bcf322f0a8fd6b110b8c0918141409dc69076470f6fca5fee70a5d4?s=96&d=mm&r=g\",\"url\":\"https:\\\/\\\/secure.gravatar.com\\\/avatar\\\/c50c17820bcf322f0a8fd6b110b8c0918141409dc69076470f6fca5fee70a5d4?s=96&d=mm&r=g\",\"contentUrl\":\"https:\\\/\\\/secure.gravatar.com\\\/avatar\\\/c50c17820bcf322f0a8fd6b110b8c0918141409dc69076470f6fca5fee70a5d4?s=96&d=mm&r=g\",\"caption\":\"Encontra Vit\u00f3ria\"},\"url\":\"https:\\\/\\\/www.encontravitoria.com.br\\\/guia\\\/author\\\/encontravitoria\\\/\"}]}<\/script>\n<!-- \/ Yoast SEO plugin. -->","yoast_head_json":{"title":"Musin 2026: festival leva m\u00fasica, brincadeiras e inclus\u00e3o ao Parque Pedra da Cebola | Guia Comercial de Vit\u00f3ria ES","robots":{"index":"index","follow":"follow","max-snippet":"max-snippet:-1","max-image-preview":"max-image-preview:large","max-video-preview":"max-video-preview:-1"},"canonical":"https:\/\/www.encontravitoria.com.br\/guia\/musin-2026-festival-leva-musica-brincadeiras-e-inclusao-ao-parque-pedra-da-cebola\/","og_locale":"pt_BR","og_type":"article","og_title":"Musin 2026: festival leva m\u00fasica, brincadeiras e inclus\u00e3o ao Parque Pedra da Cebola | Guia Comercial de Vit\u00f3ria ES","og_description":"Musin 2026 traz m\u00fasica, brincadeiras e inclus\u00e3o ao Parque Pedra da Cebola.","og_url":"https:\/\/www.encontravitoria.com.br\/guia\/musin-2026-festival-leva-musica-brincadeiras-e-inclusao-ao-parque-pedra-da-cebola\/","og_site_name":"Guia Comercial de Vit\u00f3ria ES","article_published_time":"2026-06-25T13:20:48+00:00","og_image":[{"url":"https:\/\/www.encontravitoria.com.br\/guia\/wp-content\/uploads\/2026\/06\/musin-2026-festival-leva-musica-brincadeiras-e-inclusao-ao-parque-pedra-da-cebola.webp","type":"","width":"","height":""}],"author":"Encontra Vit\u00f3ria","twitter_card":"summary_large_image","twitter_misc":{"Escrito por":"Encontra Vit\u00f3ria","Est. tempo de leitura":"4 minutos"},"schema":{"@context":"https:\/\/schema.org","@graph":[{"@type":"Article","@id":"https:\/\/www.encontravitoria.com.br\/guia\/musin-2026-festival-leva-musica-brincadeiras-e-inclusao-ao-parque-pedra-da-cebola\/#article","isPartOf":{"@id":"https:\/\/www.encontravitoria.com.br\/guia\/musin-2026-festival-leva-musica-brincadeiras-e-inclusao-ao-parque-pedra-da-cebola\/"},"author":{"name":"Encontra Vit\u00f3ria","@id":"https:\/\/www.encontravitoria.com.br\/guia\/#\/schema\/person\/e5c86e2a8d5a2a0333f0c44792c74c65"},"headline":"Musin 2026: festival leva m\u00fasica, brincadeiras e inclus\u00e3o ao Parque Pedra da Cebola","datePublished":"2026-06-25T13:20:48+00:00","mainEntityOfPage":{"@id":"https:\/\/www.encontravitoria.com.br\/guia\/musin-2026-festival-leva-musica-brincadeiras-e-inclusao-ao-parque-pedra-da-cebola\/"},"wordCount":779,"commentCount":0,"image":{"@id":"https:\/\/www.encontravitoria.com.br\/guia\/musin-2026-festival-leva-musica-brincadeiras-e-inclusao-ao-parque-pedra-da-cebola\/#primaryimage"},"thumbnailUrl":"https:\/\/www.encontravitoria.com.br\/guia\/wp-content\/uploads\/2026\/06\/musin-2026-festival-leva-musica-brincadeiras-e-inclusao-ao-parque-pedra-da-cebola.webp","articleSection":["Shows Vit\u00f3ria"],"inLanguage":"pt-BR","potentialAction":[{"@type":"CommentAction","name":"Comment","target":["https:\/\/www.encontravitoria.com.br\/guia\/musin-2026-festival-leva-musica-brincadeiras-e-inclusao-ao-parque-pedra-da-cebola\/#respond"]}]},{"@type":"WebPage","@id":"https:\/\/www.encontravitoria.com.br\/guia\/musin-2026-festival-leva-musica-brincadeiras-e-inclusao-ao-parque-pedra-da-cebola\/","url":"https:\/\/www.encontravitoria.com.br\/guia\/musin-2026-festival-leva-musica-brincadeiras-e-inclusao-ao-parque-pedra-da-cebola\/","name":"Musin 2026: festival leva m\u00fasica, brincadeiras e inclus\u00e3o ao Parque Pedra da Cebola | Guia Comercial de Vit\u00f3ria ES","isPartOf":{"@id":"https:\/\/www.encontravitoria.com.br\/guia\/#website"},"primaryImageOfPage":{"@id":"https:\/\/www.encontravitoria.com.br\/guia\/musin-2026-festival-leva-musica-brincadeiras-e-inclusao-ao-parque-pedra-da-cebola\/#primaryimage"},"image":{"@id":"https:\/\/www.encontravitoria.com.br\/guia\/musin-2026-festival-leva-musica-brincadeiras-e-inclusao-ao-parque-pedra-da-cebola\/#primaryimage"},"thumbnailUrl":"https:\/\/www.encontravitoria.com.br\/guia\/wp-content\/uploads\/2026\/06\/musin-2026-festival-leva-musica-brincadeiras-e-inclusao-ao-parque-pedra-da-cebola.webp","datePublished":"2026-06-25T13:20:48+00:00","author":{"@id":"https:\/\/www.encontravitoria.com.br\/guia\/#\/schema\/person\/e5c86e2a8d5a2a0333f0c44792c74c65"},"inLanguage":"pt-BR","potentialAction":[{"@type":"ReadAction","target":["https:\/\/www.encontravitoria.com.br\/guia\/musin-2026-festival-leva-musica-brincadeiras-e-inclusao-ao-parque-pedra-da-cebola\/"]}]},{"@type":"ImageObject","inLanguage":"pt-BR","@id":"https:\/\/www.encontravitoria.com.br\/guia\/musin-2026-festival-leva-musica-brincadeiras-e-inclusao-ao-parque-pedra-da-cebola\/#primaryimage","url":"https:\/\/www.encontravitoria.com.br\/guia\/wp-content\/uploads\/2026\/06\/musin-2026-festival-leva-musica-brincadeiras-e-inclusao-ao-parque-pedra-da-cebola.webp","contentUrl":"https:\/\/www.encontravitoria.com.br\/guia\/wp-content\/uploads\/2026\/06\/musin-2026-festival-leva-musica-brincadeiras-e-inclusao-ao-parque-pedra-da-cebola.webp","width":280,"height":280,"caption":"Musin 2026"},{"@type":"WebSite","@id":"https:\/\/www.encontravitoria.com.br\/guia\/#website","url":"https:\/\/www.encontravitoria.com.br\/guia\/","name":"Guia Comercial de Vit\u00f3ria ES","description":"ENCONTRA VIT\u00d3RIA - O guia comercial de neg\u00f3cios e empresas, cultura e divers\u00e3o na cidade de Vit\u00f3ria. Feito 100% para voc\u00ea morador!","potentialAction":[{"@type":"SearchAction","target":{"@type":"EntryPoint","urlTemplate":"https:\/\/www.encontravitoria.com.br\/guia\/?s={search_term_string}"},"query-input":{"@type":"PropertyValueSpecification","valueRequired":true,"valueName":"search_term_string"}}],"inLanguage":"pt-BR"},{"@type":"Person","@id":"https:\/\/www.encontravitoria.com.br\/guia\/#\/schema\/person\/e5c86e2a8d5a2a0333f0c44792c74c65","name":"Encontra Vit\u00f3ria","image":{"@type":"ImageObject","inLanguage":"pt-BR","@id":"https:\/\/secure.gravatar.com\/avatar\/c50c17820bcf322f0a8fd6b110b8c0918141409dc69076470f6fca5fee70a5d4?s=96&d=mm&r=g","url":"https:\/\/secure.gravatar.com\/avatar\/c50c17820bcf322f0a8fd6b110b8c0918141409dc69076470f6fca5fee70a5d4?s=96&d=mm&r=g","contentUrl":"https:\/\/secure.gravatar.com\/avatar\/c50c17820bcf322f0a8fd6b110b8c0918141409dc69076470f6fca5fee70a5d4?s=96&d=mm&r=g","caption":"Encontra Vit\u00f3ria"},"url":"https:\/\/www.encontravitoria.com.br\/guia\/author\/encontravitoria\/"}]}},"_links":{"self":[{"href":"https:\/\/www.encontravitoria.com.br\/guia\/wp-json\/wp\/v2\/posts\/8220","targetHints":{"allow":["GET"]}}],"collection":[{"href":"https:\/\/www.encontravitoria.com.br\/guia\/wp-json\/wp\/v2\/posts"}],"about":[{"href":"https:\/\/www.encontravitoria.com.br\/guia\/wp-json\/wp\/v2\/types\/post"}],"author":[{"embeddable":true,"href":"https:\/\/www.encontravitoria.com.br\/guia\/wp-json\/wp\/v2\/users\/1"}],"replies":[{"embeddable":true,"href":"https:\/\/www.encontravitoria.com.br\/guia\/wp-json\/wp\/v2\/comments?post=8220"}],"version-history":[{"count":0,"href":"https:\/\/www.encontravitoria.com.br\/guia\/wp-json\/wp\/v2\/posts\/8220\/revisions"}],"wp:featuredmedia":[{"embeddable":true,"href":"https:\/\/www.encontravitoria.com.br\/guia\/wp-json\/wp\/v2\/media\/8219"}],"wp:attachment":[{"href":"https:\/\/www.encontravitoria.com.br\/guia\/wp-json\/wp\/v2\/media?parent=8220"}],"wp:term":[{"taxonomy":"category","embeddable":true,"href":"https:\/\/www.encontravitoria.com.br\/guia\/wp-json\/wp\/v2\/categories?post=8220"},{"taxonomy":"post_tag","embeddable":true,"href":"https:\/\/www.encontravitoria.com.br\/guia\/wp-json\/wp\/v2\/tags?post=8220"}],"curies":[{"name":"wp","href":"https:\/\/api.w.org\/{rel}","templated":true}]}}