{"id":8230,"date":"2026-06-26T12:50:38","date_gmt":"2026-06-26T15:50:38","guid":{"rendered":"https:\/\/www.encontravitoria.com.br\/guia\/vitoria-lanca-programa-de-transformacao-digital-e-anuncia-500-novos-pontos-de-wi\/"},"modified":"2026-06-26T12:50:38","modified_gmt":"2026-06-26T15:50:38","slug":"vitoria-lanca-programa-de-transformacao-digital-e-anuncia-500-novos-pontos-de-wi","status":"publish","type":"post","link":"https:\/\/www.encontravitoria.com.br\/guia\/vitoria-lanca-programa-de-transformacao-digital-e-anuncia-500-novos-pontos-de-wi\/","title":{"rendered":"Vit\u00f3ria lan\u00e7a programa de transforma\u00e7\u00e3o digital e anuncia 500 novos pontos de Wi"},"content":{"rendered":"<h2>Lan\u00e7amento do Programa Vit\u00f3ria +Digital<\/h2>\n<p>No dia 25 de junho de 2026, a prefeita de Vit\u00f3ria, Cris Samorini, anunciou o <strong>Programa Vit\u00f3ria +Digital<\/strong>, uma iniciativa voltada para a moderniza\u00e7\u00e3o dos servi\u00e7os p\u00fablicos e a amplia\u00e7\u00e3o do acesso \u00e0 internet na cidade. Como parte central dessa iniciativa, ser\u00e3o instalados <strong>500 novos pontos de Wi-Fi gratuito<\/strong> em v\u00e1rias regi\u00f5es da capital, com a previs\u00e3o de que 100 desses pontos estejam dispon\u00edveis ainda neste ano.<\/p>\n<h2>Objetivos do Programa de Conectividade<\/h2>\n<p>O principal objetivo do programa \u00e9 fomentar a <strong>inclus\u00e3o digital<\/strong>, proporcionando acesso \u00e0 internet e aos servi\u00e7os p\u00fablicos digitais de forma mais pr\u00e1tica e acess\u00edvel. Al\u00e9m disso, pretende-se facilitar a intera\u00e7\u00e3o dos cidad\u00e3os com as ferramentas oferecidas pela administra\u00e7\u00e3o p\u00fablica, reduzindo desigualdades sociais.<\/p>\n<h2>Acessibilidade e Inclus\u00e3o Digital em Vit\u00f3ria<\/h2>\n<p>A rede gratuita de Wi-Fi, denominada <strong>Vit\u00f3ria Online<\/strong>, j\u00e1 contava com uma m\u00e9dia de <strong>20.000 usu\u00e1rios conectados diariamente<\/strong>, totalizando cerca de 150.000 pessoas diferentes ao longo do m\u00eas. Essa expans\u00e3o favorece especialmente as \u00e1reas menos favorecidas, proporcionando a todos os cidad\u00e3os um acesso facilitado \u00e0s tecnologias digitais. Esse novo projeto \u00e9 uma extens\u00e3o do compromisso da prefeitura com a democratiza\u00e7\u00e3o da informa\u00e7\u00e3o e o uso de tecnologia na vida cotidiana.<\/p>\n<p><img decoding=\"async\" src=\"https:\/\/www.encontravitoria.com.br\/guia\/wp-content\/uploads\/2026\/06\/vitoria-lanca-programa-de-transformacao-digital-e-anuncia-500-novos-pontos-de-wi.webp\" alt=\"Vit\u00f3ria +Digital\" loading=\"lazy\" \/><\/p>\n<h2>Expans\u00e3o da Rede de Fibra \u00d3ptica<\/h2>\n<p>Uma das a\u00e7\u00f5es complementares \u00e0 implanta\u00e7\u00e3o do Wi-Fi gratuito \u00e9 a amplia\u00e7\u00e3o da rede de <strong>fibra \u00f3tica<\/strong>, que inclui a instala\u00e7\u00e3o de mais <strong>150 km de rede<\/strong>. Essa infraestrutura ser\u00e1 estrat\u00e9gica, abrangendo locais como orlas, centros comerciais e espa\u00e7os de lazer, garantindo que o acesso \u00e0 internet seja amplo e de qualidade.<\/p>\n<h2>Impacto nas Comunidades e Neg\u00f3cios Locais<\/h2>\n<p>Com a implementa\u00e7\u00e3o do Vit\u00f3ria +Digital, espera-se que n\u00e3o apenas os cidad\u00e3os se beneficiem, mas tamb\u00e9m que as <strong>empresas locais<\/strong> tenham um impulso significativo. O acesso \u00e0 internet ter\u00e1 um papel crucial na moderniza\u00e7\u00e3o de diversos servi\u00e7os, permitindo que pequenos e m\u00e9dios empreendedores ofere\u00e7am servi\u00e7os digitais e melhorem sua visibilidade no mercado.<\/p>\n<h2>Benef\u00edcios do Wi-Fi Gratuito para a Popula\u00e7\u00e3o<\/h2>\n<p>Os benef\u00edcios deste programa de Wi-Fi gratuito s\u00e3o diversos e abrangem diferentes \u00e1reas:<\/p>\n<ul>\n<li><strong>Acesso \u00e0 informa\u00e7\u00e3o:<\/strong> Facilita a busca por informa\u00e7\u00f5es e recursos online.<\/li>\n<li><strong>Educa\u00e7\u00e3o:<\/strong> Aumenta a possibilidade de acesso a conte\u00fados educacionais e de capacita\u00e7\u00e3o.<\/li>\n<li><strong>Sa\u00fade:<\/strong> Permite acesso a telemedicina e servi\u00e7os de sa\u00fade digital.<\/li>\n<li><strong>Inclus\u00e3o social:<\/strong> Proporciona igualdade no acesso \u00e0 tecnologia.<\/li>\n<\/ul>\n<h2>Integra\u00e7\u00e3o com Servi\u00e7os P\u00fablicos Digitais<\/h2>\n<p>Outro aspecto importante do Programa Vit\u00f3ria +Digital \u00e9 a integra\u00e7\u00e3o com os <strong>servi\u00e7os p\u00fablicos digitais<\/strong>. A prefeitura planeja simplificar processos administrativos, fazendo com que as intera\u00e7\u00f5es com a administra\u00e7\u00e3o municipal tornem-se mais pr\u00e1ticas e r\u00e1pidas. Isso ser\u00e1 essencial para promover a transpar\u00eancia e a efic\u00e1cia nos atendimentos aos cidad\u00e3os.<\/p>\n<h2>Planejamento de Interse\u00e7\u00f5es em Tempo Real<\/h2>\n<p>Uma das inova\u00e7\u00f5es trazidas pelo programa \u00e9 a <strong>centraliza\u00e7\u00e3o da gest\u00e3o semaf\u00f3rica<\/strong>. Com a nova ferramenta, Vit\u00f3ria ter\u00e1 <strong>137 interse\u00e7\u00f5es<\/strong> monitoradas em tempo real, o que representa cerca de 52% de todos os sem\u00e1foros da cidade. Essa melhoria visa otimizar o tr\u00e1fego, aumentar a seguran\u00e7a no tr\u00e2nsito e oferecer respostas r\u00e1pidas a situa\u00e7\u00f5es emergenciais.<\/p>\n<h2>Desenvolvimento do Ecossistema Tecnol\u00f3gico<\/h2>\n<p>O programa \u00e9 estruturado em cinco eixos principais, que incluem:<\/p>\n<ul>\n<li><strong>Processos e Governan\u00e7a;<\/strong><\/li>\n<li><strong>Servi\u00e7os P\u00fablicos Inteligentes;<\/strong><\/li>\n<li><strong>Infraestrutura e Ativos Digitais;<\/strong><\/li>\n<li><strong>Inclus\u00e3o e Letramento Digital;<\/strong><\/li>\n<li><strong>Inova\u00e7\u00e3o e Desenvolvimento do Ecossistema Tecnol\u00f3gico.<\/strong><\/li>\n<\/ul>\n<p>Esses eixos t\u00eam como finalidade n\u00e3o apenas a amplia\u00e7\u00e3o do acesso \u00e0 internet, mas tamb\u00e9m o fortalecimento da infraestrutura tecnol\u00f3gica da cidade, promovendo um ambiente favor\u00e1vel \u00e0 produ\u00e7\u00e3o e ao consumo de servi\u00e7os digitais.<\/p>\n<h2>Compromisso com a Inova\u00e7\u00e3o e Seguran\u00e7a<\/h2>\n<p>Segundo o secret\u00e1rio municipal da Fazenda, Regis Mattos, a iniciativa tamb\u00e9m visa estabelecer Vit\u00f3ria como a cidade mais digital do Brasil. O compromisso da prefeitura com a inova\u00e7\u00e3o e a transforma\u00e7\u00e3o digital se reflete na inten\u00e7\u00e3o de atrair empresas que desenvolvam solu\u00e7\u00f5es tecnol\u00f3gicas, al\u00e9m de garantir a continuidade do acesso igualit\u00e1rio \u00e0 informa\u00e7\u00e3o e servi\u00e7os. A execu\u00e7\u00e3o desse projeto representa um passo importante para a constru\u00e7\u00e3o de uma cidade mais conectada, inclusiva e preparada para enfrentar os desafios do futuro.<\/p>\n<p>A proposta do <strong>Vit\u00f3ria +Digital<\/strong> \u00e9 um exemplo claro de como os investimentos em tecnologia e conectividade podem impactar positivamente a vida dos cidad\u00e3os, preparando a cidade para um amanh\u00e3 mais inclusivo e tecnologicamente avan\u00e7ado.<\/p>\n<p>O programa se alinha \u00e0s diretrizes de desenvolvimento sustent\u00e1vel e \u00e0 promo\u00e7\u00e3o de qualidade de vida, destacando a import\u00e2ncia de integrar a tecnologia ao cotidiano da popula\u00e7\u00e3o.<\/p>\n","protected":false},"excerpt":{"rendered":"<p>Vit\u00f3ria +Digital transforma a internet na cidade com 500 novos pontos de Wi-Fi gratuito.<\/p>\n","protected":false},"author":1,"featured_media":8229,"comment_status":"open","ping_status":"open","sticky":false,"template":"","format":"standard","meta":{"footnotes":""},"categories":[5],"tags":[],"class_list":["post-8230","post","type-post","status-publish","format-standard","has-post-thumbnail","hentry","category-noticias","has_thumb"],"yoast_head":"<!-- This site is optimized with the Yoast SEO plugin v27.9 - https:\/\/yoast.com\/product\/yoast-seo-wordpress\/ -->\n<title>Vit\u00f3ria lan\u00e7a programa de transforma\u00e7\u00e3o digital e anuncia 500 novos pontos de Wi | Guia Comercial de Vit\u00f3ria ES<\/title>\n<meta name=\"robots\" content=\"index, follow, max-snippet:-1, max-image-preview:large, max-video-preview:-1\" \/>\n<link rel=\"canonical\" href=\"https:\/\/www.encontravitoria.com.br\/guia\/vitoria-lanca-programa-de-transformacao-digital-e-anuncia-500-novos-pontos-de-wi\/\" \/>\n<meta property=\"og:locale\" content=\"pt_BR\" \/>\n<meta property=\"og:type\" content=\"article\" \/>\n<meta property=\"og:title\" content=\"Vit\u00f3ria lan\u00e7a programa de transforma\u00e7\u00e3o digital e anuncia 500 novos pontos de Wi | Guia Comercial de Vit\u00f3ria ES\" \/>\n<meta property=\"og:description\" content=\"Vit\u00f3ria +Digital transforma a internet na cidade com 500 novos pontos de Wi-Fi gratuito.\" \/>\n<meta property=\"og:url\" content=\"https:\/\/www.encontravitoria.com.br\/guia\/vitoria-lanca-programa-de-transformacao-digital-e-anuncia-500-novos-pontos-de-wi\/\" \/>\n<meta property=\"og:site_name\" content=\"Guia Comercial de Vit\u00f3ria ES\" \/>\n<meta property=\"article:published_time\" content=\"2026-06-26T15:50:38+00:00\" \/>\n<meta property=\"og:image\" content=\"https:\/\/www.encontravitoria.com.br\/guia\/wp-content\/uploads\/2026\/06\/vitoria-lanca-programa-de-transformacao-digital-e-anuncia-500-novos-pontos-de-wi.webp\" \/>\n<meta name=\"author\" content=\"Encontra Vit\u00f3ria\" \/>\n<meta name=\"twitter:card\" content=\"summary_large_image\" \/>\n<meta name=\"twitter:label1\" content=\"Escrito por\" \/>\n\t<meta name=\"twitter:data1\" content=\"Encontra Vit\u00f3ria\" \/>\n\t<meta name=\"twitter:label2\" content=\"Est. tempo de leitura\" \/>\n\t<meta name=\"twitter:data2\" content=\"4 minutos\" \/>\n<script type=\"application\/ld+json\" class=\"yoast-schema-graph\">{\"@context\":\"https:\\\/\\\/schema.org\",\"@graph\":[{\"@type\":\"Article\",\"@id\":\"https:\\\/\\\/www.encontravitoria.com.br\\\/guia\\\/vitoria-lanca-programa-de-transformacao-digital-e-anuncia-500-novos-pontos-de-wi\\\/#article\",\"isPartOf\":{\"@id\":\"https:\\\/\\\/www.encontravitoria.com.br\\\/guia\\\/vitoria-lanca-programa-de-transformacao-digital-e-anuncia-500-novos-pontos-de-wi\\\/\"},\"author\":{\"name\":\"Encontra Vit\u00f3ria\",\"@id\":\"https:\\\/\\\/www.encontravitoria.com.br\\\/guia\\\/#\\\/schema\\\/person\\\/e5c86e2a8d5a2a0333f0c44792c74c65\"},\"headline\":\"Vit\u00f3ria lan\u00e7a programa de transforma\u00e7\u00e3o digital e anuncia 500 novos pontos de Wi\",\"datePublished\":\"2026-06-26T15:50:38+00:00\",\"mainEntityOfPage\":{\"@id\":\"https:\\\/\\\/www.encontravitoria.com.br\\\/guia\\\/vitoria-lanca-programa-de-transformacao-digital-e-anuncia-500-novos-pontos-de-wi\\\/\"},\"wordCount\":821,\"commentCount\":0,\"image\":{\"@id\":\"https:\\\/\\\/www.encontravitoria.com.br\\\/guia\\\/vitoria-lanca-programa-de-transformacao-digital-e-anuncia-500-novos-pontos-de-wi\\\/#primaryimage\"},\"thumbnailUrl\":\"https:\\\/\\\/www.encontravitoria.com.br\\\/guia\\\/wp-content\\\/uploads\\\/2026\\\/06\\\/vitoria-lanca-programa-de-transformacao-digital-e-anuncia-500-novos-pontos-de-wi.webp\",\"articleSection\":[\"Not\u00edcias Vit\u00f3ria\"],\"inLanguage\":\"pt-BR\",\"potentialAction\":[{\"@type\":\"CommentAction\",\"name\":\"Comment\",\"target\":[\"https:\\\/\\\/www.encontravitoria.com.br\\\/guia\\\/vitoria-lanca-programa-de-transformacao-digital-e-anuncia-500-novos-pontos-de-wi\\\/#respond\"]}]},{\"@type\":\"WebPage\",\"@id\":\"https:\\\/\\\/www.encontravitoria.com.br\\\/guia\\\/vitoria-lanca-programa-de-transformacao-digital-e-anuncia-500-novos-pontos-de-wi\\\/\",\"url\":\"https:\\\/\\\/www.encontravitoria.com.br\\\/guia\\\/vitoria-lanca-programa-de-transformacao-digital-e-anuncia-500-novos-pontos-de-wi\\\/\",\"name\":\"Vit\u00f3ria lan\u00e7a programa de transforma\u00e7\u00e3o digital e anuncia 500 novos pontos de Wi | Guia Comercial de Vit\u00f3ria ES\",\"isPartOf\":{\"@id\":\"https:\\\/\\\/www.encontravitoria.com.br\\\/guia\\\/#website\"},\"primaryImageOfPage\":{\"@id\":\"https:\\\/\\\/www.encontravitoria.com.br\\\/guia\\\/vitoria-lanca-programa-de-transformacao-digital-e-anuncia-500-novos-pontos-de-wi\\\/#primaryimage\"},\"image\":{\"@id\":\"https:\\\/\\\/www.encontravitoria.com.br\\\/guia\\\/vitoria-lanca-programa-de-transformacao-digital-e-anuncia-500-novos-pontos-de-wi\\\/#primaryimage\"},\"thumbnailUrl\":\"https:\\\/\\\/www.encontravitoria.com.br\\\/guia\\\/wp-content\\\/uploads\\\/2026\\\/06\\\/vitoria-lanca-programa-de-transformacao-digital-e-anuncia-500-novos-pontos-de-wi.webp\",\"datePublished\":\"2026-06-26T15:50:38+00:00\",\"author\":{\"@id\":\"https:\\\/\\\/www.encontravitoria.com.br\\\/guia\\\/#\\\/schema\\\/person\\\/e5c86e2a8d5a2a0333f0c44792c74c65\"},\"inLanguage\":\"pt-BR\",\"potentialAction\":[{\"@type\":\"ReadAction\",\"target\":[\"https:\\\/\\\/www.encontravitoria.com.br\\\/guia\\\/vitoria-lanca-programa-de-transformacao-digital-e-anuncia-500-novos-pontos-de-wi\\\/\"]}]},{\"@type\":\"ImageObject\",\"inLanguage\":\"pt-BR\",\"@id\":\"https:\\\/\\\/www.encontravitoria.com.br\\\/guia\\\/vitoria-lanca-programa-de-transformacao-digital-e-anuncia-500-novos-pontos-de-wi\\\/#primaryimage\",\"url\":\"https:\\\/\\\/www.encontravitoria.com.br\\\/guia\\\/wp-content\\\/uploads\\\/2026\\\/06\\\/vitoria-lanca-programa-de-transformacao-digital-e-anuncia-500-novos-pontos-de-wi.webp\",\"contentUrl\":\"https:\\\/\\\/www.encontravitoria.com.br\\\/guia\\\/wp-content\\\/uploads\\\/2026\\\/06\\\/vitoria-lanca-programa-de-transformacao-digital-e-anuncia-500-novos-pontos-de-wi.webp\",\"width\":280,\"height\":280,\"caption\":\"Vit\u00f3ria +Digital\"},{\"@type\":\"WebSite\",\"@id\":\"https:\\\/\\\/www.encontravitoria.com.br\\\/guia\\\/#website\",\"url\":\"https:\\\/\\\/www.encontravitoria.com.br\\\/guia\\\/\",\"name\":\"Guia Comercial de Vit\u00f3ria ES\",\"description\":\"ENCONTRA VIT\u00d3RIA - O guia comercial de neg\u00f3cios e empresas, cultura e divers\u00e3o na cidade de Vit\u00f3ria. Feito 100% para voc\u00ea morador!\",\"potentialAction\":[{\"@type\":\"SearchAction\",\"target\":{\"@type\":\"EntryPoint\",\"urlTemplate\":\"https:\\\/\\\/www.encontravitoria.com.br\\\/guia\\\/?s={search_term_string}\"},\"query-input\":{\"@type\":\"PropertyValueSpecification\",\"valueRequired\":true,\"valueName\":\"search_term_string\"}}],\"inLanguage\":\"pt-BR\"},{\"@type\":\"Person\",\"@id\":\"https:\\\/\\\/www.encontravitoria.com.br\\\/guia\\\/#\\\/schema\\\/person\\\/e5c86e2a8d5a2a0333f0c44792c74c65\",\"name\":\"Encontra Vit\u00f3ria\",\"image\":{\"@type\":\"ImageObject\",\"inLanguage\":\"pt-BR\",\"@id\":\"https:\\\/\\\/secure.gravatar.com\\\/avatar\\\/c50c17820bcf322f0a8fd6b110b8c0918141409dc69076470f6fca5fee70a5d4?s=96&d=mm&r=g\",\"url\":\"https:\\\/\\\/secure.gravatar.com\\\/avatar\\\/c50c17820bcf322f0a8fd6b110b8c0918141409dc69076470f6fca5fee70a5d4?s=96&d=mm&r=g\",\"contentUrl\":\"https:\\\/\\\/secure.gravatar.com\\\/avatar\\\/c50c17820bcf322f0a8fd6b110b8c0918141409dc69076470f6fca5fee70a5d4?s=96&d=mm&r=g\",\"caption\":\"Encontra Vit\u00f3ria\"},\"url\":\"https:\\\/\\\/www.encontravitoria.com.br\\\/guia\\\/author\\\/encontravitoria\\\/\"}]}<\/script>\n<!-- \/ Yoast SEO plugin. -->","yoast_head_json":{"title":"Vit\u00f3ria lan\u00e7a programa de transforma\u00e7\u00e3o digital e anuncia 500 novos pontos de Wi | Guia Comercial de Vit\u00f3ria ES","robots":{"index":"index","follow":"follow","max-snippet":"max-snippet:-1","max-image-preview":"max-image-preview:large","max-video-preview":"max-video-preview:-1"},"canonical":"https:\/\/www.encontravitoria.com.br\/guia\/vitoria-lanca-programa-de-transformacao-digital-e-anuncia-500-novos-pontos-de-wi\/","og_locale":"pt_BR","og_type":"article","og_title":"Vit\u00f3ria lan\u00e7a programa de transforma\u00e7\u00e3o digital e anuncia 500 novos pontos de Wi | Guia Comercial de Vit\u00f3ria ES","og_description":"Vit\u00f3ria +Digital transforma a internet na cidade com 500 novos pontos de Wi-Fi gratuito.","og_url":"https:\/\/www.encontravitoria.com.br\/guia\/vitoria-lanca-programa-de-transformacao-digital-e-anuncia-500-novos-pontos-de-wi\/","og_site_name":"Guia Comercial de Vit\u00f3ria ES","article_published_time":"2026-06-26T15:50:38+00:00","og_image":[{"url":"https:\/\/www.encontravitoria.com.br\/guia\/wp-content\/uploads\/2026\/06\/vitoria-lanca-programa-de-transformacao-digital-e-anuncia-500-novos-pontos-de-wi.webp","type":"","width":"","height":""}],"author":"Encontra Vit\u00f3ria","twitter_card":"summary_large_image","twitter_misc":{"Escrito por":"Encontra Vit\u00f3ria","Est. tempo de leitura":"4 minutos"},"schema":{"@context":"https:\/\/schema.org","@graph":[{"@type":"Article","@id":"https:\/\/www.encontravitoria.com.br\/guia\/vitoria-lanca-programa-de-transformacao-digital-e-anuncia-500-novos-pontos-de-wi\/#article","isPartOf":{"@id":"https:\/\/www.encontravitoria.com.br\/guia\/vitoria-lanca-programa-de-transformacao-digital-e-anuncia-500-novos-pontos-de-wi\/"},"author":{"name":"Encontra Vit\u00f3ria","@id":"https:\/\/www.encontravitoria.com.br\/guia\/#\/schema\/person\/e5c86e2a8d5a2a0333f0c44792c74c65"},"headline":"Vit\u00f3ria lan\u00e7a programa de transforma\u00e7\u00e3o digital e anuncia 500 novos pontos de Wi","datePublished":"2026-06-26T15:50:38+00:00","mainEntityOfPage":{"@id":"https:\/\/www.encontravitoria.com.br\/guia\/vitoria-lanca-programa-de-transformacao-digital-e-anuncia-500-novos-pontos-de-wi\/"},"wordCount":821,"commentCount":0,"image":{"@id":"https:\/\/www.encontravitoria.com.br\/guia\/vitoria-lanca-programa-de-transformacao-digital-e-anuncia-500-novos-pontos-de-wi\/#primaryimage"},"thumbnailUrl":"https:\/\/www.encontravitoria.com.br\/guia\/wp-content\/uploads\/2026\/06\/vitoria-lanca-programa-de-transformacao-digital-e-anuncia-500-novos-pontos-de-wi.webp","articleSection":["Not\u00edcias Vit\u00f3ria"],"inLanguage":"pt-BR","potentialAction":[{"@type":"CommentAction","name":"Comment","target":["https:\/\/www.encontravitoria.com.br\/guia\/vitoria-lanca-programa-de-transformacao-digital-e-anuncia-500-novos-pontos-de-wi\/#respond"]}]},{"@type":"WebPage","@id":"https:\/\/www.encontravitoria.com.br\/guia\/vitoria-lanca-programa-de-transformacao-digital-e-anuncia-500-novos-pontos-de-wi\/","url":"https:\/\/www.encontravitoria.com.br\/guia\/vitoria-lanca-programa-de-transformacao-digital-e-anuncia-500-novos-pontos-de-wi\/","name":"Vit\u00f3ria lan\u00e7a programa de transforma\u00e7\u00e3o digital e anuncia 500 novos pontos de Wi | Guia Comercial de Vit\u00f3ria ES","isPartOf":{"@id":"https:\/\/www.encontravitoria.com.br\/guia\/#website"},"primaryImageOfPage":{"@id":"https:\/\/www.encontravitoria.com.br\/guia\/vitoria-lanca-programa-de-transformacao-digital-e-anuncia-500-novos-pontos-de-wi\/#primaryimage"},"image":{"@id":"https:\/\/www.encontravitoria.com.br\/guia\/vitoria-lanca-programa-de-transformacao-digital-e-anuncia-500-novos-pontos-de-wi\/#primaryimage"},"thumbnailUrl":"https:\/\/www.encontravitoria.com.br\/guia\/wp-content\/uploads\/2026\/06\/vitoria-lanca-programa-de-transformacao-digital-e-anuncia-500-novos-pontos-de-wi.webp","datePublished":"2026-06-26T15:50:38+00:00","author":{"@id":"https:\/\/www.encontravitoria.com.br\/guia\/#\/schema\/person\/e5c86e2a8d5a2a0333f0c44792c74c65"},"inLanguage":"pt-BR","potentialAction":[{"@type":"ReadAction","target":["https:\/\/www.encontravitoria.com.br\/guia\/vitoria-lanca-programa-de-transformacao-digital-e-anuncia-500-novos-pontos-de-wi\/"]}]},{"@type":"ImageObject","inLanguage":"pt-BR","@id":"https:\/\/www.encontravitoria.com.br\/guia\/vitoria-lanca-programa-de-transformacao-digital-e-anuncia-500-novos-pontos-de-wi\/#primaryimage","url":"https:\/\/www.encontravitoria.com.br\/guia\/wp-content\/uploads\/2026\/06\/vitoria-lanca-programa-de-transformacao-digital-e-anuncia-500-novos-pontos-de-wi.webp","contentUrl":"https:\/\/www.encontravitoria.com.br\/guia\/wp-content\/uploads\/2026\/06\/vitoria-lanca-programa-de-transformacao-digital-e-anuncia-500-novos-pontos-de-wi.webp","width":280,"height":280,"caption":"Vit\u00f3ria +Digital"},{"@type":"WebSite","@id":"https:\/\/www.encontravitoria.com.br\/guia\/#website","url":"https:\/\/www.encontravitoria.com.br\/guia\/","name":"Guia Comercial de Vit\u00f3ria ES","description":"ENCONTRA VIT\u00d3RIA - O guia comercial de neg\u00f3cios e empresas, cultura e divers\u00e3o na cidade de Vit\u00f3ria. Feito 100% para voc\u00ea morador!","potentialAction":[{"@type":"SearchAction","target":{"@type":"EntryPoint","urlTemplate":"https:\/\/www.encontravitoria.com.br\/guia\/?s={search_term_string}"},"query-input":{"@type":"PropertyValueSpecification","valueRequired":true,"valueName":"search_term_string"}}],"inLanguage":"pt-BR"},{"@type":"Person","@id":"https:\/\/www.encontravitoria.com.br\/guia\/#\/schema\/person\/e5c86e2a8d5a2a0333f0c44792c74c65","name":"Encontra Vit\u00f3ria","image":{"@type":"ImageObject","inLanguage":"pt-BR","@id":"https:\/\/secure.gravatar.com\/avatar\/c50c17820bcf322f0a8fd6b110b8c0918141409dc69076470f6fca5fee70a5d4?s=96&d=mm&r=g","url":"https:\/\/secure.gravatar.com\/avatar\/c50c17820bcf322f0a8fd6b110b8c0918141409dc69076470f6fca5fee70a5d4?s=96&d=mm&r=g","contentUrl":"https:\/\/secure.gravatar.com\/avatar\/c50c17820bcf322f0a8fd6b110b8c0918141409dc69076470f6fca5fee70a5d4?s=96&d=mm&r=g","caption":"Encontra Vit\u00f3ria"},"url":"https:\/\/www.encontravitoria.com.br\/guia\/author\/encontravitoria\/"}]}},"_links":{"self":[{"href":"https:\/\/www.encontravitoria.com.br\/guia\/wp-json\/wp\/v2\/posts\/8230","targetHints":{"allow":["GET"]}}],"collection":[{"href":"https:\/\/www.encontravitoria.com.br\/guia\/wp-json\/wp\/v2\/posts"}],"about":[{"href":"https:\/\/www.encontravitoria.com.br\/guia\/wp-json\/wp\/v2\/types\/post"}],"author":[{"embeddable":true,"href":"https:\/\/www.encontravitoria.com.br\/guia\/wp-json\/wp\/v2\/users\/1"}],"replies":[{"embeddable":true,"href":"https:\/\/www.encontravitoria.com.br\/guia\/wp-json\/wp\/v2\/comments?post=8230"}],"version-history":[{"count":0,"href":"https:\/\/www.encontravitoria.com.br\/guia\/wp-json\/wp\/v2\/posts\/8230\/revisions"}],"wp:featuredmedia":[{"embeddable":true,"href":"https:\/\/www.encontravitoria.com.br\/guia\/wp-json\/wp\/v2\/media\/8229"}],"wp:attachment":[{"href":"https:\/\/www.encontravitoria.com.br\/guia\/wp-json\/wp\/v2\/media?parent=8230"}],"wp:term":[{"taxonomy":"category","embeddable":true,"href":"https:\/\/www.encontravitoria.com.br\/guia\/wp-json\/wp\/v2\/categories?post=8230"},{"taxonomy":"post_tag","embeddable":true,"href":"https:\/\/www.encontravitoria.com.br\/guia\/wp-json\/wp\/v2\/tags?post=8230"}],"curies":[{"name":"wp","href":"https:\/\/api.w.org\/{rel}","templated":true}]}}