{"id":8257,"date":"2026-07-01T21:13:57","date_gmt":"2026-07-02T00:13:57","guid":{"rendered":"https:\/\/www.encontravitoria.com.br\/guia\/prefeitura-de-vitoria-adia-provas-de-concurso-publico-para-o-dia-12-de-julho\/"},"modified":"2026-07-01T21:13:57","modified_gmt":"2026-07-02T00:13:57","slug":"prefeitura-de-vitoria-adia-provas-de-concurso-publico-para-o-dia-12-de-julho","status":"publish","type":"post","link":"https:\/\/www.encontravitoria.com.br\/guia\/prefeitura-de-vitoria-adia-provas-de-concurso-publico-para-o-dia-12-de-julho\/","title":{"rendered":"Prefeitura de Vit\u00f3ria adia provas de concurso p\u00fablico para o dia 12 de julho"},"content":{"rendered":"<h2>Motivos do adiamento das provas<\/h2>\n<p>A Prefeitura de Vit\u00f3ria decidiu postergar as provas do concurso p\u00fablico, que estavam agendadas para o dia 5 de julho de 2026, para o dia 12 de julho de 2026. Essa decis\u00e3o foi motivada pela realiza\u00e7\u00e3o do jogo da Sele\u00e7\u00e3o Brasileira de Futebol, que ocorrer\u00e1 nas oitavas de final da Copa do Mundo. O evento esportivo est\u00e1 previsto para o mesmo dia e hor\u00e1rio das provas, o que poderia causar transtornos, como o aumento no fluxo de pessoas e dificuldades de locomo\u00e7\u00e3o na cidade.<\/p>\n<h2>Impacto da Copa do Mundo na log\u00edstica do concurso<\/h2>\n<p>Os organizadores do concurso levaram em conta diversos fatores que poderiam impactar a log\u00edstica das provas. A presen\u00e7a de um grande n\u00famero de torcedores nas ruas e a possibilidade de interrup\u00e7\u00f5es no tr\u00e2nsito s\u00e3o alguns exemplos das raz\u00f5es pelas quais a Prefeitura optou pelo adiamento. Essa medida visa garantir condi\u00e7\u00f5es adequadas para a realiza\u00e7\u00e3o do certame, respeitando a necessidade de tranquilidade e concentra\u00e7\u00e3o necess\u00e1ria aos candidatos.<\/p>\n<h2>Como ser\u00e1 a nova data das provas<\/h2>\n<p>As provas do concurso p\u00fablico foram remarcadas para o dia 12 de julho de 2026. A administra\u00e7\u00e3o municipal ressaltou que essa nova data foi escolhida para evitar colis\u00f5es com eventos de grande porte que possam afetar o desempenho dos candidatos. Informa\u00e7\u00f5es detalhadas sobre o local e hor\u00e1rios das provas ser\u00e3o disponibilizadas posteriormente, garantindo que todos possam se programar adequadamente.<\/p>\n<h2>Vagas dispon\u00edveis no concurso p\u00fablico<\/h2>\n<p>O concurso p\u00fablico da Prefeitura de Vit\u00f3ria ser\u00e1 realizado para diversos cargos, incluindo a fun\u00e7\u00e3o de Analista em Gest\u00e3o P\u00fablica e cargos na \u00e1rea de Engenharia. As vagas dispon\u00edveis visam o provimento de cargos efetivos na administra\u00e7\u00e3o municipal e tamb\u00e9m a forma\u00e7\u00e3o de um cadastro de reserva para futuras contrata\u00e7\u00f5es. O edital do concurso oferece detalhes sobre os requisitos e atribui\u00e7\u00f5es de cada cargo, assegurando que os candidatos estejam bem informados.<\/p>\n<h2>Orienta\u00e7\u00f5es aos candidatos sobre o novo cronograma<\/h2>\n<p>Ap\u00f3s o adiamento, os candidatos devem se atentar \u00e0s seguintes orienta\u00e7\u00f5es:<\/p>\n<ul>\n<li>Manter a calma e a organiza\u00e7\u00e3o nos estudos para a nova data das provas.<\/li>\n<li>Acessar frequentemente o site oficial do concurso para atualiza\u00e7\u00f5es sobre hor\u00e1rios e locais de prova.<\/li>\n<li>Imprimir o Cart\u00e3o de Confirma\u00e7\u00e3o de Inscri\u00e7\u00e3o (CCI) assim que as informa\u00e7\u00f5es estiverem dispon\u00edveis.<\/li>\n<\/ul>\n<h2>Import\u00e2ncia de manter a isonomia entre candidatos<\/h2>\n<p>A Prefeitura de Vit\u00f3ria defende que a isonomia entre candidatos \u00e9 um princ\u00edpio fundamental para a realiza\u00e7\u00e3o de concursos p\u00fablicos. Ao adiar as provas, a administra\u00e7\u00e3o municipal busca garantir que nenhuma dificuldade ou evento externo interfira na igualdade de condi\u00e7\u00f5es para todos os concorrentes. Essa abordagem valoriza n\u00e3o apenas a integridade do certame, mas tamb\u00e9m o compromisso da administra\u00e7\u00e3o com a justi\u00e7a e a transpar\u00eancia.<\/p>\n<h2>Regras e procedimentos para o dia da prova<\/h2>\n<p>Com a nova data marcada, os candidatos devem prestar aten\u00e7\u00e3o \u00e0s regras estabelecidas para o dia do exame. Essas incluem:<\/p>\n<ul>\n<li>Chegar ao local da prova com pelo menos 30 minutos de anteced\u00eancia para evitar imprevistos.<\/li>\n<li>Apresentar um documento de identidade com foto e o Cart\u00e3o de Confirma\u00e7\u00e3o de Inscri\u00e7\u00e3o.<\/li>\n<li>Seguir as orienta\u00e7\u00f5es dos fiscais que estar\u00e3o presentes, mantendo a ordem e o respeito durante todo o processo.<\/li>\n<\/ul>\n<h2>Como acessar o edital do concurso<\/h2>\n<p>Os interessados devem acessar o edital do concurso pelo site oficial da Prefeitura de Vit\u00f3ria. O edital cont\u00e9m todas as informa\u00e7\u00f5es necess\u00e1rias sobre o concurso, incluindo conte\u00fados program\u00e1ticos, crit\u00e9rios de habilita\u00e7\u00e3o, e outras diretrizes que subsidiam a prepara\u00e7\u00e3o dos candidatos. Manter-se atualizado sobre as informa\u00e7\u00f5es dispon\u00edveis no edital \u00e9 fundamental para uma boa prepara\u00e7\u00e3o.<\/p>\n<h2>Prepara\u00e7\u00e3o para as provas do concurso<\/h2>\n<p>Com a nova data em mente, os candidatos devem revisar seus estudos e dedicar tempo suficiente para se preparar adequadamente. Algumas dicas \u00fateis incluem:<\/p>\n<ul>\n<li>Elaborar um cronograma de estudos que abranja todas as disciplinas.<\/li>\n<li>Utilizar materiais e recursos extras, como videoaulas e simulados, para aprimorar o aprendizado.<\/li>\n<li>Participar de grupos de estudo para troca de conhecimentos e esclarecimento de d\u00favidas.<\/li>\n<\/ul>\n<h2>D\u00favidas frequentes sobre o adiamento<\/h2>\n<p>Ap\u00f3s a decis\u00e3o de adiamento, surgiram v\u00e1rias d\u00favidas entre os candidatos. Algumas das perguntas mais comuns incluem:<\/p>\n<ul>\n<li><strong>As provas ser\u00e3o id\u00eanticas \u00e0quelas agendadas anteriormente?<\/strong> Sim, o conte\u00fado e a estrutura das provas permanecer\u00e3o os mesmos.<\/li>\n<li><strong>O que fazer se n\u00e3o puder comparecer na nova data?<\/strong> Caso n\u00e3o possa comparecer, \u00e9 necess\u00e1rio entrar em contato com a organizadora do concurso imediatamente para orienta\u00e7\u00f5es sobre o processo de justificativa.<\/li>\n<li><strong>Como acompanhar as atualiza\u00e7\u00f5es sobre o concurso?<\/strong> Acompanhe o portal da Prefeitura e as redes sociais para informa\u00e7\u00f5es em tempo real.<\/li>\n<\/ul>\n","protected":false},"excerpt":{"rendered":"<p>Prefeitura de Vit\u00f3ria adiou provas de concurso p\u00fablico para garantir melhores condi\u00e7\u00f5es aos candidatos.<\/p>\n","protected":false},"author":1,"featured_media":0,"comment_status":"open","ping_status":"open","sticky":false,"template":"","format":"standard","meta":{"footnotes":""},"categories":[5],"tags":[],"class_list":["post-8257","post","type-post","status-publish","format-standard","hentry","category-noticias"],"yoast_head":"<!-- This site is optimized with the Yoast SEO plugin v27.9 - https:\/\/yoast.com\/product\/yoast-seo-wordpress\/ -->\n<title>Prefeitura de Vit\u00f3ria adia provas de concurso p\u00fablico para o dia 12 de julho | Guia Comercial de Vit\u00f3ria ES<\/title>\n<meta name=\"robots\" content=\"index, follow, max-snippet:-1, max-image-preview:large, max-video-preview:-1\" \/>\n<link rel=\"canonical\" href=\"https:\/\/www.encontravitoria.com.br\/guia\/prefeitura-de-vitoria-adia-provas-de-concurso-publico-para-o-dia-12-de-julho\/\" \/>\n<meta property=\"og:locale\" content=\"pt_BR\" \/>\n<meta property=\"og:type\" content=\"article\" \/>\n<meta property=\"og:title\" content=\"Prefeitura de Vit\u00f3ria adia provas de concurso p\u00fablico para o dia 12 de julho | Guia Comercial de Vit\u00f3ria ES\" \/>\n<meta property=\"og:description\" content=\"Prefeitura de Vit\u00f3ria adiou provas de concurso p\u00fablico para garantir melhores condi\u00e7\u00f5es aos candidatos.\" \/>\n<meta property=\"og:url\" content=\"https:\/\/www.encontravitoria.com.br\/guia\/prefeitura-de-vitoria-adia-provas-de-concurso-publico-para-o-dia-12-de-julho\/\" \/>\n<meta property=\"og:site_name\" content=\"Guia Comercial de Vit\u00f3ria ES\" \/>\n<meta property=\"article:published_time\" content=\"2026-07-02T00:13:57+00:00\" \/>\n<meta name=\"author\" content=\"Encontra Vit\u00f3ria\" \/>\n<meta name=\"twitter:card\" content=\"summary_large_image\" \/>\n<meta name=\"twitter:label1\" content=\"Escrito por\" \/>\n\t<meta name=\"twitter:data1\" content=\"Encontra Vit\u00f3ria\" \/>\n\t<meta name=\"twitter:label2\" content=\"Est. tempo de leitura\" \/>\n\t<meta name=\"twitter:data2\" content=\"4 minutos\" \/>\n<script type=\"application\/ld+json\" class=\"yoast-schema-graph\">{\"@context\":\"https:\\\/\\\/schema.org\",\"@graph\":[{\"@type\":\"Article\",\"@id\":\"https:\\\/\\\/www.encontravitoria.com.br\\\/guia\\\/prefeitura-de-vitoria-adia-provas-de-concurso-publico-para-o-dia-12-de-julho\\\/#article\",\"isPartOf\":{\"@id\":\"https:\\\/\\\/www.encontravitoria.com.br\\\/guia\\\/prefeitura-de-vitoria-adia-provas-de-concurso-publico-para-o-dia-12-de-julho\\\/\"},\"author\":{\"name\":\"Encontra Vit\u00f3ria\",\"@id\":\"https:\\\/\\\/www.encontravitoria.com.br\\\/guia\\\/#\\\/schema\\\/person\\\/e5c86e2a8d5a2a0333f0c44792c74c65\"},\"headline\":\"Prefeitura de Vit\u00f3ria adia provas de concurso p\u00fablico para o dia 12 de julho\",\"datePublished\":\"2026-07-02T00:13:57+00:00\",\"mainEntityOfPage\":{\"@id\":\"https:\\\/\\\/www.encontravitoria.com.br\\\/guia\\\/prefeitura-de-vitoria-adia-provas-de-concurso-publico-para-o-dia-12-de-julho\\\/\"},\"wordCount\":835,\"commentCount\":0,\"articleSection\":[\"Not\u00edcias Vit\u00f3ria\"],\"inLanguage\":\"pt-BR\",\"potentialAction\":[{\"@type\":\"CommentAction\",\"name\":\"Comment\",\"target\":[\"https:\\\/\\\/www.encontravitoria.com.br\\\/guia\\\/prefeitura-de-vitoria-adia-provas-de-concurso-publico-para-o-dia-12-de-julho\\\/#respond\"]}]},{\"@type\":\"WebPage\",\"@id\":\"https:\\\/\\\/www.encontravitoria.com.br\\\/guia\\\/prefeitura-de-vitoria-adia-provas-de-concurso-publico-para-o-dia-12-de-julho\\\/\",\"url\":\"https:\\\/\\\/www.encontravitoria.com.br\\\/guia\\\/prefeitura-de-vitoria-adia-provas-de-concurso-publico-para-o-dia-12-de-julho\\\/\",\"name\":\"Prefeitura de Vit\u00f3ria adia provas de concurso p\u00fablico para o dia 12 de julho | Guia Comercial de Vit\u00f3ria ES\",\"isPartOf\":{\"@id\":\"https:\\\/\\\/www.encontravitoria.com.br\\\/guia\\\/#website\"},\"datePublished\":\"2026-07-02T00:13:57+00:00\",\"author\":{\"@id\":\"https:\\\/\\\/www.encontravitoria.com.br\\\/guia\\\/#\\\/schema\\\/person\\\/e5c86e2a8d5a2a0333f0c44792c74c65\"},\"inLanguage\":\"pt-BR\",\"potentialAction\":[{\"@type\":\"ReadAction\",\"target\":[\"https:\\\/\\\/www.encontravitoria.com.br\\\/guia\\\/prefeitura-de-vitoria-adia-provas-de-concurso-publico-para-o-dia-12-de-julho\\\/\"]}]},{\"@type\":\"WebSite\",\"@id\":\"https:\\\/\\\/www.encontravitoria.com.br\\\/guia\\\/#website\",\"url\":\"https:\\\/\\\/www.encontravitoria.com.br\\\/guia\\\/\",\"name\":\"Guia Comercial de Vit\u00f3ria ES\",\"description\":\"ENCONTRA VIT\u00d3RIA - O guia comercial de neg\u00f3cios e empresas, cultura e divers\u00e3o na cidade de Vit\u00f3ria. Feito 100% para voc\u00ea morador!\",\"potentialAction\":[{\"@type\":\"SearchAction\",\"target\":{\"@type\":\"EntryPoint\",\"urlTemplate\":\"https:\\\/\\\/www.encontravitoria.com.br\\\/guia\\\/?s={search_term_string}\"},\"query-input\":{\"@type\":\"PropertyValueSpecification\",\"valueRequired\":true,\"valueName\":\"search_term_string\"}}],\"inLanguage\":\"pt-BR\"},{\"@type\":\"Person\",\"@id\":\"https:\\\/\\\/www.encontravitoria.com.br\\\/guia\\\/#\\\/schema\\\/person\\\/e5c86e2a8d5a2a0333f0c44792c74c65\",\"name\":\"Encontra Vit\u00f3ria\",\"image\":{\"@type\":\"ImageObject\",\"inLanguage\":\"pt-BR\",\"@id\":\"https:\\\/\\\/secure.gravatar.com\\\/avatar\\\/c50c17820bcf322f0a8fd6b110b8c0918141409dc69076470f6fca5fee70a5d4?s=96&d=mm&r=g\",\"url\":\"https:\\\/\\\/secure.gravatar.com\\\/avatar\\\/c50c17820bcf322f0a8fd6b110b8c0918141409dc69076470f6fca5fee70a5d4?s=96&d=mm&r=g\",\"contentUrl\":\"https:\\\/\\\/secure.gravatar.com\\\/avatar\\\/c50c17820bcf322f0a8fd6b110b8c0918141409dc69076470f6fca5fee70a5d4?s=96&d=mm&r=g\",\"caption\":\"Encontra Vit\u00f3ria\"},\"url\":\"https:\\\/\\\/www.encontravitoria.com.br\\\/guia\\\/author\\\/encontravitoria\\\/\"}]}<\/script>\n<!-- \/ Yoast SEO plugin. -->","yoast_head_json":{"title":"Prefeitura de Vit\u00f3ria adia provas de concurso p\u00fablico para o dia 12 de julho | Guia Comercial de Vit\u00f3ria ES","robots":{"index":"index","follow":"follow","max-snippet":"max-snippet:-1","max-image-preview":"max-image-preview:large","max-video-preview":"max-video-preview:-1"},"canonical":"https:\/\/www.encontravitoria.com.br\/guia\/prefeitura-de-vitoria-adia-provas-de-concurso-publico-para-o-dia-12-de-julho\/","og_locale":"pt_BR","og_type":"article","og_title":"Prefeitura de Vit\u00f3ria adia provas de concurso p\u00fablico para o dia 12 de julho | Guia Comercial de Vit\u00f3ria ES","og_description":"Prefeitura de Vit\u00f3ria adiou provas de concurso p\u00fablico para garantir melhores condi\u00e7\u00f5es aos candidatos.","og_url":"https:\/\/www.encontravitoria.com.br\/guia\/prefeitura-de-vitoria-adia-provas-de-concurso-publico-para-o-dia-12-de-julho\/","og_site_name":"Guia Comercial de Vit\u00f3ria ES","article_published_time":"2026-07-02T00:13:57+00:00","author":"Encontra Vit\u00f3ria","twitter_card":"summary_large_image","twitter_misc":{"Escrito por":"Encontra Vit\u00f3ria","Est. tempo de leitura":"4 minutos"},"schema":{"@context":"https:\/\/schema.org","@graph":[{"@type":"Article","@id":"https:\/\/www.encontravitoria.com.br\/guia\/prefeitura-de-vitoria-adia-provas-de-concurso-publico-para-o-dia-12-de-julho\/#article","isPartOf":{"@id":"https:\/\/www.encontravitoria.com.br\/guia\/prefeitura-de-vitoria-adia-provas-de-concurso-publico-para-o-dia-12-de-julho\/"},"author":{"name":"Encontra Vit\u00f3ria","@id":"https:\/\/www.encontravitoria.com.br\/guia\/#\/schema\/person\/e5c86e2a8d5a2a0333f0c44792c74c65"},"headline":"Prefeitura de Vit\u00f3ria adia provas de concurso p\u00fablico para o dia 12 de julho","datePublished":"2026-07-02T00:13:57+00:00","mainEntityOfPage":{"@id":"https:\/\/www.encontravitoria.com.br\/guia\/prefeitura-de-vitoria-adia-provas-de-concurso-publico-para-o-dia-12-de-julho\/"},"wordCount":835,"commentCount":0,"articleSection":["Not\u00edcias Vit\u00f3ria"],"inLanguage":"pt-BR","potentialAction":[{"@type":"CommentAction","name":"Comment","target":["https:\/\/www.encontravitoria.com.br\/guia\/prefeitura-de-vitoria-adia-provas-de-concurso-publico-para-o-dia-12-de-julho\/#respond"]}]},{"@type":"WebPage","@id":"https:\/\/www.encontravitoria.com.br\/guia\/prefeitura-de-vitoria-adia-provas-de-concurso-publico-para-o-dia-12-de-julho\/","url":"https:\/\/www.encontravitoria.com.br\/guia\/prefeitura-de-vitoria-adia-provas-de-concurso-publico-para-o-dia-12-de-julho\/","name":"Prefeitura de Vit\u00f3ria adia provas de concurso p\u00fablico para o dia 12 de julho | Guia Comercial de Vit\u00f3ria ES","isPartOf":{"@id":"https:\/\/www.encontravitoria.com.br\/guia\/#website"},"datePublished":"2026-07-02T00:13:57+00:00","author":{"@id":"https:\/\/www.encontravitoria.com.br\/guia\/#\/schema\/person\/e5c86e2a8d5a2a0333f0c44792c74c65"},"inLanguage":"pt-BR","potentialAction":[{"@type":"ReadAction","target":["https:\/\/www.encontravitoria.com.br\/guia\/prefeitura-de-vitoria-adia-provas-de-concurso-publico-para-o-dia-12-de-julho\/"]}]},{"@type":"WebSite","@id":"https:\/\/www.encontravitoria.com.br\/guia\/#website","url":"https:\/\/www.encontravitoria.com.br\/guia\/","name":"Guia Comercial de Vit\u00f3ria ES","description":"ENCONTRA VIT\u00d3RIA - O guia comercial de neg\u00f3cios e empresas, cultura e divers\u00e3o na cidade de Vit\u00f3ria. Feito 100% para voc\u00ea morador!","potentialAction":[{"@type":"SearchAction","target":{"@type":"EntryPoint","urlTemplate":"https:\/\/www.encontravitoria.com.br\/guia\/?s={search_term_string}"},"query-input":{"@type":"PropertyValueSpecification","valueRequired":true,"valueName":"search_term_string"}}],"inLanguage":"pt-BR"},{"@type":"Person","@id":"https:\/\/www.encontravitoria.com.br\/guia\/#\/schema\/person\/e5c86e2a8d5a2a0333f0c44792c74c65","name":"Encontra Vit\u00f3ria","image":{"@type":"ImageObject","inLanguage":"pt-BR","@id":"https:\/\/secure.gravatar.com\/avatar\/c50c17820bcf322f0a8fd6b110b8c0918141409dc69076470f6fca5fee70a5d4?s=96&d=mm&r=g","url":"https:\/\/secure.gravatar.com\/avatar\/c50c17820bcf322f0a8fd6b110b8c0918141409dc69076470f6fca5fee70a5d4?s=96&d=mm&r=g","contentUrl":"https:\/\/secure.gravatar.com\/avatar\/c50c17820bcf322f0a8fd6b110b8c0918141409dc69076470f6fca5fee70a5d4?s=96&d=mm&r=g","caption":"Encontra Vit\u00f3ria"},"url":"https:\/\/www.encontravitoria.com.br\/guia\/author\/encontravitoria\/"}]}},"_links":{"self":[{"href":"https:\/\/www.encontravitoria.com.br\/guia\/wp-json\/wp\/v2\/posts\/8257","targetHints":{"allow":["GET"]}}],"collection":[{"href":"https:\/\/www.encontravitoria.com.br\/guia\/wp-json\/wp\/v2\/posts"}],"about":[{"href":"https:\/\/www.encontravitoria.com.br\/guia\/wp-json\/wp\/v2\/types\/post"}],"author":[{"embeddable":true,"href":"https:\/\/www.encontravitoria.com.br\/guia\/wp-json\/wp\/v2\/users\/1"}],"replies":[{"embeddable":true,"href":"https:\/\/www.encontravitoria.com.br\/guia\/wp-json\/wp\/v2\/comments?post=8257"}],"version-history":[{"count":0,"href":"https:\/\/www.encontravitoria.com.br\/guia\/wp-json\/wp\/v2\/posts\/8257\/revisions"}],"wp:attachment":[{"href":"https:\/\/www.encontravitoria.com.br\/guia\/wp-json\/wp\/v2\/media?parent=8257"}],"wp:term":[{"taxonomy":"category","embeddable":true,"href":"https:\/\/www.encontravitoria.com.br\/guia\/wp-json\/wp\/v2\/categories?post=8257"},{"taxonomy":"post_tag","embeddable":true,"href":"https:\/\/www.encontravitoria.com.br\/guia\/wp-json\/wp\/v2\/tags?post=8257"}],"curies":[{"name":"wp","href":"https:\/\/api.w.org\/{rel}","templated":true}]}}