{"id":8272,"date":"2026-07-04T07:47:57","date_gmt":"2026-07-04T10:47:57","guid":{"rendered":"https:\/\/www.encontravitoria.com.br\/guia\/feira-sabores-da-terra-mostra-o-potencial-da-agricultura-familiar-capixaba\/"},"modified":"2026-07-04T07:47:57","modified_gmt":"2026-07-04T10:47:57","slug":"feira-sabores-da-terra-mostra-o-potencial-da-agricultura-familiar-capixaba","status":"publish","type":"post","link":"https:\/\/www.encontravitoria.com.br\/guia\/feira-sabores-da-terra-mostra-o-potencial-da-agricultura-familiar-capixaba\/","title":{"rendered":"Feira Sabores da Terra mostra o potencial da agricultura familiar capixaba"},"content":{"rendered":"<h2>O que \u00e9 a Feira Sabores da Terra?<\/h2>\n<p>A Feira Sabores da Terra \u00e9 um evento que ocorre anualmente em Vit\u00f3ria, Esp\u00edrito Santo, e j\u00e1 se tornou um marco na promo\u00e7\u00e3o da agricultura familiar e dos produtos locais. Em sua 21\u00aa edi\u00e7\u00e3o, a feira acontece entre os dias 3 e 5 de julho, trazendo uma grande variedade de expositores que representam a diversidade da produ\u00e7\u00e3o capixaba.<\/p>\n<h2>Import\u00e2ncia da Agricultura Familiar<\/h2>\n<p>A agricultura familiar desempenha um papel crucial na economia do Esp\u00edrito Santo, contribuindo n\u00e3o apenas para a seguran\u00e7a alimentar, mas tamb\u00e9m para o desenvolvimento econ\u00f4mico e social das comunidades rurais. Este setor \u00e9 respons\u00e1vel pela produ\u00e7\u00e3o de alimentos saud\u00e1veis e sustent\u00e1veis, promovendo a preserva\u00e7\u00e3o dos saberes e pr\u00e1ticas tradicionais.<\/p>\n<h2>Produtos em Destaque na Feira<\/h2>\n<p>Os visitantes da feira encontrar\u00e3o uma gama significativa de produtos, que inclui:<\/p>\n<p><img decoding=\"async\" src=\"https:\/\/www.encontravitoria.com.br\/guia\/wp-content\/uploads\/2026\/07\/feira-sabores-da-terra-mostra-o-potencial-da-agricultura-familiar-capixaba.webp\" alt=\"Feira Sabores da Terra\" loading=\"lazy\" \/><\/p>\n<ul>\n<li><strong>Queijos artesanais:<\/strong> Variedades que refletem a riqueza do leite capixaba.<\/li>\n<li><strong>Caf\u00e9s especiais:<\/strong> Cultivados de forma sustent\u00e1vel, sendo destaque regional.<\/li>\n<li><strong>Chocolates e doces:<\/strong> Produzidos por pequenos empreendedores locais.<\/li>\n<li><strong>Artigos de artesanato:<\/strong> Pe\u00e7as \u00fanicas que retratam a cultura capixaba.<\/li>\n<\/ul>\n<h2>Como a Feira Fortalece a Economia Local<\/h2>\n<p>Este evento \u00e9 mais do que uma vitrine de produtos, \u00e9 uma plataforma que fortalece a economia local ao promover a venda direta entre produtores e consumidores. Essa intera\u00e7\u00e3o n\u00e3o apenas aumenta a visibilidade dos produtos, mas tamb\u00e9m ajuda a criar oportunidades de neg\u00f3cios e a fomentar a autoestima dos agricultores familiares.<\/p>\n<h2>Espa\u00e7o da Seag: Valoriza\u00e7\u00e3o do Campo<\/h2>\n<p>A participa\u00e7\u00e3o da Secretaria da Agricultura, Abastecimento, Aquicultura e Pesca (Seag) \u00e9 um dos maiores atrativos da feira. Com um espa\u00e7o destinado \u00e0 valoriza\u00e7\u00e3o da produ\u00e7\u00e3o rural, mais de 30 expositores mostram o que h\u00e1 de melhor na agricultura familiar, incluindo produtos premiados em concursos nacionais.<\/p>\n<h2>A presen\u00e7a das Mulheres Rurais<\/h2>\n<p>Entre os destaques da edi\u00e7\u00e3o deste ano, um espa\u00e7o especial ser\u00e1 dedicado \u00e0s mulheres do campo, evidenciando suas contribui\u00e7\u00f5es ao setor. Este ambiente, promovido pelo programa estadual &#8220;Elas no Campo e na Pesca&#8221;, busca incentivar o protagonismo feminino e a cria\u00e7\u00e3o de novas oportunidades no meio rural.<\/p>\n<h2>Programas de Apoio aos Produtores<\/h2>\n<p>As pol\u00edticas p\u00fablicas voltadas para a agricultura familiar, como o Programa Agrolegal e iniciativas de cafeicultura sustent\u00e1vel, mostram-se essenciais para o fortalecimento do setor. Esses programas t\u00eam colaborado para a melhoria da infraestrutura, acesso a cr\u00e9dito e capacita\u00e7\u00e3o dos produtores.<\/p>\n<h2>Atra\u00e7\u00f5es Culturais Durante o Evento<\/h2>\n<p>A feira n\u00e3o \u00e9 apenas um espa\u00e7o de compras, mas tamb\u00e9m de entretenimento. Ao longo dos tr\u00eas dias, os visitantes poder\u00e3o aproveitar diversas apresenta\u00e7\u00f5es culturais e musicais, que incluem dan\u00e7as, shows e atividades para toda a fam\u00edlia, criando um ambiente festivo e acolhedor.<\/p>\n<h2>Como Participar da Feira<\/h2>\n<p>A entrada para a Feira Sabores da Terra \u00e9 gratuita, permitindo que todos tenham acesso \u00e0s belezas e sabores do Esp\u00edrito Santo. O evento ocorre na Pra\u00e7a do Papa, um ponto tur\u00edstico conhecido da cidade, oferecendo uma experi\u00eancia \u00fanica tanto para moradores quanto para visitantes.<\/p>\n<h2>Depoimentos de Produtores e Visitantes<\/h2>\n<p>Produtores e visitantes t\u00eam compartilhado suas experi\u00eancias e impress\u00f5es sobre a feira. Para muitos agricultores, a feira representa uma oportunidade inigual\u00e1vel de mostrar seu trabalho e vender produtos que, muitas vezes, n\u00e3o chegariam ao grande p\u00fablico sem uma plataforma como esta. Os visitantes, por sua vez, relatam a satisfa\u00e7\u00e3o de conhecer produtos frescos e de qualidade, al\u00e9m de apoiar a economia local.<\/p>\n","protected":false},"excerpt":{"rendered":"<p>Descubra o potencial da agricultura familiar capixaba na Feira Sabores da Terra.<\/p>\n","protected":false},"author":1,"featured_media":8271,"comment_status":"open","ping_status":"open","sticky":false,"template":"","format":"standard","meta":{"footnotes":""},"categories":[5],"tags":[],"class_list":["post-8272","post","type-post","status-publish","format-standard","has-post-thumbnail","hentry","category-noticias","has_thumb"],"yoast_head":"<!-- This site is optimized with the Yoast SEO plugin v27.9 - https:\/\/yoast.com\/product\/yoast-seo-wordpress\/ -->\n<title>Feira Sabores da Terra mostra o potencial da agricultura familiar capixaba | Guia Comercial de Vit\u00f3ria ES<\/title>\n<meta name=\"robots\" content=\"index, follow, max-snippet:-1, max-image-preview:large, max-video-preview:-1\" \/>\n<link rel=\"canonical\" href=\"https:\/\/www.encontravitoria.com.br\/guia\/feira-sabores-da-terra-mostra-o-potencial-da-agricultura-familiar-capixaba\/\" \/>\n<meta property=\"og:locale\" content=\"pt_BR\" \/>\n<meta property=\"og:type\" content=\"article\" \/>\n<meta property=\"og:title\" content=\"Feira Sabores da Terra mostra o potencial da agricultura familiar capixaba | Guia Comercial de Vit\u00f3ria ES\" \/>\n<meta property=\"og:description\" content=\"Descubra o potencial da agricultura familiar capixaba na Feira Sabores da Terra.\" \/>\n<meta property=\"og:url\" content=\"https:\/\/www.encontravitoria.com.br\/guia\/feira-sabores-da-terra-mostra-o-potencial-da-agricultura-familiar-capixaba\/\" \/>\n<meta property=\"og:site_name\" content=\"Guia Comercial de Vit\u00f3ria ES\" \/>\n<meta property=\"article:published_time\" content=\"2026-07-04T10:47:57+00:00\" \/>\n<meta property=\"og:image\" content=\"https:\/\/www.encontravitoria.com.br\/guia\/wp-content\/uploads\/2026\/07\/feira-sabores-da-terra-mostra-o-potencial-da-agricultura-familiar-capixaba.webp\" \/>\n<meta name=\"author\" content=\"Encontra Vit\u00f3ria\" \/>\n<meta name=\"twitter:card\" content=\"summary_large_image\" \/>\n<meta name=\"twitter:label1\" content=\"Escrito por\" \/>\n\t<meta name=\"twitter:data1\" content=\"Encontra Vit\u00f3ria\" \/>\n\t<meta name=\"twitter:label2\" content=\"Est. tempo de leitura\" \/>\n\t<meta name=\"twitter:data2\" content=\"3 minutos\" \/>\n<script type=\"application\/ld+json\" class=\"yoast-schema-graph\">{\"@context\":\"https:\\\/\\\/schema.org\",\"@graph\":[{\"@type\":\"Article\",\"@id\":\"https:\\\/\\\/www.encontravitoria.com.br\\\/guia\\\/feira-sabores-da-terra-mostra-o-potencial-da-agricultura-familiar-capixaba\\\/#article\",\"isPartOf\":{\"@id\":\"https:\\\/\\\/www.encontravitoria.com.br\\\/guia\\\/feira-sabores-da-terra-mostra-o-potencial-da-agricultura-familiar-capixaba\\\/\"},\"author\":{\"name\":\"Encontra Vit\u00f3ria\",\"@id\":\"https:\\\/\\\/www.encontravitoria.com.br\\\/guia\\\/#\\\/schema\\\/person\\\/e5c86e2a8d5a2a0333f0c44792c74c65\"},\"headline\":\"Feira Sabores da Terra mostra o potencial da agricultura familiar capixaba\",\"datePublished\":\"2026-07-04T10:47:57+00:00\",\"mainEntityOfPage\":{\"@id\":\"https:\\\/\\\/www.encontravitoria.com.br\\\/guia\\\/feira-sabores-da-terra-mostra-o-potencial-da-agricultura-familiar-capixaba\\\/\"},\"wordCount\":606,\"commentCount\":0,\"image\":{\"@id\":\"https:\\\/\\\/www.encontravitoria.com.br\\\/guia\\\/feira-sabores-da-terra-mostra-o-potencial-da-agricultura-familiar-capixaba\\\/#primaryimage\"},\"thumbnailUrl\":\"https:\\\/\\\/www.encontravitoria.com.br\\\/guia\\\/wp-content\\\/uploads\\\/2026\\\/07\\\/feira-sabores-da-terra-mostra-o-potencial-da-agricultura-familiar-capixaba.webp\",\"articleSection\":[\"Not\u00edcias Vit\u00f3ria\"],\"inLanguage\":\"pt-BR\",\"potentialAction\":[{\"@type\":\"CommentAction\",\"name\":\"Comment\",\"target\":[\"https:\\\/\\\/www.encontravitoria.com.br\\\/guia\\\/feira-sabores-da-terra-mostra-o-potencial-da-agricultura-familiar-capixaba\\\/#respond\"]}]},{\"@type\":\"WebPage\",\"@id\":\"https:\\\/\\\/www.encontravitoria.com.br\\\/guia\\\/feira-sabores-da-terra-mostra-o-potencial-da-agricultura-familiar-capixaba\\\/\",\"url\":\"https:\\\/\\\/www.encontravitoria.com.br\\\/guia\\\/feira-sabores-da-terra-mostra-o-potencial-da-agricultura-familiar-capixaba\\\/\",\"name\":\"Feira Sabores da Terra mostra o potencial da agricultura familiar capixaba | Guia Comercial de Vit\u00f3ria ES\",\"isPartOf\":{\"@id\":\"https:\\\/\\\/www.encontravitoria.com.br\\\/guia\\\/#website\"},\"primaryImageOfPage\":{\"@id\":\"https:\\\/\\\/www.encontravitoria.com.br\\\/guia\\\/feira-sabores-da-terra-mostra-o-potencial-da-agricultura-familiar-capixaba\\\/#primaryimage\"},\"image\":{\"@id\":\"https:\\\/\\\/www.encontravitoria.com.br\\\/guia\\\/feira-sabores-da-terra-mostra-o-potencial-da-agricultura-familiar-capixaba\\\/#primaryimage\"},\"thumbnailUrl\":\"https:\\\/\\\/www.encontravitoria.com.br\\\/guia\\\/wp-content\\\/uploads\\\/2026\\\/07\\\/feira-sabores-da-terra-mostra-o-potencial-da-agricultura-familiar-capixaba.webp\",\"datePublished\":\"2026-07-04T10:47:57+00:00\",\"author\":{\"@id\":\"https:\\\/\\\/www.encontravitoria.com.br\\\/guia\\\/#\\\/schema\\\/person\\\/e5c86e2a8d5a2a0333f0c44792c74c65\"},\"inLanguage\":\"pt-BR\",\"potentialAction\":[{\"@type\":\"ReadAction\",\"target\":[\"https:\\\/\\\/www.encontravitoria.com.br\\\/guia\\\/feira-sabores-da-terra-mostra-o-potencial-da-agricultura-familiar-capixaba\\\/\"]}]},{\"@type\":\"ImageObject\",\"inLanguage\":\"pt-BR\",\"@id\":\"https:\\\/\\\/www.encontravitoria.com.br\\\/guia\\\/feira-sabores-da-terra-mostra-o-potencial-da-agricultura-familiar-capixaba\\\/#primaryimage\",\"url\":\"https:\\\/\\\/www.encontravitoria.com.br\\\/guia\\\/wp-content\\\/uploads\\\/2026\\\/07\\\/feira-sabores-da-terra-mostra-o-potencial-da-agricultura-familiar-capixaba.webp\",\"contentUrl\":\"https:\\\/\\\/www.encontravitoria.com.br\\\/guia\\\/wp-content\\\/uploads\\\/2026\\\/07\\\/feira-sabores-da-terra-mostra-o-potencial-da-agricultura-familiar-capixaba.webp\",\"width\":280,\"height\":280,\"caption\":\"Feira Sabores da Terra\"},{\"@type\":\"WebSite\",\"@id\":\"https:\\\/\\\/www.encontravitoria.com.br\\\/guia\\\/#website\",\"url\":\"https:\\\/\\\/www.encontravitoria.com.br\\\/guia\\\/\",\"name\":\"Guia Comercial de Vit\u00f3ria ES\",\"description\":\"ENCONTRA VIT\u00d3RIA - O guia comercial de neg\u00f3cios e empresas, cultura e divers\u00e3o na cidade de Vit\u00f3ria. Feito 100% para voc\u00ea morador!\",\"potentialAction\":[{\"@type\":\"SearchAction\",\"target\":{\"@type\":\"EntryPoint\",\"urlTemplate\":\"https:\\\/\\\/www.encontravitoria.com.br\\\/guia\\\/?s={search_term_string}\"},\"query-input\":{\"@type\":\"PropertyValueSpecification\",\"valueRequired\":true,\"valueName\":\"search_term_string\"}}],\"inLanguage\":\"pt-BR\"},{\"@type\":\"Person\",\"@id\":\"https:\\\/\\\/www.encontravitoria.com.br\\\/guia\\\/#\\\/schema\\\/person\\\/e5c86e2a8d5a2a0333f0c44792c74c65\",\"name\":\"Encontra Vit\u00f3ria\",\"image\":{\"@type\":\"ImageObject\",\"inLanguage\":\"pt-BR\",\"@id\":\"https:\\\/\\\/secure.gravatar.com\\\/avatar\\\/c50c17820bcf322f0a8fd6b110b8c0918141409dc69076470f6fca5fee70a5d4?s=96&d=mm&r=g\",\"url\":\"https:\\\/\\\/secure.gravatar.com\\\/avatar\\\/c50c17820bcf322f0a8fd6b110b8c0918141409dc69076470f6fca5fee70a5d4?s=96&d=mm&r=g\",\"contentUrl\":\"https:\\\/\\\/secure.gravatar.com\\\/avatar\\\/c50c17820bcf322f0a8fd6b110b8c0918141409dc69076470f6fca5fee70a5d4?s=96&d=mm&r=g\",\"caption\":\"Encontra Vit\u00f3ria\"},\"url\":\"https:\\\/\\\/www.encontravitoria.com.br\\\/guia\\\/author\\\/encontravitoria\\\/\"}]}<\/script>\n<!-- \/ Yoast SEO plugin. -->","yoast_head_json":{"title":"Feira Sabores da Terra mostra o potencial da agricultura familiar capixaba | Guia Comercial de Vit\u00f3ria ES","robots":{"index":"index","follow":"follow","max-snippet":"max-snippet:-1","max-image-preview":"max-image-preview:large","max-video-preview":"max-video-preview:-1"},"canonical":"https:\/\/www.encontravitoria.com.br\/guia\/feira-sabores-da-terra-mostra-o-potencial-da-agricultura-familiar-capixaba\/","og_locale":"pt_BR","og_type":"article","og_title":"Feira Sabores da Terra mostra o potencial da agricultura familiar capixaba | Guia Comercial de Vit\u00f3ria ES","og_description":"Descubra o potencial da agricultura familiar capixaba na Feira Sabores da Terra.","og_url":"https:\/\/www.encontravitoria.com.br\/guia\/feira-sabores-da-terra-mostra-o-potencial-da-agricultura-familiar-capixaba\/","og_site_name":"Guia Comercial de Vit\u00f3ria ES","article_published_time":"2026-07-04T10:47:57+00:00","og_image":[{"url":"https:\/\/www.encontravitoria.com.br\/guia\/wp-content\/uploads\/2026\/07\/feira-sabores-da-terra-mostra-o-potencial-da-agricultura-familiar-capixaba.webp","type":"","width":"","height":""}],"author":"Encontra Vit\u00f3ria","twitter_card":"summary_large_image","twitter_misc":{"Escrito por":"Encontra Vit\u00f3ria","Est. tempo de leitura":"3 minutos"},"schema":{"@context":"https:\/\/schema.org","@graph":[{"@type":"Article","@id":"https:\/\/www.encontravitoria.com.br\/guia\/feira-sabores-da-terra-mostra-o-potencial-da-agricultura-familiar-capixaba\/#article","isPartOf":{"@id":"https:\/\/www.encontravitoria.com.br\/guia\/feira-sabores-da-terra-mostra-o-potencial-da-agricultura-familiar-capixaba\/"},"author":{"name":"Encontra Vit\u00f3ria","@id":"https:\/\/www.encontravitoria.com.br\/guia\/#\/schema\/person\/e5c86e2a8d5a2a0333f0c44792c74c65"},"headline":"Feira Sabores da Terra mostra o potencial da agricultura familiar capixaba","datePublished":"2026-07-04T10:47:57+00:00","mainEntityOfPage":{"@id":"https:\/\/www.encontravitoria.com.br\/guia\/feira-sabores-da-terra-mostra-o-potencial-da-agricultura-familiar-capixaba\/"},"wordCount":606,"commentCount":0,"image":{"@id":"https:\/\/www.encontravitoria.com.br\/guia\/feira-sabores-da-terra-mostra-o-potencial-da-agricultura-familiar-capixaba\/#primaryimage"},"thumbnailUrl":"https:\/\/www.encontravitoria.com.br\/guia\/wp-content\/uploads\/2026\/07\/feira-sabores-da-terra-mostra-o-potencial-da-agricultura-familiar-capixaba.webp","articleSection":["Not\u00edcias Vit\u00f3ria"],"inLanguage":"pt-BR","potentialAction":[{"@type":"CommentAction","name":"Comment","target":["https:\/\/www.encontravitoria.com.br\/guia\/feira-sabores-da-terra-mostra-o-potencial-da-agricultura-familiar-capixaba\/#respond"]}]},{"@type":"WebPage","@id":"https:\/\/www.encontravitoria.com.br\/guia\/feira-sabores-da-terra-mostra-o-potencial-da-agricultura-familiar-capixaba\/","url":"https:\/\/www.encontravitoria.com.br\/guia\/feira-sabores-da-terra-mostra-o-potencial-da-agricultura-familiar-capixaba\/","name":"Feira Sabores da Terra mostra o potencial da agricultura familiar capixaba | Guia Comercial de Vit\u00f3ria ES","isPartOf":{"@id":"https:\/\/www.encontravitoria.com.br\/guia\/#website"},"primaryImageOfPage":{"@id":"https:\/\/www.encontravitoria.com.br\/guia\/feira-sabores-da-terra-mostra-o-potencial-da-agricultura-familiar-capixaba\/#primaryimage"},"image":{"@id":"https:\/\/www.encontravitoria.com.br\/guia\/feira-sabores-da-terra-mostra-o-potencial-da-agricultura-familiar-capixaba\/#primaryimage"},"thumbnailUrl":"https:\/\/www.encontravitoria.com.br\/guia\/wp-content\/uploads\/2026\/07\/feira-sabores-da-terra-mostra-o-potencial-da-agricultura-familiar-capixaba.webp","datePublished":"2026-07-04T10:47:57+00:00","author":{"@id":"https:\/\/www.encontravitoria.com.br\/guia\/#\/schema\/person\/e5c86e2a8d5a2a0333f0c44792c74c65"},"inLanguage":"pt-BR","potentialAction":[{"@type":"ReadAction","target":["https:\/\/www.encontravitoria.com.br\/guia\/feira-sabores-da-terra-mostra-o-potencial-da-agricultura-familiar-capixaba\/"]}]},{"@type":"ImageObject","inLanguage":"pt-BR","@id":"https:\/\/www.encontravitoria.com.br\/guia\/feira-sabores-da-terra-mostra-o-potencial-da-agricultura-familiar-capixaba\/#primaryimage","url":"https:\/\/www.encontravitoria.com.br\/guia\/wp-content\/uploads\/2026\/07\/feira-sabores-da-terra-mostra-o-potencial-da-agricultura-familiar-capixaba.webp","contentUrl":"https:\/\/www.encontravitoria.com.br\/guia\/wp-content\/uploads\/2026\/07\/feira-sabores-da-terra-mostra-o-potencial-da-agricultura-familiar-capixaba.webp","width":280,"height":280,"caption":"Feira Sabores da Terra"},{"@type":"WebSite","@id":"https:\/\/www.encontravitoria.com.br\/guia\/#website","url":"https:\/\/www.encontravitoria.com.br\/guia\/","name":"Guia Comercial de Vit\u00f3ria ES","description":"ENCONTRA VIT\u00d3RIA - O guia comercial de neg\u00f3cios e empresas, cultura e divers\u00e3o na cidade de Vit\u00f3ria. Feito 100% para voc\u00ea morador!","potentialAction":[{"@type":"SearchAction","target":{"@type":"EntryPoint","urlTemplate":"https:\/\/www.encontravitoria.com.br\/guia\/?s={search_term_string}"},"query-input":{"@type":"PropertyValueSpecification","valueRequired":true,"valueName":"search_term_string"}}],"inLanguage":"pt-BR"},{"@type":"Person","@id":"https:\/\/www.encontravitoria.com.br\/guia\/#\/schema\/person\/e5c86e2a8d5a2a0333f0c44792c74c65","name":"Encontra Vit\u00f3ria","image":{"@type":"ImageObject","inLanguage":"pt-BR","@id":"https:\/\/secure.gravatar.com\/avatar\/c50c17820bcf322f0a8fd6b110b8c0918141409dc69076470f6fca5fee70a5d4?s=96&d=mm&r=g","url":"https:\/\/secure.gravatar.com\/avatar\/c50c17820bcf322f0a8fd6b110b8c0918141409dc69076470f6fca5fee70a5d4?s=96&d=mm&r=g","contentUrl":"https:\/\/secure.gravatar.com\/avatar\/c50c17820bcf322f0a8fd6b110b8c0918141409dc69076470f6fca5fee70a5d4?s=96&d=mm&r=g","caption":"Encontra Vit\u00f3ria"},"url":"https:\/\/www.encontravitoria.com.br\/guia\/author\/encontravitoria\/"}]}},"_links":{"self":[{"href":"https:\/\/www.encontravitoria.com.br\/guia\/wp-json\/wp\/v2\/posts\/8272","targetHints":{"allow":["GET"]}}],"collection":[{"href":"https:\/\/www.encontravitoria.com.br\/guia\/wp-json\/wp\/v2\/posts"}],"about":[{"href":"https:\/\/www.encontravitoria.com.br\/guia\/wp-json\/wp\/v2\/types\/post"}],"author":[{"embeddable":true,"href":"https:\/\/www.encontravitoria.com.br\/guia\/wp-json\/wp\/v2\/users\/1"}],"replies":[{"embeddable":true,"href":"https:\/\/www.encontravitoria.com.br\/guia\/wp-json\/wp\/v2\/comments?post=8272"}],"version-history":[{"count":0,"href":"https:\/\/www.encontravitoria.com.br\/guia\/wp-json\/wp\/v2\/posts\/8272\/revisions"}],"wp:featuredmedia":[{"embeddable":true,"href":"https:\/\/www.encontravitoria.com.br\/guia\/wp-json\/wp\/v2\/media\/8271"}],"wp:attachment":[{"href":"https:\/\/www.encontravitoria.com.br\/guia\/wp-json\/wp\/v2\/media?parent=8272"}],"wp:term":[{"taxonomy":"category","embeddable":true,"href":"https:\/\/www.encontravitoria.com.br\/guia\/wp-json\/wp\/v2\/categories?post=8272"},{"taxonomy":"post_tag","embeddable":true,"href":"https:\/\/www.encontravitoria.com.br\/guia\/wp-json\/wp\/v2\/tags?post=8272"}],"curies":[{"name":"wp","href":"https:\/\/api.w.org\/{rel}","templated":true}]}}