{"id":8288,"date":"2026-07-04T10:02:15","date_gmt":"2026-07-04T13:02:15","guid":{"rendered":"https:\/\/www.encontravitoria.com.br\/guia\/escola-municipal-de-eja-professor-doutor-admardo-serafim-de-oliveira-celebra-15-anos\/"},"modified":"2026-07-04T10:02:15","modified_gmt":"2026-07-04T13:02:15","slug":"escola-municipal-de-eja-professor-doutor-admardo-serafim-de-oliveira-celebra-15-anos","status":"publish","type":"post","link":"https:\/\/www.encontravitoria.com.br\/guia\/escola-municipal-de-eja-professor-doutor-admardo-serafim-de-oliveira-celebra-15-anos\/","title":{"rendered":"Escola Municipal de EJA Professor Doutor Admardo Serafim de Oliveira celebra 15 anos"},"content":{"rendered":"<h2>Hist\u00f3ria da Escola Municipal de EJA<\/h2>\n<p>A Escola Municipal de Educa\u00e7\u00e3o de Jovens e Adultos (EJA) Professor Doutor Admardo Serafim de Oliveira, localizada em Vit\u00f3ria, tem uma trajet\u00f3ria rica e significativa. Fundada h\u00e1 15 anos, a escola rapidamente se tornou um modelo de refer\u00eancia na educa\u00e7\u00e3o para adultos, oferecendo uma abordagem inclusiva que considera as necessidades e o contexto dos seus alunos.<\/p>\n<p>Desde a sua cria\u00e7\u00e3o, a EJA surgiu com o prop\u00f3sito de proporcionar a alfabetiza\u00e7\u00e3o e o ensino fundamental para adultos que n\u00e3o tiveram a oportunidade de estudar na inf\u00e2ncia ou adolesc\u00eancia. O nome da escola \u00e9 uma homenagem ao professor Admardo Serafim de Oliveira, que contribuiu imensamente para a educa\u00e7\u00e3o em Vit\u00f3ria ao longo de sua vida.<\/p>\n<h2>Impacto na Vida de Alunos<\/h2>\n<p>A escola tem um papel crucial na reintegra\u00e7\u00e3o social de muitos adultos, permitindo que eles retomem seus estudos e melhorem suas perspectivas de vida. Atrav\u00e9s do ensino adequado, os alunos n\u00e3o apenas adquirem conhecimentos acad\u00eamicos, mas tamb\u00e9m desenvolvem habilidades sociais e emocionais essenciais.<\/p>\n<p><img decoding=\"async\" src=\"https:\/\/www.encontravitoria.com.br\/guia\/wp-content\/uploads\/2026\/07\/escola-municipal-de-eja-professor-doutor-admardo-serafim-de-oliveira-celebra-15-anos.webp\" alt=\"Educa\u00e7\u00e3o de Jovens e Adultos\" loading=\"lazy\" \/><\/p>\n<p>A experi\u00eancia na EJA mostra que muitos alunos encontram na educa\u00e7\u00e3o uma nova esperan\u00e7a. O ensino \u00e9 adaptado para atender a diferentes faixas et\u00e1rias e experi\u00eancias de vida, proporcionando um espa\u00e7o acolhedor onde todos se sentem respeitados e valorizados.<\/p>\n<h2>Atividades Comemorativas<\/h2>\n<p>Para celebrar seus 15 anos, a escola organizou diversas atividades que envolvem n\u00e3o s\u00f3 os alunos, mas tamb\u00e9m ex-alunos, professores e a comunidade. Estas atividades incluem palestras, debates, e apresenta\u00e7\u00f5es culturais que refletem o aprendizado e o crescimento dos estudantes ao longo dos anos.<\/p>\n<p>Um dos destaques das comemora\u00e7\u00f5es foi um evento realizado no Polo da Universidade Aberta do Brasil (UAB) de Vit\u00f3ria, onde a escola refor\u00e7ou seu compromisso com a educa\u00e7\u00e3o inclusiva e de qualidade.<\/p>\n<h2>Depoimentos de Estudantes<\/h2>\n<p>Os depoimentos dos alunos s\u00e3o uma parte fundamental do legado da EJA. Muitos deles expressaram como a chance de estudar novamente mudou positivamente suas vidas. Um exemplo \u00e9 Ivanilda Maria da Cruz, que compartilhou sua alegria por conseguir, atrav\u00e9s das aulas, planejar viagens e sentir-se mais independente.<\/p>\n<p>Em suas palavras, ela disse: &#8220;O EJA est\u00e1 sendo uma das melhores coisas da minha vida, eu posso agora viajar sozinha e me sentir segura. Tive acesso ao conhecimento que nunca tinha tido anteriormente.&#8221; Este tipo de feedback \u00e9 comum entre os alunos e evidencia o impacto que a escola tem na vida deles.<\/p>\n<h2>A Import\u00e2ncia da Educa\u00e7\u00e3o de Jovens e Adultos<\/h2>\n<p>A rela\u00e7\u00e3o da EJA com a comunidade local destaca a import\u00e2ncia crucial da educa\u00e7\u00e3o na vida dos adultos. A escola n\u00e3o \u00e9 apenas um local onde se aprende a ler e escrever; \u00e9 um espa\u00e7o de transforma\u00e7\u00e3o social. Oferece oportunidades para aqueles que, por diferentes motivos, n\u00e3o puderam concluir seus estudos no tempo adequado.<\/p>\n<p>Al\u00e9m disso, a EJA promove a alfabetiza\u00e7\u00e3o funcional, permitindo que seus alunos tenham acesso a informa\u00e7\u00f5es importantes do dia a dia, como leitura de documentos, opera\u00e7\u00f5es simples de matem\u00e1tica, e a utiliza\u00e7\u00e3o de servi\u00e7os online, tornando-os cidad\u00e3os mais conscientes e ativos.<\/p>\n<h2>Iniciativas da Diretora<\/h2>\n<p>A diretora Danielly Da Silva Herzog tem sido um pilar fundamental na implementa\u00e7\u00e3o de uma educa\u00e7\u00e3o que atenda \u00e0s necessidades dos alunos. Sob sua administra\u00e7\u00e3o, a escola adotou uma abordagem que leva em conta a realidade dos estudantes, oferecendo aulas nos per\u00edodos diurno e noturno, com locais acess\u00edveis e condi\u00e7\u00f5es adequadas de aprendizado.<\/p>\n<p>Danielly enfatiza a import\u00e2ncia de \u201cir onde est\u00e1 a demanda\u201d, permitindo que mais pessoas tenham acesso \u00e0 educa\u00e7\u00e3o. Essa vis\u00e3o inovadora tem sido determinante para a expans\u00e3o e para a popularidade da escola entre os jovens e adultos que buscam uma segunda chance.<\/p>\n<h2>Desafios da EJA na Comunidade<\/h2>\n<p>Apesar de seus sucessos, a EJA enfrenta alguns desafios. Entre eles, a resist\u00eancia inicial de alguns adultos em retornar aos estudos, muitas vezes marcada por experi\u00eancias escolares negativas anteriores. Al\u00e9m disso, a necessidade de recursos adequados para a forma\u00e7\u00e3o continuada dos professores tamb\u00e9m \u00e9 um ponto cr\u00edtico.<\/p>\n<p>A escola, no entanto, tem realizado esfor\u00e7os constantes para superar esses obst\u00e1culos, incluindo programas de acolhimento e motiva\u00e7\u00e3o, que ajudam a integrar os novos alunos e a gerar interesse pelo aprendizado.<\/p>\n<h2>O Papel dos Professores<\/h2>\n<p>Os educadores da Escola Municipal de EJA desempenham um papel vital na motiva\u00e7\u00e3o e no apoio aos alunos. Com uma equipe dedicada e qualificada, a escola garante que a pedagogia utilizada seja n\u00e3o apenas inclusiva, mas tamb\u00e9m engajadora, visando sempre a relev\u00e2ncia do conte\u00fado ensinado.<\/p>\n<p>Professores como Walda Alves de Castro t\u00eam observado transforma\u00e7\u00f5es emocionais em seus estudantes. Eles n\u00e3o s\u00f3 ensinam, mas tamb\u00e9m ajudam a criar um ambiente onde os alunos se sentem parte de uma comunidade, promovendo a amizade e a colabora\u00e7\u00e3o.<\/p>\n<h2>Como A Escola Transformou Vidas<\/h2>\n<p>A hist\u00f3ria da EJA revela n\u00e3o apenas uma institui\u00e7\u00e3o de ensino, mas um espa\u00e7o de transforma\u00e7\u00e3o de vidas. Os alunos saem da escola preparados para enfrentar desafios, com maior autoestima e habilidades que os capacitam a se inserirem social e economicamente.<\/p>\n<p>Muitos ex-alunos est\u00e3o atualmente empregados e utilizando suas novas habilidades e conhecimentos para melhorar a vida de suas fam\u00edlias e das comunidades em que vivem, provando que a educa\u00e7\u00e3o \u00e9 um poderoso motor de mudan\u00e7a.<\/p>\n<h2>Perspectivas Futuras da EJA<\/h2>\n<p>A Escola Municipal de EJA tem a miss\u00e3o de continuar expandindo suas iniciativas, implementando novos programas que atendem \u00e0s demandas emergentes da sociedade. O compromisso com a educa\u00e7\u00e3o de qualidade para jovens e adultos permanece firme, e a escola busca constantemente inova\u00e7\u00f5es para se adaptar \u00e0s necessidades dos alunos.<\/p>\n<p>Al\u00e9m disso, a EJA se conecta com outras institui\u00e7\u00f5es educacionais e sociais, ampliando as oportunidades de forma\u00e7\u00e3o e inclus\u00e3o para os seus estudantes. As perspectivas para o futuro parecem promissoras, com a esperan\u00e7a de que mais adultos busquem a educa\u00e7\u00e3o como meio de transforma\u00e7\u00e3o pessoal e social.<\/p>\n","protected":false},"excerpt":{"rendered":"<p>Escola Municipal de EJA comemora 15 anos com diversas atividades e eventos especiais.<\/p>\n","protected":false},"author":1,"featured_media":8287,"comment_status":"open","ping_status":"open","sticky":false,"template":"","format":"standard","meta":{"footnotes":""},"categories":[896],"tags":[],"class_list":["post-8288","post","type-post","status-publish","format-standard","has-post-thumbnail","hentry","category-cursos","has_thumb"],"yoast_head":"<!-- This site is optimized with the Yoast SEO plugin v27.9 - https:\/\/yoast.com\/product\/yoast-seo-wordpress\/ -->\n<title>Escola Municipal de EJA Professor Doutor Admardo Serafim de Oliveira celebra 15 anos | Guia Comercial de Vit\u00f3ria ES<\/title>\n<meta name=\"robots\" content=\"index, follow, max-snippet:-1, max-image-preview:large, max-video-preview:-1\" \/>\n<link rel=\"canonical\" href=\"https:\/\/www.encontravitoria.com.br\/guia\/escola-municipal-de-eja-professor-doutor-admardo-serafim-de-oliveira-celebra-15-anos\/\" \/>\n<meta property=\"og:locale\" content=\"pt_BR\" \/>\n<meta property=\"og:type\" content=\"article\" \/>\n<meta property=\"og:title\" content=\"Escola Municipal de EJA Professor Doutor Admardo Serafim de Oliveira celebra 15 anos | Guia Comercial de Vit\u00f3ria ES\" \/>\n<meta property=\"og:description\" content=\"Escola Municipal de EJA comemora 15 anos com diversas atividades e eventos especiais.\" \/>\n<meta property=\"og:url\" content=\"https:\/\/www.encontravitoria.com.br\/guia\/escola-municipal-de-eja-professor-doutor-admardo-serafim-de-oliveira-celebra-15-anos\/\" \/>\n<meta property=\"og:site_name\" content=\"Guia Comercial de Vit\u00f3ria ES\" \/>\n<meta property=\"article:published_time\" content=\"2026-07-04T13:02:15+00:00\" \/>\n<meta property=\"og:image\" content=\"https:\/\/www.encontravitoria.com.br\/guia\/wp-content\/uploads\/2026\/07\/escola-municipal-de-eja-professor-doutor-admardo-serafim-de-oliveira-celebra-15-anos.webp\" \/>\n<meta name=\"author\" content=\"Encontra Vit\u00f3ria\" \/>\n<meta name=\"twitter:card\" content=\"summary_large_image\" \/>\n<meta name=\"twitter:label1\" content=\"Escrito por\" \/>\n\t<meta name=\"twitter:data1\" content=\"Encontra Vit\u00f3ria\" \/>\n\t<meta name=\"twitter:label2\" content=\"Est. tempo de leitura\" \/>\n\t<meta name=\"twitter:data2\" content=\"5 minutos\" \/>\n<script type=\"application\/ld+json\" class=\"yoast-schema-graph\">{\"@context\":\"https:\\\/\\\/schema.org\",\"@graph\":[{\"@type\":\"Article\",\"@id\":\"https:\\\/\\\/www.encontravitoria.com.br\\\/guia\\\/escola-municipal-de-eja-professor-doutor-admardo-serafim-de-oliveira-celebra-15-anos\\\/#article\",\"isPartOf\":{\"@id\":\"https:\\\/\\\/www.encontravitoria.com.br\\\/guia\\\/escola-municipal-de-eja-professor-doutor-admardo-serafim-de-oliveira-celebra-15-anos\\\/\"},\"author\":{\"name\":\"Encontra Vit\u00f3ria\",\"@id\":\"https:\\\/\\\/www.encontravitoria.com.br\\\/guia\\\/#\\\/schema\\\/person\\\/e5c86e2a8d5a2a0333f0c44792c74c65\"},\"headline\":\"Escola Municipal de EJA Professor Doutor Admardo Serafim de Oliveira celebra 15 anos\",\"datePublished\":\"2026-07-04T13:02:15+00:00\",\"mainEntityOfPage\":{\"@id\":\"https:\\\/\\\/www.encontravitoria.com.br\\\/guia\\\/escola-municipal-de-eja-professor-doutor-admardo-serafim-de-oliveira-celebra-15-anos\\\/\"},\"wordCount\":1042,\"commentCount\":0,\"image\":{\"@id\":\"https:\\\/\\\/www.encontravitoria.com.br\\\/guia\\\/escola-municipal-de-eja-professor-doutor-admardo-serafim-de-oliveira-celebra-15-anos\\\/#primaryimage\"},\"thumbnailUrl\":\"https:\\\/\\\/www.encontravitoria.com.br\\\/guia\\\/wp-content\\\/uploads\\\/2026\\\/07\\\/escola-municipal-de-eja-professor-doutor-admardo-serafim-de-oliveira-celebra-15-anos.webp\",\"articleSection\":[\"Cursos Vit\u00f3ria\"],\"inLanguage\":\"pt-BR\",\"potentialAction\":[{\"@type\":\"CommentAction\",\"name\":\"Comment\",\"target\":[\"https:\\\/\\\/www.encontravitoria.com.br\\\/guia\\\/escola-municipal-de-eja-professor-doutor-admardo-serafim-de-oliveira-celebra-15-anos\\\/#respond\"]}]},{\"@type\":\"WebPage\",\"@id\":\"https:\\\/\\\/www.encontravitoria.com.br\\\/guia\\\/escola-municipal-de-eja-professor-doutor-admardo-serafim-de-oliveira-celebra-15-anos\\\/\",\"url\":\"https:\\\/\\\/www.encontravitoria.com.br\\\/guia\\\/escola-municipal-de-eja-professor-doutor-admardo-serafim-de-oliveira-celebra-15-anos\\\/\",\"name\":\"Escola Municipal de EJA Professor Doutor Admardo Serafim de Oliveira celebra 15 anos | Guia Comercial de Vit\u00f3ria ES\",\"isPartOf\":{\"@id\":\"https:\\\/\\\/www.encontravitoria.com.br\\\/guia\\\/#website\"},\"primaryImageOfPage\":{\"@id\":\"https:\\\/\\\/www.encontravitoria.com.br\\\/guia\\\/escola-municipal-de-eja-professor-doutor-admardo-serafim-de-oliveira-celebra-15-anos\\\/#primaryimage\"},\"image\":{\"@id\":\"https:\\\/\\\/www.encontravitoria.com.br\\\/guia\\\/escola-municipal-de-eja-professor-doutor-admardo-serafim-de-oliveira-celebra-15-anos\\\/#primaryimage\"},\"thumbnailUrl\":\"https:\\\/\\\/www.encontravitoria.com.br\\\/guia\\\/wp-content\\\/uploads\\\/2026\\\/07\\\/escola-municipal-de-eja-professor-doutor-admardo-serafim-de-oliveira-celebra-15-anos.webp\",\"datePublished\":\"2026-07-04T13:02:15+00:00\",\"author\":{\"@id\":\"https:\\\/\\\/www.encontravitoria.com.br\\\/guia\\\/#\\\/schema\\\/person\\\/e5c86e2a8d5a2a0333f0c44792c74c65\"},\"inLanguage\":\"pt-BR\",\"potentialAction\":[{\"@type\":\"ReadAction\",\"target\":[\"https:\\\/\\\/www.encontravitoria.com.br\\\/guia\\\/escola-municipal-de-eja-professor-doutor-admardo-serafim-de-oliveira-celebra-15-anos\\\/\"]}]},{\"@type\":\"ImageObject\",\"inLanguage\":\"pt-BR\",\"@id\":\"https:\\\/\\\/www.encontravitoria.com.br\\\/guia\\\/escola-municipal-de-eja-professor-doutor-admardo-serafim-de-oliveira-celebra-15-anos\\\/#primaryimage\",\"url\":\"https:\\\/\\\/www.encontravitoria.com.br\\\/guia\\\/wp-content\\\/uploads\\\/2026\\\/07\\\/escola-municipal-de-eja-professor-doutor-admardo-serafim-de-oliveira-celebra-15-anos.webp\",\"contentUrl\":\"https:\\\/\\\/www.encontravitoria.com.br\\\/guia\\\/wp-content\\\/uploads\\\/2026\\\/07\\\/escola-municipal-de-eja-professor-doutor-admardo-serafim-de-oliveira-celebra-15-anos.webp\",\"width\":280,\"height\":280,\"caption\":\"Educa\u00e7\u00e3o de Jovens e Adultos\"},{\"@type\":\"WebSite\",\"@id\":\"https:\\\/\\\/www.encontravitoria.com.br\\\/guia\\\/#website\",\"url\":\"https:\\\/\\\/www.encontravitoria.com.br\\\/guia\\\/\",\"name\":\"Guia Comercial de Vit\u00f3ria ES\",\"description\":\"ENCONTRA VIT\u00d3RIA - O guia comercial de neg\u00f3cios e empresas, cultura e divers\u00e3o na cidade de Vit\u00f3ria. Feito 100% para voc\u00ea morador!\",\"potentialAction\":[{\"@type\":\"SearchAction\",\"target\":{\"@type\":\"EntryPoint\",\"urlTemplate\":\"https:\\\/\\\/www.encontravitoria.com.br\\\/guia\\\/?s={search_term_string}\"},\"query-input\":{\"@type\":\"PropertyValueSpecification\",\"valueRequired\":true,\"valueName\":\"search_term_string\"}}],\"inLanguage\":\"pt-BR\"},{\"@type\":\"Person\",\"@id\":\"https:\\\/\\\/www.encontravitoria.com.br\\\/guia\\\/#\\\/schema\\\/person\\\/e5c86e2a8d5a2a0333f0c44792c74c65\",\"name\":\"Encontra Vit\u00f3ria\",\"image\":{\"@type\":\"ImageObject\",\"inLanguage\":\"pt-BR\",\"@id\":\"https:\\\/\\\/secure.gravatar.com\\\/avatar\\\/c50c17820bcf322f0a8fd6b110b8c0918141409dc69076470f6fca5fee70a5d4?s=96&d=mm&r=g\",\"url\":\"https:\\\/\\\/secure.gravatar.com\\\/avatar\\\/c50c17820bcf322f0a8fd6b110b8c0918141409dc69076470f6fca5fee70a5d4?s=96&d=mm&r=g\",\"contentUrl\":\"https:\\\/\\\/secure.gravatar.com\\\/avatar\\\/c50c17820bcf322f0a8fd6b110b8c0918141409dc69076470f6fca5fee70a5d4?s=96&d=mm&r=g\",\"caption\":\"Encontra Vit\u00f3ria\"},\"url\":\"https:\\\/\\\/www.encontravitoria.com.br\\\/guia\\\/author\\\/encontravitoria\\\/\"}]}<\/script>\n<!-- \/ Yoast SEO plugin. -->","yoast_head_json":{"title":"Escola Municipal de EJA Professor Doutor Admardo Serafim de Oliveira celebra 15 anos | Guia Comercial de Vit\u00f3ria ES","robots":{"index":"index","follow":"follow","max-snippet":"max-snippet:-1","max-image-preview":"max-image-preview:large","max-video-preview":"max-video-preview:-1"},"canonical":"https:\/\/www.encontravitoria.com.br\/guia\/escola-municipal-de-eja-professor-doutor-admardo-serafim-de-oliveira-celebra-15-anos\/","og_locale":"pt_BR","og_type":"article","og_title":"Escola Municipal de EJA Professor Doutor Admardo Serafim de Oliveira celebra 15 anos | Guia Comercial de Vit\u00f3ria ES","og_description":"Escola Municipal de EJA comemora 15 anos com diversas atividades e eventos especiais.","og_url":"https:\/\/www.encontravitoria.com.br\/guia\/escola-municipal-de-eja-professor-doutor-admardo-serafim-de-oliveira-celebra-15-anos\/","og_site_name":"Guia Comercial de Vit\u00f3ria ES","article_published_time":"2026-07-04T13:02:15+00:00","og_image":[{"url":"https:\/\/www.encontravitoria.com.br\/guia\/wp-content\/uploads\/2026\/07\/escola-municipal-de-eja-professor-doutor-admardo-serafim-de-oliveira-celebra-15-anos.webp","type":"","width":"","height":""}],"author":"Encontra Vit\u00f3ria","twitter_card":"summary_large_image","twitter_misc":{"Escrito por":"Encontra Vit\u00f3ria","Est. tempo de leitura":"5 minutos"},"schema":{"@context":"https:\/\/schema.org","@graph":[{"@type":"Article","@id":"https:\/\/www.encontravitoria.com.br\/guia\/escola-municipal-de-eja-professor-doutor-admardo-serafim-de-oliveira-celebra-15-anos\/#article","isPartOf":{"@id":"https:\/\/www.encontravitoria.com.br\/guia\/escola-municipal-de-eja-professor-doutor-admardo-serafim-de-oliveira-celebra-15-anos\/"},"author":{"name":"Encontra Vit\u00f3ria","@id":"https:\/\/www.encontravitoria.com.br\/guia\/#\/schema\/person\/e5c86e2a8d5a2a0333f0c44792c74c65"},"headline":"Escola Municipal de EJA Professor Doutor Admardo Serafim de Oliveira celebra 15 anos","datePublished":"2026-07-04T13:02:15+00:00","mainEntityOfPage":{"@id":"https:\/\/www.encontravitoria.com.br\/guia\/escola-municipal-de-eja-professor-doutor-admardo-serafim-de-oliveira-celebra-15-anos\/"},"wordCount":1042,"commentCount":0,"image":{"@id":"https:\/\/www.encontravitoria.com.br\/guia\/escola-municipal-de-eja-professor-doutor-admardo-serafim-de-oliveira-celebra-15-anos\/#primaryimage"},"thumbnailUrl":"https:\/\/www.encontravitoria.com.br\/guia\/wp-content\/uploads\/2026\/07\/escola-municipal-de-eja-professor-doutor-admardo-serafim-de-oliveira-celebra-15-anos.webp","articleSection":["Cursos Vit\u00f3ria"],"inLanguage":"pt-BR","potentialAction":[{"@type":"CommentAction","name":"Comment","target":["https:\/\/www.encontravitoria.com.br\/guia\/escola-municipal-de-eja-professor-doutor-admardo-serafim-de-oliveira-celebra-15-anos\/#respond"]}]},{"@type":"WebPage","@id":"https:\/\/www.encontravitoria.com.br\/guia\/escola-municipal-de-eja-professor-doutor-admardo-serafim-de-oliveira-celebra-15-anos\/","url":"https:\/\/www.encontravitoria.com.br\/guia\/escola-municipal-de-eja-professor-doutor-admardo-serafim-de-oliveira-celebra-15-anos\/","name":"Escola Municipal de EJA Professor Doutor Admardo Serafim de Oliveira celebra 15 anos | Guia Comercial de Vit\u00f3ria ES","isPartOf":{"@id":"https:\/\/www.encontravitoria.com.br\/guia\/#website"},"primaryImageOfPage":{"@id":"https:\/\/www.encontravitoria.com.br\/guia\/escola-municipal-de-eja-professor-doutor-admardo-serafim-de-oliveira-celebra-15-anos\/#primaryimage"},"image":{"@id":"https:\/\/www.encontravitoria.com.br\/guia\/escola-municipal-de-eja-professor-doutor-admardo-serafim-de-oliveira-celebra-15-anos\/#primaryimage"},"thumbnailUrl":"https:\/\/www.encontravitoria.com.br\/guia\/wp-content\/uploads\/2026\/07\/escola-municipal-de-eja-professor-doutor-admardo-serafim-de-oliveira-celebra-15-anos.webp","datePublished":"2026-07-04T13:02:15+00:00","author":{"@id":"https:\/\/www.encontravitoria.com.br\/guia\/#\/schema\/person\/e5c86e2a8d5a2a0333f0c44792c74c65"},"inLanguage":"pt-BR","potentialAction":[{"@type":"ReadAction","target":["https:\/\/www.encontravitoria.com.br\/guia\/escola-municipal-de-eja-professor-doutor-admardo-serafim-de-oliveira-celebra-15-anos\/"]}]},{"@type":"ImageObject","inLanguage":"pt-BR","@id":"https:\/\/www.encontravitoria.com.br\/guia\/escola-municipal-de-eja-professor-doutor-admardo-serafim-de-oliveira-celebra-15-anos\/#primaryimage","url":"https:\/\/www.encontravitoria.com.br\/guia\/wp-content\/uploads\/2026\/07\/escola-municipal-de-eja-professor-doutor-admardo-serafim-de-oliveira-celebra-15-anos.webp","contentUrl":"https:\/\/www.encontravitoria.com.br\/guia\/wp-content\/uploads\/2026\/07\/escola-municipal-de-eja-professor-doutor-admardo-serafim-de-oliveira-celebra-15-anos.webp","width":280,"height":280,"caption":"Educa\u00e7\u00e3o de Jovens e Adultos"},{"@type":"WebSite","@id":"https:\/\/www.encontravitoria.com.br\/guia\/#website","url":"https:\/\/www.encontravitoria.com.br\/guia\/","name":"Guia Comercial de Vit\u00f3ria ES","description":"ENCONTRA VIT\u00d3RIA - O guia comercial de neg\u00f3cios e empresas, cultura e divers\u00e3o na cidade de Vit\u00f3ria. Feito 100% para voc\u00ea morador!","potentialAction":[{"@type":"SearchAction","target":{"@type":"EntryPoint","urlTemplate":"https:\/\/www.encontravitoria.com.br\/guia\/?s={search_term_string}"},"query-input":{"@type":"PropertyValueSpecification","valueRequired":true,"valueName":"search_term_string"}}],"inLanguage":"pt-BR"},{"@type":"Person","@id":"https:\/\/www.encontravitoria.com.br\/guia\/#\/schema\/person\/e5c86e2a8d5a2a0333f0c44792c74c65","name":"Encontra Vit\u00f3ria","image":{"@type":"ImageObject","inLanguage":"pt-BR","@id":"https:\/\/secure.gravatar.com\/avatar\/c50c17820bcf322f0a8fd6b110b8c0918141409dc69076470f6fca5fee70a5d4?s=96&d=mm&r=g","url":"https:\/\/secure.gravatar.com\/avatar\/c50c17820bcf322f0a8fd6b110b8c0918141409dc69076470f6fca5fee70a5d4?s=96&d=mm&r=g","contentUrl":"https:\/\/secure.gravatar.com\/avatar\/c50c17820bcf322f0a8fd6b110b8c0918141409dc69076470f6fca5fee70a5d4?s=96&d=mm&r=g","caption":"Encontra Vit\u00f3ria"},"url":"https:\/\/www.encontravitoria.com.br\/guia\/author\/encontravitoria\/"}]}},"_links":{"self":[{"href":"https:\/\/www.encontravitoria.com.br\/guia\/wp-json\/wp\/v2\/posts\/8288","targetHints":{"allow":["GET"]}}],"collection":[{"href":"https:\/\/www.encontravitoria.com.br\/guia\/wp-json\/wp\/v2\/posts"}],"about":[{"href":"https:\/\/www.encontravitoria.com.br\/guia\/wp-json\/wp\/v2\/types\/post"}],"author":[{"embeddable":true,"href":"https:\/\/www.encontravitoria.com.br\/guia\/wp-json\/wp\/v2\/users\/1"}],"replies":[{"embeddable":true,"href":"https:\/\/www.encontravitoria.com.br\/guia\/wp-json\/wp\/v2\/comments?post=8288"}],"version-history":[{"count":0,"href":"https:\/\/www.encontravitoria.com.br\/guia\/wp-json\/wp\/v2\/posts\/8288\/revisions"}],"wp:featuredmedia":[{"embeddable":true,"href":"https:\/\/www.encontravitoria.com.br\/guia\/wp-json\/wp\/v2\/media\/8287"}],"wp:attachment":[{"href":"https:\/\/www.encontravitoria.com.br\/guia\/wp-json\/wp\/v2\/media?parent=8288"}],"wp:term":[{"taxonomy":"category","embeddable":true,"href":"https:\/\/www.encontravitoria.com.br\/guia\/wp-json\/wp\/v2\/categories?post=8288"},{"taxonomy":"post_tag","embeddable":true,"href":"https:\/\/www.encontravitoria.com.br\/guia\/wp-json\/wp\/v2\/tags?post=8288"}],"curies":[{"name":"wp","href":"https:\/\/api.w.org\/{rel}","templated":true}]}}