{"id":8296,"date":"2026-07-06T13:21:04","date_gmt":"2026-07-06T16:21:04","guid":{"rendered":"https:\/\/www.encontravitoria.com.br\/guia\/comid-fortalece-parceria-com-crc\/"},"modified":"2026-07-06T13:21:04","modified_gmt":"2026-07-06T16:21:04","slug":"comid-fortalece-parceria-com-crc","status":"publish","type":"post","link":"https:\/\/www.encontravitoria.com.br\/guia\/comid-fortalece-parceria-com-crc\/","title":{"rendered":"Comid fortalece parceria com CRC"},"content":{"rendered":"<h2>Fortalecimento da Parceria<\/h2>\n<p>O <strong>Conselho Municipal da Pessoa Idosa de Vit\u00f3ria (Comid)<\/strong> est\u00e1 avan\u00e7ando em suas estrat\u00e9gias para a Campanha de Destina\u00e7\u00e3o do Imposto de Renda 2026. Nesse contexto, formou-se uma valiosa colabora\u00e7\u00e3o com o <strong>Conselho Regional de Contabilidade do Esp\u00edrito Santo (CRC-ES)<\/strong>. Essa uni\u00e3o visa melhorar a visibilidade e a efic\u00e1cia da campanha, principalmente entre os profissionais de contabilidade.<\/p>\n<p>Atrav\u00e9s dessa parceria, a inten\u00e7\u00e3o \u00e9 potencializar a divulga\u00e7\u00e3o das informa\u00e7\u00f5es que incentivam a destina\u00e7\u00e3o de parte do imposto ao <strong>Fundo Municipal dos Direitos do Idoso (FMDI)<\/strong>. O apoio do CRC-ES \u00e9 significativo, pois os contadores desempenham um papel cr\u00edtico ao orientar contribuintes durante o per\u00edodo de declara\u00e7\u00e3o do imposto de renda.<\/p>\n<h2>O Papel do CRC-ES na Campanha<\/h2>\n<p>O CRC-ES reconhece o impacto que os contadores podem ter na mobiliza\u00e7\u00e3o da campanha. Estes profissionais t\u00eam a capacidade de esclarecer d\u00favidas e ajudar os contribuintes a realizar a destina\u00e7\u00e3o corretamente, o que pode resultar em um aumento no montante direcionado ao fundo. A participa\u00e7\u00e3o do CRC-ES na campanha \u00e9 uma demonstra\u00e7\u00e3o clara do compromisso com as causas sociais e do apoio \u00e0s pol\u00edticas p\u00fablicas voltadas para a pessoa idosa.<\/p>\n<p><img decoding=\"async\" src=\"https:\/\/www.encontravitoria.com.br\/guia\/wp-content\/uploads\/2026\/07\/comid-fortalece-parceria-com-crc.webp\" alt=\"campanha de destina\u00e7\u00e3o do Imposto de Renda 2026\" loading=\"lazy\" \/><\/p>\n<h2>Import\u00e2ncia da Destina\u00e7\u00e3o do Imposto<\/h2>\n<p>Contribuir para o FMDI por meio da destina\u00e7\u00e3o do imposto de renda \u00e9 uma forma de promover investimentos em atividades e servi\u00e7os que visam a melhoria da qualidade de vida das pessoas idosas. A presidente do Comid, <strong>Lu\u00edsa Pedrada<\/strong>, enfatiza a import\u00e2ncia dessa contribui\u00e7\u00e3o: &#8220;Transformar o imposto em a\u00e7\u00f5es significativas \u00e9 uma oportunidade real para impactar positivamente a vida daqueles que mais precisam. Ao unirmos for\u00e7as com o CRC-ES, temos a chance de atingir um p\u00fablico maior e de comunicar a relev\u00e2ncia dessa iniciativa&#8221;.<\/p>\n<h2>Como Contribuir Corretamente<\/h2>\n<p>Para destinar parte do imposto de renda ao FMDI, o procedimento \u00e9 simples. Ao preencher a declara\u00e7\u00e3o no programa da <strong>Receita Federal<\/strong>, o contribuinte deve:<\/p>\n<ul>\n<li>Acessar a aba <strong>Doa\u00e7\u00f5es Diretamente na Declara\u00e7\u00e3o<\/strong>.<\/li>\n<li>Clicar em <strong>Novo<\/strong> e selecionar as op\u00e7\u00f5es:<\/li>\n<ul>\n<li><strong>Tipo:<\/strong> Fundo do Idoso<\/li>\n<li><strong>UF:<\/strong> ES<\/li>\n<li><strong>Munic\u00edpio:<\/strong> Vit\u00f3ria<\/li>\n<\/ul>\n<\/li>\n<li>Informar o valor a ser destinado (o limite \u00e9 calculado automaticamente pelo sistema).<\/li>\n<li>Gerar o <strong>DARF<\/strong> e proceder com o pagamento.<\/li>\n<\/ul>\n<p>\u00c9 importante ressaltar que essa doa\u00e7\u00e3o n\u00e3o afeta o valor a ser restitu\u00eddo ou a quantia a ser paga, garantindo que os contribuintes possam investir em a\u00e7\u00f5es sociais sem preocupa\u00e7\u00f5es adicionais.<\/p>\n<h2>Impacto na Vida das Pessoas Idosas<\/h2>\n<p>O FMDI \u00e9 destinado ao financiamento de programas que atuam diretamente com a popula\u00e7\u00e3o idosa, promovendo seus direitos e estimulando sua inclus\u00e3o social. A secret\u00e1ria de Assist\u00eancia Social, <strong>Carla Scardua<\/strong>, reafirma a import\u00e2ncia desse tipo de apoio: &#8220;A nossa cidade se fortalece \u00e0 medida que investimos em a\u00e7\u00f5es que garantem prote\u00e7\u00e3o e dignidade para os cidad\u00e3os mais velhos. A contribui\u00e7\u00e3o para o fundo \u00e9 uma demonstra\u00e7\u00e3o de solidariedade e compromisso coletivo&#8221;.<\/p>\n<h2>A Import\u00e2ncia da Mobiliza\u00e7\u00e3o Social<\/h2>\n<p>A mobiliza\u00e7\u00e3o da comunidade \u00e9 essencial para o sucesso da Campanha de Destina\u00e7\u00e3o do Imposto de Renda. Ao fomentar o di\u00e1logo entre cidad\u00e3os, profissionais de contabilidade e os \u00f3rg\u00e3os p\u00fablicos, a campanha busca educar e engajar mais pessoas. O <strong>Comid<\/strong> acredita que as parcerias, como a que foi estabelecida com o <strong>CRC-ES<\/strong>, s\u00e3o passos cruciais nesse processo de sensibiliza\u00e7\u00e3o e informa\u00e7\u00e3o.<\/p>\n<h2>Profissionais de Contabilidade como Aliados<\/h2>\n<p>Os contadores s\u00e3o aliados indispens\u00e1veis na dissemina\u00e7\u00e3o das informa\u00e7\u00f5es sobre a destina\u00e7\u00e3o do imposto. Eles t\u00eam a capacidade de orientar e esclarecer as d\u00favidas dos contribuintes, ajudando a garantir que as doa\u00e7\u00f5es sejam feitas corretamente. A secret\u00e1ria executiva do Comid, <strong>Elaine Alvarenga<\/strong>, refor\u00e7a esta ideia: &#8220;Profissionais de contabilidade atuam como facilitadores, educando a popula\u00e7\u00e3o sobre como participar ativamente e contribuir para o bem-estar das pessoas idosas na cidade&#8221;.<\/p>\n<h2>Iniciativas e Servi\u00e7os para Idosos<\/h2>\n<p>O FMDI financia diversas iniciativas que visam melhorar a qualidade de vida dos idosos, incluindo programas de sa\u00fade, lazer, cultura e assist\u00eancia social. Essas a\u00e7\u00f5es s\u00e3o fundamentais para garantir que os direitos das pessoas idosas sejam respeitados e promovidos. A Campanha de Destina\u00e7\u00e3o do Imposto de Renda 2026 busca aumentar o n\u00famero de contribui\u00e7\u00f5es, dessa forma permitindo que mais idosos sejam beneficiados.<\/p>\n<h2>Dicas para a Declara\u00e7\u00e3o de Imposto de Renda<\/h2>\n<p>Para facilitar a declara\u00e7\u00e3o do imposto de renda e a destina\u00e7\u00e3o ao FMDI, a seguir est\u00e3o algumas dicas:<\/p>\n<ul>\n<li><strong>Prepare-se com anteced\u00eancia:<\/strong> Tenha todos os documentos e informa\u00e7\u00f5es necess\u00e1rios prontos.<\/li>\n<li><strong>Fique atento aos prazos:<\/strong> Conhe\u00e7a as datas limites para a declara\u00e7\u00e3o e a destina\u00e7\u00e3o.<\/li>\n<li><strong>Use o Programa da Receita Federal:<\/strong> Ele oferece todas as orienta\u00e7\u00f5es necess\u00e1rias para realizar o processo com seguran\u00e7a.<\/li>\n<li><strong>Considere consultar um contador:<\/strong> Um profissional pode auxiliar no correto preenchimento da declara\u00e7\u00e3o e na destina\u00e7\u00e3o segura do imposto.<\/li>\n<\/ul>\n<h2>Transformando Imposto em A\u00e7\u00e3o Social<\/h2>\n<p>Por fim, a Campanha de Destina\u00e7\u00e3o do Imposto de Renda 2026 \u00e9 uma oportunidade para que os cidad\u00e3os transformem suas obriga\u00e7\u00f5es fiscais em a\u00e7\u00f5es de impacto social. O trabalho conjunto entre o Comid e o CRC-ES visa n\u00e3o apenas aumentar o n\u00famero de doa\u00e7\u00f5es, mas tamb\u00e9m promover uma cultura de responsabilidade social e cidadania ativa na popula\u00e7\u00e3o.<\/p>\n<p>Quando contribu\u00edmos para o Fundo Municipal dos Direitos do Idoso, estamos n\u00e3o apenas cumprindo uma importante responsabilidade tribut\u00e1ria; estamos efetivamente fazendo uma diferen\u00e7a na vida de pessoas que merecem nosso respeito e cuidado. Juntos, podemos solidificar as pol\u00edticas sociais da cidade e garantir que os direitos dos idosos sejam sempre colocados em primeiro lugar.<\/p>\n","protected":false},"excerpt":{"rendered":"<p>Comid amplia campanha de destina\u00e7\u00e3o do Imposto de Renda 2026 com a colabora\u00e7\u00e3o do CRC-ES.<\/p>\n","protected":false},"author":1,"featured_media":8295,"comment_status":"open","ping_status":"open","sticky":false,"template":"","format":"standard","meta":{"footnotes":""},"categories":[5],"tags":[],"class_list":["post-8296","post","type-post","status-publish","format-standard","has-post-thumbnail","hentry","category-noticias","has_thumb"],"yoast_head":"<!-- This site is optimized with the Yoast SEO plugin v27.9 - https:\/\/yoast.com\/product\/yoast-seo-wordpress\/ -->\n<title>Comid fortalece parceria com CRC | Guia Comercial de Vit\u00f3ria ES<\/title>\n<meta name=\"robots\" content=\"index, follow, max-snippet:-1, max-image-preview:large, max-video-preview:-1\" \/>\n<link rel=\"canonical\" href=\"https:\/\/www.encontravitoria.com.br\/guia\/comid-fortalece-parceria-com-crc\/\" \/>\n<meta property=\"og:locale\" content=\"pt_BR\" \/>\n<meta property=\"og:type\" content=\"article\" \/>\n<meta property=\"og:title\" content=\"Comid fortalece parceria com CRC | Guia Comercial de Vit\u00f3ria ES\" \/>\n<meta property=\"og:description\" content=\"Comid amplia campanha de destina\u00e7\u00e3o do Imposto de Renda 2026 com a colabora\u00e7\u00e3o do CRC-ES.\" \/>\n<meta property=\"og:url\" content=\"https:\/\/www.encontravitoria.com.br\/guia\/comid-fortalece-parceria-com-crc\/\" \/>\n<meta property=\"og:site_name\" content=\"Guia Comercial de Vit\u00f3ria ES\" \/>\n<meta property=\"article:published_time\" content=\"2026-07-06T16:21:04+00:00\" \/>\n<meta property=\"og:image\" content=\"https:\/\/www.encontravitoria.com.br\/guia\/wp-content\/uploads\/2026\/07\/comid-fortalece-parceria-com-crc.webp\" \/>\n<meta name=\"author\" content=\"Encontra Vit\u00f3ria\" \/>\n<meta name=\"twitter:card\" content=\"summary_large_image\" \/>\n<meta name=\"twitter:label1\" content=\"Escrito por\" \/>\n\t<meta name=\"twitter:data1\" content=\"Encontra Vit\u00f3ria\" \/>\n\t<meta name=\"twitter:label2\" content=\"Est. tempo de leitura\" \/>\n\t<meta name=\"twitter:data2\" content=\"5 minutos\" \/>\n<script type=\"application\/ld+json\" class=\"yoast-schema-graph\">{\"@context\":\"https:\\\/\\\/schema.org\",\"@graph\":[{\"@type\":\"Article\",\"@id\":\"https:\\\/\\\/www.encontravitoria.com.br\\\/guia\\\/comid-fortalece-parceria-com-crc\\\/#article\",\"isPartOf\":{\"@id\":\"https:\\\/\\\/www.encontravitoria.com.br\\\/guia\\\/comid-fortalece-parceria-com-crc\\\/\"},\"author\":{\"name\":\"Encontra Vit\u00f3ria\",\"@id\":\"https:\\\/\\\/www.encontravitoria.com.br\\\/guia\\\/#\\\/schema\\\/person\\\/e5c86e2a8d5a2a0333f0c44792c74c65\"},\"headline\":\"Comid fortalece parceria com CRC\",\"datePublished\":\"2026-07-06T16:21:04+00:00\",\"mainEntityOfPage\":{\"@id\":\"https:\\\/\\\/www.encontravitoria.com.br\\\/guia\\\/comid-fortalece-parceria-com-crc\\\/\"},\"wordCount\":971,\"commentCount\":0,\"image\":{\"@id\":\"https:\\\/\\\/www.encontravitoria.com.br\\\/guia\\\/comid-fortalece-parceria-com-crc\\\/#primaryimage\"},\"thumbnailUrl\":\"https:\\\/\\\/www.encontravitoria.com.br\\\/guia\\\/wp-content\\\/uploads\\\/2026\\\/07\\\/comid-fortalece-parceria-com-crc.webp\",\"articleSection\":[\"Not\u00edcias Vit\u00f3ria\"],\"inLanguage\":\"pt-BR\",\"potentialAction\":[{\"@type\":\"CommentAction\",\"name\":\"Comment\",\"target\":[\"https:\\\/\\\/www.encontravitoria.com.br\\\/guia\\\/comid-fortalece-parceria-com-crc\\\/#respond\"]}]},{\"@type\":\"WebPage\",\"@id\":\"https:\\\/\\\/www.encontravitoria.com.br\\\/guia\\\/comid-fortalece-parceria-com-crc\\\/\",\"url\":\"https:\\\/\\\/www.encontravitoria.com.br\\\/guia\\\/comid-fortalece-parceria-com-crc\\\/\",\"name\":\"Comid fortalece parceria com CRC | Guia Comercial de Vit\u00f3ria ES\",\"isPartOf\":{\"@id\":\"https:\\\/\\\/www.encontravitoria.com.br\\\/guia\\\/#website\"},\"primaryImageOfPage\":{\"@id\":\"https:\\\/\\\/www.encontravitoria.com.br\\\/guia\\\/comid-fortalece-parceria-com-crc\\\/#primaryimage\"},\"image\":{\"@id\":\"https:\\\/\\\/www.encontravitoria.com.br\\\/guia\\\/comid-fortalece-parceria-com-crc\\\/#primaryimage\"},\"thumbnailUrl\":\"https:\\\/\\\/www.encontravitoria.com.br\\\/guia\\\/wp-content\\\/uploads\\\/2026\\\/07\\\/comid-fortalece-parceria-com-crc.webp\",\"datePublished\":\"2026-07-06T16:21:04+00:00\",\"author\":{\"@id\":\"https:\\\/\\\/www.encontravitoria.com.br\\\/guia\\\/#\\\/schema\\\/person\\\/e5c86e2a8d5a2a0333f0c44792c74c65\"},\"inLanguage\":\"pt-BR\",\"potentialAction\":[{\"@type\":\"ReadAction\",\"target\":[\"https:\\\/\\\/www.encontravitoria.com.br\\\/guia\\\/comid-fortalece-parceria-com-crc\\\/\"]}]},{\"@type\":\"ImageObject\",\"inLanguage\":\"pt-BR\",\"@id\":\"https:\\\/\\\/www.encontravitoria.com.br\\\/guia\\\/comid-fortalece-parceria-com-crc\\\/#primaryimage\",\"url\":\"https:\\\/\\\/www.encontravitoria.com.br\\\/guia\\\/wp-content\\\/uploads\\\/2026\\\/07\\\/comid-fortalece-parceria-com-crc.webp\",\"contentUrl\":\"https:\\\/\\\/www.encontravitoria.com.br\\\/guia\\\/wp-content\\\/uploads\\\/2026\\\/07\\\/comid-fortalece-parceria-com-crc.webp\",\"width\":280,\"height\":280,\"caption\":\"campanha de destina\u00e7\u00e3o do Imposto de Renda 2026\"},{\"@type\":\"WebSite\",\"@id\":\"https:\\\/\\\/www.encontravitoria.com.br\\\/guia\\\/#website\",\"url\":\"https:\\\/\\\/www.encontravitoria.com.br\\\/guia\\\/\",\"name\":\"Guia Comercial de Vit\u00f3ria ES\",\"description\":\"ENCONTRA VIT\u00d3RIA - O guia comercial de neg\u00f3cios e empresas, cultura e divers\u00e3o na cidade de Vit\u00f3ria. Feito 100% para voc\u00ea morador!\",\"potentialAction\":[{\"@type\":\"SearchAction\",\"target\":{\"@type\":\"EntryPoint\",\"urlTemplate\":\"https:\\\/\\\/www.encontravitoria.com.br\\\/guia\\\/?s={search_term_string}\"},\"query-input\":{\"@type\":\"PropertyValueSpecification\",\"valueRequired\":true,\"valueName\":\"search_term_string\"}}],\"inLanguage\":\"pt-BR\"},{\"@type\":\"Person\",\"@id\":\"https:\\\/\\\/www.encontravitoria.com.br\\\/guia\\\/#\\\/schema\\\/person\\\/e5c86e2a8d5a2a0333f0c44792c74c65\",\"name\":\"Encontra Vit\u00f3ria\",\"image\":{\"@type\":\"ImageObject\",\"inLanguage\":\"pt-BR\",\"@id\":\"https:\\\/\\\/secure.gravatar.com\\\/avatar\\\/c50c17820bcf322f0a8fd6b110b8c0918141409dc69076470f6fca5fee70a5d4?s=96&d=mm&r=g\",\"url\":\"https:\\\/\\\/secure.gravatar.com\\\/avatar\\\/c50c17820bcf322f0a8fd6b110b8c0918141409dc69076470f6fca5fee70a5d4?s=96&d=mm&r=g\",\"contentUrl\":\"https:\\\/\\\/secure.gravatar.com\\\/avatar\\\/c50c17820bcf322f0a8fd6b110b8c0918141409dc69076470f6fca5fee70a5d4?s=96&d=mm&r=g\",\"caption\":\"Encontra Vit\u00f3ria\"},\"url\":\"https:\\\/\\\/www.encontravitoria.com.br\\\/guia\\\/author\\\/encontravitoria\\\/\"}]}<\/script>\n<!-- \/ Yoast SEO plugin. -->","yoast_head_json":{"title":"Comid fortalece parceria com CRC | Guia Comercial de Vit\u00f3ria ES","robots":{"index":"index","follow":"follow","max-snippet":"max-snippet:-1","max-image-preview":"max-image-preview:large","max-video-preview":"max-video-preview:-1"},"canonical":"https:\/\/www.encontravitoria.com.br\/guia\/comid-fortalece-parceria-com-crc\/","og_locale":"pt_BR","og_type":"article","og_title":"Comid fortalece parceria com CRC | Guia Comercial de Vit\u00f3ria ES","og_description":"Comid amplia campanha de destina\u00e7\u00e3o do Imposto de Renda 2026 com a colabora\u00e7\u00e3o do CRC-ES.","og_url":"https:\/\/www.encontravitoria.com.br\/guia\/comid-fortalece-parceria-com-crc\/","og_site_name":"Guia Comercial de Vit\u00f3ria ES","article_published_time":"2026-07-06T16:21:04+00:00","og_image":[{"url":"https:\/\/www.encontravitoria.com.br\/guia\/wp-content\/uploads\/2026\/07\/comid-fortalece-parceria-com-crc.webp","type":"","width":"","height":""}],"author":"Encontra Vit\u00f3ria","twitter_card":"summary_large_image","twitter_misc":{"Escrito por":"Encontra Vit\u00f3ria","Est. tempo de leitura":"5 minutos"},"schema":{"@context":"https:\/\/schema.org","@graph":[{"@type":"Article","@id":"https:\/\/www.encontravitoria.com.br\/guia\/comid-fortalece-parceria-com-crc\/#article","isPartOf":{"@id":"https:\/\/www.encontravitoria.com.br\/guia\/comid-fortalece-parceria-com-crc\/"},"author":{"name":"Encontra Vit\u00f3ria","@id":"https:\/\/www.encontravitoria.com.br\/guia\/#\/schema\/person\/e5c86e2a8d5a2a0333f0c44792c74c65"},"headline":"Comid fortalece parceria com CRC","datePublished":"2026-07-06T16:21:04+00:00","mainEntityOfPage":{"@id":"https:\/\/www.encontravitoria.com.br\/guia\/comid-fortalece-parceria-com-crc\/"},"wordCount":971,"commentCount":0,"image":{"@id":"https:\/\/www.encontravitoria.com.br\/guia\/comid-fortalece-parceria-com-crc\/#primaryimage"},"thumbnailUrl":"https:\/\/www.encontravitoria.com.br\/guia\/wp-content\/uploads\/2026\/07\/comid-fortalece-parceria-com-crc.webp","articleSection":["Not\u00edcias Vit\u00f3ria"],"inLanguage":"pt-BR","potentialAction":[{"@type":"CommentAction","name":"Comment","target":["https:\/\/www.encontravitoria.com.br\/guia\/comid-fortalece-parceria-com-crc\/#respond"]}]},{"@type":"WebPage","@id":"https:\/\/www.encontravitoria.com.br\/guia\/comid-fortalece-parceria-com-crc\/","url":"https:\/\/www.encontravitoria.com.br\/guia\/comid-fortalece-parceria-com-crc\/","name":"Comid fortalece parceria com CRC | Guia Comercial de Vit\u00f3ria ES","isPartOf":{"@id":"https:\/\/www.encontravitoria.com.br\/guia\/#website"},"primaryImageOfPage":{"@id":"https:\/\/www.encontravitoria.com.br\/guia\/comid-fortalece-parceria-com-crc\/#primaryimage"},"image":{"@id":"https:\/\/www.encontravitoria.com.br\/guia\/comid-fortalece-parceria-com-crc\/#primaryimage"},"thumbnailUrl":"https:\/\/www.encontravitoria.com.br\/guia\/wp-content\/uploads\/2026\/07\/comid-fortalece-parceria-com-crc.webp","datePublished":"2026-07-06T16:21:04+00:00","author":{"@id":"https:\/\/www.encontravitoria.com.br\/guia\/#\/schema\/person\/e5c86e2a8d5a2a0333f0c44792c74c65"},"inLanguage":"pt-BR","potentialAction":[{"@type":"ReadAction","target":["https:\/\/www.encontravitoria.com.br\/guia\/comid-fortalece-parceria-com-crc\/"]}]},{"@type":"ImageObject","inLanguage":"pt-BR","@id":"https:\/\/www.encontravitoria.com.br\/guia\/comid-fortalece-parceria-com-crc\/#primaryimage","url":"https:\/\/www.encontravitoria.com.br\/guia\/wp-content\/uploads\/2026\/07\/comid-fortalece-parceria-com-crc.webp","contentUrl":"https:\/\/www.encontravitoria.com.br\/guia\/wp-content\/uploads\/2026\/07\/comid-fortalece-parceria-com-crc.webp","width":280,"height":280,"caption":"campanha de destina\u00e7\u00e3o do Imposto de Renda 2026"},{"@type":"WebSite","@id":"https:\/\/www.encontravitoria.com.br\/guia\/#website","url":"https:\/\/www.encontravitoria.com.br\/guia\/","name":"Guia Comercial de Vit\u00f3ria ES","description":"ENCONTRA VIT\u00d3RIA - O guia comercial de neg\u00f3cios e empresas, cultura e divers\u00e3o na cidade de Vit\u00f3ria. Feito 100% para voc\u00ea morador!","potentialAction":[{"@type":"SearchAction","target":{"@type":"EntryPoint","urlTemplate":"https:\/\/www.encontravitoria.com.br\/guia\/?s={search_term_string}"},"query-input":{"@type":"PropertyValueSpecification","valueRequired":true,"valueName":"search_term_string"}}],"inLanguage":"pt-BR"},{"@type":"Person","@id":"https:\/\/www.encontravitoria.com.br\/guia\/#\/schema\/person\/e5c86e2a8d5a2a0333f0c44792c74c65","name":"Encontra Vit\u00f3ria","image":{"@type":"ImageObject","inLanguage":"pt-BR","@id":"https:\/\/secure.gravatar.com\/avatar\/c50c17820bcf322f0a8fd6b110b8c0918141409dc69076470f6fca5fee70a5d4?s=96&d=mm&r=g","url":"https:\/\/secure.gravatar.com\/avatar\/c50c17820bcf322f0a8fd6b110b8c0918141409dc69076470f6fca5fee70a5d4?s=96&d=mm&r=g","contentUrl":"https:\/\/secure.gravatar.com\/avatar\/c50c17820bcf322f0a8fd6b110b8c0918141409dc69076470f6fca5fee70a5d4?s=96&d=mm&r=g","caption":"Encontra Vit\u00f3ria"},"url":"https:\/\/www.encontravitoria.com.br\/guia\/author\/encontravitoria\/"}]}},"_links":{"self":[{"href":"https:\/\/www.encontravitoria.com.br\/guia\/wp-json\/wp\/v2\/posts\/8296","targetHints":{"allow":["GET"]}}],"collection":[{"href":"https:\/\/www.encontravitoria.com.br\/guia\/wp-json\/wp\/v2\/posts"}],"about":[{"href":"https:\/\/www.encontravitoria.com.br\/guia\/wp-json\/wp\/v2\/types\/post"}],"author":[{"embeddable":true,"href":"https:\/\/www.encontravitoria.com.br\/guia\/wp-json\/wp\/v2\/users\/1"}],"replies":[{"embeddable":true,"href":"https:\/\/www.encontravitoria.com.br\/guia\/wp-json\/wp\/v2\/comments?post=8296"}],"version-history":[{"count":0,"href":"https:\/\/www.encontravitoria.com.br\/guia\/wp-json\/wp\/v2\/posts\/8296\/revisions"}],"wp:featuredmedia":[{"embeddable":true,"href":"https:\/\/www.encontravitoria.com.br\/guia\/wp-json\/wp\/v2\/media\/8295"}],"wp:attachment":[{"href":"https:\/\/www.encontravitoria.com.br\/guia\/wp-json\/wp\/v2\/media?parent=8296"}],"wp:term":[{"taxonomy":"category","embeddable":true,"href":"https:\/\/www.encontravitoria.com.br\/guia\/wp-json\/wp\/v2\/categories?post=8296"},{"taxonomy":"post_tag","embeddable":true,"href":"https:\/\/www.encontravitoria.com.br\/guia\/wp-json\/wp\/v2\/tags?post=8296"}],"curies":[{"name":"wp","href":"https:\/\/api.w.org\/{rel}","templated":true}]}}