{"id":8302,"date":"2026-07-07T14:48:05","date_gmt":"2026-07-07T17:48:05","guid":{"rendered":"https:\/\/www.encontravitoria.com.br\/guia\/robo-maria-vitoria-e-destaque-na-semana-nacional-de-saude-do-conselho-nacional-de-justica\/"},"modified":"2026-07-07T14:48:05","modified_gmt":"2026-07-07T17:48:05","slug":"robo-maria-vitoria-e-destaque-na-semana-nacional-de-saude-do-conselho-nacional-de-justica","status":"publish","type":"post","link":"https:\/\/www.encontravitoria.com.br\/guia\/robo-maria-vitoria-e-destaque-na-semana-nacional-de-saude-do-conselho-nacional-de-justica\/","title":{"rendered":"Rob\u00f4 Maria Vit\u00f3ria \u00e9 destaque na semana Nacional de Sa\u00fade do Conselho Nacional de Justi\u00e7a"},"content":{"rendered":"<h2>Abertura da Semana Nacional de Sa\u00fade<\/h2>\n<p>A Secretaria Municipal de Sa\u00fade de Vit\u00f3ria (Semus) est\u00e1 presente na II Semana Nacional de Sa\u00fade, que ocorre de 6 a 10 de abril. Durante o evento de abertura, a subsecret\u00e1ria de Aten\u00e7\u00e3o \u00e0 Sa\u00fade, Patr\u00edcia Vedova, fez uma apresenta\u00e7\u00e3o sobre as inova\u00e7\u00f5es e acessibilidade da sa\u00fade p\u00fablica, destacando como a tecnologia deve transformar o atendimento no setor p\u00fablico.<\/p>\n<h2>Inova\u00e7\u00e3o e Acessibilidade na Sa\u00fade<\/h2>\n<p>A palestra proferida por Patr\u00edcia Vedova abordou os avan\u00e7os tecnol\u00f3gicos implementados na sa\u00fade municipal, enfatizando a import\u00e2ncia da acessibilidade nos servi\u00e7os p\u00fablicos e a necessidade de garantir que todos, independentemente de suas condi\u00e7\u00f5es f\u00edsicas, possam acessar cuidados de sa\u00fade adequados. Nas suas palavras, &#8220;a tecnologia n\u00e3o \u00e9 apenas uma ferramenta, mas sim um meio para promover a sa\u00fade p\u00fablica e o bem-estar da popula\u00e7\u00e3o. Esperamos que todos tenham a oportunidade de usufruir dessas inova\u00e7\u00f5es&#8221;.<\/p>\n<h2>Palestra sobre Sa\u00fade Digital<\/h2>\n<p>No evento, foi evidenciado o investimento superior a R$ 50 milh\u00f5es em tecnologia na sa\u00fade municipal, com mais de 30 milh\u00f5es de procedimentos realizados desde 2021. A subsecret\u00e1ria ressaltou que o n\u00famero de atendimentos a idosos aumentou em 66% em compara\u00e7\u00e3o ao atendimento a crian\u00e7as e adolescentes, sublinhando que o cuidado \u00e0 sa\u00fade dessa faixa et\u00e1ria \u00e9 uma prioridade na rede. Essa informa\u00e7\u00e3o foi recebida com grande interesse pelos presentes, gerando discuss\u00f5es sobre a necessidade de continuar a expandir esses servi\u00e7os.<\/p>\n<p><img decoding=\"async\" src=\"https:\/\/www.encontravitoria.com.br\/guia\/wp-content\/uploads\/2026\/07\/robo-maria-vitoria-e-destaque-na-semana-nacional-de-saude-do-conselho-nacional-de-justica.webp\" alt=\"Rob\u00f4 Maria Vit\u00f3ria\" loading=\"lazy\" \/><\/p>\n<h2>Resultados Impressionantes da Semus<\/h2>\n<p>Patr\u00edcia Vedova tamb\u00e9m destacou v\u00e1rios indicadores de sa\u00fade que refletem o sucesso das iniciativas da Semus. Os dados demonstram que com a digitaliza\u00e7\u00e3o e a implementa\u00e7\u00e3o de novos sistemas de monitoramento, houve uma melhoria significativa na gest\u00e3o dos servi\u00e7os de sa\u00fade, permitindo um acesso mais eficiente e efetivo \u00e0s informa\u00e7\u00f5es pertinentes \u00e0 popula\u00e7\u00e3o.<\/p>\n<h2>Import\u00e2ncia da Rob\u00f3tica na Sa\u00fade<\/h2>\n<p>Um dos destaques do evento foi a apresenta\u00e7\u00e3o da rob\u00f4 Maria Vit\u00f3ria, uma novidade que promete revolucionar a forma como os servi\u00e7os de sa\u00fade para crian\u00e7as e adolescentes s\u00e3o prestados. Esta rob\u00f4 atuar\u00e1 como uma aliada nos cuidados, proporcionando apoio emocional e informa\u00e7\u00f5es essenciais aos pacientes. A cria\u00e7\u00e3o e utiliza\u00e7\u00e3o deste tipo de tecnologia enfatiza o compromisso da gest\u00e3o com a sa\u00fade mental infantojuvenil, ao introduzir m\u00e9todos inovadores no ambiente de cuidado.<\/p>\n<h2>Desempenho da Sa\u00fade para a Popula\u00e7\u00e3o Idosa<\/h2>\n<p>A subsecret\u00e1ria abordou ainda a import\u00e2ncia de atender cada vez melhor a popula\u00e7\u00e3o idosa, que representa uma parte significativa do atendimento nas unidades de sa\u00fade. Com um aumento vis\u00edvel na demanda, a Semus busca criar condi\u00e7\u00f5es para um atendimento mais acolhedor, garantindo que essa parcela da popula\u00e7\u00e3o tenha todas as suas necessidades atendidas de forma justa e humanizada.<\/p>\n<h2>Pain\u00e9is de Monitoramento Dispon\u00edveis<\/h2>\n<p>A gest\u00e3o da Semus apresentou diversos pain\u00e9is de monitoramento, que s\u00e3o ferramentas \u00fateis para a transpar\u00eancia e acompanhamento das a\u00e7\u00f5es de sa\u00fade da cidade. Estes pain\u00e9is, dispon\u00edveis ao p\u00fablico, abrangem informa\u00e7\u00f5es sobre medicamentos, a efic\u00e1cia do fumac\u00ea e outros atendimentos especializados. Essa transpar\u00eancia \u00e9 um passo importante para o fortalecimento da confian\u00e7a entre a popula\u00e7\u00e3o e os servi\u00e7os prestados.<\/p>\n<h2>Vit\u00f3rIA: Assistente Virtual Revolucion\u00e1ria<\/h2>\n<p>A Vit\u00f3rIA, assistente virtual da Semus, foi citada como uma inova\u00e7\u00e3o no suporte ao paciente, operando via WhatsApp. Essa ferramenta tem sido fundamental para tirar d\u00favidas e mobilizar a popula\u00e7\u00e3o em rela\u00e7\u00e3o aos servi\u00e7os dispon\u00edveis. Com a intera\u00e7\u00e3o promovida pela assistente, a taxa de satisfa\u00e7\u00e3o nos servi\u00e7os aumentou, provando ser uma ferramenta eficaz que contribui para o fortalecimento da rela\u00e7\u00e3o entre a sa\u00fade p\u00fablica e os mun\u00edcipes.<\/p>\n<h2>Atividades e Oficinas Durante a Semana<\/h2>\n<p>No dia 8 de abril, a Semus realizar\u00e1 diversas atividades de promo\u00e7\u00e3o \u00e0 sa\u00fade, incluindo oficinas focadas na preven\u00e7\u00e3o de quedas para idosos, vacinas, testes r\u00e1pidos para ISTs e orienta\u00e7\u00f5es sobre nutri\u00e7\u00e3o. Esse clamor por iniciativas educativas refor\u00e7a a inten\u00e7\u00e3o da gest\u00e3o em oferecer um compreensivo suporte \u00e0 sa\u00fade da popula\u00e7\u00e3o.<\/p>\n<h2>Colabora\u00e7\u00e3o entre Poderes na Sa\u00fade<\/h2>\n<p>A Semana Nacional da Sa\u00fade, criada pela Resolu\u00e7\u00e3o CNJ n\u00ba 576\/2024, \u00e9 uma iniciativa que busca unir os esfor\u00e7os dos Poderes Judici\u00e1rio, Executivo e Legislativo, promovendo a integra\u00e7\u00e3o entre diversas esferas e fomentando a\u00e7\u00f5es que beneficiem a popula\u00e7\u00e3o. Esta colabora\u00e7\u00e3o \u00e9 essencial para conseguir unir for\u00e7as em prol da melhoria dos servi\u00e7os de sa\u00fade, promovendo uma cultura de qualidade e efici\u00eancia no atendimento p\u00fablico.<\/p>\n<p>Com toda essa programa\u00e7\u00e3o e inova\u00e7\u00f5es, a Semana Nacional de Sa\u00fade representa uma oportunidade valiosa para discutir melhorias na sa\u00fade p\u00fablica e promover a conscientiza\u00e7\u00e3o sobre a import\u00e2ncia de um atendimento cada vez mais acess\u00edvel e eficiente.<\/p>\n","protected":false},"excerpt":{"rendered":"<p>Rob\u00f4 Maria Vit\u00f3ria traz inova\u00e7\u00e3o na Semana Nacional de Sa\u00fade.<\/p>\n","protected":false},"author":1,"featured_media":8301,"comment_status":"open","ping_status":"open","sticky":false,"template":"","format":"standard","meta":{"footnotes":""},"categories":[5],"tags":[],"class_list":["post-8302","post","type-post","status-publish","format-standard","has-post-thumbnail","hentry","category-noticias","has_thumb"],"yoast_head":"<!-- This site is optimized with the Yoast SEO plugin v27.9 - https:\/\/yoast.com\/product\/yoast-seo-wordpress\/ -->\n<title>Rob\u00f4 Maria Vit\u00f3ria \u00e9 destaque na semana Nacional de Sa\u00fade do Conselho Nacional de Justi\u00e7a | Guia Comercial de Vit\u00f3ria ES<\/title>\n<meta name=\"robots\" content=\"index, follow, max-snippet:-1, max-image-preview:large, max-video-preview:-1\" \/>\n<link rel=\"canonical\" href=\"https:\/\/www.encontravitoria.com.br\/guia\/robo-maria-vitoria-e-destaque-na-semana-nacional-de-saude-do-conselho-nacional-de-justica\/\" \/>\n<meta property=\"og:locale\" content=\"pt_BR\" \/>\n<meta property=\"og:type\" content=\"article\" \/>\n<meta property=\"og:title\" content=\"Rob\u00f4 Maria Vit\u00f3ria \u00e9 destaque na semana Nacional de Sa\u00fade do Conselho Nacional de Justi\u00e7a | Guia Comercial de Vit\u00f3ria ES\" \/>\n<meta property=\"og:description\" content=\"Rob\u00f4 Maria Vit\u00f3ria traz inova\u00e7\u00e3o na Semana Nacional de Sa\u00fade.\" \/>\n<meta property=\"og:url\" content=\"https:\/\/www.encontravitoria.com.br\/guia\/robo-maria-vitoria-e-destaque-na-semana-nacional-de-saude-do-conselho-nacional-de-justica\/\" \/>\n<meta property=\"og:site_name\" content=\"Guia Comercial de Vit\u00f3ria ES\" \/>\n<meta property=\"article:published_time\" content=\"2026-07-07T17:48:05+00:00\" \/>\n<meta property=\"og:image\" content=\"https:\/\/www.encontravitoria.com.br\/guia\/wp-content\/uploads\/2026\/07\/robo-maria-vitoria-e-destaque-na-semana-nacional-de-saude-do-conselho-nacional-de-justica.webp\" \/>\n<meta name=\"author\" content=\"Encontra Vit\u00f3ria\" \/>\n<meta name=\"twitter:card\" content=\"summary_large_image\" \/>\n<meta name=\"twitter:label1\" content=\"Escrito por\" \/>\n\t<meta name=\"twitter:data1\" content=\"Encontra Vit\u00f3ria\" \/>\n\t<meta name=\"twitter:label2\" content=\"Est. tempo de leitura\" \/>\n\t<meta name=\"twitter:data2\" content=\"4 minutos\" \/>\n<script type=\"application\/ld+json\" class=\"yoast-schema-graph\">{\"@context\":\"https:\\\/\\\/schema.org\",\"@graph\":[{\"@type\":\"Article\",\"@id\":\"https:\\\/\\\/www.encontravitoria.com.br\\\/guia\\\/robo-maria-vitoria-e-destaque-na-semana-nacional-de-saude-do-conselho-nacional-de-justica\\\/#article\",\"isPartOf\":{\"@id\":\"https:\\\/\\\/www.encontravitoria.com.br\\\/guia\\\/robo-maria-vitoria-e-destaque-na-semana-nacional-de-saude-do-conselho-nacional-de-justica\\\/\"},\"author\":{\"name\":\"Encontra Vit\u00f3ria\",\"@id\":\"https:\\\/\\\/www.encontravitoria.com.br\\\/guia\\\/#\\\/schema\\\/person\\\/e5c86e2a8d5a2a0333f0c44792c74c65\"},\"headline\":\"Rob\u00f4 Maria Vit\u00f3ria \u00e9 destaque na semana Nacional de Sa\u00fade do Conselho Nacional de Justi\u00e7a\",\"datePublished\":\"2026-07-07T17:48:05+00:00\",\"mainEntityOfPage\":{\"@id\":\"https:\\\/\\\/www.encontravitoria.com.br\\\/guia\\\/robo-maria-vitoria-e-destaque-na-semana-nacional-de-saude-do-conselho-nacional-de-justica\\\/\"},\"wordCount\":869,\"commentCount\":0,\"image\":{\"@id\":\"https:\\\/\\\/www.encontravitoria.com.br\\\/guia\\\/robo-maria-vitoria-e-destaque-na-semana-nacional-de-saude-do-conselho-nacional-de-justica\\\/#primaryimage\"},\"thumbnailUrl\":\"https:\\\/\\\/www.encontravitoria.com.br\\\/guia\\\/wp-content\\\/uploads\\\/2026\\\/07\\\/robo-maria-vitoria-e-destaque-na-semana-nacional-de-saude-do-conselho-nacional-de-justica.webp\",\"articleSection\":[\"Not\u00edcias Vit\u00f3ria\"],\"inLanguage\":\"pt-BR\",\"potentialAction\":[{\"@type\":\"CommentAction\",\"name\":\"Comment\",\"target\":[\"https:\\\/\\\/www.encontravitoria.com.br\\\/guia\\\/robo-maria-vitoria-e-destaque-na-semana-nacional-de-saude-do-conselho-nacional-de-justica\\\/#respond\"]}]},{\"@type\":\"WebPage\",\"@id\":\"https:\\\/\\\/www.encontravitoria.com.br\\\/guia\\\/robo-maria-vitoria-e-destaque-na-semana-nacional-de-saude-do-conselho-nacional-de-justica\\\/\",\"url\":\"https:\\\/\\\/www.encontravitoria.com.br\\\/guia\\\/robo-maria-vitoria-e-destaque-na-semana-nacional-de-saude-do-conselho-nacional-de-justica\\\/\",\"name\":\"Rob\u00f4 Maria Vit\u00f3ria \u00e9 destaque na semana Nacional de Sa\u00fade do Conselho Nacional de Justi\u00e7a | Guia Comercial de Vit\u00f3ria ES\",\"isPartOf\":{\"@id\":\"https:\\\/\\\/www.encontravitoria.com.br\\\/guia\\\/#website\"},\"primaryImageOfPage\":{\"@id\":\"https:\\\/\\\/www.encontravitoria.com.br\\\/guia\\\/robo-maria-vitoria-e-destaque-na-semana-nacional-de-saude-do-conselho-nacional-de-justica\\\/#primaryimage\"},\"image\":{\"@id\":\"https:\\\/\\\/www.encontravitoria.com.br\\\/guia\\\/robo-maria-vitoria-e-destaque-na-semana-nacional-de-saude-do-conselho-nacional-de-justica\\\/#primaryimage\"},\"thumbnailUrl\":\"https:\\\/\\\/www.encontravitoria.com.br\\\/guia\\\/wp-content\\\/uploads\\\/2026\\\/07\\\/robo-maria-vitoria-e-destaque-na-semana-nacional-de-saude-do-conselho-nacional-de-justica.webp\",\"datePublished\":\"2026-07-07T17:48:05+00:00\",\"author\":{\"@id\":\"https:\\\/\\\/www.encontravitoria.com.br\\\/guia\\\/#\\\/schema\\\/person\\\/e5c86e2a8d5a2a0333f0c44792c74c65\"},\"inLanguage\":\"pt-BR\",\"potentialAction\":[{\"@type\":\"ReadAction\",\"target\":[\"https:\\\/\\\/www.encontravitoria.com.br\\\/guia\\\/robo-maria-vitoria-e-destaque-na-semana-nacional-de-saude-do-conselho-nacional-de-justica\\\/\"]}]},{\"@type\":\"ImageObject\",\"inLanguage\":\"pt-BR\",\"@id\":\"https:\\\/\\\/www.encontravitoria.com.br\\\/guia\\\/robo-maria-vitoria-e-destaque-na-semana-nacional-de-saude-do-conselho-nacional-de-justica\\\/#primaryimage\",\"url\":\"https:\\\/\\\/www.encontravitoria.com.br\\\/guia\\\/wp-content\\\/uploads\\\/2026\\\/07\\\/robo-maria-vitoria-e-destaque-na-semana-nacional-de-saude-do-conselho-nacional-de-justica.webp\",\"contentUrl\":\"https:\\\/\\\/www.encontravitoria.com.br\\\/guia\\\/wp-content\\\/uploads\\\/2026\\\/07\\\/robo-maria-vitoria-e-destaque-na-semana-nacional-de-saude-do-conselho-nacional-de-justica.webp\",\"width\":280,\"height\":280,\"caption\":\"Rob\u00f4 Maria Vit\u00f3ria\"},{\"@type\":\"WebSite\",\"@id\":\"https:\\\/\\\/www.encontravitoria.com.br\\\/guia\\\/#website\",\"url\":\"https:\\\/\\\/www.encontravitoria.com.br\\\/guia\\\/\",\"name\":\"Guia Comercial de Vit\u00f3ria ES\",\"description\":\"ENCONTRA VIT\u00d3RIA - O guia comercial de neg\u00f3cios e empresas, cultura e divers\u00e3o na cidade de Vit\u00f3ria. Feito 100% para voc\u00ea morador!\",\"potentialAction\":[{\"@type\":\"SearchAction\",\"target\":{\"@type\":\"EntryPoint\",\"urlTemplate\":\"https:\\\/\\\/www.encontravitoria.com.br\\\/guia\\\/?s={search_term_string}\"},\"query-input\":{\"@type\":\"PropertyValueSpecification\",\"valueRequired\":true,\"valueName\":\"search_term_string\"}}],\"inLanguage\":\"pt-BR\"},{\"@type\":\"Person\",\"@id\":\"https:\\\/\\\/www.encontravitoria.com.br\\\/guia\\\/#\\\/schema\\\/person\\\/e5c86e2a8d5a2a0333f0c44792c74c65\",\"name\":\"Encontra Vit\u00f3ria\",\"image\":{\"@type\":\"ImageObject\",\"inLanguage\":\"pt-BR\",\"@id\":\"https:\\\/\\\/secure.gravatar.com\\\/avatar\\\/c50c17820bcf322f0a8fd6b110b8c0918141409dc69076470f6fca5fee70a5d4?s=96&d=mm&r=g\",\"url\":\"https:\\\/\\\/secure.gravatar.com\\\/avatar\\\/c50c17820bcf322f0a8fd6b110b8c0918141409dc69076470f6fca5fee70a5d4?s=96&d=mm&r=g\",\"contentUrl\":\"https:\\\/\\\/secure.gravatar.com\\\/avatar\\\/c50c17820bcf322f0a8fd6b110b8c0918141409dc69076470f6fca5fee70a5d4?s=96&d=mm&r=g\",\"caption\":\"Encontra Vit\u00f3ria\"},\"url\":\"https:\\\/\\\/www.encontravitoria.com.br\\\/guia\\\/author\\\/encontravitoria\\\/\"}]}<\/script>\n<!-- \/ Yoast SEO plugin. -->","yoast_head_json":{"title":"Rob\u00f4 Maria Vit\u00f3ria \u00e9 destaque na semana Nacional de Sa\u00fade do Conselho Nacional de Justi\u00e7a | Guia Comercial de Vit\u00f3ria ES","robots":{"index":"index","follow":"follow","max-snippet":"max-snippet:-1","max-image-preview":"max-image-preview:large","max-video-preview":"max-video-preview:-1"},"canonical":"https:\/\/www.encontravitoria.com.br\/guia\/robo-maria-vitoria-e-destaque-na-semana-nacional-de-saude-do-conselho-nacional-de-justica\/","og_locale":"pt_BR","og_type":"article","og_title":"Rob\u00f4 Maria Vit\u00f3ria \u00e9 destaque na semana Nacional de Sa\u00fade do Conselho Nacional de Justi\u00e7a | Guia Comercial de Vit\u00f3ria ES","og_description":"Rob\u00f4 Maria Vit\u00f3ria traz inova\u00e7\u00e3o na Semana Nacional de Sa\u00fade.","og_url":"https:\/\/www.encontravitoria.com.br\/guia\/robo-maria-vitoria-e-destaque-na-semana-nacional-de-saude-do-conselho-nacional-de-justica\/","og_site_name":"Guia Comercial de Vit\u00f3ria ES","article_published_time":"2026-07-07T17:48:05+00:00","og_image":[{"url":"https:\/\/www.encontravitoria.com.br\/guia\/wp-content\/uploads\/2026\/07\/robo-maria-vitoria-e-destaque-na-semana-nacional-de-saude-do-conselho-nacional-de-justica.webp","type":"","width":"","height":""}],"author":"Encontra Vit\u00f3ria","twitter_card":"summary_large_image","twitter_misc":{"Escrito por":"Encontra Vit\u00f3ria","Est. tempo de leitura":"4 minutos"},"schema":{"@context":"https:\/\/schema.org","@graph":[{"@type":"Article","@id":"https:\/\/www.encontravitoria.com.br\/guia\/robo-maria-vitoria-e-destaque-na-semana-nacional-de-saude-do-conselho-nacional-de-justica\/#article","isPartOf":{"@id":"https:\/\/www.encontravitoria.com.br\/guia\/robo-maria-vitoria-e-destaque-na-semana-nacional-de-saude-do-conselho-nacional-de-justica\/"},"author":{"name":"Encontra Vit\u00f3ria","@id":"https:\/\/www.encontravitoria.com.br\/guia\/#\/schema\/person\/e5c86e2a8d5a2a0333f0c44792c74c65"},"headline":"Rob\u00f4 Maria Vit\u00f3ria \u00e9 destaque na semana Nacional de Sa\u00fade do Conselho Nacional de Justi\u00e7a","datePublished":"2026-07-07T17:48:05+00:00","mainEntityOfPage":{"@id":"https:\/\/www.encontravitoria.com.br\/guia\/robo-maria-vitoria-e-destaque-na-semana-nacional-de-saude-do-conselho-nacional-de-justica\/"},"wordCount":869,"commentCount":0,"image":{"@id":"https:\/\/www.encontravitoria.com.br\/guia\/robo-maria-vitoria-e-destaque-na-semana-nacional-de-saude-do-conselho-nacional-de-justica\/#primaryimage"},"thumbnailUrl":"https:\/\/www.encontravitoria.com.br\/guia\/wp-content\/uploads\/2026\/07\/robo-maria-vitoria-e-destaque-na-semana-nacional-de-saude-do-conselho-nacional-de-justica.webp","articleSection":["Not\u00edcias Vit\u00f3ria"],"inLanguage":"pt-BR","potentialAction":[{"@type":"CommentAction","name":"Comment","target":["https:\/\/www.encontravitoria.com.br\/guia\/robo-maria-vitoria-e-destaque-na-semana-nacional-de-saude-do-conselho-nacional-de-justica\/#respond"]}]},{"@type":"WebPage","@id":"https:\/\/www.encontravitoria.com.br\/guia\/robo-maria-vitoria-e-destaque-na-semana-nacional-de-saude-do-conselho-nacional-de-justica\/","url":"https:\/\/www.encontravitoria.com.br\/guia\/robo-maria-vitoria-e-destaque-na-semana-nacional-de-saude-do-conselho-nacional-de-justica\/","name":"Rob\u00f4 Maria Vit\u00f3ria \u00e9 destaque na semana Nacional de Sa\u00fade do Conselho Nacional de Justi\u00e7a | Guia Comercial de Vit\u00f3ria ES","isPartOf":{"@id":"https:\/\/www.encontravitoria.com.br\/guia\/#website"},"primaryImageOfPage":{"@id":"https:\/\/www.encontravitoria.com.br\/guia\/robo-maria-vitoria-e-destaque-na-semana-nacional-de-saude-do-conselho-nacional-de-justica\/#primaryimage"},"image":{"@id":"https:\/\/www.encontravitoria.com.br\/guia\/robo-maria-vitoria-e-destaque-na-semana-nacional-de-saude-do-conselho-nacional-de-justica\/#primaryimage"},"thumbnailUrl":"https:\/\/www.encontravitoria.com.br\/guia\/wp-content\/uploads\/2026\/07\/robo-maria-vitoria-e-destaque-na-semana-nacional-de-saude-do-conselho-nacional-de-justica.webp","datePublished":"2026-07-07T17:48:05+00:00","author":{"@id":"https:\/\/www.encontravitoria.com.br\/guia\/#\/schema\/person\/e5c86e2a8d5a2a0333f0c44792c74c65"},"inLanguage":"pt-BR","potentialAction":[{"@type":"ReadAction","target":["https:\/\/www.encontravitoria.com.br\/guia\/robo-maria-vitoria-e-destaque-na-semana-nacional-de-saude-do-conselho-nacional-de-justica\/"]}]},{"@type":"ImageObject","inLanguage":"pt-BR","@id":"https:\/\/www.encontravitoria.com.br\/guia\/robo-maria-vitoria-e-destaque-na-semana-nacional-de-saude-do-conselho-nacional-de-justica\/#primaryimage","url":"https:\/\/www.encontravitoria.com.br\/guia\/wp-content\/uploads\/2026\/07\/robo-maria-vitoria-e-destaque-na-semana-nacional-de-saude-do-conselho-nacional-de-justica.webp","contentUrl":"https:\/\/www.encontravitoria.com.br\/guia\/wp-content\/uploads\/2026\/07\/robo-maria-vitoria-e-destaque-na-semana-nacional-de-saude-do-conselho-nacional-de-justica.webp","width":280,"height":280,"caption":"Rob\u00f4 Maria Vit\u00f3ria"},{"@type":"WebSite","@id":"https:\/\/www.encontravitoria.com.br\/guia\/#website","url":"https:\/\/www.encontravitoria.com.br\/guia\/","name":"Guia Comercial de Vit\u00f3ria ES","description":"ENCONTRA VIT\u00d3RIA - O guia comercial de neg\u00f3cios e empresas, cultura e divers\u00e3o na cidade de Vit\u00f3ria. Feito 100% para voc\u00ea morador!","potentialAction":[{"@type":"SearchAction","target":{"@type":"EntryPoint","urlTemplate":"https:\/\/www.encontravitoria.com.br\/guia\/?s={search_term_string}"},"query-input":{"@type":"PropertyValueSpecification","valueRequired":true,"valueName":"search_term_string"}}],"inLanguage":"pt-BR"},{"@type":"Person","@id":"https:\/\/www.encontravitoria.com.br\/guia\/#\/schema\/person\/e5c86e2a8d5a2a0333f0c44792c74c65","name":"Encontra Vit\u00f3ria","image":{"@type":"ImageObject","inLanguage":"pt-BR","@id":"https:\/\/secure.gravatar.com\/avatar\/c50c17820bcf322f0a8fd6b110b8c0918141409dc69076470f6fca5fee70a5d4?s=96&d=mm&r=g","url":"https:\/\/secure.gravatar.com\/avatar\/c50c17820bcf322f0a8fd6b110b8c0918141409dc69076470f6fca5fee70a5d4?s=96&d=mm&r=g","contentUrl":"https:\/\/secure.gravatar.com\/avatar\/c50c17820bcf322f0a8fd6b110b8c0918141409dc69076470f6fca5fee70a5d4?s=96&d=mm&r=g","caption":"Encontra Vit\u00f3ria"},"url":"https:\/\/www.encontravitoria.com.br\/guia\/author\/encontravitoria\/"}]}},"_links":{"self":[{"href":"https:\/\/www.encontravitoria.com.br\/guia\/wp-json\/wp\/v2\/posts\/8302","targetHints":{"allow":["GET"]}}],"collection":[{"href":"https:\/\/www.encontravitoria.com.br\/guia\/wp-json\/wp\/v2\/posts"}],"about":[{"href":"https:\/\/www.encontravitoria.com.br\/guia\/wp-json\/wp\/v2\/types\/post"}],"author":[{"embeddable":true,"href":"https:\/\/www.encontravitoria.com.br\/guia\/wp-json\/wp\/v2\/users\/1"}],"replies":[{"embeddable":true,"href":"https:\/\/www.encontravitoria.com.br\/guia\/wp-json\/wp\/v2\/comments?post=8302"}],"version-history":[{"count":0,"href":"https:\/\/www.encontravitoria.com.br\/guia\/wp-json\/wp\/v2\/posts\/8302\/revisions"}],"wp:featuredmedia":[{"embeddable":true,"href":"https:\/\/www.encontravitoria.com.br\/guia\/wp-json\/wp\/v2\/media\/8301"}],"wp:attachment":[{"href":"https:\/\/www.encontravitoria.com.br\/guia\/wp-json\/wp\/v2\/media?parent=8302"}],"wp:term":[{"taxonomy":"category","embeddable":true,"href":"https:\/\/www.encontravitoria.com.br\/guia\/wp-json\/wp\/v2\/categories?post=8302"},{"taxonomy":"post_tag","embeddable":true,"href":"https:\/\/www.encontravitoria.com.br\/guia\/wp-json\/wp\/v2\/tags?post=8302"}],"curies":[{"name":"wp","href":"https:\/\/api.w.org\/{rel}","templated":true}]}}