{"id":8310,"date":"2026-07-08T15:59:32","date_gmt":"2026-07-08T18:59:32","guid":{"rendered":"https:\/\/www.encontravitoria.com.br\/guia\/vitoria-475-anos-concurso-convida-estudantes-a-desenharem-a-historia-da-capital\/"},"modified":"2026-07-08T15:59:32","modified_gmt":"2026-07-08T18:59:32","slug":"vitoria-475-anos-concurso-convida-estudantes-a-desenharem-a-historia-da-capital","status":"publish","type":"post","link":"https:\/\/www.encontravitoria.com.br\/guia\/vitoria-475-anos-concurso-convida-estudantes-a-desenharem-a-historia-da-capital\/","title":{"rendered":"Vit\u00f3ria 475 anos: concurso convida estudantes a desenharem a hist\u00f3ria da capital"},"content":{"rendered":"<h2>Convite aos Jovens Artistas de Vit\u00f3ria<\/h2>\n<p>O concurso de desenhos &#8220;Meu Presente para Vit\u00f3ria&#8221; \u00e9 uma oportunidade empolgante para que os estudantes da rede p\u00fablica municipal expressem sua conex\u00e3o com a cidade. Comemorando 475 anos, Vit\u00f3ria convida jovens artistas a retratar, atrav\u00e9s da arte, as paisagens, mem\u00f3rias e sentimentos que a capital capixaba inspira em cada um.<\/p>\n<h2>Como Participar do Concurso de Desenho<\/h2>\n<p>Os interessados, estudantes do 1\u00ba ao 9\u00ba ano do Ensino Fundamental, devem se inscrever at\u00e9 o dia 6 de agosto. Para participar, \u00e9 necess\u00e1rio que as inscri\u00e7\u00f5es sejam realizadas por meio de um formul\u00e1rio eletr\u00f4nico que as escolas disponibilizam. Cada escola dever\u00e1 realizar uma sele\u00e7\u00e3o interna e poder\u00e1 inscrever at\u00e9 tr\u00eas desenhos por aluno, incluindo obrigatoriamente pelo menos um trabalho de um estudante da educa\u00e7\u00e3o especial para garantir a inclus\u00e3o. Os desenhos devem ser desenvolvidos em papel A4, utilizando t\u00e9cnicas diversas, como l\u00e1pis de cor, giz, tinta guache ou aquarela.<\/p>\n<h2>Crit\u00e9rios de Avalia\u00e7\u00e3o das Obras<\/h2>\n<p>Uma comiss\u00e3o organizadora avaliar\u00e1 os trabalhos com base em crit\u00e9rios como criatividade, originalidade, qualidade da digitaliza\u00e7\u00e3o e impacto visual. No total, 18 desenhos ser\u00e3o premiados com men\u00e7\u00e3o honrosa e poder\u00e3o ser utilizados na identidade visual oficial das comemora\u00e7\u00f5es do anivers\u00e1rio da cidade. Essa \u00e9 uma excelente maneira de reconhecer o talento dos jovens e sua capacidade de contar hist\u00f3rias por meio da arte.<\/p>\n<p><img decoding=\"async\" src=\"https:\/\/www.encontravitoria.com.br\/guia\/wp-content\/uploads\/2026\/07\/vitoria-475-anos-concurso-convida-estudantes-a-desenharem-a-historia-da-capital.webp\" alt=\"Vit\u00f3ria 475 anos\" loading=\"lazy\" \/><\/p>\n<h2>A Import\u00e2ncia da Arte na Educa\u00e7\u00e3o<\/h2>\n<p>A arte desempenha um papel fundamental na educa\u00e7\u00e3o, promovendo o desenvolvimento integral dos alunos. Atrav\u00e9s do desenho, os estudantes n\u00e3o apenas aperfei\u00e7oam suas habilidades motoras e criativas, mas tamb\u00e9m expressam suas emo\u00e7\u00f5es e opini\u00f5es sobre o mundo ao seu redor. Participar de um concurso como este tamb\u00e9m ajuda a construir um sentimento de pertencimento \u00e0 comunidade e uma maior valoriza\u00e7\u00e3o da hist\u00f3ria local.<\/p>\n<h2>Inclus\u00e3o e Representatividade no Concurso<\/h2>\n<p>O concurso n\u00e3o se limita apenas \u00e0 express\u00e3o art\u00edstica, mas tamb\u00e9m visa incluir vozes diversas, representando todos os segmentos da popula\u00e7\u00e3o. Ao assegurar que estudantes da educa\u00e7\u00e3o especial participem efetivamente, a iniciativa promove a inclus\u00e3o e garante que diferentes perspectivas estejam presentes nas representa\u00e7\u00f5es art\u00edsticas da cidade.<\/p>\n<h2>Datas Importantes para Inscri\u00e7\u00f5es<\/h2>\n<p>\u00c9 vital que os interessados estejam atentos \u00e0s datas chave:<\/p>\n<ul>\n<li><strong>Prazo de Inscri\u00e7\u00e3o:<\/strong> at\u00e9 6 de agosto.<\/li>\n<li><strong>Divulga\u00e7\u00e3o do Resultado:<\/strong> O nome dos vencedores ser\u00e1 anunciado no portal da Prefeitura.<\/li>\n<li><strong>Cerim\u00f4nia de Premia\u00e7\u00e3o:<\/strong> A premia\u00e7\u00e3o ocorrer\u00e1 durante as festividades de anivers\u00e1rio da cidade em setembro.<\/li>\n<\/ul>\n<h2>Homenageando a Hist\u00f3ria de Vit\u00f3ria<\/h2>\n<p>O concurso tamb\u00e9m tem como objetivo honrar a rica hist\u00f3ria de Vit\u00f3ria, permitindo que as novas gera\u00e7\u00f5es se conectem com o passado e contribuam para a constru\u00e7\u00e3o da mem\u00f3ria coletiva. Ao desenhar o que mais amam na cidade, os estudantes n\u00e3o s\u00f3 celebram seu cotidiano, mas tamb\u00e9m refletem sobre a identidade capixaba.<\/p>\n<h2>O Papel da Criatividade na Comemora\u00e7\u00e3o<\/h2>\n<p>Os desenhos escolhidos para compor a identidade visual das festividades de 475 anos n\u00e3o s\u00e3o apenas um destaque, mas sim uma forma de celebrar a criatividade dos jovens e engaj\u00e1-los em um exerc\u00edcio c\u00edvico e cultural. Atrav\u00e9s de suas obras, eles compartilham vis\u00f5es \u00fanicas e contribuem para criar uma narrativa visual vibrante sobre a cidade.<\/p>\n<h2>Impacto do Concurso na Comunidade<\/h2>\n<p>Al\u00e9m de fomentar a criatividade, o concurso tem um impacto positivo na comunidade de v\u00e1rias formas. Ele n\u00e3o s\u00f3 aproxima a educa\u00e7\u00e3o da cultura local, mas tamb\u00e9m incentiva os jovens a se expressarem e se sentirem mais conectados \u00e0 cidade. Este tipo de iniciativa ajuda a cultiv\u00e1-los como cidad\u00e3os conscientes e ativos, ampliando suas percep\u00e7\u00f5es sobre o lugar onde vivem.<\/p>\n<h2>Celebra\u00e7\u00f5es do Anivers\u00e1rio de Vit\u00f3ria<\/h2>\n<p>O anivers\u00e1rio de Vit\u00f3ria, celebrado em setembro, \u00e9 um evento que envolve a comunidade em festividades que destacam a cultura e a identidade local. A inclus\u00e3o das obras dos estudantes neste evento ressalta a import\u00e2ncia da juventude na constru\u00e7\u00e3o do legado cultural da cidade, fazendo com que cada desenho represente uma parte do que \u00e9 ser capixaba.<\/p>\n","protected":false},"excerpt":{"rendered":"<p>Vit\u00f3ria 475 anos: Estudantes s\u00e3o convidados a desenhar a hist\u00f3ria da capital.<\/p>\n","protected":false},"author":1,"featured_media":8309,"comment_status":"open","ping_status":"open","sticky":false,"template":"","format":"standard","meta":{"footnotes":""},"categories":[5],"tags":[],"class_list":["post-8310","post","type-post","status-publish","format-standard","has-post-thumbnail","hentry","category-noticias","has_thumb"],"yoast_head":"<!-- This site is optimized with the Yoast SEO plugin v27.9 - https:\/\/yoast.com\/product\/yoast-seo-wordpress\/ -->\n<title>Vit\u00f3ria 475 anos: concurso convida estudantes a desenharem a hist\u00f3ria da capital | Guia Comercial de Vit\u00f3ria ES<\/title>\n<meta name=\"robots\" content=\"index, follow, max-snippet:-1, max-image-preview:large, max-video-preview:-1\" \/>\n<link rel=\"canonical\" href=\"https:\/\/www.encontravitoria.com.br\/guia\/vitoria-475-anos-concurso-convida-estudantes-a-desenharem-a-historia-da-capital\/\" \/>\n<meta property=\"og:locale\" content=\"pt_BR\" \/>\n<meta property=\"og:type\" content=\"article\" \/>\n<meta property=\"og:title\" content=\"Vit\u00f3ria 475 anos: concurso convida estudantes a desenharem a hist\u00f3ria da capital | Guia Comercial de Vit\u00f3ria ES\" \/>\n<meta property=\"og:description\" content=\"Vit\u00f3ria 475 anos: Estudantes s\u00e3o convidados a desenhar a hist\u00f3ria da capital.\" \/>\n<meta property=\"og:url\" content=\"https:\/\/www.encontravitoria.com.br\/guia\/vitoria-475-anos-concurso-convida-estudantes-a-desenharem-a-historia-da-capital\/\" \/>\n<meta property=\"og:site_name\" content=\"Guia Comercial de Vit\u00f3ria ES\" \/>\n<meta property=\"article:published_time\" content=\"2026-07-08T18:59:32+00:00\" \/>\n<meta property=\"og:image\" content=\"https:\/\/www.encontravitoria.com.br\/guia\/wp-content\/uploads\/2026\/07\/vitoria-475-anos-concurso-convida-estudantes-a-desenharem-a-historia-da-capital.webp\" \/>\n<meta name=\"author\" content=\"Encontra Vit\u00f3ria\" \/>\n<meta name=\"twitter:card\" content=\"summary_large_image\" \/>\n<meta name=\"twitter:label1\" content=\"Escrito por\" \/>\n\t<meta name=\"twitter:data1\" content=\"Encontra Vit\u00f3ria\" \/>\n\t<meta name=\"twitter:label2\" content=\"Est. tempo de leitura\" \/>\n\t<meta name=\"twitter:data2\" content=\"4 minutos\" \/>\n<script type=\"application\/ld+json\" class=\"yoast-schema-graph\">{\"@context\":\"https:\\\/\\\/schema.org\",\"@graph\":[{\"@type\":\"Article\",\"@id\":\"https:\\\/\\\/www.encontravitoria.com.br\\\/guia\\\/vitoria-475-anos-concurso-convida-estudantes-a-desenharem-a-historia-da-capital\\\/#article\",\"isPartOf\":{\"@id\":\"https:\\\/\\\/www.encontravitoria.com.br\\\/guia\\\/vitoria-475-anos-concurso-convida-estudantes-a-desenharem-a-historia-da-capital\\\/\"},\"author\":{\"name\":\"Encontra Vit\u00f3ria\",\"@id\":\"https:\\\/\\\/www.encontravitoria.com.br\\\/guia\\\/#\\\/schema\\\/person\\\/e5c86e2a8d5a2a0333f0c44792c74c65\"},\"headline\":\"Vit\u00f3ria 475 anos: concurso convida estudantes a desenharem a hist\u00f3ria da capital\",\"datePublished\":\"2026-07-08T18:59:32+00:00\",\"mainEntityOfPage\":{\"@id\":\"https:\\\/\\\/www.encontravitoria.com.br\\\/guia\\\/vitoria-475-anos-concurso-convida-estudantes-a-desenharem-a-historia-da-capital\\\/\"},\"wordCount\":724,\"commentCount\":0,\"image\":{\"@id\":\"https:\\\/\\\/www.encontravitoria.com.br\\\/guia\\\/vitoria-475-anos-concurso-convida-estudantes-a-desenharem-a-historia-da-capital\\\/#primaryimage\"},\"thumbnailUrl\":\"https:\\\/\\\/www.encontravitoria.com.br\\\/guia\\\/wp-content\\\/uploads\\\/2026\\\/07\\\/vitoria-475-anos-concurso-convida-estudantes-a-desenharem-a-historia-da-capital.webp\",\"articleSection\":[\"Not\u00edcias Vit\u00f3ria\"],\"inLanguage\":\"pt-BR\",\"potentialAction\":[{\"@type\":\"CommentAction\",\"name\":\"Comment\",\"target\":[\"https:\\\/\\\/www.encontravitoria.com.br\\\/guia\\\/vitoria-475-anos-concurso-convida-estudantes-a-desenharem-a-historia-da-capital\\\/#respond\"]}]},{\"@type\":\"WebPage\",\"@id\":\"https:\\\/\\\/www.encontravitoria.com.br\\\/guia\\\/vitoria-475-anos-concurso-convida-estudantes-a-desenharem-a-historia-da-capital\\\/\",\"url\":\"https:\\\/\\\/www.encontravitoria.com.br\\\/guia\\\/vitoria-475-anos-concurso-convida-estudantes-a-desenharem-a-historia-da-capital\\\/\",\"name\":\"Vit\u00f3ria 475 anos: concurso convida estudantes a desenharem a hist\u00f3ria da capital | Guia Comercial de Vit\u00f3ria ES\",\"isPartOf\":{\"@id\":\"https:\\\/\\\/www.encontravitoria.com.br\\\/guia\\\/#website\"},\"primaryImageOfPage\":{\"@id\":\"https:\\\/\\\/www.encontravitoria.com.br\\\/guia\\\/vitoria-475-anos-concurso-convida-estudantes-a-desenharem-a-historia-da-capital\\\/#primaryimage\"},\"image\":{\"@id\":\"https:\\\/\\\/www.encontravitoria.com.br\\\/guia\\\/vitoria-475-anos-concurso-convida-estudantes-a-desenharem-a-historia-da-capital\\\/#primaryimage\"},\"thumbnailUrl\":\"https:\\\/\\\/www.encontravitoria.com.br\\\/guia\\\/wp-content\\\/uploads\\\/2026\\\/07\\\/vitoria-475-anos-concurso-convida-estudantes-a-desenharem-a-historia-da-capital.webp\",\"datePublished\":\"2026-07-08T18:59:32+00:00\",\"author\":{\"@id\":\"https:\\\/\\\/www.encontravitoria.com.br\\\/guia\\\/#\\\/schema\\\/person\\\/e5c86e2a8d5a2a0333f0c44792c74c65\"},\"inLanguage\":\"pt-BR\",\"potentialAction\":[{\"@type\":\"ReadAction\",\"target\":[\"https:\\\/\\\/www.encontravitoria.com.br\\\/guia\\\/vitoria-475-anos-concurso-convida-estudantes-a-desenharem-a-historia-da-capital\\\/\"]}]},{\"@type\":\"ImageObject\",\"inLanguage\":\"pt-BR\",\"@id\":\"https:\\\/\\\/www.encontravitoria.com.br\\\/guia\\\/vitoria-475-anos-concurso-convida-estudantes-a-desenharem-a-historia-da-capital\\\/#primaryimage\",\"url\":\"https:\\\/\\\/www.encontravitoria.com.br\\\/guia\\\/wp-content\\\/uploads\\\/2026\\\/07\\\/vitoria-475-anos-concurso-convida-estudantes-a-desenharem-a-historia-da-capital.webp\",\"contentUrl\":\"https:\\\/\\\/www.encontravitoria.com.br\\\/guia\\\/wp-content\\\/uploads\\\/2026\\\/07\\\/vitoria-475-anos-concurso-convida-estudantes-a-desenharem-a-historia-da-capital.webp\",\"width\":280,\"height\":280,\"caption\":\"Vit\u00f3ria 475 anos\"},{\"@type\":\"WebSite\",\"@id\":\"https:\\\/\\\/www.encontravitoria.com.br\\\/guia\\\/#website\",\"url\":\"https:\\\/\\\/www.encontravitoria.com.br\\\/guia\\\/\",\"name\":\"Guia Comercial de Vit\u00f3ria ES\",\"description\":\"ENCONTRA VIT\u00d3RIA - O guia comercial de neg\u00f3cios e empresas, cultura e divers\u00e3o na cidade de Vit\u00f3ria. Feito 100% para voc\u00ea morador!\",\"potentialAction\":[{\"@type\":\"SearchAction\",\"target\":{\"@type\":\"EntryPoint\",\"urlTemplate\":\"https:\\\/\\\/www.encontravitoria.com.br\\\/guia\\\/?s={search_term_string}\"},\"query-input\":{\"@type\":\"PropertyValueSpecification\",\"valueRequired\":true,\"valueName\":\"search_term_string\"}}],\"inLanguage\":\"pt-BR\"},{\"@type\":\"Person\",\"@id\":\"https:\\\/\\\/www.encontravitoria.com.br\\\/guia\\\/#\\\/schema\\\/person\\\/e5c86e2a8d5a2a0333f0c44792c74c65\",\"name\":\"Encontra Vit\u00f3ria\",\"image\":{\"@type\":\"ImageObject\",\"inLanguage\":\"pt-BR\",\"@id\":\"https:\\\/\\\/secure.gravatar.com\\\/avatar\\\/c50c17820bcf322f0a8fd6b110b8c0918141409dc69076470f6fca5fee70a5d4?s=96&d=mm&r=g\",\"url\":\"https:\\\/\\\/secure.gravatar.com\\\/avatar\\\/c50c17820bcf322f0a8fd6b110b8c0918141409dc69076470f6fca5fee70a5d4?s=96&d=mm&r=g\",\"contentUrl\":\"https:\\\/\\\/secure.gravatar.com\\\/avatar\\\/c50c17820bcf322f0a8fd6b110b8c0918141409dc69076470f6fca5fee70a5d4?s=96&d=mm&r=g\",\"caption\":\"Encontra Vit\u00f3ria\"},\"url\":\"https:\\\/\\\/www.encontravitoria.com.br\\\/guia\\\/author\\\/encontravitoria\\\/\"}]}<\/script>\n<!-- \/ Yoast SEO plugin. -->","yoast_head_json":{"title":"Vit\u00f3ria 475 anos: concurso convida estudantes a desenharem a hist\u00f3ria da capital | Guia Comercial de Vit\u00f3ria ES","robots":{"index":"index","follow":"follow","max-snippet":"max-snippet:-1","max-image-preview":"max-image-preview:large","max-video-preview":"max-video-preview:-1"},"canonical":"https:\/\/www.encontravitoria.com.br\/guia\/vitoria-475-anos-concurso-convida-estudantes-a-desenharem-a-historia-da-capital\/","og_locale":"pt_BR","og_type":"article","og_title":"Vit\u00f3ria 475 anos: concurso convida estudantes a desenharem a hist\u00f3ria da capital | Guia Comercial de Vit\u00f3ria ES","og_description":"Vit\u00f3ria 475 anos: Estudantes s\u00e3o convidados a desenhar a hist\u00f3ria da capital.","og_url":"https:\/\/www.encontravitoria.com.br\/guia\/vitoria-475-anos-concurso-convida-estudantes-a-desenharem-a-historia-da-capital\/","og_site_name":"Guia Comercial de Vit\u00f3ria ES","article_published_time":"2026-07-08T18:59:32+00:00","og_image":[{"url":"https:\/\/www.encontravitoria.com.br\/guia\/wp-content\/uploads\/2026\/07\/vitoria-475-anos-concurso-convida-estudantes-a-desenharem-a-historia-da-capital.webp","type":"","width":"","height":""}],"author":"Encontra Vit\u00f3ria","twitter_card":"summary_large_image","twitter_misc":{"Escrito por":"Encontra Vit\u00f3ria","Est. tempo de leitura":"4 minutos"},"schema":{"@context":"https:\/\/schema.org","@graph":[{"@type":"Article","@id":"https:\/\/www.encontravitoria.com.br\/guia\/vitoria-475-anos-concurso-convida-estudantes-a-desenharem-a-historia-da-capital\/#article","isPartOf":{"@id":"https:\/\/www.encontravitoria.com.br\/guia\/vitoria-475-anos-concurso-convida-estudantes-a-desenharem-a-historia-da-capital\/"},"author":{"name":"Encontra Vit\u00f3ria","@id":"https:\/\/www.encontravitoria.com.br\/guia\/#\/schema\/person\/e5c86e2a8d5a2a0333f0c44792c74c65"},"headline":"Vit\u00f3ria 475 anos: concurso convida estudantes a desenharem a hist\u00f3ria da capital","datePublished":"2026-07-08T18:59:32+00:00","mainEntityOfPage":{"@id":"https:\/\/www.encontravitoria.com.br\/guia\/vitoria-475-anos-concurso-convida-estudantes-a-desenharem-a-historia-da-capital\/"},"wordCount":724,"commentCount":0,"image":{"@id":"https:\/\/www.encontravitoria.com.br\/guia\/vitoria-475-anos-concurso-convida-estudantes-a-desenharem-a-historia-da-capital\/#primaryimage"},"thumbnailUrl":"https:\/\/www.encontravitoria.com.br\/guia\/wp-content\/uploads\/2026\/07\/vitoria-475-anos-concurso-convida-estudantes-a-desenharem-a-historia-da-capital.webp","articleSection":["Not\u00edcias Vit\u00f3ria"],"inLanguage":"pt-BR","potentialAction":[{"@type":"CommentAction","name":"Comment","target":["https:\/\/www.encontravitoria.com.br\/guia\/vitoria-475-anos-concurso-convida-estudantes-a-desenharem-a-historia-da-capital\/#respond"]}]},{"@type":"WebPage","@id":"https:\/\/www.encontravitoria.com.br\/guia\/vitoria-475-anos-concurso-convida-estudantes-a-desenharem-a-historia-da-capital\/","url":"https:\/\/www.encontravitoria.com.br\/guia\/vitoria-475-anos-concurso-convida-estudantes-a-desenharem-a-historia-da-capital\/","name":"Vit\u00f3ria 475 anos: concurso convida estudantes a desenharem a hist\u00f3ria da capital | Guia Comercial de Vit\u00f3ria ES","isPartOf":{"@id":"https:\/\/www.encontravitoria.com.br\/guia\/#website"},"primaryImageOfPage":{"@id":"https:\/\/www.encontravitoria.com.br\/guia\/vitoria-475-anos-concurso-convida-estudantes-a-desenharem-a-historia-da-capital\/#primaryimage"},"image":{"@id":"https:\/\/www.encontravitoria.com.br\/guia\/vitoria-475-anos-concurso-convida-estudantes-a-desenharem-a-historia-da-capital\/#primaryimage"},"thumbnailUrl":"https:\/\/www.encontravitoria.com.br\/guia\/wp-content\/uploads\/2026\/07\/vitoria-475-anos-concurso-convida-estudantes-a-desenharem-a-historia-da-capital.webp","datePublished":"2026-07-08T18:59:32+00:00","author":{"@id":"https:\/\/www.encontravitoria.com.br\/guia\/#\/schema\/person\/e5c86e2a8d5a2a0333f0c44792c74c65"},"inLanguage":"pt-BR","potentialAction":[{"@type":"ReadAction","target":["https:\/\/www.encontravitoria.com.br\/guia\/vitoria-475-anos-concurso-convida-estudantes-a-desenharem-a-historia-da-capital\/"]}]},{"@type":"ImageObject","inLanguage":"pt-BR","@id":"https:\/\/www.encontravitoria.com.br\/guia\/vitoria-475-anos-concurso-convida-estudantes-a-desenharem-a-historia-da-capital\/#primaryimage","url":"https:\/\/www.encontravitoria.com.br\/guia\/wp-content\/uploads\/2026\/07\/vitoria-475-anos-concurso-convida-estudantes-a-desenharem-a-historia-da-capital.webp","contentUrl":"https:\/\/www.encontravitoria.com.br\/guia\/wp-content\/uploads\/2026\/07\/vitoria-475-anos-concurso-convida-estudantes-a-desenharem-a-historia-da-capital.webp","width":280,"height":280,"caption":"Vit\u00f3ria 475 anos"},{"@type":"WebSite","@id":"https:\/\/www.encontravitoria.com.br\/guia\/#website","url":"https:\/\/www.encontravitoria.com.br\/guia\/","name":"Guia Comercial de Vit\u00f3ria ES","description":"ENCONTRA VIT\u00d3RIA - O guia comercial de neg\u00f3cios e empresas, cultura e divers\u00e3o na cidade de Vit\u00f3ria. Feito 100% para voc\u00ea morador!","potentialAction":[{"@type":"SearchAction","target":{"@type":"EntryPoint","urlTemplate":"https:\/\/www.encontravitoria.com.br\/guia\/?s={search_term_string}"},"query-input":{"@type":"PropertyValueSpecification","valueRequired":true,"valueName":"search_term_string"}}],"inLanguage":"pt-BR"},{"@type":"Person","@id":"https:\/\/www.encontravitoria.com.br\/guia\/#\/schema\/person\/e5c86e2a8d5a2a0333f0c44792c74c65","name":"Encontra Vit\u00f3ria","image":{"@type":"ImageObject","inLanguage":"pt-BR","@id":"https:\/\/secure.gravatar.com\/avatar\/c50c17820bcf322f0a8fd6b110b8c0918141409dc69076470f6fca5fee70a5d4?s=96&d=mm&r=g","url":"https:\/\/secure.gravatar.com\/avatar\/c50c17820bcf322f0a8fd6b110b8c0918141409dc69076470f6fca5fee70a5d4?s=96&d=mm&r=g","contentUrl":"https:\/\/secure.gravatar.com\/avatar\/c50c17820bcf322f0a8fd6b110b8c0918141409dc69076470f6fca5fee70a5d4?s=96&d=mm&r=g","caption":"Encontra Vit\u00f3ria"},"url":"https:\/\/www.encontravitoria.com.br\/guia\/author\/encontravitoria\/"}]}},"_links":{"self":[{"href":"https:\/\/www.encontravitoria.com.br\/guia\/wp-json\/wp\/v2\/posts\/8310","targetHints":{"allow":["GET"]}}],"collection":[{"href":"https:\/\/www.encontravitoria.com.br\/guia\/wp-json\/wp\/v2\/posts"}],"about":[{"href":"https:\/\/www.encontravitoria.com.br\/guia\/wp-json\/wp\/v2\/types\/post"}],"author":[{"embeddable":true,"href":"https:\/\/www.encontravitoria.com.br\/guia\/wp-json\/wp\/v2\/users\/1"}],"replies":[{"embeddable":true,"href":"https:\/\/www.encontravitoria.com.br\/guia\/wp-json\/wp\/v2\/comments?post=8310"}],"version-history":[{"count":0,"href":"https:\/\/www.encontravitoria.com.br\/guia\/wp-json\/wp\/v2\/posts\/8310\/revisions"}],"wp:featuredmedia":[{"embeddable":true,"href":"https:\/\/www.encontravitoria.com.br\/guia\/wp-json\/wp\/v2\/media\/8309"}],"wp:attachment":[{"href":"https:\/\/www.encontravitoria.com.br\/guia\/wp-json\/wp\/v2\/media?parent=8310"}],"wp:term":[{"taxonomy":"category","embeddable":true,"href":"https:\/\/www.encontravitoria.com.br\/guia\/wp-json\/wp\/v2\/categories?post=8310"},{"taxonomy":"post_tag","embeddable":true,"href":"https:\/\/www.encontravitoria.com.br\/guia\/wp-json\/wp\/v2\/tags?post=8310"}],"curies":[{"name":"wp","href":"https:\/\/api.w.org\/{rel}","templated":true}]}}