{"id":8327,"date":"2026-07-13T02:21:01","date_gmt":"2026-07-13T05:21:01","guid":{"rendered":"https:\/\/www.encontravitoria.com.br\/guia\/liderancas-das-regionais-8-e-9-apresentam-demandas-em-reuniao-com-a-prefeitura-de-vitoria\/"},"modified":"2026-07-13T02:21:01","modified_gmt":"2026-07-13T05:21:01","slug":"liderancas-das-regionais-8-e-9-apresentam-demandas-em-reuniao-com-a-prefeitura-de-vitoria","status":"publish","type":"post","link":"https:\/\/www.encontravitoria.com.br\/guia\/liderancas-das-regionais-8-e-9-apresentam-demandas-em-reuniao-com-a-prefeitura-de-vitoria\/","title":{"rendered":"Lideran\u00e7as das Regionais 8 e 9 apresentam demandas em reuni\u00e3o com a Prefeitura de Vit\u00f3ria"},"content":{"rendered":"<h2>Contexto da Reuni\u00e3o<\/h2>\n<p>No dia 9 de julho de 2026, uma importante reuni\u00e3o foi realizada entre as lideran\u00e7as das Regionais 8 e 9 de Vit\u00f3ria e representantes da Prefeitura Municipal de Vit\u00f3ria (PMV). O encontro teve como meta fortalecer a intera\u00e7\u00e3o entre a popula\u00e7\u00e3o e o governo local, promovendo uma maior inclus\u00e3o da comunidade nos processos decis\u00f3rios relacionados \u00e0 administra\u00e7\u00e3o p\u00fablica.<\/p>\n<h2>Participa\u00e7\u00e3o das Lideran\u00e7as Comunit\u00e1rias<\/h2>\n<p>As lideran\u00e7as de comunidades do Jardim Camburi e da Praia do Canto participaram ativamente da reuni\u00e3o, apresentando suas preocupa\u00e7\u00f5es e demandas diretamente para os representantes da administra\u00e7\u00e3o municipal. A presen\u00e7a de figuras do bairro simbolizou um passo significativo para a democracia participativa e a promo\u00e7\u00e3o de a\u00e7\u00f5es de governo que respondam de forma efetiva \u00e0s necessidades da popula\u00e7\u00e3o.<\/p>\n<h2>Objetivos do Encontrar<\/h2>\n<p>O principal objetivo deste encontro foi criar um di\u00e1logo aberto sobre quest\u00f5es relevantes para a administra\u00e7\u00e3o da cidade, garantindo que as vozes dos cidad\u00e3os fossem ouvidas. Isso inclui discutir propostas que visam melhorar a qualidade de vida em bairros espec\u00edficos como Jardim Camburi, Boa Vista, entre outros. Al\u00e9m disso, a reuni\u00e3o se prop\u00f4s a identificar a\u00e7\u00f5es concretas que pudessem ser implementadas a curto e m\u00e9dio prazo.<\/p>\n<p><img decoding=\"async\" src=\"https:\/\/www.encontravitoria.com.br\/guia\/wp-content\/uploads\/2026\/07\/liderancas-das-regionais-8-e-9-apresentam-demandas-em-reuniao-com-a-prefeitura-de-vitoria.webp\" alt=\"Prefeitura de Vit\u00f3ria\" loading=\"lazy\" \/><\/p>\n<h2>Demandas Apresentadas<\/h2>\n<p>Dentre as diversas solicita\u00e7\u00f5es realizadas durante a reuni\u00e3o destacaram-se:<\/p>\n<ul>\n<li>Implanta\u00e7\u00e3o de faixas de pedestres e melhorias na sinaliza\u00e7\u00e3o de tr\u00e2nsito no Jardim Camburi.<\/li>\n<li>Poda de \u00e1rvores e revitaliza\u00e7\u00e3o de espa\u00e7os p\u00fablicos, como parquinhos infantis em Jardim da Penha.<\/li>\n<li>Limpeza e manuten\u00e7\u00e3o dos bueiros e drenagens nas \u00e1reas afetadas por enchentes e alagamentos.<\/li>\n<\/ul>\n<h2>Respostas dos Representantes da Prefeitura<\/h2>\n<p>Os representantes da PMV, incluindo a prefeita Cris Samorini e secret\u00e1rios municipais, trataram das demandas apresentadas. Cris destacou que a gest\u00e3o est\u00e1 comprometida em atender as necessidades da popula\u00e7\u00e3o conforme a disponibilidade de recursos. O secret\u00e1rio de Transportes, Tr\u00e2nsito e Infraestrutura Urbana, Alex Mariano, anunciou que a implanta\u00e7\u00e3o da faixa de pedestres estava programada para a pr\u00f3xima semana, demonstrando agilidade na resposta.<\/p>\n<h2>A Import\u00e2ncia do Di\u00e1logo P\u00fablico<\/h2>\n<p>Reuni\u00f5es como essa s\u00e3o fundamentais para fomentar um ambiente de transpar\u00eancia e comunica\u00e7\u00e3o entre governantes e cidad\u00e3os. A abertura de canais de di\u00e1logo serve para que as necessidades da popula\u00e7\u00e3o sejam melhor compreendidas e para que as a\u00e7\u00f5es do governo sejam moldadas de acordo com as realidades locais.<\/p>\n<h2>A\u00e7\u00f5es de Melhoria Programadas<\/h2>\n<p>Al\u00e9m dos compromissos anunciados durante a reuni\u00e3o, o governo municipal est\u00e1 revisando seu cronograma de a\u00e7\u00f5es contemplando as demandas. O planejamento para a poda de \u00e1rvores e a revitaliza\u00e7\u00e3o de pra\u00e7as foi bem recebido, e a\u00e7\u00f5es concretas j\u00e1 est\u00e3o sendo encaminhadas em resposta \u00e0s solicita\u00e7\u00f5es da comunidade.<\/p>\n<h2>Compromissos Firmados<\/h2>\n<p>Ap\u00f3s um interc\u00e2mbio produtivo de ideias, a Prefeitura de Vit\u00f3ria se comprometeu a acompanhar de perto as demandas apresentadas e a informar as comunidades sobre o andamento de cada uma das solicita\u00e7\u00f5es. A efic\u00e1cia da comunica\u00e7\u00e3o entre a Prefeitura e os cidad\u00e3os ser\u00e1 fundamental para garantir que as promessas sejam cumpridas.<\/p>\n<h2>O Papel das Comunidades nas Decis\u00f5es<\/h2>\n<p>O fortalecimento da participa\u00e7\u00e3o popular nas decis\u00f5es relacionadas \u00e0 gest\u00e3o p\u00fablica \u00e9 essencial para promover uma cidade mais justa e que atenda \u00e0s diversas necessidades de seus habitantes. As lideran\u00e7as comunit\u00e1rias, ao se envolverem ativamente, influenciam diretamente as prioridades do governo local, garantindo que o foco permane\u00e7a nas quest\u00f5es que realmente importam para os cidad\u00e3os.<\/p>\n<h2>Pr\u00f3ximos Passos para a Participa\u00e7\u00e3o Popular<\/h2>\n<p>A continuidade dessas reuni\u00f5es regionais representa um avan\u00e7o importante no modelo de gest\u00e3o da Prefeitura de Vit\u00f3ria. A ideia \u00e9 programar estes encontros de forma regular, incentivando a participa\u00e7\u00e3o cont\u00ednua da popula\u00e7\u00e3o e permitindo uma rela\u00e7\u00e3o cada vez mais pr\u00f3xima entre a administra\u00e7\u00e3o e a comunidade. Dessa forma, Vit\u00f3ria caminha para um futuro constru\u00eddo em conjunto, com a voz de seus cidad\u00e3os sendo parte integrante do processo de governan\u00e7a.<\/p>\n","protected":false},"excerpt":{"rendered":"<p>Demandas das Regionais 8 e 9 s\u00e3o apresentadas em reuni\u00e3o com a Prefeitura de Vit\u00f3ria.<\/p>\n","protected":false},"author":1,"featured_media":8326,"comment_status":"open","ping_status":"open","sticky":false,"template":"","format":"standard","meta":{"footnotes":""},"categories":[5],"tags":[],"class_list":["post-8327","post","type-post","status-publish","format-standard","has-post-thumbnail","hentry","category-noticias","has_thumb"],"yoast_head":"<!-- This site is optimized with the Yoast SEO plugin v27.9 - https:\/\/yoast.com\/product\/yoast-seo-wordpress\/ -->\n<title>Lideran\u00e7as das Regionais 8 e 9 apresentam demandas em reuni\u00e3o com a Prefeitura de Vit\u00f3ria | Guia Comercial de Vit\u00f3ria ES<\/title>\n<meta name=\"robots\" content=\"index, follow, max-snippet:-1, max-image-preview:large, max-video-preview:-1\" \/>\n<link rel=\"canonical\" href=\"https:\/\/www.encontravitoria.com.br\/guia\/liderancas-das-regionais-8-e-9-apresentam-demandas-em-reuniao-com-a-prefeitura-de-vitoria\/\" \/>\n<meta property=\"og:locale\" content=\"pt_BR\" \/>\n<meta property=\"og:type\" content=\"article\" \/>\n<meta property=\"og:title\" content=\"Lideran\u00e7as das Regionais 8 e 9 apresentam demandas em reuni\u00e3o com a Prefeitura de Vit\u00f3ria | Guia Comercial de Vit\u00f3ria ES\" \/>\n<meta property=\"og:description\" content=\"Demandas das Regionais 8 e 9 s\u00e3o apresentadas em reuni\u00e3o com a Prefeitura de Vit\u00f3ria.\" \/>\n<meta property=\"og:url\" content=\"https:\/\/www.encontravitoria.com.br\/guia\/liderancas-das-regionais-8-e-9-apresentam-demandas-em-reuniao-com-a-prefeitura-de-vitoria\/\" \/>\n<meta property=\"og:site_name\" content=\"Guia Comercial de Vit\u00f3ria ES\" \/>\n<meta property=\"article:published_time\" content=\"2026-07-13T05:21:01+00:00\" \/>\n<meta property=\"og:image\" content=\"https:\/\/www.encontravitoria.com.br\/guia\/wp-content\/uploads\/2026\/07\/liderancas-das-regionais-8-e-9-apresentam-demandas-em-reuniao-com-a-prefeitura-de-vitoria.webp\" \/>\n<meta name=\"author\" content=\"Encontra Vit\u00f3ria\" \/>\n<meta name=\"twitter:card\" content=\"summary_large_image\" \/>\n<meta name=\"twitter:label1\" content=\"Escrito por\" \/>\n\t<meta name=\"twitter:data1\" content=\"Encontra Vit\u00f3ria\" \/>\n\t<meta name=\"twitter:label2\" content=\"Est. tempo de leitura\" \/>\n\t<meta name=\"twitter:data2\" content=\"3 minutos\" \/>\n<script type=\"application\/ld+json\" class=\"yoast-schema-graph\">{\"@context\":\"https:\\\/\\\/schema.org\",\"@graph\":[{\"@type\":\"Article\",\"@id\":\"https:\\\/\\\/www.encontravitoria.com.br\\\/guia\\\/liderancas-das-regionais-8-e-9-apresentam-demandas-em-reuniao-com-a-prefeitura-de-vitoria\\\/#article\",\"isPartOf\":{\"@id\":\"https:\\\/\\\/www.encontravitoria.com.br\\\/guia\\\/liderancas-das-regionais-8-e-9-apresentam-demandas-em-reuniao-com-a-prefeitura-de-vitoria\\\/\"},\"author\":{\"name\":\"Encontra Vit\u00f3ria\",\"@id\":\"https:\\\/\\\/www.encontravitoria.com.br\\\/guia\\\/#\\\/schema\\\/person\\\/e5c86e2a8d5a2a0333f0c44792c74c65\"},\"headline\":\"Lideran\u00e7as das Regionais 8 e 9 apresentam demandas em reuni\u00e3o com a Prefeitura de Vit\u00f3ria\",\"datePublished\":\"2026-07-13T05:21:01+00:00\",\"mainEntityOfPage\":{\"@id\":\"https:\\\/\\\/www.encontravitoria.com.br\\\/guia\\\/liderancas-das-regionais-8-e-9-apresentam-demandas-em-reuniao-com-a-prefeitura-de-vitoria\\\/\"},\"wordCount\":715,\"commentCount\":0,\"image\":{\"@id\":\"https:\\\/\\\/www.encontravitoria.com.br\\\/guia\\\/liderancas-das-regionais-8-e-9-apresentam-demandas-em-reuniao-com-a-prefeitura-de-vitoria\\\/#primaryimage\"},\"thumbnailUrl\":\"https:\\\/\\\/www.encontravitoria.com.br\\\/guia\\\/wp-content\\\/uploads\\\/2026\\\/07\\\/liderancas-das-regionais-8-e-9-apresentam-demandas-em-reuniao-com-a-prefeitura-de-vitoria.webp\",\"articleSection\":[\"Not\u00edcias Vit\u00f3ria\"],\"inLanguage\":\"pt-BR\",\"potentialAction\":[{\"@type\":\"CommentAction\",\"name\":\"Comment\",\"target\":[\"https:\\\/\\\/www.encontravitoria.com.br\\\/guia\\\/liderancas-das-regionais-8-e-9-apresentam-demandas-em-reuniao-com-a-prefeitura-de-vitoria\\\/#respond\"]}]},{\"@type\":\"WebPage\",\"@id\":\"https:\\\/\\\/www.encontravitoria.com.br\\\/guia\\\/liderancas-das-regionais-8-e-9-apresentam-demandas-em-reuniao-com-a-prefeitura-de-vitoria\\\/\",\"url\":\"https:\\\/\\\/www.encontravitoria.com.br\\\/guia\\\/liderancas-das-regionais-8-e-9-apresentam-demandas-em-reuniao-com-a-prefeitura-de-vitoria\\\/\",\"name\":\"Lideran\u00e7as das Regionais 8 e 9 apresentam demandas em reuni\u00e3o com a Prefeitura de Vit\u00f3ria | Guia Comercial de Vit\u00f3ria ES\",\"isPartOf\":{\"@id\":\"https:\\\/\\\/www.encontravitoria.com.br\\\/guia\\\/#website\"},\"primaryImageOfPage\":{\"@id\":\"https:\\\/\\\/www.encontravitoria.com.br\\\/guia\\\/liderancas-das-regionais-8-e-9-apresentam-demandas-em-reuniao-com-a-prefeitura-de-vitoria\\\/#primaryimage\"},\"image\":{\"@id\":\"https:\\\/\\\/www.encontravitoria.com.br\\\/guia\\\/liderancas-das-regionais-8-e-9-apresentam-demandas-em-reuniao-com-a-prefeitura-de-vitoria\\\/#primaryimage\"},\"thumbnailUrl\":\"https:\\\/\\\/www.encontravitoria.com.br\\\/guia\\\/wp-content\\\/uploads\\\/2026\\\/07\\\/liderancas-das-regionais-8-e-9-apresentam-demandas-em-reuniao-com-a-prefeitura-de-vitoria.webp\",\"datePublished\":\"2026-07-13T05:21:01+00:00\",\"author\":{\"@id\":\"https:\\\/\\\/www.encontravitoria.com.br\\\/guia\\\/#\\\/schema\\\/person\\\/e5c86e2a8d5a2a0333f0c44792c74c65\"},\"inLanguage\":\"pt-BR\",\"potentialAction\":[{\"@type\":\"ReadAction\",\"target\":[\"https:\\\/\\\/www.encontravitoria.com.br\\\/guia\\\/liderancas-das-regionais-8-e-9-apresentam-demandas-em-reuniao-com-a-prefeitura-de-vitoria\\\/\"]}]},{\"@type\":\"ImageObject\",\"inLanguage\":\"pt-BR\",\"@id\":\"https:\\\/\\\/www.encontravitoria.com.br\\\/guia\\\/liderancas-das-regionais-8-e-9-apresentam-demandas-em-reuniao-com-a-prefeitura-de-vitoria\\\/#primaryimage\",\"url\":\"https:\\\/\\\/www.encontravitoria.com.br\\\/guia\\\/wp-content\\\/uploads\\\/2026\\\/07\\\/liderancas-das-regionais-8-e-9-apresentam-demandas-em-reuniao-com-a-prefeitura-de-vitoria.webp\",\"contentUrl\":\"https:\\\/\\\/www.encontravitoria.com.br\\\/guia\\\/wp-content\\\/uploads\\\/2026\\\/07\\\/liderancas-das-regionais-8-e-9-apresentam-demandas-em-reuniao-com-a-prefeitura-de-vitoria.webp\",\"width\":280,\"height\":280,\"caption\":\"Prefeitura de Vit\u00f3ria\"},{\"@type\":\"WebSite\",\"@id\":\"https:\\\/\\\/www.encontravitoria.com.br\\\/guia\\\/#website\",\"url\":\"https:\\\/\\\/www.encontravitoria.com.br\\\/guia\\\/\",\"name\":\"Guia Comercial de Vit\u00f3ria ES\",\"description\":\"ENCONTRA VIT\u00d3RIA - O guia comercial de neg\u00f3cios e empresas, cultura e divers\u00e3o na cidade de Vit\u00f3ria. Feito 100% para voc\u00ea morador!\",\"potentialAction\":[{\"@type\":\"SearchAction\",\"target\":{\"@type\":\"EntryPoint\",\"urlTemplate\":\"https:\\\/\\\/www.encontravitoria.com.br\\\/guia\\\/?s={search_term_string}\"},\"query-input\":{\"@type\":\"PropertyValueSpecification\",\"valueRequired\":true,\"valueName\":\"search_term_string\"}}],\"inLanguage\":\"pt-BR\"},{\"@type\":\"Person\",\"@id\":\"https:\\\/\\\/www.encontravitoria.com.br\\\/guia\\\/#\\\/schema\\\/person\\\/e5c86e2a8d5a2a0333f0c44792c74c65\",\"name\":\"Encontra Vit\u00f3ria\",\"image\":{\"@type\":\"ImageObject\",\"inLanguage\":\"pt-BR\",\"@id\":\"https:\\\/\\\/secure.gravatar.com\\\/avatar\\\/c50c17820bcf322f0a8fd6b110b8c0918141409dc69076470f6fca5fee70a5d4?s=96&d=mm&r=g\",\"url\":\"https:\\\/\\\/secure.gravatar.com\\\/avatar\\\/c50c17820bcf322f0a8fd6b110b8c0918141409dc69076470f6fca5fee70a5d4?s=96&d=mm&r=g\",\"contentUrl\":\"https:\\\/\\\/secure.gravatar.com\\\/avatar\\\/c50c17820bcf322f0a8fd6b110b8c0918141409dc69076470f6fca5fee70a5d4?s=96&d=mm&r=g\",\"caption\":\"Encontra Vit\u00f3ria\"},\"url\":\"https:\\\/\\\/www.encontravitoria.com.br\\\/guia\\\/author\\\/encontravitoria\\\/\"}]}<\/script>\n<!-- \/ Yoast SEO plugin. -->","yoast_head_json":{"title":"Lideran\u00e7as das Regionais 8 e 9 apresentam demandas em reuni\u00e3o com a Prefeitura de Vit\u00f3ria | Guia Comercial de Vit\u00f3ria ES","robots":{"index":"index","follow":"follow","max-snippet":"max-snippet:-1","max-image-preview":"max-image-preview:large","max-video-preview":"max-video-preview:-1"},"canonical":"https:\/\/www.encontravitoria.com.br\/guia\/liderancas-das-regionais-8-e-9-apresentam-demandas-em-reuniao-com-a-prefeitura-de-vitoria\/","og_locale":"pt_BR","og_type":"article","og_title":"Lideran\u00e7as das Regionais 8 e 9 apresentam demandas em reuni\u00e3o com a Prefeitura de Vit\u00f3ria | Guia Comercial de Vit\u00f3ria ES","og_description":"Demandas das Regionais 8 e 9 s\u00e3o apresentadas em reuni\u00e3o com a Prefeitura de Vit\u00f3ria.","og_url":"https:\/\/www.encontravitoria.com.br\/guia\/liderancas-das-regionais-8-e-9-apresentam-demandas-em-reuniao-com-a-prefeitura-de-vitoria\/","og_site_name":"Guia Comercial de Vit\u00f3ria ES","article_published_time":"2026-07-13T05:21:01+00:00","og_image":[{"url":"https:\/\/www.encontravitoria.com.br\/guia\/wp-content\/uploads\/2026\/07\/liderancas-das-regionais-8-e-9-apresentam-demandas-em-reuniao-com-a-prefeitura-de-vitoria.webp","type":"","width":"","height":""}],"author":"Encontra Vit\u00f3ria","twitter_card":"summary_large_image","twitter_misc":{"Escrito por":"Encontra Vit\u00f3ria","Est. tempo de leitura":"3 minutos"},"schema":{"@context":"https:\/\/schema.org","@graph":[{"@type":"Article","@id":"https:\/\/www.encontravitoria.com.br\/guia\/liderancas-das-regionais-8-e-9-apresentam-demandas-em-reuniao-com-a-prefeitura-de-vitoria\/#article","isPartOf":{"@id":"https:\/\/www.encontravitoria.com.br\/guia\/liderancas-das-regionais-8-e-9-apresentam-demandas-em-reuniao-com-a-prefeitura-de-vitoria\/"},"author":{"name":"Encontra Vit\u00f3ria","@id":"https:\/\/www.encontravitoria.com.br\/guia\/#\/schema\/person\/e5c86e2a8d5a2a0333f0c44792c74c65"},"headline":"Lideran\u00e7as das Regionais 8 e 9 apresentam demandas em reuni\u00e3o com a Prefeitura de Vit\u00f3ria","datePublished":"2026-07-13T05:21:01+00:00","mainEntityOfPage":{"@id":"https:\/\/www.encontravitoria.com.br\/guia\/liderancas-das-regionais-8-e-9-apresentam-demandas-em-reuniao-com-a-prefeitura-de-vitoria\/"},"wordCount":715,"commentCount":0,"image":{"@id":"https:\/\/www.encontravitoria.com.br\/guia\/liderancas-das-regionais-8-e-9-apresentam-demandas-em-reuniao-com-a-prefeitura-de-vitoria\/#primaryimage"},"thumbnailUrl":"https:\/\/www.encontravitoria.com.br\/guia\/wp-content\/uploads\/2026\/07\/liderancas-das-regionais-8-e-9-apresentam-demandas-em-reuniao-com-a-prefeitura-de-vitoria.webp","articleSection":["Not\u00edcias Vit\u00f3ria"],"inLanguage":"pt-BR","potentialAction":[{"@type":"CommentAction","name":"Comment","target":["https:\/\/www.encontravitoria.com.br\/guia\/liderancas-das-regionais-8-e-9-apresentam-demandas-em-reuniao-com-a-prefeitura-de-vitoria\/#respond"]}]},{"@type":"WebPage","@id":"https:\/\/www.encontravitoria.com.br\/guia\/liderancas-das-regionais-8-e-9-apresentam-demandas-em-reuniao-com-a-prefeitura-de-vitoria\/","url":"https:\/\/www.encontravitoria.com.br\/guia\/liderancas-das-regionais-8-e-9-apresentam-demandas-em-reuniao-com-a-prefeitura-de-vitoria\/","name":"Lideran\u00e7as das Regionais 8 e 9 apresentam demandas em reuni\u00e3o com a Prefeitura de Vit\u00f3ria | Guia Comercial de Vit\u00f3ria ES","isPartOf":{"@id":"https:\/\/www.encontravitoria.com.br\/guia\/#website"},"primaryImageOfPage":{"@id":"https:\/\/www.encontravitoria.com.br\/guia\/liderancas-das-regionais-8-e-9-apresentam-demandas-em-reuniao-com-a-prefeitura-de-vitoria\/#primaryimage"},"image":{"@id":"https:\/\/www.encontravitoria.com.br\/guia\/liderancas-das-regionais-8-e-9-apresentam-demandas-em-reuniao-com-a-prefeitura-de-vitoria\/#primaryimage"},"thumbnailUrl":"https:\/\/www.encontravitoria.com.br\/guia\/wp-content\/uploads\/2026\/07\/liderancas-das-regionais-8-e-9-apresentam-demandas-em-reuniao-com-a-prefeitura-de-vitoria.webp","datePublished":"2026-07-13T05:21:01+00:00","author":{"@id":"https:\/\/www.encontravitoria.com.br\/guia\/#\/schema\/person\/e5c86e2a8d5a2a0333f0c44792c74c65"},"inLanguage":"pt-BR","potentialAction":[{"@type":"ReadAction","target":["https:\/\/www.encontravitoria.com.br\/guia\/liderancas-das-regionais-8-e-9-apresentam-demandas-em-reuniao-com-a-prefeitura-de-vitoria\/"]}]},{"@type":"ImageObject","inLanguage":"pt-BR","@id":"https:\/\/www.encontravitoria.com.br\/guia\/liderancas-das-regionais-8-e-9-apresentam-demandas-em-reuniao-com-a-prefeitura-de-vitoria\/#primaryimage","url":"https:\/\/www.encontravitoria.com.br\/guia\/wp-content\/uploads\/2026\/07\/liderancas-das-regionais-8-e-9-apresentam-demandas-em-reuniao-com-a-prefeitura-de-vitoria.webp","contentUrl":"https:\/\/www.encontravitoria.com.br\/guia\/wp-content\/uploads\/2026\/07\/liderancas-das-regionais-8-e-9-apresentam-demandas-em-reuniao-com-a-prefeitura-de-vitoria.webp","width":280,"height":280,"caption":"Prefeitura de Vit\u00f3ria"},{"@type":"WebSite","@id":"https:\/\/www.encontravitoria.com.br\/guia\/#website","url":"https:\/\/www.encontravitoria.com.br\/guia\/","name":"Guia Comercial de Vit\u00f3ria ES","description":"ENCONTRA VIT\u00d3RIA - O guia comercial de neg\u00f3cios e empresas, cultura e divers\u00e3o na cidade de Vit\u00f3ria. Feito 100% para voc\u00ea morador!","potentialAction":[{"@type":"SearchAction","target":{"@type":"EntryPoint","urlTemplate":"https:\/\/www.encontravitoria.com.br\/guia\/?s={search_term_string}"},"query-input":{"@type":"PropertyValueSpecification","valueRequired":true,"valueName":"search_term_string"}}],"inLanguage":"pt-BR"},{"@type":"Person","@id":"https:\/\/www.encontravitoria.com.br\/guia\/#\/schema\/person\/e5c86e2a8d5a2a0333f0c44792c74c65","name":"Encontra Vit\u00f3ria","image":{"@type":"ImageObject","inLanguage":"pt-BR","@id":"https:\/\/secure.gravatar.com\/avatar\/c50c17820bcf322f0a8fd6b110b8c0918141409dc69076470f6fca5fee70a5d4?s=96&d=mm&r=g","url":"https:\/\/secure.gravatar.com\/avatar\/c50c17820bcf322f0a8fd6b110b8c0918141409dc69076470f6fca5fee70a5d4?s=96&d=mm&r=g","contentUrl":"https:\/\/secure.gravatar.com\/avatar\/c50c17820bcf322f0a8fd6b110b8c0918141409dc69076470f6fca5fee70a5d4?s=96&d=mm&r=g","caption":"Encontra Vit\u00f3ria"},"url":"https:\/\/www.encontravitoria.com.br\/guia\/author\/encontravitoria\/"}]}},"_links":{"self":[{"href":"https:\/\/www.encontravitoria.com.br\/guia\/wp-json\/wp\/v2\/posts\/8327","targetHints":{"allow":["GET"]}}],"collection":[{"href":"https:\/\/www.encontravitoria.com.br\/guia\/wp-json\/wp\/v2\/posts"}],"about":[{"href":"https:\/\/www.encontravitoria.com.br\/guia\/wp-json\/wp\/v2\/types\/post"}],"author":[{"embeddable":true,"href":"https:\/\/www.encontravitoria.com.br\/guia\/wp-json\/wp\/v2\/users\/1"}],"replies":[{"embeddable":true,"href":"https:\/\/www.encontravitoria.com.br\/guia\/wp-json\/wp\/v2\/comments?post=8327"}],"version-history":[{"count":0,"href":"https:\/\/www.encontravitoria.com.br\/guia\/wp-json\/wp\/v2\/posts\/8327\/revisions"}],"wp:featuredmedia":[{"embeddable":true,"href":"https:\/\/www.encontravitoria.com.br\/guia\/wp-json\/wp\/v2\/media\/8326"}],"wp:attachment":[{"href":"https:\/\/www.encontravitoria.com.br\/guia\/wp-json\/wp\/v2\/media?parent=8327"}],"wp:term":[{"taxonomy":"category","embeddable":true,"href":"https:\/\/www.encontravitoria.com.br\/guia\/wp-json\/wp\/v2\/categories?post=8327"},{"taxonomy":"post_tag","embeddable":true,"href":"https:\/\/www.encontravitoria.com.br\/guia\/wp-json\/wp\/v2\/tags?post=8327"}],"curies":[{"name":"wp","href":"https:\/\/api.w.org\/{rel}","templated":true}]}}