{"id":8337,"date":"2026-07-13T11:27:10","date_gmt":"2026-07-13T14:27:10","guid":{"rendered":"https:\/\/www.encontravitoria.com.br\/guia\/galeria-de-billy-bacon-participa-do-adg-design-vitoria\/"},"modified":"2026-07-13T11:27:10","modified_gmt":"2026-07-13T14:27:10","slug":"galeria-de-billy-bacon-participa-do-adg-design-vitoria","status":"publish","type":"post","link":"https:\/\/www.encontravitoria.com.br\/guia\/galeria-de-billy-bacon-participa-do-adg-design-vitoria\/","title":{"rendered":"Galeria de Billy Bacon participa do ADG Design \/ Vit\u00f3ria"},"content":{"rendered":"<h2>O Impacto da Galeria de Billy Bacon<\/h2>\n<p>A Galeria de Billy Bacon \u00e9 um espa\u00e7o que reflete a imagina\u00e7\u00e3o e ousadia desse artista, revelando como sua obra influencia a cena cultural local. Com uma abordagem inovadora, cada pe\u00e7a apresentada narra uma hist\u00f3ria \u00fanica, impactando o p\u00fablico de maneiras diversas. As exposi\u00e7\u00f5es n\u00e3o s\u00f3 atraem visitantes, mas tamb\u00e9m geram discuss\u00f5es sobre arte e design, enriquecendo a experi\u00eancia cultural da comunidade.<\/p>\n<h2>Por Que o ADG Design \u00e9 Importante<\/h2>\n<p>O ADG Design desempenha um papel fundamental na promo\u00e7\u00e3o da arte e do design, sendo um catalisador para a criatividade em Vit\u00f3ria, ES. A associa\u00e7\u00e3o promove encontros que trazem \u00e0 tona discuss\u00f5es sobre a responsabilidade social do designer, al\u00e9m de fomentar a colabora\u00e7\u00e3o entre artistas. Dessa forma, o ADG n\u00e3o \u00e9 apenas um espa\u00e7o de exposi\u00e7\u00e3o, mas um ponto de converg\u00eancia para ideias e inova\u00e7\u00e3o.<\/p>\n<h2>Billy Bacon: Um Artista Vision\u00e1rio<\/h2>\n<p>Billy Bacon se destaca como um artista vision\u00e1rio que, atrav\u00e9s de suas cria\u00e7\u00f5es, abstrai sentimentos e experi\u00eancias. Suas obras costumam trazer \u00e0 tona quest\u00f5es contempor\u00e2neas, unindo t\u00e9cnicas tradicionais e modernas. Essa capacidade de dialogar com o p\u00fablico, expressando tanto a beleza quanto a complexidade da vida, coloca Bacon em um lugar de destaque no cen\u00e1rio art\u00edstico.<\/p>\n<p><img decoding=\"async\" src=\"https:\/\/www.encontravitoria.com.br\/guia\/wp-content\/uploads\/2026\/07\/galeria-de-billy-bacon-participa-do-adg-design-vitoria.webp\" alt=\"galeria de Billy Bacon\" loading=\"lazy\" \/><\/p>\n<h2>Explorando a Criatividade no Design<\/h2>\n<p>A criatividade no design \u00e9 um elemento essencial que transforma conceitos abstratos em realidade vis\u00edvel. Billy Bacon encarna esse potencial em suas obras, que desafiam as normas estabelecidas e convidam \u00e0 reflex\u00e3o. O design, sob a \u00f3tica de Bacon, n\u00e3o se limita \u00e0 est\u00e9tica; ele abrange uma linguagem que comunica emo\u00e7\u00f5es e provoca intera\u00e7\u00f5es significativas, estimulando novas formas de ver o mundo.<\/p>\n<h2>Eventos de Design e Sua Influ\u00eancia<\/h2>\n<p>Os eventos de design s\u00e3o vitais para fomentar a inova\u00e7\u00e3o e a intera\u00e7\u00e3o entre artistas, designers e o p\u00fablico. Esses encontros proporcionam um espa\u00e7o onde ideias podem ser compartilhadas e debatidas. A import\u00e2ncia dos eventos vai al\u00e9m da exposi\u00e7\u00e3o; eles promovem a educa\u00e7\u00e3o e a conscientiza\u00e7\u00e3o sobre as tend\u00eancias no design, fazendo com que o p\u00fablico se torne mais cr\u00edtico e ativo nas discuss\u00f5es art\u00edsticas.<\/p>\n<h2>A Recep\u00e7\u00e3o do P\u00fablico em Vit\u00f3ria &#8211; ES<\/h2>\n<p>A recep\u00e7\u00e3o do p\u00fablico em Vit\u00f3ria em rela\u00e7\u00e3o ao trabalho de Billy Bacon e do ADG Design \u00e9 calorosa e entusi\u00e1stica. Os visitantes n\u00e3o apenas apreciam as obras expostas, mas tamb\u00e9m participam ativamente das discuss\u00f5es e workshops propostos. Esse envolvimento demonstra uma comunidade vibrante que valoriza a cultura e a arte, estabelecendo um la\u00e7o entre os artistas e a cidade.<\/p>\n<h2>Tend\u00eancias no Mundo do Design<\/h2>\n<p>No universo do design, v\u00e1rias tend\u00eancias emergem constantemente, sendo moldadas por fatores sociais, tecnol\u00f3gicos e culturais. Entre as tend\u00eancias atuais, destaca-se a prefer\u00eancia por pr\u00e1ticas sustent\u00e1veis e a utiliza\u00e7\u00e3o de tecnologia de ponta na cria\u00e7\u00e3o. Billy Bacon se insere nesse contexto ao incorporar uma abordagem que visa a sustentabilidade, refletindo as mudan\u00e7as necess\u00e1rias para um futuro mais respons\u00e1vel.<\/p>\n<h2>O Papel da Arte em Eventos de Design<\/h2>\n<p>A arte desempenha um papel cr\u00edtico durante os eventos de design, servindo como um ve\u00edculo para a express\u00e3o e a comunica\u00e7\u00e3o. Artistas e designers usam esses eventos para se conectar com o p\u00fablico, transmitindo mensagens que ressoam fora do ambiente art\u00edstico. As obras de Billy Bacon exemplificam essa intersec\u00e7\u00e3o, inspirando n\u00e3o apenas a aprecia\u00e7\u00e3o est\u00e9tica, mas tamb\u00e9m uma reflex\u00e3o mais profunda sobre as quest\u00f5es contempor\u00e2neas que afetam a sociedade.<\/p>\n<h2>Inspira\u00e7\u00e3o de Billy Bacon para Novos Artistas<\/h2>\n<p>Billy Bacon se tornou uma fonte de inspira\u00e7\u00e3o para muitos artistas emergentes, estimulando uma nova gera\u00e7\u00e3o a explorar sua criatividade sem limita\u00e7\u00f5es. Suas abordagens inovadoras e sua disposi\u00e7\u00e3o para desafiar o status quo encorajam novos talentos a se expressarem e a experimentarem novas formas art\u00edsticas, promovendo um ciclo cont\u00ednuo de inova\u00e7\u00e3o e transforma\u00e7\u00e3o na arte.<\/p>\n<h2>Reflex\u00f5es sobre o Futuro do Design<\/h2>\n<p>O futuro do design \u00e9 promissor, especialmente com artistas como Billy Bacon contribuindo para tra\u00e7ar novos caminhos. \u00c0 medida que a tecnologia avan\u00e7a e as necessidades sociais evoluem, o design se torna uma ferramenta ainda mais poderosa para fazer perguntas e promover mudan\u00e7as. As reflex\u00f5es em torno dessas transforma\u00e7\u00f5es s\u00e3o cruciais para entender como o design continuar\u00e1 a impactar a vida cotidiana e a cultura.<\/p>\n","protected":false},"excerpt":{"rendered":"<p>A Galeria de Billy Bacon se destacou no ADG Design em Vit\u00f3ria &#8211; ES, revelando seu talento \u00fanico.<\/p>\n","protected":false},"author":1,"featured_media":8336,"comment_status":"open","ping_status":"open","sticky":false,"template":"","format":"standard","meta":{"footnotes":""},"categories":[898],"tags":[],"class_list":["post-8337","post","type-post","status-publish","format-standard","has-post-thumbnail","hentry","category-exposicao","has_thumb"],"yoast_head":"<!-- This site is optimized with the Yoast SEO plugin v27.9 - https:\/\/yoast.com\/product\/yoast-seo-wordpress\/ -->\n<title>Galeria de Billy Bacon participa do ADG Design \/ Vit\u00f3ria | Guia Comercial de Vit\u00f3ria ES<\/title>\n<meta name=\"robots\" content=\"index, follow, max-snippet:-1, max-image-preview:large, max-video-preview:-1\" \/>\n<link rel=\"canonical\" href=\"https:\/\/www.encontravitoria.com.br\/guia\/galeria-de-billy-bacon-participa-do-adg-design-vitoria\/\" \/>\n<meta property=\"og:locale\" content=\"pt_BR\" \/>\n<meta property=\"og:type\" content=\"article\" \/>\n<meta property=\"og:title\" content=\"Galeria de Billy Bacon participa do ADG Design \/ Vit\u00f3ria | Guia Comercial de Vit\u00f3ria ES\" \/>\n<meta property=\"og:description\" content=\"A Galeria de Billy Bacon se destacou no ADG Design em Vit\u00f3ria - ES, revelando seu talento \u00fanico.\" \/>\n<meta property=\"og:url\" content=\"https:\/\/www.encontravitoria.com.br\/guia\/galeria-de-billy-bacon-participa-do-adg-design-vitoria\/\" \/>\n<meta property=\"og:site_name\" content=\"Guia Comercial de Vit\u00f3ria ES\" \/>\n<meta property=\"article:published_time\" content=\"2026-07-13T14:27:10+00:00\" \/>\n<meta property=\"og:image\" content=\"https:\/\/www.encontravitoria.com.br\/guia\/wp-content\/uploads\/2026\/07\/galeria-de-billy-bacon-participa-do-adg-design-vitoria.webp\" \/>\n<meta name=\"author\" content=\"Encontra Vit\u00f3ria\" \/>\n<meta name=\"twitter:card\" content=\"summary_large_image\" \/>\n<meta name=\"twitter:label1\" content=\"Escrito por\" \/>\n\t<meta name=\"twitter:data1\" content=\"Encontra Vit\u00f3ria\" \/>\n\t<meta name=\"twitter:label2\" content=\"Est. tempo de leitura\" \/>\n\t<meta name=\"twitter:data2\" content=\"4 minutos\" \/>\n<script type=\"application\/ld+json\" class=\"yoast-schema-graph\">{\"@context\":\"https:\\\/\\\/schema.org\",\"@graph\":[{\"@type\":\"Article\",\"@id\":\"https:\\\/\\\/www.encontravitoria.com.br\\\/guia\\\/galeria-de-billy-bacon-participa-do-adg-design-vitoria\\\/#article\",\"isPartOf\":{\"@id\":\"https:\\\/\\\/www.encontravitoria.com.br\\\/guia\\\/galeria-de-billy-bacon-participa-do-adg-design-vitoria\\\/\"},\"author\":{\"name\":\"Encontra Vit\u00f3ria\",\"@id\":\"https:\\\/\\\/www.encontravitoria.com.br\\\/guia\\\/#\\\/schema\\\/person\\\/e5c86e2a8d5a2a0333f0c44792c74c65\"},\"headline\":\"Galeria de Billy Bacon participa do ADG Design \\\/ Vit\u00f3ria\",\"datePublished\":\"2026-07-13T14:27:10+00:00\",\"mainEntityOfPage\":{\"@id\":\"https:\\\/\\\/www.encontravitoria.com.br\\\/guia\\\/galeria-de-billy-bacon-participa-do-adg-design-vitoria\\\/\"},\"wordCount\":789,\"commentCount\":0,\"image\":{\"@id\":\"https:\\\/\\\/www.encontravitoria.com.br\\\/guia\\\/galeria-de-billy-bacon-participa-do-adg-design-vitoria\\\/#primaryimage\"},\"thumbnailUrl\":\"https:\\\/\\\/www.encontravitoria.com.br\\\/guia\\\/wp-content\\\/uploads\\\/2026\\\/07\\\/galeria-de-billy-bacon-participa-do-adg-design-vitoria.webp\",\"articleSection\":[\"Exposi\u00e7\u00e3o Vit\u00f3ria\"],\"inLanguage\":\"pt-BR\",\"potentialAction\":[{\"@type\":\"CommentAction\",\"name\":\"Comment\",\"target\":[\"https:\\\/\\\/www.encontravitoria.com.br\\\/guia\\\/galeria-de-billy-bacon-participa-do-adg-design-vitoria\\\/#respond\"]}]},{\"@type\":\"WebPage\",\"@id\":\"https:\\\/\\\/www.encontravitoria.com.br\\\/guia\\\/galeria-de-billy-bacon-participa-do-adg-design-vitoria\\\/\",\"url\":\"https:\\\/\\\/www.encontravitoria.com.br\\\/guia\\\/galeria-de-billy-bacon-participa-do-adg-design-vitoria\\\/\",\"name\":\"Galeria de Billy Bacon participa do ADG Design \\\/ Vit\u00f3ria | Guia Comercial de Vit\u00f3ria ES\",\"isPartOf\":{\"@id\":\"https:\\\/\\\/www.encontravitoria.com.br\\\/guia\\\/#website\"},\"primaryImageOfPage\":{\"@id\":\"https:\\\/\\\/www.encontravitoria.com.br\\\/guia\\\/galeria-de-billy-bacon-participa-do-adg-design-vitoria\\\/#primaryimage\"},\"image\":{\"@id\":\"https:\\\/\\\/www.encontravitoria.com.br\\\/guia\\\/galeria-de-billy-bacon-participa-do-adg-design-vitoria\\\/#primaryimage\"},\"thumbnailUrl\":\"https:\\\/\\\/www.encontravitoria.com.br\\\/guia\\\/wp-content\\\/uploads\\\/2026\\\/07\\\/galeria-de-billy-bacon-participa-do-adg-design-vitoria.webp\",\"datePublished\":\"2026-07-13T14:27:10+00:00\",\"author\":{\"@id\":\"https:\\\/\\\/www.encontravitoria.com.br\\\/guia\\\/#\\\/schema\\\/person\\\/e5c86e2a8d5a2a0333f0c44792c74c65\"},\"inLanguage\":\"pt-BR\",\"potentialAction\":[{\"@type\":\"ReadAction\",\"target\":[\"https:\\\/\\\/www.encontravitoria.com.br\\\/guia\\\/galeria-de-billy-bacon-participa-do-adg-design-vitoria\\\/\"]}]},{\"@type\":\"ImageObject\",\"inLanguage\":\"pt-BR\",\"@id\":\"https:\\\/\\\/www.encontravitoria.com.br\\\/guia\\\/galeria-de-billy-bacon-participa-do-adg-design-vitoria\\\/#primaryimage\",\"url\":\"https:\\\/\\\/www.encontravitoria.com.br\\\/guia\\\/wp-content\\\/uploads\\\/2026\\\/07\\\/galeria-de-billy-bacon-participa-do-adg-design-vitoria.webp\",\"contentUrl\":\"https:\\\/\\\/www.encontravitoria.com.br\\\/guia\\\/wp-content\\\/uploads\\\/2026\\\/07\\\/galeria-de-billy-bacon-participa-do-adg-design-vitoria.webp\",\"width\":280,\"height\":280,\"caption\":\"galeria de Billy Bacon\"},{\"@type\":\"WebSite\",\"@id\":\"https:\\\/\\\/www.encontravitoria.com.br\\\/guia\\\/#website\",\"url\":\"https:\\\/\\\/www.encontravitoria.com.br\\\/guia\\\/\",\"name\":\"Guia Comercial de Vit\u00f3ria ES\",\"description\":\"ENCONTRA VIT\u00d3RIA - O guia comercial de neg\u00f3cios e empresas, cultura e divers\u00e3o na cidade de Vit\u00f3ria. Feito 100% para voc\u00ea morador!\",\"potentialAction\":[{\"@type\":\"SearchAction\",\"target\":{\"@type\":\"EntryPoint\",\"urlTemplate\":\"https:\\\/\\\/www.encontravitoria.com.br\\\/guia\\\/?s={search_term_string}\"},\"query-input\":{\"@type\":\"PropertyValueSpecification\",\"valueRequired\":true,\"valueName\":\"search_term_string\"}}],\"inLanguage\":\"pt-BR\"},{\"@type\":\"Person\",\"@id\":\"https:\\\/\\\/www.encontravitoria.com.br\\\/guia\\\/#\\\/schema\\\/person\\\/e5c86e2a8d5a2a0333f0c44792c74c65\",\"name\":\"Encontra Vit\u00f3ria\",\"image\":{\"@type\":\"ImageObject\",\"inLanguage\":\"pt-BR\",\"@id\":\"https:\\\/\\\/secure.gravatar.com\\\/avatar\\\/c50c17820bcf322f0a8fd6b110b8c0918141409dc69076470f6fca5fee70a5d4?s=96&d=mm&r=g\",\"url\":\"https:\\\/\\\/secure.gravatar.com\\\/avatar\\\/c50c17820bcf322f0a8fd6b110b8c0918141409dc69076470f6fca5fee70a5d4?s=96&d=mm&r=g\",\"contentUrl\":\"https:\\\/\\\/secure.gravatar.com\\\/avatar\\\/c50c17820bcf322f0a8fd6b110b8c0918141409dc69076470f6fca5fee70a5d4?s=96&d=mm&r=g\",\"caption\":\"Encontra Vit\u00f3ria\"},\"url\":\"https:\\\/\\\/www.encontravitoria.com.br\\\/guia\\\/author\\\/encontravitoria\\\/\"}]}<\/script>\n<!-- \/ Yoast SEO plugin. -->","yoast_head_json":{"title":"Galeria de Billy Bacon participa do ADG Design \/ Vit\u00f3ria | Guia Comercial de Vit\u00f3ria ES","robots":{"index":"index","follow":"follow","max-snippet":"max-snippet:-1","max-image-preview":"max-image-preview:large","max-video-preview":"max-video-preview:-1"},"canonical":"https:\/\/www.encontravitoria.com.br\/guia\/galeria-de-billy-bacon-participa-do-adg-design-vitoria\/","og_locale":"pt_BR","og_type":"article","og_title":"Galeria de Billy Bacon participa do ADG Design \/ Vit\u00f3ria | Guia Comercial de Vit\u00f3ria ES","og_description":"A Galeria de Billy Bacon se destacou no ADG Design em Vit\u00f3ria - ES, revelando seu talento \u00fanico.","og_url":"https:\/\/www.encontravitoria.com.br\/guia\/galeria-de-billy-bacon-participa-do-adg-design-vitoria\/","og_site_name":"Guia Comercial de Vit\u00f3ria ES","article_published_time":"2026-07-13T14:27:10+00:00","og_image":[{"url":"https:\/\/www.encontravitoria.com.br\/guia\/wp-content\/uploads\/2026\/07\/galeria-de-billy-bacon-participa-do-adg-design-vitoria.webp","type":"","width":"","height":""}],"author":"Encontra Vit\u00f3ria","twitter_card":"summary_large_image","twitter_misc":{"Escrito por":"Encontra Vit\u00f3ria","Est. tempo de leitura":"4 minutos"},"schema":{"@context":"https:\/\/schema.org","@graph":[{"@type":"Article","@id":"https:\/\/www.encontravitoria.com.br\/guia\/galeria-de-billy-bacon-participa-do-adg-design-vitoria\/#article","isPartOf":{"@id":"https:\/\/www.encontravitoria.com.br\/guia\/galeria-de-billy-bacon-participa-do-adg-design-vitoria\/"},"author":{"name":"Encontra Vit\u00f3ria","@id":"https:\/\/www.encontravitoria.com.br\/guia\/#\/schema\/person\/e5c86e2a8d5a2a0333f0c44792c74c65"},"headline":"Galeria de Billy Bacon participa do ADG Design \/ Vit\u00f3ria","datePublished":"2026-07-13T14:27:10+00:00","mainEntityOfPage":{"@id":"https:\/\/www.encontravitoria.com.br\/guia\/galeria-de-billy-bacon-participa-do-adg-design-vitoria\/"},"wordCount":789,"commentCount":0,"image":{"@id":"https:\/\/www.encontravitoria.com.br\/guia\/galeria-de-billy-bacon-participa-do-adg-design-vitoria\/#primaryimage"},"thumbnailUrl":"https:\/\/www.encontravitoria.com.br\/guia\/wp-content\/uploads\/2026\/07\/galeria-de-billy-bacon-participa-do-adg-design-vitoria.webp","articleSection":["Exposi\u00e7\u00e3o Vit\u00f3ria"],"inLanguage":"pt-BR","potentialAction":[{"@type":"CommentAction","name":"Comment","target":["https:\/\/www.encontravitoria.com.br\/guia\/galeria-de-billy-bacon-participa-do-adg-design-vitoria\/#respond"]}]},{"@type":"WebPage","@id":"https:\/\/www.encontravitoria.com.br\/guia\/galeria-de-billy-bacon-participa-do-adg-design-vitoria\/","url":"https:\/\/www.encontravitoria.com.br\/guia\/galeria-de-billy-bacon-participa-do-adg-design-vitoria\/","name":"Galeria de Billy Bacon participa do ADG Design \/ Vit\u00f3ria | Guia Comercial de Vit\u00f3ria ES","isPartOf":{"@id":"https:\/\/www.encontravitoria.com.br\/guia\/#website"},"primaryImageOfPage":{"@id":"https:\/\/www.encontravitoria.com.br\/guia\/galeria-de-billy-bacon-participa-do-adg-design-vitoria\/#primaryimage"},"image":{"@id":"https:\/\/www.encontravitoria.com.br\/guia\/galeria-de-billy-bacon-participa-do-adg-design-vitoria\/#primaryimage"},"thumbnailUrl":"https:\/\/www.encontravitoria.com.br\/guia\/wp-content\/uploads\/2026\/07\/galeria-de-billy-bacon-participa-do-adg-design-vitoria.webp","datePublished":"2026-07-13T14:27:10+00:00","author":{"@id":"https:\/\/www.encontravitoria.com.br\/guia\/#\/schema\/person\/e5c86e2a8d5a2a0333f0c44792c74c65"},"inLanguage":"pt-BR","potentialAction":[{"@type":"ReadAction","target":["https:\/\/www.encontravitoria.com.br\/guia\/galeria-de-billy-bacon-participa-do-adg-design-vitoria\/"]}]},{"@type":"ImageObject","inLanguage":"pt-BR","@id":"https:\/\/www.encontravitoria.com.br\/guia\/galeria-de-billy-bacon-participa-do-adg-design-vitoria\/#primaryimage","url":"https:\/\/www.encontravitoria.com.br\/guia\/wp-content\/uploads\/2026\/07\/galeria-de-billy-bacon-participa-do-adg-design-vitoria.webp","contentUrl":"https:\/\/www.encontravitoria.com.br\/guia\/wp-content\/uploads\/2026\/07\/galeria-de-billy-bacon-participa-do-adg-design-vitoria.webp","width":280,"height":280,"caption":"galeria de Billy Bacon"},{"@type":"WebSite","@id":"https:\/\/www.encontravitoria.com.br\/guia\/#website","url":"https:\/\/www.encontravitoria.com.br\/guia\/","name":"Guia Comercial de Vit\u00f3ria ES","description":"ENCONTRA VIT\u00d3RIA - O guia comercial de neg\u00f3cios e empresas, cultura e divers\u00e3o na cidade de Vit\u00f3ria. Feito 100% para voc\u00ea morador!","potentialAction":[{"@type":"SearchAction","target":{"@type":"EntryPoint","urlTemplate":"https:\/\/www.encontravitoria.com.br\/guia\/?s={search_term_string}"},"query-input":{"@type":"PropertyValueSpecification","valueRequired":true,"valueName":"search_term_string"}}],"inLanguage":"pt-BR"},{"@type":"Person","@id":"https:\/\/www.encontravitoria.com.br\/guia\/#\/schema\/person\/e5c86e2a8d5a2a0333f0c44792c74c65","name":"Encontra Vit\u00f3ria","image":{"@type":"ImageObject","inLanguage":"pt-BR","@id":"https:\/\/secure.gravatar.com\/avatar\/c50c17820bcf322f0a8fd6b110b8c0918141409dc69076470f6fca5fee70a5d4?s=96&d=mm&r=g","url":"https:\/\/secure.gravatar.com\/avatar\/c50c17820bcf322f0a8fd6b110b8c0918141409dc69076470f6fca5fee70a5d4?s=96&d=mm&r=g","contentUrl":"https:\/\/secure.gravatar.com\/avatar\/c50c17820bcf322f0a8fd6b110b8c0918141409dc69076470f6fca5fee70a5d4?s=96&d=mm&r=g","caption":"Encontra Vit\u00f3ria"},"url":"https:\/\/www.encontravitoria.com.br\/guia\/author\/encontravitoria\/"}]}},"_links":{"self":[{"href":"https:\/\/www.encontravitoria.com.br\/guia\/wp-json\/wp\/v2\/posts\/8337","targetHints":{"allow":["GET"]}}],"collection":[{"href":"https:\/\/www.encontravitoria.com.br\/guia\/wp-json\/wp\/v2\/posts"}],"about":[{"href":"https:\/\/www.encontravitoria.com.br\/guia\/wp-json\/wp\/v2\/types\/post"}],"author":[{"embeddable":true,"href":"https:\/\/www.encontravitoria.com.br\/guia\/wp-json\/wp\/v2\/users\/1"}],"replies":[{"embeddable":true,"href":"https:\/\/www.encontravitoria.com.br\/guia\/wp-json\/wp\/v2\/comments?post=8337"}],"version-history":[{"count":0,"href":"https:\/\/www.encontravitoria.com.br\/guia\/wp-json\/wp\/v2\/posts\/8337\/revisions"}],"wp:featuredmedia":[{"embeddable":true,"href":"https:\/\/www.encontravitoria.com.br\/guia\/wp-json\/wp\/v2\/media\/8336"}],"wp:attachment":[{"href":"https:\/\/www.encontravitoria.com.br\/guia\/wp-json\/wp\/v2\/media?parent=8337"}],"wp:term":[{"taxonomy":"category","embeddable":true,"href":"https:\/\/www.encontravitoria.com.br\/guia\/wp-json\/wp\/v2\/categories?post=8337"},{"taxonomy":"post_tag","embeddable":true,"href":"https:\/\/www.encontravitoria.com.br\/guia\/wp-json\/wp\/v2\/tags?post=8337"}],"curies":[{"name":"wp","href":"https:\/\/api.w.org\/{rel}","templated":true}]}}