{"id":8369,"date":"2026-07-17T18:13:49","date_gmt":"2026-07-17T21:13:49","guid":{"rendered":"https:\/\/www.encontravitoria.com.br\/guia\/nazareth-faz-show-gratuito-em-vitoria-nesta-quinta-16-veja-o-que-esperar-da-noite-de-rock\/"},"modified":"2026-07-17T18:13:49","modified_gmt":"2026-07-17T21:13:49","slug":"nazareth-faz-show-gratuito-em-vitoria-nesta-quinta-16-veja-o-que-esperar-da-noite-de-rock","status":"publish","type":"post","link":"https:\/\/www.encontravitoria.com.br\/guia\/nazareth-faz-show-gratuito-em-vitoria-nesta-quinta-16-veja-o-que-esperar-da-noite-de-rock\/","title":{"rendered":"Nazareth faz show gratuito em Vit\u00f3ria nesta quinta (16); veja o que esperar da noite de rock"},"content":{"rendered":"<h2>Abertura com Lordose Pra Le\u00e3o<\/h2>\n<p>Na pr\u00f3xima quinta-feira (16), a Pra\u00e7a do Papa, em Vit\u00f3ria, ir\u00e1 se transformar em uma grande celebra\u00e7\u00e3o do rock, recebendo a ic\u00f4nica banda escocesa <strong>Nazareth<\/strong> em um show gratuito. A abertura do evento ficar\u00e1 por conta da banda local <strong>Lordose Pra Le\u00e3o<\/strong>, que se destaca na cena musical capixaba. O grupo, que est\u00e1 comemorando seus 35 anos de carreira, promete fazer uma apresenta\u00e7\u00e3o memor\u00e1vel, que homenageia o <strong>Festival Dia D<\/strong>, famoso por sua relev\u00e2ncia na hist\u00f3ria do rock no Esp\u00edrito Santo.<\/p>\n<h2>Repert\u00f3rio de Cl\u00e1ssicos do Nazareth<\/h2>\n<p>Os f\u00e3s podem aguardar um repert\u00f3rio de grandes sucessos da banda, que \u00e9 uma refer\u00eancia mundial no g\u00eanero hard rock. Entre as m\u00fasicas que marcar\u00e3o a apresenta\u00e7\u00e3o, est\u00e3o cl\u00e1ssicos como <em>Love Hurts<\/em>, <em>Hair of the Dog<\/em>, <em>Dream On<\/em>, <em>Razamanaz<\/em>, <em>Holiday<\/em> e <em>This Flight Tonight<\/em>. Desde sua forma\u00e7\u00e3o em 1968 em Dunfermline, na Esc\u00f3cia, o Nazareth j\u00e1 lan\u00e7ou mais de 20 \u00e1lbuns, conquistando diversas gera\u00e7\u00f5es com seu som marcante.<\/p>\n<h2>A hist\u00f3ria do Dia Mundial do Rock<\/h2>\n<p>O <strong>Dia Mundial do Rock<\/strong>, celebrado no dia 13 de julho, \u00e9 uma data que reverencia o g\u00eanero musical que influenciou e continua influenciando diversas culturas ao redor do mundo. A escolha da data remete a um evento em 1985 que reuniu artistas de renome em um show beneficente, destacando a import\u00e2ncia do rock tanto na m\u00fasica quanto na solidariedade. O show do Nazareth em Vit\u00f3ria se insere nesse contexto, unindo f\u00e3s em uma celebra\u00e7\u00e3o do rock.<\/p>\n<p><img decoding=\"async\" src=\"https:\/\/www.encontravitoria.com.br\/guia\/wp-content\/uploads\/2026\/07\/nazareth-faz-show-gratuito-em-vitoria-nesta-quinta-16-veja-o-que-esperar-da-noite-de-rock.webp\" alt=\"Nazareth faz show gratuito em Vit\u00f3ria\" loading=\"lazy\" \/><\/p>\n<h2>Expectativa para o show gratuito<\/h2>\n<p>A proposta de um show gratuito na capital capixaba promete atrair milhares de pessoas, tendo em vista que esta \u00e9 a \u00fanica apresenta\u00e7\u00e3o da turn\u00ea &#8220;Latin America Hits&#8221; que ser\u00e1 realizada sem custo algum. A expectativa \u00e9 de um grande p\u00fablico, engajado e disposto a vibrar com os cl\u00e1ssicos do rock. Este evento n\u00e3o s\u00f3 torna a m\u00fasica acess\u00edvel, mas tamb\u00e9m cultiva um sentimento de comunidade entre os f\u00e3s.<\/p>\n<h2>O legado da banda escocesa<\/h2>\n<p>Com mais de cinco d\u00e9cadas de carreira, o Nazareth \u00e9 uma das bandas mais importantes na hist\u00f3ria do rock. Sua influ\u00eancia ultrapassa gera\u00e7\u00f5es, e suas m\u00fasicas est\u00e3o presentes em diversas trilhas sonoras, r\u00e1dios e playlists ao redor do mundo. A durabilidade e relev\u00e2ncia do grupo demonstram a for\u00e7a do rock como um g\u00eanero que nunca sai de moda, al\u00e9m de inspirar novas gera\u00e7\u00f5es de m\u00fasicos.<\/p>\n<h2>Atividades na Pra\u00e7a do Papa antes do show<\/h2>\n<p>A programa\u00e7\u00e3o do evento come\u00e7a \u00e0s 19h e contar\u00e1 com uma variedade de atra\u00e7\u00f5es para os participantes antes do show principal. A Pra\u00e7a do Papa se tornar\u00e1 um espa\u00e7o vibrante onde quem chegar cedo poder\u00e1 desfrutar de uma sele\u00e7\u00e3o de atividades.<\/p>\n<ul>\n<li><strong>Exposi\u00e7\u00e3o de Carros Antigos:<\/strong> Os amantes de autom\u00f3veis poder\u00e3o apre\u00e7ar-se em uma exposi\u00e7\u00e3o que contar\u00e1 com mais de 35 carros antigos, destacando a beleza e hist\u00f3ria desses ve\u00edculos.<\/li>\n<li><strong>Giro do Vinil:<\/strong> Uma edi\u00e7\u00e3o especial do tradicional encontro de colecionadores de discos, proporcionando aos amantes da m\u00fasica uma oportunidade de compartilhar suas paix\u00f5es.<\/li>\n<li><strong>Pra\u00e7a de Alimenta\u00e7\u00e3o:<\/strong> Com uma variedade de food trucks, os visitantes ter\u00e3o a chance de experimentar diferentes tipos de comidas enquanto aguardam pelo show.<\/li>\n<li><strong>Motoclubes Capixabas:<\/strong> Haver\u00e1 um espa\u00e7o exclusivo para a concentra\u00e7\u00e3o de motoclubes, promovendo uma intera\u00e7\u00e3o entre os apreciadores de motos e rock.<\/li>\n<\/ul>\n<p>Essas atividades prometem tornar a noite ainda mais memor\u00e1vel, criando uma atmosfera \u00fanica de celebra\u00e7\u00e3o.\n<\/p>\n<h2>Homenagem ao Festival Dia D<\/h2>\n<p>O show da banda Lordose Pra Le\u00e3o servir\u00e1 como uma homenagem ao <strong>Festival Dia D<\/strong>, que foi um marco na hist\u00f3ria do rock capixaba nos anos 1990 e 2000. O festival \u00e9 lembrado n\u00e3o s\u00f3 pela m\u00fasica, mas tamb\u00e9m pela signific\u00e2ncia cultural que trouxe para a regi\u00e3o. A apresenta\u00e7\u00e3o \u00e9 uma forma de relembrar as origens e a evolu\u00e7\u00e3o do rock no Esp\u00edrito Santo, fortalecendo a cena local e reconhecendo a import\u00e2ncia de artistas que ajudaram a moldar o g\u00eanero.<\/p>\n<h2>Participa\u00e7\u00e3o de motoclubes capixabas<\/h2>\n<p>Os motoclubes capixabas ter\u00e3o um espa\u00e7o especial no evento, permitindo que entusiastas se re\u00fanam em um ambiente de celebra\u00e7\u00e3o da cultura rock e das duas rodas. Essa participa\u00e7\u00e3o n\u00e3o s\u00f3 agrega valor ao evento, como tamb\u00e9m fortalece la\u00e7os entre comunidades que compartilham interesses semelhantes.<\/p>\n<h2>Exposi\u00e7\u00e3o de carros antigos no evento<\/h2>\n<p>A presen\u00e7a de mais de 35 carros cl\u00e1ssicos na Pra\u00e7a do Papa n\u00e3o \u00e9 apenas uma atra\u00e7\u00e3o visual, mas tamb\u00e9m uma celebra\u00e7\u00e3o da cultura automotiva. Os visitantes poder\u00e3o apreciar a beleza de modelos que marcaram \u00e9poca e entender um pouco da hist\u00f3ria atrav\u00e9s dos ve\u00edculos expostos. Essa diversidade de atra\u00e7\u00f5es torna o evento mais inclusivo, atendendo a diferentes interesses.<\/p>\n<h2>Como aproveitar a noite de rock em Vit\u00f3ria<\/h2>\n<p>Para garantir uma experi\u00eancia inesquec\u00edvel no show do Nazareth, os f\u00e3s devem considerar alguns pontos:<\/p>\n<ul>\n<li><strong>Chegar Cedo:<\/strong> Para garantir um bom lugar e aproveitar as atividades antes do show, \u00e9 recomend\u00e1vel chegar cedo ao local.<\/li>\n<li><strong>Traje Confort\u00e1vel:<\/strong> Use roupas e cal\u00e7ados confort\u00e1veis, j\u00e1 que haver\u00e1 muita anima\u00e7\u00e3o e, possivelmente, ficar\u00e1 em p\u00e9 durante a apresenta\u00e7\u00e3o.<\/li>\n<li><strong>Interagir com Outros F\u00e3s:<\/strong> Aproveite a oportunidade para conhecer novas pessoas que compartilham o amor pela m\u00fasica e pelo rock.<\/li>\n<li><strong>Desfrutar das Atividades:<\/strong> Participar das atra\u00e7\u00f5es dispon\u00edveis antes do show, como a exposi\u00e7\u00e3o de carros e o Giro do Vinil.<\/li>\n<li><strong>Registrar Momentos:<\/strong> N\u00e3o se esque\u00e7a de tirar fotos e registrar o momento, que ser\u00e1 \u00fanico e memor\u00e1vel.<\/li>\n<\/ul>\n<p>Seja parte desse grande evento que promete celebrar o melhor do rock e unir pessoas de todas as idades em uma noite inesquec\u00edvel.<\/p>\n","protected":false},"excerpt":{"rendered":"<p>Nazareth faz show gratuito em Vit\u00f3ria nesta quinta, celebrando o Dia Mundial do Rock.<\/p>\n","protected":false},"author":1,"featured_media":8368,"comment_status":"open","ping_status":"open","sticky":false,"template":"","format":"standard","meta":{"footnotes":""},"categories":[902],"tags":[],"class_list":["post-8369","post","type-post","status-publish","format-standard","has-post-thumbnail","hentry","category-shows","has_thumb"],"yoast_head":"<!-- This site is optimized with the Yoast SEO plugin v27.9 - https:\/\/yoast.com\/product\/yoast-seo-wordpress\/ -->\n<title>Nazareth faz show gratuito em Vit\u00f3ria nesta quinta (16); veja o que esperar da noite de rock | Guia Comercial de Vit\u00f3ria ES<\/title>\n<meta name=\"robots\" content=\"index, follow, max-snippet:-1, max-image-preview:large, max-video-preview:-1\" \/>\n<link rel=\"canonical\" href=\"https:\/\/www.encontravitoria.com.br\/guia\/nazareth-faz-show-gratuito-em-vitoria-nesta-quinta-16-veja-o-que-esperar-da-noite-de-rock\/\" \/>\n<meta property=\"og:locale\" content=\"pt_BR\" \/>\n<meta property=\"og:type\" content=\"article\" \/>\n<meta property=\"og:title\" content=\"Nazareth faz show gratuito em Vit\u00f3ria nesta quinta (16); veja o que esperar da noite de rock | Guia Comercial de Vit\u00f3ria ES\" \/>\n<meta property=\"og:description\" content=\"Nazareth faz show gratuito em Vit\u00f3ria nesta quinta, celebrando o Dia Mundial do Rock.\" \/>\n<meta property=\"og:url\" content=\"https:\/\/www.encontravitoria.com.br\/guia\/nazareth-faz-show-gratuito-em-vitoria-nesta-quinta-16-veja-o-que-esperar-da-noite-de-rock\/\" \/>\n<meta property=\"og:site_name\" content=\"Guia Comercial de Vit\u00f3ria ES\" \/>\n<meta property=\"article:published_time\" content=\"2026-07-17T21:13:49+00:00\" \/>\n<meta property=\"og:image\" content=\"https:\/\/www.encontravitoria.com.br\/guia\/wp-content\/uploads\/2026\/07\/nazareth-faz-show-gratuito-em-vitoria-nesta-quinta-16-veja-o-que-esperar-da-noite-de-rock.webp\" \/>\n<meta name=\"author\" content=\"Encontra Vit\u00f3ria\" \/>\n<meta name=\"twitter:card\" content=\"summary_large_image\" \/>\n<meta name=\"twitter:label1\" content=\"Escrito por\" \/>\n\t<meta name=\"twitter:data1\" content=\"Encontra Vit\u00f3ria\" \/>\n\t<meta name=\"twitter:label2\" content=\"Est. tempo de leitura\" \/>\n\t<meta name=\"twitter:data2\" content=\"5 minutos\" \/>\n<script type=\"application\/ld+json\" class=\"yoast-schema-graph\">{\"@context\":\"https:\\\/\\\/schema.org\",\"@graph\":[{\"@type\":\"Article\",\"@id\":\"https:\\\/\\\/www.encontravitoria.com.br\\\/guia\\\/nazareth-faz-show-gratuito-em-vitoria-nesta-quinta-16-veja-o-que-esperar-da-noite-de-rock\\\/#article\",\"isPartOf\":{\"@id\":\"https:\\\/\\\/www.encontravitoria.com.br\\\/guia\\\/nazareth-faz-show-gratuito-em-vitoria-nesta-quinta-16-veja-o-que-esperar-da-noite-de-rock\\\/\"},\"author\":{\"name\":\"Encontra Vit\u00f3ria\",\"@id\":\"https:\\\/\\\/www.encontravitoria.com.br\\\/guia\\\/#\\\/schema\\\/person\\\/e5c86e2a8d5a2a0333f0c44792c74c65\"},\"headline\":\"Nazareth faz show gratuito em Vit\u00f3ria nesta quinta (16); veja o que esperar da noite de rock\",\"datePublished\":\"2026-07-17T21:13:49+00:00\",\"mainEntityOfPage\":{\"@id\":\"https:\\\/\\\/www.encontravitoria.com.br\\\/guia\\\/nazareth-faz-show-gratuito-em-vitoria-nesta-quinta-16-veja-o-que-esperar-da-noite-de-rock\\\/\"},\"wordCount\":1020,\"commentCount\":0,\"image\":{\"@id\":\"https:\\\/\\\/www.encontravitoria.com.br\\\/guia\\\/nazareth-faz-show-gratuito-em-vitoria-nesta-quinta-16-veja-o-que-esperar-da-noite-de-rock\\\/#primaryimage\"},\"thumbnailUrl\":\"https:\\\/\\\/www.encontravitoria.com.br\\\/guia\\\/wp-content\\\/uploads\\\/2026\\\/07\\\/nazareth-faz-show-gratuito-em-vitoria-nesta-quinta-16-veja-o-que-esperar-da-noite-de-rock.webp\",\"articleSection\":[\"Shows Vit\u00f3ria\"],\"inLanguage\":\"pt-BR\",\"potentialAction\":[{\"@type\":\"CommentAction\",\"name\":\"Comment\",\"target\":[\"https:\\\/\\\/www.encontravitoria.com.br\\\/guia\\\/nazareth-faz-show-gratuito-em-vitoria-nesta-quinta-16-veja-o-que-esperar-da-noite-de-rock\\\/#respond\"]}]},{\"@type\":\"WebPage\",\"@id\":\"https:\\\/\\\/www.encontravitoria.com.br\\\/guia\\\/nazareth-faz-show-gratuito-em-vitoria-nesta-quinta-16-veja-o-que-esperar-da-noite-de-rock\\\/\",\"url\":\"https:\\\/\\\/www.encontravitoria.com.br\\\/guia\\\/nazareth-faz-show-gratuito-em-vitoria-nesta-quinta-16-veja-o-que-esperar-da-noite-de-rock\\\/\",\"name\":\"Nazareth faz show gratuito em Vit\u00f3ria nesta quinta (16); veja o que esperar da noite de rock | Guia Comercial de Vit\u00f3ria ES\",\"isPartOf\":{\"@id\":\"https:\\\/\\\/www.encontravitoria.com.br\\\/guia\\\/#website\"},\"primaryImageOfPage\":{\"@id\":\"https:\\\/\\\/www.encontravitoria.com.br\\\/guia\\\/nazareth-faz-show-gratuito-em-vitoria-nesta-quinta-16-veja-o-que-esperar-da-noite-de-rock\\\/#primaryimage\"},\"image\":{\"@id\":\"https:\\\/\\\/www.encontravitoria.com.br\\\/guia\\\/nazareth-faz-show-gratuito-em-vitoria-nesta-quinta-16-veja-o-que-esperar-da-noite-de-rock\\\/#primaryimage\"},\"thumbnailUrl\":\"https:\\\/\\\/www.encontravitoria.com.br\\\/guia\\\/wp-content\\\/uploads\\\/2026\\\/07\\\/nazareth-faz-show-gratuito-em-vitoria-nesta-quinta-16-veja-o-que-esperar-da-noite-de-rock.webp\",\"datePublished\":\"2026-07-17T21:13:49+00:00\",\"author\":{\"@id\":\"https:\\\/\\\/www.encontravitoria.com.br\\\/guia\\\/#\\\/schema\\\/person\\\/e5c86e2a8d5a2a0333f0c44792c74c65\"},\"inLanguage\":\"pt-BR\",\"potentialAction\":[{\"@type\":\"ReadAction\",\"target\":[\"https:\\\/\\\/www.encontravitoria.com.br\\\/guia\\\/nazareth-faz-show-gratuito-em-vitoria-nesta-quinta-16-veja-o-que-esperar-da-noite-de-rock\\\/\"]}]},{\"@type\":\"ImageObject\",\"inLanguage\":\"pt-BR\",\"@id\":\"https:\\\/\\\/www.encontravitoria.com.br\\\/guia\\\/nazareth-faz-show-gratuito-em-vitoria-nesta-quinta-16-veja-o-que-esperar-da-noite-de-rock\\\/#primaryimage\",\"url\":\"https:\\\/\\\/www.encontravitoria.com.br\\\/guia\\\/wp-content\\\/uploads\\\/2026\\\/07\\\/nazareth-faz-show-gratuito-em-vitoria-nesta-quinta-16-veja-o-que-esperar-da-noite-de-rock.webp\",\"contentUrl\":\"https:\\\/\\\/www.encontravitoria.com.br\\\/guia\\\/wp-content\\\/uploads\\\/2026\\\/07\\\/nazareth-faz-show-gratuito-em-vitoria-nesta-quinta-16-veja-o-que-esperar-da-noite-de-rock.webp\",\"width\":280,\"height\":280,\"caption\":\"Nazareth faz show gratuito em Vit\u00f3ria\"},{\"@type\":\"WebSite\",\"@id\":\"https:\\\/\\\/www.encontravitoria.com.br\\\/guia\\\/#website\",\"url\":\"https:\\\/\\\/www.encontravitoria.com.br\\\/guia\\\/\",\"name\":\"Guia Comercial de Vit\u00f3ria ES\",\"description\":\"ENCONTRA VIT\u00d3RIA - O guia comercial de neg\u00f3cios e empresas, cultura e divers\u00e3o na cidade de Vit\u00f3ria. Feito 100% para voc\u00ea morador!\",\"potentialAction\":[{\"@type\":\"SearchAction\",\"target\":{\"@type\":\"EntryPoint\",\"urlTemplate\":\"https:\\\/\\\/www.encontravitoria.com.br\\\/guia\\\/?s={search_term_string}\"},\"query-input\":{\"@type\":\"PropertyValueSpecification\",\"valueRequired\":true,\"valueName\":\"search_term_string\"}}],\"inLanguage\":\"pt-BR\"},{\"@type\":\"Person\",\"@id\":\"https:\\\/\\\/www.encontravitoria.com.br\\\/guia\\\/#\\\/schema\\\/person\\\/e5c86e2a8d5a2a0333f0c44792c74c65\",\"name\":\"Encontra Vit\u00f3ria\",\"image\":{\"@type\":\"ImageObject\",\"inLanguage\":\"pt-BR\",\"@id\":\"https:\\\/\\\/secure.gravatar.com\\\/avatar\\\/c50c17820bcf322f0a8fd6b110b8c0918141409dc69076470f6fca5fee70a5d4?s=96&d=mm&r=g\",\"url\":\"https:\\\/\\\/secure.gravatar.com\\\/avatar\\\/c50c17820bcf322f0a8fd6b110b8c0918141409dc69076470f6fca5fee70a5d4?s=96&d=mm&r=g\",\"contentUrl\":\"https:\\\/\\\/secure.gravatar.com\\\/avatar\\\/c50c17820bcf322f0a8fd6b110b8c0918141409dc69076470f6fca5fee70a5d4?s=96&d=mm&r=g\",\"caption\":\"Encontra Vit\u00f3ria\"},\"url\":\"https:\\\/\\\/www.encontravitoria.com.br\\\/guia\\\/author\\\/encontravitoria\\\/\"}]}<\/script>\n<!-- \/ Yoast SEO plugin. -->","yoast_head_json":{"title":"Nazareth faz show gratuito em Vit\u00f3ria nesta quinta (16); veja o que esperar da noite de rock | Guia Comercial de Vit\u00f3ria ES","robots":{"index":"index","follow":"follow","max-snippet":"max-snippet:-1","max-image-preview":"max-image-preview:large","max-video-preview":"max-video-preview:-1"},"canonical":"https:\/\/www.encontravitoria.com.br\/guia\/nazareth-faz-show-gratuito-em-vitoria-nesta-quinta-16-veja-o-que-esperar-da-noite-de-rock\/","og_locale":"pt_BR","og_type":"article","og_title":"Nazareth faz show gratuito em Vit\u00f3ria nesta quinta (16); veja o que esperar da noite de rock | Guia Comercial de Vit\u00f3ria ES","og_description":"Nazareth faz show gratuito em Vit\u00f3ria nesta quinta, celebrando o Dia Mundial do Rock.","og_url":"https:\/\/www.encontravitoria.com.br\/guia\/nazareth-faz-show-gratuito-em-vitoria-nesta-quinta-16-veja-o-que-esperar-da-noite-de-rock\/","og_site_name":"Guia Comercial de Vit\u00f3ria ES","article_published_time":"2026-07-17T21:13:49+00:00","og_image":[{"url":"https:\/\/www.encontravitoria.com.br\/guia\/wp-content\/uploads\/2026\/07\/nazareth-faz-show-gratuito-em-vitoria-nesta-quinta-16-veja-o-que-esperar-da-noite-de-rock.webp","type":"","width":"","height":""}],"author":"Encontra Vit\u00f3ria","twitter_card":"summary_large_image","twitter_misc":{"Escrito por":"Encontra Vit\u00f3ria","Est. tempo de leitura":"5 minutos"},"schema":{"@context":"https:\/\/schema.org","@graph":[{"@type":"Article","@id":"https:\/\/www.encontravitoria.com.br\/guia\/nazareth-faz-show-gratuito-em-vitoria-nesta-quinta-16-veja-o-que-esperar-da-noite-de-rock\/#article","isPartOf":{"@id":"https:\/\/www.encontravitoria.com.br\/guia\/nazareth-faz-show-gratuito-em-vitoria-nesta-quinta-16-veja-o-que-esperar-da-noite-de-rock\/"},"author":{"name":"Encontra Vit\u00f3ria","@id":"https:\/\/www.encontravitoria.com.br\/guia\/#\/schema\/person\/e5c86e2a8d5a2a0333f0c44792c74c65"},"headline":"Nazareth faz show gratuito em Vit\u00f3ria nesta quinta (16); veja o que esperar da noite de rock","datePublished":"2026-07-17T21:13:49+00:00","mainEntityOfPage":{"@id":"https:\/\/www.encontravitoria.com.br\/guia\/nazareth-faz-show-gratuito-em-vitoria-nesta-quinta-16-veja-o-que-esperar-da-noite-de-rock\/"},"wordCount":1020,"commentCount":0,"image":{"@id":"https:\/\/www.encontravitoria.com.br\/guia\/nazareth-faz-show-gratuito-em-vitoria-nesta-quinta-16-veja-o-que-esperar-da-noite-de-rock\/#primaryimage"},"thumbnailUrl":"https:\/\/www.encontravitoria.com.br\/guia\/wp-content\/uploads\/2026\/07\/nazareth-faz-show-gratuito-em-vitoria-nesta-quinta-16-veja-o-que-esperar-da-noite-de-rock.webp","articleSection":["Shows Vit\u00f3ria"],"inLanguage":"pt-BR","potentialAction":[{"@type":"CommentAction","name":"Comment","target":["https:\/\/www.encontravitoria.com.br\/guia\/nazareth-faz-show-gratuito-em-vitoria-nesta-quinta-16-veja-o-que-esperar-da-noite-de-rock\/#respond"]}]},{"@type":"WebPage","@id":"https:\/\/www.encontravitoria.com.br\/guia\/nazareth-faz-show-gratuito-em-vitoria-nesta-quinta-16-veja-o-que-esperar-da-noite-de-rock\/","url":"https:\/\/www.encontravitoria.com.br\/guia\/nazareth-faz-show-gratuito-em-vitoria-nesta-quinta-16-veja-o-que-esperar-da-noite-de-rock\/","name":"Nazareth faz show gratuito em Vit\u00f3ria nesta quinta (16); veja o que esperar da noite de rock | Guia Comercial de Vit\u00f3ria ES","isPartOf":{"@id":"https:\/\/www.encontravitoria.com.br\/guia\/#website"},"primaryImageOfPage":{"@id":"https:\/\/www.encontravitoria.com.br\/guia\/nazareth-faz-show-gratuito-em-vitoria-nesta-quinta-16-veja-o-que-esperar-da-noite-de-rock\/#primaryimage"},"image":{"@id":"https:\/\/www.encontravitoria.com.br\/guia\/nazareth-faz-show-gratuito-em-vitoria-nesta-quinta-16-veja-o-que-esperar-da-noite-de-rock\/#primaryimage"},"thumbnailUrl":"https:\/\/www.encontravitoria.com.br\/guia\/wp-content\/uploads\/2026\/07\/nazareth-faz-show-gratuito-em-vitoria-nesta-quinta-16-veja-o-que-esperar-da-noite-de-rock.webp","datePublished":"2026-07-17T21:13:49+00:00","author":{"@id":"https:\/\/www.encontravitoria.com.br\/guia\/#\/schema\/person\/e5c86e2a8d5a2a0333f0c44792c74c65"},"inLanguage":"pt-BR","potentialAction":[{"@type":"ReadAction","target":["https:\/\/www.encontravitoria.com.br\/guia\/nazareth-faz-show-gratuito-em-vitoria-nesta-quinta-16-veja-o-que-esperar-da-noite-de-rock\/"]}]},{"@type":"ImageObject","inLanguage":"pt-BR","@id":"https:\/\/www.encontravitoria.com.br\/guia\/nazareth-faz-show-gratuito-em-vitoria-nesta-quinta-16-veja-o-que-esperar-da-noite-de-rock\/#primaryimage","url":"https:\/\/www.encontravitoria.com.br\/guia\/wp-content\/uploads\/2026\/07\/nazareth-faz-show-gratuito-em-vitoria-nesta-quinta-16-veja-o-que-esperar-da-noite-de-rock.webp","contentUrl":"https:\/\/www.encontravitoria.com.br\/guia\/wp-content\/uploads\/2026\/07\/nazareth-faz-show-gratuito-em-vitoria-nesta-quinta-16-veja-o-que-esperar-da-noite-de-rock.webp","width":280,"height":280,"caption":"Nazareth faz show gratuito em Vit\u00f3ria"},{"@type":"WebSite","@id":"https:\/\/www.encontravitoria.com.br\/guia\/#website","url":"https:\/\/www.encontravitoria.com.br\/guia\/","name":"Guia Comercial de Vit\u00f3ria ES","description":"ENCONTRA VIT\u00d3RIA - O guia comercial de neg\u00f3cios e empresas, cultura e divers\u00e3o na cidade de Vit\u00f3ria. Feito 100% para voc\u00ea morador!","potentialAction":[{"@type":"SearchAction","target":{"@type":"EntryPoint","urlTemplate":"https:\/\/www.encontravitoria.com.br\/guia\/?s={search_term_string}"},"query-input":{"@type":"PropertyValueSpecification","valueRequired":true,"valueName":"search_term_string"}}],"inLanguage":"pt-BR"},{"@type":"Person","@id":"https:\/\/www.encontravitoria.com.br\/guia\/#\/schema\/person\/e5c86e2a8d5a2a0333f0c44792c74c65","name":"Encontra Vit\u00f3ria","image":{"@type":"ImageObject","inLanguage":"pt-BR","@id":"https:\/\/secure.gravatar.com\/avatar\/c50c17820bcf322f0a8fd6b110b8c0918141409dc69076470f6fca5fee70a5d4?s=96&d=mm&r=g","url":"https:\/\/secure.gravatar.com\/avatar\/c50c17820bcf322f0a8fd6b110b8c0918141409dc69076470f6fca5fee70a5d4?s=96&d=mm&r=g","contentUrl":"https:\/\/secure.gravatar.com\/avatar\/c50c17820bcf322f0a8fd6b110b8c0918141409dc69076470f6fca5fee70a5d4?s=96&d=mm&r=g","caption":"Encontra Vit\u00f3ria"},"url":"https:\/\/www.encontravitoria.com.br\/guia\/author\/encontravitoria\/"}]}},"_links":{"self":[{"href":"https:\/\/www.encontravitoria.com.br\/guia\/wp-json\/wp\/v2\/posts\/8369","targetHints":{"allow":["GET"]}}],"collection":[{"href":"https:\/\/www.encontravitoria.com.br\/guia\/wp-json\/wp\/v2\/posts"}],"about":[{"href":"https:\/\/www.encontravitoria.com.br\/guia\/wp-json\/wp\/v2\/types\/post"}],"author":[{"embeddable":true,"href":"https:\/\/www.encontravitoria.com.br\/guia\/wp-json\/wp\/v2\/users\/1"}],"replies":[{"embeddable":true,"href":"https:\/\/www.encontravitoria.com.br\/guia\/wp-json\/wp\/v2\/comments?post=8369"}],"version-history":[{"count":0,"href":"https:\/\/www.encontravitoria.com.br\/guia\/wp-json\/wp\/v2\/posts\/8369\/revisions"}],"wp:featuredmedia":[{"embeddable":true,"href":"https:\/\/www.encontravitoria.com.br\/guia\/wp-json\/wp\/v2\/media\/8368"}],"wp:attachment":[{"href":"https:\/\/www.encontravitoria.com.br\/guia\/wp-json\/wp\/v2\/media?parent=8369"}],"wp:term":[{"taxonomy":"category","embeddable":true,"href":"https:\/\/www.encontravitoria.com.br\/guia\/wp-json\/wp\/v2\/categories?post=8369"},{"taxonomy":"post_tag","embeddable":true,"href":"https:\/\/www.encontravitoria.com.br\/guia\/wp-json\/wp\/v2\/tags?post=8369"}],"curies":[{"name":"wp","href":"https:\/\/api.w.org\/{rel}","templated":true}]}}