{"id":8391,"date":"2026-07-21T10:02:22","date_gmt":"2026-07-21T13:02:22","guid":{"rendered":"https:\/\/www.encontravitoria.com.br\/guia\/prefeitura-de-vitoria-lanca-programa-historico-para-revitalizar-o-centro-e-destravar-mais-de-r-6-bi\/"},"modified":"2026-07-21T10:02:22","modified_gmt":"2026-07-21T13:02:22","slug":"prefeitura-de-vitoria-lanca-programa-historico-para-revitalizar-o-centro-e-destravar-mais-de-r-6-bi","status":"publish","type":"post","link":"https:\/\/www.encontravitoria.com.br\/guia\/prefeitura-de-vitoria-lanca-programa-historico-para-revitalizar-o-centro-e-destravar-mais-de-r-6-bi\/","title":{"rendered":"Prefeitura de Vit\u00f3ria lan\u00e7a programa hist\u00f3rico para revitalizar o Centro e destravar mais de R$ 6 bi"},"content":{"rendered":"<h2>Entenda o que \u00e9 o Programa ReAC<\/h2>\n<p>O Programa de Reabilita\u00e7\u00e3o da \u00c1rea Central (ReAC) \u00e9 uma iniciativa inovadora institu\u00edda pela Prefeitura de Vit\u00f3ria, com a finalidade de revitalizar o Centro da cidade. O programa foi oficialmente anunciado atrav\u00e9s do decreto n\u00ba 27.034, publicado no Di\u00e1rio Oficial do Munic\u00edpio. Seu prop\u00f3sito \u00e9 transformar a \u00e1rea central em um polo de desenvolvimento econ\u00f4mico, urbano, habitacional e cultural, promovendo a desburocratiza\u00e7\u00e3o, atraindo novos moradores e neg\u00f3cios.<\/p>\n<h2>Objetivos da revitaliza\u00e7\u00e3o do Centro<\/h2>\n<p>Os objetivos principais do ReAC incluem:<\/p>\n<ul>\n<li><strong>Retomar a habitabilidade da regi\u00e3o:<\/strong> Busca-se atrair at\u00e9 27.500 novos residentes, promovendo um ambiente mais din\u00e2mico e cheio de vida, recuperando a identidade do Centro e reduzindo a quantidade de im\u00f3veis desocupados.<\/li>\n<li><strong>Mobiliza\u00e7\u00e3o de investimentos:<\/strong> O programa visa gerar mais de R$ 6 bilh\u00f5es em investimentos privados, utilizando o potencial do patrim\u00f4nio existente e a infraestrutura urbana j\u00e1 instalada.<\/li>\n<li><strong>Melhoria da qualidade de vida:<\/strong> Com a inten\u00e7\u00e3o de criar paisagens urbanas enriquecidas e espa\u00e7os que favore\u00e7am a conviv\u00eancia social, o ReAC procura tornar a \u00e1rea central uma op\u00e7\u00e3o vi\u00e1vel para diversas faixas de renda.<\/li>\n<\/ul>\n<h2>Como a burocracia ser\u00e1 reduzida<\/h2>\n<p>Uma das principais inova\u00e7\u00f5es trazidas pelo ReAC \u00e9 a simplifica\u00e7\u00e3o dos processos burocr\u00e1ticos ligados \u00e0 constru\u00e7\u00e3o e \u00e0 revitaliza\u00e7\u00e3o de im\u00f3veis. Abaixo s\u00e3o destacadas algumas das mudan\u00e7as:<\/p>\n<p><img decoding=\"async\" src=\"https:\/\/www.encontravitoria.com.br\/guia\/wp-content\/uploads\/2026\/07\/prefeitura-de-vitoria-lanca-programa-historico-para-revitalizar-o-centro-e-destravar-mais-de-r-6-bi.webp\" alt=\"revitaliza\u00e7\u00e3o do Centro\" loading=\"lazy\" \/><\/p>\n<ul>\n<li><strong>Alvar\u00e1 Autom\u00e1tico:<\/strong> Todos os projetos relacionados a novas edifica\u00e7\u00f5es e reformas passam a ter um licenciamento simplificado, permitindo a emiss\u00e3o autom\u00e1tica do alvar\u00e1 de execu\u00e7\u00e3o de obras no ato do protocolo, baseado na responsabilidade t\u00e9cnica do engenheiro ou arquiteto respons\u00e1vel.<\/li>\n<li><strong>Grau de Risco 3:<\/strong> Os empreendimentos na \u00e1rea central ter\u00e3o um tratamento regulat\u00f3rio que classifica suas atividades como de baixo risco, facilitando o seu tr\u00e2mite.<\/li>\n<\/ul>\n<h2>Expectativa de novos investimentos na \u00e1rea<\/h2>\n<p>O est\u00edmulo a novos investimentos no Centro de Vit\u00f3ria \u00e9 uma prioridade do ReAC. As expectativas incluem:<\/p>\n<ul>\n<li><strong>Desenvolvimento Sustent\u00e1vel:<\/strong> Espera-se que com o influxo de novos neg\u00f3cios e moradores, a regi\u00e3o se torne um exemplo de desenvolvimento urbano sustent\u00e1vel, totalmente alinhado \u00e0s diretrizes de preserva\u00e7\u00e3o ambiental e cultural.<\/li>\n<li><strong>Atra\u00e7\u00e3o de empresas:<\/strong> O programa tem como foco, principalmente, a atra\u00e7\u00e3o de empresas que buscam um ambiente prop\u00edcio para crescimento e inova\u00e7\u00e3o.<\/li>\n<li><strong>Cria\u00e7\u00e3o de empregos:<\/strong> O impacto econ\u00f4mico \u00e9 projetado para gerar milhares de empregos diretos e indiretos, contribuindo para a redu\u00e7\u00e3o do desemprego na cidade.<\/li>\n<\/ul>\n<h2>O que muda para os investidores<\/h2>\n<p>Com a implementa\u00e7\u00e3o do ReAC, investidores e empres\u00e1rios t\u00eam acesso a um novo conjunto de condi\u00e7\u00f5es facilitadoras, tais como:<\/p>\n<ul>\n<li><strong>Certificados de Potencial Construtivo:<\/strong> O propriet\u00e1rio que investir na recupera\u00e7\u00e3o de im\u00f3veis hist\u00f3ricos receber\u00e1 um certificado que pode ser utilizado como moeda de troca, permitindo a venda do potencial construtivo para outros empreendimentos.<\/li>\n<li><strong>Apoio financeiro:<\/strong> Incentivos financeiros estar\u00e3o dispon\u00edveis para transformar \u00e1reas deterioradas em locais vi\u00e1veis para novos neg\u00f3cios.<\/li>\n<\/ul>\n<h2>A import\u00e2ncia da Habita\u00e7\u00e3o de Interesse Social<\/h2>\n<p>O ReAC tamb\u00e9m se compromete a garantir que a revitaliza\u00e7\u00e3o do Centro n\u00e3o exclua moradores de baixa renda:<\/p>\n<h3>Inclus\u00e3o social:<\/h3>\n<p>Este aspecto do programa \u00e9 vital para a constru\u00e7\u00e3o de um bairro multiclassista, onde pessoas de diferentes condi\u00e7\u00f5es sociais possam coexistir. A Habita\u00e7\u00e3o de Interesse Social (HIS) ser\u00e1 facilitada, garantindo que todos tenham a oportunidade de residir no Centro, ao mesmo tempo em que lugares adequados e acess\u00edveis ser\u00e3o criados.<\/p>\n<\/h2>\n<h2>Medidas para combater o abandono<\/h2>\n<p>Para lidar com o problema de im\u00f3veis abandonados, o programa traz algumas medidas importantes:<\/p>\n<ul>\n<li><strong>Arrecada\u00e7\u00e3o de im\u00f3veis:<\/strong> O decreto permite que o munic\u00edpio arrecade temporariamente im\u00f3veis que se encontrem abandonados. Os propriet\u00e1rios ter\u00e3o um prazo de tr\u00eas anos para manifestar interesse na conserva\u00e7\u00e3o do pr\u00e9dio, antes que este seja transferido ao patrim\u00f4nio p\u00fablico.<\/li>\n<li><strong>Monitoramento constante:<\/strong> A Prefeitura se compromete a realizar monitoramentos regulares para identificar e tratar casos de abandono.<\/li>\n<\/ul>\n<h2>Preservando a hist\u00f3ria: Prote\u00e7\u00e3o dos monumentos<\/h2>\n<p>O ReAC n\u00e3o esquece da import\u00e2ncia cultural e hist\u00f3rica do Centro da cidade. O decreto estabelece:<\/p>\n<ul>\n<li><strong>Per\u00edmetros de Prote\u00e7\u00e3o:<\/strong> Ser\u00e3o criados per\u00edmetros espec\u00edficos para proteger as vistas dos monumentos hist\u00f3ricos, garantindo que o adensamento urbano ocorra de maneira respeitosa.<\/li>\n<li><strong>Regulamenta\u00e7\u00e3o segura:<\/strong> Novas constru\u00e7\u00f5es dever\u00e3o seguir regras que assegurem a visibilidade dos bens tombados, promovendo um equil\u00edbrio entre moderniza\u00e7\u00e3o e preserva\u00e7\u00e3o.<\/li>\n<\/ul>\n<h2>Como a popula\u00e7\u00e3o ser\u00e1 envolvida<\/h2>\n<p>A participa\u00e7\u00e3o da popula\u00e7\u00e3o \u00e9 fundamental para o sucesso do programa. Assim, a Prefeitura ir\u00e1 implementar:<\/p>\n<ul>\n<li><strong>Consultas p\u00fablicas:<\/strong> Haver\u00e1 espa\u00e7os para que os cidad\u00e3os possam debater, sugerir e esclarecer d\u00favidas sobre o ReAC, garantindo que as vozes da comunidade sejam ouvidas.<\/li>\n<li><strong>Educa\u00e7\u00e3o e informa\u00e7\u00e3o:<\/strong> Campanhas educativas ser\u00e3o desenvolvidas para informar a popula\u00e7\u00e3o sobre a import\u00e2ncia da revitaliza\u00e7\u00e3o e como cada cidad\u00e3o pode contribuir.<\/li>\n<\/ul>\n<h2>Um futuro promissor para o Centro de Vit\u00f3ria<\/h2>\n<p>Finalmente, a revitaliza\u00e7\u00e3o do Centro promete um novo ciclo de desenvolvimento para a cidade:<\/p>\n<ul>\n<li><strong>Revaloriza\u00e7\u00e3o do patrimonial:<\/strong> Espera-se que a transforma\u00e7\u00e3o na \u00e1rea central n\u00e3o s\u00f3 traga melhorias econ\u00f4micas, mas tamb\u00e9m resgate a identidade hist\u00f3rica de Vit\u00f3ria.<\/li>\n<li><strong>Qualidade de vida:<\/strong> O projeto visa criar uma qualidade de vida superior, oferecendo infraestrutura de qualidade, acesso a servi\u00e7os e espa\u00e7os de conviv\u00eancia.<\/li>\n<\/ul>\n<p>Atrav\u00e9s do programa ReAC, a Prefeitura aposta na for\u00e7a da coletividade e na revitaliza\u00e7\u00e3o urbana como chaves essenciais para um futuro sustent\u00e1vel e inclusivo para todos os cidad\u00e3os de Vit\u00f3ria.<\/p>\n","protected":false},"excerpt":{"rendered":"<p>Revitaliza\u00e7\u00e3o do Centro pela Prefeitura de Vit\u00f3ria traz novas oportunidades e investimentos.<\/p>\n","protected":false},"author":1,"featured_media":8390,"comment_status":"open","ping_status":"open","sticky":false,"template":"","format":"standard","meta":{"footnotes":""},"categories":[5],"tags":[],"class_list":["post-8391","post","type-post","status-publish","format-standard","has-post-thumbnail","hentry","category-noticias","has_thumb"],"yoast_head":"<!-- This site is optimized with the Yoast SEO plugin v27.9 - https:\/\/yoast.com\/product\/yoast-seo-wordpress\/ -->\n<title>Prefeitura de Vit\u00f3ria lan\u00e7a programa hist\u00f3rico para revitalizar o Centro e destravar mais de R$ 6 bi | Guia Comercial de Vit\u00f3ria ES<\/title>\n<meta name=\"robots\" content=\"index, follow, max-snippet:-1, max-image-preview:large, max-video-preview:-1\" \/>\n<link rel=\"canonical\" href=\"https:\/\/www.encontravitoria.com.br\/guia\/prefeitura-de-vitoria-lanca-programa-historico-para-revitalizar-o-centro-e-destravar-mais-de-r-6-bi\/\" \/>\n<meta property=\"og:locale\" content=\"pt_BR\" \/>\n<meta property=\"og:type\" content=\"article\" \/>\n<meta property=\"og:title\" content=\"Prefeitura de Vit\u00f3ria lan\u00e7a programa hist\u00f3rico para revitalizar o Centro e destravar mais de R$ 6 bi | Guia Comercial de Vit\u00f3ria ES\" \/>\n<meta property=\"og:description\" content=\"Revitaliza\u00e7\u00e3o do Centro pela Prefeitura de Vit\u00f3ria traz novas oportunidades e investimentos.\" \/>\n<meta property=\"og:url\" content=\"https:\/\/www.encontravitoria.com.br\/guia\/prefeitura-de-vitoria-lanca-programa-historico-para-revitalizar-o-centro-e-destravar-mais-de-r-6-bi\/\" \/>\n<meta property=\"og:site_name\" content=\"Guia Comercial de Vit\u00f3ria ES\" \/>\n<meta property=\"article:published_time\" content=\"2026-07-21T13:02:22+00:00\" \/>\n<meta property=\"og:image\" content=\"https:\/\/www.encontravitoria.com.br\/guia\/wp-content\/uploads\/2026\/07\/prefeitura-de-vitoria-lanca-programa-historico-para-revitalizar-o-centro-e-destravar-mais-de-r-6-bi.webp\" \/>\n<meta name=\"author\" content=\"Encontra Vit\u00f3ria\" \/>\n<meta name=\"twitter:card\" content=\"summary_large_image\" \/>\n<meta name=\"twitter:label1\" content=\"Escrito por\" \/>\n\t<meta name=\"twitter:data1\" content=\"Encontra Vit\u00f3ria\" \/>\n\t<meta name=\"twitter:label2\" content=\"Est. tempo de leitura\" \/>\n\t<meta name=\"twitter:data2\" content=\"5 minutos\" \/>\n<script type=\"application\/ld+json\" class=\"yoast-schema-graph\">{\"@context\":\"https:\\\/\\\/schema.org\",\"@graph\":[{\"@type\":\"Article\",\"@id\":\"https:\\\/\\\/www.encontravitoria.com.br\\\/guia\\\/prefeitura-de-vitoria-lanca-programa-historico-para-revitalizar-o-centro-e-destravar-mais-de-r-6-bi\\\/#article\",\"isPartOf\":{\"@id\":\"https:\\\/\\\/www.encontravitoria.com.br\\\/guia\\\/prefeitura-de-vitoria-lanca-programa-historico-para-revitalizar-o-centro-e-destravar-mais-de-r-6-bi\\\/\"},\"author\":{\"name\":\"Encontra Vit\u00f3ria\",\"@id\":\"https:\\\/\\\/www.encontravitoria.com.br\\\/guia\\\/#\\\/schema\\\/person\\\/e5c86e2a8d5a2a0333f0c44792c74c65\"},\"headline\":\"Prefeitura de Vit\u00f3ria lan\u00e7a programa hist\u00f3rico para revitalizar o Centro e destravar mais de R$ 6 bi\",\"datePublished\":\"2026-07-21T13:02:22+00:00\",\"mainEntityOfPage\":{\"@id\":\"https:\\\/\\\/www.encontravitoria.com.br\\\/guia\\\/prefeitura-de-vitoria-lanca-programa-historico-para-revitalizar-o-centro-e-destravar-mais-de-r-6-bi\\\/\"},\"wordCount\":978,\"commentCount\":0,\"image\":{\"@id\":\"https:\\\/\\\/www.encontravitoria.com.br\\\/guia\\\/prefeitura-de-vitoria-lanca-programa-historico-para-revitalizar-o-centro-e-destravar-mais-de-r-6-bi\\\/#primaryimage\"},\"thumbnailUrl\":\"https:\\\/\\\/www.encontravitoria.com.br\\\/guia\\\/wp-content\\\/uploads\\\/2026\\\/07\\\/prefeitura-de-vitoria-lanca-programa-historico-para-revitalizar-o-centro-e-destravar-mais-de-r-6-bi.webp\",\"articleSection\":[\"Not\u00edcias Vit\u00f3ria\"],\"inLanguage\":\"pt-BR\",\"potentialAction\":[{\"@type\":\"CommentAction\",\"name\":\"Comment\",\"target\":[\"https:\\\/\\\/www.encontravitoria.com.br\\\/guia\\\/prefeitura-de-vitoria-lanca-programa-historico-para-revitalizar-o-centro-e-destravar-mais-de-r-6-bi\\\/#respond\"]}]},{\"@type\":\"WebPage\",\"@id\":\"https:\\\/\\\/www.encontravitoria.com.br\\\/guia\\\/prefeitura-de-vitoria-lanca-programa-historico-para-revitalizar-o-centro-e-destravar-mais-de-r-6-bi\\\/\",\"url\":\"https:\\\/\\\/www.encontravitoria.com.br\\\/guia\\\/prefeitura-de-vitoria-lanca-programa-historico-para-revitalizar-o-centro-e-destravar-mais-de-r-6-bi\\\/\",\"name\":\"Prefeitura de Vit\u00f3ria lan\u00e7a programa hist\u00f3rico para revitalizar o Centro e destravar mais de R$ 6 bi | Guia Comercial de Vit\u00f3ria ES\",\"isPartOf\":{\"@id\":\"https:\\\/\\\/www.encontravitoria.com.br\\\/guia\\\/#website\"},\"primaryImageOfPage\":{\"@id\":\"https:\\\/\\\/www.encontravitoria.com.br\\\/guia\\\/prefeitura-de-vitoria-lanca-programa-historico-para-revitalizar-o-centro-e-destravar-mais-de-r-6-bi\\\/#primaryimage\"},\"image\":{\"@id\":\"https:\\\/\\\/www.encontravitoria.com.br\\\/guia\\\/prefeitura-de-vitoria-lanca-programa-historico-para-revitalizar-o-centro-e-destravar-mais-de-r-6-bi\\\/#primaryimage\"},\"thumbnailUrl\":\"https:\\\/\\\/www.encontravitoria.com.br\\\/guia\\\/wp-content\\\/uploads\\\/2026\\\/07\\\/prefeitura-de-vitoria-lanca-programa-historico-para-revitalizar-o-centro-e-destravar-mais-de-r-6-bi.webp\",\"datePublished\":\"2026-07-21T13:02:22+00:00\",\"author\":{\"@id\":\"https:\\\/\\\/www.encontravitoria.com.br\\\/guia\\\/#\\\/schema\\\/person\\\/e5c86e2a8d5a2a0333f0c44792c74c65\"},\"inLanguage\":\"pt-BR\",\"potentialAction\":[{\"@type\":\"ReadAction\",\"target\":[\"https:\\\/\\\/www.encontravitoria.com.br\\\/guia\\\/prefeitura-de-vitoria-lanca-programa-historico-para-revitalizar-o-centro-e-destravar-mais-de-r-6-bi\\\/\"]}]},{\"@type\":\"ImageObject\",\"inLanguage\":\"pt-BR\",\"@id\":\"https:\\\/\\\/www.encontravitoria.com.br\\\/guia\\\/prefeitura-de-vitoria-lanca-programa-historico-para-revitalizar-o-centro-e-destravar-mais-de-r-6-bi\\\/#primaryimage\",\"url\":\"https:\\\/\\\/www.encontravitoria.com.br\\\/guia\\\/wp-content\\\/uploads\\\/2026\\\/07\\\/prefeitura-de-vitoria-lanca-programa-historico-para-revitalizar-o-centro-e-destravar-mais-de-r-6-bi.webp\",\"contentUrl\":\"https:\\\/\\\/www.encontravitoria.com.br\\\/guia\\\/wp-content\\\/uploads\\\/2026\\\/07\\\/prefeitura-de-vitoria-lanca-programa-historico-para-revitalizar-o-centro-e-destravar-mais-de-r-6-bi.webp\",\"width\":280,\"height\":280,\"caption\":\"revitaliza\u00e7\u00e3o do Centro\"},{\"@type\":\"WebSite\",\"@id\":\"https:\\\/\\\/www.encontravitoria.com.br\\\/guia\\\/#website\",\"url\":\"https:\\\/\\\/www.encontravitoria.com.br\\\/guia\\\/\",\"name\":\"Guia Comercial de Vit\u00f3ria ES\",\"description\":\"ENCONTRA VIT\u00d3RIA - O guia comercial de neg\u00f3cios e empresas, cultura e divers\u00e3o na cidade de Vit\u00f3ria. Feito 100% para voc\u00ea morador!\",\"potentialAction\":[{\"@type\":\"SearchAction\",\"target\":{\"@type\":\"EntryPoint\",\"urlTemplate\":\"https:\\\/\\\/www.encontravitoria.com.br\\\/guia\\\/?s={search_term_string}\"},\"query-input\":{\"@type\":\"PropertyValueSpecification\",\"valueRequired\":true,\"valueName\":\"search_term_string\"}}],\"inLanguage\":\"pt-BR\"},{\"@type\":\"Person\",\"@id\":\"https:\\\/\\\/www.encontravitoria.com.br\\\/guia\\\/#\\\/schema\\\/person\\\/e5c86e2a8d5a2a0333f0c44792c74c65\",\"name\":\"Encontra Vit\u00f3ria\",\"image\":{\"@type\":\"ImageObject\",\"inLanguage\":\"pt-BR\",\"@id\":\"https:\\\/\\\/secure.gravatar.com\\\/avatar\\\/c50c17820bcf322f0a8fd6b110b8c0918141409dc69076470f6fca5fee70a5d4?s=96&d=mm&r=g\",\"url\":\"https:\\\/\\\/secure.gravatar.com\\\/avatar\\\/c50c17820bcf322f0a8fd6b110b8c0918141409dc69076470f6fca5fee70a5d4?s=96&d=mm&r=g\",\"contentUrl\":\"https:\\\/\\\/secure.gravatar.com\\\/avatar\\\/c50c17820bcf322f0a8fd6b110b8c0918141409dc69076470f6fca5fee70a5d4?s=96&d=mm&r=g\",\"caption\":\"Encontra Vit\u00f3ria\"},\"url\":\"https:\\\/\\\/www.encontravitoria.com.br\\\/guia\\\/author\\\/encontravitoria\\\/\"}]}<\/script>\n<!-- \/ Yoast SEO plugin. -->","yoast_head_json":{"title":"Prefeitura de Vit\u00f3ria lan\u00e7a programa hist\u00f3rico para revitalizar o Centro e destravar mais de R$ 6 bi | Guia Comercial de Vit\u00f3ria ES","robots":{"index":"index","follow":"follow","max-snippet":"max-snippet:-1","max-image-preview":"max-image-preview:large","max-video-preview":"max-video-preview:-1"},"canonical":"https:\/\/www.encontravitoria.com.br\/guia\/prefeitura-de-vitoria-lanca-programa-historico-para-revitalizar-o-centro-e-destravar-mais-de-r-6-bi\/","og_locale":"pt_BR","og_type":"article","og_title":"Prefeitura de Vit\u00f3ria lan\u00e7a programa hist\u00f3rico para revitalizar o Centro e destravar mais de R$ 6 bi | Guia Comercial de Vit\u00f3ria ES","og_description":"Revitaliza\u00e7\u00e3o do Centro pela Prefeitura de Vit\u00f3ria traz novas oportunidades e investimentos.","og_url":"https:\/\/www.encontravitoria.com.br\/guia\/prefeitura-de-vitoria-lanca-programa-historico-para-revitalizar-o-centro-e-destravar-mais-de-r-6-bi\/","og_site_name":"Guia Comercial de Vit\u00f3ria ES","article_published_time":"2026-07-21T13:02:22+00:00","og_image":[{"url":"https:\/\/www.encontravitoria.com.br\/guia\/wp-content\/uploads\/2026\/07\/prefeitura-de-vitoria-lanca-programa-historico-para-revitalizar-o-centro-e-destravar-mais-de-r-6-bi.webp","type":"","width":"","height":""}],"author":"Encontra Vit\u00f3ria","twitter_card":"summary_large_image","twitter_misc":{"Escrito por":"Encontra Vit\u00f3ria","Est. tempo de leitura":"5 minutos"},"schema":{"@context":"https:\/\/schema.org","@graph":[{"@type":"Article","@id":"https:\/\/www.encontravitoria.com.br\/guia\/prefeitura-de-vitoria-lanca-programa-historico-para-revitalizar-o-centro-e-destravar-mais-de-r-6-bi\/#article","isPartOf":{"@id":"https:\/\/www.encontravitoria.com.br\/guia\/prefeitura-de-vitoria-lanca-programa-historico-para-revitalizar-o-centro-e-destravar-mais-de-r-6-bi\/"},"author":{"name":"Encontra Vit\u00f3ria","@id":"https:\/\/www.encontravitoria.com.br\/guia\/#\/schema\/person\/e5c86e2a8d5a2a0333f0c44792c74c65"},"headline":"Prefeitura de Vit\u00f3ria lan\u00e7a programa hist\u00f3rico para revitalizar o Centro e destravar mais de R$ 6 bi","datePublished":"2026-07-21T13:02:22+00:00","mainEntityOfPage":{"@id":"https:\/\/www.encontravitoria.com.br\/guia\/prefeitura-de-vitoria-lanca-programa-historico-para-revitalizar-o-centro-e-destravar-mais-de-r-6-bi\/"},"wordCount":978,"commentCount":0,"image":{"@id":"https:\/\/www.encontravitoria.com.br\/guia\/prefeitura-de-vitoria-lanca-programa-historico-para-revitalizar-o-centro-e-destravar-mais-de-r-6-bi\/#primaryimage"},"thumbnailUrl":"https:\/\/www.encontravitoria.com.br\/guia\/wp-content\/uploads\/2026\/07\/prefeitura-de-vitoria-lanca-programa-historico-para-revitalizar-o-centro-e-destravar-mais-de-r-6-bi.webp","articleSection":["Not\u00edcias Vit\u00f3ria"],"inLanguage":"pt-BR","potentialAction":[{"@type":"CommentAction","name":"Comment","target":["https:\/\/www.encontravitoria.com.br\/guia\/prefeitura-de-vitoria-lanca-programa-historico-para-revitalizar-o-centro-e-destravar-mais-de-r-6-bi\/#respond"]}]},{"@type":"WebPage","@id":"https:\/\/www.encontravitoria.com.br\/guia\/prefeitura-de-vitoria-lanca-programa-historico-para-revitalizar-o-centro-e-destravar-mais-de-r-6-bi\/","url":"https:\/\/www.encontravitoria.com.br\/guia\/prefeitura-de-vitoria-lanca-programa-historico-para-revitalizar-o-centro-e-destravar-mais-de-r-6-bi\/","name":"Prefeitura de Vit\u00f3ria lan\u00e7a programa hist\u00f3rico para revitalizar o Centro e destravar mais de R$ 6 bi | Guia Comercial de Vit\u00f3ria ES","isPartOf":{"@id":"https:\/\/www.encontravitoria.com.br\/guia\/#website"},"primaryImageOfPage":{"@id":"https:\/\/www.encontravitoria.com.br\/guia\/prefeitura-de-vitoria-lanca-programa-historico-para-revitalizar-o-centro-e-destravar-mais-de-r-6-bi\/#primaryimage"},"image":{"@id":"https:\/\/www.encontravitoria.com.br\/guia\/prefeitura-de-vitoria-lanca-programa-historico-para-revitalizar-o-centro-e-destravar-mais-de-r-6-bi\/#primaryimage"},"thumbnailUrl":"https:\/\/www.encontravitoria.com.br\/guia\/wp-content\/uploads\/2026\/07\/prefeitura-de-vitoria-lanca-programa-historico-para-revitalizar-o-centro-e-destravar-mais-de-r-6-bi.webp","datePublished":"2026-07-21T13:02:22+00:00","author":{"@id":"https:\/\/www.encontravitoria.com.br\/guia\/#\/schema\/person\/e5c86e2a8d5a2a0333f0c44792c74c65"},"inLanguage":"pt-BR","potentialAction":[{"@type":"ReadAction","target":["https:\/\/www.encontravitoria.com.br\/guia\/prefeitura-de-vitoria-lanca-programa-historico-para-revitalizar-o-centro-e-destravar-mais-de-r-6-bi\/"]}]},{"@type":"ImageObject","inLanguage":"pt-BR","@id":"https:\/\/www.encontravitoria.com.br\/guia\/prefeitura-de-vitoria-lanca-programa-historico-para-revitalizar-o-centro-e-destravar-mais-de-r-6-bi\/#primaryimage","url":"https:\/\/www.encontravitoria.com.br\/guia\/wp-content\/uploads\/2026\/07\/prefeitura-de-vitoria-lanca-programa-historico-para-revitalizar-o-centro-e-destravar-mais-de-r-6-bi.webp","contentUrl":"https:\/\/www.encontravitoria.com.br\/guia\/wp-content\/uploads\/2026\/07\/prefeitura-de-vitoria-lanca-programa-historico-para-revitalizar-o-centro-e-destravar-mais-de-r-6-bi.webp","width":280,"height":280,"caption":"revitaliza\u00e7\u00e3o do Centro"},{"@type":"WebSite","@id":"https:\/\/www.encontravitoria.com.br\/guia\/#website","url":"https:\/\/www.encontravitoria.com.br\/guia\/","name":"Guia Comercial de Vit\u00f3ria ES","description":"ENCONTRA VIT\u00d3RIA - O guia comercial de neg\u00f3cios e empresas, cultura e divers\u00e3o na cidade de Vit\u00f3ria. Feito 100% para voc\u00ea morador!","potentialAction":[{"@type":"SearchAction","target":{"@type":"EntryPoint","urlTemplate":"https:\/\/www.encontravitoria.com.br\/guia\/?s={search_term_string}"},"query-input":{"@type":"PropertyValueSpecification","valueRequired":true,"valueName":"search_term_string"}}],"inLanguage":"pt-BR"},{"@type":"Person","@id":"https:\/\/www.encontravitoria.com.br\/guia\/#\/schema\/person\/e5c86e2a8d5a2a0333f0c44792c74c65","name":"Encontra Vit\u00f3ria","image":{"@type":"ImageObject","inLanguage":"pt-BR","@id":"https:\/\/secure.gravatar.com\/avatar\/c50c17820bcf322f0a8fd6b110b8c0918141409dc69076470f6fca5fee70a5d4?s=96&d=mm&r=g","url":"https:\/\/secure.gravatar.com\/avatar\/c50c17820bcf322f0a8fd6b110b8c0918141409dc69076470f6fca5fee70a5d4?s=96&d=mm&r=g","contentUrl":"https:\/\/secure.gravatar.com\/avatar\/c50c17820bcf322f0a8fd6b110b8c0918141409dc69076470f6fca5fee70a5d4?s=96&d=mm&r=g","caption":"Encontra Vit\u00f3ria"},"url":"https:\/\/www.encontravitoria.com.br\/guia\/author\/encontravitoria\/"}]}},"_links":{"self":[{"href":"https:\/\/www.encontravitoria.com.br\/guia\/wp-json\/wp\/v2\/posts\/8391","targetHints":{"allow":["GET"]}}],"collection":[{"href":"https:\/\/www.encontravitoria.com.br\/guia\/wp-json\/wp\/v2\/posts"}],"about":[{"href":"https:\/\/www.encontravitoria.com.br\/guia\/wp-json\/wp\/v2\/types\/post"}],"author":[{"embeddable":true,"href":"https:\/\/www.encontravitoria.com.br\/guia\/wp-json\/wp\/v2\/users\/1"}],"replies":[{"embeddable":true,"href":"https:\/\/www.encontravitoria.com.br\/guia\/wp-json\/wp\/v2\/comments?post=8391"}],"version-history":[{"count":0,"href":"https:\/\/www.encontravitoria.com.br\/guia\/wp-json\/wp\/v2\/posts\/8391\/revisions"}],"wp:featuredmedia":[{"embeddable":true,"href":"https:\/\/www.encontravitoria.com.br\/guia\/wp-json\/wp\/v2\/media\/8390"}],"wp:attachment":[{"href":"https:\/\/www.encontravitoria.com.br\/guia\/wp-json\/wp\/v2\/media?parent=8391"}],"wp:term":[{"taxonomy":"category","embeddable":true,"href":"https:\/\/www.encontravitoria.com.br\/guia\/wp-json\/wp\/v2\/categories?post=8391"},{"taxonomy":"post_tag","embeddable":true,"href":"https:\/\/www.encontravitoria.com.br\/guia\/wp-json\/wp\/v2\/tags?post=8391"}],"curies":[{"name":"wp","href":"https:\/\/api.w.org\/{rel}","templated":true}]}}