{"id":8411,"date":"2026-07-24T09:49:23","date_gmt":"2026-07-24T12:49:23","guid":{"rendered":"https:\/\/www.encontravitoria.com.br\/guia\/campeao-da-supercopa-e-da-copa-es-tecnico-rafael-soriano-anuncia-saida-do-vitoria\/"},"modified":"2026-07-24T09:49:23","modified_gmt":"2026-07-24T12:49:23","slug":"campeao-da-supercopa-e-da-copa-es-tecnico-rafael-soriano-anuncia-saida-do-vitoria","status":"publish","type":"post","link":"https:\/\/www.encontravitoria.com.br\/guia\/campeao-da-supercopa-e-da-copa-es-tecnico-rafael-soriano-anuncia-saida-do-vitoria\/","title":{"rendered":"Campe\u00e3o da Supercopa e da Copa ES, t\u00e9cnico Rafael Soriano anuncia sa\u00edda do Vit\u00f3ria"},"content":{"rendered":"<h2>A Trajet\u00f3ria de Soriano no Vit\u00f3ria-ES<\/h2>\n<p>Rafael Soriano assumiu o comando do <strong>Vit\u00f3ria-ES<\/strong> em 30 de janeiro de 2025, durante o Campeonato Capixaba. Ao longo de seu tempo no clube, ele supervisionou um total de 58 partidas, onde obteve 31 vit\u00f3rias, 15 empates e 12 derrotas. A equipe marcou 109 gols e sofreu 49, resultando em um aproveitamento consider\u00e1vel de 62%.<\/p>\n<p>O primeiro desafio enfrentado por Soriano foi o Campeonato Capixaba de 2025, onde a equipe foi eliminada nas semifinais. Contudo, sua efic\u00e1cia se destacou rapidamente, levando o <strong>Vit\u00f3ria-ES<\/strong> ao t\u00edtulo da <a href=\"https:\/\/ge.globo.com\/es\/futebol\/copa-espirito-santo\/\">Copa Esp\u00edrito Santo<\/a> logo em seguida. Ap\u00f3s esse sucesso, ele optou por deixar a equipe temporariamente e conduziu o Serra ao t\u00edtulo da S\u00e9rie B do Campeonato Capixaba.<\/p>\n<p>Ap\u00f3s um breve per\u00edodo, Soriano retornou ao Vit\u00f3ria e, em 2026, conquistou a <strong>Supercopa Capixaba<\/strong>, demostrando a for\u00e7a e a uni\u00e3o da equipe logo em seu retorno. A expectativa era alta para o Campeonato Capixaba, pois a equipe era considerada uma das favoritas.<\/p>\n<p><img decoding=\"async\" src=\"https:\/\/www.encontravitoria.com.br\/guia\/wp-content\/uploads\/2026\/07\/campeao-da-supercopa-e-da-copa-es-tecnico-rafael-soriano-anuncia-saida-do-vitoria.webp\" alt=\"Rafael Soriano\" loading=\"lazy\" \/><\/p>\n<h2>Conquistas Importantes e Reconhecimento<\/h2>\n<p>Durante sua passagem, Soriano teve a honra de liderar o Vit\u00f3ria-ES a importantes conquistas. Em 2025, ele levou o clube \u00e0 vit\u00f3ria na Copa Esp\u00edrito Santo, solidificando sua posi\u00e7\u00e3o como um t\u00e9cnico respeitado no futebol capixaba. A Supercopa Capixaba de 2026 foi outro destaque de sua gest\u00e3o, evidenciando a habilidade da equipe sob sua dire\u00e7\u00e3o.<\/p>\n<p>A trajet\u00f3ria de Soriano tamb\u00e9m \u00e9 marcada pela busca constante por melhorias e resultados positivos. Sua dedica\u00e7\u00e3o e comprometimento voltados para o crescimento do Vit\u00f3ria foram amplamente reconhecidos por jogadores, diretoria e torcedores, refor\u00e7ando a conex\u00e3o emocional que ele criou com todos os envolvidos no clube.<\/p>\n<h2>An\u00e1lise do Desempenho na Temporada<\/h2>\n<p>Ao fim da temporada de 2026, ao analisar o desempenho geral da equipe sob sua lideran\u00e7a, Soriano expressou satisfa\u00e7\u00e3o com os resultados obtidos. O <strong>Vit\u00f3ria-ES<\/strong> foi capaz de atingir um bom n\u00edvel t\u00e9cnico, apresentando um futebol competitivo e proporcionando bons momentos aos seus seguidores. Com um total de 109 gols marcados, o ataque mostrou-se eficaz, enquanto a defesa se destacou ao sofrer 49 gols em 58 partidas.<\/p>\n<p>O aproveitamento de 62% \u00e9 um indicativo do sucesso que Soriano teve \u00e0 frente do clube. A combina\u00e7\u00e3o de vit\u00f3rias em competi\u00e7\u00f5es importantes, como a Copa Esp\u00edrito Santo e a Supercopa Capixaba, como tamb\u00e9m a experi\u00eancia adquirida ao longo do campeonato, geraram uma expectativa positiva para o futuro da equipe.<\/p>\n<h2>Desafios Enfrentados Durante seu Mandato<\/h2>\n<p>Como em qualquer jornada esportiva, Soriano tamb\u00e9m enfrentou desafios significativos durante seu mandato. Uma das dificuldades que o t\u00e9cnico teve que lidar foi a press\u00e3o decorrente das expectativas da torcida, especialmente em momentos de elimina\u00e7\u00e3o, como na segunda fase do <a href=\"https:\/\/ge.globo.com\/futebol\/brasileirao-serie-d\/\">Campeonato Brasileiro S\u00e9rie D<\/a> e na final da Copa Esp\u00edrito Santo.<\/p>\n<p>Al\u00e9m disso, a oscila\u00e7\u00e3o de desempenho da equipe em certas fases do campeonato tamb\u00e9m foi uma preocupa\u00e7\u00e3o. Ele teve que trabalhar para manter a moral dos jogadores alta, especialmente ap\u00f3s resultados decepcionantes, para garantir que a equipe se mantivesse focada e determinada nos objetivos a longo prazo.<\/p>\n<h2>A Mensagem de Despedida do T\u00e9cnico<\/h2>\n<p>Na sua despedida, Soriano usou suas redes sociais para agradecer por tudo o que viveu no clube. Em sua mensagem, ele expressou gratid\u00e3o aos profissionais do Vit\u00f3ria-ES, aos jogadores, \u00e0 diretoria e, principalmente, \u00e0 torcida, ressaltando a import\u00e2ncia de cada um no sucesso da equipe.<\/p>\n<p>\u201cAp\u00f3s uma caminhada que come\u00e7ou em janeiro de 2025, encerro este ciclo com o cora\u00e7\u00e3o cheio de gratid\u00e3o. Foram muitos desafios e aprendizados ao longo dessa jornada, constru\u00eddos com comprometimento e dedica\u00e7\u00e3o\u201d, disse em sua mensagem.<\/p>\n<h2>O Que Esperar Para o Futuro do Vit\u00f3ria-ES<\/h2>\n<p>Com a sa\u00edda de Soriano, muitos se perguntam como ser\u00e1 o futuro do <strong>Vit\u00f3ria-ES<\/strong>. O desafio ser\u00e1 encontrar um novo treinador que possa dar sequ\u00eancia ao trabalho que ele iniciou, buscando manter a competitividade da equipe e as boas pr\u00e1ticas estabelecidas durante sua gest\u00e3o. A base de jogadores cr\u00edticos e o potencial j\u00e1 demonstrado durante o campeonato podem ser fundamentais para o pr\u00f3ximo t\u00e9cnico.<\/p>\n<p>Al\u00e9m disso, esperam-se mudan\u00e7as estrat\u00e9gicas que possam trazer novas perspectivas, sem perder a ess\u00eancia do trabalho que levou o clube a conquistas significativas. Um adequado gerenciamento de jogadores, adi\u00e7\u00e3o de contrata\u00e7\u00f5es certeiras e melhorias no elenco s\u00e3o aspectos que os dirigentes devem considerar na constru\u00e7\u00e3o de um time ainda mais forte para a pr\u00f3xima temporada.<\/p>\n<h2>Rea\u00e7\u00e3o da Torcida e do Clube<\/h2>\n<p>A rea\u00e7\u00e3o da torcida foi, de certa forma, mista. Muitos torcedores expressaram apoio a Soriano, reconhecendo seu esfor\u00e7o e as conquistas obtidas, enquanto outros se mostram ansiosos por mudan\u00e7as e por um novo direcionamento. O sentimento de gratid\u00e3o e respeito predominou as manifesta\u00e7\u00f5es de despedida. Os torcedores, que assistiram ao crescimento do time sob sua lideran\u00e7a, destacam que Soriano deixou uma marca importante na hist\u00f3ria do <strong>Vit\u00f3ria-ES<\/strong>.<\/p>\n<p>A diretoria do clube tamb\u00e9m se manifestou em defesa de Soriano, ressaltando o impacto positivo que ele teve no futebol capixaba e as conquistas que foram poss\u00edveis sob seu comando. Al\u00e9m disso, a expectativa \u00e9 que o pr\u00f3ximo t\u00e9cnico traga continuidade e inova\u00e7\u00e3o ao trabalho j\u00e1 realizado.<\/p>\n<h2>Compara\u00e7\u00e3o com Outras Passagens de T\u00e9cnicos<\/h2>\n<p>Ao comparar a passagem de Soriano com outros t\u00e9cnicos que passaram pelo Vit\u00f3ria-ES, \u00e9 evidente que ele conseguiu estabelecer um dos melhores aproveitamentos na hist\u00f3ria recente do clube. Sua abordagem colaborativa e focada no desenvolvimento do time foi um diferencial que o destacou dos outros. <\/p>\n<p>Os n\u00fameros de vit\u00f3rias, empates e derrotas, bem como a conquista de t\u00edtulos importantes, revelam um ciclo produtivo e de sucesso, ao contr\u00e1rio de outras gest\u00f5es que enfrentaram desafios maiores e resultados menos satisfat\u00f3rios.<\/p>\n<h2>Impacto no Futebol Capixaba<\/h2>\n<p>A passagem de Rafael Soriano pelo Vit\u00f3ria-ES tamb\u00e9m \u00e9 significativa para o contexto do futebol capixaba. Com suas conquistas, ele ajudou a elevar o patamar do Vit\u00f3ria no cen\u00e1rio estadual, proporcionando uma imagem positiva do clube e inspirando outros times a investir em suas equipes e em suas gest\u00f5es.<\/p>\n<p>Os frutos colhidos durante sua gest\u00e3o podem motivar mudan\u00e7as de mentalidade no futebol capixaba, impulsionando mais investimentos, atraindo novos talentos e promovendo um ambiente mais competitivo para o desenvolvimento do esporte na regi\u00e3o.<\/p>\n<h2>Poss\u00edveis Destinos de Rafael Soriano<\/h2>\n<p>Ap\u00f3s sua sa\u00edda do Vit\u00f3ria-ES, h\u00e1 grande expectativa sobre o futuro de Rafael Soriano como treinador. Muitos acreditam que, devido ao seu desempenho positivo e suas conquistas, ele pode ser atra\u00eddo por clubes de maior express\u00e3o no Brasil ou mesmo no exterior.<\/p>\n<p>Seu sucesso no Vit\u00f3ria-ES certamente o qualifica para desafios mais robustos. O que se observa \u00e9 a presen\u00e7a de interesse por parte de administra\u00e7\u00f5es que buscam um t\u00e9cnico capaz de oferecer resultados e um plano de desenvolvimento para suas equipes.<\/p>\n<p>Independentemente dos pr\u00f3ximos passos, a trajet\u00f3ria de Soriano mostra seu valor no futebol e seu compromisso com o desenvolvimento dos clubes onde atuou, reafirmando seu potencial de impactar positivamente o esporte.<\/p>\n","protected":false},"excerpt":{"rendered":"<p>Rafael Soriano encerra sua jornada no Vit\u00f3ria-ES ap\u00f3s conquistas marcantes e um legado impressionante.<\/p>\n","protected":false},"author":1,"featured_media":8410,"comment_status":"open","ping_status":"open","sticky":false,"template":"","format":"standard","meta":{"footnotes":""},"categories":[5],"tags":[],"class_list":["post-8411","post","type-post","status-publish","format-standard","has-post-thumbnail","hentry","category-noticias","has_thumb"],"yoast_head":"<!-- This site is optimized with the Yoast SEO plugin v27.9 - https:\/\/yoast.com\/product\/yoast-seo-wordpress\/ -->\n<title>Campe\u00e3o da Supercopa e da Copa ES, t\u00e9cnico Rafael Soriano anuncia sa\u00edda do Vit\u00f3ria | Guia Comercial de Vit\u00f3ria ES<\/title>\n<meta name=\"robots\" content=\"index, follow, max-snippet:-1, max-image-preview:large, max-video-preview:-1\" \/>\n<link rel=\"canonical\" href=\"https:\/\/www.encontravitoria.com.br\/guia\/campeao-da-supercopa-e-da-copa-es-tecnico-rafael-soriano-anuncia-saida-do-vitoria\/\" \/>\n<meta property=\"og:locale\" content=\"pt_BR\" \/>\n<meta property=\"og:type\" content=\"article\" \/>\n<meta property=\"og:title\" content=\"Campe\u00e3o da Supercopa e da Copa ES, t\u00e9cnico Rafael Soriano anuncia sa\u00edda do Vit\u00f3ria | Guia Comercial de Vit\u00f3ria ES\" \/>\n<meta property=\"og:description\" content=\"Rafael Soriano encerra sua jornada no Vit\u00f3ria-ES ap\u00f3s conquistas marcantes e um legado impressionante.\" \/>\n<meta property=\"og:url\" content=\"https:\/\/www.encontravitoria.com.br\/guia\/campeao-da-supercopa-e-da-copa-es-tecnico-rafael-soriano-anuncia-saida-do-vitoria\/\" \/>\n<meta property=\"og:site_name\" content=\"Guia Comercial de Vit\u00f3ria ES\" \/>\n<meta property=\"article:published_time\" content=\"2026-07-24T12:49:23+00:00\" \/>\n<meta property=\"og:image\" content=\"https:\/\/www.encontravitoria.com.br\/guia\/wp-content\/uploads\/2026\/07\/campeao-da-supercopa-e-da-copa-es-tecnico-rafael-soriano-anuncia-saida-do-vitoria.webp\" \/>\n<meta name=\"author\" content=\"Encontra Vit\u00f3ria\" \/>\n<meta name=\"twitter:card\" content=\"summary_large_image\" \/>\n<meta name=\"twitter:label1\" content=\"Escrito por\" \/>\n\t<meta name=\"twitter:data1\" content=\"Encontra Vit\u00f3ria\" \/>\n\t<meta name=\"twitter:label2\" content=\"Est. tempo de leitura\" \/>\n\t<meta name=\"twitter:data2\" content=\"6 minutos\" \/>\n<script type=\"application\/ld+json\" class=\"yoast-schema-graph\">{\"@context\":\"https:\\\/\\\/schema.org\",\"@graph\":[{\"@type\":\"Article\",\"@id\":\"https:\\\/\\\/www.encontravitoria.com.br\\\/guia\\\/campeao-da-supercopa-e-da-copa-es-tecnico-rafael-soriano-anuncia-saida-do-vitoria\\\/#article\",\"isPartOf\":{\"@id\":\"https:\\\/\\\/www.encontravitoria.com.br\\\/guia\\\/campeao-da-supercopa-e-da-copa-es-tecnico-rafael-soriano-anuncia-saida-do-vitoria\\\/\"},\"author\":{\"name\":\"Encontra Vit\u00f3ria\",\"@id\":\"https:\\\/\\\/www.encontravitoria.com.br\\\/guia\\\/#\\\/schema\\\/person\\\/e5c86e2a8d5a2a0333f0c44792c74c65\"},\"headline\":\"Campe\u00e3o da Supercopa e da Copa ES, t\u00e9cnico Rafael Soriano anuncia sa\u00edda do Vit\u00f3ria\",\"datePublished\":\"2026-07-24T12:49:23+00:00\",\"mainEntityOfPage\":{\"@id\":\"https:\\\/\\\/www.encontravitoria.com.br\\\/guia\\\/campeao-da-supercopa-e-da-copa-es-tecnico-rafael-soriano-anuncia-saida-do-vitoria\\\/\"},\"wordCount\":1232,\"commentCount\":0,\"image\":{\"@id\":\"https:\\\/\\\/www.encontravitoria.com.br\\\/guia\\\/campeao-da-supercopa-e-da-copa-es-tecnico-rafael-soriano-anuncia-saida-do-vitoria\\\/#primaryimage\"},\"thumbnailUrl\":\"https:\\\/\\\/www.encontravitoria.com.br\\\/guia\\\/wp-content\\\/uploads\\\/2026\\\/07\\\/campeao-da-supercopa-e-da-copa-es-tecnico-rafael-soriano-anuncia-saida-do-vitoria.webp\",\"articleSection\":[\"Not\u00edcias Vit\u00f3ria\"],\"inLanguage\":\"pt-BR\",\"potentialAction\":[{\"@type\":\"CommentAction\",\"name\":\"Comment\",\"target\":[\"https:\\\/\\\/www.encontravitoria.com.br\\\/guia\\\/campeao-da-supercopa-e-da-copa-es-tecnico-rafael-soriano-anuncia-saida-do-vitoria\\\/#respond\"]}]},{\"@type\":\"WebPage\",\"@id\":\"https:\\\/\\\/www.encontravitoria.com.br\\\/guia\\\/campeao-da-supercopa-e-da-copa-es-tecnico-rafael-soriano-anuncia-saida-do-vitoria\\\/\",\"url\":\"https:\\\/\\\/www.encontravitoria.com.br\\\/guia\\\/campeao-da-supercopa-e-da-copa-es-tecnico-rafael-soriano-anuncia-saida-do-vitoria\\\/\",\"name\":\"Campe\u00e3o da Supercopa e da Copa ES, t\u00e9cnico Rafael Soriano anuncia sa\u00edda do Vit\u00f3ria | Guia Comercial de Vit\u00f3ria ES\",\"isPartOf\":{\"@id\":\"https:\\\/\\\/www.encontravitoria.com.br\\\/guia\\\/#website\"},\"primaryImageOfPage\":{\"@id\":\"https:\\\/\\\/www.encontravitoria.com.br\\\/guia\\\/campeao-da-supercopa-e-da-copa-es-tecnico-rafael-soriano-anuncia-saida-do-vitoria\\\/#primaryimage\"},\"image\":{\"@id\":\"https:\\\/\\\/www.encontravitoria.com.br\\\/guia\\\/campeao-da-supercopa-e-da-copa-es-tecnico-rafael-soriano-anuncia-saida-do-vitoria\\\/#primaryimage\"},\"thumbnailUrl\":\"https:\\\/\\\/www.encontravitoria.com.br\\\/guia\\\/wp-content\\\/uploads\\\/2026\\\/07\\\/campeao-da-supercopa-e-da-copa-es-tecnico-rafael-soriano-anuncia-saida-do-vitoria.webp\",\"datePublished\":\"2026-07-24T12:49:23+00:00\",\"author\":{\"@id\":\"https:\\\/\\\/www.encontravitoria.com.br\\\/guia\\\/#\\\/schema\\\/person\\\/e5c86e2a8d5a2a0333f0c44792c74c65\"},\"inLanguage\":\"pt-BR\",\"potentialAction\":[{\"@type\":\"ReadAction\",\"target\":[\"https:\\\/\\\/www.encontravitoria.com.br\\\/guia\\\/campeao-da-supercopa-e-da-copa-es-tecnico-rafael-soriano-anuncia-saida-do-vitoria\\\/\"]}]},{\"@type\":\"ImageObject\",\"inLanguage\":\"pt-BR\",\"@id\":\"https:\\\/\\\/www.encontravitoria.com.br\\\/guia\\\/campeao-da-supercopa-e-da-copa-es-tecnico-rafael-soriano-anuncia-saida-do-vitoria\\\/#primaryimage\",\"url\":\"https:\\\/\\\/www.encontravitoria.com.br\\\/guia\\\/wp-content\\\/uploads\\\/2026\\\/07\\\/campeao-da-supercopa-e-da-copa-es-tecnico-rafael-soriano-anuncia-saida-do-vitoria.webp\",\"contentUrl\":\"https:\\\/\\\/www.encontravitoria.com.br\\\/guia\\\/wp-content\\\/uploads\\\/2026\\\/07\\\/campeao-da-supercopa-e-da-copa-es-tecnico-rafael-soriano-anuncia-saida-do-vitoria.webp\",\"width\":280,\"height\":280,\"caption\":\"Rafael Soriano\"},{\"@type\":\"WebSite\",\"@id\":\"https:\\\/\\\/www.encontravitoria.com.br\\\/guia\\\/#website\",\"url\":\"https:\\\/\\\/www.encontravitoria.com.br\\\/guia\\\/\",\"name\":\"Guia Comercial de Vit\u00f3ria ES\",\"description\":\"ENCONTRA VIT\u00d3RIA - O guia comercial de neg\u00f3cios e empresas, cultura e divers\u00e3o na cidade de Vit\u00f3ria. Feito 100% para voc\u00ea morador!\",\"potentialAction\":[{\"@type\":\"SearchAction\",\"target\":{\"@type\":\"EntryPoint\",\"urlTemplate\":\"https:\\\/\\\/www.encontravitoria.com.br\\\/guia\\\/?s={search_term_string}\"},\"query-input\":{\"@type\":\"PropertyValueSpecification\",\"valueRequired\":true,\"valueName\":\"search_term_string\"}}],\"inLanguage\":\"pt-BR\"},{\"@type\":\"Person\",\"@id\":\"https:\\\/\\\/www.encontravitoria.com.br\\\/guia\\\/#\\\/schema\\\/person\\\/e5c86e2a8d5a2a0333f0c44792c74c65\",\"name\":\"Encontra Vit\u00f3ria\",\"image\":{\"@type\":\"ImageObject\",\"inLanguage\":\"pt-BR\",\"@id\":\"https:\\\/\\\/secure.gravatar.com\\\/avatar\\\/c50c17820bcf322f0a8fd6b110b8c0918141409dc69076470f6fca5fee70a5d4?s=96&d=mm&r=g\",\"url\":\"https:\\\/\\\/secure.gravatar.com\\\/avatar\\\/c50c17820bcf322f0a8fd6b110b8c0918141409dc69076470f6fca5fee70a5d4?s=96&d=mm&r=g\",\"contentUrl\":\"https:\\\/\\\/secure.gravatar.com\\\/avatar\\\/c50c17820bcf322f0a8fd6b110b8c0918141409dc69076470f6fca5fee70a5d4?s=96&d=mm&r=g\",\"caption\":\"Encontra Vit\u00f3ria\"},\"url\":\"https:\\\/\\\/www.encontravitoria.com.br\\\/guia\\\/author\\\/encontravitoria\\\/\"}]}<\/script>\n<!-- \/ Yoast SEO plugin. -->","yoast_head_json":{"title":"Campe\u00e3o da Supercopa e da Copa ES, t\u00e9cnico Rafael Soriano anuncia sa\u00edda do Vit\u00f3ria | Guia Comercial de Vit\u00f3ria ES","robots":{"index":"index","follow":"follow","max-snippet":"max-snippet:-1","max-image-preview":"max-image-preview:large","max-video-preview":"max-video-preview:-1"},"canonical":"https:\/\/www.encontravitoria.com.br\/guia\/campeao-da-supercopa-e-da-copa-es-tecnico-rafael-soriano-anuncia-saida-do-vitoria\/","og_locale":"pt_BR","og_type":"article","og_title":"Campe\u00e3o da Supercopa e da Copa ES, t\u00e9cnico Rafael Soriano anuncia sa\u00edda do Vit\u00f3ria | Guia Comercial de Vit\u00f3ria ES","og_description":"Rafael Soriano encerra sua jornada no Vit\u00f3ria-ES ap\u00f3s conquistas marcantes e um legado impressionante.","og_url":"https:\/\/www.encontravitoria.com.br\/guia\/campeao-da-supercopa-e-da-copa-es-tecnico-rafael-soriano-anuncia-saida-do-vitoria\/","og_site_name":"Guia Comercial de Vit\u00f3ria ES","article_published_time":"2026-07-24T12:49:23+00:00","og_image":[{"url":"https:\/\/www.encontravitoria.com.br\/guia\/wp-content\/uploads\/2026\/07\/campeao-da-supercopa-e-da-copa-es-tecnico-rafael-soriano-anuncia-saida-do-vitoria.webp","type":"","width":"","height":""}],"author":"Encontra Vit\u00f3ria","twitter_card":"summary_large_image","twitter_misc":{"Escrito por":"Encontra Vit\u00f3ria","Est. tempo de leitura":"6 minutos"},"schema":{"@context":"https:\/\/schema.org","@graph":[{"@type":"Article","@id":"https:\/\/www.encontravitoria.com.br\/guia\/campeao-da-supercopa-e-da-copa-es-tecnico-rafael-soriano-anuncia-saida-do-vitoria\/#article","isPartOf":{"@id":"https:\/\/www.encontravitoria.com.br\/guia\/campeao-da-supercopa-e-da-copa-es-tecnico-rafael-soriano-anuncia-saida-do-vitoria\/"},"author":{"name":"Encontra Vit\u00f3ria","@id":"https:\/\/www.encontravitoria.com.br\/guia\/#\/schema\/person\/e5c86e2a8d5a2a0333f0c44792c74c65"},"headline":"Campe\u00e3o da Supercopa e da Copa ES, t\u00e9cnico Rafael Soriano anuncia sa\u00edda do Vit\u00f3ria","datePublished":"2026-07-24T12:49:23+00:00","mainEntityOfPage":{"@id":"https:\/\/www.encontravitoria.com.br\/guia\/campeao-da-supercopa-e-da-copa-es-tecnico-rafael-soriano-anuncia-saida-do-vitoria\/"},"wordCount":1232,"commentCount":0,"image":{"@id":"https:\/\/www.encontravitoria.com.br\/guia\/campeao-da-supercopa-e-da-copa-es-tecnico-rafael-soriano-anuncia-saida-do-vitoria\/#primaryimage"},"thumbnailUrl":"https:\/\/www.encontravitoria.com.br\/guia\/wp-content\/uploads\/2026\/07\/campeao-da-supercopa-e-da-copa-es-tecnico-rafael-soriano-anuncia-saida-do-vitoria.webp","articleSection":["Not\u00edcias Vit\u00f3ria"],"inLanguage":"pt-BR","potentialAction":[{"@type":"CommentAction","name":"Comment","target":["https:\/\/www.encontravitoria.com.br\/guia\/campeao-da-supercopa-e-da-copa-es-tecnico-rafael-soriano-anuncia-saida-do-vitoria\/#respond"]}]},{"@type":"WebPage","@id":"https:\/\/www.encontravitoria.com.br\/guia\/campeao-da-supercopa-e-da-copa-es-tecnico-rafael-soriano-anuncia-saida-do-vitoria\/","url":"https:\/\/www.encontravitoria.com.br\/guia\/campeao-da-supercopa-e-da-copa-es-tecnico-rafael-soriano-anuncia-saida-do-vitoria\/","name":"Campe\u00e3o da Supercopa e da Copa ES, t\u00e9cnico Rafael Soriano anuncia sa\u00edda do Vit\u00f3ria | Guia Comercial de Vit\u00f3ria ES","isPartOf":{"@id":"https:\/\/www.encontravitoria.com.br\/guia\/#website"},"primaryImageOfPage":{"@id":"https:\/\/www.encontravitoria.com.br\/guia\/campeao-da-supercopa-e-da-copa-es-tecnico-rafael-soriano-anuncia-saida-do-vitoria\/#primaryimage"},"image":{"@id":"https:\/\/www.encontravitoria.com.br\/guia\/campeao-da-supercopa-e-da-copa-es-tecnico-rafael-soriano-anuncia-saida-do-vitoria\/#primaryimage"},"thumbnailUrl":"https:\/\/www.encontravitoria.com.br\/guia\/wp-content\/uploads\/2026\/07\/campeao-da-supercopa-e-da-copa-es-tecnico-rafael-soriano-anuncia-saida-do-vitoria.webp","datePublished":"2026-07-24T12:49:23+00:00","author":{"@id":"https:\/\/www.encontravitoria.com.br\/guia\/#\/schema\/person\/e5c86e2a8d5a2a0333f0c44792c74c65"},"inLanguage":"pt-BR","potentialAction":[{"@type":"ReadAction","target":["https:\/\/www.encontravitoria.com.br\/guia\/campeao-da-supercopa-e-da-copa-es-tecnico-rafael-soriano-anuncia-saida-do-vitoria\/"]}]},{"@type":"ImageObject","inLanguage":"pt-BR","@id":"https:\/\/www.encontravitoria.com.br\/guia\/campeao-da-supercopa-e-da-copa-es-tecnico-rafael-soriano-anuncia-saida-do-vitoria\/#primaryimage","url":"https:\/\/www.encontravitoria.com.br\/guia\/wp-content\/uploads\/2026\/07\/campeao-da-supercopa-e-da-copa-es-tecnico-rafael-soriano-anuncia-saida-do-vitoria.webp","contentUrl":"https:\/\/www.encontravitoria.com.br\/guia\/wp-content\/uploads\/2026\/07\/campeao-da-supercopa-e-da-copa-es-tecnico-rafael-soriano-anuncia-saida-do-vitoria.webp","width":280,"height":280,"caption":"Rafael Soriano"},{"@type":"WebSite","@id":"https:\/\/www.encontravitoria.com.br\/guia\/#website","url":"https:\/\/www.encontravitoria.com.br\/guia\/","name":"Guia Comercial de Vit\u00f3ria ES","description":"ENCONTRA VIT\u00d3RIA - O guia comercial de neg\u00f3cios e empresas, cultura e divers\u00e3o na cidade de Vit\u00f3ria. Feito 100% para voc\u00ea morador!","potentialAction":[{"@type":"SearchAction","target":{"@type":"EntryPoint","urlTemplate":"https:\/\/www.encontravitoria.com.br\/guia\/?s={search_term_string}"},"query-input":{"@type":"PropertyValueSpecification","valueRequired":true,"valueName":"search_term_string"}}],"inLanguage":"pt-BR"},{"@type":"Person","@id":"https:\/\/www.encontravitoria.com.br\/guia\/#\/schema\/person\/e5c86e2a8d5a2a0333f0c44792c74c65","name":"Encontra Vit\u00f3ria","image":{"@type":"ImageObject","inLanguage":"pt-BR","@id":"https:\/\/secure.gravatar.com\/avatar\/c50c17820bcf322f0a8fd6b110b8c0918141409dc69076470f6fca5fee70a5d4?s=96&d=mm&r=g","url":"https:\/\/secure.gravatar.com\/avatar\/c50c17820bcf322f0a8fd6b110b8c0918141409dc69076470f6fca5fee70a5d4?s=96&d=mm&r=g","contentUrl":"https:\/\/secure.gravatar.com\/avatar\/c50c17820bcf322f0a8fd6b110b8c0918141409dc69076470f6fca5fee70a5d4?s=96&d=mm&r=g","caption":"Encontra Vit\u00f3ria"},"url":"https:\/\/www.encontravitoria.com.br\/guia\/author\/encontravitoria\/"}]}},"_links":{"self":[{"href":"https:\/\/www.encontravitoria.com.br\/guia\/wp-json\/wp\/v2\/posts\/8411","targetHints":{"allow":["GET"]}}],"collection":[{"href":"https:\/\/www.encontravitoria.com.br\/guia\/wp-json\/wp\/v2\/posts"}],"about":[{"href":"https:\/\/www.encontravitoria.com.br\/guia\/wp-json\/wp\/v2\/types\/post"}],"author":[{"embeddable":true,"href":"https:\/\/www.encontravitoria.com.br\/guia\/wp-json\/wp\/v2\/users\/1"}],"replies":[{"embeddable":true,"href":"https:\/\/www.encontravitoria.com.br\/guia\/wp-json\/wp\/v2\/comments?post=8411"}],"version-history":[{"count":0,"href":"https:\/\/www.encontravitoria.com.br\/guia\/wp-json\/wp\/v2\/posts\/8411\/revisions"}],"wp:featuredmedia":[{"embeddable":true,"href":"https:\/\/www.encontravitoria.com.br\/guia\/wp-json\/wp\/v2\/media\/8410"}],"wp:attachment":[{"href":"https:\/\/www.encontravitoria.com.br\/guia\/wp-json\/wp\/v2\/media?parent=8411"}],"wp:term":[{"taxonomy":"category","embeddable":true,"href":"https:\/\/www.encontravitoria.com.br\/guia\/wp-json\/wp\/v2\/categories?post=8411"},{"taxonomy":"post_tag","embeddable":true,"href":"https:\/\/www.encontravitoria.com.br\/guia\/wp-json\/wp\/v2\/tags?post=8411"}],"curies":[{"name":"wp","href":"https:\/\/api.w.org\/{rel}","templated":true}]}}