{"id":8548,"date":"2026-08-17T13:47:08","date_gmt":"2026-08-17T16:47:08","guid":{"rendered":"https:\/\/www.encontravitoria.com.br\/guia\/seguranca-confira-as-acoes-da-guarda-de-vitoria-desta-segunda\/"},"modified":"2026-08-17T13:47:08","modified_gmt":"2026-08-17T16:47:08","slug":"seguranca-confira-as-acoes-da-guarda-de-vitoria-desta-segunda","status":"publish","type":"post","link":"https:\/\/www.encontravitoria.com.br\/guia\/seguranca-confira-as-acoes-da-guarda-de-vitoria-desta-segunda\/","title":{"rendered":"Seguran\u00e7a: confira as a\u00e7\u00f5es da Guarda de Vit\u00f3ria desta segunda"},"content":{"rendered":"<h2>Deten\u00e7\u00e3o de Motorista com Ve\u00edculo Furtado<\/h2>\n<p>Na tarde da \u00faltima segunda-feira (10), a Guarda Civil Municipal de Vit\u00f3ria (GCMV) prendeu um motorista de 30 anos enquanto este dirigia um autom\u00f3vel que tinha sido furtado. Esse indiv\u00edduo havia sido libertado da pris\u00e3o h\u00e1 menos de um m\u00eas, ap\u00f3s ser condenado por roubo.<\/p>\n<p>O furto do ve\u00edculo ocorreu em Itapo\u00e3, na frente da resid\u00eancia de seu propriet\u00e1rio, durante as primeiras horas do dia, aproximadamente \u00e0s 6h30. O propriet\u00e1rio imediatamente denunciou o crime e registrou um Boletim de Ocorr\u00eancia. Menos de tr\u00eas horas ap\u00f3s a notifica\u00e7\u00e3o, a Central de Monitoramento (Ciom) da Guarda de Vit\u00f3ria localizou o ve\u00edculo circulando pela Avenida Leit\u00e3o da Silva.<\/p>\n<p>Ao receber a informa\u00e7\u00e3o, uma equipe de guardas foi \u00e0 Praia de Santa Helena, onde encontraram o carro. Ap\u00f3s abordagem, o condutor foi questionado sobre a origem do ve\u00edculo e apresentou uma hist\u00f3ria inconsistente, alegando ter adquirido o ve\u00edculo por R$2.200 na Ilha de Santa Maria. O guarda municipal respons\u00e1vel pela abordagem, Lins, destacou a inconsist\u00eancia nos relatos.<\/p>\n<p><img decoding=\"async\" src=\"https:\/\/www.encontravitoria.com.br\/guia\/wp-content\/uploads\/2026\/08\/seguranca-confira-as-acoes-da-guarda-de-vitoria-desta-segunda.webp\" alt=\"A\u00e7\u00f5es da Guarda de Vit\u00f3ria\" loading=\"lazy\" \/><\/p>\n<p>O motorista foi prontamente detido sob acusa\u00e7\u00e3o de recepta\u00e7\u00e3o e encaminhado \u00e0 Delegacia Regional de Vit\u00f3ria, onde as devidas provid\u00eancias foram tomadas pela autoridade policial. O ve\u00edculo recuperado foi levado a um p\u00e1tio credenciado do Detran, onde o verdadeiro propriet\u00e1rio poder\u00e1 recuper\u00e1-lo.<\/p>\n<p>O detido tem um hist\u00f3rico criminal extenso, envolvendo passagens por crimes como amea\u00e7a, furto e posse de drogas. Ele tinha sa\u00eddo da pris\u00e3o no dia 15 de julho, ap\u00f3s ser detido por suspeita de envolvimento em um roubo na cidade de Linhares, no norte do Estado.<\/p>\n<h2>Significado das Recupera\u00e7\u00f5es de Ve\u00edculos<\/h2>\n<p>A Guarda de Vit\u00f3ria realizou um extraordin\u00e1rio trabalho neste ano em termos de recupera\u00e7\u00e3o de ve\u00edculos, tendo recuperado 185 carros com registros de furto ou roubo. Essa a\u00e7\u00e3o \u00e9 resultado da colabora\u00e7\u00e3o eficaz entre as equipes operacionais e o uso de tecnologia, com a capacidade de identificar ve\u00edculos com restri\u00e7\u00f5es, permitindo uma interven\u00e7\u00e3o r\u00e1pida.<\/p>\n<p>Segundo a comandante da Guarda de Vit\u00f3ria, Fabiana Gon\u00e7alves, a recupera\u00e7\u00e3o de ve\u00edculos representa mais do que apenas a devolu\u00e7\u00e3o de um patrim\u00f4nio; \u00e9 uma resposta imediata \u00e0s demandas da comunidade, refor\u00e7ando a sensa\u00e7\u00e3o de seguran\u00e7a e prote\u00e7\u00e3o no ambiente urbano.<\/p>\n<h2>A Import\u00e2ncia da Tecnologia na Seguran\u00e7a P\u00fablica<\/h2>\n<p>A integra\u00e7\u00e3o de tecnologias modernas desempenha um papel fundamental nas opera\u00e7\u00f5es da Guarda de Vit\u00f3ria. O uso de c\u00e2meras de videomonitoramento, por exemplo, \u00e9 uma ferramenta que apoia a identifica\u00e7\u00e3o de ve\u00edculos suspeitos e facilita a abordagem eficaz das equipes no terreno.<\/p>\n<p>A tecnologia n\u00e3o s\u00f3 aumenta a efici\u00eancia operacional, como tamb\u00e9m promove uma resposta mais \u00e1gil a incidentes, permitindo que a Guarda atue de maneira preventiva, ao inv\u00e9s de apenas reativa. Em 2026, no total, as opera\u00e7\u00f5es tecnol\u00f3gicas da Guarda ajudaram a realizar rapidamente 39 deten\u00e7\u00f5es de pessoas procuradas pela Justi\u00e7a.<\/p>\n<h2>A Parceria com o N\u00facleo de Intelig\u00eancia<\/h2>\n<p>Outra parceria significativa que tem contribu\u00eddo para o sucesso das a\u00e7\u00f5es de seguran\u00e7a \u00e9 a colabora\u00e7\u00e3o com o N\u00facleo de Intelig\u00eancia e Reconhecimento (NIR). Atrav\u00e9s do uso de um sistema de reconhecimento facial, a Guarda de Vit\u00f3ria consegue identificar indiv\u00edduos procurados em tempo real.<\/p>\n<p>Em um dos casos recentes, a Guarda prendeu um foragido da Justi\u00e7a, acusado de roubo qualificado, identificado em uma abordagem r\u00e1pida gra\u00e7as a essa tecnologia. Essa abordagem enfatiza a efici\u00eancia da coopera\u00e7\u00e3o entre as for\u00e7as de seguran\u00e7a e a ado\u00e7\u00e3o de novas tecnologias na luta contra a criminalidade.<\/p>\n<h2>Pris\u00e3o de Foragido da Justi\u00e7a<\/h2>\n<p>Na mesma data, na Praia do Canto, a Guarda prendeu um homem que era foragido da Justi\u00e7a de Cachoeiro de Itapemirim. Ele possu\u00eda um mandado de pris\u00e3o aberto por roubo qualificado e ainda tinha um tempo de pena remanescente de oito anos a cumprir.<\/p>\n<p>O registro da pris\u00e3o revela como a integra\u00e7\u00e3o da tecnologia tem proporcionado uma seguran\u00e7a mais eficaz, com a utiliza\u00e7\u00e3o de ferramentas modernas que permitem uma identifica\u00e7\u00e3o e deten\u00e7\u00e3o \u00e1gil de suspeitos. O guarda municipal Herdy comentou que a rapidez e a surpresa da abordagem frequentemente evitam qualquer tipo de rea\u00e7\u00e3o negativa por parte dos suspeitos.<\/p>\n<h2>A Inova\u00e7\u00e3o nas A\u00e7\u00f5es da Guarda de Vit\u00f3ria<\/h2>\n<p>Os esfor\u00e7os cont\u00ednuos da Guarda de Vit\u00f3ria em inovar e se atualizar destacam-se atrav\u00e9s da implementa\u00e7\u00e3o de novas tecnologias e estrat\u00e9gias de seguran\u00e7a. Essas t\u00e1ticas, quando combinadas com um atendimento proativo nas comunidades, resultam em um ambiente mais seguro e tranquilo para os cidad\u00e3os.<\/p>\n<p>A reten\u00e7\u00e3o de pessoas que possuem pend\u00eancias judiciais \u00e9 um exemplo claro da efic\u00e1cia das pr\u00e1ticas atuais, onde a tecnologia aplicada possibilita n\u00e3o s\u00f3 abordagens de seguran\u00e7a, mas tamb\u00e9m o fortalecimento da sensa\u00e7\u00e3o de seguran\u00e7a comunit\u00e1ria.<\/p>\n<h2>Hist\u00f3rico de Recupera\u00e7\u00e3o de Ve\u00edculos<\/h2>\n<p>Os dados j\u00e1 mencionados sobre a recupera\u00e7\u00e3o de 185 ve\u00edculos somente neste ano refletem um padr\u00e3o positivo nas opera\u00e7\u00f5es da Guarda. Com a integra\u00e7\u00e3o de tecnologia e medidas de seguran\u00e7a robustas, a institui\u00e7\u00e3o fortalece seu papel no combate ao crime e na prote\u00e7\u00e3o do patrim\u00f4nio das pessoas em Vit\u00f3ria.<\/p>\n<p>Com essas situa\u00e7\u00f5es, a Guarda n\u00e3o apenas realiza as opera\u00e7\u00f5es cotidianas de patrulhamento, mas tamb\u00e9m atua de forma incisiva na restaura\u00e7\u00e3o da confian\u00e7a da popula\u00e7\u00e3o nas institui\u00e7\u00f5es de seguran\u00e7a, essencial para uma conviv\u00eancia pac\u00edfica.<\/p>\n<h2>Benef\u00edcios do Monitoramento por C\u00e2meras<\/h2>\n<p>O monitoramento via c\u00e2meras \u00e9 uma estrat\u00e9gia central nas opera\u00e7\u00f5es di\u00e1rias. As imagens coletadas servem como provas eficazes em qualquer investiga\u00e7\u00e3o e ajudam a identificar rapidamente movimentos suspeitos pelas ruas e avenidas da cidade.<\/p>\n<p>Isso n\u00e3o apenas permite rea\u00e7\u00f5es mais \u00e1geis por parte da Guarda, mas tamb\u00e9m oferece uma sensa\u00e7\u00e3o dupla de seguran\u00e7a, tanto para os cidad\u00e3os comuns quanto para os agentes envolvidos nas opera\u00e7\u00f5es. A sensa\u00e7\u00e3o de que est\u00e3o sendo observados pode desestimular comportamentos criminosos.<\/p>\n<h2>Resultados Positivos para a Comunidade<\/h2>\n<p>As a\u00e7\u00f5es da Guarda de Vit\u00f3ria indiscutivelmente contribuem para a paz e seguran\u00e7a das comunidades. Ao recuperar ve\u00edculos furtados e prender foragidos, a Guarda mostra seu compromisso com a prote\u00e7\u00e3o e a justi\u00e7a, o que impacta positivamente na confian\u00e7a da popula\u00e7\u00e3o em sua seguran\u00e7a.<\/p>\n<p>A recupera\u00e7\u00e3o de cada ve\u00edculo e a pris\u00e3o de cada suspeito s\u00e3o vitais n\u00e3o apenas para os indiv\u00edduos diretamente envolvidos, mas para a comunidade como um todo, que se beneficia de um ambiente menos propenso a atividades il\u00edcitas.<\/p>\n<h2>Futuras A\u00e7\u00f5es e Projetos da Guarda Municipal<\/h2>\n<p>A Guarda de Vit\u00f3ria n\u00e3o tem inten\u00e7\u00e3o de parar por aqui. Com um planejamento estrat\u00e9gico voltado para o futuro, as iniciativas visam n\u00e3o s\u00f3 aprofundar o uso de tecnologia como tamb\u00e9m estender parcerias com outras institui\u00e7\u00f5es de seguran\u00e7a p\u00fablica.<\/p>\n<p>Por meio de investimentos cont\u00ednuos em tecnologia e treinamento, a Guarda pretende se tornar ainda mais eficaz no combate ao crime, buscando sempre melhorar a seguran\u00e7a e a qualidade de vida dos cidad\u00e3os de Vit\u00f3ria.  O compromisso da Guarda \u00e9 com a inova\u00e7\u00e3o e a evolu\u00e7\u00e3o constante, assegurando mais prote\u00e7\u00e3o e tranquilidade para a popula\u00e7\u00e3o.<\/p>\n","protected":false},"excerpt":{"rendered":"<p>Seguran\u00e7a: Acompanhe as a\u00e7\u00f5es da Guarda Civil de Vit\u00f3ria realizadas ontem.<\/p>\n","protected":false},"author":1,"featured_media":8547,"comment_status":"open","ping_status":"open","sticky":false,"template":"","format":"standard","meta":{"footnotes":""},"categories":[5],"tags":[],"class_list":["post-8548","post","type-post","status-publish","format-standard","has-post-thumbnail","hentry","category-noticias","has_thumb"],"yoast_head":"<!-- This site is optimized with the Yoast SEO plugin v27.9 - https:\/\/yoast.com\/product\/yoast-seo-wordpress\/ -->\n<title>Seguran\u00e7a: confira as a\u00e7\u00f5es da Guarda de Vit\u00f3ria desta segunda | Guia Comercial de Vit\u00f3ria ES<\/title>\n<meta name=\"robots\" content=\"index, follow, max-snippet:-1, max-image-preview:large, max-video-preview:-1\" \/>\n<link rel=\"canonical\" href=\"https:\/\/www.encontravitoria.com.br\/guia\/seguranca-confira-as-acoes-da-guarda-de-vitoria-desta-segunda\/\" \/>\n<meta property=\"og:locale\" content=\"pt_BR\" \/>\n<meta property=\"og:type\" content=\"article\" \/>\n<meta property=\"og:title\" content=\"Seguran\u00e7a: confira as a\u00e7\u00f5es da Guarda de Vit\u00f3ria desta segunda | Guia Comercial de Vit\u00f3ria ES\" \/>\n<meta property=\"og:description\" content=\"Seguran\u00e7a: Acompanhe as a\u00e7\u00f5es da Guarda Civil de Vit\u00f3ria realizadas ontem.\" \/>\n<meta property=\"og:url\" content=\"https:\/\/www.encontravitoria.com.br\/guia\/seguranca-confira-as-acoes-da-guarda-de-vitoria-desta-segunda\/\" \/>\n<meta property=\"og:site_name\" content=\"Guia Comercial de Vit\u00f3ria ES\" \/>\n<meta property=\"article:published_time\" content=\"2026-08-17T16:47:08+00:00\" \/>\n<meta property=\"og:image\" content=\"https:\/\/www.encontravitoria.com.br\/guia\/wp-content\/uploads\/2026\/08\/seguranca-confira-as-acoes-da-guarda-de-vitoria-desta-segunda.webp\" \/>\n<meta name=\"author\" content=\"Encontra Vit\u00f3ria\" \/>\n<meta name=\"twitter:card\" content=\"summary_large_image\" \/>\n<meta name=\"twitter:label1\" content=\"Escrito por\" \/>\n\t<meta name=\"twitter:data1\" content=\"Encontra Vit\u00f3ria\" \/>\n\t<meta name=\"twitter:label2\" content=\"Est. tempo de leitura\" \/>\n\t<meta name=\"twitter:data2\" content=\"6 minutos\" \/>\n<script type=\"application\/ld+json\" class=\"yoast-schema-graph\">{\"@context\":\"https:\\\/\\\/schema.org\",\"@graph\":[{\"@type\":\"Article\",\"@id\":\"https:\\\/\\\/www.encontravitoria.com.br\\\/guia\\\/seguranca-confira-as-acoes-da-guarda-de-vitoria-desta-segunda\\\/#article\",\"isPartOf\":{\"@id\":\"https:\\\/\\\/www.encontravitoria.com.br\\\/guia\\\/seguranca-confira-as-acoes-da-guarda-de-vitoria-desta-segunda\\\/\"},\"author\":{\"name\":\"Encontra Vit\u00f3ria\",\"@id\":\"https:\\\/\\\/www.encontravitoria.com.br\\\/guia\\\/#\\\/schema\\\/person\\\/e5c86e2a8d5a2a0333f0c44792c74c65\"},\"headline\":\"Seguran\u00e7a: confira as a\u00e7\u00f5es da Guarda de Vit\u00f3ria desta segunda\",\"datePublished\":\"2026-08-17T16:47:08+00:00\",\"mainEntityOfPage\":{\"@id\":\"https:\\\/\\\/www.encontravitoria.com.br\\\/guia\\\/seguranca-confira-as-acoes-da-guarda-de-vitoria-desta-segunda\\\/\"},\"wordCount\":1306,\"commentCount\":0,\"image\":{\"@id\":\"https:\\\/\\\/www.encontravitoria.com.br\\\/guia\\\/seguranca-confira-as-acoes-da-guarda-de-vitoria-desta-segunda\\\/#primaryimage\"},\"thumbnailUrl\":\"https:\\\/\\\/www.encontravitoria.com.br\\\/guia\\\/wp-content\\\/uploads\\\/2026\\\/08\\\/seguranca-confira-as-acoes-da-guarda-de-vitoria-desta-segunda.webp\",\"articleSection\":[\"Not\u00edcias Vit\u00f3ria\"],\"inLanguage\":\"pt-BR\",\"potentialAction\":[{\"@type\":\"CommentAction\",\"name\":\"Comment\",\"target\":[\"https:\\\/\\\/www.encontravitoria.com.br\\\/guia\\\/seguranca-confira-as-acoes-da-guarda-de-vitoria-desta-segunda\\\/#respond\"]}]},{\"@type\":\"WebPage\",\"@id\":\"https:\\\/\\\/www.encontravitoria.com.br\\\/guia\\\/seguranca-confira-as-acoes-da-guarda-de-vitoria-desta-segunda\\\/\",\"url\":\"https:\\\/\\\/www.encontravitoria.com.br\\\/guia\\\/seguranca-confira-as-acoes-da-guarda-de-vitoria-desta-segunda\\\/\",\"name\":\"Seguran\u00e7a: confira as a\u00e7\u00f5es da Guarda de Vit\u00f3ria desta segunda | Guia Comercial de Vit\u00f3ria ES\",\"isPartOf\":{\"@id\":\"https:\\\/\\\/www.encontravitoria.com.br\\\/guia\\\/#website\"},\"primaryImageOfPage\":{\"@id\":\"https:\\\/\\\/www.encontravitoria.com.br\\\/guia\\\/seguranca-confira-as-acoes-da-guarda-de-vitoria-desta-segunda\\\/#primaryimage\"},\"image\":{\"@id\":\"https:\\\/\\\/www.encontravitoria.com.br\\\/guia\\\/seguranca-confira-as-acoes-da-guarda-de-vitoria-desta-segunda\\\/#primaryimage\"},\"thumbnailUrl\":\"https:\\\/\\\/www.encontravitoria.com.br\\\/guia\\\/wp-content\\\/uploads\\\/2026\\\/08\\\/seguranca-confira-as-acoes-da-guarda-de-vitoria-desta-segunda.webp\",\"datePublished\":\"2026-08-17T16:47:08+00:00\",\"author\":{\"@id\":\"https:\\\/\\\/www.encontravitoria.com.br\\\/guia\\\/#\\\/schema\\\/person\\\/e5c86e2a8d5a2a0333f0c44792c74c65\"},\"inLanguage\":\"pt-BR\",\"potentialAction\":[{\"@type\":\"ReadAction\",\"target\":[\"https:\\\/\\\/www.encontravitoria.com.br\\\/guia\\\/seguranca-confira-as-acoes-da-guarda-de-vitoria-desta-segunda\\\/\"]}]},{\"@type\":\"ImageObject\",\"inLanguage\":\"pt-BR\",\"@id\":\"https:\\\/\\\/www.encontravitoria.com.br\\\/guia\\\/seguranca-confira-as-acoes-da-guarda-de-vitoria-desta-segunda\\\/#primaryimage\",\"url\":\"https:\\\/\\\/www.encontravitoria.com.br\\\/guia\\\/wp-content\\\/uploads\\\/2026\\\/08\\\/seguranca-confira-as-acoes-da-guarda-de-vitoria-desta-segunda.webp\",\"contentUrl\":\"https:\\\/\\\/www.encontravitoria.com.br\\\/guia\\\/wp-content\\\/uploads\\\/2026\\\/08\\\/seguranca-confira-as-acoes-da-guarda-de-vitoria-desta-segunda.webp\",\"width\":280,\"height\":280,\"caption\":\"A\u00e7\u00f5es da Guarda de Vit\u00f3ria\"},{\"@type\":\"WebSite\",\"@id\":\"https:\\\/\\\/www.encontravitoria.com.br\\\/guia\\\/#website\",\"url\":\"https:\\\/\\\/www.encontravitoria.com.br\\\/guia\\\/\",\"name\":\"Guia Comercial de Vit\u00f3ria ES\",\"description\":\"ENCONTRA VIT\u00d3RIA - O guia comercial de neg\u00f3cios e empresas, cultura e divers\u00e3o na cidade de Vit\u00f3ria. Feito 100% para voc\u00ea morador!\",\"potentialAction\":[{\"@type\":\"SearchAction\",\"target\":{\"@type\":\"EntryPoint\",\"urlTemplate\":\"https:\\\/\\\/www.encontravitoria.com.br\\\/guia\\\/?s={search_term_string}\"},\"query-input\":{\"@type\":\"PropertyValueSpecification\",\"valueRequired\":true,\"valueName\":\"search_term_string\"}}],\"inLanguage\":\"pt-BR\"},{\"@type\":\"Person\",\"@id\":\"https:\\\/\\\/www.encontravitoria.com.br\\\/guia\\\/#\\\/schema\\\/person\\\/e5c86e2a8d5a2a0333f0c44792c74c65\",\"name\":\"Encontra Vit\u00f3ria\",\"image\":{\"@type\":\"ImageObject\",\"inLanguage\":\"pt-BR\",\"@id\":\"https:\\\/\\\/secure.gravatar.com\\\/avatar\\\/c50c17820bcf322f0a8fd6b110b8c0918141409dc69076470f6fca5fee70a5d4?s=96&d=mm&r=g\",\"url\":\"https:\\\/\\\/secure.gravatar.com\\\/avatar\\\/c50c17820bcf322f0a8fd6b110b8c0918141409dc69076470f6fca5fee70a5d4?s=96&d=mm&r=g\",\"contentUrl\":\"https:\\\/\\\/secure.gravatar.com\\\/avatar\\\/c50c17820bcf322f0a8fd6b110b8c0918141409dc69076470f6fca5fee70a5d4?s=96&d=mm&r=g\",\"caption\":\"Encontra Vit\u00f3ria\"},\"url\":\"https:\\\/\\\/www.encontravitoria.com.br\\\/guia\\\/author\\\/encontravitoria\\\/\"}]}<\/script>\n<!-- \/ Yoast SEO plugin. -->","yoast_head_json":{"title":"Seguran\u00e7a: confira as a\u00e7\u00f5es da Guarda de Vit\u00f3ria desta segunda | Guia Comercial de Vit\u00f3ria ES","robots":{"index":"index","follow":"follow","max-snippet":"max-snippet:-1","max-image-preview":"max-image-preview:large","max-video-preview":"max-video-preview:-1"},"canonical":"https:\/\/www.encontravitoria.com.br\/guia\/seguranca-confira-as-acoes-da-guarda-de-vitoria-desta-segunda\/","og_locale":"pt_BR","og_type":"article","og_title":"Seguran\u00e7a: confira as a\u00e7\u00f5es da Guarda de Vit\u00f3ria desta segunda | Guia Comercial de Vit\u00f3ria ES","og_description":"Seguran\u00e7a: Acompanhe as a\u00e7\u00f5es da Guarda Civil de Vit\u00f3ria realizadas ontem.","og_url":"https:\/\/www.encontravitoria.com.br\/guia\/seguranca-confira-as-acoes-da-guarda-de-vitoria-desta-segunda\/","og_site_name":"Guia Comercial de Vit\u00f3ria ES","article_published_time":"2026-08-17T16:47:08+00:00","og_image":[{"url":"https:\/\/www.encontravitoria.com.br\/guia\/wp-content\/uploads\/2026\/08\/seguranca-confira-as-acoes-da-guarda-de-vitoria-desta-segunda.webp","type":"","width":"","height":""}],"author":"Encontra Vit\u00f3ria","twitter_card":"summary_large_image","twitter_misc":{"Escrito por":"Encontra Vit\u00f3ria","Est. tempo de leitura":"6 minutos"},"schema":{"@context":"https:\/\/schema.org","@graph":[{"@type":"Article","@id":"https:\/\/www.encontravitoria.com.br\/guia\/seguranca-confira-as-acoes-da-guarda-de-vitoria-desta-segunda\/#article","isPartOf":{"@id":"https:\/\/www.encontravitoria.com.br\/guia\/seguranca-confira-as-acoes-da-guarda-de-vitoria-desta-segunda\/"},"author":{"name":"Encontra Vit\u00f3ria","@id":"https:\/\/www.encontravitoria.com.br\/guia\/#\/schema\/person\/e5c86e2a8d5a2a0333f0c44792c74c65"},"headline":"Seguran\u00e7a: confira as a\u00e7\u00f5es da Guarda de Vit\u00f3ria desta segunda","datePublished":"2026-08-17T16:47:08+00:00","mainEntityOfPage":{"@id":"https:\/\/www.encontravitoria.com.br\/guia\/seguranca-confira-as-acoes-da-guarda-de-vitoria-desta-segunda\/"},"wordCount":1306,"commentCount":0,"image":{"@id":"https:\/\/www.encontravitoria.com.br\/guia\/seguranca-confira-as-acoes-da-guarda-de-vitoria-desta-segunda\/#primaryimage"},"thumbnailUrl":"https:\/\/www.encontravitoria.com.br\/guia\/wp-content\/uploads\/2026\/08\/seguranca-confira-as-acoes-da-guarda-de-vitoria-desta-segunda.webp","articleSection":["Not\u00edcias Vit\u00f3ria"],"inLanguage":"pt-BR","potentialAction":[{"@type":"CommentAction","name":"Comment","target":["https:\/\/www.encontravitoria.com.br\/guia\/seguranca-confira-as-acoes-da-guarda-de-vitoria-desta-segunda\/#respond"]}]},{"@type":"WebPage","@id":"https:\/\/www.encontravitoria.com.br\/guia\/seguranca-confira-as-acoes-da-guarda-de-vitoria-desta-segunda\/","url":"https:\/\/www.encontravitoria.com.br\/guia\/seguranca-confira-as-acoes-da-guarda-de-vitoria-desta-segunda\/","name":"Seguran\u00e7a: confira as a\u00e7\u00f5es da Guarda de Vit\u00f3ria desta segunda | Guia Comercial de Vit\u00f3ria ES","isPartOf":{"@id":"https:\/\/www.encontravitoria.com.br\/guia\/#website"},"primaryImageOfPage":{"@id":"https:\/\/www.encontravitoria.com.br\/guia\/seguranca-confira-as-acoes-da-guarda-de-vitoria-desta-segunda\/#primaryimage"},"image":{"@id":"https:\/\/www.encontravitoria.com.br\/guia\/seguranca-confira-as-acoes-da-guarda-de-vitoria-desta-segunda\/#primaryimage"},"thumbnailUrl":"https:\/\/www.encontravitoria.com.br\/guia\/wp-content\/uploads\/2026\/08\/seguranca-confira-as-acoes-da-guarda-de-vitoria-desta-segunda.webp","datePublished":"2026-08-17T16:47:08+00:00","author":{"@id":"https:\/\/www.encontravitoria.com.br\/guia\/#\/schema\/person\/e5c86e2a8d5a2a0333f0c44792c74c65"},"inLanguage":"pt-BR","potentialAction":[{"@type":"ReadAction","target":["https:\/\/www.encontravitoria.com.br\/guia\/seguranca-confira-as-acoes-da-guarda-de-vitoria-desta-segunda\/"]}]},{"@type":"ImageObject","inLanguage":"pt-BR","@id":"https:\/\/www.encontravitoria.com.br\/guia\/seguranca-confira-as-acoes-da-guarda-de-vitoria-desta-segunda\/#primaryimage","url":"https:\/\/www.encontravitoria.com.br\/guia\/wp-content\/uploads\/2026\/08\/seguranca-confira-as-acoes-da-guarda-de-vitoria-desta-segunda.webp","contentUrl":"https:\/\/www.encontravitoria.com.br\/guia\/wp-content\/uploads\/2026\/08\/seguranca-confira-as-acoes-da-guarda-de-vitoria-desta-segunda.webp","width":280,"height":280,"caption":"A\u00e7\u00f5es da Guarda de Vit\u00f3ria"},{"@type":"WebSite","@id":"https:\/\/www.encontravitoria.com.br\/guia\/#website","url":"https:\/\/www.encontravitoria.com.br\/guia\/","name":"Guia Comercial de Vit\u00f3ria ES","description":"ENCONTRA VIT\u00d3RIA - O guia comercial de neg\u00f3cios e empresas, cultura e divers\u00e3o na cidade de Vit\u00f3ria. Feito 100% para voc\u00ea morador!","potentialAction":[{"@type":"SearchAction","target":{"@type":"EntryPoint","urlTemplate":"https:\/\/www.encontravitoria.com.br\/guia\/?s={search_term_string}"},"query-input":{"@type":"PropertyValueSpecification","valueRequired":true,"valueName":"search_term_string"}}],"inLanguage":"pt-BR"},{"@type":"Person","@id":"https:\/\/www.encontravitoria.com.br\/guia\/#\/schema\/person\/e5c86e2a8d5a2a0333f0c44792c74c65","name":"Encontra Vit\u00f3ria","image":{"@type":"ImageObject","inLanguage":"pt-BR","@id":"https:\/\/secure.gravatar.com\/avatar\/c50c17820bcf322f0a8fd6b110b8c0918141409dc69076470f6fca5fee70a5d4?s=96&d=mm&r=g","url":"https:\/\/secure.gravatar.com\/avatar\/c50c17820bcf322f0a8fd6b110b8c0918141409dc69076470f6fca5fee70a5d4?s=96&d=mm&r=g","contentUrl":"https:\/\/secure.gravatar.com\/avatar\/c50c17820bcf322f0a8fd6b110b8c0918141409dc69076470f6fca5fee70a5d4?s=96&d=mm&r=g","caption":"Encontra Vit\u00f3ria"},"url":"https:\/\/www.encontravitoria.com.br\/guia\/author\/encontravitoria\/"}]}},"_links":{"self":[{"href":"https:\/\/www.encontravitoria.com.br\/guia\/wp-json\/wp\/v2\/posts\/8548","targetHints":{"allow":["GET"]}}],"collection":[{"href":"https:\/\/www.encontravitoria.com.br\/guia\/wp-json\/wp\/v2\/posts"}],"about":[{"href":"https:\/\/www.encontravitoria.com.br\/guia\/wp-json\/wp\/v2\/types\/post"}],"author":[{"embeddable":true,"href":"https:\/\/www.encontravitoria.com.br\/guia\/wp-json\/wp\/v2\/users\/1"}],"replies":[{"embeddable":true,"href":"https:\/\/www.encontravitoria.com.br\/guia\/wp-json\/wp\/v2\/comments?post=8548"}],"version-history":[{"count":0,"href":"https:\/\/www.encontravitoria.com.br\/guia\/wp-json\/wp\/v2\/posts\/8548\/revisions"}],"wp:featuredmedia":[{"embeddable":true,"href":"https:\/\/www.encontravitoria.com.br\/guia\/wp-json\/wp\/v2\/media\/8547"}],"wp:attachment":[{"href":"https:\/\/www.encontravitoria.com.br\/guia\/wp-json\/wp\/v2\/media?parent=8548"}],"wp:term":[{"taxonomy":"category","embeddable":true,"href":"https:\/\/www.encontravitoria.com.br\/guia\/wp-json\/wp\/v2\/categories?post=8548"},{"taxonomy":"post_tag","embeddable":true,"href":"https:\/\/www.encontravitoria.com.br\/guia\/wp-json\/wp\/v2\/tags?post=8548"}],"curies":[{"name":"wp","href":"https:\/\/api.w.org\/{rel}","templated":true}]}}