{"id":8550,"date":"2026-08-17T13:48:11","date_gmt":"2026-08-17T16:48:11","guid":{"rendered":"https:\/\/www.encontravitoria.com.br\/guia\/assistencia-social-de-vitoria-finaliza-primeira-edicao-da-cartografia-do-protocolo-brasil-sem-fome\/"},"modified":"2026-08-17T13:48:11","modified_gmt":"2026-08-17T16:48:11","slug":"assistencia-social-de-vitoria-finaliza-primeira-edicao-da-cartografia-do-protocolo-brasil-sem-fome","status":"publish","type":"post","link":"https:\/\/www.encontravitoria.com.br\/guia\/assistencia-social-de-vitoria-finaliza-primeira-edicao-da-cartografia-do-protocolo-brasil-sem-fome\/","title":{"rendered":"Assist\u00eancia Social de Vit\u00f3ria finaliza primeira edi\u00e7\u00e3o da Cartografia do Protocolo Brasil Sem fome"},"content":{"rendered":"<h2>O que \u00e9 a Cartografia do Protocolo Brasil Sem Fome?<\/h2>\n<p>A <strong>Cartografia do Protocolo Brasil Sem Fome<\/strong> \u00e9 um instrumento criado para mapear os servi\u00e7os e redes de atendimento voltados para a seguran\u00e7a alimentar e nutricional no munic\u00edpio de Vit\u00f3ria. Esse projeto faz parte de uma iniciativa do governo federal com o intuito de combater a fome e a inseguran\u00e7a alimentar no pa\u00eds, proporcionando um diagn\u00f3stico detalhado sobre a situa\u00e7\u00e3o local.<\/p>\n<h2>Objetivos principais da cartografia<\/h2>\n<p>Os principais objetivos da cartografia incluem:<\/p>\n<ul>\n<li><strong>Mapeamento de servi\u00e7os:<\/strong> Identificar todos os servi\u00e7os dispon\u00edveis relacionados \u00e0 seguran\u00e7a alimentar, como bancos de alimentos, cozinhas solid\u00e1rias e programas de assist\u00eancia.<\/li>\n<li><strong>Integra\u00e7\u00e3o entre setores:<\/strong> Promover a articula\u00e7\u00e3o entre diversas secretarias e \u00f3rg\u00e3os respons\u00e1veis pela promo\u00e7\u00e3o da seguran\u00e7a alimentar.<\/li>\n<li><strong>Identifica\u00e7\u00e3o de vazios assistenciais:<\/strong> Identificar \u00e1reas onde a oferta de servi\u00e7os \u00e9 insuficiente ou inexistente.<\/li>\n<li><strong>Base de dados para pol\u00edticas p\u00fablicas:<\/strong> Criar uma base de dados que sirva como suporte t\u00e9cnico para a tomada de decis\u00f5es e desenvolvimento de pol\u00edticas alimentares mais eficazes.<\/li>\n<\/ul>\n<h2>Import\u00e2ncia da seguran\u00e7a alimentar e nutricional<\/h2>\n<p>A seguran\u00e7a alimentar e nutricional \u00e9 um direito fundamental e essencial para a dignidade humana. Quando se fala em seguran\u00e7a alimentar, est\u00e1-se abordando n\u00e3o apenas a disponibilidade de alimentos, mas tamb\u00e9m a qualidade e o acesso a esses alimentos. Uma alimenta\u00e7\u00e3o adequada \u00e9 crucial para o desenvolvimento f\u00edsico e mental das pessoas, especialmente de crian\u00e7as e adolescentes, influenciando diretamente na sa\u00fade, produtividade e qualidade de vida da popula\u00e7\u00e3o.<\/p>\n<p><img decoding=\"async\" src=\"https:\/\/www.encontravitoria.com.br\/guia\/wp-content\/uploads\/2026\/08\/assistencia-social-de-vitoria-finaliza-primeira-edicao-da-cartografia-do-protocolo-brasil-sem-fome.webp\" alt=\"Cartografia do Protocolo Brasil Sem Fome\" loading=\"lazy\" \/><\/p>\n<h2>Como a cartografia foi elaborada?<\/h2>\n<p>A elabora\u00e7\u00e3o da cartografia envolveu um processo abrangente que incluiu:<\/p>\n<ul>\n<li><strong>Levantamento de dados:<\/strong> Coleta de informa\u00e7\u00f5es sobre os diversos \u00f3rg\u00e3os e entidades que atuam na \u00e1rea da seguran\u00e7a alimentar dentro do munic\u00edpio.<\/li>\n<li><strong>Consultas p\u00fablicas:<\/strong> Realiza\u00e7\u00e3o de audi\u00eancias e reuni\u00f5es com a comunidade e especialistas para entender as necessidades reais da popula\u00e7\u00e3o.<\/li>\n<li><strong>An\u00e1lise de informa\u00e7\u00f5es:<\/strong> Avalia\u00e7\u00e3o cr\u00edtica dos dados coletados para identificar as lacunas existentes nos servi\u00e7os de alimenta\u00e7\u00e3o e nutri\u00e7\u00e3o.<\/li>\n<\/ul>\n<h2>Desafios encontrados na implementa\u00e7\u00e3o<\/h2>\n<p>Durante a implementa\u00e7\u00e3o do Protocolo Brasil Sem Fome, foram encontrados diversos desafios, tais como:<\/p>\n<ul>\n<li><strong>Falta de integra\u00e7\u00e3o:<\/strong> A falta de comunica\u00e7\u00e3o entre os setores de sa\u00fade, educa\u00e7\u00e3o, e assist\u00eancia social dificultou a articula\u00e7\u00e3o das a\u00e7\u00f5es.<\/li>\n<li><strong>Recursos limitados:<\/strong> A escassez de recursos financeiros para manter e expandir os servi\u00e7os de assist\u00eancia alimentar.<\/li>\n<li><strong>Capacita\u00e7\u00e3o de pessoal:<\/strong> Necessidade de treinamento e forma\u00e7\u00e3o de profissionais para atuarem efetivamente nas pol\u00edticas de seguran\u00e7a alimentar.<\/li>\n<\/ul>\n<h2>A\u00e7\u00f5es de seguran\u00e7a alimentar em Vit\u00f3ria<\/h2>\n<p>As a\u00e7\u00f5es implementadas em Vit\u00f3ria incluem:<\/p>\n<ul>\n<li><strong>Cozinhas solid\u00e1rias:<\/strong> Espa\u00e7os comunit\u00e1rios que promovem a prepara\u00e7\u00e3o de refei\u00e7\u00f5es saud\u00e1veis para a popula\u00e7\u00e3o em situa\u00e7\u00e3o de vulnerabilidade.<\/li>\n<li><strong>Bancos de alimentos:<\/strong> Iniciativas que visam coletar e distribuir alimentos para institui\u00e7\u00f5es que atendem pessoas em situa\u00e7\u00e3o de inseguran\u00e7a alimentar.<\/li>\n<li><strong>Programas educacionais:<\/strong> A\u00e7\u00f5es de educa\u00e7\u00e3o alimentar que visam informar a popula\u00e7\u00e3o sobre nutri\u00e7\u00e3o e h\u00e1bitos saud\u00e1veis.<\/li>\n<\/ul>\n<h2>Integrando informa\u00e7\u00f5es de diversos setores<\/h2>\n<p>A cartografia atua como uma excelente ferramenta para integrar informa\u00e7\u00f5es de diferentes setores do governo, incluindo:<\/p>\n<ul>\n<li><strong>Sa\u00fade:<\/strong> Acesso a informa\u00e7\u00f5es sobre nutri\u00e7\u00e3o e sa\u00fade p\u00fablica, permitindo a\u00e7\u00f5es mais efetivas de preven\u00e7\u00e3o e cuidado.<\/li>\n<li><strong>Educa\u00e7\u00e3o:<\/strong> Implementa\u00e7\u00e3o de programas de alimenta\u00e7\u00e3o escolar que garantem refei\u00e7\u00f5es adequadas para crian\u00e7as e adolescentes.<\/li>\n<li><strong>Assist\u00eancia Social:<\/strong> Identifica\u00e7\u00e3o de fam\u00edlias em situa\u00e7\u00f5es de vulnerabilidade e a oferta de apoio apropriado.<\/li>\n<\/ul>\n<h2>Impactos esperados da cartografia<\/h2>\n<p>A cartografia deve trazer impactos significativos, como:<\/p>\n<ul>\n<li><strong>Aumento na abrang\u00eancia dos servi\u00e7os:<\/strong> Com um mapeamento efetivo, espera-se que mais pessoas tenham acesso a servi\u00e7os essenciais de seguran\u00e7a alimentar.<\/li>\n<li><strong>Redu\u00e7\u00e3o da fome:<\/strong> A identifica\u00e7\u00e3o de \u00e1reas carentes permitir\u00e1 a cria\u00e7\u00e3o de a\u00e7\u00f5es localizadas para combater a inseguran\u00e7a alimentar.<\/li>\n<li><strong>Educa\u00e7\u00e3o alimentar:<\/strong> A promo\u00e7\u00e3o de campanhas e programas educativos ir\u00e1 aumentar a conscientiza\u00e7\u00e3o sobre a import\u00e2ncia de uma alimenta\u00e7\u00e3o saud\u00e1vel.<\/li>\n<\/ul>\n<h2>Pr\u00f3ximos passos para a inclus\u00e3o social<\/h2>\n<p>Os pr\u00f3ximos passos na implementa\u00e7\u00e3o da cartografia incluem:<\/p>\n<ul>\n<li><strong>Fortalecimento de parcerias:<\/strong> Trabalho em conjunto com ONGs e a sociedade civil para ampliar o alcance das a\u00e7\u00f5es de seguran\u00e7a alimentar.<\/li>\n<li><strong>Continua\u00e7\u00e3o da capacita\u00e7\u00e3o:<\/strong> Investir na forma\u00e7\u00e3o cont\u00ednua de profissionais que atuam na \u00e1rea.<\/li>\n<li><strong>Ado\u00e7\u00e3o de novas tecnologias:<\/strong> Utiliza\u00e7\u00e3o de ferramentas tecnol\u00f3gicas para melhorar a log\u00edstica e distribui\u00e7\u00e3o dos servi\u00e7os alimentares.<\/li>\n<\/ul>\n<h2>Hist\u00f3rias de sucesso na assist\u00eancia social<\/h2>\n<p>A cartografia tamb\u00e9m destaca diversas hist\u00f3rias de sucesso, como:<\/p>\n<ul>\n<li><strong>Fam\u00edlias atendidas:<\/strong> Relatos de fam\u00edlias que sa\u00edram da inseguran\u00e7a alimentar e voltaram a ter acesso a alimentos saud\u00e1veis.<\/li>\n<li><strong>Projetos comunit\u00e1rios:<\/strong> Exemplos de cozinhas solid\u00e1rias que se tornaram refer\u00eancia em suas comunidades, promovendo a inclus\u00e3o social e a colabora\u00e7\u00e3o entre vizinhos.<\/li>\n<li><strong>Transforma\u00e7\u00f5es pessoais:<\/strong> Depoimentos de pessoas que mudaram suas vidas atrav\u00e9s da educa\u00e7\u00e3o alimentar e dos programas de assist\u00eancia na cidade.<\/li>\n<\/ul>\n","protected":false},"excerpt":{"rendered":"<p>Cartografia do Protocolo Brasil Sem Fome chegou para transformar a assist\u00eancia social em Vit\u00f3ria.<\/p>\n","protected":false},"author":1,"featured_media":8549,"comment_status":"open","ping_status":"open","sticky":false,"template":"","format":"standard","meta":{"footnotes":""},"categories":[5],"tags":[],"class_list":["post-8550","post","type-post","status-publish","format-standard","has-post-thumbnail","hentry","category-noticias","has_thumb"],"yoast_head":"<!-- This site is optimized with the Yoast SEO plugin v27.9 - https:\/\/yoast.com\/product\/yoast-seo-wordpress\/ -->\n<title>Assist\u00eancia Social de Vit\u00f3ria finaliza primeira edi\u00e7\u00e3o da Cartografia do Protocolo Brasil Sem fome | Guia Comercial de Vit\u00f3ria ES<\/title>\n<meta name=\"robots\" content=\"index, follow, max-snippet:-1, max-image-preview:large, max-video-preview:-1\" \/>\n<link rel=\"canonical\" href=\"https:\/\/www.encontravitoria.com.br\/guia\/assistencia-social-de-vitoria-finaliza-primeira-edicao-da-cartografia-do-protocolo-brasil-sem-fome\/\" \/>\n<meta property=\"og:locale\" content=\"pt_BR\" \/>\n<meta property=\"og:type\" content=\"article\" \/>\n<meta property=\"og:title\" content=\"Assist\u00eancia Social de Vit\u00f3ria finaliza primeira edi\u00e7\u00e3o da Cartografia do Protocolo Brasil Sem fome | Guia Comercial de Vit\u00f3ria ES\" \/>\n<meta property=\"og:description\" content=\"Cartografia do Protocolo Brasil Sem Fome chegou para transformar a assist\u00eancia social em Vit\u00f3ria.\" \/>\n<meta property=\"og:url\" content=\"https:\/\/www.encontravitoria.com.br\/guia\/assistencia-social-de-vitoria-finaliza-primeira-edicao-da-cartografia-do-protocolo-brasil-sem-fome\/\" \/>\n<meta property=\"og:site_name\" content=\"Guia Comercial de Vit\u00f3ria ES\" \/>\n<meta property=\"article:published_time\" content=\"2026-08-17T16:48:11+00:00\" \/>\n<meta property=\"og:image\" content=\"https:\/\/www.encontravitoria.com.br\/guia\/wp-content\/uploads\/2026\/08\/assistencia-social-de-vitoria-finaliza-primeira-edicao-da-cartografia-do-protocolo-brasil-sem-fome.webp\" \/>\n<meta name=\"author\" content=\"Encontra Vit\u00f3ria\" \/>\n<meta name=\"twitter:card\" content=\"summary_large_image\" \/>\n<meta name=\"twitter:label1\" content=\"Escrito por\" \/>\n\t<meta name=\"twitter:data1\" content=\"Encontra Vit\u00f3ria\" \/>\n\t<meta name=\"twitter:label2\" content=\"Est. tempo de leitura\" \/>\n\t<meta name=\"twitter:data2\" content=\"4 minutos\" \/>\n<script type=\"application\/ld+json\" class=\"yoast-schema-graph\">{\"@context\":\"https:\\\/\\\/schema.org\",\"@graph\":[{\"@type\":\"Article\",\"@id\":\"https:\\\/\\\/www.encontravitoria.com.br\\\/guia\\\/assistencia-social-de-vitoria-finaliza-primeira-edicao-da-cartografia-do-protocolo-brasil-sem-fome\\\/#article\",\"isPartOf\":{\"@id\":\"https:\\\/\\\/www.encontravitoria.com.br\\\/guia\\\/assistencia-social-de-vitoria-finaliza-primeira-edicao-da-cartografia-do-protocolo-brasil-sem-fome\\\/\"},\"author\":{\"name\":\"Encontra Vit\u00f3ria\",\"@id\":\"https:\\\/\\\/www.encontravitoria.com.br\\\/guia\\\/#\\\/schema\\\/person\\\/e5c86e2a8d5a2a0333f0c44792c74c65\"},\"headline\":\"Assist\u00eancia Social de Vit\u00f3ria finaliza primeira edi\u00e7\u00e3o da Cartografia do Protocolo Brasil Sem fome\",\"datePublished\":\"2026-08-17T16:48:11+00:00\",\"mainEntityOfPage\":{\"@id\":\"https:\\\/\\\/www.encontravitoria.com.br\\\/guia\\\/assistencia-social-de-vitoria-finaliza-primeira-edicao-da-cartografia-do-protocolo-brasil-sem-fome\\\/\"},\"wordCount\":901,\"commentCount\":0,\"image\":{\"@id\":\"https:\\\/\\\/www.encontravitoria.com.br\\\/guia\\\/assistencia-social-de-vitoria-finaliza-primeira-edicao-da-cartografia-do-protocolo-brasil-sem-fome\\\/#primaryimage\"},\"thumbnailUrl\":\"https:\\\/\\\/www.encontravitoria.com.br\\\/guia\\\/wp-content\\\/uploads\\\/2026\\\/08\\\/assistencia-social-de-vitoria-finaliza-primeira-edicao-da-cartografia-do-protocolo-brasil-sem-fome.webp\",\"articleSection\":[\"Not\u00edcias Vit\u00f3ria\"],\"inLanguage\":\"pt-BR\",\"potentialAction\":[{\"@type\":\"CommentAction\",\"name\":\"Comment\",\"target\":[\"https:\\\/\\\/www.encontravitoria.com.br\\\/guia\\\/assistencia-social-de-vitoria-finaliza-primeira-edicao-da-cartografia-do-protocolo-brasil-sem-fome\\\/#respond\"]}]},{\"@type\":\"WebPage\",\"@id\":\"https:\\\/\\\/www.encontravitoria.com.br\\\/guia\\\/assistencia-social-de-vitoria-finaliza-primeira-edicao-da-cartografia-do-protocolo-brasil-sem-fome\\\/\",\"url\":\"https:\\\/\\\/www.encontravitoria.com.br\\\/guia\\\/assistencia-social-de-vitoria-finaliza-primeira-edicao-da-cartografia-do-protocolo-brasil-sem-fome\\\/\",\"name\":\"Assist\u00eancia Social de Vit\u00f3ria finaliza primeira edi\u00e7\u00e3o da Cartografia do Protocolo Brasil Sem fome | Guia Comercial de Vit\u00f3ria ES\",\"isPartOf\":{\"@id\":\"https:\\\/\\\/www.encontravitoria.com.br\\\/guia\\\/#website\"},\"primaryImageOfPage\":{\"@id\":\"https:\\\/\\\/www.encontravitoria.com.br\\\/guia\\\/assistencia-social-de-vitoria-finaliza-primeira-edicao-da-cartografia-do-protocolo-brasil-sem-fome\\\/#primaryimage\"},\"image\":{\"@id\":\"https:\\\/\\\/www.encontravitoria.com.br\\\/guia\\\/assistencia-social-de-vitoria-finaliza-primeira-edicao-da-cartografia-do-protocolo-brasil-sem-fome\\\/#primaryimage\"},\"thumbnailUrl\":\"https:\\\/\\\/www.encontravitoria.com.br\\\/guia\\\/wp-content\\\/uploads\\\/2026\\\/08\\\/assistencia-social-de-vitoria-finaliza-primeira-edicao-da-cartografia-do-protocolo-brasil-sem-fome.webp\",\"datePublished\":\"2026-08-17T16:48:11+00:00\",\"author\":{\"@id\":\"https:\\\/\\\/www.encontravitoria.com.br\\\/guia\\\/#\\\/schema\\\/person\\\/e5c86e2a8d5a2a0333f0c44792c74c65\"},\"inLanguage\":\"pt-BR\",\"potentialAction\":[{\"@type\":\"ReadAction\",\"target\":[\"https:\\\/\\\/www.encontravitoria.com.br\\\/guia\\\/assistencia-social-de-vitoria-finaliza-primeira-edicao-da-cartografia-do-protocolo-brasil-sem-fome\\\/\"]}]},{\"@type\":\"ImageObject\",\"inLanguage\":\"pt-BR\",\"@id\":\"https:\\\/\\\/www.encontravitoria.com.br\\\/guia\\\/assistencia-social-de-vitoria-finaliza-primeira-edicao-da-cartografia-do-protocolo-brasil-sem-fome\\\/#primaryimage\",\"url\":\"https:\\\/\\\/www.encontravitoria.com.br\\\/guia\\\/wp-content\\\/uploads\\\/2026\\\/08\\\/assistencia-social-de-vitoria-finaliza-primeira-edicao-da-cartografia-do-protocolo-brasil-sem-fome.webp\",\"contentUrl\":\"https:\\\/\\\/www.encontravitoria.com.br\\\/guia\\\/wp-content\\\/uploads\\\/2026\\\/08\\\/assistencia-social-de-vitoria-finaliza-primeira-edicao-da-cartografia-do-protocolo-brasil-sem-fome.webp\",\"width\":280,\"height\":280,\"caption\":\"Cartografia do Protocolo Brasil Sem Fome\"},{\"@type\":\"WebSite\",\"@id\":\"https:\\\/\\\/www.encontravitoria.com.br\\\/guia\\\/#website\",\"url\":\"https:\\\/\\\/www.encontravitoria.com.br\\\/guia\\\/\",\"name\":\"Guia Comercial de Vit\u00f3ria ES\",\"description\":\"ENCONTRA VIT\u00d3RIA - O guia comercial de neg\u00f3cios e empresas, cultura e divers\u00e3o na cidade de Vit\u00f3ria. Feito 100% para voc\u00ea morador!\",\"potentialAction\":[{\"@type\":\"SearchAction\",\"target\":{\"@type\":\"EntryPoint\",\"urlTemplate\":\"https:\\\/\\\/www.encontravitoria.com.br\\\/guia\\\/?s={search_term_string}\"},\"query-input\":{\"@type\":\"PropertyValueSpecification\",\"valueRequired\":true,\"valueName\":\"search_term_string\"}}],\"inLanguage\":\"pt-BR\"},{\"@type\":\"Person\",\"@id\":\"https:\\\/\\\/www.encontravitoria.com.br\\\/guia\\\/#\\\/schema\\\/person\\\/e5c86e2a8d5a2a0333f0c44792c74c65\",\"name\":\"Encontra Vit\u00f3ria\",\"image\":{\"@type\":\"ImageObject\",\"inLanguage\":\"pt-BR\",\"@id\":\"https:\\\/\\\/secure.gravatar.com\\\/avatar\\\/c50c17820bcf322f0a8fd6b110b8c0918141409dc69076470f6fca5fee70a5d4?s=96&d=mm&r=g\",\"url\":\"https:\\\/\\\/secure.gravatar.com\\\/avatar\\\/c50c17820bcf322f0a8fd6b110b8c0918141409dc69076470f6fca5fee70a5d4?s=96&d=mm&r=g\",\"contentUrl\":\"https:\\\/\\\/secure.gravatar.com\\\/avatar\\\/c50c17820bcf322f0a8fd6b110b8c0918141409dc69076470f6fca5fee70a5d4?s=96&d=mm&r=g\",\"caption\":\"Encontra Vit\u00f3ria\"},\"url\":\"https:\\\/\\\/www.encontravitoria.com.br\\\/guia\\\/author\\\/encontravitoria\\\/\"}]}<\/script>\n<!-- \/ Yoast SEO plugin. -->","yoast_head_json":{"title":"Assist\u00eancia Social de Vit\u00f3ria finaliza primeira edi\u00e7\u00e3o da Cartografia do Protocolo Brasil Sem fome | Guia Comercial de Vit\u00f3ria ES","robots":{"index":"index","follow":"follow","max-snippet":"max-snippet:-1","max-image-preview":"max-image-preview:large","max-video-preview":"max-video-preview:-1"},"canonical":"https:\/\/www.encontravitoria.com.br\/guia\/assistencia-social-de-vitoria-finaliza-primeira-edicao-da-cartografia-do-protocolo-brasil-sem-fome\/","og_locale":"pt_BR","og_type":"article","og_title":"Assist\u00eancia Social de Vit\u00f3ria finaliza primeira edi\u00e7\u00e3o da Cartografia do Protocolo Brasil Sem fome | Guia Comercial de Vit\u00f3ria ES","og_description":"Cartografia do Protocolo Brasil Sem Fome chegou para transformar a assist\u00eancia social em Vit\u00f3ria.","og_url":"https:\/\/www.encontravitoria.com.br\/guia\/assistencia-social-de-vitoria-finaliza-primeira-edicao-da-cartografia-do-protocolo-brasil-sem-fome\/","og_site_name":"Guia Comercial de Vit\u00f3ria ES","article_published_time":"2026-08-17T16:48:11+00:00","og_image":[{"url":"https:\/\/www.encontravitoria.com.br\/guia\/wp-content\/uploads\/2026\/08\/assistencia-social-de-vitoria-finaliza-primeira-edicao-da-cartografia-do-protocolo-brasil-sem-fome.webp","type":"","width":"","height":""}],"author":"Encontra Vit\u00f3ria","twitter_card":"summary_large_image","twitter_misc":{"Escrito por":"Encontra Vit\u00f3ria","Est. tempo de leitura":"4 minutos"},"schema":{"@context":"https:\/\/schema.org","@graph":[{"@type":"Article","@id":"https:\/\/www.encontravitoria.com.br\/guia\/assistencia-social-de-vitoria-finaliza-primeira-edicao-da-cartografia-do-protocolo-brasil-sem-fome\/#article","isPartOf":{"@id":"https:\/\/www.encontravitoria.com.br\/guia\/assistencia-social-de-vitoria-finaliza-primeira-edicao-da-cartografia-do-protocolo-brasil-sem-fome\/"},"author":{"name":"Encontra Vit\u00f3ria","@id":"https:\/\/www.encontravitoria.com.br\/guia\/#\/schema\/person\/e5c86e2a8d5a2a0333f0c44792c74c65"},"headline":"Assist\u00eancia Social de Vit\u00f3ria finaliza primeira edi\u00e7\u00e3o da Cartografia do Protocolo Brasil Sem fome","datePublished":"2026-08-17T16:48:11+00:00","mainEntityOfPage":{"@id":"https:\/\/www.encontravitoria.com.br\/guia\/assistencia-social-de-vitoria-finaliza-primeira-edicao-da-cartografia-do-protocolo-brasil-sem-fome\/"},"wordCount":901,"commentCount":0,"image":{"@id":"https:\/\/www.encontravitoria.com.br\/guia\/assistencia-social-de-vitoria-finaliza-primeira-edicao-da-cartografia-do-protocolo-brasil-sem-fome\/#primaryimage"},"thumbnailUrl":"https:\/\/www.encontravitoria.com.br\/guia\/wp-content\/uploads\/2026\/08\/assistencia-social-de-vitoria-finaliza-primeira-edicao-da-cartografia-do-protocolo-brasil-sem-fome.webp","articleSection":["Not\u00edcias Vit\u00f3ria"],"inLanguage":"pt-BR","potentialAction":[{"@type":"CommentAction","name":"Comment","target":["https:\/\/www.encontravitoria.com.br\/guia\/assistencia-social-de-vitoria-finaliza-primeira-edicao-da-cartografia-do-protocolo-brasil-sem-fome\/#respond"]}]},{"@type":"WebPage","@id":"https:\/\/www.encontravitoria.com.br\/guia\/assistencia-social-de-vitoria-finaliza-primeira-edicao-da-cartografia-do-protocolo-brasil-sem-fome\/","url":"https:\/\/www.encontravitoria.com.br\/guia\/assistencia-social-de-vitoria-finaliza-primeira-edicao-da-cartografia-do-protocolo-brasil-sem-fome\/","name":"Assist\u00eancia Social de Vit\u00f3ria finaliza primeira edi\u00e7\u00e3o da Cartografia do Protocolo Brasil Sem fome | Guia Comercial de Vit\u00f3ria ES","isPartOf":{"@id":"https:\/\/www.encontravitoria.com.br\/guia\/#website"},"primaryImageOfPage":{"@id":"https:\/\/www.encontravitoria.com.br\/guia\/assistencia-social-de-vitoria-finaliza-primeira-edicao-da-cartografia-do-protocolo-brasil-sem-fome\/#primaryimage"},"image":{"@id":"https:\/\/www.encontravitoria.com.br\/guia\/assistencia-social-de-vitoria-finaliza-primeira-edicao-da-cartografia-do-protocolo-brasil-sem-fome\/#primaryimage"},"thumbnailUrl":"https:\/\/www.encontravitoria.com.br\/guia\/wp-content\/uploads\/2026\/08\/assistencia-social-de-vitoria-finaliza-primeira-edicao-da-cartografia-do-protocolo-brasil-sem-fome.webp","datePublished":"2026-08-17T16:48:11+00:00","author":{"@id":"https:\/\/www.encontravitoria.com.br\/guia\/#\/schema\/person\/e5c86e2a8d5a2a0333f0c44792c74c65"},"inLanguage":"pt-BR","potentialAction":[{"@type":"ReadAction","target":["https:\/\/www.encontravitoria.com.br\/guia\/assistencia-social-de-vitoria-finaliza-primeira-edicao-da-cartografia-do-protocolo-brasil-sem-fome\/"]}]},{"@type":"ImageObject","inLanguage":"pt-BR","@id":"https:\/\/www.encontravitoria.com.br\/guia\/assistencia-social-de-vitoria-finaliza-primeira-edicao-da-cartografia-do-protocolo-brasil-sem-fome\/#primaryimage","url":"https:\/\/www.encontravitoria.com.br\/guia\/wp-content\/uploads\/2026\/08\/assistencia-social-de-vitoria-finaliza-primeira-edicao-da-cartografia-do-protocolo-brasil-sem-fome.webp","contentUrl":"https:\/\/www.encontravitoria.com.br\/guia\/wp-content\/uploads\/2026\/08\/assistencia-social-de-vitoria-finaliza-primeira-edicao-da-cartografia-do-protocolo-brasil-sem-fome.webp","width":280,"height":280,"caption":"Cartografia do Protocolo Brasil Sem Fome"},{"@type":"WebSite","@id":"https:\/\/www.encontravitoria.com.br\/guia\/#website","url":"https:\/\/www.encontravitoria.com.br\/guia\/","name":"Guia Comercial de Vit\u00f3ria ES","description":"ENCONTRA VIT\u00d3RIA - O guia comercial de neg\u00f3cios e empresas, cultura e divers\u00e3o na cidade de Vit\u00f3ria. Feito 100% para voc\u00ea morador!","potentialAction":[{"@type":"SearchAction","target":{"@type":"EntryPoint","urlTemplate":"https:\/\/www.encontravitoria.com.br\/guia\/?s={search_term_string}"},"query-input":{"@type":"PropertyValueSpecification","valueRequired":true,"valueName":"search_term_string"}}],"inLanguage":"pt-BR"},{"@type":"Person","@id":"https:\/\/www.encontravitoria.com.br\/guia\/#\/schema\/person\/e5c86e2a8d5a2a0333f0c44792c74c65","name":"Encontra Vit\u00f3ria","image":{"@type":"ImageObject","inLanguage":"pt-BR","@id":"https:\/\/secure.gravatar.com\/avatar\/c50c17820bcf322f0a8fd6b110b8c0918141409dc69076470f6fca5fee70a5d4?s=96&d=mm&r=g","url":"https:\/\/secure.gravatar.com\/avatar\/c50c17820bcf322f0a8fd6b110b8c0918141409dc69076470f6fca5fee70a5d4?s=96&d=mm&r=g","contentUrl":"https:\/\/secure.gravatar.com\/avatar\/c50c17820bcf322f0a8fd6b110b8c0918141409dc69076470f6fca5fee70a5d4?s=96&d=mm&r=g","caption":"Encontra Vit\u00f3ria"},"url":"https:\/\/www.encontravitoria.com.br\/guia\/author\/encontravitoria\/"}]}},"_links":{"self":[{"href":"https:\/\/www.encontravitoria.com.br\/guia\/wp-json\/wp\/v2\/posts\/8550","targetHints":{"allow":["GET"]}}],"collection":[{"href":"https:\/\/www.encontravitoria.com.br\/guia\/wp-json\/wp\/v2\/posts"}],"about":[{"href":"https:\/\/www.encontravitoria.com.br\/guia\/wp-json\/wp\/v2\/types\/post"}],"author":[{"embeddable":true,"href":"https:\/\/www.encontravitoria.com.br\/guia\/wp-json\/wp\/v2\/users\/1"}],"replies":[{"embeddable":true,"href":"https:\/\/www.encontravitoria.com.br\/guia\/wp-json\/wp\/v2\/comments?post=8550"}],"version-history":[{"count":0,"href":"https:\/\/www.encontravitoria.com.br\/guia\/wp-json\/wp\/v2\/posts\/8550\/revisions"}],"wp:featuredmedia":[{"embeddable":true,"href":"https:\/\/www.encontravitoria.com.br\/guia\/wp-json\/wp\/v2\/media\/8549"}],"wp:attachment":[{"href":"https:\/\/www.encontravitoria.com.br\/guia\/wp-json\/wp\/v2\/media?parent=8550"}],"wp:term":[{"taxonomy":"category","embeddable":true,"href":"https:\/\/www.encontravitoria.com.br\/guia\/wp-json\/wp\/v2\/categories?post=8550"},{"taxonomy":"post_tag","embeddable":true,"href":"https:\/\/www.encontravitoria.com.br\/guia\/wp-json\/wp\/v2\/tags?post=8550"}],"curies":[{"name":"wp","href":"https:\/\/api.w.org\/{rel}","templated":true}]}}