{"id":8618,"date":"2026-08-26T20:22:39","date_gmt":"2026-08-26T23:22:39","guid":{"rendered":"https:\/\/www.encontravitoria.com.br\/guia\/sinait-convida-ministro-do-trabalho-para-participar-do-42o-enafit-em-vitoria-es\/"},"modified":"2026-08-26T20:22:39","modified_gmt":"2026-08-26T23:22:39","slug":"sinait-convida-ministro-do-trabalho-para-participar-do-42o-enafit-em-vitoria-es","status":"publish","type":"post","link":"https:\/\/www.encontravitoria.com.br\/guia\/sinait-convida-ministro-do-trabalho-para-participar-do-42o-enafit-em-vitoria-es\/","title":{"rendered":"SINAIT convida ministro do Trabalho para participar do 42\u00ba ENAFIT, em Vit\u00f3ria (ES)"},"content":{"rendered":"<h2>O Que \u00e9 o ENAFIT?<\/h2>\n<p>O ENAFIT, ou Encontro Nacional dos Auditores-Fiscais do Trabalho, \u00e9 um evento de grande relev\u00e2ncia para a classe dos auditores-fiscais, reunindo profissionais de diversos lugares do Brasil. Este encontro oferece uma plataforma para discuss\u00f5es, trocas de conhecimentos e forma\u00e7\u00e3o sobre as principais tem\u00e1ticas relacionadas \u00e0 auditoria fiscal e \u00e0 fiscaliza\u00e7\u00e3o do trabalho.<\/p>\n<h2>Import\u00e2ncia da Auditoria Fiscal do Trabalho<\/h2>\n<p>A auditoria fiscal do trabalho desempenha um papel crucial na prote\u00e7\u00e3o dos direitos trabalhistas e na promo\u00e7\u00e3o de um ambiente de trabalho justo. Os auditores-fiscais s\u00e3o respons\u00e1veis por garantir que as leis do trabalho sejam cumpridas, investigando irregularidades e promovendo a adequa\u00e7\u00e3o das pr\u00e1ticas trabalhistas. Com um panorama de constante transforma\u00e7\u00e3o no mundo do trabalho, a presen\u00e7a e a atua\u00e7\u00e3o desses profissionais s\u00e3o fundamentais para a manuten\u00e7\u00e3o da dignidade e seguran\u00e7a no ambiente laboral.<\/p>\n<h2>Como o SINAIT Representa os Auditores Fiscais<\/h2>\n<p>O SINAIT, Sindicato Nacional dos Auditores-Fiscais do Trabalho, atua como a voz e a defesa dos interesses dos auditores-fiscais no Brasil. Atrav\u00e9s de mobiliza\u00e7\u00f5es, reuni\u00f5es e eventos como o ENAFIT, o SINAIT busca fortalecer a categoria, apresentar demandas e discutir diretrizes que impactem a profiss\u00e3o e a fiscaliza\u00e7\u00e3o do trabalho. O sindicato tamb\u00e9m se empenha em dialogar com autoridades e entidades governamentais, visando a valoriza\u00e7\u00e3o e a melhoria das condi\u00e7\u00f5es de trabalho dos auditores.<\/p>\n<p><img decoding=\"async\" src=\"https:\/\/www.encontravitoria.com.br\/guia\/wp-content\/uploads\/2026\/08\/sinait-convida-ministro-do-trabalho-para-participar-do-42-enafit-em-vitoria-es.webp\" alt=\"SINAIT convida ministro do Trabalho para participar do ENAFIT\" loading=\"lazy\" \/><\/p>\n<h2>O Papel do Ministro do Trabalho no Evento<\/h2>\n<p>A participa\u00e7\u00e3o do Ministro do Trabalho no ENAFIT \u00e9 um ponto alto do evento. Sua presen\u00e7a simboliza a abertura do governo para dialogar sobre as necessidades e os desafios enfrentados pelos auditores-fiscais. Durante o encontro, o ministro pode ouvir diretamente os relatos e as sugest\u00f5es dos profissionais da \u00e1rea, propiciando um espa\u00e7o produtivo para a constru\u00e7\u00e3o de pol\u00edticas p\u00fablicas mais eficazes.<\/p>\n<h2>Temas Abordados no 42\u00ba ENAFIT<\/h2>\n<p>O tema central do 42\u00ba ENAFIT \u00e9 &#8220;Auditoria Fiscal do Trabalho \u2013 protagonista na prote\u00e7\u00e3o do trabalho humano&#8221;. Esse foco implica em discutir a import\u00e2ncia da atua\u00e7\u00e3o dos auditores na promo\u00e7\u00e3o de um trabalho seguro e \u00e9tico. Al\u00e9m disso, o evento abordar\u00e1 quest\u00f5es como:<\/p>\n<ul>\n<li><strong>Transforma\u00e7\u00f5es no mercado de trabalho:<\/strong> an\u00e1lise das novas demandas e desafios impostos pela evolu\u00e7\u00e3o tecnol\u00f3gica e globaliza\u00e7\u00e3o.<\/li>\n<li><strong>Direitos trabalhistas:<\/strong> reafirma\u00e7\u00e3o da import\u00e2ncia do cumprimento das normas para garantir a dignidade dos trabalhadores.<\/li>\n<li><strong>Integra\u00e7\u00e3o e forma\u00e7\u00e3o cont\u00ednua:<\/strong> import\u00e2ncia da capacita\u00e7\u00e3o constante dos auditores para um desempenho eficaz.<\/li>\n<\/ul>\n<p>Discussions about the present and future of labor inspection are also expected, emphasizing the need for a strategic and proactive approach in the performance of auditors.<\/p>\n<h2>Datas e Localiza\u00e7\u00e3o do ENAFIT<\/h2>\n<p>A 42\u00aa edi\u00e7\u00e3o do ENAFIT est\u00e1 programada para ocorrer entre os dias 13 e 18 de setembro, na cidade de Vit\u00f3ria, no estado do Esp\u00edrito Santo. O local escolhido \u00e9 estrat\u00e9gico, oferecendo infraestrutura adequada para acolher os participantes e facilitar o interc\u00e2mbio de experi\u00eancias entre os auditores de todo o pa\u00eds.<\/p>\n<h2>Expectativas para o Evento<\/h2>\n<p>As expectativas em torno do 42\u00ba ENAFIT s\u00e3o altas. Profissionais da \u00e1rea est\u00e3o ansiosos para participar de pain\u00e9is e palestras que enriquecer\u00e3o seu conhecimento e os preparar\u00e3o para os desafios futuros da auditoria fiscal. Al\u00e9m disso, o evento \u00e9 uma oportunidade para fortalecimento da classe, onde os auditores podem se juntar a colegas de outras regi\u00f5es e compartilhar viv\u00eancias e aprendizados. O conhecimento adquirido no evento poder\u00e1, assim, ser aplicado em suas atividades di\u00e1rias, garantindo uma fiscaliza\u00e7\u00e3o mais eficiente.<\/p>\n<h2>Impacto da Participa\u00e7\u00e3o dos Auditores<\/h2>\n<p>A presen\u00e7a ativa dos auditores-fiscais no ENAFIT \u00e9 fundamental n\u00e3o apenas para o enriquecimento da categoria, mas tamb\u00e9m para a sociedade como um todo. Profissionais bem informados e capacitados s\u00e3o capazes de realizar uma fiscaliza\u00e7\u00e3o mais eficaz, contribuindo para a promo\u00e7\u00e3o de um mercado de trabalho mais justo e seguro, beneficiando todos os cidad\u00e3os e trabalhadores brasileiros.<\/p>\n<h2>Desafios da Inspe\u00e7\u00e3o do Trabalho<\/h2>\n<p>Apesar dos esfor\u00e7os cont\u00ednuos e do comprometimento dos auditores-fiscais, a inspe\u00e7\u00e3o do trabalho enfrenta diversos desafios, como:<\/p>\n<ul>\n<li><strong>Falta de recursos:<\/strong> a escassez de profissionais e equipamentos pode limitar a efic\u00e1cia das a\u00e7\u00f5es de fiscaliza\u00e7\u00e3o.<\/li>\n<li><strong>Resist\u00eancia de alguns setores:<\/strong> a cultura de cumprimento das leis trabalhistas ainda precisa ser fortalecida em muitos ambientes de trabalho.<\/li>\n<li><strong>A evolu\u00e7\u00e3o constante do mercado:<\/strong> as novas formas de trabalho, como o home office e a economia gig, trazem desafios \u00fanicos que precisam ser abordados.<\/li>\n<\/ul>\n<p>Superar esses desafios \u00e9 essencial para garantir a qualidade e a efic\u00e1cia da opera\u00e7\u00e3o de fiscaliza\u00e7\u00e3o no Brasil.<\/p>\n<h2>Como Participar do ENAFIT<\/h2>\n<p>Os interessados em participar do 42\u00ba ENAFIT devem se inscrever previamente, observando os prazos estipulados. As inscri\u00e7\u00f5es podem ser realizadas atrav\u00e9s do site oficial do evento. Al\u00e9m de audi\u00eancias e discuss\u00f5es, a participa\u00e7\u00e3o no evento permite aos auditores-fiscais obter certificados que podem contribuir significativamente para seu desenvolvimento profissional.<\/p>\n","protected":false},"excerpt":{"rendered":"<p>SINAIT convida ministro do Trabalho para participar do importante evento ENAFIT em Vit\u00f3ria (ES).<\/p>\n","protected":false},"author":1,"featured_media":8617,"comment_status":"open","ping_status":"open","sticky":false,"template":"","format":"standard","meta":{"footnotes":""},"categories":[897],"tags":[],"class_list":["post-8618","post","type-post","status-publish","format-standard","has-post-thumbnail","hentry","category-eventos","has_thumb"],"yoast_head":"<!-- This site is optimized with the Yoast SEO plugin v27.9 - https:\/\/yoast.com\/product\/yoast-seo-wordpress\/ -->\n<title>SINAIT convida ministro do Trabalho para participar do 42\u00ba ENAFIT, em Vit\u00f3ria (ES) | Guia Comercial de Vit\u00f3ria ES<\/title>\n<meta name=\"robots\" content=\"index, follow, max-snippet:-1, max-image-preview:large, max-video-preview:-1\" \/>\n<link rel=\"canonical\" href=\"https:\/\/www.encontravitoria.com.br\/guia\/sinait-convida-ministro-do-trabalho-para-participar-do-42o-enafit-em-vitoria-es\/\" \/>\n<meta property=\"og:locale\" content=\"pt_BR\" \/>\n<meta property=\"og:type\" content=\"article\" \/>\n<meta property=\"og:title\" content=\"SINAIT convida ministro do Trabalho para participar do 42\u00ba ENAFIT, em Vit\u00f3ria (ES) | Guia Comercial de Vit\u00f3ria ES\" \/>\n<meta property=\"og:description\" content=\"SINAIT convida ministro do Trabalho para participar do importante evento ENAFIT em Vit\u00f3ria (ES).\" \/>\n<meta property=\"og:url\" content=\"https:\/\/www.encontravitoria.com.br\/guia\/sinait-convida-ministro-do-trabalho-para-participar-do-42o-enafit-em-vitoria-es\/\" \/>\n<meta property=\"og:site_name\" content=\"Guia Comercial de Vit\u00f3ria ES\" \/>\n<meta property=\"article:published_time\" content=\"2026-08-26T23:22:39+00:00\" \/>\n<meta property=\"og:image\" content=\"https:\/\/www.encontravitoria.com.br\/guia\/wp-content\/uploads\/2026\/08\/sinait-convida-ministro-do-trabalho-para-participar-do-42-enafit-em-vitoria-es.webp\" \/>\n<meta name=\"author\" content=\"Encontra Vit\u00f3ria\" \/>\n<meta name=\"twitter:card\" content=\"summary_large_image\" \/>\n<meta name=\"twitter:label1\" content=\"Escrito por\" \/>\n\t<meta name=\"twitter:data1\" content=\"Encontra Vit\u00f3ria\" \/>\n\t<meta name=\"twitter:label2\" content=\"Est. tempo de leitura\" \/>\n\t<meta name=\"twitter:data2\" content=\"4 minutos\" \/>\n<script type=\"application\/ld+json\" class=\"yoast-schema-graph\">{\"@context\":\"https:\\\/\\\/schema.org\",\"@graph\":[{\"@type\":\"Article\",\"@id\":\"https:\\\/\\\/www.encontravitoria.com.br\\\/guia\\\/sinait-convida-ministro-do-trabalho-para-participar-do-42o-enafit-em-vitoria-es\\\/#article\",\"isPartOf\":{\"@id\":\"https:\\\/\\\/www.encontravitoria.com.br\\\/guia\\\/sinait-convida-ministro-do-trabalho-para-participar-do-42o-enafit-em-vitoria-es\\\/\"},\"author\":{\"name\":\"Encontra Vit\u00f3ria\",\"@id\":\"https:\\\/\\\/www.encontravitoria.com.br\\\/guia\\\/#\\\/schema\\\/person\\\/e5c86e2a8d5a2a0333f0c44792c74c65\"},\"headline\":\"SINAIT convida ministro do Trabalho para participar do 42\u00ba ENAFIT, em Vit\u00f3ria (ES)\",\"datePublished\":\"2026-08-26T23:22:39+00:00\",\"mainEntityOfPage\":{\"@id\":\"https:\\\/\\\/www.encontravitoria.com.br\\\/guia\\\/sinait-convida-ministro-do-trabalho-para-participar-do-42o-enafit-em-vitoria-es\\\/\"},\"wordCount\":853,\"commentCount\":0,\"image\":{\"@id\":\"https:\\\/\\\/www.encontravitoria.com.br\\\/guia\\\/sinait-convida-ministro-do-trabalho-para-participar-do-42o-enafit-em-vitoria-es\\\/#primaryimage\"},\"thumbnailUrl\":\"https:\\\/\\\/www.encontravitoria.com.br\\\/guia\\\/wp-content\\\/uploads\\\/2026\\\/08\\\/sinait-convida-ministro-do-trabalho-para-participar-do-42-enafit-em-vitoria-es.webp\",\"articleSection\":[\"Eventos Vit\u00f3ria\"],\"inLanguage\":\"pt-BR\",\"potentialAction\":[{\"@type\":\"CommentAction\",\"name\":\"Comment\",\"target\":[\"https:\\\/\\\/www.encontravitoria.com.br\\\/guia\\\/sinait-convida-ministro-do-trabalho-para-participar-do-42o-enafit-em-vitoria-es\\\/#respond\"]}]},{\"@type\":\"WebPage\",\"@id\":\"https:\\\/\\\/www.encontravitoria.com.br\\\/guia\\\/sinait-convida-ministro-do-trabalho-para-participar-do-42o-enafit-em-vitoria-es\\\/\",\"url\":\"https:\\\/\\\/www.encontravitoria.com.br\\\/guia\\\/sinait-convida-ministro-do-trabalho-para-participar-do-42o-enafit-em-vitoria-es\\\/\",\"name\":\"SINAIT convida ministro do Trabalho para participar do 42\u00ba ENAFIT, em Vit\u00f3ria (ES) | Guia Comercial de Vit\u00f3ria ES\",\"isPartOf\":{\"@id\":\"https:\\\/\\\/www.encontravitoria.com.br\\\/guia\\\/#website\"},\"primaryImageOfPage\":{\"@id\":\"https:\\\/\\\/www.encontravitoria.com.br\\\/guia\\\/sinait-convida-ministro-do-trabalho-para-participar-do-42o-enafit-em-vitoria-es\\\/#primaryimage\"},\"image\":{\"@id\":\"https:\\\/\\\/www.encontravitoria.com.br\\\/guia\\\/sinait-convida-ministro-do-trabalho-para-participar-do-42o-enafit-em-vitoria-es\\\/#primaryimage\"},\"thumbnailUrl\":\"https:\\\/\\\/www.encontravitoria.com.br\\\/guia\\\/wp-content\\\/uploads\\\/2026\\\/08\\\/sinait-convida-ministro-do-trabalho-para-participar-do-42-enafit-em-vitoria-es.webp\",\"datePublished\":\"2026-08-26T23:22:39+00:00\",\"author\":{\"@id\":\"https:\\\/\\\/www.encontravitoria.com.br\\\/guia\\\/#\\\/schema\\\/person\\\/e5c86e2a8d5a2a0333f0c44792c74c65\"},\"inLanguage\":\"pt-BR\",\"potentialAction\":[{\"@type\":\"ReadAction\",\"target\":[\"https:\\\/\\\/www.encontravitoria.com.br\\\/guia\\\/sinait-convida-ministro-do-trabalho-para-participar-do-42o-enafit-em-vitoria-es\\\/\"]}]},{\"@type\":\"ImageObject\",\"inLanguage\":\"pt-BR\",\"@id\":\"https:\\\/\\\/www.encontravitoria.com.br\\\/guia\\\/sinait-convida-ministro-do-trabalho-para-participar-do-42o-enafit-em-vitoria-es\\\/#primaryimage\",\"url\":\"https:\\\/\\\/www.encontravitoria.com.br\\\/guia\\\/wp-content\\\/uploads\\\/2026\\\/08\\\/sinait-convida-ministro-do-trabalho-para-participar-do-42-enafit-em-vitoria-es.webp\",\"contentUrl\":\"https:\\\/\\\/www.encontravitoria.com.br\\\/guia\\\/wp-content\\\/uploads\\\/2026\\\/08\\\/sinait-convida-ministro-do-trabalho-para-participar-do-42-enafit-em-vitoria-es.webp\",\"width\":280,\"height\":280,\"caption\":\"SINAIT convida ministro do Trabalho para participar do ENAFIT\"},{\"@type\":\"WebSite\",\"@id\":\"https:\\\/\\\/www.encontravitoria.com.br\\\/guia\\\/#website\",\"url\":\"https:\\\/\\\/www.encontravitoria.com.br\\\/guia\\\/\",\"name\":\"Guia Comercial de Vit\u00f3ria ES\",\"description\":\"ENCONTRA VIT\u00d3RIA - O guia comercial de neg\u00f3cios e empresas, cultura e divers\u00e3o na cidade de Vit\u00f3ria. Feito 100% para voc\u00ea morador!\",\"potentialAction\":[{\"@type\":\"SearchAction\",\"target\":{\"@type\":\"EntryPoint\",\"urlTemplate\":\"https:\\\/\\\/www.encontravitoria.com.br\\\/guia\\\/?s={search_term_string}\"},\"query-input\":{\"@type\":\"PropertyValueSpecification\",\"valueRequired\":true,\"valueName\":\"search_term_string\"}}],\"inLanguage\":\"pt-BR\"},{\"@type\":\"Person\",\"@id\":\"https:\\\/\\\/www.encontravitoria.com.br\\\/guia\\\/#\\\/schema\\\/person\\\/e5c86e2a8d5a2a0333f0c44792c74c65\",\"name\":\"Encontra Vit\u00f3ria\",\"image\":{\"@type\":\"ImageObject\",\"inLanguage\":\"pt-BR\",\"@id\":\"https:\\\/\\\/secure.gravatar.com\\\/avatar\\\/c50c17820bcf322f0a8fd6b110b8c0918141409dc69076470f6fca5fee70a5d4?s=96&d=mm&r=g\",\"url\":\"https:\\\/\\\/secure.gravatar.com\\\/avatar\\\/c50c17820bcf322f0a8fd6b110b8c0918141409dc69076470f6fca5fee70a5d4?s=96&d=mm&r=g\",\"contentUrl\":\"https:\\\/\\\/secure.gravatar.com\\\/avatar\\\/c50c17820bcf322f0a8fd6b110b8c0918141409dc69076470f6fca5fee70a5d4?s=96&d=mm&r=g\",\"caption\":\"Encontra Vit\u00f3ria\"},\"url\":\"https:\\\/\\\/www.encontravitoria.com.br\\\/guia\\\/author\\\/encontravitoria\\\/\"}]}<\/script>\n<!-- \/ Yoast SEO plugin. -->","yoast_head_json":{"title":"SINAIT convida ministro do Trabalho para participar do 42\u00ba ENAFIT, em Vit\u00f3ria (ES) | Guia Comercial de Vit\u00f3ria ES","robots":{"index":"index","follow":"follow","max-snippet":"max-snippet:-1","max-image-preview":"max-image-preview:large","max-video-preview":"max-video-preview:-1"},"canonical":"https:\/\/www.encontravitoria.com.br\/guia\/sinait-convida-ministro-do-trabalho-para-participar-do-42o-enafit-em-vitoria-es\/","og_locale":"pt_BR","og_type":"article","og_title":"SINAIT convida ministro do Trabalho para participar do 42\u00ba ENAFIT, em Vit\u00f3ria (ES) | Guia Comercial de Vit\u00f3ria ES","og_description":"SINAIT convida ministro do Trabalho para participar do importante evento ENAFIT em Vit\u00f3ria (ES).","og_url":"https:\/\/www.encontravitoria.com.br\/guia\/sinait-convida-ministro-do-trabalho-para-participar-do-42o-enafit-em-vitoria-es\/","og_site_name":"Guia Comercial de Vit\u00f3ria ES","article_published_time":"2026-08-26T23:22:39+00:00","og_image":[{"url":"https:\/\/www.encontravitoria.com.br\/guia\/wp-content\/uploads\/2026\/08\/sinait-convida-ministro-do-trabalho-para-participar-do-42-enafit-em-vitoria-es.webp","type":"","width":"","height":""}],"author":"Encontra Vit\u00f3ria","twitter_card":"summary_large_image","twitter_misc":{"Escrito por":"Encontra Vit\u00f3ria","Est. tempo de leitura":"4 minutos"},"schema":{"@context":"https:\/\/schema.org","@graph":[{"@type":"Article","@id":"https:\/\/www.encontravitoria.com.br\/guia\/sinait-convida-ministro-do-trabalho-para-participar-do-42o-enafit-em-vitoria-es\/#article","isPartOf":{"@id":"https:\/\/www.encontravitoria.com.br\/guia\/sinait-convida-ministro-do-trabalho-para-participar-do-42o-enafit-em-vitoria-es\/"},"author":{"name":"Encontra Vit\u00f3ria","@id":"https:\/\/www.encontravitoria.com.br\/guia\/#\/schema\/person\/e5c86e2a8d5a2a0333f0c44792c74c65"},"headline":"SINAIT convida ministro do Trabalho para participar do 42\u00ba ENAFIT, em Vit\u00f3ria (ES)","datePublished":"2026-08-26T23:22:39+00:00","mainEntityOfPage":{"@id":"https:\/\/www.encontravitoria.com.br\/guia\/sinait-convida-ministro-do-trabalho-para-participar-do-42o-enafit-em-vitoria-es\/"},"wordCount":853,"commentCount":0,"image":{"@id":"https:\/\/www.encontravitoria.com.br\/guia\/sinait-convida-ministro-do-trabalho-para-participar-do-42o-enafit-em-vitoria-es\/#primaryimage"},"thumbnailUrl":"https:\/\/www.encontravitoria.com.br\/guia\/wp-content\/uploads\/2026\/08\/sinait-convida-ministro-do-trabalho-para-participar-do-42-enafit-em-vitoria-es.webp","articleSection":["Eventos Vit\u00f3ria"],"inLanguage":"pt-BR","potentialAction":[{"@type":"CommentAction","name":"Comment","target":["https:\/\/www.encontravitoria.com.br\/guia\/sinait-convida-ministro-do-trabalho-para-participar-do-42o-enafit-em-vitoria-es\/#respond"]}]},{"@type":"WebPage","@id":"https:\/\/www.encontravitoria.com.br\/guia\/sinait-convida-ministro-do-trabalho-para-participar-do-42o-enafit-em-vitoria-es\/","url":"https:\/\/www.encontravitoria.com.br\/guia\/sinait-convida-ministro-do-trabalho-para-participar-do-42o-enafit-em-vitoria-es\/","name":"SINAIT convida ministro do Trabalho para participar do 42\u00ba ENAFIT, em Vit\u00f3ria (ES) | Guia Comercial de Vit\u00f3ria ES","isPartOf":{"@id":"https:\/\/www.encontravitoria.com.br\/guia\/#website"},"primaryImageOfPage":{"@id":"https:\/\/www.encontravitoria.com.br\/guia\/sinait-convida-ministro-do-trabalho-para-participar-do-42o-enafit-em-vitoria-es\/#primaryimage"},"image":{"@id":"https:\/\/www.encontravitoria.com.br\/guia\/sinait-convida-ministro-do-trabalho-para-participar-do-42o-enafit-em-vitoria-es\/#primaryimage"},"thumbnailUrl":"https:\/\/www.encontravitoria.com.br\/guia\/wp-content\/uploads\/2026\/08\/sinait-convida-ministro-do-trabalho-para-participar-do-42-enafit-em-vitoria-es.webp","datePublished":"2026-08-26T23:22:39+00:00","author":{"@id":"https:\/\/www.encontravitoria.com.br\/guia\/#\/schema\/person\/e5c86e2a8d5a2a0333f0c44792c74c65"},"inLanguage":"pt-BR","potentialAction":[{"@type":"ReadAction","target":["https:\/\/www.encontravitoria.com.br\/guia\/sinait-convida-ministro-do-trabalho-para-participar-do-42o-enafit-em-vitoria-es\/"]}]},{"@type":"ImageObject","inLanguage":"pt-BR","@id":"https:\/\/www.encontravitoria.com.br\/guia\/sinait-convida-ministro-do-trabalho-para-participar-do-42o-enafit-em-vitoria-es\/#primaryimage","url":"https:\/\/www.encontravitoria.com.br\/guia\/wp-content\/uploads\/2026\/08\/sinait-convida-ministro-do-trabalho-para-participar-do-42-enafit-em-vitoria-es.webp","contentUrl":"https:\/\/www.encontravitoria.com.br\/guia\/wp-content\/uploads\/2026\/08\/sinait-convida-ministro-do-trabalho-para-participar-do-42-enafit-em-vitoria-es.webp","width":280,"height":280,"caption":"SINAIT convida ministro do Trabalho para participar do ENAFIT"},{"@type":"WebSite","@id":"https:\/\/www.encontravitoria.com.br\/guia\/#website","url":"https:\/\/www.encontravitoria.com.br\/guia\/","name":"Guia Comercial de Vit\u00f3ria ES","description":"ENCONTRA VIT\u00d3RIA - O guia comercial de neg\u00f3cios e empresas, cultura e divers\u00e3o na cidade de Vit\u00f3ria. Feito 100% para voc\u00ea morador!","potentialAction":[{"@type":"SearchAction","target":{"@type":"EntryPoint","urlTemplate":"https:\/\/www.encontravitoria.com.br\/guia\/?s={search_term_string}"},"query-input":{"@type":"PropertyValueSpecification","valueRequired":true,"valueName":"search_term_string"}}],"inLanguage":"pt-BR"},{"@type":"Person","@id":"https:\/\/www.encontravitoria.com.br\/guia\/#\/schema\/person\/e5c86e2a8d5a2a0333f0c44792c74c65","name":"Encontra Vit\u00f3ria","image":{"@type":"ImageObject","inLanguage":"pt-BR","@id":"https:\/\/secure.gravatar.com\/avatar\/c50c17820bcf322f0a8fd6b110b8c0918141409dc69076470f6fca5fee70a5d4?s=96&d=mm&r=g","url":"https:\/\/secure.gravatar.com\/avatar\/c50c17820bcf322f0a8fd6b110b8c0918141409dc69076470f6fca5fee70a5d4?s=96&d=mm&r=g","contentUrl":"https:\/\/secure.gravatar.com\/avatar\/c50c17820bcf322f0a8fd6b110b8c0918141409dc69076470f6fca5fee70a5d4?s=96&d=mm&r=g","caption":"Encontra Vit\u00f3ria"},"url":"https:\/\/www.encontravitoria.com.br\/guia\/author\/encontravitoria\/"}]}},"_links":{"self":[{"href":"https:\/\/www.encontravitoria.com.br\/guia\/wp-json\/wp\/v2\/posts\/8618","targetHints":{"allow":["GET"]}}],"collection":[{"href":"https:\/\/www.encontravitoria.com.br\/guia\/wp-json\/wp\/v2\/posts"}],"about":[{"href":"https:\/\/www.encontravitoria.com.br\/guia\/wp-json\/wp\/v2\/types\/post"}],"author":[{"embeddable":true,"href":"https:\/\/www.encontravitoria.com.br\/guia\/wp-json\/wp\/v2\/users\/1"}],"replies":[{"embeddable":true,"href":"https:\/\/www.encontravitoria.com.br\/guia\/wp-json\/wp\/v2\/comments?post=8618"}],"version-history":[{"count":0,"href":"https:\/\/www.encontravitoria.com.br\/guia\/wp-json\/wp\/v2\/posts\/8618\/revisions"}],"wp:featuredmedia":[{"embeddable":true,"href":"https:\/\/www.encontravitoria.com.br\/guia\/wp-json\/wp\/v2\/media\/8617"}],"wp:attachment":[{"href":"https:\/\/www.encontravitoria.com.br\/guia\/wp-json\/wp\/v2\/media?parent=8618"}],"wp:term":[{"taxonomy":"category","embeddable":true,"href":"https:\/\/www.encontravitoria.com.br\/guia\/wp-json\/wp\/v2\/categories?post=8618"},{"taxonomy":"post_tag","embeddable":true,"href":"https:\/\/www.encontravitoria.com.br\/guia\/wp-json\/wp\/v2\/tags?post=8618"}],"curies":[{"name":"wp","href":"https:\/\/api.w.org\/{rel}","templated":true}]}}