{"id":8632,"date":"2026-08-28T08:02:58","date_gmt":"2026-08-28T11:02:58","guid":{"rendered":"https:\/\/www.encontravitoria.com.br\/guia\/vitoria-sedia-3o-encontro-de-gestores-municipais-de-cultura-do-espirito-santo\/"},"modified":"2026-08-28T08:02:58","modified_gmt":"2026-08-28T11:02:58","slug":"vitoria-sedia-3o-encontro-de-gestores-municipais-de-cultura-do-espirito-santo","status":"publish","type":"post","link":"https:\/\/www.encontravitoria.com.br\/guia\/vitoria-sedia-3o-encontro-de-gestores-municipais-de-cultura-do-espirito-santo\/","title":{"rendered":"Vit\u00f3ria sedia 3\u00ba Encontro de Gestores Municipais de Cultura do Esp\u00edrito Santo"},"content":{"rendered":"<h2>In\u00edcio do Encontro com o Grupo Estripolia<\/h2>\n<p>O <strong>3\u00ba Encontro de Gestores Municipais de Cultura<\/strong> do Esp\u00edrito Santo teve seu in\u00edcio marcada por uma apresenta\u00e7\u00e3o vibrante do <strong>Grupo Estripolia<\/strong>, conhecido por seu trabalho inovador no campo do entretenimento cultural voltado para o p\u00fablico infantojuvenil. Essa abertura procurou cativar os participantes, mostrando a riqueza e a diversidade cultural que caracterizam o estado. O evento, realizado no <strong>Teatro do Sesi<\/strong>, foi projetado para criar um ambiente acolhedor, ideal para fomentar interc\u00e2mbios profissionais.<\/p>\n<h2>Breves Apresenta\u00e7\u00f5es Culturais no Evento<\/h2>\n<p>Ap\u00f3s a acolhedora apresenta\u00e7\u00e3o inicial, os participantes foram deleitados por uma sequ\u00eancia de manifesta\u00e7\u00f5es art\u00edsticas que refletiram a cultura capixaba. Uma apresenta\u00e7\u00e3o da <strong>Banda de Congo Beatos de S\u00e3o Benedito<\/strong> destacou as tradi\u00e7\u00f5es e a for\u00e7a das ra\u00edzes locais, conectando os gestores com as express\u00f5es culturais que eles representam e administram. Essas apresenta\u00e7\u00f5es ajudaram a contextualizar a import\u00e2ncia da cultura na identidade dos munic\u00edpios capixabas.<\/p>\n<h2>Painel sobre Sistema Nacional de Cultura<\/h2>\n<p>A programa\u00e7\u00e3o do evento incluiu um painel instrutivo intitulado <strong>&#8220;Sistema Nacional de Cultura (SNC) e Plano Municipal de Cultura (PMC)&#8221;<\/strong>, que contou com a participa\u00e7\u00e3o de especialistas renomados na \u00e1rea. Charles William Vieira Vianna, coordenador do SNC, discutiu as diretrizes nacionais para a cultura, enquanto Renata Weixter, presidente de honra do Forcult-ES, compartilhou experi\u00eancias e insights de sua atua\u00e7\u00e3o. A media\u00e7\u00e3o ficou a cargo de Wanya Mayh\u00e9, secretaria executiva do <strong>Fundo Municipal de Cultura de Vit\u00f3ria (FunCultura)<\/strong>, que facilitou um di\u00e1logo construtivo sobre a integra\u00e7\u00e3o entre as pol\u00edticas culturais federal e municipal.<\/p>\n<p><img decoding=\"async\" src=\"https:\/\/www.encontravitoria.com.br\/guia\/wp-content\/uploads\/2026\/08\/vitoria-sedia-3-encontro-de-gestores-municipais-de-cultura-do-espirito-santo.webp\" alt=\"Encontro de Gestores Municipais de Cultura\" loading=\"lazy\" \/><\/p>\n<h2>Discuss\u00e3o sobre Marco Regulat\u00f3rio do Fomento<\/h2>\n<p>O pr\u00f3ximo t\u00f3pico trouxe \u00e0 tona o <strong>Marco Regulat\u00f3rio do Fomento \u00e0 Cultura<\/strong>, fruto da Lei Federal n\u00ba 14.903\/2024. Thiago Rocha, secret\u00e1rio de fomento e incentivo \u00e0 cultura do Minist\u00e9rio da Cultura (MinC), foi um dos principais palestrantes, elucidando as novas diretrizes que visam aumentar o apoio governamental ao setor cultural. Ronald Rodrigues, vice-presidente do Forcult-ES, moderou a discuss\u00e3o, promovendo uma intera\u00e7\u00e3o que permitiu aos gestores exporem seus desafios e expectativas em rela\u00e7\u00e3o ao marco regulat\u00f3rio.<\/p>\n<h2>Caf\u00e9 Cultural Capixaba com Iguarias Regionais<\/h2>\n<p>Um momento de descontra\u00e7\u00e3o e conex\u00e3o foi oferecido atrav\u00e9s do <strong>Caf\u00e9 Cultural Capixaba<\/strong>, onde os participantes puderam experimentar iguarias regionais que revelam a riqueza da culin\u00e1ria local. Esse intervalo n\u00e3o s\u00f3 proporcionou uma pausa, mas tamb\u00e9m encorajou a troca de experi\u00eancias e o fortalecimento de la\u00e7os entre os profissionais da cultura presentes, refor\u00e7ando a ideia de que a cultura se expressa de diversas formas, inclusive atrav\u00e9s da gastronomia.<\/p>\n<h2>Debate sobre Pol\u00edticas P\u00fablicas de Cultura<\/h2>\n<p>O evento avan\u00e7ou para um debate substantivo sobre as <strong>Pol\u00edticas P\u00fablicas e Programas<\/strong>, com \u00eanfase nas iniciativas como a Pol\u00edtica Nacional Aldir Blanc e Cultura Viva. Nieve Matos da Silva e Elizabete Ferreira Gomes de Oliveira, ambas do Escrit\u00f3rio Estadual do MinC no Esp\u00edrito Santo, abordaram os desafios e as perspectivas dessas pol\u00edticas. A media\u00e7\u00e3o foi realizada por Aline Lima, que ajudou a estruturar um di\u00e1logo produtivo, possibilitando que gestores compartilhassem suas realidades e vis\u00f5es sobre o futuro da cultura em seus munic\u00edpios.<\/p>\n<h2>Inser\u00e7\u00e3o da Arte Local na Gest\u00e3o Cultural<\/h2>\n<p>Um dos focos centrais do encontro foi discutir a forte inser\u00e7\u00e3o da <strong>Arte Local<\/strong> na gest\u00e3o cultural. A import\u00e2ncia de valorizar os artistas locais e suas produ\u00e7\u00f5es foi destacada por v\u00e1rios participantes, refletindo uma demanda crescente por um consumo cultural mais consciente e pr\u00f3ximo da realidade capixaba. Essa atividade serviu para reafirmar o compromisso dos gestores em trabalhar com e para a comunidade, fomentando um ambiente que celebre a produ\u00e7\u00e3o cultural local.<\/p>\n<h2>Experi\u00eancias de Troca entre Gestores<\/h2>\n<p>Momento importante do encontro foi destinado \u00e0 <strong>troca de experi\u00eancias<\/strong> entre os gestores culturais. Esta intera\u00e7\u00e3o revelou pr\u00e1ticas exitosas e os desafios enfrentados em cada munic\u00edpio. Os relatos foram enriquecedores, permitindo que aprendizados se transformassem em estrat\u00e9gias que poderiam ser replicadas. A constru\u00e7\u00e3o coletiva de solu\u00e7\u00f5es foi um dos resultados mais significativos desse interc\u00e2mbio.<\/p>\n<h2>Objetivos do Encontro e Proje\u00e7\u00f5es Futuras<\/h2>\n<p>Os objetivos tra\u00e7ados para o evento foram claros: fortalecer o di\u00e1logo institucional na \u00e1rea da cultura, discutir diretrizes e fomentar um esp\u00edrito colaborativo entre os gestores. V\u00e1rios encontros futuros foram sugeridos, com o intuito de manter a continuidade das discuss\u00f5es e aprofundar parcerias. A perspectiva \u00e9 que esses eventos se tornem uma pr\u00e1tica regular, essencial para o desenvolvimento cultural nos munic\u00edpios.<\/p>\n<h2>Import\u00e2ncia da Cultura na Identidade Capixaba<\/h2>\n<p>A cultura n\u00e3o \u00e9 apenas um reflexo das tradi\u00e7\u00f5es, mas tamb\u00e9m uma ferramenta poderosa para a constru\u00e7\u00e3o da identidade coletiva. Durante o encontro, ficou evidente que a valoriza\u00e7\u00e3o da cultura capixaba \u00e9 fundamental para o fortalecimento do sentimento de pertencimento e da coes\u00e3o social. Ao final do evento, os gestores consolidaram um compromisso coletivo com a cultura e com a promo\u00e7\u00e3o das artes locais, reconhecendo sua import\u00e2ncia indiscut\u00edvel na forma\u00e7\u00e3o da identidade capixaba.<\/p>\n","protected":false},"excerpt":{"rendered":"<p>Vit\u00f3ria acolhe o 3\u00ba Encontro de Gestores Municipais de Cultura do Esp\u00edrito Santo.<\/p>\n","protected":false},"author":1,"featured_media":8631,"comment_status":"open","ping_status":"open","sticky":false,"template":"","format":"standard","meta":{"footnotes":""},"categories":[897],"tags":[],"class_list":["post-8632","post","type-post","status-publish","format-standard","has-post-thumbnail","hentry","category-eventos","has_thumb"],"yoast_head":"<!-- This site is optimized with the Yoast SEO plugin v27.9 - https:\/\/yoast.com\/product\/yoast-seo-wordpress\/ -->\n<title>Vit\u00f3ria sedia 3\u00ba Encontro de Gestores Municipais de Cultura do Esp\u00edrito Santo | Guia Comercial de Vit\u00f3ria ES<\/title>\n<meta name=\"robots\" content=\"index, follow, max-snippet:-1, max-image-preview:large, max-video-preview:-1\" \/>\n<link rel=\"canonical\" href=\"https:\/\/www.encontravitoria.com.br\/guia\/vitoria-sedia-3o-encontro-de-gestores-municipais-de-cultura-do-espirito-santo\/\" \/>\n<meta property=\"og:locale\" content=\"pt_BR\" \/>\n<meta property=\"og:type\" content=\"article\" \/>\n<meta property=\"og:title\" content=\"Vit\u00f3ria sedia 3\u00ba Encontro de Gestores Municipais de Cultura do Esp\u00edrito Santo | Guia Comercial de Vit\u00f3ria ES\" \/>\n<meta property=\"og:description\" content=\"Vit\u00f3ria acolhe o 3\u00ba Encontro de Gestores Municipais de Cultura do Esp\u00edrito Santo.\" \/>\n<meta property=\"og:url\" content=\"https:\/\/www.encontravitoria.com.br\/guia\/vitoria-sedia-3o-encontro-de-gestores-municipais-de-cultura-do-espirito-santo\/\" \/>\n<meta property=\"og:site_name\" content=\"Guia Comercial de Vit\u00f3ria ES\" \/>\n<meta property=\"article:published_time\" content=\"2026-08-28T11:02:58+00:00\" \/>\n<meta property=\"og:image\" content=\"https:\/\/www.encontravitoria.com.br\/guia\/wp-content\/uploads\/2026\/08\/vitoria-sedia-3-encontro-de-gestores-municipais-de-cultura-do-espirito-santo.webp\" \/>\n<meta name=\"author\" content=\"Encontra Vit\u00f3ria\" \/>\n<meta name=\"twitter:card\" content=\"summary_large_image\" \/>\n<meta name=\"twitter:label1\" content=\"Escrito por\" \/>\n\t<meta name=\"twitter:data1\" content=\"Encontra Vit\u00f3ria\" \/>\n\t<meta name=\"twitter:label2\" content=\"Est. tempo de leitura\" \/>\n\t<meta name=\"twitter:data2\" content=\"4 minutos\" \/>\n<script type=\"application\/ld+json\" class=\"yoast-schema-graph\">{\"@context\":\"https:\\\/\\\/schema.org\",\"@graph\":[{\"@type\":\"Article\",\"@id\":\"https:\\\/\\\/www.encontravitoria.com.br\\\/guia\\\/vitoria-sedia-3o-encontro-de-gestores-municipais-de-cultura-do-espirito-santo\\\/#article\",\"isPartOf\":{\"@id\":\"https:\\\/\\\/www.encontravitoria.com.br\\\/guia\\\/vitoria-sedia-3o-encontro-de-gestores-municipais-de-cultura-do-espirito-santo\\\/\"},\"author\":{\"name\":\"Encontra Vit\u00f3ria\",\"@id\":\"https:\\\/\\\/www.encontravitoria.com.br\\\/guia\\\/#\\\/schema\\\/person\\\/e5c86e2a8d5a2a0333f0c44792c74c65\"},\"headline\":\"Vit\u00f3ria sedia 3\u00ba Encontro de Gestores Municipais de Cultura do Esp\u00edrito Santo\",\"datePublished\":\"2026-08-28T11:02:58+00:00\",\"mainEntityOfPage\":{\"@id\":\"https:\\\/\\\/www.encontravitoria.com.br\\\/guia\\\/vitoria-sedia-3o-encontro-de-gestores-municipais-de-cultura-do-espirito-santo\\\/\"},\"wordCount\":882,\"commentCount\":0,\"image\":{\"@id\":\"https:\\\/\\\/www.encontravitoria.com.br\\\/guia\\\/vitoria-sedia-3o-encontro-de-gestores-municipais-de-cultura-do-espirito-santo\\\/#primaryimage\"},\"thumbnailUrl\":\"https:\\\/\\\/www.encontravitoria.com.br\\\/guia\\\/wp-content\\\/uploads\\\/2026\\\/08\\\/vitoria-sedia-3-encontro-de-gestores-municipais-de-cultura-do-espirito-santo.webp\",\"articleSection\":[\"Eventos Vit\u00f3ria\"],\"inLanguage\":\"pt-BR\",\"potentialAction\":[{\"@type\":\"CommentAction\",\"name\":\"Comment\",\"target\":[\"https:\\\/\\\/www.encontravitoria.com.br\\\/guia\\\/vitoria-sedia-3o-encontro-de-gestores-municipais-de-cultura-do-espirito-santo\\\/#respond\"]}]},{\"@type\":\"WebPage\",\"@id\":\"https:\\\/\\\/www.encontravitoria.com.br\\\/guia\\\/vitoria-sedia-3o-encontro-de-gestores-municipais-de-cultura-do-espirito-santo\\\/\",\"url\":\"https:\\\/\\\/www.encontravitoria.com.br\\\/guia\\\/vitoria-sedia-3o-encontro-de-gestores-municipais-de-cultura-do-espirito-santo\\\/\",\"name\":\"Vit\u00f3ria sedia 3\u00ba Encontro de Gestores Municipais de Cultura do Esp\u00edrito Santo | Guia Comercial de Vit\u00f3ria ES\",\"isPartOf\":{\"@id\":\"https:\\\/\\\/www.encontravitoria.com.br\\\/guia\\\/#website\"},\"primaryImageOfPage\":{\"@id\":\"https:\\\/\\\/www.encontravitoria.com.br\\\/guia\\\/vitoria-sedia-3o-encontro-de-gestores-municipais-de-cultura-do-espirito-santo\\\/#primaryimage\"},\"image\":{\"@id\":\"https:\\\/\\\/www.encontravitoria.com.br\\\/guia\\\/vitoria-sedia-3o-encontro-de-gestores-municipais-de-cultura-do-espirito-santo\\\/#primaryimage\"},\"thumbnailUrl\":\"https:\\\/\\\/www.encontravitoria.com.br\\\/guia\\\/wp-content\\\/uploads\\\/2026\\\/08\\\/vitoria-sedia-3-encontro-de-gestores-municipais-de-cultura-do-espirito-santo.webp\",\"datePublished\":\"2026-08-28T11:02:58+00:00\",\"author\":{\"@id\":\"https:\\\/\\\/www.encontravitoria.com.br\\\/guia\\\/#\\\/schema\\\/person\\\/e5c86e2a8d5a2a0333f0c44792c74c65\"},\"inLanguage\":\"pt-BR\",\"potentialAction\":[{\"@type\":\"ReadAction\",\"target\":[\"https:\\\/\\\/www.encontravitoria.com.br\\\/guia\\\/vitoria-sedia-3o-encontro-de-gestores-municipais-de-cultura-do-espirito-santo\\\/\"]}]},{\"@type\":\"ImageObject\",\"inLanguage\":\"pt-BR\",\"@id\":\"https:\\\/\\\/www.encontravitoria.com.br\\\/guia\\\/vitoria-sedia-3o-encontro-de-gestores-municipais-de-cultura-do-espirito-santo\\\/#primaryimage\",\"url\":\"https:\\\/\\\/www.encontravitoria.com.br\\\/guia\\\/wp-content\\\/uploads\\\/2026\\\/08\\\/vitoria-sedia-3-encontro-de-gestores-municipais-de-cultura-do-espirito-santo.webp\",\"contentUrl\":\"https:\\\/\\\/www.encontravitoria.com.br\\\/guia\\\/wp-content\\\/uploads\\\/2026\\\/08\\\/vitoria-sedia-3-encontro-de-gestores-municipais-de-cultura-do-espirito-santo.webp\",\"width\":280,\"height\":280,\"caption\":\"Encontro de Gestores Municipais de Cultura\"},{\"@type\":\"WebSite\",\"@id\":\"https:\\\/\\\/www.encontravitoria.com.br\\\/guia\\\/#website\",\"url\":\"https:\\\/\\\/www.encontravitoria.com.br\\\/guia\\\/\",\"name\":\"Guia Comercial de Vit\u00f3ria ES\",\"description\":\"ENCONTRA VIT\u00d3RIA - O guia comercial de neg\u00f3cios e empresas, cultura e divers\u00e3o na cidade de Vit\u00f3ria. Feito 100% para voc\u00ea morador!\",\"potentialAction\":[{\"@type\":\"SearchAction\",\"target\":{\"@type\":\"EntryPoint\",\"urlTemplate\":\"https:\\\/\\\/www.encontravitoria.com.br\\\/guia\\\/?s={search_term_string}\"},\"query-input\":{\"@type\":\"PropertyValueSpecification\",\"valueRequired\":true,\"valueName\":\"search_term_string\"}}],\"inLanguage\":\"pt-BR\"},{\"@type\":\"Person\",\"@id\":\"https:\\\/\\\/www.encontravitoria.com.br\\\/guia\\\/#\\\/schema\\\/person\\\/e5c86e2a8d5a2a0333f0c44792c74c65\",\"name\":\"Encontra Vit\u00f3ria\",\"image\":{\"@type\":\"ImageObject\",\"inLanguage\":\"pt-BR\",\"@id\":\"https:\\\/\\\/secure.gravatar.com\\\/avatar\\\/c50c17820bcf322f0a8fd6b110b8c0918141409dc69076470f6fca5fee70a5d4?s=96&d=mm&r=g\",\"url\":\"https:\\\/\\\/secure.gravatar.com\\\/avatar\\\/c50c17820bcf322f0a8fd6b110b8c0918141409dc69076470f6fca5fee70a5d4?s=96&d=mm&r=g\",\"contentUrl\":\"https:\\\/\\\/secure.gravatar.com\\\/avatar\\\/c50c17820bcf322f0a8fd6b110b8c0918141409dc69076470f6fca5fee70a5d4?s=96&d=mm&r=g\",\"caption\":\"Encontra Vit\u00f3ria\"},\"url\":\"https:\\\/\\\/www.encontravitoria.com.br\\\/guia\\\/author\\\/encontravitoria\\\/\"}]}<\/script>\n<!-- \/ Yoast SEO plugin. -->","yoast_head_json":{"title":"Vit\u00f3ria sedia 3\u00ba Encontro de Gestores Municipais de Cultura do Esp\u00edrito Santo | Guia Comercial de Vit\u00f3ria ES","robots":{"index":"index","follow":"follow","max-snippet":"max-snippet:-1","max-image-preview":"max-image-preview:large","max-video-preview":"max-video-preview:-1"},"canonical":"https:\/\/www.encontravitoria.com.br\/guia\/vitoria-sedia-3o-encontro-de-gestores-municipais-de-cultura-do-espirito-santo\/","og_locale":"pt_BR","og_type":"article","og_title":"Vit\u00f3ria sedia 3\u00ba Encontro de Gestores Municipais de Cultura do Esp\u00edrito Santo | Guia Comercial de Vit\u00f3ria ES","og_description":"Vit\u00f3ria acolhe o 3\u00ba Encontro de Gestores Municipais de Cultura do Esp\u00edrito Santo.","og_url":"https:\/\/www.encontravitoria.com.br\/guia\/vitoria-sedia-3o-encontro-de-gestores-municipais-de-cultura-do-espirito-santo\/","og_site_name":"Guia Comercial de Vit\u00f3ria ES","article_published_time":"2026-08-28T11:02:58+00:00","og_image":[{"url":"https:\/\/www.encontravitoria.com.br\/guia\/wp-content\/uploads\/2026\/08\/vitoria-sedia-3-encontro-de-gestores-municipais-de-cultura-do-espirito-santo.webp","type":"","width":"","height":""}],"author":"Encontra Vit\u00f3ria","twitter_card":"summary_large_image","twitter_misc":{"Escrito por":"Encontra Vit\u00f3ria","Est. tempo de leitura":"4 minutos"},"schema":{"@context":"https:\/\/schema.org","@graph":[{"@type":"Article","@id":"https:\/\/www.encontravitoria.com.br\/guia\/vitoria-sedia-3o-encontro-de-gestores-municipais-de-cultura-do-espirito-santo\/#article","isPartOf":{"@id":"https:\/\/www.encontravitoria.com.br\/guia\/vitoria-sedia-3o-encontro-de-gestores-municipais-de-cultura-do-espirito-santo\/"},"author":{"name":"Encontra Vit\u00f3ria","@id":"https:\/\/www.encontravitoria.com.br\/guia\/#\/schema\/person\/e5c86e2a8d5a2a0333f0c44792c74c65"},"headline":"Vit\u00f3ria sedia 3\u00ba Encontro de Gestores Municipais de Cultura do Esp\u00edrito Santo","datePublished":"2026-08-28T11:02:58+00:00","mainEntityOfPage":{"@id":"https:\/\/www.encontravitoria.com.br\/guia\/vitoria-sedia-3o-encontro-de-gestores-municipais-de-cultura-do-espirito-santo\/"},"wordCount":882,"commentCount":0,"image":{"@id":"https:\/\/www.encontravitoria.com.br\/guia\/vitoria-sedia-3o-encontro-de-gestores-municipais-de-cultura-do-espirito-santo\/#primaryimage"},"thumbnailUrl":"https:\/\/www.encontravitoria.com.br\/guia\/wp-content\/uploads\/2026\/08\/vitoria-sedia-3-encontro-de-gestores-municipais-de-cultura-do-espirito-santo.webp","articleSection":["Eventos Vit\u00f3ria"],"inLanguage":"pt-BR","potentialAction":[{"@type":"CommentAction","name":"Comment","target":["https:\/\/www.encontravitoria.com.br\/guia\/vitoria-sedia-3o-encontro-de-gestores-municipais-de-cultura-do-espirito-santo\/#respond"]}]},{"@type":"WebPage","@id":"https:\/\/www.encontravitoria.com.br\/guia\/vitoria-sedia-3o-encontro-de-gestores-municipais-de-cultura-do-espirito-santo\/","url":"https:\/\/www.encontravitoria.com.br\/guia\/vitoria-sedia-3o-encontro-de-gestores-municipais-de-cultura-do-espirito-santo\/","name":"Vit\u00f3ria sedia 3\u00ba Encontro de Gestores Municipais de Cultura do Esp\u00edrito Santo | Guia Comercial de Vit\u00f3ria ES","isPartOf":{"@id":"https:\/\/www.encontravitoria.com.br\/guia\/#website"},"primaryImageOfPage":{"@id":"https:\/\/www.encontravitoria.com.br\/guia\/vitoria-sedia-3o-encontro-de-gestores-municipais-de-cultura-do-espirito-santo\/#primaryimage"},"image":{"@id":"https:\/\/www.encontravitoria.com.br\/guia\/vitoria-sedia-3o-encontro-de-gestores-municipais-de-cultura-do-espirito-santo\/#primaryimage"},"thumbnailUrl":"https:\/\/www.encontravitoria.com.br\/guia\/wp-content\/uploads\/2026\/08\/vitoria-sedia-3-encontro-de-gestores-municipais-de-cultura-do-espirito-santo.webp","datePublished":"2026-08-28T11:02:58+00:00","author":{"@id":"https:\/\/www.encontravitoria.com.br\/guia\/#\/schema\/person\/e5c86e2a8d5a2a0333f0c44792c74c65"},"inLanguage":"pt-BR","potentialAction":[{"@type":"ReadAction","target":["https:\/\/www.encontravitoria.com.br\/guia\/vitoria-sedia-3o-encontro-de-gestores-municipais-de-cultura-do-espirito-santo\/"]}]},{"@type":"ImageObject","inLanguage":"pt-BR","@id":"https:\/\/www.encontravitoria.com.br\/guia\/vitoria-sedia-3o-encontro-de-gestores-municipais-de-cultura-do-espirito-santo\/#primaryimage","url":"https:\/\/www.encontravitoria.com.br\/guia\/wp-content\/uploads\/2026\/08\/vitoria-sedia-3-encontro-de-gestores-municipais-de-cultura-do-espirito-santo.webp","contentUrl":"https:\/\/www.encontravitoria.com.br\/guia\/wp-content\/uploads\/2026\/08\/vitoria-sedia-3-encontro-de-gestores-municipais-de-cultura-do-espirito-santo.webp","width":280,"height":280,"caption":"Encontro de Gestores Municipais de Cultura"},{"@type":"WebSite","@id":"https:\/\/www.encontravitoria.com.br\/guia\/#website","url":"https:\/\/www.encontravitoria.com.br\/guia\/","name":"Guia Comercial de Vit\u00f3ria ES","description":"ENCONTRA VIT\u00d3RIA - O guia comercial de neg\u00f3cios e empresas, cultura e divers\u00e3o na cidade de Vit\u00f3ria. Feito 100% para voc\u00ea morador!","potentialAction":[{"@type":"SearchAction","target":{"@type":"EntryPoint","urlTemplate":"https:\/\/www.encontravitoria.com.br\/guia\/?s={search_term_string}"},"query-input":{"@type":"PropertyValueSpecification","valueRequired":true,"valueName":"search_term_string"}}],"inLanguage":"pt-BR"},{"@type":"Person","@id":"https:\/\/www.encontravitoria.com.br\/guia\/#\/schema\/person\/e5c86e2a8d5a2a0333f0c44792c74c65","name":"Encontra Vit\u00f3ria","image":{"@type":"ImageObject","inLanguage":"pt-BR","@id":"https:\/\/secure.gravatar.com\/avatar\/c50c17820bcf322f0a8fd6b110b8c0918141409dc69076470f6fca5fee70a5d4?s=96&d=mm&r=g","url":"https:\/\/secure.gravatar.com\/avatar\/c50c17820bcf322f0a8fd6b110b8c0918141409dc69076470f6fca5fee70a5d4?s=96&d=mm&r=g","contentUrl":"https:\/\/secure.gravatar.com\/avatar\/c50c17820bcf322f0a8fd6b110b8c0918141409dc69076470f6fca5fee70a5d4?s=96&d=mm&r=g","caption":"Encontra Vit\u00f3ria"},"url":"https:\/\/www.encontravitoria.com.br\/guia\/author\/encontravitoria\/"}]}},"_links":{"self":[{"href":"https:\/\/www.encontravitoria.com.br\/guia\/wp-json\/wp\/v2\/posts\/8632","targetHints":{"allow":["GET"]}}],"collection":[{"href":"https:\/\/www.encontravitoria.com.br\/guia\/wp-json\/wp\/v2\/posts"}],"about":[{"href":"https:\/\/www.encontravitoria.com.br\/guia\/wp-json\/wp\/v2\/types\/post"}],"author":[{"embeddable":true,"href":"https:\/\/www.encontravitoria.com.br\/guia\/wp-json\/wp\/v2\/users\/1"}],"replies":[{"embeddable":true,"href":"https:\/\/www.encontravitoria.com.br\/guia\/wp-json\/wp\/v2\/comments?post=8632"}],"version-history":[{"count":0,"href":"https:\/\/www.encontravitoria.com.br\/guia\/wp-json\/wp\/v2\/posts\/8632\/revisions"}],"wp:featuredmedia":[{"embeddable":true,"href":"https:\/\/www.encontravitoria.com.br\/guia\/wp-json\/wp\/v2\/media\/8631"}],"wp:attachment":[{"href":"https:\/\/www.encontravitoria.com.br\/guia\/wp-json\/wp\/v2\/media?parent=8632"}],"wp:term":[{"taxonomy":"category","embeddable":true,"href":"https:\/\/www.encontravitoria.com.br\/guia\/wp-json\/wp\/v2\/categories?post=8632"},{"taxonomy":"post_tag","embeddable":true,"href":"https:\/\/www.encontravitoria.com.br\/guia\/wp-json\/wp\/v2\/tags?post=8632"}],"curies":[{"name":"wp","href":"https:\/\/api.w.org\/{rel}","templated":true}]}}