{"id":8644,"date":"2026-08-30T08:37:56","date_gmt":"2026-08-30T11:37:56","guid":{"rendered":"https:\/\/www.encontravitoria.com.br\/guia\/maratona-de-vitoria-confira-as-alteracoes-no-transito-da-capital-no-sabado-29-e-domingo-30\/"},"modified":"2026-08-30T08:37:56","modified_gmt":"2026-08-30T11:37:56","slug":"maratona-de-vitoria-confira-as-alteracoes-no-transito-da-capital-no-sabado-29-e-domingo-30","status":"publish","type":"post","link":"https:\/\/www.encontravitoria.com.br\/guia\/maratona-de-vitoria-confira-as-alteracoes-no-transito-da-capital-no-sabado-29-e-domingo-30\/","title":{"rendered":"Maratona de Vit\u00f3ria: confira as altera\u00e7\u00f5es no tr\u00e2nsito da capital no s\u00e1bado (29) e domingo (30)"},"content":{"rendered":"<h2>Altera\u00e7\u00f5es no Tr\u00e2nsito Durante a Maratona<\/h2>\n<p>A Maratona de Vit\u00f3ria, programada para o pr\u00f3ximo final de semana, trar\u00e1 importantes modifica\u00e7\u00f5es no tr\u00e2nsito da cidade. O evento, que reunir\u00e1 cerca de 9 mil corredores, exigir\u00e1 o fechamento de diversas vias para garantir a seguran\u00e7a dos participantes e a fluidez do tr\u00e1fego. Para evitar inconvenientes, \u00e9 fundamental que motoristas, ciclistas e motociclistas fiquem atentos \u00e0s restri\u00e7\u00f5es e adequa\u00e7\u00f5es nas rotas.<\/p>\n<h2>A Import\u00e2ncia da Maratona para Vit\u00f3ria<\/h2>\n<p>A Maratona de Vit\u00f3ria n\u00e3o \u00e9 apenas uma competi\u00e7\u00e3o de corrida, mas tamb\u00e9m um evento que promove a cidade. A repercuss\u00e3o positiva ajudar\u00e1 a fortalecer o turismo e a economia local, al\u00e9m de incentivar a pr\u00e1tica de atividades f\u00edsicas entre a popula\u00e7\u00e3o. A expectativa \u00e9 que a maratona ajude a destacar Vit\u00f3ria como um polo de eventos esportivos.<\/p>\n<h2>Hor\u00e1rios de Imposi\u00e7\u00e3o das Interdi\u00e7\u00f5es<\/h2>\n<p>As interdi\u00e7\u00f5es no tr\u00e2nsito come\u00e7am na sexta-feira, dia 28, com o bloqueio de algumas ruas \u00e0s 6h. As restri\u00e7\u00f5es se intensificar\u00e3o no s\u00e1bado, dia 29, entre 5h e 8h. Nesse per\u00edodo, certas avenidas, incluindo a Avenida Marechal Mascarenhas de Moraes, ser\u00e3o totalmente fechadas para o tr\u00e2nsito em dire\u00e7\u00e3o a Camburi. No domingo, dia 30, novas locais precisar\u00e3o de aten\u00e7\u00e3o, j\u00e1 que o percurso ser\u00e1 maior e a interdi\u00e7\u00e3o se estender\u00e1 at\u00e9 \u00e0s 11h.<\/p>\n<p><img decoding=\"async\" src=\"https:\/\/www.encontravitoria.com.br\/guia\/wp-content\/uploads\/2026\/08\/maratona-de-vitoria-confira-as-alteracoes-no-transito-da-capital-no-sabado-29-e-domingo-30.webp\" alt=\"Maratona de Vit\u00f3ria\" loading=\"lazy\" \/><\/p>\n<h2>Rotas Alternativas para Motoristas<\/h2>\n<p>Para evitar contratempos, as autoridades recomendam que motoristas utilizem vias alternativas. A Avenida Leit\u00e3o da Silva e a Avenida C\u00e9zar Hilal funcionar\u00e3o como rotas principais durante a maratona. Al\u00e9m disso, os condutores que pretendem acessar \u00e1reas comuns ao percurso da corrida devem estar preparados para mudan\u00e7as de dire\u00e7\u00e3o e membros a partir das 5h. A recomenda\u00e7\u00e3o \u00e9 evitar a beira-mar e optar por trajetos como a Avenida Nossa Senhora da Penha.<\/p>\n<h2>Dicas para Ciclistas Durante a Maratona<\/h2>\n<p>Os ciclistas tamb\u00e9m devem estar atentos ao evento, pois a ciclofaixa estar\u00e1 suspensa durante a maratona. O ideal \u00e9 redobrar a aten\u00e7\u00e3o nas avenidas que compartilhar\u00e3o espa\u00e7o com os corredores. Al\u00e9m disso, os ciclistas s\u00e3o aconselhados a alterarem seus trajetos habituais em favor de vias adjacentes, visando evitar congestionamentos e garantir a seguran\u00e7a.<\/p>\n<h2>Impacto na Mobilidade Urbana<\/h2>\n<p>Logo, as mudan\u00e7as no tr\u00e1fego da cidade podem gerar um impacto significativo na mobilidade urbana. As interdi\u00e7\u00f5es das avenidas centrais poder\u00e3o resultar em congestionamentos, exigindo planejamento pr\u00e9vio por parte dos motoristas. O uso do transporte p\u00fablico ser\u00e1 incentivado durante a maratona, proporcionando uma alternativa para aqueles que n\u00e3o puderem se deslocar de carro. <\/p>\n<h2>Expectativa para o Evento<\/h2>\n<p>A expectativa em torno da maratona \u00e9 alta, n\u00e3o apenas por conta da quantidade de corredores, mas tamb\u00e9m pelo perfil diversificado dos participantes que inclui atletas amadores e profissionais. Isso garantir\u00e1, sem d\u00favida, um espet\u00e1culo cheio de energia nas ruas da cidade. A organiza\u00e7\u00e3o do evento tem realizado um trabalho cuidadoso para que tudo ocorra de forma tranquila.<\/p>\n<h2>Seguran\u00e7a dos Corredores e Vit\u00f3rienses<\/h2>\n<p>Al\u00e9m das modifica\u00e7\u00f5es no tr\u00e1fego, a seguran\u00e7a dos corredores e dos habitantes de Vit\u00f3ria ser\u00e1 uma prioridade. A Guarda Civil Municipal estar\u00e1 presente em pontos estrat\u00e9gicos para auxiliar na fluidez do tr\u00e2nsito e \u00e0 seguran\u00e7a dos participantes. \u00c9 essencial que todos sigam as orienta\u00e7\u00f5es das autoridades para garantir uma experi\u00eancia segura e agrad\u00e1vel.<\/p>\n<h2>Seja Um Volunt\u00e1rio na Maratona<\/h2>\n<p>A maratona oferece uma excelente oportunidade para que a comunidade participe como volunt\u00e1ria, ajudando na organiza\u00e7\u00e3o e no suporte aos corredores. Ser um volunt\u00e1rio no evento \u00e9 uma maneira de se envolver com a cidade e promover uma atmosfera festiva ao redor de um acontecimento esportivo t\u00e3o relevante.<\/p>\n<h2>Oportunidades de Lazer no Fim de Semana<\/h2>\n<p>Para aqueles que estar\u00e3o \u00e0 procura de op\u00e7\u00f5es de lazer durante o fim de semana da maratona, a cidade tem muito a oferecer. A programa\u00e7\u00e3o inclui atividades culturais, m\u00fasicas ao vivo e gastronomia variada nos arredores do evento. Essa \u00e9 uma chance perfeita para desfrutar de momentos de descontra\u00e7\u00e3o enquanto celebra a atividade f\u00edsica e a uni\u00e3o da comunidade.<\/p>\n<p>As altera\u00e7\u00f5es no tr\u00e2nsito durante a Maratona de Vit\u00f3ria representam um passo importante para garantir a seguran\u00e7a e o sucesso do evento. Planejamento e consci\u00eancia na condu\u00e7\u00e3o s\u00e3o fundamentais para que todos possam participar dessa grande festa esportiva da cidade.<\/p>\n","protected":false},"excerpt":{"rendered":"<p>Maratona de Vit\u00f3ria traz altera\u00e7\u00f5es significativas no tr\u00e2nsito em Vit\u00f3ria neste fim de semana.<\/p>\n","protected":false},"author":1,"featured_media":8643,"comment_status":"open","ping_status":"open","sticky":false,"template":"","format":"standard","meta":{"footnotes":""},"categories":[904],"tags":[],"class_list":["post-8644","post","type-post","status-publish","format-standard","has-post-thumbnail","hentry","category-transito","has_thumb"],"yoast_head":"<!-- This site is optimized with the Yoast SEO plugin v27.9 - https:\/\/yoast.com\/product\/yoast-seo-wordpress\/ -->\n<title>Maratona de Vit\u00f3ria: confira as altera\u00e7\u00f5es no tr\u00e2nsito da capital no s\u00e1bado (29) e domingo (30) | Guia Comercial de Vit\u00f3ria ES<\/title>\n<meta name=\"robots\" content=\"index, follow, max-snippet:-1, max-image-preview:large, max-video-preview:-1\" \/>\n<link rel=\"canonical\" href=\"https:\/\/www.encontravitoria.com.br\/guia\/maratona-de-vitoria-confira-as-alteracoes-no-transito-da-capital-no-sabado-29-e-domingo-30\/\" \/>\n<meta property=\"og:locale\" content=\"pt_BR\" \/>\n<meta property=\"og:type\" content=\"article\" \/>\n<meta property=\"og:title\" content=\"Maratona de Vit\u00f3ria: confira as altera\u00e7\u00f5es no tr\u00e2nsito da capital no s\u00e1bado (29) e domingo (30) | Guia Comercial de Vit\u00f3ria ES\" \/>\n<meta property=\"og:description\" content=\"Maratona de Vit\u00f3ria traz altera\u00e7\u00f5es significativas no tr\u00e2nsito em Vit\u00f3ria neste fim de semana.\" \/>\n<meta property=\"og:url\" content=\"https:\/\/www.encontravitoria.com.br\/guia\/maratona-de-vitoria-confira-as-alteracoes-no-transito-da-capital-no-sabado-29-e-domingo-30\/\" \/>\n<meta property=\"og:site_name\" content=\"Guia Comercial de Vit\u00f3ria ES\" \/>\n<meta property=\"article:published_time\" content=\"2026-08-30T11:37:56+00:00\" \/>\n<meta property=\"og:image\" content=\"https:\/\/www.encontravitoria.com.br\/guia\/wp-content\/uploads\/2026\/08\/maratona-de-vitoria-confira-as-alteracoes-no-transito-da-capital-no-sabado-29-e-domingo-30.webp\" \/>\n<meta name=\"author\" content=\"Encontra Vit\u00f3ria\" \/>\n<meta name=\"twitter:card\" content=\"summary_large_image\" \/>\n<meta name=\"twitter:label1\" content=\"Escrito por\" \/>\n\t<meta name=\"twitter:data1\" content=\"Encontra Vit\u00f3ria\" \/>\n\t<meta name=\"twitter:label2\" content=\"Est. tempo de leitura\" \/>\n\t<meta name=\"twitter:data2\" content=\"4 minutos\" \/>\n<script type=\"application\/ld+json\" class=\"yoast-schema-graph\">{\"@context\":\"https:\\\/\\\/schema.org\",\"@graph\":[{\"@type\":\"Article\",\"@id\":\"https:\\\/\\\/www.encontravitoria.com.br\\\/guia\\\/maratona-de-vitoria-confira-as-alteracoes-no-transito-da-capital-no-sabado-29-e-domingo-30\\\/#article\",\"isPartOf\":{\"@id\":\"https:\\\/\\\/www.encontravitoria.com.br\\\/guia\\\/maratona-de-vitoria-confira-as-alteracoes-no-transito-da-capital-no-sabado-29-e-domingo-30\\\/\"},\"author\":{\"name\":\"Encontra Vit\u00f3ria\",\"@id\":\"https:\\\/\\\/www.encontravitoria.com.br\\\/guia\\\/#\\\/schema\\\/person\\\/e5c86e2a8d5a2a0333f0c44792c74c65\"},\"headline\":\"Maratona de Vit\u00f3ria: confira as altera\u00e7\u00f5es no tr\u00e2nsito da capital no s\u00e1bado (29) e domingo (30)\",\"datePublished\":\"2026-08-30T11:37:56+00:00\",\"mainEntityOfPage\":{\"@id\":\"https:\\\/\\\/www.encontravitoria.com.br\\\/guia\\\/maratona-de-vitoria-confira-as-alteracoes-no-transito-da-capital-no-sabado-29-e-domingo-30\\\/\"},\"wordCount\":779,\"commentCount\":0,\"image\":{\"@id\":\"https:\\\/\\\/www.encontravitoria.com.br\\\/guia\\\/maratona-de-vitoria-confira-as-alteracoes-no-transito-da-capital-no-sabado-29-e-domingo-30\\\/#primaryimage\"},\"thumbnailUrl\":\"https:\\\/\\\/www.encontravitoria.com.br\\\/guia\\\/wp-content\\\/uploads\\\/2026\\\/08\\\/maratona-de-vitoria-confira-as-alteracoes-no-transito-da-capital-no-sabado-29-e-domingo-30.webp\",\"articleSection\":[\"Tr\u00e2nsito Vit\u00f3ria\"],\"inLanguage\":\"pt-BR\",\"potentialAction\":[{\"@type\":\"CommentAction\",\"name\":\"Comment\",\"target\":[\"https:\\\/\\\/www.encontravitoria.com.br\\\/guia\\\/maratona-de-vitoria-confira-as-alteracoes-no-transito-da-capital-no-sabado-29-e-domingo-30\\\/#respond\"]}]},{\"@type\":\"WebPage\",\"@id\":\"https:\\\/\\\/www.encontravitoria.com.br\\\/guia\\\/maratona-de-vitoria-confira-as-alteracoes-no-transito-da-capital-no-sabado-29-e-domingo-30\\\/\",\"url\":\"https:\\\/\\\/www.encontravitoria.com.br\\\/guia\\\/maratona-de-vitoria-confira-as-alteracoes-no-transito-da-capital-no-sabado-29-e-domingo-30\\\/\",\"name\":\"Maratona de Vit\u00f3ria: confira as altera\u00e7\u00f5es no tr\u00e2nsito da capital no s\u00e1bado (29) e domingo (30) | Guia Comercial de Vit\u00f3ria ES\",\"isPartOf\":{\"@id\":\"https:\\\/\\\/www.encontravitoria.com.br\\\/guia\\\/#website\"},\"primaryImageOfPage\":{\"@id\":\"https:\\\/\\\/www.encontravitoria.com.br\\\/guia\\\/maratona-de-vitoria-confira-as-alteracoes-no-transito-da-capital-no-sabado-29-e-domingo-30\\\/#primaryimage\"},\"image\":{\"@id\":\"https:\\\/\\\/www.encontravitoria.com.br\\\/guia\\\/maratona-de-vitoria-confira-as-alteracoes-no-transito-da-capital-no-sabado-29-e-domingo-30\\\/#primaryimage\"},\"thumbnailUrl\":\"https:\\\/\\\/www.encontravitoria.com.br\\\/guia\\\/wp-content\\\/uploads\\\/2026\\\/08\\\/maratona-de-vitoria-confira-as-alteracoes-no-transito-da-capital-no-sabado-29-e-domingo-30.webp\",\"datePublished\":\"2026-08-30T11:37:56+00:00\",\"author\":{\"@id\":\"https:\\\/\\\/www.encontravitoria.com.br\\\/guia\\\/#\\\/schema\\\/person\\\/e5c86e2a8d5a2a0333f0c44792c74c65\"},\"inLanguage\":\"pt-BR\",\"potentialAction\":[{\"@type\":\"ReadAction\",\"target\":[\"https:\\\/\\\/www.encontravitoria.com.br\\\/guia\\\/maratona-de-vitoria-confira-as-alteracoes-no-transito-da-capital-no-sabado-29-e-domingo-30\\\/\"]}]},{\"@type\":\"ImageObject\",\"inLanguage\":\"pt-BR\",\"@id\":\"https:\\\/\\\/www.encontravitoria.com.br\\\/guia\\\/maratona-de-vitoria-confira-as-alteracoes-no-transito-da-capital-no-sabado-29-e-domingo-30\\\/#primaryimage\",\"url\":\"https:\\\/\\\/www.encontravitoria.com.br\\\/guia\\\/wp-content\\\/uploads\\\/2026\\\/08\\\/maratona-de-vitoria-confira-as-alteracoes-no-transito-da-capital-no-sabado-29-e-domingo-30.webp\",\"contentUrl\":\"https:\\\/\\\/www.encontravitoria.com.br\\\/guia\\\/wp-content\\\/uploads\\\/2026\\\/08\\\/maratona-de-vitoria-confira-as-alteracoes-no-transito-da-capital-no-sabado-29-e-domingo-30.webp\",\"width\":280,\"height\":280,\"caption\":\"Maratona de Vit\u00f3ria\"},{\"@type\":\"WebSite\",\"@id\":\"https:\\\/\\\/www.encontravitoria.com.br\\\/guia\\\/#website\",\"url\":\"https:\\\/\\\/www.encontravitoria.com.br\\\/guia\\\/\",\"name\":\"Guia Comercial de Vit\u00f3ria ES\",\"description\":\"ENCONTRA VIT\u00d3RIA - O guia comercial de neg\u00f3cios e empresas, cultura e divers\u00e3o na cidade de Vit\u00f3ria. Feito 100% para voc\u00ea morador!\",\"potentialAction\":[{\"@type\":\"SearchAction\",\"target\":{\"@type\":\"EntryPoint\",\"urlTemplate\":\"https:\\\/\\\/www.encontravitoria.com.br\\\/guia\\\/?s={search_term_string}\"},\"query-input\":{\"@type\":\"PropertyValueSpecification\",\"valueRequired\":true,\"valueName\":\"search_term_string\"}}],\"inLanguage\":\"pt-BR\"},{\"@type\":\"Person\",\"@id\":\"https:\\\/\\\/www.encontravitoria.com.br\\\/guia\\\/#\\\/schema\\\/person\\\/e5c86e2a8d5a2a0333f0c44792c74c65\",\"name\":\"Encontra Vit\u00f3ria\",\"image\":{\"@type\":\"ImageObject\",\"inLanguage\":\"pt-BR\",\"@id\":\"https:\\\/\\\/secure.gravatar.com\\\/avatar\\\/c50c17820bcf322f0a8fd6b110b8c0918141409dc69076470f6fca5fee70a5d4?s=96&d=mm&r=g\",\"url\":\"https:\\\/\\\/secure.gravatar.com\\\/avatar\\\/c50c17820bcf322f0a8fd6b110b8c0918141409dc69076470f6fca5fee70a5d4?s=96&d=mm&r=g\",\"contentUrl\":\"https:\\\/\\\/secure.gravatar.com\\\/avatar\\\/c50c17820bcf322f0a8fd6b110b8c0918141409dc69076470f6fca5fee70a5d4?s=96&d=mm&r=g\",\"caption\":\"Encontra Vit\u00f3ria\"},\"url\":\"https:\\\/\\\/www.encontravitoria.com.br\\\/guia\\\/author\\\/encontravitoria\\\/\"}]}<\/script>\n<!-- \/ Yoast SEO plugin. -->","yoast_head_json":{"title":"Maratona de Vit\u00f3ria: confira as altera\u00e7\u00f5es no tr\u00e2nsito da capital no s\u00e1bado (29) e domingo (30) | Guia Comercial de Vit\u00f3ria ES","robots":{"index":"index","follow":"follow","max-snippet":"max-snippet:-1","max-image-preview":"max-image-preview:large","max-video-preview":"max-video-preview:-1"},"canonical":"https:\/\/www.encontravitoria.com.br\/guia\/maratona-de-vitoria-confira-as-alteracoes-no-transito-da-capital-no-sabado-29-e-domingo-30\/","og_locale":"pt_BR","og_type":"article","og_title":"Maratona de Vit\u00f3ria: confira as altera\u00e7\u00f5es no tr\u00e2nsito da capital no s\u00e1bado (29) e domingo (30) | Guia Comercial de Vit\u00f3ria ES","og_description":"Maratona de Vit\u00f3ria traz altera\u00e7\u00f5es significativas no tr\u00e2nsito em Vit\u00f3ria neste fim de semana.","og_url":"https:\/\/www.encontravitoria.com.br\/guia\/maratona-de-vitoria-confira-as-alteracoes-no-transito-da-capital-no-sabado-29-e-domingo-30\/","og_site_name":"Guia Comercial de Vit\u00f3ria ES","article_published_time":"2026-08-30T11:37:56+00:00","og_image":[{"url":"https:\/\/www.encontravitoria.com.br\/guia\/wp-content\/uploads\/2026\/08\/maratona-de-vitoria-confira-as-alteracoes-no-transito-da-capital-no-sabado-29-e-domingo-30.webp","type":"","width":"","height":""}],"author":"Encontra Vit\u00f3ria","twitter_card":"summary_large_image","twitter_misc":{"Escrito por":"Encontra Vit\u00f3ria","Est. tempo de leitura":"4 minutos"},"schema":{"@context":"https:\/\/schema.org","@graph":[{"@type":"Article","@id":"https:\/\/www.encontravitoria.com.br\/guia\/maratona-de-vitoria-confira-as-alteracoes-no-transito-da-capital-no-sabado-29-e-domingo-30\/#article","isPartOf":{"@id":"https:\/\/www.encontravitoria.com.br\/guia\/maratona-de-vitoria-confira-as-alteracoes-no-transito-da-capital-no-sabado-29-e-domingo-30\/"},"author":{"name":"Encontra Vit\u00f3ria","@id":"https:\/\/www.encontravitoria.com.br\/guia\/#\/schema\/person\/e5c86e2a8d5a2a0333f0c44792c74c65"},"headline":"Maratona de Vit\u00f3ria: confira as altera\u00e7\u00f5es no tr\u00e2nsito da capital no s\u00e1bado (29) e domingo (30)","datePublished":"2026-08-30T11:37:56+00:00","mainEntityOfPage":{"@id":"https:\/\/www.encontravitoria.com.br\/guia\/maratona-de-vitoria-confira-as-alteracoes-no-transito-da-capital-no-sabado-29-e-domingo-30\/"},"wordCount":779,"commentCount":0,"image":{"@id":"https:\/\/www.encontravitoria.com.br\/guia\/maratona-de-vitoria-confira-as-alteracoes-no-transito-da-capital-no-sabado-29-e-domingo-30\/#primaryimage"},"thumbnailUrl":"https:\/\/www.encontravitoria.com.br\/guia\/wp-content\/uploads\/2026\/08\/maratona-de-vitoria-confira-as-alteracoes-no-transito-da-capital-no-sabado-29-e-domingo-30.webp","articleSection":["Tr\u00e2nsito Vit\u00f3ria"],"inLanguage":"pt-BR","potentialAction":[{"@type":"CommentAction","name":"Comment","target":["https:\/\/www.encontravitoria.com.br\/guia\/maratona-de-vitoria-confira-as-alteracoes-no-transito-da-capital-no-sabado-29-e-domingo-30\/#respond"]}]},{"@type":"WebPage","@id":"https:\/\/www.encontravitoria.com.br\/guia\/maratona-de-vitoria-confira-as-alteracoes-no-transito-da-capital-no-sabado-29-e-domingo-30\/","url":"https:\/\/www.encontravitoria.com.br\/guia\/maratona-de-vitoria-confira-as-alteracoes-no-transito-da-capital-no-sabado-29-e-domingo-30\/","name":"Maratona de Vit\u00f3ria: confira as altera\u00e7\u00f5es no tr\u00e2nsito da capital no s\u00e1bado (29) e domingo (30) | Guia Comercial de Vit\u00f3ria ES","isPartOf":{"@id":"https:\/\/www.encontravitoria.com.br\/guia\/#website"},"primaryImageOfPage":{"@id":"https:\/\/www.encontravitoria.com.br\/guia\/maratona-de-vitoria-confira-as-alteracoes-no-transito-da-capital-no-sabado-29-e-domingo-30\/#primaryimage"},"image":{"@id":"https:\/\/www.encontravitoria.com.br\/guia\/maratona-de-vitoria-confira-as-alteracoes-no-transito-da-capital-no-sabado-29-e-domingo-30\/#primaryimage"},"thumbnailUrl":"https:\/\/www.encontravitoria.com.br\/guia\/wp-content\/uploads\/2026\/08\/maratona-de-vitoria-confira-as-alteracoes-no-transito-da-capital-no-sabado-29-e-domingo-30.webp","datePublished":"2026-08-30T11:37:56+00:00","author":{"@id":"https:\/\/www.encontravitoria.com.br\/guia\/#\/schema\/person\/e5c86e2a8d5a2a0333f0c44792c74c65"},"inLanguage":"pt-BR","potentialAction":[{"@type":"ReadAction","target":["https:\/\/www.encontravitoria.com.br\/guia\/maratona-de-vitoria-confira-as-alteracoes-no-transito-da-capital-no-sabado-29-e-domingo-30\/"]}]},{"@type":"ImageObject","inLanguage":"pt-BR","@id":"https:\/\/www.encontravitoria.com.br\/guia\/maratona-de-vitoria-confira-as-alteracoes-no-transito-da-capital-no-sabado-29-e-domingo-30\/#primaryimage","url":"https:\/\/www.encontravitoria.com.br\/guia\/wp-content\/uploads\/2026\/08\/maratona-de-vitoria-confira-as-alteracoes-no-transito-da-capital-no-sabado-29-e-domingo-30.webp","contentUrl":"https:\/\/www.encontravitoria.com.br\/guia\/wp-content\/uploads\/2026\/08\/maratona-de-vitoria-confira-as-alteracoes-no-transito-da-capital-no-sabado-29-e-domingo-30.webp","width":280,"height":280,"caption":"Maratona de Vit\u00f3ria"},{"@type":"WebSite","@id":"https:\/\/www.encontravitoria.com.br\/guia\/#website","url":"https:\/\/www.encontravitoria.com.br\/guia\/","name":"Guia Comercial de Vit\u00f3ria ES","description":"ENCONTRA VIT\u00d3RIA - O guia comercial de neg\u00f3cios e empresas, cultura e divers\u00e3o na cidade de Vit\u00f3ria. Feito 100% para voc\u00ea morador!","potentialAction":[{"@type":"SearchAction","target":{"@type":"EntryPoint","urlTemplate":"https:\/\/www.encontravitoria.com.br\/guia\/?s={search_term_string}"},"query-input":{"@type":"PropertyValueSpecification","valueRequired":true,"valueName":"search_term_string"}}],"inLanguage":"pt-BR"},{"@type":"Person","@id":"https:\/\/www.encontravitoria.com.br\/guia\/#\/schema\/person\/e5c86e2a8d5a2a0333f0c44792c74c65","name":"Encontra Vit\u00f3ria","image":{"@type":"ImageObject","inLanguage":"pt-BR","@id":"https:\/\/secure.gravatar.com\/avatar\/c50c17820bcf322f0a8fd6b110b8c0918141409dc69076470f6fca5fee70a5d4?s=96&d=mm&r=g","url":"https:\/\/secure.gravatar.com\/avatar\/c50c17820bcf322f0a8fd6b110b8c0918141409dc69076470f6fca5fee70a5d4?s=96&d=mm&r=g","contentUrl":"https:\/\/secure.gravatar.com\/avatar\/c50c17820bcf322f0a8fd6b110b8c0918141409dc69076470f6fca5fee70a5d4?s=96&d=mm&r=g","caption":"Encontra Vit\u00f3ria"},"url":"https:\/\/www.encontravitoria.com.br\/guia\/author\/encontravitoria\/"}]}},"_links":{"self":[{"href":"https:\/\/www.encontravitoria.com.br\/guia\/wp-json\/wp\/v2\/posts\/8644","targetHints":{"allow":["GET"]}}],"collection":[{"href":"https:\/\/www.encontravitoria.com.br\/guia\/wp-json\/wp\/v2\/posts"}],"about":[{"href":"https:\/\/www.encontravitoria.com.br\/guia\/wp-json\/wp\/v2\/types\/post"}],"author":[{"embeddable":true,"href":"https:\/\/www.encontravitoria.com.br\/guia\/wp-json\/wp\/v2\/users\/1"}],"replies":[{"embeddable":true,"href":"https:\/\/www.encontravitoria.com.br\/guia\/wp-json\/wp\/v2\/comments?post=8644"}],"version-history":[{"count":0,"href":"https:\/\/www.encontravitoria.com.br\/guia\/wp-json\/wp\/v2\/posts\/8644\/revisions"}],"wp:featuredmedia":[{"embeddable":true,"href":"https:\/\/www.encontravitoria.com.br\/guia\/wp-json\/wp\/v2\/media\/8643"}],"wp:attachment":[{"href":"https:\/\/www.encontravitoria.com.br\/guia\/wp-json\/wp\/v2\/media?parent=8644"}],"wp:term":[{"taxonomy":"category","embeddable":true,"href":"https:\/\/www.encontravitoria.com.br\/guia\/wp-json\/wp\/v2\/categories?post=8644"},{"taxonomy":"post_tag","embeddable":true,"href":"https:\/\/www.encontravitoria.com.br\/guia\/wp-json\/wp\/v2\/tags?post=8644"}],"curies":[{"name":"wp","href":"https:\/\/api.w.org\/{rel}","templated":true}]}}