{"id":1007,"date":"2026-01-14T16:41:36","date_gmt":"2026-01-14T16:41:36","guid":{"rendered":"https:\/\/www.encontravitoria.com.br\/sobre\/vitoria-amplia-para-50-o-numero-de-escolas-em-tempo-integral\/"},"modified":"2026-01-14T16:41:36","modified_gmt":"2026-01-14T16:41:36","slug":"vitoria-amplia-para-50-o-numero-de-escolas-em-tempo-integral","status":"publish","type":"post","link":"https:\/\/www.encontravitoria.com.br\/sobre\/vitoria-amplia-para-50-o-numero-de-escolas-em-tempo-integral\/","title":{"rendered":"Vit\u00f3ria amplia para 50 o n\u00famero de escolas em Tempo Integral"},"content":{"rendered":"<div class=\"23ed37709e053b55400ee1990aeffe41\" data-index=\"1\" style=\"float: none; margin:0px;\">\n<!-- Anuncio display - global -->\r\n<ins class=\"adsbygoogle\"\r\n     style=\"display:block\"\r\n     data-ad-client=\"ca-pub-8585364105181520\"\r\n     data-ad-slot=\"8789329856\"\r\n     data-ad-format=\"auto\"\r\n     data-full-width-responsive=\"true\"><\/ins>\r\n<script>\r\n     (adsbygoogle = window.adsbygoogle || []).push({});\r\n<\/script>\n<\/div>\n<h2>A Revolu\u00e7\u00e3o na Educa\u00e7\u00e3o de Vit\u00f3ria<\/h2>\n<p>A Prefeitura de Vit\u00f3ria, ao ampliar o n\u00famero de escolas em tempo integral, cria uma revolu\u00e7\u00e3o no sistema educacional da cidade. Essa iniciativa visa n\u00e3o apenas garantir mais vagas nas institui\u00e7\u00f5es de ensino, mas tamb\u00e9m promover uma transforma\u00e7\u00e3o significativa na maneira como os jovens se relacionam com a educa\u00e7\u00e3o. O aumento das op\u00e7\u00f5es de tempo integral chega como um sopro de esperan\u00e7a, especialmente em uma sociedade onde a educa\u00e7\u00e3o \u00e9 a chave para um futuro melhor.<\/p>\n<p>Com a implementa\u00e7\u00e3o de 50 escolas em tempo integral, a cidade consegue atender a uma demanda reprimida que existia desde anos anteriores. Enquanto em 2021 apenas quatro escolas ofereciam essa modalidade, agora, os estudantes ter\u00e3o acesso a um modelo educacional que prioriza n\u00e3o s\u00f3 o ensino acad\u00eamico, mas tamb\u00e9m o desenvolvimento integral do indiv\u00edduo. Esse modelo de educa\u00e7\u00e3o promove um ambiente onde os alunos conseguem explorar suas potencialidades ao longo de nove horas di\u00e1rias, ao inv\u00e9s das tradicionais cinco ou seis horas. <\/p>\n<p>A proposta \u00e9 de que as crian\u00e7as e jovens n\u00e3o apenas aprendam conte\u00fados acad\u00eamicos, mas tamb\u00e9m desenvolvam habilidades sociais e emocionais, essenciais para a forma\u00e7\u00e3o de cidad\u00e3os completos. O formato de tempo integral \u00e9 uma resposta \u00e0 necessidade de prote\u00e7\u00e3o e desenvolvimento de crian\u00e7as e adolescentes, especialmente em tempos onde a criminalidade e a viol\u00eancia s\u00e3o preocupa\u00e7\u00f5es constantes. Dessa forma, a ideia \u00e9 que os alunos ocupem seu tempo de maneira produtiva, com oportunidades de aprendizado e lazer dentro das escolas.<\/p>\n<p><img decoding=\"async\" src=\"https:\/\/www.encontravitoria.com.br\/sobre\/wp-content\/uploads\/2026\/01\/vitoria-amplia-para-50-o-numero-de-escolas-em-tempo-integral.webp\" alt=\"escolas em tempo integral\" loading=\"lazy\" \/><\/p>\n<h2>O Que Significa Tempo Integral?<\/h2>\n<p>Tempo integral se refere a um modelo de educa\u00e7\u00e3o onde os alunos passam mais horas na escola do que em um formato tradicional. No caso de Vit\u00f3ria, esse modelo implementa uma carga hor\u00e1ria de nove horas di\u00e1rias, durante a qual os estudantes recebem quatro refei\u00e7\u00f5es, garantindo uma alimenta\u00e7\u00e3o balanceada, fundamental para o desenvolvimento saud\u00e1vel da crian\u00e7a. Esse sistema tem como objetivo proporcionar um ambiente de aprendizado cont\u00ednuo, que articula aulas regulares com atividades extracurriculares.<\/p>\n<p>No contexto atual, esse modelo ganha destaque, pois prop\u00f5e uma forma\u00e7\u00e3o mais hol\u00edstica. O ensino em tempo integral inclui n\u00e3o apenas o curr\u00edculo tradicional, mas tamb\u00e9m a oferta de atividades culturais, esportivas e de forma\u00e7\u00e3o para a vida. Isso \u00e9 particularmente ben\u00e9fico para os jovens, pois os mant\u00e9m envolvidos em pr\u00e1ticas sociais e educacionais que podem moldar suas vidas de maneira positiva.<\/p>\n<h2>Benef\u00edcios do Ensino em Tempo Integral<\/h2>\n<p>Os benef\u00edcios do ensino em tempo integral s\u00e3o numerosos e impactam n\u00e3o apenas os alunos, mas tamb\u00e9m suas fam\u00edlias e a comunidade. Entre os principais benef\u00edcios est\u00e3o:<\/p>\n<ul>\n<li><strong>Desenvolvimento Integral:<\/strong> O modelo favorece o crescimento intelectual, emocional, social e f\u00edsico dos alunos, preparando-os melhor para os desafios futuros.<\/li>\n<li><strong>Redu\u00e7\u00e3o da Viol\u00eancia:<\/strong> Ao terem um espa\u00e7o seguro para permanecer, os jovens s\u00e3o menos propensos a serem influenciados por atividades il\u00edcitas e pela viol\u00eancia.<\/li>\n<li><strong>Aumento da Aprendizagem:<\/strong> Estudos demonstram que alunos que participam de programas de tempo integral tendem a ter um desempenho melhor em avalia\u00e7\u00f5es acad\u00eamicas.<\/li>\n<li><strong>Envolvimento Familiar:<\/strong> O tempo integral permite que os pais trabalhem em hor\u00e1rios que seriam invi\u00e1veis com a jornada de ensino tradicional, promovendo estabilidade familiar.<\/li>\n<li><strong>Alimenta\u00e7\u00e3o Adequada:<\/strong> A oferta de refei\u00e7\u00f5es saud\u00e1veis dentro da escola garante que os alunos tenham a nutri\u00e7\u00e3o necess\u00e1ria para um bom desempenho escolar.<\/li>\n<\/ul>\n<h2>Hist\u00f3rico da Educa\u00e7\u00e3o em Vit\u00f3ria<\/h2>\n<p>Historicamente, a educa\u00e7\u00e3o em Vit\u00f3ria passou por diversos desafios, especialmente no que diz respeito ao acesso e \u00e0 qualidade do ensino. Durante muitos anos, a cidade enfrentou dificuldades em atender a demanda educacional, resultando em altas taxas de evas\u00e3o escolar e em uma popula\u00e7\u00e3o jovem desassistida  academicamente. Com o advento de pol\u00edticas p\u00fablicas mais robustas e focadas no bem-estar social, a situa\u00e7\u00e3o come\u00e7ou a mudar lentamente.<\/p>\n<p>A introdu\u00e7\u00e3o do tempo integral \u00e9 um marco nesse processo de transforma\u00e7\u00e3o. A gest\u00e3o atual da prefeitura est\u00e1 comprometida em reverter esse quadro ao reestruturar as escolas, criando condi\u00e7\u00f5es prop\u00edcias para o aprendizado e crescimento pessoal dos estudantes. O que antes era um direito de poucos, est\u00e1 se tornando uma realidade acess\u00edvel a todos.<\/p>\n<h2>Mudan\u00e7as no Cen\u00e1rio Educacional<\/h2>\n<p>As recentes mudan\u00e7as no cen\u00e1rio educacional de Vit\u00f3ria s\u00e3o um reflexo do compromisso da administra\u00e7\u00e3o p\u00fablica com a qualidade de vida da popula\u00e7\u00e3o. A escolha em expandir o n\u00famero de escolas em tempo integral demonstra um entendimento profundo das necessidades da comunidade. O investimento em educa\u00e7\u00e3o \u00e9 fundamental para garantir que as crian\u00e7as tenham oportunidades iguais e alcancem seu pleno potencial.<\/p>\n<p>As escolas que est\u00e3o sendo implementadas n\u00e3o s\u00e3o apenas lugares de ensino; elas s\u00e3o centros de conviv\u00eancia e aprendizado que priorizam a inova\u00e7\u00e3o e a inclus\u00e3o. Com essa nova abordagem, as escolas se tornam verdadeiros espa\u00e7os onde todos podem participar, aprender e desenvolver talentos individuais, promovendo assim um ambiente mais harm\u00f4nico e produtivo.<\/p>\n<h2>Contribui\u00e7\u00e3o para a Comunidade<\/h2>\n<p>A cria\u00e7\u00e3o de mais escolas em tempo integral tamb\u00e9m traz um impacto positivo para a comunidade em geral. As escolas se tornam um ponto de refer\u00eancia, onde n\u00e3o apenas os alunos aprendem, mas as fam\u00edlias se re\u00fanem, fortalecendo os la\u00e7os comunit\u00e1rios. Isso ocorre porque as escolas em tempo integral promovem uma variedade de atividades extracurriculares que envolvem a participa\u00e7\u00e3o de pais e respons\u00e1veis.<\/p>\n<p>Essas atividades incluem eventos culturais, feiras de ci\u00eancias, e apresenta\u00e7\u00f5es art\u00edsticas que s\u00e3o abertas ao p\u00fablico. Tais situa\u00e7\u00f5es criam uma sensa\u00e7\u00e3o de pertencimento e conex\u00e3o entre os moradores, refor\u00e7ando a import\u00e2ncia da educa\u00e7\u00e3o como um bem comunit\u00e1rio e n\u00e3o apenas individual. Esse envolvimento da comunidade nas atividades escolares cria um c\u00edrculo virtuoso, onde o ambiente escolar se torna um reflexo da coletividade, promovendo valores como respeito, solidariedade e coopera\u00e7\u00e3o.<\/p>\n<h2>Implanta\u00e7\u00e3o das Novas Escolas<\/h2>\n<p>A implanta\u00e7\u00e3o das novas escolas em tempo integral \u00e9 uma tarefa que exige planejamento e execu\u00e7\u00e3o cuidadosa. A prefeitura acaba de anunciar que as nove escolas que passar\u00e3o a oferecer esse modelo em 2026 j\u00e1 est\u00e3o em processo de adequa\u00e7\u00e3o para garantir um ambiente favor\u00e1vel \u00e0 aprendizagem. Cada escola ser\u00e1 equipada com infraestrutura adequada, professores capacitados e um curr\u00edculo que estimule a participa\u00e7\u00e3o e o desenvolvimento intelectual dos estudantes.<\/p>\n<p>O suporte cont\u00ednuo para os professores \u00e9 fundamental, e a gest\u00e3o da educa\u00e7\u00e3o se compromete a fornecer forma\u00e7\u00e3o regular sobre as melhores pr\u00e1ticas de ensino em tempo integral. Isso garante que os educadores estejam sempre atualizados e equipados para lidar com os desafios que surgem no cotidiano escolar.<\/p>\n<h2>O Papel da Fam\u00edlia na Educa\u00e7\u00e3o Integral<\/h2>\n<p>A participa\u00e7\u00e3o da fam\u00edlia \u00e9 um componente crucial para o sucesso do modelo de tempo integral. Quando os pais se envolvem na educa\u00e7\u00e3o de seus filhos, os resultados tendem a ser mais positivos. As escolas em tempo integral oferecem diversas oportunidades para que os pais possam participar ativamente das atividades escolares, incentivando a forma\u00e7\u00e3o de uma rede de apoio. <\/p>\n<p>O modelo de tempo integral tamb\u00e9m permite que os pais tenham um espa\u00e7o maior para acompanhar o desenvolvimento escolar de seus filhos, promovendo o di\u00e1logo e a troca de informa\u00e7\u00f5es entre a escola e a casa. Isso n\u00e3o apenas fortalece a rela\u00e7\u00e3o familiar, mas tamb\u00e9m contribui para um ambiente escolar mais colaborativo e sustent\u00e1vel. <\/p>\n<h2>Resultados Esperados para 2026<\/h2>\n<p>Os resultados esperados para 2026 com a implementa\u00e7\u00e3o das novas escolas s\u00e3o otimistas. Com a amplia\u00e7\u00e3o das vagas para 12.139 alunos em tempo integral, espera-se que mais crian\u00e7as e adolescentes estejam em um ambiente seguro e educacionalmente estimulante. Os indicadores de aprendizado devem aumentar consideravelmente, assim como a taxa de reten\u00e7\u00e3o dos alunos. <\/p>\n<p>Os dados de pesquisas passadas e avalia\u00e7\u00f5es, como o \u00cdndice de Desenvolvimento da Educa\u00e7\u00e3o B\u00e1sica (Ideb), e os relat\u00f3rios do MEC indicam um avan\u00e7o significativo nas notas de alfabetiza\u00e7\u00e3o de jovens em Vit\u00f3ria. Gra\u00e7as ao tempo integral, a cidade tende a se destacar ainda mais em termos de educa\u00e7\u00e3o, servindo como modelo para outras cidades no Brasil.<\/p>\n<h2>Vis\u00e3o Futura da Educa\u00e7\u00e3o em Vit\u00f3ria<\/h2>\n<p>A vis\u00e3o futura da educa\u00e7\u00e3o em Vit\u00f3ria \u00e9 promissora. Com o compromisso da prefeitura em investir em educa\u00e7\u00e3o de qualidade e em tempo integral, o munic\u00edpio prepara o terreno para um futuro mais brilhante para suas crian\u00e7as e adolescentes. O objetivo \u00e9 garantir que cada estudante tenha acesso a uma educa\u00e7\u00e3o p\u00fablica de excel\u00eancia, que leve em conta suas particularidades e necessidades, e que prepare-os para os desafios do s\u00e9culo 21.<\/p>\n<p>O esp\u00edrito inovador que caracteriza a gest\u00e3o educacional de Vit\u00f3ria promete n\u00e3o apenas garantir resultados em termos de aprendizado, mas tamb\u00e9m cultivar uma gera\u00e7\u00e3o de jovens cr\u00edticos, criativos e preparados para contribuir positivamente com a sociedade. A educa\u00e7\u00e3o em tempo integral, ao se consolidar cada vez mais, pode transformar realidades e criar um legado duradouro de oportunidades para todos.<\/p>\n\n<div style=\"font-size: 0px; height: 0px; line-height: 0px; margin: 0; padding: 0; clear: both;\"><\/div>","protected":false},"excerpt":{"rendered":"<p>Vit\u00f3ria prepara 50 escolas em tempo integral, ampliando oportunidades para alunos.<\/p>\n","protected":false},"author":1,"featured_media":1006,"comment_status":"open","ping_status":"closed","sticky":false,"template":"","format":"standard","meta":{"footnotes":""},"categories":[6],"tags":[],"class_list":["post-1007","post","type-post","status-publish","format-standard","has-post-thumbnail","hentry","category-noticias-em-vitoria","has_thumb"],"yoast_head":"<!-- This site is optimized with the Yoast SEO plugin v26.7 - https:\/\/yoast.com\/wordpress\/plugins\/seo\/ -->\n<title>Vit\u00f3ria amplia para 50 o n\u00famero de escolas em Tempo Integral - Encontra Vit\u00f3ria<\/title>\n<meta name=\"robots\" content=\"index, follow, max-snippet:-1, max-image-preview:large, max-video-preview:-1\" \/>\n<link rel=\"canonical\" href=\"https:\/\/www.encontravitoria.com.br\/sobre\/vitoria-amplia-para-50-o-numero-de-escolas-em-tempo-integral\/\" \/>\n<meta property=\"og:locale\" content=\"pt_BR\" \/>\n<meta property=\"og:type\" content=\"article\" \/>\n<meta property=\"og:title\" content=\"Vit\u00f3ria amplia para 50 o n\u00famero de escolas em Tempo Integral - Encontra Vit\u00f3ria\" \/>\n<meta property=\"og:description\" content=\"Vit\u00f3ria prepara 50 escolas em tempo integral, ampliando oportunidades para alunos.\" \/>\n<meta property=\"og:url\" content=\"https:\/\/www.encontravitoria.com.br\/sobre\/vitoria-amplia-para-50-o-numero-de-escolas-em-tempo-integral\/\" \/>\n<meta property=\"og:site_name\" content=\"Encontra Vit\u00f3ria\" \/>\n<meta property=\"article:published_time\" content=\"2026-01-14T16:41:36+00:00\" \/>\n<meta property=\"og:image\" content=\"https:\/\/www.encontravitoria.com.br\/sobre\/wp-content\/uploads\/2026\/01\/vitoria-amplia-para-50-o-numero-de-escolas-em-tempo-integral.webp\" \/>\n<meta name=\"author\" content=\"Encontra Vit\u00f3ria\" \/>\n<meta name=\"twitter:card\" content=\"summary_large_image\" \/>\n<meta name=\"twitter:label1\" content=\"Escrito por\" \/>\n\t<meta name=\"twitter:data1\" content=\"Encontra Vit\u00f3ria\" \/>\n\t<meta name=\"twitter:label2\" content=\"Est. tempo de leitura\" \/>\n\t<meta name=\"twitter:data2\" content=\"8 minutos\" \/>\n<script type=\"application\/ld+json\" class=\"yoast-schema-graph\">{\"@context\":\"https:\/\/schema.org\",\"@graph\":[{\"@type\":\"Article\",\"@id\":\"https:\/\/www.encontravitoria.com.br\/sobre\/vitoria-amplia-para-50-o-numero-de-escolas-em-tempo-integral\/#article\",\"isPartOf\":{\"@id\":\"https:\/\/www.encontravitoria.com.br\/sobre\/vitoria-amplia-para-50-o-numero-de-escolas-em-tempo-integral\/\"},\"author\":{\"name\":\"Encontra Vit\u00f3ria\",\"@id\":\"https:\/\/www.encontravitoria.com.br\/sobre\/#\/schema\/person\/0f8e5bcc88fbadf1bad57afd504f48a2\"},\"headline\":\"Vit\u00f3ria amplia para 50 o n\u00famero de escolas em Tempo Integral\",\"datePublished\":\"2026-01-14T16:41:36+00:00\",\"mainEntityOfPage\":{\"@id\":\"https:\/\/www.encontravitoria.com.br\/sobre\/vitoria-amplia-para-50-o-numero-de-escolas-em-tempo-integral\/\"},\"wordCount\":1598,\"commentCount\":0,\"image\":{\"@id\":\"https:\/\/www.encontravitoria.com.br\/sobre\/vitoria-amplia-para-50-o-numero-de-escolas-em-tempo-integral\/#primaryimage\"},\"thumbnailUrl\":\"https:\/\/www.encontravitoria.com.br\/sobre\/wp-content\/uploads\/2026\/01\/vitoria-amplia-para-50-o-numero-de-escolas-em-tempo-integral.webp\",\"articleSection\":[\"Not\u00edcias Vit\u00f3ria\"],\"inLanguage\":\"pt-BR\",\"potentialAction\":[{\"@type\":\"CommentAction\",\"name\":\"Comment\",\"target\":[\"https:\/\/www.encontravitoria.com.br\/sobre\/vitoria-amplia-para-50-o-numero-de-escolas-em-tempo-integral\/#respond\"]}]},{\"@type\":\"WebPage\",\"@id\":\"https:\/\/www.encontravitoria.com.br\/sobre\/vitoria-amplia-para-50-o-numero-de-escolas-em-tempo-integral\/\",\"url\":\"https:\/\/www.encontravitoria.com.br\/sobre\/vitoria-amplia-para-50-o-numero-de-escolas-em-tempo-integral\/\",\"name\":\"Vit\u00f3ria amplia para 50 o n\u00famero de escolas em Tempo Integral - Encontra Vit\u00f3ria\",\"isPartOf\":{\"@id\":\"https:\/\/www.encontravitoria.com.br\/sobre\/#website\"},\"primaryImageOfPage\":{\"@id\":\"https:\/\/www.encontravitoria.com.br\/sobre\/vitoria-amplia-para-50-o-numero-de-escolas-em-tempo-integral\/#primaryimage\"},\"image\":{\"@id\":\"https:\/\/www.encontravitoria.com.br\/sobre\/vitoria-amplia-para-50-o-numero-de-escolas-em-tempo-integral\/#primaryimage\"},\"thumbnailUrl\":\"https:\/\/www.encontravitoria.com.br\/sobre\/wp-content\/uploads\/2026\/01\/vitoria-amplia-para-50-o-numero-de-escolas-em-tempo-integral.webp\",\"datePublished\":\"2026-01-14T16:41:36+00:00\",\"author\":{\"@id\":\"https:\/\/www.encontravitoria.com.br\/sobre\/#\/schema\/person\/0f8e5bcc88fbadf1bad57afd504f48a2\"},\"breadcrumb\":{\"@id\":\"https:\/\/www.encontravitoria.com.br\/sobre\/vitoria-amplia-para-50-o-numero-de-escolas-em-tempo-integral\/#breadcrumb\"},\"inLanguage\":\"pt-BR\",\"potentialAction\":[{\"@type\":\"ReadAction\",\"target\":[\"https:\/\/www.encontravitoria.com.br\/sobre\/vitoria-amplia-para-50-o-numero-de-escolas-em-tempo-integral\/\"]}]},{\"@type\":\"ImageObject\",\"inLanguage\":\"pt-BR\",\"@id\":\"https:\/\/www.encontravitoria.com.br\/sobre\/vitoria-amplia-para-50-o-numero-de-escolas-em-tempo-integral\/#primaryimage\",\"url\":\"https:\/\/www.encontravitoria.com.br\/sobre\/wp-content\/uploads\/2026\/01\/vitoria-amplia-para-50-o-numero-de-escolas-em-tempo-integral.webp\",\"contentUrl\":\"https:\/\/www.encontravitoria.com.br\/sobre\/wp-content\/uploads\/2026\/01\/vitoria-amplia-para-50-o-numero-de-escolas-em-tempo-integral.webp\",\"width\":280,\"height\":280,\"caption\":\"escolas em tempo integral\"},{\"@type\":\"BreadcrumbList\",\"@id\":\"https:\/\/www.encontravitoria.com.br\/sobre\/vitoria-amplia-para-50-o-numero-de-escolas-em-tempo-integral\/#breadcrumb\",\"itemListElement\":[{\"@type\":\"ListItem\",\"position\":1,\"name\":\"In\u00edcio\",\"item\":\"https:\/\/www.encontravitoria.com.br\/sobre\/\"},{\"@type\":\"ListItem\",\"position\":2,\"name\":\"Vit\u00f3ria amplia para 50 o n\u00famero de escolas em Tempo Integral\"}]},{\"@type\":\"WebSite\",\"@id\":\"https:\/\/www.encontravitoria.com.br\/sobre\/#website\",\"url\":\"https:\/\/www.encontravitoria.com.br\/sobre\/\",\"name\":\"Encontra Vit\u00f3ria\",\"description\":\"Not\u00edcias, eventos, informa\u00e7\u00f5es e dicas na cidade Vit\u00f3ria e regi\u00e3o.\",\"potentialAction\":[{\"@type\":\"SearchAction\",\"target\":{\"@type\":\"EntryPoint\",\"urlTemplate\":\"https:\/\/www.encontravitoria.com.br\/sobre\/?s={search_term_string}\"},\"query-input\":{\"@type\":\"PropertyValueSpecification\",\"valueRequired\":true,\"valueName\":\"search_term_string\"}}],\"inLanguage\":\"pt-BR\"},{\"@type\":\"Person\",\"@id\":\"https:\/\/www.encontravitoria.com.br\/sobre\/#\/schema\/person\/0f8e5bcc88fbadf1bad57afd504f48a2\",\"name\":\"Encontra Vit\u00f3ria\",\"image\":{\"@type\":\"ImageObject\",\"inLanguage\":\"pt-BR\",\"@id\":\"https:\/\/www.encontravitoria.com.br\/sobre\/#\/schema\/person\/image\/\",\"url\":\"https:\/\/secure.gravatar.com\/avatar\/507340682b8270222e1f208e23198b6ae7e2c6a1033ae84e99bc6bce4f82a387?s=96&d=mm&r=g\",\"contentUrl\":\"https:\/\/secure.gravatar.com\/avatar\/507340682b8270222e1f208e23198b6ae7e2c6a1033ae84e99bc6bce4f82a387?s=96&d=mm&r=g\",\"caption\":\"Encontra Vit\u00f3ria\"},\"sameAs\":[\"http:\/\/www.encontravitoria.com.br\"],\"url\":\"https:\/\/www.encontravitoria.com.br\/sobre\/author\/evitoria\/\"}]}<\/script>\n<!-- \/ Yoast SEO plugin. -->","yoast_head_json":{"title":"Vit\u00f3ria amplia para 50 o n\u00famero de escolas em Tempo Integral - Encontra Vit\u00f3ria","robots":{"index":"index","follow":"follow","max-snippet":"max-snippet:-1","max-image-preview":"max-image-preview:large","max-video-preview":"max-video-preview:-1"},"canonical":"https:\/\/www.encontravitoria.com.br\/sobre\/vitoria-amplia-para-50-o-numero-de-escolas-em-tempo-integral\/","og_locale":"pt_BR","og_type":"article","og_title":"Vit\u00f3ria amplia para 50 o n\u00famero de escolas em Tempo Integral - Encontra Vit\u00f3ria","og_description":"Vit\u00f3ria prepara 50 escolas em tempo integral, ampliando oportunidades para alunos.","og_url":"https:\/\/www.encontravitoria.com.br\/sobre\/vitoria-amplia-para-50-o-numero-de-escolas-em-tempo-integral\/","og_site_name":"Encontra Vit\u00f3ria","article_published_time":"2026-01-14T16:41:36+00:00","og_image":[{"url":"https:\/\/www.encontravitoria.com.br\/sobre\/wp-content\/uploads\/2026\/01\/vitoria-amplia-para-50-o-numero-de-escolas-em-tempo-integral.webp","type":"","width":"","height":""}],"author":"Encontra Vit\u00f3ria","twitter_card":"summary_large_image","twitter_misc":{"Escrito por":"Encontra Vit\u00f3ria","Est. tempo de leitura":"8 minutos"},"schema":{"@context":"https:\/\/schema.org","@graph":[{"@type":"Article","@id":"https:\/\/www.encontravitoria.com.br\/sobre\/vitoria-amplia-para-50-o-numero-de-escolas-em-tempo-integral\/#article","isPartOf":{"@id":"https:\/\/www.encontravitoria.com.br\/sobre\/vitoria-amplia-para-50-o-numero-de-escolas-em-tempo-integral\/"},"author":{"name":"Encontra Vit\u00f3ria","@id":"https:\/\/www.encontravitoria.com.br\/sobre\/#\/schema\/person\/0f8e5bcc88fbadf1bad57afd504f48a2"},"headline":"Vit\u00f3ria amplia para 50 o n\u00famero de escolas em Tempo Integral","datePublished":"2026-01-14T16:41:36+00:00","mainEntityOfPage":{"@id":"https:\/\/www.encontravitoria.com.br\/sobre\/vitoria-amplia-para-50-o-numero-de-escolas-em-tempo-integral\/"},"wordCount":1598,"commentCount":0,"image":{"@id":"https:\/\/www.encontravitoria.com.br\/sobre\/vitoria-amplia-para-50-o-numero-de-escolas-em-tempo-integral\/#primaryimage"},"thumbnailUrl":"https:\/\/www.encontravitoria.com.br\/sobre\/wp-content\/uploads\/2026\/01\/vitoria-amplia-para-50-o-numero-de-escolas-em-tempo-integral.webp","articleSection":["Not\u00edcias Vit\u00f3ria"],"inLanguage":"pt-BR","potentialAction":[{"@type":"CommentAction","name":"Comment","target":["https:\/\/www.encontravitoria.com.br\/sobre\/vitoria-amplia-para-50-o-numero-de-escolas-em-tempo-integral\/#respond"]}]},{"@type":"WebPage","@id":"https:\/\/www.encontravitoria.com.br\/sobre\/vitoria-amplia-para-50-o-numero-de-escolas-em-tempo-integral\/","url":"https:\/\/www.encontravitoria.com.br\/sobre\/vitoria-amplia-para-50-o-numero-de-escolas-em-tempo-integral\/","name":"Vit\u00f3ria amplia para 50 o n\u00famero de escolas em Tempo Integral - Encontra Vit\u00f3ria","isPartOf":{"@id":"https:\/\/www.encontravitoria.com.br\/sobre\/#website"},"primaryImageOfPage":{"@id":"https:\/\/www.encontravitoria.com.br\/sobre\/vitoria-amplia-para-50-o-numero-de-escolas-em-tempo-integral\/#primaryimage"},"image":{"@id":"https:\/\/www.encontravitoria.com.br\/sobre\/vitoria-amplia-para-50-o-numero-de-escolas-em-tempo-integral\/#primaryimage"},"thumbnailUrl":"https:\/\/www.encontravitoria.com.br\/sobre\/wp-content\/uploads\/2026\/01\/vitoria-amplia-para-50-o-numero-de-escolas-em-tempo-integral.webp","datePublished":"2026-01-14T16:41:36+00:00","author":{"@id":"https:\/\/www.encontravitoria.com.br\/sobre\/#\/schema\/person\/0f8e5bcc88fbadf1bad57afd504f48a2"},"breadcrumb":{"@id":"https:\/\/www.encontravitoria.com.br\/sobre\/vitoria-amplia-para-50-o-numero-de-escolas-em-tempo-integral\/#breadcrumb"},"inLanguage":"pt-BR","potentialAction":[{"@type":"ReadAction","target":["https:\/\/www.encontravitoria.com.br\/sobre\/vitoria-amplia-para-50-o-numero-de-escolas-em-tempo-integral\/"]}]},{"@type":"ImageObject","inLanguage":"pt-BR","@id":"https:\/\/www.encontravitoria.com.br\/sobre\/vitoria-amplia-para-50-o-numero-de-escolas-em-tempo-integral\/#primaryimage","url":"https:\/\/www.encontravitoria.com.br\/sobre\/wp-content\/uploads\/2026\/01\/vitoria-amplia-para-50-o-numero-de-escolas-em-tempo-integral.webp","contentUrl":"https:\/\/www.encontravitoria.com.br\/sobre\/wp-content\/uploads\/2026\/01\/vitoria-amplia-para-50-o-numero-de-escolas-em-tempo-integral.webp","width":280,"height":280,"caption":"escolas em tempo integral"},{"@type":"BreadcrumbList","@id":"https:\/\/www.encontravitoria.com.br\/sobre\/vitoria-amplia-para-50-o-numero-de-escolas-em-tempo-integral\/#breadcrumb","itemListElement":[{"@type":"ListItem","position":1,"name":"In\u00edcio","item":"https:\/\/www.encontravitoria.com.br\/sobre\/"},{"@type":"ListItem","position":2,"name":"Vit\u00f3ria amplia para 50 o n\u00famero de escolas em Tempo Integral"}]},{"@type":"WebSite","@id":"https:\/\/www.encontravitoria.com.br\/sobre\/#website","url":"https:\/\/www.encontravitoria.com.br\/sobre\/","name":"Encontra Vit\u00f3ria","description":"Not\u00edcias, eventos, informa\u00e7\u00f5es e dicas na cidade Vit\u00f3ria e regi\u00e3o.","potentialAction":[{"@type":"SearchAction","target":{"@type":"EntryPoint","urlTemplate":"https:\/\/www.encontravitoria.com.br\/sobre\/?s={search_term_string}"},"query-input":{"@type":"PropertyValueSpecification","valueRequired":true,"valueName":"search_term_string"}}],"inLanguage":"pt-BR"},{"@type":"Person","@id":"https:\/\/www.encontravitoria.com.br\/sobre\/#\/schema\/person\/0f8e5bcc88fbadf1bad57afd504f48a2","name":"Encontra Vit\u00f3ria","image":{"@type":"ImageObject","inLanguage":"pt-BR","@id":"https:\/\/www.encontravitoria.com.br\/sobre\/#\/schema\/person\/image\/","url":"https:\/\/secure.gravatar.com\/avatar\/507340682b8270222e1f208e23198b6ae7e2c6a1033ae84e99bc6bce4f82a387?s=96&d=mm&r=g","contentUrl":"https:\/\/secure.gravatar.com\/avatar\/507340682b8270222e1f208e23198b6ae7e2c6a1033ae84e99bc6bce4f82a387?s=96&d=mm&r=g","caption":"Encontra Vit\u00f3ria"},"sameAs":["http:\/\/www.encontravitoria.com.br"],"url":"https:\/\/www.encontravitoria.com.br\/sobre\/author\/evitoria\/"}]}},"_links":{"self":[{"href":"https:\/\/www.encontravitoria.com.br\/sobre\/wp-json\/wp\/v2\/posts\/1007","targetHints":{"allow":["GET"]}}],"collection":[{"href":"https:\/\/www.encontravitoria.com.br\/sobre\/wp-json\/wp\/v2\/posts"}],"about":[{"href":"https:\/\/www.encontravitoria.com.br\/sobre\/wp-json\/wp\/v2\/types\/post"}],"author":[{"embeddable":true,"href":"https:\/\/www.encontravitoria.com.br\/sobre\/wp-json\/wp\/v2\/users\/1"}],"replies":[{"embeddable":true,"href":"https:\/\/www.encontravitoria.com.br\/sobre\/wp-json\/wp\/v2\/comments?post=1007"}],"version-history":[{"count":0,"href":"https:\/\/www.encontravitoria.com.br\/sobre\/wp-json\/wp\/v2\/posts\/1007\/revisions"}],"wp:featuredmedia":[{"embeddable":true,"href":"https:\/\/www.encontravitoria.com.br\/sobre\/wp-json\/wp\/v2\/media\/1006"}],"wp:attachment":[{"href":"https:\/\/www.encontravitoria.com.br\/sobre\/wp-json\/wp\/v2\/media?parent=1007"}],"wp:term":[{"taxonomy":"category","embeddable":true,"href":"https:\/\/www.encontravitoria.com.br\/sobre\/wp-json\/wp\/v2\/categories?post=1007"},{"taxonomy":"post_tag","embeddable":true,"href":"https:\/\/www.encontravitoria.com.br\/sobre\/wp-json\/wp\/v2\/tags?post=1007"}],"curies":[{"name":"wp","href":"https:\/\/api.w.org\/{rel}","templated":true}]}}