{"id":1041,"date":"2026-01-19T16:45:55","date_gmt":"2026-01-19T16:45:55","guid":{"rendered":"https:\/\/www.encontravitoria.com.br\/sobre\/trabalho-comeca-cedo-em-vitoria-e-prefeitura-funciona-normalmente-no-primeiro-dia-util-do-ano\/"},"modified":"2026-01-19T16:45:55","modified_gmt":"2026-01-19T16:45:55","slug":"trabalho-comeca-cedo-em-vitoria-e-prefeitura-funciona-normalmente-no-primeiro-dia-util-do-ano","status":"publish","type":"post","link":"https:\/\/www.encontravitoria.com.br\/sobre\/trabalho-comeca-cedo-em-vitoria-e-prefeitura-funciona-normalmente-no-primeiro-dia-util-do-ano\/","title":{"rendered":"Trabalho come\u00e7a cedo em Vit\u00f3ria e Prefeitura funciona normalmente no primeiro dia \u00fatil do ano"},"content":{"rendered":"<div class=\"23ed37709e053b55400ee1990aeffe41\" data-index=\"1\" style=\"float: none; margin:0px;\">\n<!-- Anuncio display - global -->\r\n<ins class=\"adsbygoogle\"\r\n     style=\"display:block\"\r\n     data-ad-client=\"ca-pub-8585364105181520\"\r\n     data-ad-slot=\"8789329856\"\r\n     data-ad-format=\"auto\"\r\n     data-full-width-responsive=\"true\"><\/ins>\r\n<script>\r\n     (adsbygoogle = window.adsbygoogle || []).push({});\r\n<\/script>\n<\/div>\n<h2>Visita \u00e0s Obras da EMEF<\/h2>\n<p>No dia 2 de janeiro de 2026, a Prefeitura de Vit\u00f3ria deu in\u00edcio \u00e0s suas atividades do novo ano com uma visita \u00e0 Escola Municipal de Ensino Fundamental (EMEF) Juscelino Kubitschek de Oliveira. Este local, que est\u00e1 passando por um extenso processo de reformas, \u00e9 um exemplo claro do compromisso da gest\u00e3o municipal com a educa\u00e7\u00e3o e o bem-estar dos estudantes. As obras incluem melhorias significativas em diversas \u00e1reas da escola, como as quadras esportivas, vesti\u00e1rios, parque infantil, banheiros e outras \u00e1reas externas, totalizando um investimento aproximado de R$ 3 milh\u00f5es.<\/p>\n<p>A visita t\u00e9cnica enfatizou a import\u00e2ncia das interven\u00e7\u00f5es que est\u00e3o sendo realizadas, que incluem n\u00e3o apenas a troca de telhas e a pintura da estrutura met\u00e1lica, mas tamb\u00e9m a requalifica\u00e7\u00e3o de instala\u00e7\u00f5es essenciais. Entre as melhorias est\u00e3o a substitui\u00e7\u00e3o de alambrados, novos pisos em tinta ep\u00f3xi e a instala\u00e7\u00e3o de refletores, que visam proporcionar um ambiente escolar mais seguro e acolhedor para os alunos. O foco principal \u00e9 garantir que os estudantes tenham um espa\u00e7o adequado para aprender e praticar esportes, preparando-os para um futuro promissor.<\/p>\n<p>Com a reforma completa, a escola n\u00e3o s\u00f3 atender\u00e1 melhor aos alunos, como tamb\u00e9m refletir\u00e1 um novo padr\u00e3o de infraestrutura educacional na cidade. Os esfor\u00e7os demonstram um compromisso cont\u00ednuo para atualizar as condi\u00e7\u00f5es de ensino e assegurar que as instala\u00e7\u00f5es estejam alinhadas com as necessidades contempor\u00e2neas.<\/p>\n<p><img decoding=\"async\" src=\"https:\/\/www.encontravitoria.com.br\/sobre\/wp-content\/uploads\/2026\/01\/trabalho-comeca-cedo-em-vitoria-e-prefeitura-funciona-normalmente-no-primeiro-dia-util-do-ano.webp\" alt=\"trabalho em Vit\u00f3ria\" loading=\"lazy\" \/><\/p>\n<h2>Melhorias na Unidade de Sa\u00fade<\/h2>\n<p>Na sequ\u00eancia, a agenda do prefeito Lorenzo Pazolini continuou com uma visita \u00e0 Unidade de Sa\u00fade de Maria Ortiz. Este momento foi marcado pela intera\u00e7\u00e3o direta com os profissionais de sa\u00fade e usu\u00e1rios, ilustrando a import\u00e2ncia do atendimento m\u00e9dico acess\u00edvel e eficiente para a popula\u00e7\u00e3o. O prefeito destacou que a unidade \u00e9 uma das seis que operam durante s\u00e1bados, domingos e feriados, uma iniciativa que visa garantir acesso a servi\u00e7os de sa\u00fade sem interrup\u00e7\u00f5es.<\/p>\n<p>As visitas \u00e0s unidades de sa\u00fade n\u00e3o s\u00f3 permitem avaliar o funcionamento dos servi\u00e7os oferecidos, mas tamb\u00e9m s\u00e3o cruciais para identificar \u00e1reas que podem ser aprimoradas. O prefeito enfatizou que a sa\u00fade \u00e9 uma das prioridades da gest\u00e3o e que o compromisso com o cuidado da popula\u00e7\u00e3o \u00e9 uma responsabilidade cont\u00ednua. Ao assegurar que as Unidades de Sa\u00fade estejam sempre dispon\u00edveis, a Prefeitura busca promover um bem-estar social amplificado.<\/p>\n<p>Al\u00e9m de garantir acesso aos cuidados m\u00e9dicos, os servi\u00e7os de sa\u00fade continuam a evoluir, com novos programas e melhorias sendo constantemente desenvolvidas. A amplia\u00e7\u00e3o das horas de atendimento \u00e9 um passo importante para facilitar o acesso \u00e0 sa\u00fade para aqueles que, frequentemente, enfrentam dificuldades em procurar servi\u00e7os em hor\u00e1rios convencionais devido a compromissos de trabalho ou estudo.<\/p>\n<h2>Compromisso com a Educa\u00e7\u00e3o<\/h2>\n<p>O compromisso da Prefeitura de Vit\u00f3ria com a educa\u00e7\u00e3o \u00e9 evidente n\u00e3o apenas nas visitas, mas tamb\u00e9m nos investimentos cont\u00ednuos em infraestrutura escolar e em programas de apoio aos alunos. A gest\u00e3o reconhece que a educa\u00e7\u00e3o \u00e9 a chave para o progresso e o desenvolvimento social, e que ambientes educativos de qualidade desempenham um papel fundamental nesse processo. Portanto, a melhoria das escolas, como a EMEF Juscelino Kubitschek, \u00e9 uma prioridade estrat\u00e9gica.<\/p>\n<p>As reformas realizadas nas escolas municipais abrangem desde a moderniza\u00e7\u00e3o de equipamentos at\u00e9 a cria\u00e7\u00e3o de ambientes mais inclusivos e acess\u00edveis. A gest\u00e3o municipal tem promovido pol\u00edticas que incentivam a participa\u00e7\u00e3o de toda a comunidade escolar, buscando ouvir sugest\u00f5es e necessidades de professores, alunos e pais. Isso n\u00e3o apenas viabiliza uma educa\u00e7\u00e3o mais alinhada com as realidades locais, mas tamb\u00e9m fomenta o engajamento social e familiar na vida escolar.<\/p>\n<p>Os investimentos em educa\u00e7\u00e3o em Vit\u00f3ria tamb\u00e9m se estendem a programas de forma\u00e7\u00e3o e capacita\u00e7\u00e3o de professores, visando aprimorar a qualidade do ensino. Essas iniciativas incluem capacita\u00e7\u00f5es regulares e parceria com institui\u00e7\u00f5es de ensino superior para forma\u00e7\u00e3o continuada, garantindo que os educadores estejam bem preparados para os desafios do ensino moderno.<\/p>\n<h2>Objetivos da Prefeitura para 2026<\/h2>\n<p>Os objetivos da Prefeitura de Vit\u00f3ria para o ano de 2026 s\u00e3o ambiciosos e refletem um forte desejo de transformar a cidade em um lugar ainda melhor para viver. A gest\u00e3o busca, entre outras coisas, melhorar a qualidade dos servi\u00e7os p\u00fablicos, aumentar a transpar\u00eancia nas a\u00e7\u00f5es da prefeitura e garantir a participa\u00e7\u00e3o da popula\u00e7\u00e3o nas decis\u00f5es que afetam suas vidas cotidianas.<\/p>\n<p>Um dos focos principais \u00e9 a constru\u00e7\u00e3o de uma cidade mais inclusiva, onde todos, independentemente de suas condi\u00e7\u00f5es socioecon\u00f4micas, tenham acesso a servi\u00e7os b\u00e1sicos de sa\u00fade, educa\u00e7\u00e3o e seguran\u00e7a p\u00fablica. Al\u00e9m disso, a administra\u00e7\u00e3o est\u00e1 comprometida com o desenvolvimento sustent\u00e1vel, promovendo iniciativas que respeitam o meio ambiente e que incentivam a economia local.<\/p>\n<p>Outro aspecto importante \u00e9 a revitaliza\u00e7\u00e3o das \u00e1reas urbanas, especialmente aquelas que foram negligenciadas ao longo dos anos. Isso inclui investimentos em infraestrutura, como ilumina\u00e7\u00e3o p\u00fablica, saneamento e espa\u00e7os de lazer, proporcionando um ambiente mais seguro e acolhedor para todos os moradores de Vit\u00f3ria.<\/p>\n<h2>Iniciativas para a Sa\u00fade P\u00fablica<\/h2>\n<p>A \u00e1rea da sa\u00fade p\u00fablica tamb\u00e9m tem recebido aten\u00e7\u00e3o especial com iniciativas voltadas para a preven\u00e7\u00e3o e tratamento de doen\u00e7as. A gest\u00e3o est\u00e1 implementando programas educativos focados na promo\u00e7\u00e3o da sa\u00fade, que abrangem desde campanhas contra doen\u00e7as end\u00eamicas at\u00e9 a conscientiza\u00e7\u00e3o sobre a import\u00e2ncia da alimenta\u00e7\u00e3o saud\u00e1vel e da pr\u00e1tica de atividades f\u00edsicas.<\/p>\n<p>Em 2026, as Unidades de Sa\u00fade da cidade passaram a oferecer mais servi\u00e7os, visando atender uma demanda crescente de cuidados m\u00e9dicos da popula\u00e7\u00e3o. O acompanhamento cont\u00ednuo da sa\u00fade mental, por exemplo, \u00e9 uma prioridade, com um aumento no n\u00famero de profissionais capacitados e centros de atendimento abertos, permitindo que mais pessoas tenham acesso \u00e0 assist\u00eancia psicol\u00f3gica.<\/p>\n<p>A gest\u00e3o tamb\u00e9m est\u00e1 investindo na atualiza\u00e7\u00e3o tecnol\u00f3gica das Unidades de Sa\u00fade, facilitando agendamentos online, e a gest\u00e3o de filas, promovendo assim uma experi\u00eancia mais \u00e1gil e eficiente para os usu\u00e1rios. Tais inova\u00e7\u00f5es s\u00e3o essenciais para modernizar o sistema de sa\u00fade e garantir um atendimento de qualidade e humanizado.<\/p>\n<h2>Reformas Estruturais em Vit\u00f3ria<\/h2>\n<p>As reformas estruturais que v\u00eam sendo realizadas nas escolas e unidades de sa\u00fade de Vit\u00f3ria s\u00e3o apenas uma parte do amplo programa de melhorias que a prefeitura tem planejado. As obras de infraestrutura est\u00e3o se espalhando pelo munic\u00edpio, buscando revitalizar espa\u00e7os p\u00fablicos e melhorar a mobilidade urbana. Um dos projetos mais ambiciosos envolve a atualiza\u00e7\u00e3o das cal\u00e7adas e ruas, promovendo acessibilidade para todas as pessoas, incluindo aquelas com defici\u00eancia.<\/p>\n<p>A moderniza\u00e7\u00e3o do transporte p\u00fablico tamb\u00e9m \u00e9 uma prioridade. Com melhorias na frota de \u00f4nibus e a instala\u00e7\u00e3o de faixas exclusivas para transporte p\u00fablico, a gest\u00e3o busca incentivar a utiliza\u00e7\u00e3o do transporte coletivo, aliviando o tr\u00e2nsito e reduzindo a emiss\u00e3o de poluentes na cidade.<\/p>\n<p>Estas reformas n\u00e3o apenas beneficiam o tr\u00e2nsito e a mobilidade, mas tamb\u00e9m visam criar um ambiente urbano mais agrad\u00e1vel e acolhedor, com \u00e1reas verdes, ciclovias e espa\u00e7os de conviv\u00eancia para a popula\u00e7\u00e3o.<\/p>\n<h2>A Import\u00e2ncia do Atendimento Continuado<\/h2>\n<p>A manuten\u00e7\u00e3o do atendimento cont\u00ednuo nas unidades de sa\u00fade \u00e9 uma estrat\u00e9gia crucial para garantir que a popula\u00e7\u00e3o tenha acesso ao que h\u00e1 de melhor em termos de sa\u00fade p\u00fablica. Como mencionado anteriormente, algumas Unidades de Sa\u00fade est\u00e3o abertas em hor\u00e1rios estendidos, inclusive nos finais de semana. Isso tem sido vital para atender aqueles que trabalham e n\u00e3o conseguem acessar os servi\u00e7os durante os hor\u00e1rios convencionais.<\/p>\n<p>Ter acesso a servi\u00e7os de sa\u00fade sem interrup\u00e7\u00f5es \u00e9 importante n\u00e3o somente para o tratamento de doen\u00e7as, mas tamb\u00e9m para a promo\u00e7\u00e3o da sa\u00fade e preven\u00e7\u00e3o de condi\u00e7\u00f5es cr\u00f4nicas. Com equipe m\u00e9dica dispon\u00edvel em hor\u00e1rios mais flex\u00edveis, o munic\u00edpio tem incentivado a popula\u00e7\u00e3o a buscar atendimento sempre que necess\u00e1rio, contribuindo para uma melhor qualidade de vida e bem-estar geral.<\/p>\n<p>Al\u00e9m disso, o atendimento continuado permite um acompanhamento mais efetivo do tratamento de doen\u00e7as, resultando em melhores indicadores de sa\u00fade na popula\u00e7\u00e3o e uma redu\u00e7\u00e3o significativa das interna\u00e7\u00f5es hospitalares que poderiam ser evitadas com um controle adequado.<\/p>\n<h2>Apoio \u00e0 Comunidade Durante o Ano<\/h2>\n<p>O apoio \u00e0 comunidade \u00e9 uma parte intr\u00ednseca das iniciativas da Prefeitura de Vit\u00f3ria, que busca a inclus\u00e3o social e a promo\u00e7\u00e3o de uma cidade mais unida e solid\u00e1ria. Em 2026, diversas a\u00e7\u00f5es foram implementadas para atender diferentes grupos sociais, desde crian\u00e7as at\u00e9 idosos. Programas voltados para a assist\u00eancia social, educa\u00e7\u00e3o e sa\u00fade foram ampliados e reestruturados visando fortalecer a rela\u00e7\u00e3o entre a prefeitura e os cidad\u00e3os.<\/p>\n<p>Essas iniciativas incluem o fortalecimento de programas de acolhimento, apoio \u00e0 popula\u00e7\u00e3o em situa\u00e7\u00e3o de rua e a\u00e7\u00f5es que promovam a inclus\u00e3o de pessoas com defici\u00eancia. Ao mesmo tempo, a gest\u00e3o continua a incentivar atividades culturais e de lazer que unam a comunidade, refor\u00e7ando la\u00e7os e promovendo um ambiente social saud\u00e1vel.<\/p>\n<p>O envolvimento da popula\u00e7\u00e3o nas a\u00e7\u00f5es locais tamb\u00e9m \u00e9 fundamental, e a prefeitura promove espa\u00e7os de di\u00e1logo e participa\u00e7\u00e3o, onde os moradores podem expressar suas necessidades e contribuir com ideias para melhorias nas suas comunidades.<\/p>\n<h2>Investimentos em Infraestrutura Escolar<\/h2>\n<p>Os investimentos na infraestrutura escolar s\u00e3o um dos pilares do desenvolvimento educativo em Vit\u00f3ria. As reformas n\u00e3o se limitam apenas \u00e0 moderniza\u00e7\u00e3o das instala\u00e7\u00f5es existentes, mas tamb\u00e9m \u00e0 cria\u00e7\u00e3o de novos espa\u00e7os que proporcionem um ambiente de aprendizado mais estimulante e interativo. Al\u00e9m das reformas mencionadas na EMEF Juscelino Kubitschek, outras escolas de diferentes regi\u00f5es da cidade tamb\u00e9m recebem melhorias e adequa\u00e7\u00f5es.<\/p>\n<p>Esses investimentos abrangem desde a reforma de quadras esportivas at\u00e9 a constru\u00e7\u00e3o de bibliotecas e laborat\u00f3rios, permitindo um aprendizado pr\u00e1tico que prepara os alunos para os desafios do s\u00e9culo XXI. O acesso a tecnologias de informa\u00e7\u00e3o e comunica\u00e7\u00e3o se tornou uma prioridade, com a implementa\u00e7\u00e3o de laborat\u00f3rios de inform\u00e1tica e aprendizado digital.<\/p>\n<p>A gest\u00e3o da educa\u00e7\u00e3o em Vit\u00f3ria est\u00e1 focada na forma\u00e7\u00e3o integral dos alunos, garantindo n\u00e3o apenas o ensino dos conte\u00fados curriculares, mas tamb\u00e9m o desenvolvimento de habilidades socioemocionais, essenciais para uma forma\u00e7\u00e3o completa. Este enfoque \u00e9 refletido na promo\u00e7\u00e3o de atividades extracurriculares que enriquecem a vida escolar e preparam os estudantes para fazer parte de uma sociedade ativa e respons\u00e1vel.<\/p>\n<h2>A Gest\u00e3o Proativa do Prefeito Pazolini<\/h2>\n<p>A gest\u00e3o proativa do prefeito Lorenzo Pazolini tem sido marcada por um compromisso incessante em melhorar a qualidade de vida da popula\u00e7\u00e3o de Vit\u00f3ria. Desde seu in\u00edcio, Pazolini tem buscado ouvir as demandas da comunidade e trabalhar em conjunto com seus cidad\u00e3os para implementar solu\u00e7\u00f5es eficazes que fazem a diferen\u00e7a na vida di\u00e1ria dos moradores.<\/p>\n<p>Seja atrav\u00e9s de visitas \u00e0s unidades de sa\u00fade e escolas, seja promovendo f\u00f3runs e assembleias, o prefeito tem mostrado que a comunica\u00e7\u00e3o aberta e a transpar\u00eancia s\u00e3o fundamentais para sua gest\u00e3o. Este envolvimento n\u00e3o apenas assegura que as a\u00e7\u00f5es da prefeitura atendam \u00e0s necessidades reais da popula\u00e7\u00e3o, mas tamb\u00e9m fortalece a confian\u00e7a da comunidade na administra\u00e7\u00e3o p\u00fablica.<\/p>\n<p>A estrat\u00e9gia de gest\u00e3o de Pazolini \u00e9 marcada pelo planejamento cuidadoso e pela execu\u00e7\u00e3o de projetos com a participa\u00e7\u00e3o da comunidade, promovendo um ciclo de feedback que permite adapta\u00e7\u00f5es e melhoramentos constantes. A vis\u00e3o da prefeitura para um futuro mais inclusivo e de qualidade para todos os cidad\u00e3os \u00e9 a base do trabalho que vem sendo realizado em Vit\u00f3ria.<\/p>\n\n<div style=\"font-size: 0px; height: 0px; line-height: 0px; margin: 0; padding: 0; clear: both;\"><\/div>","protected":false},"excerpt":{"rendered":"<p>Trabalho em Vit\u00f3ria segue firme com a prefeitura funcionando regularmente.<\/p>\n","protected":false},"author":1,"featured_media":1040,"comment_status":"open","ping_status":"closed","sticky":false,"template":"","format":"standard","meta":{"footnotes":""},"categories":[6],"tags":[],"class_list":["post-1041","post","type-post","status-publish","format-standard","has-post-thumbnail","hentry","category-noticias-em-vitoria","has_thumb"],"yoast_head":"<!-- This site is optimized with the Yoast SEO plugin v26.7 - https:\/\/yoast.com\/wordpress\/plugins\/seo\/ -->\n<title>Trabalho come\u00e7a cedo em Vit\u00f3ria e Prefeitura funciona normalmente no primeiro dia \u00fatil do ano - Encontra Vit\u00f3ria<\/title>\n<meta name=\"robots\" content=\"index, follow, max-snippet:-1, max-image-preview:large, max-video-preview:-1\" \/>\n<link rel=\"canonical\" href=\"https:\/\/www.encontravitoria.com.br\/sobre\/trabalho-comeca-cedo-em-vitoria-e-prefeitura-funciona-normalmente-no-primeiro-dia-util-do-ano\/\" \/>\n<meta property=\"og:locale\" content=\"pt_BR\" \/>\n<meta property=\"og:type\" content=\"article\" \/>\n<meta property=\"og:title\" content=\"Trabalho come\u00e7a cedo em Vit\u00f3ria e Prefeitura funciona normalmente no primeiro dia \u00fatil do ano - Encontra Vit\u00f3ria\" \/>\n<meta property=\"og:description\" content=\"Trabalho em Vit\u00f3ria segue firme com a prefeitura funcionando regularmente.\" \/>\n<meta property=\"og:url\" content=\"https:\/\/www.encontravitoria.com.br\/sobre\/trabalho-comeca-cedo-em-vitoria-e-prefeitura-funciona-normalmente-no-primeiro-dia-util-do-ano\/\" \/>\n<meta property=\"og:site_name\" content=\"Encontra Vit\u00f3ria\" \/>\n<meta property=\"article:published_time\" content=\"2026-01-19T16:45:55+00:00\" \/>\n<meta property=\"og:image\" content=\"https:\/\/www.encontravitoria.com.br\/sobre\/wp-content\/uploads\/2026\/01\/trabalho-comeca-cedo-em-vitoria-e-prefeitura-funciona-normalmente-no-primeiro-dia-util-do-ano.webp\" \/>\n<meta name=\"author\" content=\"Encontra Vit\u00f3ria\" \/>\n<meta name=\"twitter:card\" content=\"summary_large_image\" \/>\n<meta name=\"twitter:label1\" content=\"Escrito por\" \/>\n\t<meta name=\"twitter:data1\" content=\"Encontra Vit\u00f3ria\" \/>\n\t<meta name=\"twitter:label2\" content=\"Est. tempo de leitura\" \/>\n\t<meta name=\"twitter:data2\" content=\"10 minutos\" \/>\n<script type=\"application\/ld+json\" class=\"yoast-schema-graph\">{\"@context\":\"https:\/\/schema.org\",\"@graph\":[{\"@type\":\"Article\",\"@id\":\"https:\/\/www.encontravitoria.com.br\/sobre\/trabalho-comeca-cedo-em-vitoria-e-prefeitura-funciona-normalmente-no-primeiro-dia-util-do-ano\/#article\",\"isPartOf\":{\"@id\":\"https:\/\/www.encontravitoria.com.br\/sobre\/trabalho-comeca-cedo-em-vitoria-e-prefeitura-funciona-normalmente-no-primeiro-dia-util-do-ano\/\"},\"author\":{\"name\":\"Encontra Vit\u00f3ria\",\"@id\":\"https:\/\/www.encontravitoria.com.br\/sobre\/#\/schema\/person\/0f8e5bcc88fbadf1bad57afd504f48a2\"},\"headline\":\"Trabalho come\u00e7a cedo em Vit\u00f3ria e Prefeitura funciona normalmente no primeiro dia \u00fatil do ano\",\"datePublished\":\"2026-01-19T16:45:55+00:00\",\"mainEntityOfPage\":{\"@id\":\"https:\/\/www.encontravitoria.com.br\/sobre\/trabalho-comeca-cedo-em-vitoria-e-prefeitura-funciona-normalmente-no-primeiro-dia-util-do-ano\/\"},\"wordCount\":2075,\"commentCount\":0,\"image\":{\"@id\":\"https:\/\/www.encontravitoria.com.br\/sobre\/trabalho-comeca-cedo-em-vitoria-e-prefeitura-funciona-normalmente-no-primeiro-dia-util-do-ano\/#primaryimage\"},\"thumbnailUrl\":\"https:\/\/www.encontravitoria.com.br\/sobre\/wp-content\/uploads\/2026\/01\/trabalho-comeca-cedo-em-vitoria-e-prefeitura-funciona-normalmente-no-primeiro-dia-util-do-ano.webp\",\"articleSection\":[\"Not\u00edcias Vit\u00f3ria\"],\"inLanguage\":\"pt-BR\",\"potentialAction\":[{\"@type\":\"CommentAction\",\"name\":\"Comment\",\"target\":[\"https:\/\/www.encontravitoria.com.br\/sobre\/trabalho-comeca-cedo-em-vitoria-e-prefeitura-funciona-normalmente-no-primeiro-dia-util-do-ano\/#respond\"]}]},{\"@type\":\"WebPage\",\"@id\":\"https:\/\/www.encontravitoria.com.br\/sobre\/trabalho-comeca-cedo-em-vitoria-e-prefeitura-funciona-normalmente-no-primeiro-dia-util-do-ano\/\",\"url\":\"https:\/\/www.encontravitoria.com.br\/sobre\/trabalho-comeca-cedo-em-vitoria-e-prefeitura-funciona-normalmente-no-primeiro-dia-util-do-ano\/\",\"name\":\"Trabalho come\u00e7a cedo em Vit\u00f3ria e Prefeitura funciona normalmente no primeiro dia \u00fatil do ano - Encontra Vit\u00f3ria\",\"isPartOf\":{\"@id\":\"https:\/\/www.encontravitoria.com.br\/sobre\/#website\"},\"primaryImageOfPage\":{\"@id\":\"https:\/\/www.encontravitoria.com.br\/sobre\/trabalho-comeca-cedo-em-vitoria-e-prefeitura-funciona-normalmente-no-primeiro-dia-util-do-ano\/#primaryimage\"},\"image\":{\"@id\":\"https:\/\/www.encontravitoria.com.br\/sobre\/trabalho-comeca-cedo-em-vitoria-e-prefeitura-funciona-normalmente-no-primeiro-dia-util-do-ano\/#primaryimage\"},\"thumbnailUrl\":\"https:\/\/www.encontravitoria.com.br\/sobre\/wp-content\/uploads\/2026\/01\/trabalho-comeca-cedo-em-vitoria-e-prefeitura-funciona-normalmente-no-primeiro-dia-util-do-ano.webp\",\"datePublished\":\"2026-01-19T16:45:55+00:00\",\"author\":{\"@id\":\"https:\/\/www.encontravitoria.com.br\/sobre\/#\/schema\/person\/0f8e5bcc88fbadf1bad57afd504f48a2\"},\"breadcrumb\":{\"@id\":\"https:\/\/www.encontravitoria.com.br\/sobre\/trabalho-comeca-cedo-em-vitoria-e-prefeitura-funciona-normalmente-no-primeiro-dia-util-do-ano\/#breadcrumb\"},\"inLanguage\":\"pt-BR\",\"potentialAction\":[{\"@type\":\"ReadAction\",\"target\":[\"https:\/\/www.encontravitoria.com.br\/sobre\/trabalho-comeca-cedo-em-vitoria-e-prefeitura-funciona-normalmente-no-primeiro-dia-util-do-ano\/\"]}]},{\"@type\":\"ImageObject\",\"inLanguage\":\"pt-BR\",\"@id\":\"https:\/\/www.encontravitoria.com.br\/sobre\/trabalho-comeca-cedo-em-vitoria-e-prefeitura-funciona-normalmente-no-primeiro-dia-util-do-ano\/#primaryimage\",\"url\":\"https:\/\/www.encontravitoria.com.br\/sobre\/wp-content\/uploads\/2026\/01\/trabalho-comeca-cedo-em-vitoria-e-prefeitura-funciona-normalmente-no-primeiro-dia-util-do-ano.webp\",\"contentUrl\":\"https:\/\/www.encontravitoria.com.br\/sobre\/wp-content\/uploads\/2026\/01\/trabalho-comeca-cedo-em-vitoria-e-prefeitura-funciona-normalmente-no-primeiro-dia-util-do-ano.webp\",\"width\":280,\"height\":280,\"caption\":\"trabalho em Vit\u00f3ria\"},{\"@type\":\"BreadcrumbList\",\"@id\":\"https:\/\/www.encontravitoria.com.br\/sobre\/trabalho-comeca-cedo-em-vitoria-e-prefeitura-funciona-normalmente-no-primeiro-dia-util-do-ano\/#breadcrumb\",\"itemListElement\":[{\"@type\":\"ListItem\",\"position\":1,\"name\":\"In\u00edcio\",\"item\":\"https:\/\/www.encontravitoria.com.br\/sobre\/\"},{\"@type\":\"ListItem\",\"position\":2,\"name\":\"Trabalho come\u00e7a cedo em Vit\u00f3ria e Prefeitura funciona normalmente no primeiro dia \u00fatil do ano\"}]},{\"@type\":\"WebSite\",\"@id\":\"https:\/\/www.encontravitoria.com.br\/sobre\/#website\",\"url\":\"https:\/\/www.encontravitoria.com.br\/sobre\/\",\"name\":\"Encontra Vit\u00f3ria\",\"description\":\"Not\u00edcias, eventos, informa\u00e7\u00f5es e dicas na cidade Vit\u00f3ria e regi\u00e3o.\",\"potentialAction\":[{\"@type\":\"SearchAction\",\"target\":{\"@type\":\"EntryPoint\",\"urlTemplate\":\"https:\/\/www.encontravitoria.com.br\/sobre\/?s={search_term_string}\"},\"query-input\":{\"@type\":\"PropertyValueSpecification\",\"valueRequired\":true,\"valueName\":\"search_term_string\"}}],\"inLanguage\":\"pt-BR\"},{\"@type\":\"Person\",\"@id\":\"https:\/\/www.encontravitoria.com.br\/sobre\/#\/schema\/person\/0f8e5bcc88fbadf1bad57afd504f48a2\",\"name\":\"Encontra Vit\u00f3ria\",\"image\":{\"@type\":\"ImageObject\",\"inLanguage\":\"pt-BR\",\"@id\":\"https:\/\/www.encontravitoria.com.br\/sobre\/#\/schema\/person\/image\/\",\"url\":\"https:\/\/secure.gravatar.com\/avatar\/507340682b8270222e1f208e23198b6ae7e2c6a1033ae84e99bc6bce4f82a387?s=96&d=mm&r=g\",\"contentUrl\":\"https:\/\/secure.gravatar.com\/avatar\/507340682b8270222e1f208e23198b6ae7e2c6a1033ae84e99bc6bce4f82a387?s=96&d=mm&r=g\",\"caption\":\"Encontra Vit\u00f3ria\"},\"sameAs\":[\"http:\/\/www.encontravitoria.com.br\"],\"url\":\"https:\/\/www.encontravitoria.com.br\/sobre\/author\/evitoria\/\"}]}<\/script>\n<!-- \/ Yoast SEO plugin. -->","yoast_head_json":{"title":"Trabalho come\u00e7a cedo em Vit\u00f3ria e Prefeitura funciona normalmente no primeiro dia \u00fatil do ano - Encontra Vit\u00f3ria","robots":{"index":"index","follow":"follow","max-snippet":"max-snippet:-1","max-image-preview":"max-image-preview:large","max-video-preview":"max-video-preview:-1"},"canonical":"https:\/\/www.encontravitoria.com.br\/sobre\/trabalho-comeca-cedo-em-vitoria-e-prefeitura-funciona-normalmente-no-primeiro-dia-util-do-ano\/","og_locale":"pt_BR","og_type":"article","og_title":"Trabalho come\u00e7a cedo em Vit\u00f3ria e Prefeitura funciona normalmente no primeiro dia \u00fatil do ano - Encontra Vit\u00f3ria","og_description":"Trabalho em Vit\u00f3ria segue firme com a prefeitura funcionando regularmente.","og_url":"https:\/\/www.encontravitoria.com.br\/sobre\/trabalho-comeca-cedo-em-vitoria-e-prefeitura-funciona-normalmente-no-primeiro-dia-util-do-ano\/","og_site_name":"Encontra Vit\u00f3ria","article_published_time":"2026-01-19T16:45:55+00:00","og_image":[{"url":"https:\/\/www.encontravitoria.com.br\/sobre\/wp-content\/uploads\/2026\/01\/trabalho-comeca-cedo-em-vitoria-e-prefeitura-funciona-normalmente-no-primeiro-dia-util-do-ano.webp","type":"","width":"","height":""}],"author":"Encontra Vit\u00f3ria","twitter_card":"summary_large_image","twitter_misc":{"Escrito por":"Encontra Vit\u00f3ria","Est. tempo de leitura":"10 minutos"},"schema":{"@context":"https:\/\/schema.org","@graph":[{"@type":"Article","@id":"https:\/\/www.encontravitoria.com.br\/sobre\/trabalho-comeca-cedo-em-vitoria-e-prefeitura-funciona-normalmente-no-primeiro-dia-util-do-ano\/#article","isPartOf":{"@id":"https:\/\/www.encontravitoria.com.br\/sobre\/trabalho-comeca-cedo-em-vitoria-e-prefeitura-funciona-normalmente-no-primeiro-dia-util-do-ano\/"},"author":{"name":"Encontra Vit\u00f3ria","@id":"https:\/\/www.encontravitoria.com.br\/sobre\/#\/schema\/person\/0f8e5bcc88fbadf1bad57afd504f48a2"},"headline":"Trabalho come\u00e7a cedo em Vit\u00f3ria e Prefeitura funciona normalmente no primeiro dia \u00fatil do ano","datePublished":"2026-01-19T16:45:55+00:00","mainEntityOfPage":{"@id":"https:\/\/www.encontravitoria.com.br\/sobre\/trabalho-comeca-cedo-em-vitoria-e-prefeitura-funciona-normalmente-no-primeiro-dia-util-do-ano\/"},"wordCount":2075,"commentCount":0,"image":{"@id":"https:\/\/www.encontravitoria.com.br\/sobre\/trabalho-comeca-cedo-em-vitoria-e-prefeitura-funciona-normalmente-no-primeiro-dia-util-do-ano\/#primaryimage"},"thumbnailUrl":"https:\/\/www.encontravitoria.com.br\/sobre\/wp-content\/uploads\/2026\/01\/trabalho-comeca-cedo-em-vitoria-e-prefeitura-funciona-normalmente-no-primeiro-dia-util-do-ano.webp","articleSection":["Not\u00edcias Vit\u00f3ria"],"inLanguage":"pt-BR","potentialAction":[{"@type":"CommentAction","name":"Comment","target":["https:\/\/www.encontravitoria.com.br\/sobre\/trabalho-comeca-cedo-em-vitoria-e-prefeitura-funciona-normalmente-no-primeiro-dia-util-do-ano\/#respond"]}]},{"@type":"WebPage","@id":"https:\/\/www.encontravitoria.com.br\/sobre\/trabalho-comeca-cedo-em-vitoria-e-prefeitura-funciona-normalmente-no-primeiro-dia-util-do-ano\/","url":"https:\/\/www.encontravitoria.com.br\/sobre\/trabalho-comeca-cedo-em-vitoria-e-prefeitura-funciona-normalmente-no-primeiro-dia-util-do-ano\/","name":"Trabalho come\u00e7a cedo em Vit\u00f3ria e Prefeitura funciona normalmente no primeiro dia \u00fatil do ano - Encontra Vit\u00f3ria","isPartOf":{"@id":"https:\/\/www.encontravitoria.com.br\/sobre\/#website"},"primaryImageOfPage":{"@id":"https:\/\/www.encontravitoria.com.br\/sobre\/trabalho-comeca-cedo-em-vitoria-e-prefeitura-funciona-normalmente-no-primeiro-dia-util-do-ano\/#primaryimage"},"image":{"@id":"https:\/\/www.encontravitoria.com.br\/sobre\/trabalho-comeca-cedo-em-vitoria-e-prefeitura-funciona-normalmente-no-primeiro-dia-util-do-ano\/#primaryimage"},"thumbnailUrl":"https:\/\/www.encontravitoria.com.br\/sobre\/wp-content\/uploads\/2026\/01\/trabalho-comeca-cedo-em-vitoria-e-prefeitura-funciona-normalmente-no-primeiro-dia-util-do-ano.webp","datePublished":"2026-01-19T16:45:55+00:00","author":{"@id":"https:\/\/www.encontravitoria.com.br\/sobre\/#\/schema\/person\/0f8e5bcc88fbadf1bad57afd504f48a2"},"breadcrumb":{"@id":"https:\/\/www.encontravitoria.com.br\/sobre\/trabalho-comeca-cedo-em-vitoria-e-prefeitura-funciona-normalmente-no-primeiro-dia-util-do-ano\/#breadcrumb"},"inLanguage":"pt-BR","potentialAction":[{"@type":"ReadAction","target":["https:\/\/www.encontravitoria.com.br\/sobre\/trabalho-comeca-cedo-em-vitoria-e-prefeitura-funciona-normalmente-no-primeiro-dia-util-do-ano\/"]}]},{"@type":"ImageObject","inLanguage":"pt-BR","@id":"https:\/\/www.encontravitoria.com.br\/sobre\/trabalho-comeca-cedo-em-vitoria-e-prefeitura-funciona-normalmente-no-primeiro-dia-util-do-ano\/#primaryimage","url":"https:\/\/www.encontravitoria.com.br\/sobre\/wp-content\/uploads\/2026\/01\/trabalho-comeca-cedo-em-vitoria-e-prefeitura-funciona-normalmente-no-primeiro-dia-util-do-ano.webp","contentUrl":"https:\/\/www.encontravitoria.com.br\/sobre\/wp-content\/uploads\/2026\/01\/trabalho-comeca-cedo-em-vitoria-e-prefeitura-funciona-normalmente-no-primeiro-dia-util-do-ano.webp","width":280,"height":280,"caption":"trabalho em Vit\u00f3ria"},{"@type":"BreadcrumbList","@id":"https:\/\/www.encontravitoria.com.br\/sobre\/trabalho-comeca-cedo-em-vitoria-e-prefeitura-funciona-normalmente-no-primeiro-dia-util-do-ano\/#breadcrumb","itemListElement":[{"@type":"ListItem","position":1,"name":"In\u00edcio","item":"https:\/\/www.encontravitoria.com.br\/sobre\/"},{"@type":"ListItem","position":2,"name":"Trabalho come\u00e7a cedo em Vit\u00f3ria e Prefeitura funciona normalmente no primeiro dia \u00fatil do ano"}]},{"@type":"WebSite","@id":"https:\/\/www.encontravitoria.com.br\/sobre\/#website","url":"https:\/\/www.encontravitoria.com.br\/sobre\/","name":"Encontra Vit\u00f3ria","description":"Not\u00edcias, eventos, informa\u00e7\u00f5es e dicas na cidade Vit\u00f3ria e regi\u00e3o.","potentialAction":[{"@type":"SearchAction","target":{"@type":"EntryPoint","urlTemplate":"https:\/\/www.encontravitoria.com.br\/sobre\/?s={search_term_string}"},"query-input":{"@type":"PropertyValueSpecification","valueRequired":true,"valueName":"search_term_string"}}],"inLanguage":"pt-BR"},{"@type":"Person","@id":"https:\/\/www.encontravitoria.com.br\/sobre\/#\/schema\/person\/0f8e5bcc88fbadf1bad57afd504f48a2","name":"Encontra Vit\u00f3ria","image":{"@type":"ImageObject","inLanguage":"pt-BR","@id":"https:\/\/www.encontravitoria.com.br\/sobre\/#\/schema\/person\/image\/","url":"https:\/\/secure.gravatar.com\/avatar\/507340682b8270222e1f208e23198b6ae7e2c6a1033ae84e99bc6bce4f82a387?s=96&d=mm&r=g","contentUrl":"https:\/\/secure.gravatar.com\/avatar\/507340682b8270222e1f208e23198b6ae7e2c6a1033ae84e99bc6bce4f82a387?s=96&d=mm&r=g","caption":"Encontra Vit\u00f3ria"},"sameAs":["http:\/\/www.encontravitoria.com.br"],"url":"https:\/\/www.encontravitoria.com.br\/sobre\/author\/evitoria\/"}]}},"_links":{"self":[{"href":"https:\/\/www.encontravitoria.com.br\/sobre\/wp-json\/wp\/v2\/posts\/1041","targetHints":{"allow":["GET"]}}],"collection":[{"href":"https:\/\/www.encontravitoria.com.br\/sobre\/wp-json\/wp\/v2\/posts"}],"about":[{"href":"https:\/\/www.encontravitoria.com.br\/sobre\/wp-json\/wp\/v2\/types\/post"}],"author":[{"embeddable":true,"href":"https:\/\/www.encontravitoria.com.br\/sobre\/wp-json\/wp\/v2\/users\/1"}],"replies":[{"embeddable":true,"href":"https:\/\/www.encontravitoria.com.br\/sobre\/wp-json\/wp\/v2\/comments?post=1041"}],"version-history":[{"count":0,"href":"https:\/\/www.encontravitoria.com.br\/sobre\/wp-json\/wp\/v2\/posts\/1041\/revisions"}],"wp:featuredmedia":[{"embeddable":true,"href":"https:\/\/www.encontravitoria.com.br\/sobre\/wp-json\/wp\/v2\/media\/1040"}],"wp:attachment":[{"href":"https:\/\/www.encontravitoria.com.br\/sobre\/wp-json\/wp\/v2\/media?parent=1041"}],"wp:term":[{"taxonomy":"category","embeddable":true,"href":"https:\/\/www.encontravitoria.com.br\/sobre\/wp-json\/wp\/v2\/categories?post=1041"},{"taxonomy":"post_tag","embeddable":true,"href":"https:\/\/www.encontravitoria.com.br\/sobre\/wp-json\/wp\/v2\/tags?post=1041"}],"curies":[{"name":"wp","href":"https:\/\/api.w.org\/{rel}","templated":true}]}}