{"id":1169,"date":"2026-02-11T16:45:06","date_gmt":"2026-02-11T16:45:06","guid":{"rendered":"https:\/\/www.encontravitoria.com.br\/sobre\/circuito-da-folia-anuncia-atracoes-do-fim-de-semana-e-reforca-dobradinha-de-festa-ate-o-sambao\/"},"modified":"2026-02-11T16:45:06","modified_gmt":"2026-02-11T16:45:06","slug":"circuito-da-folia-anuncia-atracoes-do-fim-de-semana-e-reforca-dobradinha-de-festa-ate-o-sambao","status":"publish","type":"post","link":"https:\/\/www.encontravitoria.com.br\/sobre\/circuito-da-folia-anuncia-atracoes-do-fim-de-semana-e-reforca-dobradinha-de-festa-ate-o-sambao\/","title":{"rendered":"Circuito da Folia anuncia atra\u00e7\u00f5es do fim de semana e refor\u00e7a dobradinha de festa at\u00e9 o Samb\u00e3o"},"content":{"rendered":"<div class=\"23ed37709e053b55400ee1990aeffe41\" data-index=\"1\" style=\"float: none; margin:0px;\">\n<!-- Anuncio display - global -->\r\n<ins class=\"adsbygoogle\"\r\n     style=\"display:block\"\r\n     data-ad-client=\"ca-pub-8585364105181520\"\r\n     data-ad-slot=\"8789329856\"\r\n     data-ad-format=\"auto\"\r\n     data-full-width-responsive=\"true\"><\/ins>\r\n<script>\r\n     (adsbygoogle = window.adsbygoogle || []).push({});\r\n<\/script>\n<\/div>\n<h2>Abertura do Circuito com Lilian Lomeu<\/h2>\n<p>No dia 14 de fevereiro de 2026, o &#8220;Circuito da Folia&#8221; ser\u00e1 inaugurado com a apresenta\u00e7\u00e3o da talentosa Lilian Lomeu, uma artista capixaba conhecida por sua energia contagiante. Com uma carreira que come\u00e7ou cedo, Lilian ir\u00e1 liderar o cortejo na Avenida Beira-Mar, trazendo alegria e festividade aos presentes. A cantora, formada em Licenciatura em M\u00fasica pela Fames, possui uma trajet\u00f3ria repleta de experi\u00eancias, incluindo colabora\u00e7\u00f5es com grandes nomes da m\u00fasica nacional e participa\u00e7\u00f5es em programas de televis\u00e3o. Sua presen\u00e7a promete marcar o in\u00edcio de um evento repleto de cultura e celebra\u00e7\u00e3o.<\/p>\n<h2>Andr\u00e9a Nery comanda o domingo<\/h2>\n<p>Continuando as festividades, no domingo, 15 de fevereiro, o palco ser\u00e1 comandado por Andr\u00e9a Nery, uma artista de voz forte e carism\u00e1tica. Ela \u00e9 natural de Santo Ant\u00f4nio de Jesus e possui uma trajet\u00f3ria consolidada na \u00e1rea, especialmente na regi\u00e3o Sudeste do Brasil. Andr\u00e9a j\u00e1 se apresentou com renomados artistas como Ivete Sangalo e Gilberto Gil, conseguindo sempre capturar o p\u00fablico com seu talento e energia. Sua atua\u00e7\u00e3o no Circuito da Folia ser\u00e1 uma verdadeira celebra\u00e7\u00e3o \u00e0 diversidade e \u00e0 for\u00e7a feminina na m\u00fasica.<\/p>\n<h2>O brilho das vozes femininas<\/h2>\n<p>A edic\u00e3o deste ano do Circuito da Folia \u00e9 especial n\u00e3o apenas pelo carnaval, mas tamb\u00e9m pelo foco no empoderamento feminino na m\u00fasica. Todos os trios el\u00e9tricos do evento ser\u00e3o conduzidos por mulheres, uma decis\u00e3o que reflete a crescente import\u00e2ncia da representa\u00e7\u00e3o feminina no cen\u00e1rio cultural capixaba. A escolha dos artistas como Lilian Lomeu e Andr\u00e9a Nery destaca a relev\u00e2ncia das vozes femininas e seu papel vital na tradi\u00e7\u00e3o do carnaval, garantindo um espa\u00e7o para artistas talentosas brilharem.<\/p>\n<p><img decoding=\"async\" src=\"https:\/\/www.encontravitoria.com.br\/sobre\/wp-content\/uploads\/2026\/02\/circuito-da-folia-anuncia-atracoes-do-fim-de-semana-e-reforca-dobradinha-de-festa-ate-o-sambao.webp\" alt=\"Circuito da Folia\" loading=\"lazy\" \/><\/p>\n<h2>Desfiles de escolas de samba no Samb\u00e3o<\/h2>\n<p>Ap\u00f3s uma noite repleta de m\u00fasica na Avenida Beira-Mar, o p\u00fablico \u00e9 convidado a se deslocar para o Samb\u00e3o do Povo, onde os desfiles das escolas de samba prometem impressionar com suas fantasias vibrantes e dan\u00e7as contagiantes. No dia 14, as escolas da S\u00e9rie Ouro exibir\u00e3o suas coreografias e alegorias, elevando o esp\u00edrito carnavalesco a um novo patamar. A conex\u00e3o entre a Avenida e o Samb\u00e3o simboliza a continuidade da festa, onde as tradi\u00e7\u00f5es e a criatividade se encontram para celebrar a cultura local.<\/p>\n<h2>A energia contagiante de Marcus Rauta<\/h2>\n<p>O carnaval de 2026 tamb\u00e9m contar\u00e1 com a participa\u00e7\u00e3o de Marcus Rauta, um artista capixaba amplamente reconhecido por seu repert\u00f3rio de ax\u00e9. O cantor levar\u00e1 ao p\u00fablico seu estilo \u00fanico, que mescla cl\u00e1ssicos do g\u00eanero com influ\u00eancias de pagod\u00e3o e m\u00fasica nordestina. A apresenta\u00e7\u00e3o promete ser uma grande festa, trazendo a atmosfera de carnaval revisitadas durante o desfile das escolas de samba. Rauta, que tem uma legi\u00e3o de f\u00e3s, ir\u00e1 animar a plateia e transformar a noite em uma experi\u00eancia memor\u00e1vel.<\/p>\n<h2>Andr\u00e9 Lellis fecha a noite de domingo<\/h2>\n<p>Para coroar a programa\u00e7\u00e3o musical do domingo, Andr\u00e9 Lellis subir\u00e1 ao palco, trazendo consigo mais de vinte anos de experi\u00eancia em carnaval. Conhecido por suas performances emocionantes, o artista j\u00e1 fez parte de alguns dos blocos mais tradicionais de Salvador. Com hits como &#8220;Amor de F\u00e9&#8221;, ele promete encerrar a noite de maneira grandiosa, garantindo que a festa continue vibrante at\u00e9 o final. As expectativas s\u00e3o altas, e sua apresenta\u00e7\u00e3o \u00e9 aguardada com ansiedade pelos foli\u00f5es que desejam aproveitar ao m\u00e1ximo o carnaval.<\/p>\n<h2>Expectativa para segunda e ter\u00e7a-feira<\/h2>\n<p>Os detalhes das atra\u00e7\u00f5es para segunda e ter\u00e7a-feira de carnaval ainda est\u00e3o sendo definidos, mas a expectativa \u00e9 de que o Circuito da Folia siga com o mesmo n\u00edvel de energia e festividade. As programa\u00e7\u00f5es por esses dias s\u00e3o tradicionalmente recheadas de mais apresenta\u00e7\u00f5es, desfiles e eventos que celebram a cultura capixaba. A cada ano, o circuito se fortalece, atraindo mais turistas e adoradores do carnaval, solidificando sua import\u00e2ncia no calend\u00e1rio cultural da cidade.<\/p>\n<h2>Hist\u00f3ria do Circuito da Folia<\/h2>\n<p>O &#8220;Circuito da Folia&#8221; foi criado em resposta ao anseio dos blocos carnavalescos e da comunidade local, visando proporcionar uma plataforma que destacasse as tradi\u00e7\u00f5es do carnaval em Vit\u00f3ria. Desde sua origem, o evento vem crescendo em popularidade, sendo agora uma das principais atra\u00e7\u00f5es do carnaval capixaba. A cada edi\u00e7\u00e3o, o circuito procura inovar e se adaptar \u00e0s necessidades dos foli\u00f5es, celebrando a diversidade e a cultura local.<\/p>\n<h2>Impacto na comunidade local<\/h2>\n<p>O sucesso do Circuito da Folia tem se refletido diretamente nos diversos setores da economia local. Os neg\u00f3cios, principalmente os relacionados ao turismo e \u00e0 gastronomia, se beneficiam enormemente com o aumento do fluxo de pessoas durante as festividades. Al\u00e9m disso, o evento promove um senso de uni\u00e3o entre os moradores e visitantes, refor\u00e7ando la\u00e7os comunit\u00e1rios e incentivando a participa\u00e7\u00e3o ativa na valoriza\u00e7\u00e3o da cultura local.<\/p>\n<h2>Experi\u00eancias de carnaval em Vit\u00f3ria<\/h2>\n<p>Vit\u00f3ria se destaca por suas experi\u00eancias diversas e enriquecedoras durante o carnaval. Desde os desfiles vibrantes at\u00e9 cada foli\u00e3o curtindo o carnaval nas ruas, a cidade oferece um leque de op\u00e7\u00f5es que atendem a todos os gostos. Os blocos de rua, eventos musicais e as celebra\u00e7\u00f5es no Samb\u00e3o do Povo s\u00e3o apenas algumas das formas que os visitantes t\u00eam para mergulhar de cabe\u00e7a na alegria do carnaval capixaba. Cada canto da cidade respira carnaval, criando um ambiente festivo e acolhedor que \u00e9 caracter\u00edstico desta \u00e9poca do ano.<\/p>\n\n<div style=\"font-size: 0px; height: 0px; line-height: 0px; margin: 0; padding: 0; clear: both;\"><\/div>","protected":false},"excerpt":{"rendered":"<p>Circuito da Folia promete alegria e muita divers\u00e3o neste carnaval em Vit\u00f3ria.<\/p>\n","protected":false},"author":1,"featured_media":1168,"comment_status":"open","ping_status":"closed","sticky":false,"template":"","format":"standard","meta":{"footnotes":""},"categories":[6],"tags":[],"class_list":["post-1169","post","type-post","status-publish","format-standard","has-post-thumbnail","hentry","category-noticias-em-vitoria","has_thumb"],"yoast_head":"<!-- This site is optimized with the Yoast SEO plugin v26.7 - https:\/\/yoast.com\/wordpress\/plugins\/seo\/ -->\n<title>Circuito da Folia anuncia atra\u00e7\u00f5es do fim de semana e refor\u00e7a dobradinha de festa at\u00e9 o Samb\u00e3o - Encontra Vit\u00f3ria<\/title>\n<meta name=\"robots\" content=\"index, follow, max-snippet:-1, max-image-preview:large, max-video-preview:-1\" \/>\n<link rel=\"canonical\" href=\"https:\/\/www.encontravitoria.com.br\/sobre\/circuito-da-folia-anuncia-atracoes-do-fim-de-semana-e-reforca-dobradinha-de-festa-ate-o-sambao\/\" \/>\n<meta property=\"og:locale\" content=\"pt_BR\" \/>\n<meta property=\"og:type\" content=\"article\" \/>\n<meta property=\"og:title\" content=\"Circuito da Folia anuncia atra\u00e7\u00f5es do fim de semana e refor\u00e7a dobradinha de festa at\u00e9 o Samb\u00e3o - Encontra Vit\u00f3ria\" \/>\n<meta property=\"og:description\" content=\"Circuito da Folia promete alegria e muita divers\u00e3o neste carnaval em Vit\u00f3ria.\" \/>\n<meta property=\"og:url\" content=\"https:\/\/www.encontravitoria.com.br\/sobre\/circuito-da-folia-anuncia-atracoes-do-fim-de-semana-e-reforca-dobradinha-de-festa-ate-o-sambao\/\" \/>\n<meta property=\"og:site_name\" content=\"Encontra Vit\u00f3ria\" \/>\n<meta property=\"article:published_time\" content=\"2026-02-11T16:45:06+00:00\" \/>\n<meta property=\"og:image\" content=\"https:\/\/www.encontravitoria.com.br\/sobre\/wp-content\/uploads\/2026\/02\/circuito-da-folia-anuncia-atracoes-do-fim-de-semana-e-reforca-dobradinha-de-festa-ate-o-sambao.webp\" \/>\n<meta name=\"author\" content=\"Encontra Vit\u00f3ria\" \/>\n<meta name=\"twitter:card\" content=\"summary_large_image\" \/>\n<meta name=\"twitter:label1\" content=\"Escrito por\" \/>\n\t<meta name=\"twitter:data1\" content=\"Encontra Vit\u00f3ria\" \/>\n\t<meta name=\"twitter:label2\" content=\"Est. tempo de leitura\" \/>\n\t<meta name=\"twitter:data2\" content=\"5 minutos\" \/>\n<script type=\"application\/ld+json\" class=\"yoast-schema-graph\">{\"@context\":\"https:\/\/schema.org\",\"@graph\":[{\"@type\":\"Article\",\"@id\":\"https:\/\/www.encontravitoria.com.br\/sobre\/circuito-da-folia-anuncia-atracoes-do-fim-de-semana-e-reforca-dobradinha-de-festa-ate-o-sambao\/#article\",\"isPartOf\":{\"@id\":\"https:\/\/www.encontravitoria.com.br\/sobre\/circuito-da-folia-anuncia-atracoes-do-fim-de-semana-e-reforca-dobradinha-de-festa-ate-o-sambao\/\"},\"author\":{\"name\":\"Encontra Vit\u00f3ria\",\"@id\":\"https:\/\/www.encontravitoria.com.br\/sobre\/#\/schema\/person\/0f8e5bcc88fbadf1bad57afd504f48a2\"},\"headline\":\"Circuito da Folia anuncia atra\u00e7\u00f5es do fim de semana e refor\u00e7a dobradinha de festa at\u00e9 o Samb\u00e3o\",\"datePublished\":\"2026-02-11T16:45:06+00:00\",\"mainEntityOfPage\":{\"@id\":\"https:\/\/www.encontravitoria.com.br\/sobre\/circuito-da-folia-anuncia-atracoes-do-fim-de-semana-e-reforca-dobradinha-de-festa-ate-o-sambao\/\"},\"wordCount\":963,\"commentCount\":0,\"image\":{\"@id\":\"https:\/\/www.encontravitoria.com.br\/sobre\/circuito-da-folia-anuncia-atracoes-do-fim-de-semana-e-reforca-dobradinha-de-festa-ate-o-sambao\/#primaryimage\"},\"thumbnailUrl\":\"https:\/\/www.encontravitoria.com.br\/sobre\/wp-content\/uploads\/2026\/02\/circuito-da-folia-anuncia-atracoes-do-fim-de-semana-e-reforca-dobradinha-de-festa-ate-o-sambao.webp\",\"articleSection\":[\"Not\u00edcias Vit\u00f3ria\"],\"inLanguage\":\"pt-BR\",\"potentialAction\":[{\"@type\":\"CommentAction\",\"name\":\"Comment\",\"target\":[\"https:\/\/www.encontravitoria.com.br\/sobre\/circuito-da-folia-anuncia-atracoes-do-fim-de-semana-e-reforca-dobradinha-de-festa-ate-o-sambao\/#respond\"]}]},{\"@type\":\"WebPage\",\"@id\":\"https:\/\/www.encontravitoria.com.br\/sobre\/circuito-da-folia-anuncia-atracoes-do-fim-de-semana-e-reforca-dobradinha-de-festa-ate-o-sambao\/\",\"url\":\"https:\/\/www.encontravitoria.com.br\/sobre\/circuito-da-folia-anuncia-atracoes-do-fim-de-semana-e-reforca-dobradinha-de-festa-ate-o-sambao\/\",\"name\":\"Circuito da Folia anuncia atra\u00e7\u00f5es do fim de semana e refor\u00e7a dobradinha de festa at\u00e9 o Samb\u00e3o - Encontra Vit\u00f3ria\",\"isPartOf\":{\"@id\":\"https:\/\/www.encontravitoria.com.br\/sobre\/#website\"},\"primaryImageOfPage\":{\"@id\":\"https:\/\/www.encontravitoria.com.br\/sobre\/circuito-da-folia-anuncia-atracoes-do-fim-de-semana-e-reforca-dobradinha-de-festa-ate-o-sambao\/#primaryimage\"},\"image\":{\"@id\":\"https:\/\/www.encontravitoria.com.br\/sobre\/circuito-da-folia-anuncia-atracoes-do-fim-de-semana-e-reforca-dobradinha-de-festa-ate-o-sambao\/#primaryimage\"},\"thumbnailUrl\":\"https:\/\/www.encontravitoria.com.br\/sobre\/wp-content\/uploads\/2026\/02\/circuito-da-folia-anuncia-atracoes-do-fim-de-semana-e-reforca-dobradinha-de-festa-ate-o-sambao.webp\",\"datePublished\":\"2026-02-11T16:45:06+00:00\",\"author\":{\"@id\":\"https:\/\/www.encontravitoria.com.br\/sobre\/#\/schema\/person\/0f8e5bcc88fbadf1bad57afd504f48a2\"},\"breadcrumb\":{\"@id\":\"https:\/\/www.encontravitoria.com.br\/sobre\/circuito-da-folia-anuncia-atracoes-do-fim-de-semana-e-reforca-dobradinha-de-festa-ate-o-sambao\/#breadcrumb\"},\"inLanguage\":\"pt-BR\",\"potentialAction\":[{\"@type\":\"ReadAction\",\"target\":[\"https:\/\/www.encontravitoria.com.br\/sobre\/circuito-da-folia-anuncia-atracoes-do-fim-de-semana-e-reforca-dobradinha-de-festa-ate-o-sambao\/\"]}]},{\"@type\":\"ImageObject\",\"inLanguage\":\"pt-BR\",\"@id\":\"https:\/\/www.encontravitoria.com.br\/sobre\/circuito-da-folia-anuncia-atracoes-do-fim-de-semana-e-reforca-dobradinha-de-festa-ate-o-sambao\/#primaryimage\",\"url\":\"https:\/\/www.encontravitoria.com.br\/sobre\/wp-content\/uploads\/2026\/02\/circuito-da-folia-anuncia-atracoes-do-fim-de-semana-e-reforca-dobradinha-de-festa-ate-o-sambao.webp\",\"contentUrl\":\"https:\/\/www.encontravitoria.com.br\/sobre\/wp-content\/uploads\/2026\/02\/circuito-da-folia-anuncia-atracoes-do-fim-de-semana-e-reforca-dobradinha-de-festa-ate-o-sambao.webp\",\"width\":280,\"height\":280,\"caption\":\"Circuito da Folia\"},{\"@type\":\"BreadcrumbList\",\"@id\":\"https:\/\/www.encontravitoria.com.br\/sobre\/circuito-da-folia-anuncia-atracoes-do-fim-de-semana-e-reforca-dobradinha-de-festa-ate-o-sambao\/#breadcrumb\",\"itemListElement\":[{\"@type\":\"ListItem\",\"position\":1,\"name\":\"In\u00edcio\",\"item\":\"https:\/\/www.encontravitoria.com.br\/sobre\/\"},{\"@type\":\"ListItem\",\"position\":2,\"name\":\"Circuito da Folia anuncia atra\u00e7\u00f5es do fim de semana e refor\u00e7a dobradinha de festa at\u00e9 o Samb\u00e3o\"}]},{\"@type\":\"WebSite\",\"@id\":\"https:\/\/www.encontravitoria.com.br\/sobre\/#website\",\"url\":\"https:\/\/www.encontravitoria.com.br\/sobre\/\",\"name\":\"Encontra Vit\u00f3ria\",\"description\":\"Not\u00edcias, eventos, informa\u00e7\u00f5es e dicas na cidade Vit\u00f3ria e regi\u00e3o.\",\"potentialAction\":[{\"@type\":\"SearchAction\",\"target\":{\"@type\":\"EntryPoint\",\"urlTemplate\":\"https:\/\/www.encontravitoria.com.br\/sobre\/?s={search_term_string}\"},\"query-input\":{\"@type\":\"PropertyValueSpecification\",\"valueRequired\":true,\"valueName\":\"search_term_string\"}}],\"inLanguage\":\"pt-BR\"},{\"@type\":\"Person\",\"@id\":\"https:\/\/www.encontravitoria.com.br\/sobre\/#\/schema\/person\/0f8e5bcc88fbadf1bad57afd504f48a2\",\"name\":\"Encontra Vit\u00f3ria\",\"image\":{\"@type\":\"ImageObject\",\"inLanguage\":\"pt-BR\",\"@id\":\"https:\/\/www.encontravitoria.com.br\/sobre\/#\/schema\/person\/image\/\",\"url\":\"https:\/\/secure.gravatar.com\/avatar\/507340682b8270222e1f208e23198b6ae7e2c6a1033ae84e99bc6bce4f82a387?s=96&d=mm&r=g\",\"contentUrl\":\"https:\/\/secure.gravatar.com\/avatar\/507340682b8270222e1f208e23198b6ae7e2c6a1033ae84e99bc6bce4f82a387?s=96&d=mm&r=g\",\"caption\":\"Encontra Vit\u00f3ria\"},\"sameAs\":[\"http:\/\/www.encontravitoria.com.br\"],\"url\":\"https:\/\/www.encontravitoria.com.br\/sobre\/author\/evitoria\/\"}]}<\/script>\n<!-- \/ Yoast SEO plugin. -->","yoast_head_json":{"title":"Circuito da Folia anuncia atra\u00e7\u00f5es do fim de semana e refor\u00e7a dobradinha de festa at\u00e9 o Samb\u00e3o - Encontra Vit\u00f3ria","robots":{"index":"index","follow":"follow","max-snippet":"max-snippet:-1","max-image-preview":"max-image-preview:large","max-video-preview":"max-video-preview:-1"},"canonical":"https:\/\/www.encontravitoria.com.br\/sobre\/circuito-da-folia-anuncia-atracoes-do-fim-de-semana-e-reforca-dobradinha-de-festa-ate-o-sambao\/","og_locale":"pt_BR","og_type":"article","og_title":"Circuito da Folia anuncia atra\u00e7\u00f5es do fim de semana e refor\u00e7a dobradinha de festa at\u00e9 o Samb\u00e3o - Encontra Vit\u00f3ria","og_description":"Circuito da Folia promete alegria e muita divers\u00e3o neste carnaval em Vit\u00f3ria.","og_url":"https:\/\/www.encontravitoria.com.br\/sobre\/circuito-da-folia-anuncia-atracoes-do-fim-de-semana-e-reforca-dobradinha-de-festa-ate-o-sambao\/","og_site_name":"Encontra Vit\u00f3ria","article_published_time":"2026-02-11T16:45:06+00:00","og_image":[{"url":"https:\/\/www.encontravitoria.com.br\/sobre\/wp-content\/uploads\/2026\/02\/circuito-da-folia-anuncia-atracoes-do-fim-de-semana-e-reforca-dobradinha-de-festa-ate-o-sambao.webp","type":"","width":"","height":""}],"author":"Encontra Vit\u00f3ria","twitter_card":"summary_large_image","twitter_misc":{"Escrito por":"Encontra Vit\u00f3ria","Est. tempo de leitura":"5 minutos"},"schema":{"@context":"https:\/\/schema.org","@graph":[{"@type":"Article","@id":"https:\/\/www.encontravitoria.com.br\/sobre\/circuito-da-folia-anuncia-atracoes-do-fim-de-semana-e-reforca-dobradinha-de-festa-ate-o-sambao\/#article","isPartOf":{"@id":"https:\/\/www.encontravitoria.com.br\/sobre\/circuito-da-folia-anuncia-atracoes-do-fim-de-semana-e-reforca-dobradinha-de-festa-ate-o-sambao\/"},"author":{"name":"Encontra Vit\u00f3ria","@id":"https:\/\/www.encontravitoria.com.br\/sobre\/#\/schema\/person\/0f8e5bcc88fbadf1bad57afd504f48a2"},"headline":"Circuito da Folia anuncia atra\u00e7\u00f5es do fim de semana e refor\u00e7a dobradinha de festa at\u00e9 o Samb\u00e3o","datePublished":"2026-02-11T16:45:06+00:00","mainEntityOfPage":{"@id":"https:\/\/www.encontravitoria.com.br\/sobre\/circuito-da-folia-anuncia-atracoes-do-fim-de-semana-e-reforca-dobradinha-de-festa-ate-o-sambao\/"},"wordCount":963,"commentCount":0,"image":{"@id":"https:\/\/www.encontravitoria.com.br\/sobre\/circuito-da-folia-anuncia-atracoes-do-fim-de-semana-e-reforca-dobradinha-de-festa-ate-o-sambao\/#primaryimage"},"thumbnailUrl":"https:\/\/www.encontravitoria.com.br\/sobre\/wp-content\/uploads\/2026\/02\/circuito-da-folia-anuncia-atracoes-do-fim-de-semana-e-reforca-dobradinha-de-festa-ate-o-sambao.webp","articleSection":["Not\u00edcias Vit\u00f3ria"],"inLanguage":"pt-BR","potentialAction":[{"@type":"CommentAction","name":"Comment","target":["https:\/\/www.encontravitoria.com.br\/sobre\/circuito-da-folia-anuncia-atracoes-do-fim-de-semana-e-reforca-dobradinha-de-festa-ate-o-sambao\/#respond"]}]},{"@type":"WebPage","@id":"https:\/\/www.encontravitoria.com.br\/sobre\/circuito-da-folia-anuncia-atracoes-do-fim-de-semana-e-reforca-dobradinha-de-festa-ate-o-sambao\/","url":"https:\/\/www.encontravitoria.com.br\/sobre\/circuito-da-folia-anuncia-atracoes-do-fim-de-semana-e-reforca-dobradinha-de-festa-ate-o-sambao\/","name":"Circuito da Folia anuncia atra\u00e7\u00f5es do fim de semana e refor\u00e7a dobradinha de festa at\u00e9 o Samb\u00e3o - Encontra Vit\u00f3ria","isPartOf":{"@id":"https:\/\/www.encontravitoria.com.br\/sobre\/#website"},"primaryImageOfPage":{"@id":"https:\/\/www.encontravitoria.com.br\/sobre\/circuito-da-folia-anuncia-atracoes-do-fim-de-semana-e-reforca-dobradinha-de-festa-ate-o-sambao\/#primaryimage"},"image":{"@id":"https:\/\/www.encontravitoria.com.br\/sobre\/circuito-da-folia-anuncia-atracoes-do-fim-de-semana-e-reforca-dobradinha-de-festa-ate-o-sambao\/#primaryimage"},"thumbnailUrl":"https:\/\/www.encontravitoria.com.br\/sobre\/wp-content\/uploads\/2026\/02\/circuito-da-folia-anuncia-atracoes-do-fim-de-semana-e-reforca-dobradinha-de-festa-ate-o-sambao.webp","datePublished":"2026-02-11T16:45:06+00:00","author":{"@id":"https:\/\/www.encontravitoria.com.br\/sobre\/#\/schema\/person\/0f8e5bcc88fbadf1bad57afd504f48a2"},"breadcrumb":{"@id":"https:\/\/www.encontravitoria.com.br\/sobre\/circuito-da-folia-anuncia-atracoes-do-fim-de-semana-e-reforca-dobradinha-de-festa-ate-o-sambao\/#breadcrumb"},"inLanguage":"pt-BR","potentialAction":[{"@type":"ReadAction","target":["https:\/\/www.encontravitoria.com.br\/sobre\/circuito-da-folia-anuncia-atracoes-do-fim-de-semana-e-reforca-dobradinha-de-festa-ate-o-sambao\/"]}]},{"@type":"ImageObject","inLanguage":"pt-BR","@id":"https:\/\/www.encontravitoria.com.br\/sobre\/circuito-da-folia-anuncia-atracoes-do-fim-de-semana-e-reforca-dobradinha-de-festa-ate-o-sambao\/#primaryimage","url":"https:\/\/www.encontravitoria.com.br\/sobre\/wp-content\/uploads\/2026\/02\/circuito-da-folia-anuncia-atracoes-do-fim-de-semana-e-reforca-dobradinha-de-festa-ate-o-sambao.webp","contentUrl":"https:\/\/www.encontravitoria.com.br\/sobre\/wp-content\/uploads\/2026\/02\/circuito-da-folia-anuncia-atracoes-do-fim-de-semana-e-reforca-dobradinha-de-festa-ate-o-sambao.webp","width":280,"height":280,"caption":"Circuito da Folia"},{"@type":"BreadcrumbList","@id":"https:\/\/www.encontravitoria.com.br\/sobre\/circuito-da-folia-anuncia-atracoes-do-fim-de-semana-e-reforca-dobradinha-de-festa-ate-o-sambao\/#breadcrumb","itemListElement":[{"@type":"ListItem","position":1,"name":"In\u00edcio","item":"https:\/\/www.encontravitoria.com.br\/sobre\/"},{"@type":"ListItem","position":2,"name":"Circuito da Folia anuncia atra\u00e7\u00f5es do fim de semana e refor\u00e7a dobradinha de festa at\u00e9 o Samb\u00e3o"}]},{"@type":"WebSite","@id":"https:\/\/www.encontravitoria.com.br\/sobre\/#website","url":"https:\/\/www.encontravitoria.com.br\/sobre\/","name":"Encontra Vit\u00f3ria","description":"Not\u00edcias, eventos, informa\u00e7\u00f5es e dicas na cidade Vit\u00f3ria e regi\u00e3o.","potentialAction":[{"@type":"SearchAction","target":{"@type":"EntryPoint","urlTemplate":"https:\/\/www.encontravitoria.com.br\/sobre\/?s={search_term_string}"},"query-input":{"@type":"PropertyValueSpecification","valueRequired":true,"valueName":"search_term_string"}}],"inLanguage":"pt-BR"},{"@type":"Person","@id":"https:\/\/www.encontravitoria.com.br\/sobre\/#\/schema\/person\/0f8e5bcc88fbadf1bad57afd504f48a2","name":"Encontra Vit\u00f3ria","image":{"@type":"ImageObject","inLanguage":"pt-BR","@id":"https:\/\/www.encontravitoria.com.br\/sobre\/#\/schema\/person\/image\/","url":"https:\/\/secure.gravatar.com\/avatar\/507340682b8270222e1f208e23198b6ae7e2c6a1033ae84e99bc6bce4f82a387?s=96&d=mm&r=g","contentUrl":"https:\/\/secure.gravatar.com\/avatar\/507340682b8270222e1f208e23198b6ae7e2c6a1033ae84e99bc6bce4f82a387?s=96&d=mm&r=g","caption":"Encontra Vit\u00f3ria"},"sameAs":["http:\/\/www.encontravitoria.com.br"],"url":"https:\/\/www.encontravitoria.com.br\/sobre\/author\/evitoria\/"}]}},"_links":{"self":[{"href":"https:\/\/www.encontravitoria.com.br\/sobre\/wp-json\/wp\/v2\/posts\/1169","targetHints":{"allow":["GET"]}}],"collection":[{"href":"https:\/\/www.encontravitoria.com.br\/sobre\/wp-json\/wp\/v2\/posts"}],"about":[{"href":"https:\/\/www.encontravitoria.com.br\/sobre\/wp-json\/wp\/v2\/types\/post"}],"author":[{"embeddable":true,"href":"https:\/\/www.encontravitoria.com.br\/sobre\/wp-json\/wp\/v2\/users\/1"}],"replies":[{"embeddable":true,"href":"https:\/\/www.encontravitoria.com.br\/sobre\/wp-json\/wp\/v2\/comments?post=1169"}],"version-history":[{"count":0,"href":"https:\/\/www.encontravitoria.com.br\/sobre\/wp-json\/wp\/v2\/posts\/1169\/revisions"}],"wp:featuredmedia":[{"embeddable":true,"href":"https:\/\/www.encontravitoria.com.br\/sobre\/wp-json\/wp\/v2\/media\/1168"}],"wp:attachment":[{"href":"https:\/\/www.encontravitoria.com.br\/sobre\/wp-json\/wp\/v2\/media?parent=1169"}],"wp:term":[{"taxonomy":"category","embeddable":true,"href":"https:\/\/www.encontravitoria.com.br\/sobre\/wp-json\/wp\/v2\/categories?post=1169"},{"taxonomy":"post_tag","embeddable":true,"href":"https:\/\/www.encontravitoria.com.br\/sobre\/wp-json\/wp\/v2\/tags?post=1169"}],"curies":[{"name":"wp","href":"https:\/\/api.w.org\/{rel}","templated":true}]}}