{"id":1281,"date":"2026-03-05T16:28:06","date_gmt":"2026-03-05T16:28:06","guid":{"rendered":"https:\/\/www.encontravitoria.com.br\/sobre\/numeros-na-historia-de-avai-x-porto-vitoria\/"},"modified":"2026-03-05T16:28:06","modified_gmt":"2026-03-05T16:28:06","slug":"numeros-na-historia-de-avai-x-porto-vitoria","status":"publish","type":"post","link":"https:\/\/www.encontravitoria.com.br\/sobre\/numeros-na-historia-de-avai-x-porto-vitoria\/","title":{"rendered":"N\u00fameros na hist\u00f3ria de Ava\u00ed x Porto Vit\u00f3ria"},"content":{"rendered":"<div class=\"23ed37709e053b55400ee1990aeffe41\" data-index=\"1\" style=\"float: none; margin:0px;\">\n<!-- Anuncio display - global -->\r\n<ins class=\"adsbygoogle\"\r\n     style=\"display:block\"\r\n     data-ad-client=\"ca-pub-8585364105181520\"\r\n     data-ad-slot=\"8789329856\"\r\n     data-ad-format=\"auto\"\r\n     data-full-width-responsive=\"true\"><\/ins>\r\n<script>\r\n     (adsbygoogle = window.adsbygoogle || []).push({});\r\n<\/script>\n<\/div>\n<h2>Hist\u00f3ria do Ava\u00ed<\/h2>\n<p>O Ava\u00ed Futebol Clube, tradicional equipe do cen\u00e1rio futebol\u00edstico brasileiro, foi fundado em 1\u00ba de setembro de 1923. Desde ent\u00e3o, tornou-se um s\u00edmbolo importante da cidade de Florian\u00f3polis e possui uma rica trajet\u00f3ria repleta de conquistas e desafios. O clube \u00e9 conhecido por suas cores azul e branca e por sua fiel torcida, que apoia incondicionalmente a equipe durante os jogos.<\/p>\n<p>Ao longo de sua hist\u00f3ria, o Ava\u00ed conquistou diversos t\u00edtulos, destacando-se no Campeonato Catarinense e em competi\u00e7\u00f5es nacionais. A equipe j\u00e1 teve participa\u00e7\u00f5es not\u00e1veis em campeonatos brasileiros, especialmente na S\u00e9rie A e B, sempre buscando reafirmar sua posi\u00e7\u00e3o entre os grandes do futebol nacional.<\/p>\n<h2>Ava\u00ed na Copa do Brasil<\/h2>\n<p>A Copa do Brasil \u00e9 um torneio que traz grandes emo\u00e7\u00f5es aos torcedores, e o Ava\u00ed n\u00e3o \u00e9 exce\u00e7\u00e3o. O clube teve v\u00e1rias campanhas memor\u00e1veis em sua hist\u00f3ria, destacando-se em confrontos contra grandes equipes do pa\u00eds. A participa\u00e7\u00e3o na competi\u00e7\u00e3o \u00e9 visto como uma oportunidade para brigar por um lugar nas competi\u00e7\u00f5es internacionais, al\u00e9m de proporcionar um teste significativo em sua capacidade competitiva.<\/p>\n<p><img decoding=\"async\" src=\"https:\/\/www.encontravitoria.com.br\/sobre\/wp-content\/uploads\/2026\/03\/numeros-na-historia-de-avai-x-porto-vitoria.webp\" alt=\"Ava\u00ed x Porto Vit\u00f3ria-ES\" loading=\"lazy\" \/><\/p>\n<p>Em sua trajet\u00f3ria, o Ava\u00ed j\u00e1 alcan\u00e7ou fases avan\u00e7adas da Copa do Brasil, fazendo jogos hist\u00f3ricos que ficaram marcados na mem\u00f3ria dos f\u00e3s. Cada edi\u00e7\u00e3o \u00e9 uma nova chance de brilhar e conquistar uma nova legi\u00e3o de admiradores.<\/p>\n<h2>Porto Vit\u00f3ria-ES: Um Cl\u00e1ssico Recente<\/h2>\n<p>O Porto Vit\u00f3ria, fundado em 16 de outubro de 2014, \u00e9 uma equipe relativamente jovem no cen\u00e1rio nacional, oriunda do estado do Esp\u00edrito Santo. Com um foco forte nas categorias de base inicialmente, o clube conseguiu ascender para a categoria profissional em 2021, demonstrando um crescimento significativo em um curto per\u00edodo de tempo.<\/p>\n<p>Em 2022, o Porto Vit\u00f3ria conquistou o acesso \u00e0 primeira divis\u00e3o estadual, terminando como vice-campe\u00e3o da S\u00e9rie B do Campeonato Capixaba. Desde ent\u00e3o, o clube estabeleceu-se como um competidor respeit\u00e1vel, consolidando sua presen\u00e7a no futebol brasileiro.<\/p>\n<h2>Expectativas para o Jogo<\/h2>\n<p>O primeiro confronto entre Ava\u00ed e Porto Vit\u00f3ria-ES ocorrer\u00e1 no dia 4 de mar\u00e7o de 2026, \u00e0s 19h30, no Est\u00e1dio Dr. Aderbal Ramos da Silva, conhecido como Ressacada, em Florian\u00f3polis-SC. Este ser\u00e1 um momento hist\u00f3rico tanto para os torcedores do Ava\u00ed quanto para os do Porto Vit\u00f3ria, criando altas expectativas e um clima de emo\u00e7\u00e3o.<\/p>\n<p>A partida, que faz parte da 2\u00aa fase da Copa do Brasil 2026, promete ser um espet\u00e1culo, com ambas as equipes lutando pela vit\u00f3ria e pelos pontos em jogo. As estrat\u00e9gias e forma\u00e7\u00f5es dos times podem desempenhar um papel crucial na defini\u00e7\u00e3o do resultado.<\/p>\n<h2>Destaques dos Jogadores<\/h2>\n<p>Os jogadores s\u00e3o sempre uma parte fundamental do sucesso em campo. O Ava\u00ed conta com um elenco de profissionais talentosos, que trazem experi\u00eancias valiosas e habilidades diversas. Esses atletas t\u00eam se preparado intensamente para garantir um desempenho de excel\u00eancia e conquistar a torcida.<\/p>\n<p>No Porto Vit\u00f3ria, os jovens talentos e a garra dos jogadores adicionam emo\u00e7\u00e3o e expectativa ao jogo, prometendo um embate equilibrado e cheio de surpresas.<\/p>\n<h2>A Import\u00e2ncia do Est\u00e1dio Ressacada<\/h2>\n<p>O Est\u00e1dio Dr. Aderbal Ramos da Silva, mais conhecido como Ressacada, \u00e9 o lar do Ava\u00ed e uma verdadeira fortaleza para os seus torcedores. Com capacidade para mais de 18 mil pessoas, o est\u00e1dio \u00e9 conhecido por seu ambiente vibrante e acolhedor. A atmosfera durante os jogos \u00e9 el\u00e9trica, e a paix\u00e3o dos f\u00e3s pelo time se torna palp\u00e1vel a cada disputa em campo.<\/p>\n<p>Jogar em casa \u00e9 uma vantagem significativa, pois a familiaridade com o campo e o apoio da torcida podem fazer toda a diferen\u00e7a em momentos decisivos. O Ressacada \u00e9 um lugar onde os sonhos se tornam realidade e mem\u00f3rias s\u00e3o criadas.<\/p>\n<h2>Como Chegar ao Est\u00e1dio<\/h2>\n<p>O acesso ao Est\u00e1dio Ressacada \u00e9 relativamente f\u00e1cil, sendo localizado em Florian\u00f3polis-SC. Existem diversas op\u00e7\u00f5es de transporte, incluindo carros particulares, \u00f4nibus e t\u00e1xis. Para quem vier de outras cidades, a estrat\u00e9gia de transporte pode variar, mas normalmente se recomenda planejar a chegada com anteced\u00eancia, para evitar imprevistos e garantir um bom assento.<\/p>\n<h2>Hor\u00e1rio do Jogo<\/h2>\n<p>O duelo entre Ava\u00ed e Porto Vit\u00f3ria-ES est\u00e1 agendado para o dia 4 de mar\u00e7o de 2026, com a bola rolando a partir das 19h30. \u00c9 aconselh\u00e1vel que os torcedores cheguem ao est\u00e1dio com pelo menos uma hora de anteced\u00eancia, proporcionando assim tempo suficiente para acomodar-se e entrar no clima da partida.<\/p>\n<h2>Informa\u00e7\u00f5es sobre Ingressos<\/h2>\n<p>Os ingressos para essa emocionante partida estar\u00e3o dispon\u00edveis em diferentes canais, incluindo pontos de venda f\u00edsicos e a plataforma online do Ava\u00ed. Os torcedores devem ficar atentos aos an\u00fancios e garantir seu lugar o quanto antes, j\u00e1 que um confronto como este tende a atrair muitos apaixonados pelo futebol.<\/p>\n<h2>An\u00e1lise do Confronto<\/h2>\n<p>A an\u00e1lise do confronto entre Ava\u00ed e Porto Vit\u00f3ria envolve considerar a atual forma das equipes, suas t\u00e1ticas e o desempenho em jogos anteriores. O Ava\u00ed, com um passado mais extenso em competi\u00e7\u00f5es, tem uma base s\u00f3lida e uma experi\u00eancia que pode ser fundamental. Por outro lado, o Porto Vit\u00f3ria, com sua ascens\u00e3o recente, trar\u00e1 uma abordagem fresca e vis\u00e3o audaciosa, buscando surpreender o advers\u00e1rio.<\/p>\n<p>O duelo promete ser competitivo e deve trazer emocionantes disputas entre os jogadores, estrat\u00e9gias inteligentes dos t\u00e9cnicos e uma torcida fervorosa que apoiar\u00e1 ambos os lados. Este \u00e9 um jogo que ficar\u00e1 gravado na mem\u00f3ria dos torcedores e que promete trazer emo\u00e7\u00f5es nas arquibancadas.<\/p>\n\n<div style=\"font-size: 0px; height: 0px; line-height: 0px; margin: 0; padding: 0; clear: both;\"><\/div>","protected":false},"excerpt":{"rendered":"<p>N\u00fameros que revelam a hist\u00f3ria do confronto entre Ava\u00ed e Porto Vit\u00f3ria-ES.<\/p>\n","protected":false},"author":1,"featured_media":1280,"comment_status":"open","ping_status":"closed","sticky":false,"template":"","format":"standard","meta":{"footnotes":""},"categories":[6],"tags":[],"class_list":["post-1281","post","type-post","status-publish","format-standard","has-post-thumbnail","hentry","category-noticias-em-vitoria","has_thumb"],"yoast_head":"<!-- This site is optimized with the Yoast SEO plugin v26.7 - https:\/\/yoast.com\/wordpress\/plugins\/seo\/ -->\n<title>N\u00fameros na hist\u00f3ria de Ava\u00ed x Porto Vit\u00f3ria - Encontra Vit\u00f3ria<\/title>\n<meta name=\"robots\" content=\"index, follow, max-snippet:-1, max-image-preview:large, max-video-preview:-1\" \/>\n<link rel=\"canonical\" href=\"https:\/\/www.encontravitoria.com.br\/sobre\/numeros-na-historia-de-avai-x-porto-vitoria\/\" \/>\n<meta property=\"og:locale\" content=\"pt_BR\" \/>\n<meta property=\"og:type\" content=\"article\" \/>\n<meta property=\"og:title\" content=\"N\u00fameros na hist\u00f3ria de Ava\u00ed x Porto Vit\u00f3ria - Encontra Vit\u00f3ria\" \/>\n<meta property=\"og:description\" content=\"N\u00fameros que revelam a hist\u00f3ria do confronto entre Ava\u00ed e Porto Vit\u00f3ria-ES.\" \/>\n<meta property=\"og:url\" content=\"https:\/\/www.encontravitoria.com.br\/sobre\/numeros-na-historia-de-avai-x-porto-vitoria\/\" \/>\n<meta property=\"og:site_name\" content=\"Encontra Vit\u00f3ria\" \/>\n<meta property=\"article:published_time\" content=\"2026-03-05T16:28:06+00:00\" \/>\n<meta property=\"og:image\" content=\"https:\/\/www.encontravitoria.com.br\/sobre\/wp-content\/uploads\/2026\/03\/numeros-na-historia-de-avai-x-porto-vitoria.webp\" \/>\n<meta name=\"author\" content=\"Encontra Vit\u00f3ria\" \/>\n<meta name=\"twitter:card\" content=\"summary_large_image\" \/>\n<meta name=\"twitter:label1\" content=\"Escrito por\" \/>\n\t<meta name=\"twitter:data1\" content=\"Encontra Vit\u00f3ria\" \/>\n\t<meta name=\"twitter:label2\" content=\"Est. tempo de leitura\" \/>\n\t<meta name=\"twitter:data2\" content=\"5 minutos\" \/>\n<script type=\"application\/ld+json\" class=\"yoast-schema-graph\">{\"@context\":\"https:\/\/schema.org\",\"@graph\":[{\"@type\":\"Article\",\"@id\":\"https:\/\/www.encontravitoria.com.br\/sobre\/numeros-na-historia-de-avai-x-porto-vitoria\/#article\",\"isPartOf\":{\"@id\":\"https:\/\/www.encontravitoria.com.br\/sobre\/numeros-na-historia-de-avai-x-porto-vitoria\/\"},\"author\":{\"name\":\"Encontra Vit\u00f3ria\",\"@id\":\"https:\/\/www.encontravitoria.com.br\/sobre\/#\/schema\/person\/0f8e5bcc88fbadf1bad57afd504f48a2\"},\"headline\":\"N\u00fameros na hist\u00f3ria de Ava\u00ed x Porto Vit\u00f3ria\",\"datePublished\":\"2026-03-05T16:28:06+00:00\",\"mainEntityOfPage\":{\"@id\":\"https:\/\/www.encontravitoria.com.br\/sobre\/numeros-na-historia-de-avai-x-porto-vitoria\/\"},\"wordCount\":959,\"commentCount\":0,\"image\":{\"@id\":\"https:\/\/www.encontravitoria.com.br\/sobre\/numeros-na-historia-de-avai-x-porto-vitoria\/#primaryimage\"},\"thumbnailUrl\":\"https:\/\/www.encontravitoria.com.br\/sobre\/wp-content\/uploads\/2026\/03\/numeros-na-historia-de-avai-x-porto-vitoria.webp\",\"articleSection\":[\"Not\u00edcias Vit\u00f3ria\"],\"inLanguage\":\"pt-BR\",\"potentialAction\":[{\"@type\":\"CommentAction\",\"name\":\"Comment\",\"target\":[\"https:\/\/www.encontravitoria.com.br\/sobre\/numeros-na-historia-de-avai-x-porto-vitoria\/#respond\"]}]},{\"@type\":\"WebPage\",\"@id\":\"https:\/\/www.encontravitoria.com.br\/sobre\/numeros-na-historia-de-avai-x-porto-vitoria\/\",\"url\":\"https:\/\/www.encontravitoria.com.br\/sobre\/numeros-na-historia-de-avai-x-porto-vitoria\/\",\"name\":\"N\u00fameros na hist\u00f3ria de Ava\u00ed x Porto Vit\u00f3ria - Encontra Vit\u00f3ria\",\"isPartOf\":{\"@id\":\"https:\/\/www.encontravitoria.com.br\/sobre\/#website\"},\"primaryImageOfPage\":{\"@id\":\"https:\/\/www.encontravitoria.com.br\/sobre\/numeros-na-historia-de-avai-x-porto-vitoria\/#primaryimage\"},\"image\":{\"@id\":\"https:\/\/www.encontravitoria.com.br\/sobre\/numeros-na-historia-de-avai-x-porto-vitoria\/#primaryimage\"},\"thumbnailUrl\":\"https:\/\/www.encontravitoria.com.br\/sobre\/wp-content\/uploads\/2026\/03\/numeros-na-historia-de-avai-x-porto-vitoria.webp\",\"datePublished\":\"2026-03-05T16:28:06+00:00\",\"author\":{\"@id\":\"https:\/\/www.encontravitoria.com.br\/sobre\/#\/schema\/person\/0f8e5bcc88fbadf1bad57afd504f48a2\"},\"breadcrumb\":{\"@id\":\"https:\/\/www.encontravitoria.com.br\/sobre\/numeros-na-historia-de-avai-x-porto-vitoria\/#breadcrumb\"},\"inLanguage\":\"pt-BR\",\"potentialAction\":[{\"@type\":\"ReadAction\",\"target\":[\"https:\/\/www.encontravitoria.com.br\/sobre\/numeros-na-historia-de-avai-x-porto-vitoria\/\"]}]},{\"@type\":\"ImageObject\",\"inLanguage\":\"pt-BR\",\"@id\":\"https:\/\/www.encontravitoria.com.br\/sobre\/numeros-na-historia-de-avai-x-porto-vitoria\/#primaryimage\",\"url\":\"https:\/\/www.encontravitoria.com.br\/sobre\/wp-content\/uploads\/2026\/03\/numeros-na-historia-de-avai-x-porto-vitoria.webp\",\"contentUrl\":\"https:\/\/www.encontravitoria.com.br\/sobre\/wp-content\/uploads\/2026\/03\/numeros-na-historia-de-avai-x-porto-vitoria.webp\",\"width\":280,\"height\":280,\"caption\":\"Ava\u00ed x Porto Vit\u00f3ria-ES\"},{\"@type\":\"BreadcrumbList\",\"@id\":\"https:\/\/www.encontravitoria.com.br\/sobre\/numeros-na-historia-de-avai-x-porto-vitoria\/#breadcrumb\",\"itemListElement\":[{\"@type\":\"ListItem\",\"position\":1,\"name\":\"In\u00edcio\",\"item\":\"https:\/\/www.encontravitoria.com.br\/sobre\/\"},{\"@type\":\"ListItem\",\"position\":2,\"name\":\"N\u00fameros na hist\u00f3ria de Ava\u00ed x Porto Vit\u00f3ria\"}]},{\"@type\":\"WebSite\",\"@id\":\"https:\/\/www.encontravitoria.com.br\/sobre\/#website\",\"url\":\"https:\/\/www.encontravitoria.com.br\/sobre\/\",\"name\":\"Encontra Vit\u00f3ria\",\"description\":\"Not\u00edcias, eventos, informa\u00e7\u00f5es e dicas na cidade Vit\u00f3ria e regi\u00e3o.\",\"potentialAction\":[{\"@type\":\"SearchAction\",\"target\":{\"@type\":\"EntryPoint\",\"urlTemplate\":\"https:\/\/www.encontravitoria.com.br\/sobre\/?s={search_term_string}\"},\"query-input\":{\"@type\":\"PropertyValueSpecification\",\"valueRequired\":true,\"valueName\":\"search_term_string\"}}],\"inLanguage\":\"pt-BR\"},{\"@type\":\"Person\",\"@id\":\"https:\/\/www.encontravitoria.com.br\/sobre\/#\/schema\/person\/0f8e5bcc88fbadf1bad57afd504f48a2\",\"name\":\"Encontra Vit\u00f3ria\",\"image\":{\"@type\":\"ImageObject\",\"inLanguage\":\"pt-BR\",\"@id\":\"https:\/\/www.encontravitoria.com.br\/sobre\/#\/schema\/person\/image\/\",\"url\":\"https:\/\/secure.gravatar.com\/avatar\/507340682b8270222e1f208e23198b6ae7e2c6a1033ae84e99bc6bce4f82a387?s=96&d=mm&r=g\",\"contentUrl\":\"https:\/\/secure.gravatar.com\/avatar\/507340682b8270222e1f208e23198b6ae7e2c6a1033ae84e99bc6bce4f82a387?s=96&d=mm&r=g\",\"caption\":\"Encontra Vit\u00f3ria\"},\"sameAs\":[\"http:\/\/www.encontravitoria.com.br\"],\"url\":\"https:\/\/www.encontravitoria.com.br\/sobre\/author\/evitoria\/\"}]}<\/script>\n<!-- \/ Yoast SEO plugin. -->","yoast_head_json":{"title":"N\u00fameros na hist\u00f3ria de Ava\u00ed x Porto Vit\u00f3ria - Encontra Vit\u00f3ria","robots":{"index":"index","follow":"follow","max-snippet":"max-snippet:-1","max-image-preview":"max-image-preview:large","max-video-preview":"max-video-preview:-1"},"canonical":"https:\/\/www.encontravitoria.com.br\/sobre\/numeros-na-historia-de-avai-x-porto-vitoria\/","og_locale":"pt_BR","og_type":"article","og_title":"N\u00fameros na hist\u00f3ria de Ava\u00ed x Porto Vit\u00f3ria - Encontra Vit\u00f3ria","og_description":"N\u00fameros que revelam a hist\u00f3ria do confronto entre Ava\u00ed e Porto Vit\u00f3ria-ES.","og_url":"https:\/\/www.encontravitoria.com.br\/sobre\/numeros-na-historia-de-avai-x-porto-vitoria\/","og_site_name":"Encontra Vit\u00f3ria","article_published_time":"2026-03-05T16:28:06+00:00","og_image":[{"url":"https:\/\/www.encontravitoria.com.br\/sobre\/wp-content\/uploads\/2026\/03\/numeros-na-historia-de-avai-x-porto-vitoria.webp","type":"","width":"","height":""}],"author":"Encontra Vit\u00f3ria","twitter_card":"summary_large_image","twitter_misc":{"Escrito por":"Encontra Vit\u00f3ria","Est. tempo de leitura":"5 minutos"},"schema":{"@context":"https:\/\/schema.org","@graph":[{"@type":"Article","@id":"https:\/\/www.encontravitoria.com.br\/sobre\/numeros-na-historia-de-avai-x-porto-vitoria\/#article","isPartOf":{"@id":"https:\/\/www.encontravitoria.com.br\/sobre\/numeros-na-historia-de-avai-x-porto-vitoria\/"},"author":{"name":"Encontra Vit\u00f3ria","@id":"https:\/\/www.encontravitoria.com.br\/sobre\/#\/schema\/person\/0f8e5bcc88fbadf1bad57afd504f48a2"},"headline":"N\u00fameros na hist\u00f3ria de Ava\u00ed x Porto Vit\u00f3ria","datePublished":"2026-03-05T16:28:06+00:00","mainEntityOfPage":{"@id":"https:\/\/www.encontravitoria.com.br\/sobre\/numeros-na-historia-de-avai-x-porto-vitoria\/"},"wordCount":959,"commentCount":0,"image":{"@id":"https:\/\/www.encontravitoria.com.br\/sobre\/numeros-na-historia-de-avai-x-porto-vitoria\/#primaryimage"},"thumbnailUrl":"https:\/\/www.encontravitoria.com.br\/sobre\/wp-content\/uploads\/2026\/03\/numeros-na-historia-de-avai-x-porto-vitoria.webp","articleSection":["Not\u00edcias Vit\u00f3ria"],"inLanguage":"pt-BR","potentialAction":[{"@type":"CommentAction","name":"Comment","target":["https:\/\/www.encontravitoria.com.br\/sobre\/numeros-na-historia-de-avai-x-porto-vitoria\/#respond"]}]},{"@type":"WebPage","@id":"https:\/\/www.encontravitoria.com.br\/sobre\/numeros-na-historia-de-avai-x-porto-vitoria\/","url":"https:\/\/www.encontravitoria.com.br\/sobre\/numeros-na-historia-de-avai-x-porto-vitoria\/","name":"N\u00fameros na hist\u00f3ria de Ava\u00ed x Porto Vit\u00f3ria - Encontra Vit\u00f3ria","isPartOf":{"@id":"https:\/\/www.encontravitoria.com.br\/sobre\/#website"},"primaryImageOfPage":{"@id":"https:\/\/www.encontravitoria.com.br\/sobre\/numeros-na-historia-de-avai-x-porto-vitoria\/#primaryimage"},"image":{"@id":"https:\/\/www.encontravitoria.com.br\/sobre\/numeros-na-historia-de-avai-x-porto-vitoria\/#primaryimage"},"thumbnailUrl":"https:\/\/www.encontravitoria.com.br\/sobre\/wp-content\/uploads\/2026\/03\/numeros-na-historia-de-avai-x-porto-vitoria.webp","datePublished":"2026-03-05T16:28:06+00:00","author":{"@id":"https:\/\/www.encontravitoria.com.br\/sobre\/#\/schema\/person\/0f8e5bcc88fbadf1bad57afd504f48a2"},"breadcrumb":{"@id":"https:\/\/www.encontravitoria.com.br\/sobre\/numeros-na-historia-de-avai-x-porto-vitoria\/#breadcrumb"},"inLanguage":"pt-BR","potentialAction":[{"@type":"ReadAction","target":["https:\/\/www.encontravitoria.com.br\/sobre\/numeros-na-historia-de-avai-x-porto-vitoria\/"]}]},{"@type":"ImageObject","inLanguage":"pt-BR","@id":"https:\/\/www.encontravitoria.com.br\/sobre\/numeros-na-historia-de-avai-x-porto-vitoria\/#primaryimage","url":"https:\/\/www.encontravitoria.com.br\/sobre\/wp-content\/uploads\/2026\/03\/numeros-na-historia-de-avai-x-porto-vitoria.webp","contentUrl":"https:\/\/www.encontravitoria.com.br\/sobre\/wp-content\/uploads\/2026\/03\/numeros-na-historia-de-avai-x-porto-vitoria.webp","width":280,"height":280,"caption":"Ava\u00ed x Porto Vit\u00f3ria-ES"},{"@type":"BreadcrumbList","@id":"https:\/\/www.encontravitoria.com.br\/sobre\/numeros-na-historia-de-avai-x-porto-vitoria\/#breadcrumb","itemListElement":[{"@type":"ListItem","position":1,"name":"In\u00edcio","item":"https:\/\/www.encontravitoria.com.br\/sobre\/"},{"@type":"ListItem","position":2,"name":"N\u00fameros na hist\u00f3ria de Ava\u00ed x Porto Vit\u00f3ria"}]},{"@type":"WebSite","@id":"https:\/\/www.encontravitoria.com.br\/sobre\/#website","url":"https:\/\/www.encontravitoria.com.br\/sobre\/","name":"Encontra Vit\u00f3ria","description":"Not\u00edcias, eventos, informa\u00e7\u00f5es e dicas na cidade Vit\u00f3ria e regi\u00e3o.","potentialAction":[{"@type":"SearchAction","target":{"@type":"EntryPoint","urlTemplate":"https:\/\/www.encontravitoria.com.br\/sobre\/?s={search_term_string}"},"query-input":{"@type":"PropertyValueSpecification","valueRequired":true,"valueName":"search_term_string"}}],"inLanguage":"pt-BR"},{"@type":"Person","@id":"https:\/\/www.encontravitoria.com.br\/sobre\/#\/schema\/person\/0f8e5bcc88fbadf1bad57afd504f48a2","name":"Encontra Vit\u00f3ria","image":{"@type":"ImageObject","inLanguage":"pt-BR","@id":"https:\/\/www.encontravitoria.com.br\/sobre\/#\/schema\/person\/image\/","url":"https:\/\/secure.gravatar.com\/avatar\/507340682b8270222e1f208e23198b6ae7e2c6a1033ae84e99bc6bce4f82a387?s=96&d=mm&r=g","contentUrl":"https:\/\/secure.gravatar.com\/avatar\/507340682b8270222e1f208e23198b6ae7e2c6a1033ae84e99bc6bce4f82a387?s=96&d=mm&r=g","caption":"Encontra Vit\u00f3ria"},"sameAs":["http:\/\/www.encontravitoria.com.br"],"url":"https:\/\/www.encontravitoria.com.br\/sobre\/author\/evitoria\/"}]}},"_links":{"self":[{"href":"https:\/\/www.encontravitoria.com.br\/sobre\/wp-json\/wp\/v2\/posts\/1281","targetHints":{"allow":["GET"]}}],"collection":[{"href":"https:\/\/www.encontravitoria.com.br\/sobre\/wp-json\/wp\/v2\/posts"}],"about":[{"href":"https:\/\/www.encontravitoria.com.br\/sobre\/wp-json\/wp\/v2\/types\/post"}],"author":[{"embeddable":true,"href":"https:\/\/www.encontravitoria.com.br\/sobre\/wp-json\/wp\/v2\/users\/1"}],"replies":[{"embeddable":true,"href":"https:\/\/www.encontravitoria.com.br\/sobre\/wp-json\/wp\/v2\/comments?post=1281"}],"version-history":[{"count":0,"href":"https:\/\/www.encontravitoria.com.br\/sobre\/wp-json\/wp\/v2\/posts\/1281\/revisions"}],"wp:featuredmedia":[{"embeddable":true,"href":"https:\/\/www.encontravitoria.com.br\/sobre\/wp-json\/wp\/v2\/media\/1280"}],"wp:attachment":[{"href":"https:\/\/www.encontravitoria.com.br\/sobre\/wp-json\/wp\/v2\/media?parent=1281"}],"wp:term":[{"taxonomy":"category","embeddable":true,"href":"https:\/\/www.encontravitoria.com.br\/sobre\/wp-json\/wp\/v2\/categories?post=1281"},{"taxonomy":"post_tag","embeddable":true,"href":"https:\/\/www.encontravitoria.com.br\/sobre\/wp-json\/wp\/v2\/tags?post=1281"}],"curies":[{"name":"wp","href":"https:\/\/api.w.org\/{rel}","templated":true}]}}