{"id":1283,"date":"2026-03-05T16:29:53","date_gmt":"2026-03-05T16:29:53","guid":{"rendered":"https:\/\/www.encontravitoria.com.br\/sobre\/prefeitura-de-vitoria-nomeia-assistentes-de-educacao-infantil-para-atuarem-na-rede-municipal\/"},"modified":"2026-03-05T16:29:53","modified_gmt":"2026-03-05T16:29:53","slug":"prefeitura-de-vitoria-nomeia-assistentes-de-educacao-infantil-para-atuarem-na-rede-municipal","status":"publish","type":"post","link":"https:\/\/www.encontravitoria.com.br\/sobre\/prefeitura-de-vitoria-nomeia-assistentes-de-educacao-infantil-para-atuarem-na-rede-municipal\/","title":{"rendered":"Prefeitura de Vit\u00f3ria nomeia assistentes de Educa\u00e7\u00e3o Infantil para atuarem na rede municipal"},"content":{"rendered":"<div class=\"23ed37709e053b55400ee1990aeffe41\" data-index=\"1\" style=\"float: none; margin:0px;\">\n<!-- Anuncio display - global -->\r\n<ins class=\"adsbygoogle\"\r\n     style=\"display:block\"\r\n     data-ad-client=\"ca-pub-8585364105181520\"\r\n     data-ad-slot=\"8789329856\"\r\n     data-ad-format=\"auto\"\r\n     data-full-width-responsive=\"true\"><\/ins>\r\n<script>\r\n     (adsbygoogle = window.adsbygoogle || []).push({});\r\n<\/script>\n<\/div>\n<h2>O que Mudou com a Nomea\u00e7\u00e3o na Educa\u00e7\u00e3o Infantil<\/h2>\n<p>A recente nomea\u00e7\u00e3o de assistentes de Educa\u00e7\u00e3o Infantil pela Prefeitura de Vit\u00f3ria representa um passo importante para o aprimoramento do atendimento nas escolas da rede municipal. Essa a\u00e7\u00e3o visa preencher lacunas que existiam na educa\u00e7\u00e3o das crian\u00e7as, especialmente em um momento em que o cuidado e a forma\u00e7\u00e3o adequada na inf\u00e2ncia s\u00e3o mais necess\u00e1rios do que nunca. Os nomeados come\u00e7ar\u00e3o a atuar em diversas institui\u00e7\u00f5es de ensino, garantindo que as crian\u00e7as tenham acesso a servi\u00e7os educacionais de qualidade.<\/p>\n<h2>Processo Seletivo Simplificado: Como Funciona<\/h2>\n<p>O processo seletivo simplificado foi realizado para selecionar candidatos qualificados para a fun\u00e7\u00e3o de assistente de educa\u00e7\u00e3o infantil. As etapas do processo inclu\u00edram an\u00e1lise de curr\u00edculos e entrevistas, com foco em garantir que apenas os melhores profissionais fossem escolhidos. O resultado foi uma lista de candidatos aprovados, que foram convocados pela administra\u00e7\u00e3o p\u00fablica para esta importante fun\u00e7\u00e3o.<\/p>\n<h2>Import\u00e2ncia dos Assistentes de Educa\u00e7\u00e3o Infantil<\/h2>\n<p>Os assistentes de educa\u00e7\u00e3o infantil t\u00eam um papel fundamental dentro do ambiente escolar. Eles n\u00e3o apenas ajudam na supervision\u00e3o e atendimento \u00e0s crian\u00e7as, mas tamb\u00e9m colaboram com os educadores na implementa\u00e7\u00e3o de atividades pedag\u00f3gicas e no cuidado cotidiano. Com a presen\u00e7a desses profissionais, espera-se uma melhoria significativa no desenvolvimento das crian\u00e7as, promovendo um aprendizado mais l\u00fadico e eficaz.<\/p>\n<p><img decoding=\"async\" src=\"https:\/\/www.encontravitoria.com.br\/sobre\/wp-content\/uploads\/2026\/03\/prefeitura-de-vitoria-nomeia-assistentes-de-educacao-infantil-para-atuarem-na-rede-municipal.webp\" alt=\"assistentes de educa\u00e7\u00e3o infantil\" loading=\"lazy\" \/><\/p>\n<h2>Quando e Onde Apresentar a Documenta\u00e7\u00e3o<\/h2>\n<p>Os novos assistentes devem se apresentar no dia 9 de mar\u00e7o de 2026, na Ger\u00eancia de Recrutamento, Sele\u00e7\u00e3o e Registros, levando toda a documenta\u00e7\u00e3o solicitada, como o laudo m\u00e9dico admissional. \u00c9 importante que todos os documentos sejam entregues de maneira clara e leg\u00edvel, pois falhas nesse processo podem levar \u00e0 elimina\u00e7\u00e3o do candidato.<\/p>\n<h2>Direitos dos Nomeados e Contribui\u00e7\u00f5es na Educa\u00e7\u00e3o<\/h2>\n<p>Os assistentes de Educa\u00e7\u00e3o Infantil t\u00eam direitos assegurados, que incluem condi\u00e7\u00f5es de trabalho justas e a oportunidade de forma\u00e7\u00e3o continuada. Com a formaliza\u00e7\u00e3o do v\u00ednculo, esses profissionais poder\u00e3o contribuir diretamente para o desenvolvimento pedag\u00f3gico das crian\u00e7as, influenciando positivamente o aprendizado desde a mais tenra idade.<\/p>\n<h2>Desafios e Oportunidades para os Novos Assistentes<\/h2>\n<p>Embora a nomea\u00e7\u00e3o traga uma s\u00e9rie de benef\u00edcios, tamb\u00e9m existem desafios a serem enfrentados. A adapta\u00e7\u00e3o \u00e0s din\u00e2micas escolares e a constru\u00e7\u00e3o de rela\u00e7\u00f5es interpessoais com alunos e professores exigem um esfor\u00e7o cont\u00ednuo. Contudo, essa experi\u00eancia tamb\u00e9m oferece a oportunidade de crescimento pessoal e profissional, al\u00e9m de contribuir para a melhoria da educa\u00e7\u00e3o na cidade.<\/p>\n<h2>Impacto na Comunidade Educacional de Vit\u00f3ria<\/h2>\n<p>A presen\u00e7a desses profissionais na rede de ensino da capital capixaba n\u00e3o apenas facilitar\u00e1 a rotina escolar, mas tamb\u00e9m trar\u00e1 um impacto positivo na comunidade como um todo. Com uma educa\u00e7\u00e3o mais estruturada e assistida, espera-se que as crian\u00e7as consigam desenvolver-se de forma integral, o que resultar\u00e1 em cidad\u00e3os mais preparados para o futuro.<\/p>\n<h2>Pr\u00f3ximos Passos para a Valoriza\u00e7\u00e3o dos Profissionais<\/h2>\n<p>Com a conserva\u00e7\u00e3o da qualidade no ensino sendo a prioridade, a Prefeitura tem planos de implementar programas de capacita\u00e7\u00e3o cont\u00ednua para os assistentes de Educa\u00e7\u00e3o Infantil. Isso visa n\u00e3o apenas a forma\u00e7\u00e3o profissional, mas tamb\u00e9m a motiva\u00e7\u00e3o e a valoriza\u00e7\u00e3o desses profissionais, essenciais para o \u00eaxito educativo.<\/p>\n<h2>Mudan\u00e7as Esperadas na Rede Municipal de Ensino<\/h2>\n<p>Com a inclus\u00e3o de assistentes de educa\u00e7\u00e3o infantil em cada CMEI, uma transforma\u00e7\u00e3o significativa pode ser observada nas pr\u00e1ticas educativas. Espera-se uma maior intera\u00e7\u00e3o entre educadores e alunos, al\u00e9m de um ambiente mais acolhedor que favore\u00e7a n\u00e3o somente a aprendizagem, mas tamb\u00e9m o bem-estar das crian\u00e7as.<\/p>\n<h2>Como Acompanhar as Novas Convoca\u00e7\u00f5es na Educa\u00e7\u00e3o<\/h2>\n<p>Para os candidatos que ficaram em lista de espera ou n\u00e3o foram convocados nesta etapa, \u00e9 fundamental acompanhar as publica\u00e7\u00f5es oficiais no Di\u00e1rio Oficial do Munic\u00edpio e acessar frequentemente o portal da sele\u00e7\u00e3o. Essa \u00e9 a melhor maneira de se manter informado sobre novas oportunidades e garantir uma chance futura na educa\u00e7\u00e3o p\u00fablica.<\/p>\n\n<div style=\"font-size: 0px; height: 0px; line-height: 0px; margin: 0; padding: 0; clear: both;\"><\/div>","protected":false},"excerpt":{"rendered":"<p>Prefeitura de Vit\u00f3ria nomeia assistentes de Educa\u00e7\u00e3o Infantil para a rede municipal.<\/p>\n","protected":false},"author":1,"featured_media":1282,"comment_status":"open","ping_status":"closed","sticky":false,"template":"","format":"standard","meta":{"footnotes":""},"categories":[6],"tags":[],"class_list":["post-1283","post","type-post","status-publish","format-standard","has-post-thumbnail","hentry","category-noticias-em-vitoria","has_thumb"],"yoast_head":"<!-- This site is optimized with the Yoast SEO plugin v26.7 - https:\/\/yoast.com\/wordpress\/plugins\/seo\/ -->\n<title>Prefeitura de Vit\u00f3ria nomeia assistentes de Educa\u00e7\u00e3o Infantil para atuarem na rede municipal - Encontra Vit\u00f3ria<\/title>\n<meta name=\"robots\" content=\"index, follow, max-snippet:-1, max-image-preview:large, max-video-preview:-1\" \/>\n<link rel=\"canonical\" href=\"https:\/\/www.encontravitoria.com.br\/sobre\/prefeitura-de-vitoria-nomeia-assistentes-de-educacao-infantil-para-atuarem-na-rede-municipal\/\" \/>\n<meta property=\"og:locale\" content=\"pt_BR\" \/>\n<meta property=\"og:type\" content=\"article\" \/>\n<meta property=\"og:title\" content=\"Prefeitura de Vit\u00f3ria nomeia assistentes de Educa\u00e7\u00e3o Infantil para atuarem na rede municipal - Encontra Vit\u00f3ria\" \/>\n<meta property=\"og:description\" content=\"Prefeitura de Vit\u00f3ria nomeia assistentes de Educa\u00e7\u00e3o Infantil para a rede municipal.\" \/>\n<meta property=\"og:url\" content=\"https:\/\/www.encontravitoria.com.br\/sobre\/prefeitura-de-vitoria-nomeia-assistentes-de-educacao-infantil-para-atuarem-na-rede-municipal\/\" \/>\n<meta property=\"og:site_name\" content=\"Encontra Vit\u00f3ria\" \/>\n<meta property=\"article:published_time\" content=\"2026-03-05T16:29:53+00:00\" \/>\n<meta property=\"og:image\" content=\"https:\/\/www.encontravitoria.com.br\/sobre\/wp-content\/uploads\/2026\/03\/prefeitura-de-vitoria-nomeia-assistentes-de-educacao-infantil-para-atuarem-na-rede-municipal.webp\" \/>\n<meta name=\"author\" content=\"Encontra Vit\u00f3ria\" \/>\n<meta name=\"twitter:card\" content=\"summary_large_image\" \/>\n<meta name=\"twitter:label1\" content=\"Escrito por\" \/>\n\t<meta name=\"twitter:data1\" content=\"Encontra Vit\u00f3ria\" \/>\n\t<meta name=\"twitter:label2\" content=\"Est. tempo de leitura\" \/>\n\t<meta name=\"twitter:data2\" content=\"4 minutos\" \/>\n<script type=\"application\/ld+json\" class=\"yoast-schema-graph\">{\"@context\":\"https:\/\/schema.org\",\"@graph\":[{\"@type\":\"Article\",\"@id\":\"https:\/\/www.encontravitoria.com.br\/sobre\/prefeitura-de-vitoria-nomeia-assistentes-de-educacao-infantil-para-atuarem-na-rede-municipal\/#article\",\"isPartOf\":{\"@id\":\"https:\/\/www.encontravitoria.com.br\/sobre\/prefeitura-de-vitoria-nomeia-assistentes-de-educacao-infantil-para-atuarem-na-rede-municipal\/\"},\"author\":{\"name\":\"Encontra Vit\u00f3ria\",\"@id\":\"https:\/\/www.encontravitoria.com.br\/sobre\/#\/schema\/person\/0f8e5bcc88fbadf1bad57afd504f48a2\"},\"headline\":\"Prefeitura de Vit\u00f3ria nomeia assistentes de Educa\u00e7\u00e3o Infantil para atuarem na rede municipal\",\"datePublished\":\"2026-03-05T16:29:53+00:00\",\"mainEntityOfPage\":{\"@id\":\"https:\/\/www.encontravitoria.com.br\/sobre\/prefeitura-de-vitoria-nomeia-assistentes-de-educacao-infantil-para-atuarem-na-rede-municipal\/\"},\"wordCount\":731,\"commentCount\":0,\"image\":{\"@id\":\"https:\/\/www.encontravitoria.com.br\/sobre\/prefeitura-de-vitoria-nomeia-assistentes-de-educacao-infantil-para-atuarem-na-rede-municipal\/#primaryimage\"},\"thumbnailUrl\":\"https:\/\/www.encontravitoria.com.br\/sobre\/wp-content\/uploads\/2026\/03\/prefeitura-de-vitoria-nomeia-assistentes-de-educacao-infantil-para-atuarem-na-rede-municipal.webp\",\"articleSection\":[\"Not\u00edcias Vit\u00f3ria\"],\"inLanguage\":\"pt-BR\",\"potentialAction\":[{\"@type\":\"CommentAction\",\"name\":\"Comment\",\"target\":[\"https:\/\/www.encontravitoria.com.br\/sobre\/prefeitura-de-vitoria-nomeia-assistentes-de-educacao-infantil-para-atuarem-na-rede-municipal\/#respond\"]}]},{\"@type\":\"WebPage\",\"@id\":\"https:\/\/www.encontravitoria.com.br\/sobre\/prefeitura-de-vitoria-nomeia-assistentes-de-educacao-infantil-para-atuarem-na-rede-municipal\/\",\"url\":\"https:\/\/www.encontravitoria.com.br\/sobre\/prefeitura-de-vitoria-nomeia-assistentes-de-educacao-infantil-para-atuarem-na-rede-municipal\/\",\"name\":\"Prefeitura de Vit\u00f3ria nomeia assistentes de Educa\u00e7\u00e3o Infantil para atuarem na rede municipal - Encontra Vit\u00f3ria\",\"isPartOf\":{\"@id\":\"https:\/\/www.encontravitoria.com.br\/sobre\/#website\"},\"primaryImageOfPage\":{\"@id\":\"https:\/\/www.encontravitoria.com.br\/sobre\/prefeitura-de-vitoria-nomeia-assistentes-de-educacao-infantil-para-atuarem-na-rede-municipal\/#primaryimage\"},\"image\":{\"@id\":\"https:\/\/www.encontravitoria.com.br\/sobre\/prefeitura-de-vitoria-nomeia-assistentes-de-educacao-infantil-para-atuarem-na-rede-municipal\/#primaryimage\"},\"thumbnailUrl\":\"https:\/\/www.encontravitoria.com.br\/sobre\/wp-content\/uploads\/2026\/03\/prefeitura-de-vitoria-nomeia-assistentes-de-educacao-infantil-para-atuarem-na-rede-municipal.webp\",\"datePublished\":\"2026-03-05T16:29:53+00:00\",\"author\":{\"@id\":\"https:\/\/www.encontravitoria.com.br\/sobre\/#\/schema\/person\/0f8e5bcc88fbadf1bad57afd504f48a2\"},\"breadcrumb\":{\"@id\":\"https:\/\/www.encontravitoria.com.br\/sobre\/prefeitura-de-vitoria-nomeia-assistentes-de-educacao-infantil-para-atuarem-na-rede-municipal\/#breadcrumb\"},\"inLanguage\":\"pt-BR\",\"potentialAction\":[{\"@type\":\"ReadAction\",\"target\":[\"https:\/\/www.encontravitoria.com.br\/sobre\/prefeitura-de-vitoria-nomeia-assistentes-de-educacao-infantil-para-atuarem-na-rede-municipal\/\"]}]},{\"@type\":\"ImageObject\",\"inLanguage\":\"pt-BR\",\"@id\":\"https:\/\/www.encontravitoria.com.br\/sobre\/prefeitura-de-vitoria-nomeia-assistentes-de-educacao-infantil-para-atuarem-na-rede-municipal\/#primaryimage\",\"url\":\"https:\/\/www.encontravitoria.com.br\/sobre\/wp-content\/uploads\/2026\/03\/prefeitura-de-vitoria-nomeia-assistentes-de-educacao-infantil-para-atuarem-na-rede-municipal.webp\",\"contentUrl\":\"https:\/\/www.encontravitoria.com.br\/sobre\/wp-content\/uploads\/2026\/03\/prefeitura-de-vitoria-nomeia-assistentes-de-educacao-infantil-para-atuarem-na-rede-municipal.webp\",\"width\":280,\"height\":280,\"caption\":\"assistentes de educa\u00e7\u00e3o infantil\"},{\"@type\":\"BreadcrumbList\",\"@id\":\"https:\/\/www.encontravitoria.com.br\/sobre\/prefeitura-de-vitoria-nomeia-assistentes-de-educacao-infantil-para-atuarem-na-rede-municipal\/#breadcrumb\",\"itemListElement\":[{\"@type\":\"ListItem\",\"position\":1,\"name\":\"In\u00edcio\",\"item\":\"https:\/\/www.encontravitoria.com.br\/sobre\/\"},{\"@type\":\"ListItem\",\"position\":2,\"name\":\"Prefeitura de Vit\u00f3ria nomeia assistentes de Educa\u00e7\u00e3o Infantil para atuarem na rede municipal\"}]},{\"@type\":\"WebSite\",\"@id\":\"https:\/\/www.encontravitoria.com.br\/sobre\/#website\",\"url\":\"https:\/\/www.encontravitoria.com.br\/sobre\/\",\"name\":\"Encontra Vit\u00f3ria\",\"description\":\"Not\u00edcias, eventos, informa\u00e7\u00f5es e dicas na cidade Vit\u00f3ria e regi\u00e3o.\",\"potentialAction\":[{\"@type\":\"SearchAction\",\"target\":{\"@type\":\"EntryPoint\",\"urlTemplate\":\"https:\/\/www.encontravitoria.com.br\/sobre\/?s={search_term_string}\"},\"query-input\":{\"@type\":\"PropertyValueSpecification\",\"valueRequired\":true,\"valueName\":\"search_term_string\"}}],\"inLanguage\":\"pt-BR\"},{\"@type\":\"Person\",\"@id\":\"https:\/\/www.encontravitoria.com.br\/sobre\/#\/schema\/person\/0f8e5bcc88fbadf1bad57afd504f48a2\",\"name\":\"Encontra Vit\u00f3ria\",\"image\":{\"@type\":\"ImageObject\",\"inLanguage\":\"pt-BR\",\"@id\":\"https:\/\/www.encontravitoria.com.br\/sobre\/#\/schema\/person\/image\/\",\"url\":\"https:\/\/secure.gravatar.com\/avatar\/507340682b8270222e1f208e23198b6ae7e2c6a1033ae84e99bc6bce4f82a387?s=96&d=mm&r=g\",\"contentUrl\":\"https:\/\/secure.gravatar.com\/avatar\/507340682b8270222e1f208e23198b6ae7e2c6a1033ae84e99bc6bce4f82a387?s=96&d=mm&r=g\",\"caption\":\"Encontra Vit\u00f3ria\"},\"sameAs\":[\"http:\/\/www.encontravitoria.com.br\"],\"url\":\"https:\/\/www.encontravitoria.com.br\/sobre\/author\/evitoria\/\"}]}<\/script>\n<!-- \/ Yoast SEO plugin. -->","yoast_head_json":{"title":"Prefeitura de Vit\u00f3ria nomeia assistentes de Educa\u00e7\u00e3o Infantil para atuarem na rede municipal - Encontra Vit\u00f3ria","robots":{"index":"index","follow":"follow","max-snippet":"max-snippet:-1","max-image-preview":"max-image-preview:large","max-video-preview":"max-video-preview:-1"},"canonical":"https:\/\/www.encontravitoria.com.br\/sobre\/prefeitura-de-vitoria-nomeia-assistentes-de-educacao-infantil-para-atuarem-na-rede-municipal\/","og_locale":"pt_BR","og_type":"article","og_title":"Prefeitura de Vit\u00f3ria nomeia assistentes de Educa\u00e7\u00e3o Infantil para atuarem na rede municipal - Encontra Vit\u00f3ria","og_description":"Prefeitura de Vit\u00f3ria nomeia assistentes de Educa\u00e7\u00e3o Infantil para a rede municipal.","og_url":"https:\/\/www.encontravitoria.com.br\/sobre\/prefeitura-de-vitoria-nomeia-assistentes-de-educacao-infantil-para-atuarem-na-rede-municipal\/","og_site_name":"Encontra Vit\u00f3ria","article_published_time":"2026-03-05T16:29:53+00:00","og_image":[{"url":"https:\/\/www.encontravitoria.com.br\/sobre\/wp-content\/uploads\/2026\/03\/prefeitura-de-vitoria-nomeia-assistentes-de-educacao-infantil-para-atuarem-na-rede-municipal.webp","type":"","width":"","height":""}],"author":"Encontra Vit\u00f3ria","twitter_card":"summary_large_image","twitter_misc":{"Escrito por":"Encontra Vit\u00f3ria","Est. tempo de leitura":"4 minutos"},"schema":{"@context":"https:\/\/schema.org","@graph":[{"@type":"Article","@id":"https:\/\/www.encontravitoria.com.br\/sobre\/prefeitura-de-vitoria-nomeia-assistentes-de-educacao-infantil-para-atuarem-na-rede-municipal\/#article","isPartOf":{"@id":"https:\/\/www.encontravitoria.com.br\/sobre\/prefeitura-de-vitoria-nomeia-assistentes-de-educacao-infantil-para-atuarem-na-rede-municipal\/"},"author":{"name":"Encontra Vit\u00f3ria","@id":"https:\/\/www.encontravitoria.com.br\/sobre\/#\/schema\/person\/0f8e5bcc88fbadf1bad57afd504f48a2"},"headline":"Prefeitura de Vit\u00f3ria nomeia assistentes de Educa\u00e7\u00e3o Infantil para atuarem na rede municipal","datePublished":"2026-03-05T16:29:53+00:00","mainEntityOfPage":{"@id":"https:\/\/www.encontravitoria.com.br\/sobre\/prefeitura-de-vitoria-nomeia-assistentes-de-educacao-infantil-para-atuarem-na-rede-municipal\/"},"wordCount":731,"commentCount":0,"image":{"@id":"https:\/\/www.encontravitoria.com.br\/sobre\/prefeitura-de-vitoria-nomeia-assistentes-de-educacao-infantil-para-atuarem-na-rede-municipal\/#primaryimage"},"thumbnailUrl":"https:\/\/www.encontravitoria.com.br\/sobre\/wp-content\/uploads\/2026\/03\/prefeitura-de-vitoria-nomeia-assistentes-de-educacao-infantil-para-atuarem-na-rede-municipal.webp","articleSection":["Not\u00edcias Vit\u00f3ria"],"inLanguage":"pt-BR","potentialAction":[{"@type":"CommentAction","name":"Comment","target":["https:\/\/www.encontravitoria.com.br\/sobre\/prefeitura-de-vitoria-nomeia-assistentes-de-educacao-infantil-para-atuarem-na-rede-municipal\/#respond"]}]},{"@type":"WebPage","@id":"https:\/\/www.encontravitoria.com.br\/sobre\/prefeitura-de-vitoria-nomeia-assistentes-de-educacao-infantil-para-atuarem-na-rede-municipal\/","url":"https:\/\/www.encontravitoria.com.br\/sobre\/prefeitura-de-vitoria-nomeia-assistentes-de-educacao-infantil-para-atuarem-na-rede-municipal\/","name":"Prefeitura de Vit\u00f3ria nomeia assistentes de Educa\u00e7\u00e3o Infantil para atuarem na rede municipal - Encontra Vit\u00f3ria","isPartOf":{"@id":"https:\/\/www.encontravitoria.com.br\/sobre\/#website"},"primaryImageOfPage":{"@id":"https:\/\/www.encontravitoria.com.br\/sobre\/prefeitura-de-vitoria-nomeia-assistentes-de-educacao-infantil-para-atuarem-na-rede-municipal\/#primaryimage"},"image":{"@id":"https:\/\/www.encontravitoria.com.br\/sobre\/prefeitura-de-vitoria-nomeia-assistentes-de-educacao-infantil-para-atuarem-na-rede-municipal\/#primaryimage"},"thumbnailUrl":"https:\/\/www.encontravitoria.com.br\/sobre\/wp-content\/uploads\/2026\/03\/prefeitura-de-vitoria-nomeia-assistentes-de-educacao-infantil-para-atuarem-na-rede-municipal.webp","datePublished":"2026-03-05T16:29:53+00:00","author":{"@id":"https:\/\/www.encontravitoria.com.br\/sobre\/#\/schema\/person\/0f8e5bcc88fbadf1bad57afd504f48a2"},"breadcrumb":{"@id":"https:\/\/www.encontravitoria.com.br\/sobre\/prefeitura-de-vitoria-nomeia-assistentes-de-educacao-infantil-para-atuarem-na-rede-municipal\/#breadcrumb"},"inLanguage":"pt-BR","potentialAction":[{"@type":"ReadAction","target":["https:\/\/www.encontravitoria.com.br\/sobre\/prefeitura-de-vitoria-nomeia-assistentes-de-educacao-infantil-para-atuarem-na-rede-municipal\/"]}]},{"@type":"ImageObject","inLanguage":"pt-BR","@id":"https:\/\/www.encontravitoria.com.br\/sobre\/prefeitura-de-vitoria-nomeia-assistentes-de-educacao-infantil-para-atuarem-na-rede-municipal\/#primaryimage","url":"https:\/\/www.encontravitoria.com.br\/sobre\/wp-content\/uploads\/2026\/03\/prefeitura-de-vitoria-nomeia-assistentes-de-educacao-infantil-para-atuarem-na-rede-municipal.webp","contentUrl":"https:\/\/www.encontravitoria.com.br\/sobre\/wp-content\/uploads\/2026\/03\/prefeitura-de-vitoria-nomeia-assistentes-de-educacao-infantil-para-atuarem-na-rede-municipal.webp","width":280,"height":280,"caption":"assistentes de educa\u00e7\u00e3o infantil"},{"@type":"BreadcrumbList","@id":"https:\/\/www.encontravitoria.com.br\/sobre\/prefeitura-de-vitoria-nomeia-assistentes-de-educacao-infantil-para-atuarem-na-rede-municipal\/#breadcrumb","itemListElement":[{"@type":"ListItem","position":1,"name":"In\u00edcio","item":"https:\/\/www.encontravitoria.com.br\/sobre\/"},{"@type":"ListItem","position":2,"name":"Prefeitura de Vit\u00f3ria nomeia assistentes de Educa\u00e7\u00e3o Infantil para atuarem na rede municipal"}]},{"@type":"WebSite","@id":"https:\/\/www.encontravitoria.com.br\/sobre\/#website","url":"https:\/\/www.encontravitoria.com.br\/sobre\/","name":"Encontra Vit\u00f3ria","description":"Not\u00edcias, eventos, informa\u00e7\u00f5es e dicas na cidade Vit\u00f3ria e regi\u00e3o.","potentialAction":[{"@type":"SearchAction","target":{"@type":"EntryPoint","urlTemplate":"https:\/\/www.encontravitoria.com.br\/sobre\/?s={search_term_string}"},"query-input":{"@type":"PropertyValueSpecification","valueRequired":true,"valueName":"search_term_string"}}],"inLanguage":"pt-BR"},{"@type":"Person","@id":"https:\/\/www.encontravitoria.com.br\/sobre\/#\/schema\/person\/0f8e5bcc88fbadf1bad57afd504f48a2","name":"Encontra Vit\u00f3ria","image":{"@type":"ImageObject","inLanguage":"pt-BR","@id":"https:\/\/www.encontravitoria.com.br\/sobre\/#\/schema\/person\/image\/","url":"https:\/\/secure.gravatar.com\/avatar\/507340682b8270222e1f208e23198b6ae7e2c6a1033ae84e99bc6bce4f82a387?s=96&d=mm&r=g","contentUrl":"https:\/\/secure.gravatar.com\/avatar\/507340682b8270222e1f208e23198b6ae7e2c6a1033ae84e99bc6bce4f82a387?s=96&d=mm&r=g","caption":"Encontra Vit\u00f3ria"},"sameAs":["http:\/\/www.encontravitoria.com.br"],"url":"https:\/\/www.encontravitoria.com.br\/sobre\/author\/evitoria\/"}]}},"_links":{"self":[{"href":"https:\/\/www.encontravitoria.com.br\/sobre\/wp-json\/wp\/v2\/posts\/1283","targetHints":{"allow":["GET"]}}],"collection":[{"href":"https:\/\/www.encontravitoria.com.br\/sobre\/wp-json\/wp\/v2\/posts"}],"about":[{"href":"https:\/\/www.encontravitoria.com.br\/sobre\/wp-json\/wp\/v2\/types\/post"}],"author":[{"embeddable":true,"href":"https:\/\/www.encontravitoria.com.br\/sobre\/wp-json\/wp\/v2\/users\/1"}],"replies":[{"embeddable":true,"href":"https:\/\/www.encontravitoria.com.br\/sobre\/wp-json\/wp\/v2\/comments?post=1283"}],"version-history":[{"count":0,"href":"https:\/\/www.encontravitoria.com.br\/sobre\/wp-json\/wp\/v2\/posts\/1283\/revisions"}],"wp:featuredmedia":[{"embeddable":true,"href":"https:\/\/www.encontravitoria.com.br\/sobre\/wp-json\/wp\/v2\/media\/1282"}],"wp:attachment":[{"href":"https:\/\/www.encontravitoria.com.br\/sobre\/wp-json\/wp\/v2\/media?parent=1283"}],"wp:term":[{"taxonomy":"category","embeddable":true,"href":"https:\/\/www.encontravitoria.com.br\/sobre\/wp-json\/wp\/v2\/categories?post=1283"},{"taxonomy":"post_tag","embeddable":true,"href":"https:\/\/www.encontravitoria.com.br\/sobre\/wp-json\/wp\/v2\/tags?post=1283"}],"curies":[{"name":"wp","href":"https:\/\/api.w.org\/{rel}","templated":true}]}}